{"id":132567,"date":"2022-08-01T15:52:23","date_gmt":"2022-08-01T20:52:23","guid":{"rendered":"https:\/\/centrourbano.com\/?p=132567"},"modified":"2022-08-02T15:57:08","modified_gmt":"2022-08-02T20:57:08","slug":"canadevi-un-esfuerzo-que-inicio-hace-40-anos","status":"publish","type":"post","link":"https:\/\/centrourbano.com\/revista\/publicaciones\/revista-vivienda\/canadevi-un-esfuerzo-que-inicio-hace-40-anos\/","title":{"rendered":"Canadevi, un esfuerzo que inici\u00f3 hace 40 a\u00f1os"},"content":{"rendered":"<p><em>Dos d\u00e9cadas antes de la creaci\u00f3n formal de Canadevi, los esfuerzos para agrupar al sector vivienda comenzaron, lo que permiti\u00f3 a los desarrolladores de vivienda iniciar con el trabajo para sumar esfuerzos en pro de la industria\u00a0<\/em><!--more--><\/p>\n<p>En exclusiva para Revista Vivienda, el expresidente de Provivac, hoy, la C\u00e1mara Nacional de la Industria de Desarrollo y Promoci\u00f3n de Vivienda (Canadevi), Salvador Ibarra \u00c1lvarez del Castillo, narr\u00f3 la historia de la construcci\u00f3n de este organismo empresarial. Sobre todo, dio un panorama de lo que represent\u00f3 el camino para la creaci\u00f3n de la C\u00e1mara de la Vivienda.<\/p>\n<p>Dentro de la narrativa, el empresario mencion\u00f3 que en los a\u00f1os 80 exist\u00edan instituciones dedicadas a la construcci\u00f3n de vivienda social que eran \u00fanicamente locales. En los ejemplos cit\u00f3 Jalisco y Monterrey, que contaban con organizaciones que luchaban por la construcci\u00f3n de vivienda digna para los mexicanos.<\/p>\n<blockquote><p>\u201cEn 1986, Adivac, Ajiprovi e Ivac establecieron las bases para la constituci\u00f3n de lo que hoy conocemos como Canadevi. En ese tiempo, se tom\u00f3 el acuerdo de que la Presidencia de la C\u00e1mara se renovar\u00e1 cada dos a\u00f1os. Y, se nombr\u00f3 como primer presidente a Carlos Tapia\u201d, record\u00f3.<\/p><\/blockquote>\n<p>En este marco, destac\u00f3 que los desarrolladores de vivienda de inter\u00e9s social, se reunieron dos a\u00f1os m\u00e1s tarde en Guadalajara, Jalisco, lugar donde se realizar\u00eda el primer Encuentro de Vivienda, dentro del reci\u00e9n inaugurado Club Atlas.<\/p>\n<p>Por otro lado, Salvador Ibarra coment\u00f3 que al inicio de los 90 se suscit\u00f3 el incidente del Fondo Bancario de Protecci\u00f3n al Ahorro (Fobaproa), el cual dejar\u00eda a los bancos mexicanos en bancarrota, los cuales fueron tomados por empresas extranjeras.<\/p>\n<p>Con esta situaci\u00f3n, puntualiz\u00f3, surgieron los bancos que se conocen hoy en d\u00eda, instituciones que ofrecen cr\u00e9ditos hipotecarios. Y a la par, son salvaguardas de los desarrolladores inmobiliarios a trav\u00e9s de los cr\u00e9ditos puente.<\/p>\n<p>El empresario, record\u00f3 tambi\u00e9n que en esta d\u00e9cada, el Instituto del Fondo Nacional de la Vivienda (Infonavit) dio un giro en su operaci\u00f3n. Con esta decisi\u00f3n, pas\u00f3 de ser un organismo que constru\u00eda, a ser un jugador centrado en el tema de cr\u00e9ditos de vivienda para trabajadores.<\/p>\n<p>En los albores del nuevo milenio, Salvador Ibarra se\u00f1al\u00f3 que comenz\u00f3 la inquietud por parte de los empresarios de la vivienda para evolucionar a Provivac, y convertir a la Asociaci\u00f3n en una C\u00e1mara Empresarial. Con este hecho, inici\u00f3 el movimiento para consolidar la idea a finales de 1999, la cual se har\u00eda realidad con la llegada del presidente Vicente Fox Quesada.<\/p>\n<blockquote><p>\u201cLos que fuimos presidentes de Provivac tenemos conocimiento de lo que sucede en la industria de la vivienda, ya que formamos parte del Consejo Consultivo de Canadevi. Por lo cual, considero que el manejo de la industria es fruct\u00edfero y honesto de parte de todos los involucrados en la C\u00e1mara\u201d, finaliz\u00f3 Salvador Ibarra \u00c1lvarez del Castillo.<\/p><\/blockquote>\n","protected":false},"excerpt":{"rendered":"<p>Dos d\u00e9cadas antes de la creaci\u00f3n formal de Canadevi, los esfuerzos para agrupar al sector vivienda comenzaron, lo que permiti\u00f3 a los desarrolladores de vivienda iniciar con el trabajo para sumar esfuerzos en pro de la industria\u00a0<\/p>\n","protected":false},"author":80,"featured_media":132568,"comment_status":"open","ping_status":"closed","sticky":false,"template":"","format":"standard","meta":{"om_disable_all_campaigns":false,"inline_featured_image":false,"_monsterinsights_skip_tracking":false,"_monsterinsights_sitenote_active":false,"_monsterinsights_sitenote_note":"","_monsterinsights_sitenote_category":0,"footnotes":""},"categories":[7860],"tags":[21783,19654,99],"class_list":["post-132567","post","type-post","status-publish","format-standard","has-post-thumbnail","hentry","category-revista-vivienda","tag-acceso-a-la-vivienda","tag-acciones-para-la-vivienda","tag-canadevi"],"yoast_head":"<!-- This site is optimized with the Yoast SEO plugin v27.5 - https:\/\/yoast.com\/product\/yoast-seo-wordpress\/ -->\n<title>Canadevi, un esfuerzo que inici\u00f3 hace 40 a\u00f1os<\/title>\n<meta name=\"description\" content=\"Dos d\u00e9cadas antes de la creaci\u00f3n formal de Canadevi, los esfuerzos para agrupar al sector vivienda comenzaron, lo que permiti\u00f3 a los desarrolladores de vivienda iniciar con el trabajo para sumar esfuerzos en pro de la industria\" \/>\n<meta name=\"robots\" content=\"index, follow, max-snippet:-1, max-image-preview:large, max-video-preview:-1\" \/>\n<link rel=\"canonical\" href=\"https:\/\/centrourbano.com\/revista\/publicaciones\/revista-vivienda\/canadevi-un-esfuerzo-que-inicio-hace-40-anos\/\" \/>\n<meta property=\"og:locale\" content=\"es_ES\" \/>\n<meta property=\"og:type\" content=\"article\" \/>\n<meta property=\"og:title\" content=\"Canadevi, un esfuerzo que inici\u00f3 hace 40 a\u00f1os\" \/>\n<meta property=\"og:description\" content=\"Dos d\u00e9cadas antes de la creaci\u00f3n formal de Canadevi, los esfuerzos para agrupar al sector vivienda comenzaron, lo que permiti\u00f3 a los desarrolladores de vivienda iniciar con el trabajo para sumar esfuerzos en pro de la industria\" \/>\n<meta property=\"og:url\" content=\"https:\/\/centrourbano.com\/revista\/publicaciones\/revista-vivienda\/canadevi-un-esfuerzo-que-inicio-hace-40-anos\/\" \/>\n<meta property=\"og:site_name\" content=\"Centro Urbano\" \/>\n<meta property=\"article:publisher\" content=\"https:\/\/www.facebook.com\/portalcentrourbano\" \/>\n<meta property=\"article:published_time\" content=\"2022-08-01T20:52:23+00:00\" \/>\n<meta property=\"article:modified_time\" content=\"2022-08-02T20:57:08+00:00\" \/>\n<meta property=\"og:image\" content=\"https:\/\/centrourbano.com\/revista\/wp-content\/uploads\/IMG_8510-scaled.jpg\" \/>\n\t<meta property=\"og:image:width\" content=\"2560\" \/>\n\t<meta property=\"og:image:height\" content=\"2560\" \/>\n\t<meta property=\"og:image:type\" content=\"image\/jpeg\" \/>\n<meta name=\"author\" content=\"Jackeline Valle\" \/>\n<meta name=\"twitter:card\" content=\"summary_large_image\" \/>\n<meta name=\"twitter:creator\" content=\"@CentroUrbano\" \/>\n<meta name=\"twitter:site\" content=\"@CentroUrbano\" \/>\n<meta name=\"twitter:label1\" content=\"Escrito por\" \/>\n\t<meta name=\"twitter:data1\" content=\"Jackeline Valle\" \/>\n\t<meta name=\"twitter:label2\" content=\"Tiempo de lectura\" \/>\n\t<meta name=\"twitter:data2\" content=\"2 minutos\" \/>\n<script type=\"application\/ld+json\" class=\"yoast-schema-graph\">{\"@context\":\"https:\\\/\\\/schema.org\",\"@graph\":[{\"@type\":\"Article\",\"@id\":\"https:\\\/\\\/centrourbano.com\\\/revista\\\/publicaciones\\\/revista-vivienda\\\/canadevi-un-esfuerzo-que-inicio-hace-40-anos\\\/#article\",\"isPartOf\":{\"@id\":\"https:\\\/\\\/centrourbano.com\\\/revista\\\/publicaciones\\\/revista-vivienda\\\/canadevi-un-esfuerzo-que-inicio-hace-40-anos\\\/\"},\"author\":{\"name\":\"Jackeline Valle\",\"@id\":\"https:\\\/\\\/centrourbano.com\\\/revista\\\/#\\\/schema\\\/person\\\/1fb150d566fcd0facc2cddffbb96d1f1\"},\"headline\":\"Canadevi, un esfuerzo que inici\u00f3 hace 40 a\u00f1os\",\"datePublished\":\"2022-08-01T20:52:23+00:00\",\"dateModified\":\"2022-08-02T20:57:08+00:00\",\"mainEntityOfPage\":{\"@id\":\"https:\\\/\\\/centrourbano.com\\\/revista\\\/publicaciones\\\/revista-vivienda\\\/canadevi-un-esfuerzo-que-inicio-hace-40-anos\\\/\"},\"wordCount\":506,\"commentCount\":0,\"publisher\":{\"@id\":\"https:\\\/\\\/centrourbano.com\\\/revista\\\/#organization\"},\"image\":{\"@id\":\"https:\\\/\\\/centrourbano.com\\\/revista\\\/publicaciones\\\/revista-vivienda\\\/canadevi-un-esfuerzo-que-inicio-hace-40-anos\\\/#primaryimage\"},\"thumbnailUrl\":\"https:\\\/\\\/centrourbano.com\\\/revista\\\/wp-content\\\/uploads\\\/IMG_8510-scaled.jpg\",\"keywords\":[\"Acceso a la vivienda\",\"acciones para la vivienda\",\"Canadevi\"],\"articleSection\":[\"Revista Vivienda\"],\"inLanguage\":\"es\",\"potentialAction\":[{\"@type\":\"CommentAction\",\"name\":\"Comment\",\"target\":[\"https:\\\/\\\/centrourbano.com\\\/revista\\\/publicaciones\\\/revista-vivienda\\\/canadevi-un-esfuerzo-que-inicio-hace-40-anos\\\/#respond\"]}]},{\"@type\":\"WebPage\",\"@id\":\"https:\\\/\\\/centrourbano.com\\\/revista\\\/publicaciones\\\/revista-vivienda\\\/canadevi-un-esfuerzo-que-inicio-hace-40-anos\\\/\",\"url\":\"https:\\\/\\\/centrourbano.com\\\/revista\\\/publicaciones\\\/revista-vivienda\\\/canadevi-un-esfuerzo-que-inicio-hace-40-anos\\\/\",\"name\":\"Canadevi, un esfuerzo que inici\u00f3 hace 40 a\u00f1os\",\"isPartOf\":{\"@id\":\"https:\\\/\\\/centrourbano.com\\\/revista\\\/#website\"},\"primaryImageOfPage\":{\"@id\":\"https:\\\/\\\/centrourbano.com\\\/revista\\\/publicaciones\\\/revista-vivienda\\\/canadevi-un-esfuerzo-que-inicio-hace-40-anos\\\/#primaryimage\"},\"image\":{\"@id\":\"https:\\\/\\\/centrourbano.com\\\/revista\\\/publicaciones\\\/revista-vivienda\\\/canadevi-un-esfuerzo-que-inicio-hace-40-anos\\\/#primaryimage\"},\"thumbnailUrl\":\"https:\\\/\\\/centrourbano.com\\\/revista\\\/wp-content\\\/uploads\\\/IMG_8510-scaled.jpg\",\"datePublished\":\"2022-08-01T20:52:23+00:00\",\"dateModified\":\"2022-08-02T20:57:08+00:00\",\"description\":\"Dos d\u00e9cadas antes de la creaci\u00f3n formal de Canadevi, los esfuerzos para agrupar al sector vivienda comenzaron, lo que permiti\u00f3 a los desarrolladores de vivienda iniciar con el trabajo para sumar esfuerzos en pro de la industria\",\"breadcrumb\":{\"@id\":\"https:\\\/\\\/centrourbano.com\\\/revista\\\/publicaciones\\\/revista-vivienda\\\/canadevi-un-esfuerzo-que-inicio-hace-40-anos\\\/#breadcrumb\"},\"inLanguage\":\"es\",\"potentialAction\":[{\"@type\":\"ReadAction\",\"target\":[\"https:\\\/\\\/centrourbano.com\\\/revista\\\/publicaciones\\\/revista-vivienda\\\/canadevi-un-esfuerzo-que-inicio-hace-40-anos\\\/\"]}]},{\"@type\":\"ImageObject\",\"inLanguage\":\"es\",\"@id\":\"https:\\\/\\\/centrourbano.com\\\/revista\\\/publicaciones\\\/revista-vivienda\\\/canadevi-un-esfuerzo-que-inicio-hace-40-anos\\\/#primaryimage\",\"url\":\"https:\\\/\\\/centrourbano.com\\\/revista\\\/wp-content\\\/uploads\\\/IMG_8510-scaled.jpg\",\"contentUrl\":\"https:\\\/\\\/centrourbano.com\\\/revista\\\/wp-content\\\/uploads\\\/IMG_8510-scaled.jpg\",\"width\":2560,\"height\":2560,\"caption\":\"os d\u00e9cadas antes de la creaci\u00f3n formal de Canadevi, los esfuerzos para agrupar al sector vivienda comenzaron, lo que permiti\u00f3 a los desarrolladores de vivienda iniciar con el trabajo para sumar esfuerzos en pro de la industria\"},{\"@type\":\"BreadcrumbList\",\"@id\":\"https:\\\/\\\/centrourbano.com\\\/revista\\\/publicaciones\\\/revista-vivienda\\\/canadevi-un-esfuerzo-que-inicio-hace-40-anos\\\/#breadcrumb\",\"itemListElement\":[{\"@type\":\"ListItem\",\"position\":1,\"name\":\"Portada\",\"item\":\"https:\\\/\\\/centrourbano.com\\\/revista\\\/\"},{\"@type\":\"ListItem\",\"position\":2,\"name\":\"Canadevi, un esfuerzo que inici\u00f3 hace 40 a\u00f1os\"}]},{\"@type\":\"WebSite\",\"@id\":\"https:\\\/\\\/centrourbano.com\\\/revista\\\/#website\",\"url\":\"https:\\\/\\\/centrourbano.com\\\/revista\\\/\",\"name\":\"Centro Urbano\",\"description\":\"Medio especializado en los sectores vivienda, inmobiliario, construcci\u00f3n, arquitectura y urbanismo.\",\"publisher\":{\"@id\":\"https:\\\/\\\/centrourbano.com\\\/revista\\\/#organization\"},\"potentialAction\":[{\"@type\":\"SearchAction\",\"target\":{\"@type\":\"EntryPoint\",\"urlTemplate\":\"https:\\\/\\\/centrourbano.com\\\/revista\\\/?s={search_term_string}\"},\"query-input\":{\"@type\":\"PropertyValueSpecification\",\"valueRequired\":true,\"valueName\":\"search_term_string\"}}],\"inLanguage\":\"es\"},{\"@type\":\"Organization\",\"@id\":\"https:\\\/\\\/centrourbano.com\\\/revista\\\/#organization\",\"name\":\"Centro Urbano\",\"url\":\"https:\\\/\\\/centrourbano.com\\\/revista\\\/\",\"logo\":{\"@type\":\"ImageObject\",\"inLanguage\":\"es\",\"@id\":\"https:\\\/\\\/centrourbano.com\\\/revista\\\/#\\\/schema\\\/logo\\\/image\\\/\",\"url\":\"https:\\\/\\\/centrourbano.com\\\/revista\\\/wp-content\\\/uploads\\\/web_CU_logo-1.png\",\"contentUrl\":\"https:\\\/\\\/centrourbano.com\\\/revista\\\/wp-content\\\/uploads\\\/web_CU_logo-1.png\",\"width\":350,\"height\":91,\"caption\":\"Centro Urbano\"},\"image\":{\"@id\":\"https:\\\/\\\/centrourbano.com\\\/revista\\\/#\\\/schema\\\/logo\\\/image\\\/\"},\"sameAs\":[\"https:\\\/\\\/www.facebook.com\\\/portalcentrourbano\",\"https:\\\/\\\/x.com\\\/CentroUrbano\",\"https:\\\/\\\/www.instagram.com\\\/centro_urbano\\\/\",\"https:\\\/\\\/www.linkedin.com\\\/company\\\/centro-urbano\\\/\",\"http:\\\/\\\/www.youtube.com\\\/user\\\/portalcentrourbano\"]},{\"@type\":\"Person\",\"@id\":\"https:\\\/\\\/centrourbano.com\\\/revista\\\/#\\\/schema\\\/person\\\/1fb150d566fcd0facc2cddffbb96d1f1\",\"name\":\"Jackeline Valle\",\"image\":{\"@type\":\"ImageObject\",\"inLanguage\":\"es\",\"@id\":\"https:\\\/\\\/secure.gravatar.com\\\/avatar\\\/6dfa6899b228d3621bbf2fb01332e7e4b7afc7cd1374760becdb163b7f5436dd?s=96&d=mm&r=g\",\"url\":\"https:\\\/\\\/secure.gravatar.com\\\/avatar\\\/6dfa6899b228d3621bbf2fb01332e7e4b7afc7cd1374760becdb163b7f5436dd?s=96&d=mm&r=g\",\"contentUrl\":\"https:\\\/\\\/secure.gravatar.com\\\/avatar\\\/6dfa6899b228d3621bbf2fb01332e7e4b7afc7cd1374760becdb163b7f5436dd?s=96&d=mm&r=g\",\"caption\":\"Jackeline Valle\"},\"description\":\"Reportera en Centro Urbano. Egresada de la Licenciatura en Comunicaci\u00f3n y Cultura por la Universidad Aut\u00f3noma de la Ciudad de M\u00e9xico (UACM). Interesada en cine y la cultura. Apasionada de los deportes electr\u00f3nicos y el desarrollo de medios audiovisuales.\",\"url\":\"https:\\\/\\\/centrourbano.com\\\/revista\\\/author\\\/jackeline-valle\\\/\"}]}<\/script>\n<!-- \/ Yoast SEO plugin. -->","yoast_head_json":{"title":"Canadevi, un esfuerzo que inici\u00f3 hace 40 a\u00f1os","description":"Dos d\u00e9cadas antes de la creaci\u00f3n formal de Canadevi, los esfuerzos para agrupar al sector vivienda comenzaron, lo que permiti\u00f3 a los desarrolladores de vivienda iniciar con el trabajo para sumar esfuerzos en pro de la industria","robots":{"index":"index","follow":"follow","max-snippet":"max-snippet:-1","max-image-preview":"max-image-preview:large","max-video-preview":"max-video-preview:-1"},"canonical":"https:\/\/centrourbano.com\/revista\/publicaciones\/revista-vivienda\/canadevi-un-esfuerzo-que-inicio-hace-40-anos\/","og_locale":"es_ES","og_type":"article","og_title":"Canadevi, un esfuerzo que inici\u00f3 hace 40 a\u00f1os","og_description":"Dos d\u00e9cadas antes de la creaci\u00f3n formal de Canadevi, los esfuerzos para agrupar al sector vivienda comenzaron, lo que permiti\u00f3 a los desarrolladores de vivienda iniciar con el trabajo para sumar esfuerzos en pro de la industria","og_url":"https:\/\/centrourbano.com\/revista\/publicaciones\/revista-vivienda\/canadevi-un-esfuerzo-que-inicio-hace-40-anos\/","og_site_name":"Centro Urbano","article_publisher":"https:\/\/www.facebook.com\/portalcentrourbano","article_published_time":"2022-08-01T20:52:23+00:00","article_modified_time":"2022-08-02T20:57:08+00:00","og_image":[{"width":2560,"height":2560,"url":"https:\/\/centrourbano.com\/revista\/wp-content\/uploads\/IMG_8510-scaled.jpg","type":"image\/jpeg"}],"author":"Jackeline Valle","twitter_card":"summary_large_image","twitter_creator":"@CentroUrbano","twitter_site":"@CentroUrbano","twitter_misc":{"Escrito por":"Jackeline Valle","Tiempo de lectura":"2 minutos"},"schema":{"@context":"https:\/\/schema.org","@graph":[{"@type":"Article","@id":"https:\/\/centrourbano.com\/revista\/publicaciones\/revista-vivienda\/canadevi-un-esfuerzo-que-inicio-hace-40-anos\/#article","isPartOf":{"@id":"https:\/\/centrourbano.com\/revista\/publicaciones\/revista-vivienda\/canadevi-un-esfuerzo-que-inicio-hace-40-anos\/"},"author":{"name":"Jackeline Valle","@id":"https:\/\/centrourbano.com\/revista\/#\/schema\/person\/1fb150d566fcd0facc2cddffbb96d1f1"},"headline":"Canadevi, un esfuerzo que inici\u00f3 hace 40 a\u00f1os","datePublished":"2022-08-01T20:52:23+00:00","dateModified":"2022-08-02T20:57:08+00:00","mainEntityOfPage":{"@id":"https:\/\/centrourbano.com\/revista\/publicaciones\/revista-vivienda\/canadevi-un-esfuerzo-que-inicio-hace-40-anos\/"},"wordCount":506,"commentCount":0,"publisher":{"@id":"https:\/\/centrourbano.com\/revista\/#organization"},"image":{"@id":"https:\/\/centrourbano.com\/revista\/publicaciones\/revista-vivienda\/canadevi-un-esfuerzo-que-inicio-hace-40-anos\/#primaryimage"},"thumbnailUrl":"https:\/\/centrourbano.com\/revista\/wp-content\/uploads\/IMG_8510-scaled.jpg","keywords":["Acceso a la vivienda","acciones para la vivienda","Canadevi"],"articleSection":["Revista Vivienda"],"inLanguage":"es","potentialAction":[{"@type":"CommentAction","name":"Comment","target":["https:\/\/centrourbano.com\/revista\/publicaciones\/revista-vivienda\/canadevi-un-esfuerzo-que-inicio-hace-40-anos\/#respond"]}]},{"@type":"WebPage","@id":"https:\/\/centrourbano.com\/revista\/publicaciones\/revista-vivienda\/canadevi-un-esfuerzo-que-inicio-hace-40-anos\/","url":"https:\/\/centrourbano.com\/revista\/publicaciones\/revista-vivienda\/canadevi-un-esfuerzo-que-inicio-hace-40-anos\/","name":"Canadevi, un esfuerzo que inici\u00f3 hace 40 a\u00f1os","isPartOf":{"@id":"https:\/\/centrourbano.com\/revista\/#website"},"primaryImageOfPage":{"@id":"https:\/\/centrourbano.com\/revista\/publicaciones\/revista-vivienda\/canadevi-un-esfuerzo-que-inicio-hace-40-anos\/#primaryimage"},"image":{"@id":"https:\/\/centrourbano.com\/revista\/publicaciones\/revista-vivienda\/canadevi-un-esfuerzo-que-inicio-hace-40-anos\/#primaryimage"},"thumbnailUrl":"https:\/\/centrourbano.com\/revista\/wp-content\/uploads\/IMG_8510-scaled.jpg","datePublished":"2022-08-01T20:52:23+00:00","dateModified":"2022-08-02T20:57:08+00:00","description":"Dos d\u00e9cadas antes de la creaci\u00f3n formal de Canadevi, los esfuerzos para agrupar al sector vivienda comenzaron, lo que permiti\u00f3 a los desarrolladores de vivienda iniciar con el trabajo para sumar esfuerzos en pro de la industria","breadcrumb":{"@id":"https:\/\/centrourbano.com\/revista\/publicaciones\/revista-vivienda\/canadevi-un-esfuerzo-que-inicio-hace-40-anos\/#breadcrumb"},"inLanguage":"es","potentialAction":[{"@type":"ReadAction","target":["https:\/\/centrourbano.com\/revista\/publicaciones\/revista-vivienda\/canadevi-un-esfuerzo-que-inicio-hace-40-anos\/"]}]},{"@type":"ImageObject","inLanguage":"es","@id":"https:\/\/centrourbano.com\/revista\/publicaciones\/revista-vivienda\/canadevi-un-esfuerzo-que-inicio-hace-40-anos\/#primaryimage","url":"https:\/\/centrourbano.com\/revista\/wp-content\/uploads\/IMG_8510-scaled.jpg","contentUrl":"https:\/\/centrourbano.com\/revista\/wp-content\/uploads\/IMG_8510-scaled.jpg","width":2560,"height":2560,"caption":"os d\u00e9cadas antes de la creaci\u00f3n formal de Canadevi, los esfuerzos para agrupar al sector vivienda comenzaron, lo que permiti\u00f3 a los desarrolladores de vivienda iniciar con el trabajo para sumar esfuerzos en pro de la industria"},{"@type":"BreadcrumbList","@id":"https:\/\/centrourbano.com\/revista\/publicaciones\/revista-vivienda\/canadevi-un-esfuerzo-que-inicio-hace-40-anos\/#breadcrumb","itemListElement":[{"@type":"ListItem","position":1,"name":"Portada","item":"https:\/\/centrourbano.com\/revista\/"},{"@type":"ListItem","position":2,"name":"Canadevi, un esfuerzo que inici\u00f3 hace 40 a\u00f1os"}]},{"@type":"WebSite","@id":"https:\/\/centrourbano.com\/revista\/#website","url":"https:\/\/centrourbano.com\/revista\/","name":"Centro Urbano","description":"Medio especializado en los sectores vivienda, inmobiliario, construcci\u00f3n, arquitectura y urbanismo.","publisher":{"@id":"https:\/\/centrourbano.com\/revista\/#organization"},"potentialAction":[{"@type":"SearchAction","target":{"@type":"EntryPoint","urlTemplate":"https:\/\/centrourbano.com\/revista\/?s={search_term_string}"},"query-input":{"@type":"PropertyValueSpecification","valueRequired":true,"valueName":"search_term_string"}}],"inLanguage":"es"},{"@type":"Organization","@id":"https:\/\/centrourbano.com\/revista\/#organization","name":"Centro Urbano","url":"https:\/\/centrourbano.com\/revista\/","logo":{"@type":"ImageObject","inLanguage":"es","@id":"https:\/\/centrourbano.com\/revista\/#\/schema\/logo\/image\/","url":"https:\/\/centrourbano.com\/revista\/wp-content\/uploads\/web_CU_logo-1.png","contentUrl":"https:\/\/centrourbano.com\/revista\/wp-content\/uploads\/web_CU_logo-1.png","width":350,"height":91,"caption":"Centro Urbano"},"image":{"@id":"https:\/\/centrourbano.com\/revista\/#\/schema\/logo\/image\/"},"sameAs":["https:\/\/www.facebook.com\/portalcentrourbano","https:\/\/x.com\/CentroUrbano","https:\/\/www.instagram.com\/centro_urbano\/","https:\/\/www.linkedin.com\/company\/centro-urbano\/","http:\/\/www.youtube.com\/user\/portalcentrourbano"]},{"@type":"Person","@id":"https:\/\/centrourbano.com\/revista\/#\/schema\/person\/1fb150d566fcd0facc2cddffbb96d1f1","name":"Jackeline Valle","image":{"@type":"ImageObject","inLanguage":"es","@id":"https:\/\/secure.gravatar.com\/avatar\/6dfa6899b228d3621bbf2fb01332e7e4b7afc7cd1374760becdb163b7f5436dd?s=96&d=mm&r=g","url":"https:\/\/secure.gravatar.com\/avatar\/6dfa6899b228d3621bbf2fb01332e7e4b7afc7cd1374760becdb163b7f5436dd?s=96&d=mm&r=g","contentUrl":"https:\/\/secure.gravatar.com\/avatar\/6dfa6899b228d3621bbf2fb01332e7e4b7afc7cd1374760becdb163b7f5436dd?s=96&d=mm&r=g","caption":"Jackeline Valle"},"description":"Reportera en Centro Urbano. Egresada de la Licenciatura en Comunicaci\u00f3n y Cultura por la Universidad Aut\u00f3noma de la Ciudad de M\u00e9xico (UACM). Interesada en cine y la cultura. Apasionada de los deportes electr\u00f3nicos y el desarrollo de medios audiovisuales.","url":"https:\/\/centrourbano.com\/revista\/author\/jackeline-valle\/"}]}},"_links":{"self":[{"href":"https:\/\/centrourbano.com\/revista\/wp-json\/wp\/v2\/posts\/132567","targetHints":{"allow":["GET"]}}],"collection":[{"href":"https:\/\/centrourbano.com\/revista\/wp-json\/wp\/v2\/posts"}],"about":[{"href":"https:\/\/centrourbano.com\/revista\/wp-json\/wp\/v2\/types\/post"}],"author":[{"embeddable":true,"href":"https:\/\/centrourbano.com\/revista\/wp-json\/wp\/v2\/users\/80"}],"replies":[{"embeddable":true,"href":"https:\/\/centrourbano.com\/revista\/wp-json\/wp\/v2\/comments?post=132567"}],"version-history":[{"count":1,"href":"https:\/\/centrourbano.com\/revista\/wp-json\/wp\/v2\/posts\/132567\/revisions"}],"predecessor-version":[{"id":132569,"href":"https:\/\/centrourbano.com\/revista\/wp-json\/wp\/v2\/posts\/132567\/revisions\/132569"}],"wp:featuredmedia":[{"embeddable":true,"href":"https:\/\/centrourbano.com\/revista\/wp-json\/wp\/v2\/media\/132568"}],"wp:attachment":[{"href":"https:\/\/centrourbano.com\/revista\/wp-json\/wp\/v2\/media?parent=132567"}],"wp:term":[{"taxonomy":"category","embeddable":true,"href":"https:\/\/centrourbano.com\/revista\/wp-json\/wp\/v2\/categories?post=132567"},{"taxonomy":"post_tag","embeddable":true,"href":"https:\/\/centrourbano.com\/revista\/wp-json\/wp\/v2\/tags?post=132567"}],"curies":[{"name":"wp","href":"https:\/\/api.w.org\/{rel}","templated":true}]}}