{"id":132504,"date":"2022-08-02T08:53:01","date_gmt":"2022-08-02T13:53:01","guid":{"rendered":"https:\/\/centrourbano.com\/?p=132504"},"modified":"2022-08-01T15:04:48","modified_gmt":"2022-08-01T20:04:48","slug":"sedatu-trabajara-en-la-conformacion-del-sistema-nacional-de-movilidad","status":"publish","type":"post","link":"https:\/\/centrourbano.com\/revista\/urbanismo\/sedatu-trabajara-en-la-conformacion-del-sistema-nacional-de-movilidad\/","title":{"rendered":"Sedatu trabajar\u00e1 en la conformaci\u00f3n del Sistema Nacional de Movilidad"},"content":{"rendered":"<p><em>Los lineamientos del Sistema Nacional de Movilidad se deber\u00e1n forjar en conjunto para atender al 100% de la poblaci\u00f3n en materia de transporte<\/em><!--more--><\/p>\n<p><strong>En b\u00fasqueda de la correcta implementaci\u00f3n de la nueva Ley General de Movilidad y Seguridad Vial; la Secretar\u00eda de Desarrollo Agrario, Territorial y Urbano (Sedatu) trabajar\u00e1 en la configuraci\u00f3n de los lineamiento para el Sistema Nacional de Movilidad.<\/strong><\/p>\n<p><strong>En ese sentido, se destac\u00f3 el trabajo en conjunto por la Asociaci\u00f3n Mexicana de Autoridades de Movilidad (AMAM), junto a los tres ordenes de gobierno.<\/strong> Quienes avanzan en el dise\u00f1o de dichos lineamientos, a trav\u00e9s de un diagnostico y estructura de la estrategia.<\/p>\n<p>Ya que, se requiere de unidad para atender a la poblaci\u00f3n, quien en un 80% se transporta a pie, transporte p\u00fablico o bicicleta. Y al 20% que se moviliza en autom\u00f3vil.<strong> Debido a ello, se buscar\u00e1 garantizar el acceso a una movilidad segura y equitativa para todos los ciudadanos del pa\u00eds.<\/strong><\/p>\n<p>Mientras tanto, se realizar\u00e1n foros regionales que ayudar\u00e1n a recabar informaci\u00f3n en cada estado. Adem\u00e1s, se continuar\u00e1 con la revisi\u00f3n de leyes locales con el fin de armonizar y, a la par fortalecer el tema <a href=\"https:\/\/centrourbano.com\/urbanismo\/sedatu-mejoramiento-urbano\/\" target=\"_blank\" rel=\"noopener\">a trav\u00e9s del desarrollo territorial y urbano justo<\/a>.<\/p>\n<p>Dentro de los comentarios en raz\u00f3n de las iniciativas; <strong>el Gobernador de Yucat\u00e1n, Mauricio Vila Dosal, asegur\u00f3 que las pol\u00edticas p\u00fablicas de movilidad deben enfocarse en la ampliaci\u00f3n del sistema de transporte p\u00fablico. As\u00ed como en la modernizaci\u00f3n de unidades y la garant\u00eda de seguridad peatonal.<\/strong><\/p>\n<p>C\u00f3mo ejemplo, refiri\u00f3 que dentro del estado se han implementado estos cambios con el sistema \u2018Va y ven\u2019, en la primera ruta perif\u00e9rico. Lo que marca el inicio de una transformaci\u00f3n importante para la entidad.<\/p>\n<p>Sumado a ello, Vila Dosal destac\u00f3 que el Tren Maya representa una oportunidad en materia de movilidad. Con la cual se podr\u00e1 tener un transporte r\u00e1pido y eficiente que generar\u00e1 desarrollo econ\u00f3mico y empleos.<\/p>\n<p>&nbsp;<\/p>\n","protected":false},"excerpt":{"rendered":"<p>Los lineamientos del Sistema Nacional de Movilidad se deber\u00e1n forjar en conjunto para atender al 100% de la poblaci\u00f3n en materia de transporte<\/p>\n","protected":false},"author":80,"featured_media":132506,"comment_status":"open","ping_status":"closed","sticky":false,"template":"","format":"standard","meta":{"om_disable_all_campaigns":false,"inline_featured_image":false,"_monsterinsights_skip_tracking":false,"_monsterinsights_sitenote_active":false,"_monsterinsights_sitenote_note":"","_monsterinsights_sitenote_category":0,"footnotes":""},"categories":[82],"tags":[19292,15842,105,14281],"class_list":["post-132504","post","type-post","status-publish","format-standard","has-post-thumbnail","hentry","category-urbanismo","tag-acciones-de-movilidad","tag-asociacion-mexicana-de-autoridades-de-movilidad-amam","tag-sedatu","tag-tren-maya"],"yoast_head":"<!-- This site is optimized with the Yoast SEO plugin v27.5 - https:\/\/yoast.com\/product\/yoast-seo-wordpress\/ -->\n<title>Sedatu trabajar\u00e1 en la conformaci\u00f3n del Sistema Nacional de Movilidad<\/title>\n<meta name=\"description\" content=\"Los lineamientos del Sistema Nacional de Movilidad se deber\u00e1n forjar en conjunto para atender al 100% de la poblaci\u00f3n en materia de transporte\" \/>\n<meta name=\"robots\" content=\"index, follow, max-snippet:-1, max-image-preview:large, max-video-preview:-1\" \/>\n<link rel=\"canonical\" href=\"https:\/\/centrourbano.com\/revista\/urbanismo\/sedatu-trabajara-en-la-conformacion-del-sistema-nacional-de-movilidad\/\" \/>\n<meta property=\"og:locale\" content=\"es_ES\" \/>\n<meta property=\"og:type\" content=\"article\" \/>\n<meta property=\"og:title\" content=\"Sedatu trabajar\u00e1 en la conformaci\u00f3n del Sistema Nacional de Movilidad\" \/>\n<meta property=\"og:description\" content=\"Los lineamientos del Sistema Nacional de Movilidad se deber\u00e1n forjar en conjunto para atender al 100% de la poblaci\u00f3n en materia de transporte\" \/>\n<meta property=\"og:url\" content=\"https:\/\/centrourbano.com\/revista\/urbanismo\/sedatu-trabajara-en-la-conformacion-del-sistema-nacional-de-movilidad\/\" \/>\n<meta property=\"og:site_name\" content=\"Centro Urbano\" \/>\n<meta property=\"article:publisher\" content=\"https:\/\/www.facebook.com\/portalcentrourbano\" \/>\n<meta property=\"article:published_time\" content=\"2022-08-02T13:53:01+00:00\" \/>\n<meta property=\"og:image\" content=\"https:\/\/centrourbano.com\/revista\/wp-content\/uploads\/53f61e90-a6ce-4f11-bf72-0f4049d9764c.jpg\" \/>\n\t<meta property=\"og:image:width\" content=\"1200\" \/>\n\t<meta property=\"og:image:height\" content=\"1200\" \/>\n\t<meta property=\"og:image:type\" content=\"image\/jpeg\" \/>\n<meta name=\"author\" content=\"Jackeline Valle\" \/>\n<meta name=\"twitter:card\" content=\"summary_large_image\" \/>\n<meta name=\"twitter:creator\" content=\"@CentroUrbano\" \/>\n<meta name=\"twitter:site\" content=\"@CentroUrbano\" \/>\n<meta name=\"twitter:label1\" content=\"Escrito por\" \/>\n\t<meta name=\"twitter:data1\" content=\"Jackeline Valle\" \/>\n\t<meta name=\"twitter:label2\" content=\"Tiempo de lectura\" \/>\n\t<meta name=\"twitter:data2\" content=\"2 minutos\" \/>\n<script type=\"application\/ld+json\" class=\"yoast-schema-graph\">{\"@context\":\"https:\\\/\\\/schema.org\",\"@graph\":[{\"@type\":\"Article\",\"@id\":\"https:\\\/\\\/centrourbano.com\\\/revista\\\/urbanismo\\\/sedatu-trabajara-en-la-conformacion-del-sistema-nacional-de-movilidad\\\/#article\",\"isPartOf\":{\"@id\":\"https:\\\/\\\/centrourbano.com\\\/revista\\\/urbanismo\\\/sedatu-trabajara-en-la-conformacion-del-sistema-nacional-de-movilidad\\\/\"},\"author\":{\"name\":\"Jackeline Valle\",\"@id\":\"https:\\\/\\\/centrourbano.com\\\/revista\\\/#\\\/schema\\\/person\\\/1fb150d566fcd0facc2cddffbb96d1f1\"},\"headline\":\"Sedatu trabajar\u00e1 en la conformaci\u00f3n del Sistema Nacional de Movilidad\",\"datePublished\":\"2022-08-02T13:53:01+00:00\",\"mainEntityOfPage\":{\"@id\":\"https:\\\/\\\/centrourbano.com\\\/revista\\\/urbanismo\\\/sedatu-trabajara-en-la-conformacion-del-sistema-nacional-de-movilidad\\\/\"},\"wordCount\":354,\"commentCount\":0,\"publisher\":{\"@id\":\"https:\\\/\\\/centrourbano.com\\\/revista\\\/#organization\"},\"image\":{\"@id\":\"https:\\\/\\\/centrourbano.com\\\/revista\\\/urbanismo\\\/sedatu-trabajara-en-la-conformacion-del-sistema-nacional-de-movilidad\\\/#primaryimage\"},\"thumbnailUrl\":\"https:\\\/\\\/centrourbano.com\\\/revista\\\/wp-content\\\/uploads\\\/53f61e90-a6ce-4f11-bf72-0f4049d9764c.jpg\",\"keywords\":[\"acciones de movilidad\",\"Asociaci\u00f3n Mexicana de Autoridades de Movilidad (AMAM\",\"Sedatu\",\"Tren Maya\"],\"articleSection\":[\"Urbanismo\"],\"inLanguage\":\"es\",\"potentialAction\":[{\"@type\":\"CommentAction\",\"name\":\"Comment\",\"target\":[\"https:\\\/\\\/centrourbano.com\\\/revista\\\/urbanismo\\\/sedatu-trabajara-en-la-conformacion-del-sistema-nacional-de-movilidad\\\/#respond\"]}]},{\"@type\":\"WebPage\",\"@id\":\"https:\\\/\\\/centrourbano.com\\\/revista\\\/urbanismo\\\/sedatu-trabajara-en-la-conformacion-del-sistema-nacional-de-movilidad\\\/\",\"url\":\"https:\\\/\\\/centrourbano.com\\\/revista\\\/urbanismo\\\/sedatu-trabajara-en-la-conformacion-del-sistema-nacional-de-movilidad\\\/\",\"name\":\"Sedatu trabajar\u00e1 en la conformaci\u00f3n del Sistema Nacional de Movilidad\",\"isPartOf\":{\"@id\":\"https:\\\/\\\/centrourbano.com\\\/revista\\\/#website\"},\"primaryImageOfPage\":{\"@id\":\"https:\\\/\\\/centrourbano.com\\\/revista\\\/urbanismo\\\/sedatu-trabajara-en-la-conformacion-del-sistema-nacional-de-movilidad\\\/#primaryimage\"},\"image\":{\"@id\":\"https:\\\/\\\/centrourbano.com\\\/revista\\\/urbanismo\\\/sedatu-trabajara-en-la-conformacion-del-sistema-nacional-de-movilidad\\\/#primaryimage\"},\"thumbnailUrl\":\"https:\\\/\\\/centrourbano.com\\\/revista\\\/wp-content\\\/uploads\\\/53f61e90-a6ce-4f11-bf72-0f4049d9764c.jpg\",\"datePublished\":\"2022-08-02T13:53:01+00:00\",\"description\":\"Los lineamientos del Sistema Nacional de Movilidad se deber\u00e1n forjar en conjunto para atender al 100% de la poblaci\u00f3n en materia de transporte\",\"breadcrumb\":{\"@id\":\"https:\\\/\\\/centrourbano.com\\\/revista\\\/urbanismo\\\/sedatu-trabajara-en-la-conformacion-del-sistema-nacional-de-movilidad\\\/#breadcrumb\"},\"inLanguage\":\"es\",\"potentialAction\":[{\"@type\":\"ReadAction\",\"target\":[\"https:\\\/\\\/centrourbano.com\\\/revista\\\/urbanismo\\\/sedatu-trabajara-en-la-conformacion-del-sistema-nacional-de-movilidad\\\/\"]}]},{\"@type\":\"ImageObject\",\"inLanguage\":\"es\",\"@id\":\"https:\\\/\\\/centrourbano.com\\\/revista\\\/urbanismo\\\/sedatu-trabajara-en-la-conformacion-del-sistema-nacional-de-movilidad\\\/#primaryimage\",\"url\":\"https:\\\/\\\/centrourbano.com\\\/revista\\\/wp-content\\\/uploads\\\/53f61e90-a6ce-4f11-bf72-0f4049d9764c.jpg\",\"contentUrl\":\"https:\\\/\\\/centrourbano.com\\\/revista\\\/wp-content\\\/uploads\\\/53f61e90-a6ce-4f11-bf72-0f4049d9764c.jpg\",\"width\":1200,\"height\":1200,\"caption\":\"Los lineamientos del Sistema Nacional de Movilidad se deber\u00e1n forjar en conjunto para atender al 100% de la poblaci\u00f3n en materia de transporte\"},{\"@type\":\"BreadcrumbList\",\"@id\":\"https:\\\/\\\/centrourbano.com\\\/revista\\\/urbanismo\\\/sedatu-trabajara-en-la-conformacion-del-sistema-nacional-de-movilidad\\\/#breadcrumb\",\"itemListElement\":[{\"@type\":\"ListItem\",\"position\":1,\"name\":\"Portada\",\"item\":\"https:\\\/\\\/centrourbano.com\\\/revista\\\/\"},{\"@type\":\"ListItem\",\"position\":2,\"name\":\"Sedatu trabajar\u00e1 en la conformaci\u00f3n del Sistema Nacional de Movilidad\"}]},{\"@type\":\"WebSite\",\"@id\":\"https:\\\/\\\/centrourbano.com\\\/revista\\\/#website\",\"url\":\"https:\\\/\\\/centrourbano.com\\\/revista\\\/\",\"name\":\"Centro Urbano\",\"description\":\"Medio especializado en los sectores vivienda, inmobiliario, construcci\u00f3n, arquitectura y urbanismo.\",\"publisher\":{\"@id\":\"https:\\\/\\\/centrourbano.com\\\/revista\\\/#organization\"},\"potentialAction\":[{\"@type\":\"SearchAction\",\"target\":{\"@type\":\"EntryPoint\",\"urlTemplate\":\"https:\\\/\\\/centrourbano.com\\\/revista\\\/?s={search_term_string}\"},\"query-input\":{\"@type\":\"PropertyValueSpecification\",\"valueRequired\":true,\"valueName\":\"search_term_string\"}}],\"inLanguage\":\"es\"},{\"@type\":\"Organization\",\"@id\":\"https:\\\/\\\/centrourbano.com\\\/revista\\\/#organization\",\"name\":\"Centro Urbano\",\"url\":\"https:\\\/\\\/centrourbano.com\\\/revista\\\/\",\"logo\":{\"@type\":\"ImageObject\",\"inLanguage\":\"es\",\"@id\":\"https:\\\/\\\/centrourbano.com\\\/revista\\\/#\\\/schema\\\/logo\\\/image\\\/\",\"url\":\"https:\\\/\\\/centrourbano.com\\\/revista\\\/wp-content\\\/uploads\\\/web_CU_logo-1.png\",\"contentUrl\":\"https:\\\/\\\/centrourbano.com\\\/revista\\\/wp-content\\\/uploads\\\/web_CU_logo-1.png\",\"width\":350,\"height\":91,\"caption\":\"Centro Urbano\"},\"image\":{\"@id\":\"https:\\\/\\\/centrourbano.com\\\/revista\\\/#\\\/schema\\\/logo\\\/image\\\/\"},\"sameAs\":[\"https:\\\/\\\/www.facebook.com\\\/portalcentrourbano\",\"https:\\\/\\\/x.com\\\/CentroUrbano\",\"https:\\\/\\\/www.instagram.com\\\/centro_urbano\\\/\",\"https:\\\/\\\/www.linkedin.com\\\/company\\\/centro-urbano\\\/\",\"http:\\\/\\\/www.youtube.com\\\/user\\\/portalcentrourbano\"]},{\"@type\":\"Person\",\"@id\":\"https:\\\/\\\/centrourbano.com\\\/revista\\\/#\\\/schema\\\/person\\\/1fb150d566fcd0facc2cddffbb96d1f1\",\"name\":\"Jackeline Valle\",\"image\":{\"@type\":\"ImageObject\",\"inLanguage\":\"es\",\"@id\":\"https:\\\/\\\/secure.gravatar.com\\\/avatar\\\/6dfa6899b228d3621bbf2fb01332e7e4b7afc7cd1374760becdb163b7f5436dd?s=96&d=mm&r=g\",\"url\":\"https:\\\/\\\/secure.gravatar.com\\\/avatar\\\/6dfa6899b228d3621bbf2fb01332e7e4b7afc7cd1374760becdb163b7f5436dd?s=96&d=mm&r=g\",\"contentUrl\":\"https:\\\/\\\/secure.gravatar.com\\\/avatar\\\/6dfa6899b228d3621bbf2fb01332e7e4b7afc7cd1374760becdb163b7f5436dd?s=96&d=mm&r=g\",\"caption\":\"Jackeline Valle\"},\"description\":\"Reportera en Centro Urbano. Egresada de la Licenciatura en Comunicaci\u00f3n y Cultura por la Universidad Aut\u00f3noma de la Ciudad de M\u00e9xico (UACM). Interesada en cine y la cultura. Apasionada de los deportes electr\u00f3nicos y el desarrollo de medios audiovisuales.\",\"url\":\"https:\\\/\\\/centrourbano.com\\\/revista\\\/author\\\/jackeline-valle\\\/\"}]}<\/script>\n<!-- \/ Yoast SEO plugin. -->","yoast_head_json":{"title":"Sedatu trabajar\u00e1 en la conformaci\u00f3n del Sistema Nacional de Movilidad","description":"Los lineamientos del Sistema Nacional de Movilidad se deber\u00e1n forjar en conjunto para atender al 100% de la poblaci\u00f3n en materia de transporte","robots":{"index":"index","follow":"follow","max-snippet":"max-snippet:-1","max-image-preview":"max-image-preview:large","max-video-preview":"max-video-preview:-1"},"canonical":"https:\/\/centrourbano.com\/revista\/urbanismo\/sedatu-trabajara-en-la-conformacion-del-sistema-nacional-de-movilidad\/","og_locale":"es_ES","og_type":"article","og_title":"Sedatu trabajar\u00e1 en la conformaci\u00f3n del Sistema Nacional de Movilidad","og_description":"Los lineamientos del Sistema Nacional de Movilidad se deber\u00e1n forjar en conjunto para atender al 100% de la poblaci\u00f3n en materia de transporte","og_url":"https:\/\/centrourbano.com\/revista\/urbanismo\/sedatu-trabajara-en-la-conformacion-del-sistema-nacional-de-movilidad\/","og_site_name":"Centro Urbano","article_publisher":"https:\/\/www.facebook.com\/portalcentrourbano","article_published_time":"2022-08-02T13:53:01+00:00","og_image":[{"width":1200,"height":1200,"url":"https:\/\/centrourbano.com\/revista\/wp-content\/uploads\/53f61e90-a6ce-4f11-bf72-0f4049d9764c.jpg","type":"image\/jpeg"}],"author":"Jackeline Valle","twitter_card":"summary_large_image","twitter_creator":"@CentroUrbano","twitter_site":"@CentroUrbano","twitter_misc":{"Escrito por":"Jackeline Valle","Tiempo de lectura":"2 minutos"},"schema":{"@context":"https:\/\/schema.org","@graph":[{"@type":"Article","@id":"https:\/\/centrourbano.com\/revista\/urbanismo\/sedatu-trabajara-en-la-conformacion-del-sistema-nacional-de-movilidad\/#article","isPartOf":{"@id":"https:\/\/centrourbano.com\/revista\/urbanismo\/sedatu-trabajara-en-la-conformacion-del-sistema-nacional-de-movilidad\/"},"author":{"name":"Jackeline Valle","@id":"https:\/\/centrourbano.com\/revista\/#\/schema\/person\/1fb150d566fcd0facc2cddffbb96d1f1"},"headline":"Sedatu trabajar\u00e1 en la conformaci\u00f3n del Sistema Nacional de Movilidad","datePublished":"2022-08-02T13:53:01+00:00","mainEntityOfPage":{"@id":"https:\/\/centrourbano.com\/revista\/urbanismo\/sedatu-trabajara-en-la-conformacion-del-sistema-nacional-de-movilidad\/"},"wordCount":354,"commentCount":0,"publisher":{"@id":"https:\/\/centrourbano.com\/revista\/#organization"},"image":{"@id":"https:\/\/centrourbano.com\/revista\/urbanismo\/sedatu-trabajara-en-la-conformacion-del-sistema-nacional-de-movilidad\/#primaryimage"},"thumbnailUrl":"https:\/\/centrourbano.com\/revista\/wp-content\/uploads\/53f61e90-a6ce-4f11-bf72-0f4049d9764c.jpg","keywords":["acciones de movilidad","Asociaci\u00f3n Mexicana de Autoridades de Movilidad (AMAM","Sedatu","Tren Maya"],"articleSection":["Urbanismo"],"inLanguage":"es","potentialAction":[{"@type":"CommentAction","name":"Comment","target":["https:\/\/centrourbano.com\/revista\/urbanismo\/sedatu-trabajara-en-la-conformacion-del-sistema-nacional-de-movilidad\/#respond"]}]},{"@type":"WebPage","@id":"https:\/\/centrourbano.com\/revista\/urbanismo\/sedatu-trabajara-en-la-conformacion-del-sistema-nacional-de-movilidad\/","url":"https:\/\/centrourbano.com\/revista\/urbanismo\/sedatu-trabajara-en-la-conformacion-del-sistema-nacional-de-movilidad\/","name":"Sedatu trabajar\u00e1 en la conformaci\u00f3n del Sistema Nacional de Movilidad","isPartOf":{"@id":"https:\/\/centrourbano.com\/revista\/#website"},"primaryImageOfPage":{"@id":"https:\/\/centrourbano.com\/revista\/urbanismo\/sedatu-trabajara-en-la-conformacion-del-sistema-nacional-de-movilidad\/#primaryimage"},"image":{"@id":"https:\/\/centrourbano.com\/revista\/urbanismo\/sedatu-trabajara-en-la-conformacion-del-sistema-nacional-de-movilidad\/#primaryimage"},"thumbnailUrl":"https:\/\/centrourbano.com\/revista\/wp-content\/uploads\/53f61e90-a6ce-4f11-bf72-0f4049d9764c.jpg","datePublished":"2022-08-02T13:53:01+00:00","description":"Los lineamientos del Sistema Nacional de Movilidad se deber\u00e1n forjar en conjunto para atender al 100% de la poblaci\u00f3n en materia de transporte","breadcrumb":{"@id":"https:\/\/centrourbano.com\/revista\/urbanismo\/sedatu-trabajara-en-la-conformacion-del-sistema-nacional-de-movilidad\/#breadcrumb"},"inLanguage":"es","potentialAction":[{"@type":"ReadAction","target":["https:\/\/centrourbano.com\/revista\/urbanismo\/sedatu-trabajara-en-la-conformacion-del-sistema-nacional-de-movilidad\/"]}]},{"@type":"ImageObject","inLanguage":"es","@id":"https:\/\/centrourbano.com\/revista\/urbanismo\/sedatu-trabajara-en-la-conformacion-del-sistema-nacional-de-movilidad\/#primaryimage","url":"https:\/\/centrourbano.com\/revista\/wp-content\/uploads\/53f61e90-a6ce-4f11-bf72-0f4049d9764c.jpg","contentUrl":"https:\/\/centrourbano.com\/revista\/wp-content\/uploads\/53f61e90-a6ce-4f11-bf72-0f4049d9764c.jpg","width":1200,"height":1200,"caption":"Los lineamientos del Sistema Nacional de Movilidad se deber\u00e1n forjar en conjunto para atender al 100% de la poblaci\u00f3n en materia de transporte"},{"@type":"BreadcrumbList","@id":"https:\/\/centrourbano.com\/revista\/urbanismo\/sedatu-trabajara-en-la-conformacion-del-sistema-nacional-de-movilidad\/#breadcrumb","itemListElement":[{"@type":"ListItem","position":1,"name":"Portada","item":"https:\/\/centrourbano.com\/revista\/"},{"@type":"ListItem","position":2,"name":"Sedatu trabajar\u00e1 en la conformaci\u00f3n del Sistema Nacional de Movilidad"}]},{"@type":"WebSite","@id":"https:\/\/centrourbano.com\/revista\/#website","url":"https:\/\/centrourbano.com\/revista\/","name":"Centro Urbano","description":"Medio especializado en los sectores vivienda, inmobiliario, construcci\u00f3n, arquitectura y urbanismo.","publisher":{"@id":"https:\/\/centrourbano.com\/revista\/#organization"},"potentialAction":[{"@type":"SearchAction","target":{"@type":"EntryPoint","urlTemplate":"https:\/\/centrourbano.com\/revista\/?s={search_term_string}"},"query-input":{"@type":"PropertyValueSpecification","valueRequired":true,"valueName":"search_term_string"}}],"inLanguage":"es"},{"@type":"Organization","@id":"https:\/\/centrourbano.com\/revista\/#organization","name":"Centro Urbano","url":"https:\/\/centrourbano.com\/revista\/","logo":{"@type":"ImageObject","inLanguage":"es","@id":"https:\/\/centrourbano.com\/revista\/#\/schema\/logo\/image\/","url":"https:\/\/centrourbano.com\/revista\/wp-content\/uploads\/web_CU_logo-1.png","contentUrl":"https:\/\/centrourbano.com\/revista\/wp-content\/uploads\/web_CU_logo-1.png","width":350,"height":91,"caption":"Centro Urbano"},"image":{"@id":"https:\/\/centrourbano.com\/revista\/#\/schema\/logo\/image\/"},"sameAs":["https:\/\/www.facebook.com\/portalcentrourbano","https:\/\/x.com\/CentroUrbano","https:\/\/www.instagram.com\/centro_urbano\/","https:\/\/www.linkedin.com\/company\/centro-urbano\/","http:\/\/www.youtube.com\/user\/portalcentrourbano"]},{"@type":"Person","@id":"https:\/\/centrourbano.com\/revista\/#\/schema\/person\/1fb150d566fcd0facc2cddffbb96d1f1","name":"Jackeline Valle","image":{"@type":"ImageObject","inLanguage":"es","@id":"https:\/\/secure.gravatar.com\/avatar\/6dfa6899b228d3621bbf2fb01332e7e4b7afc7cd1374760becdb163b7f5436dd?s=96&d=mm&r=g","url":"https:\/\/secure.gravatar.com\/avatar\/6dfa6899b228d3621bbf2fb01332e7e4b7afc7cd1374760becdb163b7f5436dd?s=96&d=mm&r=g","contentUrl":"https:\/\/secure.gravatar.com\/avatar\/6dfa6899b228d3621bbf2fb01332e7e4b7afc7cd1374760becdb163b7f5436dd?s=96&d=mm&r=g","caption":"Jackeline Valle"},"description":"Reportera en Centro Urbano. Egresada de la Licenciatura en Comunicaci\u00f3n y Cultura por la Universidad Aut\u00f3noma de la Ciudad de M\u00e9xico (UACM). Interesada en cine y la cultura. Apasionada de los deportes electr\u00f3nicos y el desarrollo de medios audiovisuales.","url":"https:\/\/centrourbano.com\/revista\/author\/jackeline-valle\/"}]}},"_links":{"self":[{"href":"https:\/\/centrourbano.com\/revista\/wp-json\/wp\/v2\/posts\/132504","targetHints":{"allow":["GET"]}}],"collection":[{"href":"https:\/\/centrourbano.com\/revista\/wp-json\/wp\/v2\/posts"}],"about":[{"href":"https:\/\/centrourbano.com\/revista\/wp-json\/wp\/v2\/types\/post"}],"author":[{"embeddable":true,"href":"https:\/\/centrourbano.com\/revista\/wp-json\/wp\/v2\/users\/80"}],"replies":[{"embeddable":true,"href":"https:\/\/centrourbano.com\/revista\/wp-json\/wp\/v2\/comments?post=132504"}],"version-history":[{"count":1,"href":"https:\/\/centrourbano.com\/revista\/wp-json\/wp\/v2\/posts\/132504\/revisions"}],"predecessor-version":[{"id":132508,"href":"https:\/\/centrourbano.com\/revista\/wp-json\/wp\/v2\/posts\/132504\/revisions\/132508"}],"wp:featuredmedia":[{"embeddable":true,"href":"https:\/\/centrourbano.com\/revista\/wp-json\/wp\/v2\/media\/132506"}],"wp:attachment":[{"href":"https:\/\/centrourbano.com\/revista\/wp-json\/wp\/v2\/media?parent=132504"}],"wp:term":[{"taxonomy":"category","embeddable":true,"href":"https:\/\/centrourbano.com\/revista\/wp-json\/wp\/v2\/categories?post=132504"},{"taxonomy":"post_tag","embeddable":true,"href":"https:\/\/centrourbano.com\/revista\/wp-json\/wp\/v2\/tags?post=132504"}],"curies":[{"name":"wp","href":"https:\/\/api.w.org\/{rel}","templated":true}]}}