{"id":132415,"date":"2022-07-26T11:52:07","date_gmt":"2022-07-26T16:52:07","guid":{"rendered":"https:\/\/centrourbano.com\/?p=132415"},"modified":"2022-07-29T12:02:59","modified_gmt":"2022-07-29T17:02:59","slug":"mexico-cree-en-el-papel-transformador-de-la-vivienda","status":"publish","type":"post","link":"https:\/\/centrourbano.com\/revista\/publicaciones\/revista-vivienda\/mexico-cree-en-el-papel-transformador-de-la-vivienda\/","title":{"rendered":"M\u00e9xico cree en el papel transformador de la vivienda"},"content":{"rendered":"<p><i>Cuauht\u00e9moc P\u00e9rez Rom\u00e1n asegur\u00f3 que la vivienda logr\u00f3 forjar identidad y reflexionar sobre los grandes retos del sector<\/i><!--more--><\/p>\n<p><strong>Durante la celebraci\u00f3n del 20 aniversario de la C\u00e1mara Nacional de la Industria de Desarrollo y Promoci\u00f3n de Vivienda (Canadevi), el expresidente, Cuauht\u00e9moc P\u00e9rez Rom\u00e1n comparti\u00f3 para Revista Vivienda sus reflexiones en torno a la existencia de la c\u00e1mara empresarial.<\/strong><\/p>\n<p>En ese sentido, asegur\u00f3 que Canadevi es el resultado del esfuerzo de muchos hombres y mujeres representantes de M\u00e9xico que creen en el papel transformador de la vivienda; <strong>\u201cNo solo en el \u00e1mbito econ\u00f3mico y del desarrollo urbano, sino en el familiar, el papel humano\u201d.<\/strong><\/p>\n<p>En este aspecto, declar\u00f3 que la reflexi\u00f3n m\u00e1s importante adquirida en 20 a\u00f1os, es la resoluci\u00f3n de problemas a trav\u00e9s del trabajo en equipo. Por ejemplo, ante los marcos inflacionarios suscitados en d\u00e9cadas anteriores, que dejaron a su paso un fuerte impacto en el pa\u00eds. La resoluci\u00f3n se encontr\u00f3 en conjunto con las autoridades locales y federales.<\/p>\n<p>Bajo esta premisa, el expresidente de Canadevi, asegur\u00f3 que esto permitir\u00e1 a la industria de la vivienda enfrentar los nuevos retos que se avecinan. Asimismo, destac\u00f3 que reflexionar en torno al desarrollo del negocio y la industria ser\u00e1n factor fundamental para el surgimiento de nuevos productos que aporten al pa\u00eds.<\/p>\n<p>Sumado a ello, garantiz\u00f3 que se necesitar\u00e1 de la ayuda de todos los actores que trabajan en torno al giro. Ya que, a lo largo de dos d\u00e9cadas, la industria de la vivienda logr\u00f3 forjar una identidad y reflexionar sobre los grandes retos con los que cuenta el sector.<\/p>\n<p>Por otra parte, Cuauht\u00e9moc P\u00e9rez destac\u00f3 que probablemente el mayor reto ser\u00e1 atender a casi el 70% de la poblaci\u00f3n que necesita vivienda social. Adem\u00e1s del segmento de la poblaci\u00f3n que se encuentra no afiliada a ning\u00fan programa, que tambi\u00e9n necesita visibilidad.<\/p>\n<blockquote><p>\u201cEsto no solo se solucionar\u00e1 con la entrega de vivienda, se necesita crear verdaderas comunidades sustentables. Lo que fomentar\u00e1 el desarrollo social, humano y familiar, los valores m\u00e1s importantes que otorga la industria\u201d, enfatiz\u00f3.<\/p><\/blockquote>\n<h3>Una industria con identidad<\/h3>\n<p>Desde otra perspectiva, el expresidente de Canadevi destac\u00f3 que la celebraci\u00f3n de los 20 a\u00f1os de la c\u00e1mara ayudar\u00e1 a la reflexi\u00f3n en torno al trabajo realizado en el pa\u00eds. Lo que ser\u00e1 fundamental para elevar la visi\u00f3n en torno al camino que falta por recorrer.<\/p>\n<blockquote><p>\u201cInsisto, a\u00fan hay mucho por hacer en el pa\u00eds. Pero existe un precedente importante de los desarrolladores de la vivienda en much\u00edsimas parte del pa\u00eds, pero finalmente, se estableci\u00f3 un cauce a esta actividad. \u201d, finaliz\u00f3 P\u00e9rez Rom\u00e1n.<\/p><\/blockquote>\n","protected":false},"excerpt":{"rendered":"<p>Cuauht\u00e9moc P\u00e9rez Rom\u00e1n asegur\u00f3 que la vivienda logr\u00f3 forjar identidad y reflexionar sobre los grandes retos del sector<\/p>\n","protected":false},"author":80,"featured_media":132416,"comment_status":"open","ping_status":"closed","sticky":false,"template":"","format":"standard","meta":{"om_disable_all_campaigns":false,"inline_featured_image":false,"_monsterinsights_skip_tracking":false,"_monsterinsights_sitenote_active":false,"_monsterinsights_sitenote_note":"","_monsterinsights_sitenote_category":0,"footnotes":""},"categories":[7860,12],"tags":[21783,99,15544],"class_list":["post-132415","post","type-post","status-publish","format-standard","has-post-thumbnail","hentry","category-revista-vivienda","category-vivienda","tag-acceso-a-la-vivienda","tag-canadevi","tag-construccion-de-infraestructura"],"yoast_head":"<!-- This site is optimized with the Yoast SEO plugin v27.5 - https:\/\/yoast.com\/product\/yoast-seo-wordpress\/ -->\n<title>M\u00e9xico cree en el papel transformador de la vivienda<\/title>\n<meta name=\"description\" content=\"Cuauht\u00e9moc P\u00e9rez Rom\u00e1n asegur\u00f3 que la vivienda logr\u00f3 forjar identidad y reflexionar sobre los grandes retos del sector\" \/>\n<meta name=\"robots\" content=\"index, follow, max-snippet:-1, max-image-preview:large, max-video-preview:-1\" \/>\n<link rel=\"canonical\" href=\"https:\/\/centrourbano.com\/revista\/publicaciones\/revista-vivienda\/mexico-cree-en-el-papel-transformador-de-la-vivienda\/\" \/>\n<meta property=\"og:locale\" content=\"es_ES\" \/>\n<meta property=\"og:type\" content=\"article\" \/>\n<meta property=\"og:title\" content=\"M\u00e9xico cree en el papel transformador de la vivienda\" \/>\n<meta property=\"og:description\" content=\"Cuauht\u00e9moc P\u00e9rez Rom\u00e1n asegur\u00f3 que la vivienda logr\u00f3 forjar identidad y reflexionar sobre los grandes retos del sector\" \/>\n<meta property=\"og:url\" content=\"https:\/\/centrourbano.com\/revista\/publicaciones\/revista-vivienda\/mexico-cree-en-el-papel-transformador-de-la-vivienda\/\" \/>\n<meta property=\"og:site_name\" content=\"Centro Urbano\" \/>\n<meta property=\"article:publisher\" content=\"https:\/\/www.facebook.com\/portalcentrourbano\" \/>\n<meta property=\"article:published_time\" content=\"2022-07-26T16:52:07+00:00\" \/>\n<meta property=\"article:modified_time\" content=\"2022-07-29T17:02:59+00:00\" \/>\n<meta property=\"og:image\" content=\"https:\/\/centrourbano.com\/revista\/wp-content\/uploads\/residence-gc1273462a_1920.jpg\" \/>\n\t<meta property=\"og:image:width\" content=\"1280\" \/>\n\t<meta property=\"og:image:height\" content=\"1280\" \/>\n\t<meta property=\"og:image:type\" content=\"image\/jpeg\" \/>\n<meta name=\"author\" content=\"Jackeline Valle\" \/>\n<meta name=\"twitter:card\" content=\"summary_large_image\" \/>\n<meta name=\"twitter:creator\" content=\"@CentroUrbano\" \/>\n<meta name=\"twitter:site\" content=\"@CentroUrbano\" \/>\n<meta name=\"twitter:label1\" content=\"Escrito por\" \/>\n\t<meta name=\"twitter:data1\" content=\"Jackeline Valle\" \/>\n\t<meta name=\"twitter:label2\" content=\"Tiempo de lectura\" \/>\n\t<meta name=\"twitter:data2\" content=\"2 minutos\" \/>\n<script type=\"application\/ld+json\" class=\"yoast-schema-graph\">{\"@context\":\"https:\\\/\\\/schema.org\",\"@graph\":[{\"@type\":\"Article\",\"@id\":\"https:\\\/\\\/centrourbano.com\\\/revista\\\/publicaciones\\\/revista-vivienda\\\/mexico-cree-en-el-papel-transformador-de-la-vivienda\\\/#article\",\"isPartOf\":{\"@id\":\"https:\\\/\\\/centrourbano.com\\\/revista\\\/publicaciones\\\/revista-vivienda\\\/mexico-cree-en-el-papel-transformador-de-la-vivienda\\\/\"},\"author\":{\"name\":\"Jackeline Valle\",\"@id\":\"https:\\\/\\\/centrourbano.com\\\/revista\\\/#\\\/schema\\\/person\\\/1fb150d566fcd0facc2cddffbb96d1f1\"},\"headline\":\"M\u00e9xico cree en el papel transformador de la vivienda\",\"datePublished\":\"2022-07-26T16:52:07+00:00\",\"dateModified\":\"2022-07-29T17:02:59+00:00\",\"mainEntityOfPage\":{\"@id\":\"https:\\\/\\\/centrourbano.com\\\/revista\\\/publicaciones\\\/revista-vivienda\\\/mexico-cree-en-el-papel-transformador-de-la-vivienda\\\/\"},\"wordCount\":471,\"commentCount\":0,\"publisher\":{\"@id\":\"https:\\\/\\\/centrourbano.com\\\/revista\\\/#organization\"},\"image\":{\"@id\":\"https:\\\/\\\/centrourbano.com\\\/revista\\\/publicaciones\\\/revista-vivienda\\\/mexico-cree-en-el-papel-transformador-de-la-vivienda\\\/#primaryimage\"},\"thumbnailUrl\":\"https:\\\/\\\/centrourbano.com\\\/revista\\\/wp-content\\\/uploads\\\/residence-gc1273462a_1920.jpg\",\"keywords\":[\"Acceso a la vivienda\",\"Canadevi\",\"Construcci\u00f3n de infraestructura\"],\"articleSection\":[\"Revista Vivienda\",\"Vivienda\"],\"inLanguage\":\"es\",\"potentialAction\":[{\"@type\":\"CommentAction\",\"name\":\"Comment\",\"target\":[\"https:\\\/\\\/centrourbano.com\\\/revista\\\/publicaciones\\\/revista-vivienda\\\/mexico-cree-en-el-papel-transformador-de-la-vivienda\\\/#respond\"]}]},{\"@type\":\"WebPage\",\"@id\":\"https:\\\/\\\/centrourbano.com\\\/revista\\\/publicaciones\\\/revista-vivienda\\\/mexico-cree-en-el-papel-transformador-de-la-vivienda\\\/\",\"url\":\"https:\\\/\\\/centrourbano.com\\\/revista\\\/publicaciones\\\/revista-vivienda\\\/mexico-cree-en-el-papel-transformador-de-la-vivienda\\\/\",\"name\":\"M\u00e9xico cree en el papel transformador de la vivienda\",\"isPartOf\":{\"@id\":\"https:\\\/\\\/centrourbano.com\\\/revista\\\/#website\"},\"primaryImageOfPage\":{\"@id\":\"https:\\\/\\\/centrourbano.com\\\/revista\\\/publicaciones\\\/revista-vivienda\\\/mexico-cree-en-el-papel-transformador-de-la-vivienda\\\/#primaryimage\"},\"image\":{\"@id\":\"https:\\\/\\\/centrourbano.com\\\/revista\\\/publicaciones\\\/revista-vivienda\\\/mexico-cree-en-el-papel-transformador-de-la-vivienda\\\/#primaryimage\"},\"thumbnailUrl\":\"https:\\\/\\\/centrourbano.com\\\/revista\\\/wp-content\\\/uploads\\\/residence-gc1273462a_1920.jpg\",\"datePublished\":\"2022-07-26T16:52:07+00:00\",\"dateModified\":\"2022-07-29T17:02:59+00:00\",\"description\":\"Cuauht\u00e9moc P\u00e9rez Rom\u00e1n asegur\u00f3 que la vivienda logr\u00f3 forjar identidad y reflexionar sobre los grandes retos del sector\",\"breadcrumb\":{\"@id\":\"https:\\\/\\\/centrourbano.com\\\/revista\\\/publicaciones\\\/revista-vivienda\\\/mexico-cree-en-el-papel-transformador-de-la-vivienda\\\/#breadcrumb\"},\"inLanguage\":\"es\",\"potentialAction\":[{\"@type\":\"ReadAction\",\"target\":[\"https:\\\/\\\/centrourbano.com\\\/revista\\\/publicaciones\\\/revista-vivienda\\\/mexico-cree-en-el-papel-transformador-de-la-vivienda\\\/\"]}]},{\"@type\":\"ImageObject\",\"inLanguage\":\"es\",\"@id\":\"https:\\\/\\\/centrourbano.com\\\/revista\\\/publicaciones\\\/revista-vivienda\\\/mexico-cree-en-el-papel-transformador-de-la-vivienda\\\/#primaryimage\",\"url\":\"https:\\\/\\\/centrourbano.com\\\/revista\\\/wp-content\\\/uploads\\\/residence-gc1273462a_1920.jpg\",\"contentUrl\":\"https:\\\/\\\/centrourbano.com\\\/revista\\\/wp-content\\\/uploads\\\/residence-gc1273462a_1920.jpg\",\"width\":1280,\"height\":1280,\"caption\":\"Cuauht\u00e9moc P\u00e9rez Rom\u00e1n asegur\u00f3 que la vivienda logr\u00f3 forjar identidad y reflexionar sobre los grandes retos del sector\"},{\"@type\":\"BreadcrumbList\",\"@id\":\"https:\\\/\\\/centrourbano.com\\\/revista\\\/publicaciones\\\/revista-vivienda\\\/mexico-cree-en-el-papel-transformador-de-la-vivienda\\\/#breadcrumb\",\"itemListElement\":[{\"@type\":\"ListItem\",\"position\":1,\"name\":\"Portada\",\"item\":\"https:\\\/\\\/centrourbano.com\\\/revista\\\/\"},{\"@type\":\"ListItem\",\"position\":2,\"name\":\"M\u00e9xico cree en el papel transformador de la vivienda\"}]},{\"@type\":\"WebSite\",\"@id\":\"https:\\\/\\\/centrourbano.com\\\/revista\\\/#website\",\"url\":\"https:\\\/\\\/centrourbano.com\\\/revista\\\/\",\"name\":\"Centro Urbano\",\"description\":\"Medio especializado en los sectores vivienda, inmobiliario, construcci\u00f3n, arquitectura y urbanismo.\",\"publisher\":{\"@id\":\"https:\\\/\\\/centrourbano.com\\\/revista\\\/#organization\"},\"potentialAction\":[{\"@type\":\"SearchAction\",\"target\":{\"@type\":\"EntryPoint\",\"urlTemplate\":\"https:\\\/\\\/centrourbano.com\\\/revista\\\/?s={search_term_string}\"},\"query-input\":{\"@type\":\"PropertyValueSpecification\",\"valueRequired\":true,\"valueName\":\"search_term_string\"}}],\"inLanguage\":\"es\"},{\"@type\":\"Organization\",\"@id\":\"https:\\\/\\\/centrourbano.com\\\/revista\\\/#organization\",\"name\":\"Centro Urbano\",\"url\":\"https:\\\/\\\/centrourbano.com\\\/revista\\\/\",\"logo\":{\"@type\":\"ImageObject\",\"inLanguage\":\"es\",\"@id\":\"https:\\\/\\\/centrourbano.com\\\/revista\\\/#\\\/schema\\\/logo\\\/image\\\/\",\"url\":\"https:\\\/\\\/centrourbano.com\\\/revista\\\/wp-content\\\/uploads\\\/web_CU_logo-1.png\",\"contentUrl\":\"https:\\\/\\\/centrourbano.com\\\/revista\\\/wp-content\\\/uploads\\\/web_CU_logo-1.png\",\"width\":350,\"height\":91,\"caption\":\"Centro Urbano\"},\"image\":{\"@id\":\"https:\\\/\\\/centrourbano.com\\\/revista\\\/#\\\/schema\\\/logo\\\/image\\\/\"},\"sameAs\":[\"https:\\\/\\\/www.facebook.com\\\/portalcentrourbano\",\"https:\\\/\\\/x.com\\\/CentroUrbano\",\"https:\\\/\\\/www.instagram.com\\\/centro_urbano\\\/\",\"https:\\\/\\\/www.linkedin.com\\\/company\\\/centro-urbano\\\/\",\"http:\\\/\\\/www.youtube.com\\\/user\\\/portalcentrourbano\"]},{\"@type\":\"Person\",\"@id\":\"https:\\\/\\\/centrourbano.com\\\/revista\\\/#\\\/schema\\\/person\\\/1fb150d566fcd0facc2cddffbb96d1f1\",\"name\":\"Jackeline Valle\",\"image\":{\"@type\":\"ImageObject\",\"inLanguage\":\"es\",\"@id\":\"https:\\\/\\\/secure.gravatar.com\\\/avatar\\\/6dfa6899b228d3621bbf2fb01332e7e4b7afc7cd1374760becdb163b7f5436dd?s=96&d=mm&r=g\",\"url\":\"https:\\\/\\\/secure.gravatar.com\\\/avatar\\\/6dfa6899b228d3621bbf2fb01332e7e4b7afc7cd1374760becdb163b7f5436dd?s=96&d=mm&r=g\",\"contentUrl\":\"https:\\\/\\\/secure.gravatar.com\\\/avatar\\\/6dfa6899b228d3621bbf2fb01332e7e4b7afc7cd1374760becdb163b7f5436dd?s=96&d=mm&r=g\",\"caption\":\"Jackeline Valle\"},\"description\":\"Reportera en Centro Urbano. Egresada de la Licenciatura en Comunicaci\u00f3n y Cultura por la Universidad Aut\u00f3noma de la Ciudad de M\u00e9xico (UACM). Interesada en cine y la cultura. Apasionada de los deportes electr\u00f3nicos y el desarrollo de medios audiovisuales.\",\"url\":\"https:\\\/\\\/centrourbano.com\\\/revista\\\/author\\\/jackeline-valle\\\/\"}]}<\/script>\n<!-- \/ Yoast SEO plugin. -->","yoast_head_json":{"title":"M\u00e9xico cree en el papel transformador de la vivienda","description":"Cuauht\u00e9moc P\u00e9rez Rom\u00e1n asegur\u00f3 que la vivienda logr\u00f3 forjar identidad y reflexionar sobre los grandes retos del sector","robots":{"index":"index","follow":"follow","max-snippet":"max-snippet:-1","max-image-preview":"max-image-preview:large","max-video-preview":"max-video-preview:-1"},"canonical":"https:\/\/centrourbano.com\/revista\/publicaciones\/revista-vivienda\/mexico-cree-en-el-papel-transformador-de-la-vivienda\/","og_locale":"es_ES","og_type":"article","og_title":"M\u00e9xico cree en el papel transformador de la vivienda","og_description":"Cuauht\u00e9moc P\u00e9rez Rom\u00e1n asegur\u00f3 que la vivienda logr\u00f3 forjar identidad y reflexionar sobre los grandes retos del sector","og_url":"https:\/\/centrourbano.com\/revista\/publicaciones\/revista-vivienda\/mexico-cree-en-el-papel-transformador-de-la-vivienda\/","og_site_name":"Centro Urbano","article_publisher":"https:\/\/www.facebook.com\/portalcentrourbano","article_published_time":"2022-07-26T16:52:07+00:00","article_modified_time":"2022-07-29T17:02:59+00:00","og_image":[{"width":1280,"height":1280,"url":"https:\/\/centrourbano.com\/revista\/wp-content\/uploads\/residence-gc1273462a_1920.jpg","type":"image\/jpeg"}],"author":"Jackeline Valle","twitter_card":"summary_large_image","twitter_creator":"@CentroUrbano","twitter_site":"@CentroUrbano","twitter_misc":{"Escrito por":"Jackeline Valle","Tiempo de lectura":"2 minutos"},"schema":{"@context":"https:\/\/schema.org","@graph":[{"@type":"Article","@id":"https:\/\/centrourbano.com\/revista\/publicaciones\/revista-vivienda\/mexico-cree-en-el-papel-transformador-de-la-vivienda\/#article","isPartOf":{"@id":"https:\/\/centrourbano.com\/revista\/publicaciones\/revista-vivienda\/mexico-cree-en-el-papel-transformador-de-la-vivienda\/"},"author":{"name":"Jackeline Valle","@id":"https:\/\/centrourbano.com\/revista\/#\/schema\/person\/1fb150d566fcd0facc2cddffbb96d1f1"},"headline":"M\u00e9xico cree en el papel transformador de la vivienda","datePublished":"2022-07-26T16:52:07+00:00","dateModified":"2022-07-29T17:02:59+00:00","mainEntityOfPage":{"@id":"https:\/\/centrourbano.com\/revista\/publicaciones\/revista-vivienda\/mexico-cree-en-el-papel-transformador-de-la-vivienda\/"},"wordCount":471,"commentCount":0,"publisher":{"@id":"https:\/\/centrourbano.com\/revista\/#organization"},"image":{"@id":"https:\/\/centrourbano.com\/revista\/publicaciones\/revista-vivienda\/mexico-cree-en-el-papel-transformador-de-la-vivienda\/#primaryimage"},"thumbnailUrl":"https:\/\/centrourbano.com\/revista\/wp-content\/uploads\/residence-gc1273462a_1920.jpg","keywords":["Acceso a la vivienda","Canadevi","Construcci\u00f3n de infraestructura"],"articleSection":["Revista Vivienda","Vivienda"],"inLanguage":"es","potentialAction":[{"@type":"CommentAction","name":"Comment","target":["https:\/\/centrourbano.com\/revista\/publicaciones\/revista-vivienda\/mexico-cree-en-el-papel-transformador-de-la-vivienda\/#respond"]}]},{"@type":"WebPage","@id":"https:\/\/centrourbano.com\/revista\/publicaciones\/revista-vivienda\/mexico-cree-en-el-papel-transformador-de-la-vivienda\/","url":"https:\/\/centrourbano.com\/revista\/publicaciones\/revista-vivienda\/mexico-cree-en-el-papel-transformador-de-la-vivienda\/","name":"M\u00e9xico cree en el papel transformador de la vivienda","isPartOf":{"@id":"https:\/\/centrourbano.com\/revista\/#website"},"primaryImageOfPage":{"@id":"https:\/\/centrourbano.com\/revista\/publicaciones\/revista-vivienda\/mexico-cree-en-el-papel-transformador-de-la-vivienda\/#primaryimage"},"image":{"@id":"https:\/\/centrourbano.com\/revista\/publicaciones\/revista-vivienda\/mexico-cree-en-el-papel-transformador-de-la-vivienda\/#primaryimage"},"thumbnailUrl":"https:\/\/centrourbano.com\/revista\/wp-content\/uploads\/residence-gc1273462a_1920.jpg","datePublished":"2022-07-26T16:52:07+00:00","dateModified":"2022-07-29T17:02:59+00:00","description":"Cuauht\u00e9moc P\u00e9rez Rom\u00e1n asegur\u00f3 que la vivienda logr\u00f3 forjar identidad y reflexionar sobre los grandes retos del sector","breadcrumb":{"@id":"https:\/\/centrourbano.com\/revista\/publicaciones\/revista-vivienda\/mexico-cree-en-el-papel-transformador-de-la-vivienda\/#breadcrumb"},"inLanguage":"es","potentialAction":[{"@type":"ReadAction","target":["https:\/\/centrourbano.com\/revista\/publicaciones\/revista-vivienda\/mexico-cree-en-el-papel-transformador-de-la-vivienda\/"]}]},{"@type":"ImageObject","inLanguage":"es","@id":"https:\/\/centrourbano.com\/revista\/publicaciones\/revista-vivienda\/mexico-cree-en-el-papel-transformador-de-la-vivienda\/#primaryimage","url":"https:\/\/centrourbano.com\/revista\/wp-content\/uploads\/residence-gc1273462a_1920.jpg","contentUrl":"https:\/\/centrourbano.com\/revista\/wp-content\/uploads\/residence-gc1273462a_1920.jpg","width":1280,"height":1280,"caption":"Cuauht\u00e9moc P\u00e9rez Rom\u00e1n asegur\u00f3 que la vivienda logr\u00f3 forjar identidad y reflexionar sobre los grandes retos del sector"},{"@type":"BreadcrumbList","@id":"https:\/\/centrourbano.com\/revista\/publicaciones\/revista-vivienda\/mexico-cree-en-el-papel-transformador-de-la-vivienda\/#breadcrumb","itemListElement":[{"@type":"ListItem","position":1,"name":"Portada","item":"https:\/\/centrourbano.com\/revista\/"},{"@type":"ListItem","position":2,"name":"M\u00e9xico cree en el papel transformador de la vivienda"}]},{"@type":"WebSite","@id":"https:\/\/centrourbano.com\/revista\/#website","url":"https:\/\/centrourbano.com\/revista\/","name":"Centro Urbano","description":"Medio especializado en los sectores vivienda, inmobiliario, construcci\u00f3n, arquitectura y urbanismo.","publisher":{"@id":"https:\/\/centrourbano.com\/revista\/#organization"},"potentialAction":[{"@type":"SearchAction","target":{"@type":"EntryPoint","urlTemplate":"https:\/\/centrourbano.com\/revista\/?s={search_term_string}"},"query-input":{"@type":"PropertyValueSpecification","valueRequired":true,"valueName":"search_term_string"}}],"inLanguage":"es"},{"@type":"Organization","@id":"https:\/\/centrourbano.com\/revista\/#organization","name":"Centro Urbano","url":"https:\/\/centrourbano.com\/revista\/","logo":{"@type":"ImageObject","inLanguage":"es","@id":"https:\/\/centrourbano.com\/revista\/#\/schema\/logo\/image\/","url":"https:\/\/centrourbano.com\/revista\/wp-content\/uploads\/web_CU_logo-1.png","contentUrl":"https:\/\/centrourbano.com\/revista\/wp-content\/uploads\/web_CU_logo-1.png","width":350,"height":91,"caption":"Centro Urbano"},"image":{"@id":"https:\/\/centrourbano.com\/revista\/#\/schema\/logo\/image\/"},"sameAs":["https:\/\/www.facebook.com\/portalcentrourbano","https:\/\/x.com\/CentroUrbano","https:\/\/www.instagram.com\/centro_urbano\/","https:\/\/www.linkedin.com\/company\/centro-urbano\/","http:\/\/www.youtube.com\/user\/portalcentrourbano"]},{"@type":"Person","@id":"https:\/\/centrourbano.com\/revista\/#\/schema\/person\/1fb150d566fcd0facc2cddffbb96d1f1","name":"Jackeline Valle","image":{"@type":"ImageObject","inLanguage":"es","@id":"https:\/\/secure.gravatar.com\/avatar\/6dfa6899b228d3621bbf2fb01332e7e4b7afc7cd1374760becdb163b7f5436dd?s=96&d=mm&r=g","url":"https:\/\/secure.gravatar.com\/avatar\/6dfa6899b228d3621bbf2fb01332e7e4b7afc7cd1374760becdb163b7f5436dd?s=96&d=mm&r=g","contentUrl":"https:\/\/secure.gravatar.com\/avatar\/6dfa6899b228d3621bbf2fb01332e7e4b7afc7cd1374760becdb163b7f5436dd?s=96&d=mm&r=g","caption":"Jackeline Valle"},"description":"Reportera en Centro Urbano. Egresada de la Licenciatura en Comunicaci\u00f3n y Cultura por la Universidad Aut\u00f3noma de la Ciudad de M\u00e9xico (UACM). Interesada en cine y la cultura. Apasionada de los deportes electr\u00f3nicos y el desarrollo de medios audiovisuales.","url":"https:\/\/centrourbano.com\/revista\/author\/jackeline-valle\/"}]}},"_links":{"self":[{"href":"https:\/\/centrourbano.com\/revista\/wp-json\/wp\/v2\/posts\/132415","targetHints":{"allow":["GET"]}}],"collection":[{"href":"https:\/\/centrourbano.com\/revista\/wp-json\/wp\/v2\/posts"}],"about":[{"href":"https:\/\/centrourbano.com\/revista\/wp-json\/wp\/v2\/types\/post"}],"author":[{"embeddable":true,"href":"https:\/\/centrourbano.com\/revista\/wp-json\/wp\/v2\/users\/80"}],"replies":[{"embeddable":true,"href":"https:\/\/centrourbano.com\/revista\/wp-json\/wp\/v2\/comments?post=132415"}],"version-history":[{"count":1,"href":"https:\/\/centrourbano.com\/revista\/wp-json\/wp\/v2\/posts\/132415\/revisions"}],"predecessor-version":[{"id":132417,"href":"https:\/\/centrourbano.com\/revista\/wp-json\/wp\/v2\/posts\/132415\/revisions\/132417"}],"wp:featuredmedia":[{"embeddable":true,"href":"https:\/\/centrourbano.com\/revista\/wp-json\/wp\/v2\/media\/132416"}],"wp:attachment":[{"href":"https:\/\/centrourbano.com\/revista\/wp-json\/wp\/v2\/media?parent=132415"}],"wp:term":[{"taxonomy":"category","embeddable":true,"href":"https:\/\/centrourbano.com\/revista\/wp-json\/wp\/v2\/categories?post=132415"},{"taxonomy":"post_tag","embeddable":true,"href":"https:\/\/centrourbano.com\/revista\/wp-json\/wp\/v2\/tags?post=132415"}],"curies":[{"name":"wp","href":"https:\/\/api.w.org\/{rel}","templated":true}]}}