{"id":132302,"date":"2022-07-27T08:15:09","date_gmt":"2022-07-27T13:15:09","guid":{"rendered":"https:\/\/centrourbano.com\/?p=132302"},"modified":"2022-07-26T14:23:25","modified_gmt":"2022-07-26T19:23:25","slug":"fibra-macquarie-invertira-800-mdp-para-parque-industrial-en-cuautitlan","status":"publish","type":"post","link":"https:\/\/centrourbano.com\/revista\/inmobiliario\/fibra-macquarie-invertira-800-mdp-para-parque-industrial-en-cuautitlan\/","title":{"rendered":"Fibra Macquarie invertir\u00e1 800 mdp para parque industrial en Cuautitl\u00e1n"},"content":{"rendered":"<p><em>La inversi\u00f3n de Fibra Macquarie funcionar\u00e1 para la construcci\u00f3n de Blue Logistics Park, el cual generar\u00e1 700 empleos<\/em><!--more--><\/p>\n<p><strong>El Fibra Macquarie, empresa l\u00edder de bienes ra\u00edces industriales y comerciales en el pa\u00eds, incursionar\u00e1 por primera ocasi\u00f3n en el sector industrial del Estado de M\u00e9xico(Edomex)<\/strong>. Dicha introducci\u00f3n, se realizar\u00e1 con una inversi\u00f3n de 800 millones de pesos (mdp) para la construcci\u00f3n de Blue Logistics Park, en Cuautitl\u00e1n Izcalli.<\/p>\n<p>En ese sentido, se buscar\u00e1 dar mayor impulso a uno de los corredores lideres industrial del pa\u00eds; <a href=\"https:\/\/centrourbano.com\/inmobiliario\/el-ctt-y-toluca-se-posiciona-como-los-mas-atractivos-para-sector-logistico\/\" target=\"_blank\" rel=\"noopener\">Cuautitl\u00e1n-Tultitl\u00e1n-Tepotzotl\u00e1n<\/a> (CTT). Adem\u00e1s, de generar 700 nuevos empleos para los mexiquenses.<\/p>\n<p>Por tal motivo, el Gobernador<a href=\"https:\/\/twitter.com\/alfredodelmazo\" target=\"_blank\" rel=\"noopener\"> Alfredo Del Mazo Maza<\/a> agradeci\u00f3 la confianza otorgada por el fibra, al apostar por el compromiso y talento de los habitantes del estado. Adem\u00e1s, de tomar en cuenta las oportunidades competitivas que representa Cuautitl\u00e1n para los inversionistas. Ya que, estas han logrado consolidar al Edomex como uno de los principales receptores de inversi\u00f3n extranjera.<\/p>\n<p>Por otra parte, el segmento industrial en la zona, encamina la construcci\u00f3n de parques industriales de \u00faltima generaci\u00f3n. \u00c1rea donde, Fibra Macquarie posee m\u00e1s de 10 a\u00f1os experiencia, y 193 propiedades.<\/p>\n<p>&nbsp;<\/p>\n","protected":false},"excerpt":{"rendered":"<p>La inversi\u00f3n de Fibra Macquarie funcionar\u00e1 para la construcci\u00f3n de Blue Logistics Park, el cual generar\u00e1 700 empleos<\/p>\n","protected":false},"author":80,"featured_media":132303,"comment_status":"open","ping_status":"closed","sticky":false,"template":"","format":"standard","meta":{"om_disable_all_campaigns":false,"inline_featured_image":false,"_monsterinsights_skip_tracking":false,"_monsterinsights_sitenote_active":false,"_monsterinsights_sitenote_note":"","_monsterinsights_sitenote_category":0,"footnotes":""},"categories":[15],"tags":[19836,20841,2369,223],"class_list":["post-132302","post","type-post","status-publish","format-standard","has-post-thumbnail","hentry","category-inmobiliario","tag-actividad-inmobiliaria-industrial","tag-corredor-industrial-ctt","tag-naves-industriales","tag-parques-industriales"],"yoast_head":"<!-- This site is optimized with the Yoast SEO plugin v27.4 - https:\/\/yoast.com\/product\/yoast-seo-wordpress\/ -->\n<title>Fibra Macquarie invertir\u00e1 800 mdp para parque industrial en Cuautitl\u00e1n<\/title>\n<meta name=\"description\" content=\"La inversi\u00f3n de Fibra Macquarie funcionar\u00e1 para la construcci\u00f3n de Blue Logistics Park, el cual generar\u00e1 700 empleos\" \/>\n<meta name=\"robots\" content=\"index, follow, max-snippet:-1, max-image-preview:large, max-video-preview:-1\" \/>\n<link rel=\"canonical\" href=\"https:\/\/centrourbano.com\/revista\/inmobiliario\/fibra-macquarie-invertira-800-mdp-para-parque-industrial-en-cuautitlan\/\" \/>\n<meta property=\"og:locale\" content=\"es_ES\" \/>\n<meta property=\"og:type\" content=\"article\" \/>\n<meta property=\"og:title\" content=\"Fibra Macquarie invertir\u00e1 800 mdp para parque industrial en Cuautitl\u00e1n\" \/>\n<meta property=\"og:description\" content=\"La inversi\u00f3n de Fibra Macquarie funcionar\u00e1 para la construcci\u00f3n de Blue Logistics Park, el cual generar\u00e1 700 empleos\" \/>\n<meta property=\"og:url\" content=\"https:\/\/centrourbano.com\/revista\/inmobiliario\/fibra-macquarie-invertira-800-mdp-para-parque-industrial-en-cuautitlan\/\" \/>\n<meta property=\"og:site_name\" content=\"Centro Urbano\" \/>\n<meta property=\"article:publisher\" content=\"https:\/\/www.facebook.com\/portalcentrourbano\" \/>\n<meta property=\"article:published_time\" content=\"2022-07-27T13:15:09+00:00\" \/>\n<meta property=\"og:image\" content=\"https:\/\/centrourbano.com\/revista\/wp-content\/uploads\/FYh03ktWIAstBgq-scaled.jpg\" \/>\n\t<meta property=\"og:image:width\" content=\"2560\" \/>\n\t<meta property=\"og:image:height\" content=\"2560\" \/>\n\t<meta property=\"og:image:type\" content=\"image\/jpeg\" \/>\n<meta name=\"author\" content=\"Jackeline Valle\" \/>\n<meta name=\"twitter:card\" content=\"summary_large_image\" \/>\n<meta name=\"twitter:creator\" content=\"@CentroUrbano\" \/>\n<meta name=\"twitter:site\" content=\"@CentroUrbano\" \/>\n<meta name=\"twitter:label1\" content=\"Escrito por\" \/>\n\t<meta name=\"twitter:data1\" content=\"Jackeline Valle\" \/>\n\t<meta name=\"twitter:label2\" content=\"Tiempo de lectura\" \/>\n\t<meta name=\"twitter:data2\" content=\"1 minuto\" \/>\n<script type=\"application\/ld+json\" class=\"yoast-schema-graph\">{\"@context\":\"https:\\\/\\\/schema.org\",\"@graph\":[{\"@type\":\"Article\",\"@id\":\"https:\\\/\\\/centrourbano.com\\\/revista\\\/inmobiliario\\\/fibra-macquarie-invertira-800-mdp-para-parque-industrial-en-cuautitlan\\\/#article\",\"isPartOf\":{\"@id\":\"https:\\\/\\\/centrourbano.com\\\/revista\\\/inmobiliario\\\/fibra-macquarie-invertira-800-mdp-para-parque-industrial-en-cuautitlan\\\/\"},\"author\":{\"name\":\"Jackeline Valle\",\"@id\":\"https:\\\/\\\/centrourbano.com\\\/revista\\\/#\\\/schema\\\/person\\\/910180bf1a924c1932a01f6032f5991a\"},\"headline\":\"Fibra Macquarie invertir\u00e1 800 mdp para parque industrial en Cuautitl\u00e1n\",\"datePublished\":\"2022-07-27T13:15:09+00:00\",\"mainEntityOfPage\":{\"@id\":\"https:\\\/\\\/centrourbano.com\\\/revista\\\/inmobiliario\\\/fibra-macquarie-invertira-800-mdp-para-parque-industrial-en-cuautitlan\\\/\"},\"wordCount\":215,\"commentCount\":0,\"publisher\":{\"@id\":\"https:\\\/\\\/centrourbano.com\\\/revista\\\/#organization\"},\"image\":{\"@id\":\"https:\\\/\\\/centrourbano.com\\\/revista\\\/inmobiliario\\\/fibra-macquarie-invertira-800-mdp-para-parque-industrial-en-cuautitlan\\\/#primaryimage\"},\"thumbnailUrl\":\"https:\\\/\\\/centrourbano.com\\\/revista\\\/wp-content\\\/uploads\\\/FYh03ktWIAstBgq-scaled.jpg\",\"keywords\":[\"actividad inmobiliaria industrial\",\"Corredor Industrial CTT\",\"naves industriales\",\"parques industriales\"],\"articleSection\":[\"Inmobiliario\"],\"inLanguage\":\"es\",\"potentialAction\":[{\"@type\":\"CommentAction\",\"name\":\"Comment\",\"target\":[\"https:\\\/\\\/centrourbano.com\\\/revista\\\/inmobiliario\\\/fibra-macquarie-invertira-800-mdp-para-parque-industrial-en-cuautitlan\\\/#respond\"]}]},{\"@type\":\"WebPage\",\"@id\":\"https:\\\/\\\/centrourbano.com\\\/revista\\\/inmobiliario\\\/fibra-macquarie-invertira-800-mdp-para-parque-industrial-en-cuautitlan\\\/\",\"url\":\"https:\\\/\\\/centrourbano.com\\\/revista\\\/inmobiliario\\\/fibra-macquarie-invertira-800-mdp-para-parque-industrial-en-cuautitlan\\\/\",\"name\":\"Fibra Macquarie invertir\u00e1 800 mdp para parque industrial en Cuautitl\u00e1n\",\"isPartOf\":{\"@id\":\"https:\\\/\\\/centrourbano.com\\\/revista\\\/#website\"},\"primaryImageOfPage\":{\"@id\":\"https:\\\/\\\/centrourbano.com\\\/revista\\\/inmobiliario\\\/fibra-macquarie-invertira-800-mdp-para-parque-industrial-en-cuautitlan\\\/#primaryimage\"},\"image\":{\"@id\":\"https:\\\/\\\/centrourbano.com\\\/revista\\\/inmobiliario\\\/fibra-macquarie-invertira-800-mdp-para-parque-industrial-en-cuautitlan\\\/#primaryimage\"},\"thumbnailUrl\":\"https:\\\/\\\/centrourbano.com\\\/revista\\\/wp-content\\\/uploads\\\/FYh03ktWIAstBgq-scaled.jpg\",\"datePublished\":\"2022-07-27T13:15:09+00:00\",\"description\":\"La inversi\u00f3n de Fibra Macquarie funcionar\u00e1 para la construcci\u00f3n de Blue Logistics Park, el cual generar\u00e1 700 empleos\",\"breadcrumb\":{\"@id\":\"https:\\\/\\\/centrourbano.com\\\/revista\\\/inmobiliario\\\/fibra-macquarie-invertira-800-mdp-para-parque-industrial-en-cuautitlan\\\/#breadcrumb\"},\"inLanguage\":\"es\",\"potentialAction\":[{\"@type\":\"ReadAction\",\"target\":[\"https:\\\/\\\/centrourbano.com\\\/revista\\\/inmobiliario\\\/fibra-macquarie-invertira-800-mdp-para-parque-industrial-en-cuautitlan\\\/\"]}]},{\"@type\":\"ImageObject\",\"inLanguage\":\"es\",\"@id\":\"https:\\\/\\\/centrourbano.com\\\/revista\\\/inmobiliario\\\/fibra-macquarie-invertira-800-mdp-para-parque-industrial-en-cuautitlan\\\/#primaryimage\",\"url\":\"https:\\\/\\\/centrourbano.com\\\/revista\\\/wp-content\\\/uploads\\\/FYh03ktWIAstBgq-scaled.jpg\",\"contentUrl\":\"https:\\\/\\\/centrourbano.com\\\/revista\\\/wp-content\\\/uploads\\\/FYh03ktWIAstBgq-scaled.jpg\",\"width\":2560,\"height\":2560,\"caption\":\"La inversi\u00f3n de Macquarie funcionar\u00e1 para la construcci\u00f3n de Blue Logistics Park, el cual generar\u00e1 700 empleos\"},{\"@type\":\"BreadcrumbList\",\"@id\":\"https:\\\/\\\/centrourbano.com\\\/revista\\\/inmobiliario\\\/fibra-macquarie-invertira-800-mdp-para-parque-industrial-en-cuautitlan\\\/#breadcrumb\",\"itemListElement\":[{\"@type\":\"ListItem\",\"position\":1,\"name\":\"Portada\",\"item\":\"https:\\\/\\\/centrourbano.com\\\/revista\\\/\"},{\"@type\":\"ListItem\",\"position\":2,\"name\":\"Fibra Macquarie invertir\u00e1 800 mdp para parque industrial en Cuautitl\u00e1n\"}]},{\"@type\":\"WebSite\",\"@id\":\"https:\\\/\\\/centrourbano.com\\\/revista\\\/#website\",\"url\":\"https:\\\/\\\/centrourbano.com\\\/revista\\\/\",\"name\":\"Centro Urbano\",\"description\":\"Medio especializado en los sectores vivienda, inmobiliario, construcci\u00f3n, arquitectura y urbanismo.\",\"publisher\":{\"@id\":\"https:\\\/\\\/centrourbano.com\\\/revista\\\/#organization\"},\"potentialAction\":[{\"@type\":\"SearchAction\",\"target\":{\"@type\":\"EntryPoint\",\"urlTemplate\":\"https:\\\/\\\/centrourbano.com\\\/revista\\\/?s={search_term_string}\"},\"query-input\":{\"@type\":\"PropertyValueSpecification\",\"valueRequired\":true,\"valueName\":\"search_term_string\"}}],\"inLanguage\":\"es\"},{\"@type\":\"Organization\",\"@id\":\"https:\\\/\\\/centrourbano.com\\\/revista\\\/#organization\",\"name\":\"Centro Urbano\",\"url\":\"https:\\\/\\\/centrourbano.com\\\/revista\\\/\",\"logo\":{\"@type\":\"ImageObject\",\"inLanguage\":\"es\",\"@id\":\"https:\\\/\\\/centrourbano.com\\\/revista\\\/#\\\/schema\\\/logo\\\/image\\\/\",\"url\":\"https:\\\/\\\/centrourbano.com\\\/revista\\\/wp-content\\\/uploads\\\/web_CU_logo-1.png\",\"contentUrl\":\"https:\\\/\\\/centrourbano.com\\\/revista\\\/wp-content\\\/uploads\\\/web_CU_logo-1.png\",\"width\":350,\"height\":91,\"caption\":\"Centro Urbano\"},\"image\":{\"@id\":\"https:\\\/\\\/centrourbano.com\\\/revista\\\/#\\\/schema\\\/logo\\\/image\\\/\"},\"sameAs\":[\"https:\\\/\\\/www.facebook.com\\\/portalcentrourbano\",\"https:\\\/\\\/x.com\\\/CentroUrbano\",\"https:\\\/\\\/www.instagram.com\\\/centro_urbano\\\/\",\"https:\\\/\\\/www.linkedin.com\\\/company\\\/centro-urbano\\\/\",\"http:\\\/\\\/www.youtube.com\\\/user\\\/portalcentrourbano\"]},{\"@type\":\"Person\",\"@id\":\"https:\\\/\\\/centrourbano.com\\\/revista\\\/#\\\/schema\\\/person\\\/910180bf1a924c1932a01f6032f5991a\",\"name\":\"Jackeline Valle\",\"image\":{\"@type\":\"ImageObject\",\"inLanguage\":\"es\",\"@id\":\"https:\\\/\\\/secure.gravatar.com\\\/avatar\\\/6dfa6899b228d3621bbf2fb01332e7e4b7afc7cd1374760becdb163b7f5436dd?s=96&d=mm&r=g\",\"url\":\"https:\\\/\\\/secure.gravatar.com\\\/avatar\\\/6dfa6899b228d3621bbf2fb01332e7e4b7afc7cd1374760becdb163b7f5436dd?s=96&d=mm&r=g\",\"contentUrl\":\"https:\\\/\\\/secure.gravatar.com\\\/avatar\\\/6dfa6899b228d3621bbf2fb01332e7e4b7afc7cd1374760becdb163b7f5436dd?s=96&d=mm&r=g\",\"caption\":\"Jackeline Valle\"},\"description\":\"Reportera en Centro Urbano. Egresada de la Licenciatura en Comunicaci\u00f3n y Cultura por la Universidad Aut\u00f3noma de la Ciudad de M\u00e9xico (UACM). Interesada en cine y la cultura. Apasionada de los deportes electr\u00f3nicos y el desarrollo de medios audiovisuales.\",\"url\":\"https:\\\/\\\/centrourbano.com\\\/revista\\\/author\\\/jackeline-valle\\\/\"}]}<\/script>\n<!-- \/ Yoast SEO plugin. -->","yoast_head_json":{"title":"Fibra Macquarie invertir\u00e1 800 mdp para parque industrial en Cuautitl\u00e1n","description":"La inversi\u00f3n de Fibra Macquarie funcionar\u00e1 para la construcci\u00f3n de Blue Logistics Park, el cual generar\u00e1 700 empleos","robots":{"index":"index","follow":"follow","max-snippet":"max-snippet:-1","max-image-preview":"max-image-preview:large","max-video-preview":"max-video-preview:-1"},"canonical":"https:\/\/centrourbano.com\/revista\/inmobiliario\/fibra-macquarie-invertira-800-mdp-para-parque-industrial-en-cuautitlan\/","og_locale":"es_ES","og_type":"article","og_title":"Fibra Macquarie invertir\u00e1 800 mdp para parque industrial en Cuautitl\u00e1n","og_description":"La inversi\u00f3n de Fibra Macquarie funcionar\u00e1 para la construcci\u00f3n de Blue Logistics Park, el cual generar\u00e1 700 empleos","og_url":"https:\/\/centrourbano.com\/revista\/inmobiliario\/fibra-macquarie-invertira-800-mdp-para-parque-industrial-en-cuautitlan\/","og_site_name":"Centro Urbano","article_publisher":"https:\/\/www.facebook.com\/portalcentrourbano","article_published_time":"2022-07-27T13:15:09+00:00","og_image":[{"width":2560,"height":2560,"url":"https:\/\/centrourbano.com\/revista\/wp-content\/uploads\/FYh03ktWIAstBgq-scaled.jpg","type":"image\/jpeg"}],"author":"Jackeline Valle","twitter_card":"summary_large_image","twitter_creator":"@CentroUrbano","twitter_site":"@CentroUrbano","twitter_misc":{"Escrito por":"Jackeline Valle","Tiempo de lectura":"1 minuto"},"schema":{"@context":"https:\/\/schema.org","@graph":[{"@type":"Article","@id":"https:\/\/centrourbano.com\/revista\/inmobiliario\/fibra-macquarie-invertira-800-mdp-para-parque-industrial-en-cuautitlan\/#article","isPartOf":{"@id":"https:\/\/centrourbano.com\/revista\/inmobiliario\/fibra-macquarie-invertira-800-mdp-para-parque-industrial-en-cuautitlan\/"},"author":{"name":"Jackeline Valle","@id":"https:\/\/centrourbano.com\/revista\/#\/schema\/person\/910180bf1a924c1932a01f6032f5991a"},"headline":"Fibra Macquarie invertir\u00e1 800 mdp para parque industrial en Cuautitl\u00e1n","datePublished":"2022-07-27T13:15:09+00:00","mainEntityOfPage":{"@id":"https:\/\/centrourbano.com\/revista\/inmobiliario\/fibra-macquarie-invertira-800-mdp-para-parque-industrial-en-cuautitlan\/"},"wordCount":215,"commentCount":0,"publisher":{"@id":"https:\/\/centrourbano.com\/revista\/#organization"},"image":{"@id":"https:\/\/centrourbano.com\/revista\/inmobiliario\/fibra-macquarie-invertira-800-mdp-para-parque-industrial-en-cuautitlan\/#primaryimage"},"thumbnailUrl":"https:\/\/centrourbano.com\/revista\/wp-content\/uploads\/FYh03ktWIAstBgq-scaled.jpg","keywords":["actividad inmobiliaria industrial","Corredor Industrial CTT","naves industriales","parques industriales"],"articleSection":["Inmobiliario"],"inLanguage":"es","potentialAction":[{"@type":"CommentAction","name":"Comment","target":["https:\/\/centrourbano.com\/revista\/inmobiliario\/fibra-macquarie-invertira-800-mdp-para-parque-industrial-en-cuautitlan\/#respond"]}]},{"@type":"WebPage","@id":"https:\/\/centrourbano.com\/revista\/inmobiliario\/fibra-macquarie-invertira-800-mdp-para-parque-industrial-en-cuautitlan\/","url":"https:\/\/centrourbano.com\/revista\/inmobiliario\/fibra-macquarie-invertira-800-mdp-para-parque-industrial-en-cuautitlan\/","name":"Fibra Macquarie invertir\u00e1 800 mdp para parque industrial en Cuautitl\u00e1n","isPartOf":{"@id":"https:\/\/centrourbano.com\/revista\/#website"},"primaryImageOfPage":{"@id":"https:\/\/centrourbano.com\/revista\/inmobiliario\/fibra-macquarie-invertira-800-mdp-para-parque-industrial-en-cuautitlan\/#primaryimage"},"image":{"@id":"https:\/\/centrourbano.com\/revista\/inmobiliario\/fibra-macquarie-invertira-800-mdp-para-parque-industrial-en-cuautitlan\/#primaryimage"},"thumbnailUrl":"https:\/\/centrourbano.com\/revista\/wp-content\/uploads\/FYh03ktWIAstBgq-scaled.jpg","datePublished":"2022-07-27T13:15:09+00:00","description":"La inversi\u00f3n de Fibra Macquarie funcionar\u00e1 para la construcci\u00f3n de Blue Logistics Park, el cual generar\u00e1 700 empleos","breadcrumb":{"@id":"https:\/\/centrourbano.com\/revista\/inmobiliario\/fibra-macquarie-invertira-800-mdp-para-parque-industrial-en-cuautitlan\/#breadcrumb"},"inLanguage":"es","potentialAction":[{"@type":"ReadAction","target":["https:\/\/centrourbano.com\/revista\/inmobiliario\/fibra-macquarie-invertira-800-mdp-para-parque-industrial-en-cuautitlan\/"]}]},{"@type":"ImageObject","inLanguage":"es","@id":"https:\/\/centrourbano.com\/revista\/inmobiliario\/fibra-macquarie-invertira-800-mdp-para-parque-industrial-en-cuautitlan\/#primaryimage","url":"https:\/\/centrourbano.com\/revista\/wp-content\/uploads\/FYh03ktWIAstBgq-scaled.jpg","contentUrl":"https:\/\/centrourbano.com\/revista\/wp-content\/uploads\/FYh03ktWIAstBgq-scaled.jpg","width":2560,"height":2560,"caption":"La inversi\u00f3n de Macquarie funcionar\u00e1 para la construcci\u00f3n de Blue Logistics Park, el cual generar\u00e1 700 empleos"},{"@type":"BreadcrumbList","@id":"https:\/\/centrourbano.com\/revista\/inmobiliario\/fibra-macquarie-invertira-800-mdp-para-parque-industrial-en-cuautitlan\/#breadcrumb","itemListElement":[{"@type":"ListItem","position":1,"name":"Portada","item":"https:\/\/centrourbano.com\/revista\/"},{"@type":"ListItem","position":2,"name":"Fibra Macquarie invertir\u00e1 800 mdp para parque industrial en Cuautitl\u00e1n"}]},{"@type":"WebSite","@id":"https:\/\/centrourbano.com\/revista\/#website","url":"https:\/\/centrourbano.com\/revista\/","name":"Centro Urbano","description":"Medio especializado en los sectores vivienda, inmobiliario, construcci\u00f3n, arquitectura y urbanismo.","publisher":{"@id":"https:\/\/centrourbano.com\/revista\/#organization"},"potentialAction":[{"@type":"SearchAction","target":{"@type":"EntryPoint","urlTemplate":"https:\/\/centrourbano.com\/revista\/?s={search_term_string}"},"query-input":{"@type":"PropertyValueSpecification","valueRequired":true,"valueName":"search_term_string"}}],"inLanguage":"es"},{"@type":"Organization","@id":"https:\/\/centrourbano.com\/revista\/#organization","name":"Centro Urbano","url":"https:\/\/centrourbano.com\/revista\/","logo":{"@type":"ImageObject","inLanguage":"es","@id":"https:\/\/centrourbano.com\/revista\/#\/schema\/logo\/image\/","url":"https:\/\/centrourbano.com\/revista\/wp-content\/uploads\/web_CU_logo-1.png","contentUrl":"https:\/\/centrourbano.com\/revista\/wp-content\/uploads\/web_CU_logo-1.png","width":350,"height":91,"caption":"Centro Urbano"},"image":{"@id":"https:\/\/centrourbano.com\/revista\/#\/schema\/logo\/image\/"},"sameAs":["https:\/\/www.facebook.com\/portalcentrourbano","https:\/\/x.com\/CentroUrbano","https:\/\/www.instagram.com\/centro_urbano\/","https:\/\/www.linkedin.com\/company\/centro-urbano\/","http:\/\/www.youtube.com\/user\/portalcentrourbano"]},{"@type":"Person","@id":"https:\/\/centrourbano.com\/revista\/#\/schema\/person\/910180bf1a924c1932a01f6032f5991a","name":"Jackeline Valle","image":{"@type":"ImageObject","inLanguage":"es","@id":"https:\/\/secure.gravatar.com\/avatar\/6dfa6899b228d3621bbf2fb01332e7e4b7afc7cd1374760becdb163b7f5436dd?s=96&d=mm&r=g","url":"https:\/\/secure.gravatar.com\/avatar\/6dfa6899b228d3621bbf2fb01332e7e4b7afc7cd1374760becdb163b7f5436dd?s=96&d=mm&r=g","contentUrl":"https:\/\/secure.gravatar.com\/avatar\/6dfa6899b228d3621bbf2fb01332e7e4b7afc7cd1374760becdb163b7f5436dd?s=96&d=mm&r=g","caption":"Jackeline Valle"},"description":"Reportera en Centro Urbano. Egresada de la Licenciatura en Comunicaci\u00f3n y Cultura por la Universidad Aut\u00f3noma de la Ciudad de M\u00e9xico (UACM). Interesada en cine y la cultura. Apasionada de los deportes electr\u00f3nicos y el desarrollo de medios audiovisuales.","url":"https:\/\/centrourbano.com\/revista\/author\/jackeline-valle\/"}]}},"_links":{"self":[{"href":"https:\/\/centrourbano.com\/revista\/wp-json\/wp\/v2\/posts\/132302","targetHints":{"allow":["GET"]}}],"collection":[{"href":"https:\/\/centrourbano.com\/revista\/wp-json\/wp\/v2\/posts"}],"about":[{"href":"https:\/\/centrourbano.com\/revista\/wp-json\/wp\/v2\/types\/post"}],"author":[{"embeddable":true,"href":"https:\/\/centrourbano.com\/revista\/wp-json\/wp\/v2\/users\/80"}],"replies":[{"embeddable":true,"href":"https:\/\/centrourbano.com\/revista\/wp-json\/wp\/v2\/comments?post=132302"}],"version-history":[{"count":1,"href":"https:\/\/centrourbano.com\/revista\/wp-json\/wp\/v2\/posts\/132302\/revisions"}],"predecessor-version":[{"id":132309,"href":"https:\/\/centrourbano.com\/revista\/wp-json\/wp\/v2\/posts\/132302\/revisions\/132309"}],"wp:featuredmedia":[{"embeddable":true,"href":"https:\/\/centrourbano.com\/revista\/wp-json\/wp\/v2\/media\/132303"}],"wp:attachment":[{"href":"https:\/\/centrourbano.com\/revista\/wp-json\/wp\/v2\/media?parent=132302"}],"wp:term":[{"taxonomy":"category","embeddable":true,"href":"https:\/\/centrourbano.com\/revista\/wp-json\/wp\/v2\/categories?post=132302"},{"taxonomy":"post_tag","embeddable":true,"href":"https:\/\/centrourbano.com\/revista\/wp-json\/wp\/v2\/tags?post=132302"}],"curies":[{"name":"wp","href":"https:\/\/api.w.org\/{rel}","templated":true}]}}