{"id":132115,"date":"2022-07-19T14:25:29","date_gmt":"2022-07-19T19:25:29","guid":{"rendered":"https:\/\/centrourbano.com\/?p=132115"},"modified":"2022-07-19T14:25:29","modified_gmt":"2022-07-19T19:25:29","slug":"innovacion-social-hacia-la-gobernanza-urbana-efectiva","status":"publish","type":"post","link":"https:\/\/centrourbano.com\/revista\/opinion\/blog-de-urbanismo\/innovacion-social-hacia-la-gobernanza-urbana-efectiva\/","title":{"rendered":"Innovaci\u00f3n social hacia la gobernanza urbana efectiva"},"content":{"rendered":"<p><strong>Por Andr\u00e9s Chama*<\/strong><!--more--><\/p>\n<p>En una actualidad donde los retos globales tienen cada vez m\u00e1s influencia y dimensi\u00f3n en las tan diversas escalas locales, los mayores esfuerzos comunes de la humanidad apuntar\u00e1n al primer lugar que compartimos, la ciudad. Esta apuesta ha sido guiada a lo largo de la historia por el ideal de llevar la impresionante creaci\u00f3n de La ciudad, y por lo tanto a quienes la habitan, a \u00abprosperar\u00bb.<\/p>\n<p>Sin embargo, \u00bfC\u00f3mo se define una ciudad pr\u00f3spera? Acudiendo a una definici\u00f3n global, la Organizaci\u00f3n de las Naciones Unidas la posiciona como <em>aquella en donde los seres humanos encuentran bienestar individual y colectivo, con condiciones para atender sus necesidades b\u00e1sicas accediendo a bienes y servicios de manera suficiente<\/em>, donde al mismo tiempo, <em>tengan la posibilidad de realizar aspiraciones, ambiciones y otros aspectos intangibles de la vida<\/em>.<\/p>\n<p>Hoy, en el contexto de una reintegraci\u00f3n social a ra\u00edz de la pandemia por COVID-19, la batalla por la crisis clim\u00e1tica, un estado en proceso de recuperaci\u00f3n econ\u00f3mica y los ya preexistentes retos particulares de cada regi\u00f3n, el seguir guiando los incansables esfuerzos de la humanidad hacia la prosperidad pasa de ser un ideal a un aut\u00e9ntico modelo para la supervivencia.<\/p>\n<p>De la mano de las diversas convergencias tecnol\u00f3gicas, la inteligencia humana est\u00e1 en camino a contar con m\u00e1s y mejores herramientas para hacer frente a crisis multidimensionales, reestructuraciones socioecon\u00f3micas, y a la carrera por el desarrollo integral sostenible. Sin embargo, ser\u00e1 s\u00f3lo a trav\u00e9s de la sinergia generada por los esfuerzos conjuntos, diversos y coordinados, que las ciudades trascender\u00e1n de sus antiguos modelos de desarrollo a las ciudades que permitan mejores futuros ambientales, sociales y econ\u00f3micos; de ah\u00ed la creciente necesidad de replantear y redise\u00f1ar los modelos de las ciudades, y por lo tanto de nuestra existencia para las pr\u00f3ximas generaciones.<\/p>\n<p>Entonces toma sentido que, en palabras de Jacobs, <em>Las ciudades tengan la capacidad de proporcionar algo para todo el mundo, s\u00f3lo porque, y s\u00f3lo cuando, se creen para todo el mundo<\/em>, y ser\u00e1 a trav\u00e9s de procesos que fortalezcan modelos de gobernanza urbana efectiva, donde, desde la proximidad, sean pensados e implementados mecanismos de intervenci\u00f3n multisectorial en la gesti\u00f3n del territorio, suponiendo en perspectiva, procesos de innovaci\u00f3n social.<\/p>\n<p>Cabe aclarar que, al ser el prop\u00f3sito de la gobernanza el crear alianzas respecto a agendas y planes de acci\u00f3n, cada territorio deber\u00e1 emprender esfuerzos por dise\u00f1ar modelos que respondan a las condiciones, sistemas y retos particulares, haciendo una prioridad la integraci\u00f3n de ideas, estrategias y participaciones de actores en diferentes niveles y sectores.<\/p>\n<p>En consonancia, los profundos cambios que viven continuamente los espacios urbanos requieren de medidas sistem\u00e1ticas que permitan a los part\u00edcipes de la gobernanza, generar una cultura de resiliencia. Para ello, dos campos de la innovaci\u00f3n pueden ser la v\u00eda: la innovaci\u00f3n urbana y la innovaci\u00f3n social.<\/p>\n<p>Por ambos lados, existen tres orientaciones que deben promoverse: la conformaci\u00f3n de espacios orientados a favorecer el crecimiento econ\u00f3mico a trav\u00e9s de actividades innovadoras y creativas; la innovaci\u00f3n de pol\u00edticas p\u00fablicas urbanas como procesos en la administraci\u00f3n y gesti\u00f3n p\u00fablica, procesos de coproducci\u00f3n regionales o la creaci\u00f3n de mecanismos participativos; y por \u00faltimo, la incorporaci\u00f3n de pr\u00e1cticas de la sociedad civil a los contenidos y procesos sociopol\u00edticos locales, respondiendo a vulnerabilidades urbanas nuevas o no abordadas a trav\u00e9s de la implicaci\u00f3n y el apropiamiento, promocionando la cohesi\u00f3n e inclusi\u00f3n social.<\/p>\n<p>Desde esta perspectiva, la gobernanza supondr\u00e1 incentivar o ampliar el campo de las coaliciones hacia la prosperidad, tanto por sus actores, como su agenda y sus pr\u00e1cticas caracter\u00edsticas a trav\u00e9s de la innovaci\u00f3n socio-urbana, posicionando a la inclusi\u00f3n social y la tecnolog\u00eda como elementos determinantes en atenci\u00f3n a las vulnerabilidades y condiciones de cada entorno urbano.<\/p>\n<p>El desarrollo de la innovaci\u00f3n socio-urbana en cada territorio se ver\u00e1 potencializada o inhibida por las condiciones locales, no obstante, \u00e9ste depender\u00e1 en primer lugar de la confianza en la comunidad local y en el fortalecimiento de marcos cooperativos, representando una ventana de oportunidad su potencial incorporaci\u00f3n como una estrategia en el marco de futuros modelos de gobernanza en nuestras ciudades.<\/p>\n<p><!--more--><\/p>\n<p>Esta es una lectura sobre ciudades, y, por lo tanto, una lectura sobre quienes las habitan, una b\u00fasqueda a crear mejores futuros para ti, ellas y ellos.<br \/>\n<!--more--><\/p>\n<p style=\"text-align: right;\"><strong>*Andr\u00e9s Chama es un creativo, emprendedor y actor de cambio con estudios en desarrollo urbano, transformaci\u00f3n sostenible, e innovaci\u00f3n y creatividad en instituciones como la UAQ, la Universidad de Queensland, la Universidad de Harvard y el ITESM. <\/strong><\/p>\n<p style=\"text-align: right;\"><strong>Actualmente es Coordinador de Innovaci\u00f3n Urbana en la Subsecretar\u00eda para Asuntos Multilaterales y Derechos Humanos de la SRE.<\/strong><!--more--><\/p>\n","protected":false},"excerpt":{"rendered":"<p>Por Andr\u00e9s Chama*<\/p>\n","protected":false},"author":79,"featured_media":132119,"comment_status":"open","ping_status":"closed","sticky":false,"template":"","format":"standard","meta":{"om_disable_all_campaigns":false,"inline_featured_image":false,"_monsterinsights_skip_tracking":false,"_monsterinsights_sitenote_active":false,"_monsterinsights_sitenote_note":"","_monsterinsights_sitenote_category":0,"footnotes":""},"categories":[242,5817,5,82],"tags":[21874,4311,20938,21872,21873,163,6156],"class_list":["post-132115","post","type-post","status-publish","format-standard","has-post-thumbnail","hentry","category-blog-de-invitado","category-blog-de-urbanismo","category-opinion","category-urbanismo","tag-andres-chama","tag-columna","tag-gobernanza","tag-gobernanza-urbana","tag-innovacion-social","tag-opinion","tag-urbanismo"],"yoast_head":"<!-- This site is optimized with the Yoast SEO plugin v27.5 - https:\/\/yoast.com\/product\/yoast-seo-wordpress\/ -->\n<title>Innovaci\u00f3n social hacia la gobernanza urbana efectiva<\/title>\n<meta name=\"description\" content=\"Los cambios que viven continuamente los espacios urbanos requieren de medidas sistem\u00e1ticas que permitan generar una cultura de resiliencia\" \/>\n<meta name=\"robots\" content=\"index, follow, max-snippet:-1, max-image-preview:large, max-video-preview:-1\" \/>\n<link rel=\"canonical\" href=\"https:\/\/centrourbano.com\/revista\/opinion\/blog-de-urbanismo\/innovacion-social-hacia-la-gobernanza-urbana-efectiva\/\" \/>\n<meta property=\"og:locale\" content=\"es_ES\" \/>\n<meta property=\"og:type\" content=\"article\" \/>\n<meta property=\"og:title\" content=\"Innovaci\u00f3n social hacia la gobernanza urbana efectiva\" \/>\n<meta property=\"og:description\" content=\"Los cambios que viven continuamente los espacios urbanos requieren de medidas sistem\u00e1ticas que permitan generar una cultura de resiliencia\" \/>\n<meta property=\"og:url\" content=\"https:\/\/centrourbano.com\/revista\/opinion\/blog-de-urbanismo\/innovacion-social-hacia-la-gobernanza-urbana-efectiva\/\" \/>\n<meta property=\"og:site_name\" content=\"Centro Urbano\" \/>\n<meta property=\"article:publisher\" content=\"https:\/\/www.facebook.com\/portalcentrourbano\" \/>\n<meta property=\"article:published_time\" content=\"2022-07-19T19:25:29+00:00\" \/>\n<meta property=\"og:image\" content=\"https:\/\/centrourbano.com\/revista\/wp-content\/uploads\/Andre\u0301s.jpg\" \/>\n\t<meta property=\"og:image:width\" content=\"1156\" \/>\n\t<meta property=\"og:image:height\" content=\"1156\" \/>\n\t<meta property=\"og:image:type\" content=\"image\/jpeg\" \/>\n<meta name=\"author\" content=\"Columnista invitado\" \/>\n<meta name=\"twitter:card\" content=\"summary_large_image\" \/>\n<meta name=\"twitter:creator\" content=\"@CentroUrbano\" \/>\n<meta name=\"twitter:site\" content=\"@CentroUrbano\" \/>\n<meta name=\"twitter:label1\" content=\"Escrito por\" \/>\n\t<meta name=\"twitter:data1\" content=\"Columnista invitado\" \/>\n\t<meta name=\"twitter:label2\" content=\"Tiempo de lectura\" \/>\n\t<meta name=\"twitter:data2\" content=\"4 minutos\" \/>\n<script type=\"application\/ld+json\" class=\"yoast-schema-graph\">{\"@context\":\"https:\\\/\\\/schema.org\",\"@graph\":[{\"@type\":\"Article\",\"@id\":\"https:\\\/\\\/centrourbano.com\\\/revista\\\/opinion\\\/blog-de-urbanismo\\\/innovacion-social-hacia-la-gobernanza-urbana-efectiva\\\/#article\",\"isPartOf\":{\"@id\":\"https:\\\/\\\/centrourbano.com\\\/revista\\\/opinion\\\/blog-de-urbanismo\\\/innovacion-social-hacia-la-gobernanza-urbana-efectiva\\\/\"},\"author\":{\"name\":\"Columnista invitado\",\"@id\":\"https:\\\/\\\/centrourbano.com\\\/revista\\\/#\\\/schema\\\/person\\\/e6418535cf1773eb361a8547aef500f5\"},\"headline\":\"Innovaci\u00f3n social hacia la gobernanza urbana efectiva\",\"datePublished\":\"2022-07-19T19:25:29+00:00\",\"mainEntityOfPage\":{\"@id\":\"https:\\\/\\\/centrourbano.com\\\/revista\\\/opinion\\\/blog-de-urbanismo\\\/innovacion-social-hacia-la-gobernanza-urbana-efectiva\\\/\"},\"wordCount\":838,\"commentCount\":0,\"publisher\":{\"@id\":\"https:\\\/\\\/centrourbano.com\\\/revista\\\/#organization\"},\"image\":{\"@id\":\"https:\\\/\\\/centrourbano.com\\\/revista\\\/opinion\\\/blog-de-urbanismo\\\/innovacion-social-hacia-la-gobernanza-urbana-efectiva\\\/#primaryimage\"},\"thumbnailUrl\":\"https:\\\/\\\/centrourbano.com\\\/revista\\\/wp-content\\\/uploads\\\/Andre\u0301s.jpg\",\"keywords\":[\"Andr\u00e9s Chama\",\"Columna\",\"gobernanza\",\"gobernanza urbana\",\"innovaci\u00f3n social\",\"Opini\u00f3n\",\"Urbanismo\"],\"articleSection\":[\"En la opini\u00f3n de\",\"Hablemos de Urbanismo\",\"Opini\u00f3n\",\"Urbanismo\"],\"inLanguage\":\"es\",\"potentialAction\":[{\"@type\":\"CommentAction\",\"name\":\"Comment\",\"target\":[\"https:\\\/\\\/centrourbano.com\\\/revista\\\/opinion\\\/blog-de-urbanismo\\\/innovacion-social-hacia-la-gobernanza-urbana-efectiva\\\/#respond\"]}]},{\"@type\":\"WebPage\",\"@id\":\"https:\\\/\\\/centrourbano.com\\\/revista\\\/opinion\\\/blog-de-urbanismo\\\/innovacion-social-hacia-la-gobernanza-urbana-efectiva\\\/\",\"url\":\"https:\\\/\\\/centrourbano.com\\\/revista\\\/opinion\\\/blog-de-urbanismo\\\/innovacion-social-hacia-la-gobernanza-urbana-efectiva\\\/\",\"name\":\"Innovaci\u00f3n social hacia la gobernanza urbana efectiva\",\"isPartOf\":{\"@id\":\"https:\\\/\\\/centrourbano.com\\\/revista\\\/#website\"},\"primaryImageOfPage\":{\"@id\":\"https:\\\/\\\/centrourbano.com\\\/revista\\\/opinion\\\/blog-de-urbanismo\\\/innovacion-social-hacia-la-gobernanza-urbana-efectiva\\\/#primaryimage\"},\"image\":{\"@id\":\"https:\\\/\\\/centrourbano.com\\\/revista\\\/opinion\\\/blog-de-urbanismo\\\/innovacion-social-hacia-la-gobernanza-urbana-efectiva\\\/#primaryimage\"},\"thumbnailUrl\":\"https:\\\/\\\/centrourbano.com\\\/revista\\\/wp-content\\\/uploads\\\/Andre\u0301s.jpg\",\"datePublished\":\"2022-07-19T19:25:29+00:00\",\"description\":\"Los cambios que viven continuamente los espacios urbanos requieren de medidas sistem\u00e1ticas que permitan generar una cultura de resiliencia\",\"breadcrumb\":{\"@id\":\"https:\\\/\\\/centrourbano.com\\\/revista\\\/opinion\\\/blog-de-urbanismo\\\/innovacion-social-hacia-la-gobernanza-urbana-efectiva\\\/#breadcrumb\"},\"inLanguage\":\"es\",\"potentialAction\":[{\"@type\":\"ReadAction\",\"target\":[\"https:\\\/\\\/centrourbano.com\\\/revista\\\/opinion\\\/blog-de-urbanismo\\\/innovacion-social-hacia-la-gobernanza-urbana-efectiva\\\/\"]}]},{\"@type\":\"ImageObject\",\"inLanguage\":\"es\",\"@id\":\"https:\\\/\\\/centrourbano.com\\\/revista\\\/opinion\\\/blog-de-urbanismo\\\/innovacion-social-hacia-la-gobernanza-urbana-efectiva\\\/#primaryimage\",\"url\":\"https:\\\/\\\/centrourbano.com\\\/revista\\\/wp-content\\\/uploads\\\/Andre\u0301s.jpg\",\"contentUrl\":\"https:\\\/\\\/centrourbano.com\\\/revista\\\/wp-content\\\/uploads\\\/Andre\u0301s.jpg\",\"width\":1156,\"height\":1156,\"caption\":\"Innovaci\u00f3n social hacia la gobernanza urbana efectiva\"},{\"@type\":\"BreadcrumbList\",\"@id\":\"https:\\\/\\\/centrourbano.com\\\/revista\\\/opinion\\\/blog-de-urbanismo\\\/innovacion-social-hacia-la-gobernanza-urbana-efectiva\\\/#breadcrumb\",\"itemListElement\":[{\"@type\":\"ListItem\",\"position\":1,\"name\":\"Portada\",\"item\":\"https:\\\/\\\/centrourbano.com\\\/revista\\\/\"},{\"@type\":\"ListItem\",\"position\":2,\"name\":\"Innovaci\u00f3n social hacia la gobernanza urbana efectiva\"}]},{\"@type\":\"WebSite\",\"@id\":\"https:\\\/\\\/centrourbano.com\\\/revista\\\/#website\",\"url\":\"https:\\\/\\\/centrourbano.com\\\/revista\\\/\",\"name\":\"Centro Urbano\",\"description\":\"Medio especializado en los sectores vivienda, inmobiliario, construcci\u00f3n, arquitectura y urbanismo.\",\"publisher\":{\"@id\":\"https:\\\/\\\/centrourbano.com\\\/revista\\\/#organization\"},\"potentialAction\":[{\"@type\":\"SearchAction\",\"target\":{\"@type\":\"EntryPoint\",\"urlTemplate\":\"https:\\\/\\\/centrourbano.com\\\/revista\\\/?s={search_term_string}\"},\"query-input\":{\"@type\":\"PropertyValueSpecification\",\"valueRequired\":true,\"valueName\":\"search_term_string\"}}],\"inLanguage\":\"es\"},{\"@type\":\"Organization\",\"@id\":\"https:\\\/\\\/centrourbano.com\\\/revista\\\/#organization\",\"name\":\"Centro Urbano\",\"url\":\"https:\\\/\\\/centrourbano.com\\\/revista\\\/\",\"logo\":{\"@type\":\"ImageObject\",\"inLanguage\":\"es\",\"@id\":\"https:\\\/\\\/centrourbano.com\\\/revista\\\/#\\\/schema\\\/logo\\\/image\\\/\",\"url\":\"https:\\\/\\\/centrourbano.com\\\/revista\\\/wp-content\\\/uploads\\\/web_CU_logo-1.png\",\"contentUrl\":\"https:\\\/\\\/centrourbano.com\\\/revista\\\/wp-content\\\/uploads\\\/web_CU_logo-1.png\",\"width\":350,\"height\":91,\"caption\":\"Centro Urbano\"},\"image\":{\"@id\":\"https:\\\/\\\/centrourbano.com\\\/revista\\\/#\\\/schema\\\/logo\\\/image\\\/\"},\"sameAs\":[\"https:\\\/\\\/www.facebook.com\\\/portalcentrourbano\",\"https:\\\/\\\/x.com\\\/CentroUrbano\",\"https:\\\/\\\/www.instagram.com\\\/centro_urbano\\\/\",\"https:\\\/\\\/www.linkedin.com\\\/company\\\/centro-urbano\\\/\",\"http:\\\/\\\/www.youtube.com\\\/user\\\/portalcentrourbano\"]},{\"@type\":\"Person\",\"@id\":\"https:\\\/\\\/centrourbano.com\\\/revista\\\/#\\\/schema\\\/person\\\/e6418535cf1773eb361a8547aef500f5\",\"name\":\"Columnista invitado\",\"image\":{\"@type\":\"ImageObject\",\"inLanguage\":\"es\",\"@id\":\"https:\\\/\\\/secure.gravatar.com\\\/avatar\\\/28ad1e0627b854b5cf28ba6c846a14c308bb67d33df98f6677cc46fe92222ece?s=96&d=mm&r=g\",\"url\":\"https:\\\/\\\/secure.gravatar.com\\\/avatar\\\/28ad1e0627b854b5cf28ba6c846a14c308bb67d33df98f6677cc46fe92222ece?s=96&d=mm&r=g\",\"contentUrl\":\"https:\\\/\\\/secure.gravatar.com\\\/avatar\\\/28ad1e0627b854b5cf28ba6c846a14c308bb67d33df98f6677cc46fe92222ece?s=96&d=mm&r=g\",\"caption\":\"Columnista invitado\"},\"url\":\"https:\\\/\\\/centrourbano.com\\\/revista\\\/author\\\/columnista-invitado\\\/\"}]}<\/script>\n<!-- \/ Yoast SEO plugin. -->","yoast_head_json":{"title":"Innovaci\u00f3n social hacia la gobernanza urbana efectiva","description":"Los cambios que viven continuamente los espacios urbanos requieren de medidas sistem\u00e1ticas que permitan generar una cultura de resiliencia","robots":{"index":"index","follow":"follow","max-snippet":"max-snippet:-1","max-image-preview":"max-image-preview:large","max-video-preview":"max-video-preview:-1"},"canonical":"https:\/\/centrourbano.com\/revista\/opinion\/blog-de-urbanismo\/innovacion-social-hacia-la-gobernanza-urbana-efectiva\/","og_locale":"es_ES","og_type":"article","og_title":"Innovaci\u00f3n social hacia la gobernanza urbana efectiva","og_description":"Los cambios que viven continuamente los espacios urbanos requieren de medidas sistem\u00e1ticas que permitan generar una cultura de resiliencia","og_url":"https:\/\/centrourbano.com\/revista\/opinion\/blog-de-urbanismo\/innovacion-social-hacia-la-gobernanza-urbana-efectiva\/","og_site_name":"Centro Urbano","article_publisher":"https:\/\/www.facebook.com\/portalcentrourbano","article_published_time":"2022-07-19T19:25:29+00:00","og_image":[{"width":1156,"height":1156,"url":"https:\/\/centrourbano.com\/revista\/wp-content\/uploads\/Andre\u0301s.jpg","type":"image\/jpeg"}],"author":"Columnista invitado","twitter_card":"summary_large_image","twitter_creator":"@CentroUrbano","twitter_site":"@CentroUrbano","twitter_misc":{"Escrito por":"Columnista invitado","Tiempo de lectura":"4 minutos"},"schema":{"@context":"https:\/\/schema.org","@graph":[{"@type":"Article","@id":"https:\/\/centrourbano.com\/revista\/opinion\/blog-de-urbanismo\/innovacion-social-hacia-la-gobernanza-urbana-efectiva\/#article","isPartOf":{"@id":"https:\/\/centrourbano.com\/revista\/opinion\/blog-de-urbanismo\/innovacion-social-hacia-la-gobernanza-urbana-efectiva\/"},"author":{"name":"Columnista invitado","@id":"https:\/\/centrourbano.com\/revista\/#\/schema\/person\/e6418535cf1773eb361a8547aef500f5"},"headline":"Innovaci\u00f3n social hacia la gobernanza urbana efectiva","datePublished":"2022-07-19T19:25:29+00:00","mainEntityOfPage":{"@id":"https:\/\/centrourbano.com\/revista\/opinion\/blog-de-urbanismo\/innovacion-social-hacia-la-gobernanza-urbana-efectiva\/"},"wordCount":838,"commentCount":0,"publisher":{"@id":"https:\/\/centrourbano.com\/revista\/#organization"},"image":{"@id":"https:\/\/centrourbano.com\/revista\/opinion\/blog-de-urbanismo\/innovacion-social-hacia-la-gobernanza-urbana-efectiva\/#primaryimage"},"thumbnailUrl":"https:\/\/centrourbano.com\/revista\/wp-content\/uploads\/Andre\u0301s.jpg","keywords":["Andr\u00e9s Chama","Columna","gobernanza","gobernanza urbana","innovaci\u00f3n social","Opini\u00f3n","Urbanismo"],"articleSection":["En la opini\u00f3n de","Hablemos de Urbanismo","Opini\u00f3n","Urbanismo"],"inLanguage":"es","potentialAction":[{"@type":"CommentAction","name":"Comment","target":["https:\/\/centrourbano.com\/revista\/opinion\/blog-de-urbanismo\/innovacion-social-hacia-la-gobernanza-urbana-efectiva\/#respond"]}]},{"@type":"WebPage","@id":"https:\/\/centrourbano.com\/revista\/opinion\/blog-de-urbanismo\/innovacion-social-hacia-la-gobernanza-urbana-efectiva\/","url":"https:\/\/centrourbano.com\/revista\/opinion\/blog-de-urbanismo\/innovacion-social-hacia-la-gobernanza-urbana-efectiva\/","name":"Innovaci\u00f3n social hacia la gobernanza urbana efectiva","isPartOf":{"@id":"https:\/\/centrourbano.com\/revista\/#website"},"primaryImageOfPage":{"@id":"https:\/\/centrourbano.com\/revista\/opinion\/blog-de-urbanismo\/innovacion-social-hacia-la-gobernanza-urbana-efectiva\/#primaryimage"},"image":{"@id":"https:\/\/centrourbano.com\/revista\/opinion\/blog-de-urbanismo\/innovacion-social-hacia-la-gobernanza-urbana-efectiva\/#primaryimage"},"thumbnailUrl":"https:\/\/centrourbano.com\/revista\/wp-content\/uploads\/Andre\u0301s.jpg","datePublished":"2022-07-19T19:25:29+00:00","description":"Los cambios que viven continuamente los espacios urbanos requieren de medidas sistem\u00e1ticas que permitan generar una cultura de resiliencia","breadcrumb":{"@id":"https:\/\/centrourbano.com\/revista\/opinion\/blog-de-urbanismo\/innovacion-social-hacia-la-gobernanza-urbana-efectiva\/#breadcrumb"},"inLanguage":"es","potentialAction":[{"@type":"ReadAction","target":["https:\/\/centrourbano.com\/revista\/opinion\/blog-de-urbanismo\/innovacion-social-hacia-la-gobernanza-urbana-efectiva\/"]}]},{"@type":"ImageObject","inLanguage":"es","@id":"https:\/\/centrourbano.com\/revista\/opinion\/blog-de-urbanismo\/innovacion-social-hacia-la-gobernanza-urbana-efectiva\/#primaryimage","url":"https:\/\/centrourbano.com\/revista\/wp-content\/uploads\/Andre\u0301s.jpg","contentUrl":"https:\/\/centrourbano.com\/revista\/wp-content\/uploads\/Andre\u0301s.jpg","width":1156,"height":1156,"caption":"Innovaci\u00f3n social hacia la gobernanza urbana efectiva"},{"@type":"BreadcrumbList","@id":"https:\/\/centrourbano.com\/revista\/opinion\/blog-de-urbanismo\/innovacion-social-hacia-la-gobernanza-urbana-efectiva\/#breadcrumb","itemListElement":[{"@type":"ListItem","position":1,"name":"Portada","item":"https:\/\/centrourbano.com\/revista\/"},{"@type":"ListItem","position":2,"name":"Innovaci\u00f3n social hacia la gobernanza urbana efectiva"}]},{"@type":"WebSite","@id":"https:\/\/centrourbano.com\/revista\/#website","url":"https:\/\/centrourbano.com\/revista\/","name":"Centro Urbano","description":"Medio especializado en los sectores vivienda, inmobiliario, construcci\u00f3n, arquitectura y urbanismo.","publisher":{"@id":"https:\/\/centrourbano.com\/revista\/#organization"},"potentialAction":[{"@type":"SearchAction","target":{"@type":"EntryPoint","urlTemplate":"https:\/\/centrourbano.com\/revista\/?s={search_term_string}"},"query-input":{"@type":"PropertyValueSpecification","valueRequired":true,"valueName":"search_term_string"}}],"inLanguage":"es"},{"@type":"Organization","@id":"https:\/\/centrourbano.com\/revista\/#organization","name":"Centro Urbano","url":"https:\/\/centrourbano.com\/revista\/","logo":{"@type":"ImageObject","inLanguage":"es","@id":"https:\/\/centrourbano.com\/revista\/#\/schema\/logo\/image\/","url":"https:\/\/centrourbano.com\/revista\/wp-content\/uploads\/web_CU_logo-1.png","contentUrl":"https:\/\/centrourbano.com\/revista\/wp-content\/uploads\/web_CU_logo-1.png","width":350,"height":91,"caption":"Centro Urbano"},"image":{"@id":"https:\/\/centrourbano.com\/revista\/#\/schema\/logo\/image\/"},"sameAs":["https:\/\/www.facebook.com\/portalcentrourbano","https:\/\/x.com\/CentroUrbano","https:\/\/www.instagram.com\/centro_urbano\/","https:\/\/www.linkedin.com\/company\/centro-urbano\/","http:\/\/www.youtube.com\/user\/portalcentrourbano"]},{"@type":"Person","@id":"https:\/\/centrourbano.com\/revista\/#\/schema\/person\/e6418535cf1773eb361a8547aef500f5","name":"Columnista invitado","image":{"@type":"ImageObject","inLanguage":"es","@id":"https:\/\/secure.gravatar.com\/avatar\/28ad1e0627b854b5cf28ba6c846a14c308bb67d33df98f6677cc46fe92222ece?s=96&d=mm&r=g","url":"https:\/\/secure.gravatar.com\/avatar\/28ad1e0627b854b5cf28ba6c846a14c308bb67d33df98f6677cc46fe92222ece?s=96&d=mm&r=g","contentUrl":"https:\/\/secure.gravatar.com\/avatar\/28ad1e0627b854b5cf28ba6c846a14c308bb67d33df98f6677cc46fe92222ece?s=96&d=mm&r=g","caption":"Columnista invitado"},"url":"https:\/\/centrourbano.com\/revista\/author\/columnista-invitado\/"}]}},"_links":{"self":[{"href":"https:\/\/centrourbano.com\/revista\/wp-json\/wp\/v2\/posts\/132115","targetHints":{"allow":["GET"]}}],"collection":[{"href":"https:\/\/centrourbano.com\/revista\/wp-json\/wp\/v2\/posts"}],"about":[{"href":"https:\/\/centrourbano.com\/revista\/wp-json\/wp\/v2\/types\/post"}],"author":[{"embeddable":true,"href":"https:\/\/centrourbano.com\/revista\/wp-json\/wp\/v2\/users\/79"}],"replies":[{"embeddable":true,"href":"https:\/\/centrourbano.com\/revista\/wp-json\/wp\/v2\/comments?post=132115"}],"version-history":[{"count":3,"href":"https:\/\/centrourbano.com\/revista\/wp-json\/wp\/v2\/posts\/132115\/revisions"}],"predecessor-version":[{"id":132127,"href":"https:\/\/centrourbano.com\/revista\/wp-json\/wp\/v2\/posts\/132115\/revisions\/132127"}],"wp:featuredmedia":[{"embeddable":true,"href":"https:\/\/centrourbano.com\/revista\/wp-json\/wp\/v2\/media\/132119"}],"wp:attachment":[{"href":"https:\/\/centrourbano.com\/revista\/wp-json\/wp\/v2\/media?parent=132115"}],"wp:term":[{"taxonomy":"category","embeddable":true,"href":"https:\/\/centrourbano.com\/revista\/wp-json\/wp\/v2\/categories?post=132115"},{"taxonomy":"post_tag","embeddable":true,"href":"https:\/\/centrourbano.com\/revista\/wp-json\/wp\/v2\/tags?post=132115"}],"curies":[{"name":"wp","href":"https:\/\/api.w.org\/{rel}","templated":true}]}}