{"id":132012,"date":"2022-07-15T08:55:41","date_gmt":"2022-07-15T13:55:41","guid":{"rendered":"https:\/\/centrourbano.com\/?p=132012"},"modified":"2022-07-14T13:59:01","modified_gmt":"2022-07-14T18:59:01","slug":"construccion-industrial-monterrey-cierra-2t2022-con-1-4-millones-de-m2","status":"publish","type":"post","link":"https:\/\/centrourbano.com\/revista\/inmobiliario\/construccion-industrial-monterrey-cierra-2t2022-con-1-4-millones-de-m2\/","title":{"rendered":"Construcci\u00f3n industrial: Monterrey cierra 2T2022 con 1.4 millones de m2"},"content":{"rendered":"<p><em>Dentro de Monterrey, los corredores de Salinas Victoria y Apocada concentraron el 65% de las edificaciones industriales en construcci\u00f3n<\/em><!--more--><\/p>\n<p><strong>Al primer semestre del a\u00f1o, la demanda de los mercados industriales del norte condujo a que Monterrey obtuviera absorciones brutas de 463,000 y 430,000 metros cuadrados (m<sup>2<\/sup>). Situaci\u00f3n que increment\u00f3 las construcciones durante los dos primero semestre del 2022, que al cierre del segundo se situaron en 1.4 millones de metros cuadrados.<\/strong><\/p>\n<p>Dentro de las nuevas construcciones, los corredores de Salinas Victoria y Apocada concentraron el 65% de las edificaciones industriales del mercado. <strong>Asimismo, al analizar la composici\u00f3n de las construcciones en cuanto a las \u00e1reas, la mayor parte de las naves en edificaci\u00f3n corresponde a proyectos hechos a la medidas.<\/strong><\/p>\n<p>En cuanto a disponibilidad, los tama\u00f1os que lideran el mercado son de 10,000 m<sup>2<\/sup> a 20,000 m<sup>2<\/sup>. Sin embargo, las naves que se encuentran en edificaci\u00f3n abarcan un amplio abanico de tama\u00f1os donde se encuentran naves inferiores a los 10,000 m<sup>2<\/sup> hasta los 40,000 m<sup>2<\/sup> que corresponden a proyectos BTS.<\/p>\n<h2>\u00bfA que se debe el crecimiento en construcci\u00f3n?<\/h2>\n<p><strong>Monterrey es una de las ciudades que duplico su demanda en el primer trimestre de 2022 y aument\u00f3 37% durante el segundo. Cifras compradas con el a\u00f1o antecesor.<\/strong><\/p>\n<p>En 2020, la ciudad demandaba el 65% de lo que se registraba en Ciudad de M\u00e9xico, ahora al cierre del segundo trimestre del 2022, la situaci\u00f3n es contraria. Y, con ello se marc\u00f3 una diferencia pronunciada, hoy Monterrey registra un 150% de la absorci\u00f3n que reporta la capital de M\u00e9xico.<\/p>\n<p><strong>Este incremento en la absorci\u00f3n bruta sumado a un denso mercado de vacancia con 3%, form\u00f3 el detonante del impulso constructivo.<\/strong><\/p>\n<p>Sin embargo, la ciudad logr\u00f3 conjugar el desarrollo integral no solo en el sector industrial, tambi\u00e9n a avanza a la par en el segmento residencial. As\u00ed como en el corporativo y los complementos de uso comercial, recreaci\u00f3n, educativo y asistencia.<\/p>\n<p>&nbsp;<\/p>\n","protected":false},"excerpt":{"rendered":"<p>Dentro de Monterrey, los corredores de Salinas Victoria y Apocada concentraron el 65% de las edificaciones industriales en construcci\u00f3n<\/p>\n","protected":false},"author":80,"featured_media":132013,"comment_status":"open","ping_status":"closed","sticky":false,"template":"","format":"standard","meta":{"om_disable_all_campaigns":false,"inline_featured_image":false,"_monsterinsights_skip_tracking":false,"_monsterinsights_sitenote_active":false,"_monsterinsights_sitenote_note":"","_monsterinsights_sitenote_category":0,"footnotes":""},"categories":[15],"tags":[12185,19979,2369,223],"class_list":["post-132012","post","type-post","status-publish","format-standard","has-post-thumbnail","hentry","category-inmobiliario","tag-actividad-industrial","tag-construccion-de-espacios-industriales","tag-naves-industriales","tag-parques-industriales"],"yoast_head":"<!-- This site is optimized with the Yoast SEO plugin v27.4 - https:\/\/yoast.com\/product\/yoast-seo-wordpress\/ -->\n<title>Construcci\u00f3n industrial: Monterrey cierra 2T2022 con 1.4 millones de m2<\/title>\n<meta name=\"description\" content=\"Dentro de Monterrey, los corredores de Salinas Victoria y Apocada concentraron el 65% de las edificaciones industriales en construcci\u00f3n\" \/>\n<meta name=\"robots\" content=\"index, follow, max-snippet:-1, max-image-preview:large, max-video-preview:-1\" \/>\n<link rel=\"canonical\" href=\"https:\/\/centrourbano.com\/revista\/inmobiliario\/construccion-industrial-monterrey-cierra-2t2022-con-1-4-millones-de-m2\/\" \/>\n<meta property=\"og:locale\" content=\"es_ES\" \/>\n<meta property=\"og:type\" content=\"article\" \/>\n<meta property=\"og:title\" content=\"Construcci\u00f3n industrial: Monterrey cierra 2T2022 con 1.4 millones de m2\" \/>\n<meta property=\"og:description\" content=\"Dentro de Monterrey, los corredores de Salinas Victoria y Apocada concentraron el 65% de las edificaciones industriales en construcci\u00f3n\" \/>\n<meta property=\"og:url\" content=\"https:\/\/centrourbano.com\/revista\/inmobiliario\/construccion-industrial-monterrey-cierra-2t2022-con-1-4-millones-de-m2\/\" \/>\n<meta property=\"og:site_name\" content=\"Centro Urbano\" \/>\n<meta property=\"article:publisher\" content=\"https:\/\/www.facebook.com\/portalcentrourbano\" \/>\n<meta property=\"article:published_time\" content=\"2022-07-15T13:55:41+00:00\" \/>\n<meta property=\"og:image\" content=\"https:\/\/centrourbano.com\/revista\/wp-content\/uploads\/PI-31539_1655404338.png\" \/>\n\t<meta property=\"og:image:width\" content=\"600\" \/>\n\t<meta property=\"og:image:height\" content=\"600\" \/>\n\t<meta property=\"og:image:type\" content=\"image\/png\" \/>\n<meta name=\"author\" content=\"Jackeline Valle\" \/>\n<meta name=\"twitter:card\" content=\"summary_large_image\" \/>\n<meta name=\"twitter:creator\" content=\"@CentroUrbano\" \/>\n<meta name=\"twitter:site\" content=\"@CentroUrbano\" \/>\n<meta name=\"twitter:label1\" content=\"Escrito por\" \/>\n\t<meta name=\"twitter:data1\" content=\"Jackeline Valle\" \/>\n\t<meta name=\"twitter:label2\" content=\"Tiempo de lectura\" \/>\n\t<meta name=\"twitter:data2\" content=\"2 minutos\" \/>\n<script type=\"application\/ld+json\" class=\"yoast-schema-graph\">{\"@context\":\"https:\\\/\\\/schema.org\",\"@graph\":[{\"@type\":\"Article\",\"@id\":\"https:\\\/\\\/centrourbano.com\\\/revista\\\/inmobiliario\\\/construccion-industrial-monterrey-cierra-2t2022-con-1-4-millones-de-m2\\\/#article\",\"isPartOf\":{\"@id\":\"https:\\\/\\\/centrourbano.com\\\/revista\\\/inmobiliario\\\/construccion-industrial-monterrey-cierra-2t2022-con-1-4-millones-de-m2\\\/\"},\"author\":{\"name\":\"Jackeline Valle\",\"@id\":\"https:\\\/\\\/centrourbano.com\\\/revista\\\/#\\\/schema\\\/person\\\/910180bf1a924c1932a01f6032f5991a\"},\"headline\":\"Construcci\u00f3n industrial: Monterrey cierra 2T2022 con 1.4 millones de m2\",\"datePublished\":\"2022-07-15T13:55:41+00:00\",\"mainEntityOfPage\":{\"@id\":\"https:\\\/\\\/centrourbano.com\\\/revista\\\/inmobiliario\\\/construccion-industrial-monterrey-cierra-2t2022-con-1-4-millones-de-m2\\\/\"},\"wordCount\":328,\"commentCount\":0,\"publisher\":{\"@id\":\"https:\\\/\\\/centrourbano.com\\\/revista\\\/#organization\"},\"image\":{\"@id\":\"https:\\\/\\\/centrourbano.com\\\/revista\\\/inmobiliario\\\/construccion-industrial-monterrey-cierra-2t2022-con-1-4-millones-de-m2\\\/#primaryimage\"},\"thumbnailUrl\":\"https:\\\/\\\/centrourbano.com\\\/revista\\\/wp-content\\\/uploads\\\/PI-31539_1655404338.png\",\"keywords\":[\"Actividad industrial\",\"construcci\u00f3n de espacios industriales\",\"naves industriales\",\"parques industriales\"],\"articleSection\":[\"Inmobiliario\"],\"inLanguage\":\"es\",\"potentialAction\":[{\"@type\":\"CommentAction\",\"name\":\"Comment\",\"target\":[\"https:\\\/\\\/centrourbano.com\\\/revista\\\/inmobiliario\\\/construccion-industrial-monterrey-cierra-2t2022-con-1-4-millones-de-m2\\\/#respond\"]}]},{\"@type\":\"WebPage\",\"@id\":\"https:\\\/\\\/centrourbano.com\\\/revista\\\/inmobiliario\\\/construccion-industrial-monterrey-cierra-2t2022-con-1-4-millones-de-m2\\\/\",\"url\":\"https:\\\/\\\/centrourbano.com\\\/revista\\\/inmobiliario\\\/construccion-industrial-monterrey-cierra-2t2022-con-1-4-millones-de-m2\\\/\",\"name\":\"Construcci\u00f3n industrial: Monterrey cierra 2T2022 con 1.4 millones de m2\",\"isPartOf\":{\"@id\":\"https:\\\/\\\/centrourbano.com\\\/revista\\\/#website\"},\"primaryImageOfPage\":{\"@id\":\"https:\\\/\\\/centrourbano.com\\\/revista\\\/inmobiliario\\\/construccion-industrial-monterrey-cierra-2t2022-con-1-4-millones-de-m2\\\/#primaryimage\"},\"image\":{\"@id\":\"https:\\\/\\\/centrourbano.com\\\/revista\\\/inmobiliario\\\/construccion-industrial-monterrey-cierra-2t2022-con-1-4-millones-de-m2\\\/#primaryimage\"},\"thumbnailUrl\":\"https:\\\/\\\/centrourbano.com\\\/revista\\\/wp-content\\\/uploads\\\/PI-31539_1655404338.png\",\"datePublished\":\"2022-07-15T13:55:41+00:00\",\"description\":\"Dentro de Monterrey, los corredores de Salinas Victoria y Apocada concentraron el 65% de las edificaciones industriales en construcci\u00f3n\",\"breadcrumb\":{\"@id\":\"https:\\\/\\\/centrourbano.com\\\/revista\\\/inmobiliario\\\/construccion-industrial-monterrey-cierra-2t2022-con-1-4-millones-de-m2\\\/#breadcrumb\"},\"inLanguage\":\"es\",\"potentialAction\":[{\"@type\":\"ReadAction\",\"target\":[\"https:\\\/\\\/centrourbano.com\\\/revista\\\/inmobiliario\\\/construccion-industrial-monterrey-cierra-2t2022-con-1-4-millones-de-m2\\\/\"]}]},{\"@type\":\"ImageObject\",\"inLanguage\":\"es\",\"@id\":\"https:\\\/\\\/centrourbano.com\\\/revista\\\/inmobiliario\\\/construccion-industrial-monterrey-cierra-2t2022-con-1-4-millones-de-m2\\\/#primaryimage\",\"url\":\"https:\\\/\\\/centrourbano.com\\\/revista\\\/wp-content\\\/uploads\\\/PI-31539_1655404338.png\",\"contentUrl\":\"https:\\\/\\\/centrourbano.com\\\/revista\\\/wp-content\\\/uploads\\\/PI-31539_1655404338.png\",\"width\":600,\"height\":600,\"caption\":\"Dentro de Monterrey, los corredores de Salinas Victoria y Apocada concentraron el 65% de las edificaciones industriales en construcci\u00f3n\"},{\"@type\":\"BreadcrumbList\",\"@id\":\"https:\\\/\\\/centrourbano.com\\\/revista\\\/inmobiliario\\\/construccion-industrial-monterrey-cierra-2t2022-con-1-4-millones-de-m2\\\/#breadcrumb\",\"itemListElement\":[{\"@type\":\"ListItem\",\"position\":1,\"name\":\"Portada\",\"item\":\"https:\\\/\\\/centrourbano.com\\\/revista\\\/\"},{\"@type\":\"ListItem\",\"position\":2,\"name\":\"Construcci\u00f3n industrial: Monterrey cierra 2T2022 con 1.4 millones de m2\"}]},{\"@type\":\"WebSite\",\"@id\":\"https:\\\/\\\/centrourbano.com\\\/revista\\\/#website\",\"url\":\"https:\\\/\\\/centrourbano.com\\\/revista\\\/\",\"name\":\"Centro Urbano\",\"description\":\"Medio especializado en los sectores vivienda, inmobiliario, construcci\u00f3n, arquitectura y urbanismo.\",\"publisher\":{\"@id\":\"https:\\\/\\\/centrourbano.com\\\/revista\\\/#organization\"},\"potentialAction\":[{\"@type\":\"SearchAction\",\"target\":{\"@type\":\"EntryPoint\",\"urlTemplate\":\"https:\\\/\\\/centrourbano.com\\\/revista\\\/?s={search_term_string}\"},\"query-input\":{\"@type\":\"PropertyValueSpecification\",\"valueRequired\":true,\"valueName\":\"search_term_string\"}}],\"inLanguage\":\"es\"},{\"@type\":\"Organization\",\"@id\":\"https:\\\/\\\/centrourbano.com\\\/revista\\\/#organization\",\"name\":\"Centro Urbano\",\"url\":\"https:\\\/\\\/centrourbano.com\\\/revista\\\/\",\"logo\":{\"@type\":\"ImageObject\",\"inLanguage\":\"es\",\"@id\":\"https:\\\/\\\/centrourbano.com\\\/revista\\\/#\\\/schema\\\/logo\\\/image\\\/\",\"url\":\"https:\\\/\\\/centrourbano.com\\\/revista\\\/wp-content\\\/uploads\\\/web_CU_logo-1.png\",\"contentUrl\":\"https:\\\/\\\/centrourbano.com\\\/revista\\\/wp-content\\\/uploads\\\/web_CU_logo-1.png\",\"width\":350,\"height\":91,\"caption\":\"Centro Urbano\"},\"image\":{\"@id\":\"https:\\\/\\\/centrourbano.com\\\/revista\\\/#\\\/schema\\\/logo\\\/image\\\/\"},\"sameAs\":[\"https:\\\/\\\/www.facebook.com\\\/portalcentrourbano\",\"https:\\\/\\\/x.com\\\/CentroUrbano\",\"https:\\\/\\\/www.instagram.com\\\/centro_urbano\\\/\",\"https:\\\/\\\/www.linkedin.com\\\/company\\\/centro-urbano\\\/\",\"http:\\\/\\\/www.youtube.com\\\/user\\\/portalcentrourbano\"]},{\"@type\":\"Person\",\"@id\":\"https:\\\/\\\/centrourbano.com\\\/revista\\\/#\\\/schema\\\/person\\\/910180bf1a924c1932a01f6032f5991a\",\"name\":\"Jackeline Valle\",\"image\":{\"@type\":\"ImageObject\",\"inLanguage\":\"es\",\"@id\":\"https:\\\/\\\/secure.gravatar.com\\\/avatar\\\/6dfa6899b228d3621bbf2fb01332e7e4b7afc7cd1374760becdb163b7f5436dd?s=96&d=mm&r=g\",\"url\":\"https:\\\/\\\/secure.gravatar.com\\\/avatar\\\/6dfa6899b228d3621bbf2fb01332e7e4b7afc7cd1374760becdb163b7f5436dd?s=96&d=mm&r=g\",\"contentUrl\":\"https:\\\/\\\/secure.gravatar.com\\\/avatar\\\/6dfa6899b228d3621bbf2fb01332e7e4b7afc7cd1374760becdb163b7f5436dd?s=96&d=mm&r=g\",\"caption\":\"Jackeline Valle\"},\"description\":\"Reportera en Centro Urbano. Egresada de la Licenciatura en Comunicaci\u00f3n y Cultura por la Universidad Aut\u00f3noma de la Ciudad de M\u00e9xico (UACM). Interesada en cine y la cultura. Apasionada de los deportes electr\u00f3nicos y el desarrollo de medios audiovisuales.\",\"url\":\"https:\\\/\\\/centrourbano.com\\\/revista\\\/author\\\/jackeline-valle\\\/\"}]}<\/script>\n<!-- \/ Yoast SEO plugin. -->","yoast_head_json":{"title":"Construcci\u00f3n industrial: Monterrey cierra 2T2022 con 1.4 millones de m2","description":"Dentro de Monterrey, los corredores de Salinas Victoria y Apocada concentraron el 65% de las edificaciones industriales en construcci\u00f3n","robots":{"index":"index","follow":"follow","max-snippet":"max-snippet:-1","max-image-preview":"max-image-preview:large","max-video-preview":"max-video-preview:-1"},"canonical":"https:\/\/centrourbano.com\/revista\/inmobiliario\/construccion-industrial-monterrey-cierra-2t2022-con-1-4-millones-de-m2\/","og_locale":"es_ES","og_type":"article","og_title":"Construcci\u00f3n industrial: Monterrey cierra 2T2022 con 1.4 millones de m2","og_description":"Dentro de Monterrey, los corredores de Salinas Victoria y Apocada concentraron el 65% de las edificaciones industriales en construcci\u00f3n","og_url":"https:\/\/centrourbano.com\/revista\/inmobiliario\/construccion-industrial-monterrey-cierra-2t2022-con-1-4-millones-de-m2\/","og_site_name":"Centro Urbano","article_publisher":"https:\/\/www.facebook.com\/portalcentrourbano","article_published_time":"2022-07-15T13:55:41+00:00","og_image":[{"width":600,"height":600,"url":"https:\/\/centrourbano.com\/revista\/wp-content\/uploads\/PI-31539_1655404338.png","type":"image\/png"}],"author":"Jackeline Valle","twitter_card":"summary_large_image","twitter_creator":"@CentroUrbano","twitter_site":"@CentroUrbano","twitter_misc":{"Escrito por":"Jackeline Valle","Tiempo de lectura":"2 minutos"},"schema":{"@context":"https:\/\/schema.org","@graph":[{"@type":"Article","@id":"https:\/\/centrourbano.com\/revista\/inmobiliario\/construccion-industrial-monterrey-cierra-2t2022-con-1-4-millones-de-m2\/#article","isPartOf":{"@id":"https:\/\/centrourbano.com\/revista\/inmobiliario\/construccion-industrial-monterrey-cierra-2t2022-con-1-4-millones-de-m2\/"},"author":{"name":"Jackeline Valle","@id":"https:\/\/centrourbano.com\/revista\/#\/schema\/person\/910180bf1a924c1932a01f6032f5991a"},"headline":"Construcci\u00f3n industrial: Monterrey cierra 2T2022 con 1.4 millones de m2","datePublished":"2022-07-15T13:55:41+00:00","mainEntityOfPage":{"@id":"https:\/\/centrourbano.com\/revista\/inmobiliario\/construccion-industrial-monterrey-cierra-2t2022-con-1-4-millones-de-m2\/"},"wordCount":328,"commentCount":0,"publisher":{"@id":"https:\/\/centrourbano.com\/revista\/#organization"},"image":{"@id":"https:\/\/centrourbano.com\/revista\/inmobiliario\/construccion-industrial-monterrey-cierra-2t2022-con-1-4-millones-de-m2\/#primaryimage"},"thumbnailUrl":"https:\/\/centrourbano.com\/revista\/wp-content\/uploads\/PI-31539_1655404338.png","keywords":["Actividad industrial","construcci\u00f3n de espacios industriales","naves industriales","parques industriales"],"articleSection":["Inmobiliario"],"inLanguage":"es","potentialAction":[{"@type":"CommentAction","name":"Comment","target":["https:\/\/centrourbano.com\/revista\/inmobiliario\/construccion-industrial-monterrey-cierra-2t2022-con-1-4-millones-de-m2\/#respond"]}]},{"@type":"WebPage","@id":"https:\/\/centrourbano.com\/revista\/inmobiliario\/construccion-industrial-monterrey-cierra-2t2022-con-1-4-millones-de-m2\/","url":"https:\/\/centrourbano.com\/revista\/inmobiliario\/construccion-industrial-monterrey-cierra-2t2022-con-1-4-millones-de-m2\/","name":"Construcci\u00f3n industrial: Monterrey cierra 2T2022 con 1.4 millones de m2","isPartOf":{"@id":"https:\/\/centrourbano.com\/revista\/#website"},"primaryImageOfPage":{"@id":"https:\/\/centrourbano.com\/revista\/inmobiliario\/construccion-industrial-monterrey-cierra-2t2022-con-1-4-millones-de-m2\/#primaryimage"},"image":{"@id":"https:\/\/centrourbano.com\/revista\/inmobiliario\/construccion-industrial-monterrey-cierra-2t2022-con-1-4-millones-de-m2\/#primaryimage"},"thumbnailUrl":"https:\/\/centrourbano.com\/revista\/wp-content\/uploads\/PI-31539_1655404338.png","datePublished":"2022-07-15T13:55:41+00:00","description":"Dentro de Monterrey, los corredores de Salinas Victoria y Apocada concentraron el 65% de las edificaciones industriales en construcci\u00f3n","breadcrumb":{"@id":"https:\/\/centrourbano.com\/revista\/inmobiliario\/construccion-industrial-monterrey-cierra-2t2022-con-1-4-millones-de-m2\/#breadcrumb"},"inLanguage":"es","potentialAction":[{"@type":"ReadAction","target":["https:\/\/centrourbano.com\/revista\/inmobiliario\/construccion-industrial-monterrey-cierra-2t2022-con-1-4-millones-de-m2\/"]}]},{"@type":"ImageObject","inLanguage":"es","@id":"https:\/\/centrourbano.com\/revista\/inmobiliario\/construccion-industrial-monterrey-cierra-2t2022-con-1-4-millones-de-m2\/#primaryimage","url":"https:\/\/centrourbano.com\/revista\/wp-content\/uploads\/PI-31539_1655404338.png","contentUrl":"https:\/\/centrourbano.com\/revista\/wp-content\/uploads\/PI-31539_1655404338.png","width":600,"height":600,"caption":"Dentro de Monterrey, los corredores de Salinas Victoria y Apocada concentraron el 65% de las edificaciones industriales en construcci\u00f3n"},{"@type":"BreadcrumbList","@id":"https:\/\/centrourbano.com\/revista\/inmobiliario\/construccion-industrial-monterrey-cierra-2t2022-con-1-4-millones-de-m2\/#breadcrumb","itemListElement":[{"@type":"ListItem","position":1,"name":"Portada","item":"https:\/\/centrourbano.com\/revista\/"},{"@type":"ListItem","position":2,"name":"Construcci\u00f3n industrial: Monterrey cierra 2T2022 con 1.4 millones de m2"}]},{"@type":"WebSite","@id":"https:\/\/centrourbano.com\/revista\/#website","url":"https:\/\/centrourbano.com\/revista\/","name":"Centro Urbano","description":"Medio especializado en los sectores vivienda, inmobiliario, construcci\u00f3n, arquitectura y urbanismo.","publisher":{"@id":"https:\/\/centrourbano.com\/revista\/#organization"},"potentialAction":[{"@type":"SearchAction","target":{"@type":"EntryPoint","urlTemplate":"https:\/\/centrourbano.com\/revista\/?s={search_term_string}"},"query-input":{"@type":"PropertyValueSpecification","valueRequired":true,"valueName":"search_term_string"}}],"inLanguage":"es"},{"@type":"Organization","@id":"https:\/\/centrourbano.com\/revista\/#organization","name":"Centro Urbano","url":"https:\/\/centrourbano.com\/revista\/","logo":{"@type":"ImageObject","inLanguage":"es","@id":"https:\/\/centrourbano.com\/revista\/#\/schema\/logo\/image\/","url":"https:\/\/centrourbano.com\/revista\/wp-content\/uploads\/web_CU_logo-1.png","contentUrl":"https:\/\/centrourbano.com\/revista\/wp-content\/uploads\/web_CU_logo-1.png","width":350,"height":91,"caption":"Centro Urbano"},"image":{"@id":"https:\/\/centrourbano.com\/revista\/#\/schema\/logo\/image\/"},"sameAs":["https:\/\/www.facebook.com\/portalcentrourbano","https:\/\/x.com\/CentroUrbano","https:\/\/www.instagram.com\/centro_urbano\/","https:\/\/www.linkedin.com\/company\/centro-urbano\/","http:\/\/www.youtube.com\/user\/portalcentrourbano"]},{"@type":"Person","@id":"https:\/\/centrourbano.com\/revista\/#\/schema\/person\/910180bf1a924c1932a01f6032f5991a","name":"Jackeline Valle","image":{"@type":"ImageObject","inLanguage":"es","@id":"https:\/\/secure.gravatar.com\/avatar\/6dfa6899b228d3621bbf2fb01332e7e4b7afc7cd1374760becdb163b7f5436dd?s=96&d=mm&r=g","url":"https:\/\/secure.gravatar.com\/avatar\/6dfa6899b228d3621bbf2fb01332e7e4b7afc7cd1374760becdb163b7f5436dd?s=96&d=mm&r=g","contentUrl":"https:\/\/secure.gravatar.com\/avatar\/6dfa6899b228d3621bbf2fb01332e7e4b7afc7cd1374760becdb163b7f5436dd?s=96&d=mm&r=g","caption":"Jackeline Valle"},"description":"Reportera en Centro Urbano. Egresada de la Licenciatura en Comunicaci\u00f3n y Cultura por la Universidad Aut\u00f3noma de la Ciudad de M\u00e9xico (UACM). Interesada en cine y la cultura. Apasionada de los deportes electr\u00f3nicos y el desarrollo de medios audiovisuales.","url":"https:\/\/centrourbano.com\/revista\/author\/jackeline-valle\/"}]}},"_links":{"self":[{"href":"https:\/\/centrourbano.com\/revista\/wp-json\/wp\/v2\/posts\/132012","targetHints":{"allow":["GET"]}}],"collection":[{"href":"https:\/\/centrourbano.com\/revista\/wp-json\/wp\/v2\/posts"}],"about":[{"href":"https:\/\/centrourbano.com\/revista\/wp-json\/wp\/v2\/types\/post"}],"author":[{"embeddable":true,"href":"https:\/\/centrourbano.com\/revista\/wp-json\/wp\/v2\/users\/80"}],"replies":[{"embeddable":true,"href":"https:\/\/centrourbano.com\/revista\/wp-json\/wp\/v2\/comments?post=132012"}],"version-history":[{"count":1,"href":"https:\/\/centrourbano.com\/revista\/wp-json\/wp\/v2\/posts\/132012\/revisions"}],"predecessor-version":[{"id":132014,"href":"https:\/\/centrourbano.com\/revista\/wp-json\/wp\/v2\/posts\/132012\/revisions\/132014"}],"wp:featuredmedia":[{"embeddable":true,"href":"https:\/\/centrourbano.com\/revista\/wp-json\/wp\/v2\/media\/132013"}],"wp:attachment":[{"href":"https:\/\/centrourbano.com\/revista\/wp-json\/wp\/v2\/media?parent=132012"}],"wp:term":[{"taxonomy":"category","embeddable":true,"href":"https:\/\/centrourbano.com\/revista\/wp-json\/wp\/v2\/categories?post=132012"},{"taxonomy":"post_tag","embeddable":true,"href":"https:\/\/centrourbano.com\/revista\/wp-json\/wp\/v2\/tags?post=132012"}],"curies":[{"name":"wp","href":"https:\/\/api.w.org\/{rel}","templated":true}]}}