{"id":132,"date":"2013-10-22T09:27:16","date_gmt":"2013-10-22T09:27:16","guid":{"rendered":"http:\/\/centrourbano.com\/revista\/?p=132"},"modified":"2014-03-20T15:29:55","modified_gmt":"2014-03-20T21:29:55","slug":"grupo-cumbres-desarrollara-aqua-residencial","status":"publish","type":"post","link":"https:\/\/centrourbano.com\/revista\/inmobiliario\/grupo-cumbres-desarrollara-aqua-residencial\/","title":{"rendered":"Grupo Cumbres desarrollar\u00e1 Aqua Residencial"},"content":{"rendered":"<p><em>El complejo inmobiliario ubicado en Canc\u00fan, tendr\u00e1 una inversi\u00f3n de 20 millones de d\u00f3lares<\/em><\/p>\n<p>&nbsp;<\/p>\n<p><!--more--><\/p>\n<p>&nbsp;<\/p>\n<p>En Canc\u00fan arrancaron las obras de Aqua Residencial, un proyecto inmobiliario a cargo de Grupo Cumbres, promovido bajo el concepto de comunidad integral, el cual tendr\u00e1 una inversi\u00f3n de 20 millones de d\u00f3lares.<\/p>\n<p>&nbsp;<\/p>\n<p>Edgar Villajuana, director general del grupo, coment\u00f3 que se trata de un producto inmobiliario que supera por mucho el de su portafolio de marcas; adem\u00e1s, destac\u00f3 que en ocho a\u00f1os la empresa ha invertido 150 millones de d\u00f3lares en la entidad, en el desarrollo de fraccionamientos residenciales en 120 hect\u00e1reas de Canc\u00fan.<\/p>\n<p>&nbsp;<\/p>\n<p>Ubicado en el kil\u00f3metro 5 de la avenida Huayac\u00e1n, Pol\u00edgono Sur de la localidad, las 28 hect\u00e1reas que conforman a Aqua Residencial integrar\u00e1n un parque de 25,000 metros cuadrados, una ciclopista infinity, \u00e1reas verdes, lagos y puentes, gimnasio, cancha de usos m\u00faltiples, alberca de 25 metros y \u00e1reas para pr\u00e1ctica de yoga, danza y meditaci\u00f3n, entre otras amenidades.<\/p>\n<p>&nbsp;<\/p>\n<p>Los lotes residenciales van de los 160 a los 200 metros cuadrdos; tambi\u00e9n habr\u00e1 lotes condominales y comerciales. Tendr\u00e1 un dise\u00f1o urbano de excelencia, ampl\u00edas avenidas de concreto estampado, instalaciones subterr\u00e1neas y sistema de riego en \u00e1reas verdes; en cuanto a la seguridad el fraccionamiento estar\u00e1 bardeado en todo su per\u00edmetro, contar\u00e1 con caseta de vigilancia con c\u00e1maras y acceso por medio de tarjetas electromagn\u00e9ticas.<\/p>\n<p>&nbsp;<\/p>\n<p>De acuerdo con el gobernador de Quintana Roo, Roberto Borge Angulo, el proyecto generar\u00e1 inversi\u00f3n, bienestar ciudadano y m\u00e1s de 15 mil empleos directos durante la construcci\u00f3n de viviendas, por lo que afirm\u00f3 que contribuye al crecimiento econ\u00f3mico de la entidad.<\/p>\n<p>&nbsp;<\/p>\n<p>En tanto, Paul Carrillo de C\u00e1ceres, presidente municipal de Benito Ju\u00e1rez, record\u00f3 que el presidente Enrique Pe\u00f1a Nieto autoriz\u00f3 inversiones importantes en este destino tur\u00edstico, como \u00a0los 100 millones de pesos para la rehabilitaci\u00f3n de 23 kil\u00f3metros del bulevar Kukulc\u00e1n, vialidad m\u00e1s importante de la zona hotelera.<\/p>\n","protected":false},"excerpt":{"rendered":"<p>El complejo inmobiliario ubicado en Canc\u00fan, tendr\u00e1 una inversi\u00f3n de 20 millones de d\u00f3lares &nbsp;<\/p>\n","protected":false},"author":77,"featured_media":16401,"comment_status":"open","ping_status":"closed","sticky":false,"template":"","format":"standard","meta":{"footnotes":""},"categories":[15],"tags":[],"class_list":["post-132","post","type-post","status-publish","format-standard","has-post-thumbnail","hentry","category-inmobiliario"],"yoast_head":"<!-- This site is optimized with the Yoast SEO plugin v28.4 - https:\/\/yoast.com\/product\/yoast-seo-wordpress\/ -->\n<title>Grupo Cumbres desarrollar\u00e1 Aqua Residencial  -<\/title>\n<meta name=\"description\" content=\"El complejo inmobiliario ubicado en Canc\u00fan, tendr\u00e1 una inversi\u00f3n de 20 millones de d\u00f3lares &nbsp; &nbsp; En Canc\u00fan arrancaron las obras de Aqua\" \/>\n<meta name=\"robots\" content=\"index, follow, max-snippet:-1, max-image-preview:large, max-video-preview:-1\" \/>\n<link rel=\"canonical\" href=\"https:\/\/centrourbano.com\/revista\/inmobiliario\/grupo-cumbres-desarrollara-aqua-residencial\/\" \/>\n<meta property=\"og:locale\" content=\"es_ES\" \/>\n<meta property=\"og:type\" content=\"article\" \/>\n<meta property=\"og:title\" content=\"Grupo Cumbres desarrollar\u00e1 Aqua Residencial  -\" \/>\n<meta property=\"og:description\" content=\"El complejo inmobiliario ubicado en Canc\u00fan, tendr\u00e1 una inversi\u00f3n de 20 millones de d\u00f3lares &nbsp; &nbsp; En Canc\u00fan arrancaron las obras de Aqua\" \/>\n<meta property=\"og:url\" content=\"https:\/\/centrourbano.com\/revista\/inmobiliario\/grupo-cumbres-desarrollara-aqua-residencial\/\" \/>\n<meta property=\"og:site_name\" content=\"Centro Urbano\" \/>\n<meta property=\"article:publisher\" content=\"https:\/\/www.facebook.com\/portalcentrourbano\" \/>\n<meta property=\"article:published_time\" content=\"2013-10-22T09:27:16+00:00\" \/>\n<meta property=\"article:modified_time\" content=\"2014-03-20T21:29:55+00:00\" \/>\n<meta property=\"og:image\" content=\"https:\/\/centrourbano.com\/revista\/wp-content\/uploads\/aqua1.jpg\" \/>\n\t<meta property=\"og:image:width\" content=\"800\" \/>\n\t<meta property=\"og:image:height\" content=\"553\" \/>\n\t<meta property=\"og:image:type\" content=\"image\/jpeg\" \/>\n<meta name=\"author\" content=\"G4A\" \/>\n<meta name=\"twitter:card\" content=\"summary_large_image\" \/>\n<meta name=\"twitter:creator\" content=\"@CentroUrbano\" \/>\n<meta name=\"twitter:site\" content=\"@CentroUrbano\" \/>\n<meta name=\"twitter:label1\" content=\"Escrito por\" \/>\n\t<meta name=\"twitter:data1\" content=\"G4A\" \/>\n\t<meta name=\"twitter:label2\" content=\"Tiempo de lectura\" \/>\n\t<meta name=\"twitter:data2\" content=\"2 minutos\" \/>\n<script type=\"application\/ld+json\" class=\"yoast-schema-graph\">{\"@context\":\"https:\\\/\\\/schema.org\",\"@graph\":[{\"@type\":\"Article\",\"@id\":\"https:\\\/\\\/centrourbano.com\\\/revista\\\/inmobiliario\\\/grupo-cumbres-desarrollara-aqua-residencial\\\/#article\",\"isPartOf\":{\"@id\":\"https:\\\/\\\/centrourbano.com\\\/revista\\\/inmobiliario\\\/grupo-cumbres-desarrollara-aqua-residencial\\\/\"},\"author\":{\"name\":\"G4A\",\"@id\":\"https:\\\/\\\/centrourbano.com\\\/revista\\\/#\\\/schema\\\/person\\\/370fa0ba2d8dd5bde3fdb8b62ad360aa\"},\"headline\":\"Grupo Cumbres desarrollar\u00e1 Aqua Residencial\",\"datePublished\":\"2013-10-22T09:27:16+00:00\",\"dateModified\":\"2014-03-20T21:29:55+00:00\",\"mainEntityOfPage\":{\"@id\":\"https:\\\/\\\/centrourbano.com\\\/revista\\\/inmobiliario\\\/grupo-cumbres-desarrollara-aqua-residencial\\\/\"},\"wordCount\":347,\"commentCount\":0,\"publisher\":{\"@id\":\"https:\\\/\\\/centrourbano.com\\\/revista\\\/#organization\"},\"image\":{\"@id\":\"https:\\\/\\\/centrourbano.com\\\/revista\\\/inmobiliario\\\/grupo-cumbres-desarrollara-aqua-residencial\\\/#primaryimage\"},\"thumbnailUrl\":\"https:\\\/\\\/centrourbano.com\\\/revista\\\/wp-content\\\/uploads\\\/aqua1.jpg\",\"articleSection\":[\"Inmobiliario\"],\"inLanguage\":\"es\"},{\"@type\":\"WebPage\",\"@id\":\"https:\\\/\\\/centrourbano.com\\\/revista\\\/inmobiliario\\\/grupo-cumbres-desarrollara-aqua-residencial\\\/\",\"url\":\"https:\\\/\\\/centrourbano.com\\\/revista\\\/inmobiliario\\\/grupo-cumbres-desarrollara-aqua-residencial\\\/\",\"name\":\"Grupo Cumbres desarrollar\u00e1 Aqua Residencial -\",\"isPartOf\":{\"@id\":\"https:\\\/\\\/centrourbano.com\\\/revista\\\/#website\"},\"primaryImageOfPage\":{\"@id\":\"https:\\\/\\\/centrourbano.com\\\/revista\\\/inmobiliario\\\/grupo-cumbres-desarrollara-aqua-residencial\\\/#primaryimage\"},\"image\":{\"@id\":\"https:\\\/\\\/centrourbano.com\\\/revista\\\/inmobiliario\\\/grupo-cumbres-desarrollara-aqua-residencial\\\/#primaryimage\"},\"thumbnailUrl\":\"https:\\\/\\\/centrourbano.com\\\/revista\\\/wp-content\\\/uploads\\\/aqua1.jpg\",\"datePublished\":\"2013-10-22T09:27:16+00:00\",\"dateModified\":\"2014-03-20T21:29:55+00:00\",\"description\":\"El complejo inmobiliario ubicado en Canc\u00fan, tendr\u00e1 una inversi\u00f3n de 20 millones de d\u00f3lares &nbsp; &nbsp; En Canc\u00fan arrancaron las obras de Aqua\",\"breadcrumb\":{\"@id\":\"https:\\\/\\\/centrourbano.com\\\/revista\\\/inmobiliario\\\/grupo-cumbres-desarrollara-aqua-residencial\\\/#breadcrumb\"},\"inLanguage\":\"es\",\"potentialAction\":[{\"@type\":\"ReadAction\",\"target\":[\"https:\\\/\\\/centrourbano.com\\\/revista\\\/inmobiliario\\\/grupo-cumbres-desarrollara-aqua-residencial\\\/\"]}]},{\"@type\":\"ImageObject\",\"inLanguage\":\"es\",\"@id\":\"https:\\\/\\\/centrourbano.com\\\/revista\\\/inmobiliario\\\/grupo-cumbres-desarrollara-aqua-residencial\\\/#primaryimage\",\"url\":\"https:\\\/\\\/centrourbano.com\\\/revista\\\/wp-content\\\/uploads\\\/aqua1.jpg\",\"contentUrl\":\"https:\\\/\\\/centrourbano.com\\\/revista\\\/wp-content\\\/uploads\\\/aqua1.jpg\",\"width\":800,\"height\":553},{\"@type\":\"BreadcrumbList\",\"@id\":\"https:\\\/\\\/centrourbano.com\\\/revista\\\/inmobiliario\\\/grupo-cumbres-desarrollara-aqua-residencial\\\/#breadcrumb\",\"itemListElement\":[{\"@type\":\"ListItem\",\"position\":1,\"name\":\"Portada\",\"item\":\"https:\\\/\\\/centrourbano.com\\\/revista\\\/\"},{\"@type\":\"ListItem\",\"position\":2,\"name\":\"Grupo Cumbres desarrollar\u00e1 Aqua Residencial\"}]},{\"@type\":\"WebSite\",\"@id\":\"https:\\\/\\\/centrourbano.com\\\/revista\\\/#website\",\"url\":\"https:\\\/\\\/centrourbano.com\\\/revista\\\/\",\"name\":\"Centro Urbano\",\"description\":\"Medio especializado en los sectores vivienda, inmobiliario, construcci\u00f3n, arquitectura y urbanismo.\",\"publisher\":{\"@id\":\"https:\\\/\\\/centrourbano.com\\\/revista\\\/#organization\"},\"potentialAction\":[{\"@type\":\"SearchAction\",\"target\":{\"@type\":\"EntryPoint\",\"urlTemplate\":\"https:\\\/\\\/centrourbano.com\\\/revista\\\/?s={search_term_string}\"},\"query-input\":{\"@type\":\"PropertyValueSpecification\",\"valueRequired\":true,\"valueName\":\"search_term_string\"}}],\"inLanguage\":\"es\"},{\"@type\":\"Organization\",\"@id\":\"https:\\\/\\\/centrourbano.com\\\/revista\\\/#organization\",\"name\":\"Centro Urbano\",\"url\":\"https:\\\/\\\/centrourbano.com\\\/revista\\\/\",\"logo\":{\"@type\":\"ImageObject\",\"inLanguage\":\"es\",\"@id\":\"https:\\\/\\\/centrourbano.com\\\/revista\\\/#\\\/schema\\\/logo\\\/image\\\/\",\"url\":\"https:\\\/\\\/centrourbano.com\\\/revista\\\/wp-content\\\/uploads\\\/web_CU_logo-1.png\",\"contentUrl\":\"https:\\\/\\\/centrourbano.com\\\/revista\\\/wp-content\\\/uploads\\\/web_CU_logo-1.png\",\"width\":350,\"height\":91,\"caption\":\"Centro Urbano\"},\"image\":{\"@id\":\"https:\\\/\\\/centrourbano.com\\\/revista\\\/#\\\/schema\\\/logo\\\/image\\\/\"},\"sameAs\":[\"https:\\\/\\\/www.facebook.com\\\/portalcentrourbano\",\"https:\\\/\\\/x.com\\\/CentroUrbano\",\"https:\\\/\\\/www.instagram.com\\\/centro_urbano\\\/\",\"https:\\\/\\\/www.linkedin.com\\\/company\\\/centro-urbano\\\/\",\"http:\\\/\\\/www.youtube.com\\\/user\\\/portalcentrourbano\"]},{\"@type\":\"Person\",\"@id\":\"https:\\\/\\\/centrourbano.com\\\/revista\\\/#\\\/schema\\\/person\\\/370fa0ba2d8dd5bde3fdb8b62ad360aa\",\"name\":\"G4A\",\"image\":{\"@type\":\"ImageObject\",\"inLanguage\":\"es\",\"@id\":\"https:\\\/\\\/secure.gravatar.com\\\/avatar\\\/932a97121b13d5de5bbd8193c6c83d3b92c9eda0f39623607d4280e7a5778d97?s=96&d=mm&r=g\",\"url\":\"https:\\\/\\\/secure.gravatar.com\\\/avatar\\\/932a97121b13d5de5bbd8193c6c83d3b92c9eda0f39623607d4280e7a5778d97?s=96&d=mm&r=g\",\"contentUrl\":\"https:\\\/\\\/secure.gravatar.com\\\/avatar\\\/932a97121b13d5de5bbd8193c6c83d3b92c9eda0f39623607d4280e7a5778d97?s=96&d=mm&r=g\",\"caption\":\"G4A\"},\"url\":\"https:\\\/\\\/centrourbano.com\\\/revista\\\/author\\\/admin-g4a\\\/\"}]}<\/script>\n<!-- \/ Yoast SEO plugin. -->","yoast_head_json":{"title":"Grupo Cumbres desarrollar\u00e1 Aqua Residencial  -","description":"El complejo inmobiliario ubicado en Canc\u00fan, tendr\u00e1 una inversi\u00f3n de 20 millones de d\u00f3lares &nbsp; &nbsp; En Canc\u00fan arrancaron las obras de Aqua","robots":{"index":"index","follow":"follow","max-snippet":"max-snippet:-1","max-image-preview":"max-image-preview:large","max-video-preview":"max-video-preview:-1"},"canonical":"https:\/\/centrourbano.com\/revista\/inmobiliario\/grupo-cumbres-desarrollara-aqua-residencial\/","og_locale":"es_ES","og_type":"article","og_title":"Grupo Cumbres desarrollar\u00e1 Aqua Residencial  -","og_description":"El complejo inmobiliario ubicado en Canc\u00fan, tendr\u00e1 una inversi\u00f3n de 20 millones de d\u00f3lares &nbsp; &nbsp; En Canc\u00fan arrancaron las obras de Aqua","og_url":"https:\/\/centrourbano.com\/revista\/inmobiliario\/grupo-cumbres-desarrollara-aqua-residencial\/","og_site_name":"Centro Urbano","article_publisher":"https:\/\/www.facebook.com\/portalcentrourbano","article_published_time":"2013-10-22T09:27:16+00:00","article_modified_time":"2014-03-20T21:29:55+00:00","og_image":[{"width":800,"height":553,"url":"https:\/\/centrourbano.com\/revista\/wp-content\/uploads\/aqua1.jpg","type":"image\/jpeg"}],"author":"G4A","twitter_card":"summary_large_image","twitter_creator":"@CentroUrbano","twitter_site":"@CentroUrbano","twitter_misc":{"Escrito por":"G4A","Tiempo de lectura":"2 minutos"},"schema":{"@context":"https:\/\/schema.org","@graph":[{"@type":"Article","@id":"https:\/\/centrourbano.com\/revista\/inmobiliario\/grupo-cumbres-desarrollara-aqua-residencial\/#article","isPartOf":{"@id":"https:\/\/centrourbano.com\/revista\/inmobiliario\/grupo-cumbres-desarrollara-aqua-residencial\/"},"author":{"name":"G4A","@id":"https:\/\/centrourbano.com\/revista\/#\/schema\/person\/370fa0ba2d8dd5bde3fdb8b62ad360aa"},"headline":"Grupo Cumbres desarrollar\u00e1 Aqua Residencial","datePublished":"2013-10-22T09:27:16+00:00","dateModified":"2014-03-20T21:29:55+00:00","mainEntityOfPage":{"@id":"https:\/\/centrourbano.com\/revista\/inmobiliario\/grupo-cumbres-desarrollara-aqua-residencial\/"},"wordCount":347,"commentCount":0,"publisher":{"@id":"https:\/\/centrourbano.com\/revista\/#organization"},"image":{"@id":"https:\/\/centrourbano.com\/revista\/inmobiliario\/grupo-cumbres-desarrollara-aqua-residencial\/#primaryimage"},"thumbnailUrl":"https:\/\/centrourbano.com\/revista\/wp-content\/uploads\/aqua1.jpg","articleSection":["Inmobiliario"],"inLanguage":"es"},{"@type":"WebPage","@id":"https:\/\/centrourbano.com\/revista\/inmobiliario\/grupo-cumbres-desarrollara-aqua-residencial\/","url":"https:\/\/centrourbano.com\/revista\/inmobiliario\/grupo-cumbres-desarrollara-aqua-residencial\/","name":"Grupo Cumbres desarrollar\u00e1 Aqua Residencial -","isPartOf":{"@id":"https:\/\/centrourbano.com\/revista\/#website"},"primaryImageOfPage":{"@id":"https:\/\/centrourbano.com\/revista\/inmobiliario\/grupo-cumbres-desarrollara-aqua-residencial\/#primaryimage"},"image":{"@id":"https:\/\/centrourbano.com\/revista\/inmobiliario\/grupo-cumbres-desarrollara-aqua-residencial\/#primaryimage"},"thumbnailUrl":"https:\/\/centrourbano.com\/revista\/wp-content\/uploads\/aqua1.jpg","datePublished":"2013-10-22T09:27:16+00:00","dateModified":"2014-03-20T21:29:55+00:00","description":"El complejo inmobiliario ubicado en Canc\u00fan, tendr\u00e1 una inversi\u00f3n de 20 millones de d\u00f3lares &nbsp; &nbsp; En Canc\u00fan arrancaron las obras de Aqua","breadcrumb":{"@id":"https:\/\/centrourbano.com\/revista\/inmobiliario\/grupo-cumbres-desarrollara-aqua-residencial\/#breadcrumb"},"inLanguage":"es","potentialAction":[{"@type":"ReadAction","target":["https:\/\/centrourbano.com\/revista\/inmobiliario\/grupo-cumbres-desarrollara-aqua-residencial\/"]}]},{"@type":"ImageObject","inLanguage":"es","@id":"https:\/\/centrourbano.com\/revista\/inmobiliario\/grupo-cumbres-desarrollara-aqua-residencial\/#primaryimage","url":"https:\/\/centrourbano.com\/revista\/wp-content\/uploads\/aqua1.jpg","contentUrl":"https:\/\/centrourbano.com\/revista\/wp-content\/uploads\/aqua1.jpg","width":800,"height":553},{"@type":"BreadcrumbList","@id":"https:\/\/centrourbano.com\/revista\/inmobiliario\/grupo-cumbres-desarrollara-aqua-residencial\/#breadcrumb","itemListElement":[{"@type":"ListItem","position":1,"name":"Portada","item":"https:\/\/centrourbano.com\/revista\/"},{"@type":"ListItem","position":2,"name":"Grupo Cumbres desarrollar\u00e1 Aqua Residencial"}]},{"@type":"WebSite","@id":"https:\/\/centrourbano.com\/revista\/#website","url":"https:\/\/centrourbano.com\/revista\/","name":"Centro Urbano","description":"Medio especializado en los sectores vivienda, inmobiliario, construcci\u00f3n, arquitectura y urbanismo.","publisher":{"@id":"https:\/\/centrourbano.com\/revista\/#organization"},"potentialAction":[{"@type":"SearchAction","target":{"@type":"EntryPoint","urlTemplate":"https:\/\/centrourbano.com\/revista\/?s={search_term_string}"},"query-input":{"@type":"PropertyValueSpecification","valueRequired":true,"valueName":"search_term_string"}}],"inLanguage":"es"},{"@type":"Organization","@id":"https:\/\/centrourbano.com\/revista\/#organization","name":"Centro Urbano","url":"https:\/\/centrourbano.com\/revista\/","logo":{"@type":"ImageObject","inLanguage":"es","@id":"https:\/\/centrourbano.com\/revista\/#\/schema\/logo\/image\/","url":"https:\/\/centrourbano.com\/revista\/wp-content\/uploads\/web_CU_logo-1.png","contentUrl":"https:\/\/centrourbano.com\/revista\/wp-content\/uploads\/web_CU_logo-1.png","width":350,"height":91,"caption":"Centro Urbano"},"image":{"@id":"https:\/\/centrourbano.com\/revista\/#\/schema\/logo\/image\/"},"sameAs":["https:\/\/www.facebook.com\/portalcentrourbano","https:\/\/x.com\/CentroUrbano","https:\/\/www.instagram.com\/centro_urbano\/","https:\/\/www.linkedin.com\/company\/centro-urbano\/","http:\/\/www.youtube.com\/user\/portalcentrourbano"]},{"@type":"Person","@id":"https:\/\/centrourbano.com\/revista\/#\/schema\/person\/370fa0ba2d8dd5bde3fdb8b62ad360aa","name":"G4A","image":{"@type":"ImageObject","inLanguage":"es","@id":"https:\/\/secure.gravatar.com\/avatar\/932a97121b13d5de5bbd8193c6c83d3b92c9eda0f39623607d4280e7a5778d97?s=96&d=mm&r=g","url":"https:\/\/secure.gravatar.com\/avatar\/932a97121b13d5de5bbd8193c6c83d3b92c9eda0f39623607d4280e7a5778d97?s=96&d=mm&r=g","contentUrl":"https:\/\/secure.gravatar.com\/avatar\/932a97121b13d5de5bbd8193c6c83d3b92c9eda0f39623607d4280e7a5778d97?s=96&d=mm&r=g","caption":"G4A"},"url":"https:\/\/centrourbano.com\/revista\/author\/admin-g4a\/"}]}},"_links":{"self":[{"href":"https:\/\/centrourbano.com\/revista\/wp-json\/wp\/v2\/posts\/132","targetHints":{"allow":["GET"]}}],"collection":[{"href":"https:\/\/centrourbano.com\/revista\/wp-json\/wp\/v2\/posts"}],"about":[{"href":"https:\/\/centrourbano.com\/revista\/wp-json\/wp\/v2\/types\/post"}],"author":[{"embeddable":true,"href":"https:\/\/centrourbano.com\/revista\/wp-json\/wp\/v2\/users\/77"}],"replies":[{"embeddable":true,"href":"https:\/\/centrourbano.com\/revista\/wp-json\/wp\/v2\/comments?post=132"}],"version-history":[{"count":0,"href":"https:\/\/centrourbano.com\/revista\/wp-json\/wp\/v2\/posts\/132\/revisions"}],"wp:featuredmedia":[{"embeddable":true,"href":"https:\/\/centrourbano.com\/revista\/wp-json\/wp\/v2\/media\/16401"}],"wp:attachment":[{"href":"https:\/\/centrourbano.com\/revista\/wp-json\/wp\/v2\/media?parent=132"}],"wp:term":[{"taxonomy":"category","embeddable":true,"href":"https:\/\/centrourbano.com\/revista\/wp-json\/wp\/v2\/categories?post=132"},{"taxonomy":"post_tag","embeddable":true,"href":"https:\/\/centrourbano.com\/revista\/wp-json\/wp\/v2\/tags?post=132"}],"curies":[{"name":"wp","href":"https:\/\/api.w.org\/{rel}","templated":true}]}}