{"id":13190,"date":"2015-01-05T13:00:10","date_gmt":"2015-01-05T19:00:10","guid":{"rendered":"http:\/\/centrourbano.com\/?p=13190"},"modified":"2014-12-24T10:51:11","modified_gmt":"2014-12-24T16:51:11","slug":"presenta-gdf-proyecto-para-nuevo-estadio-de-los-diablos-rojos","status":"publish","type":"post","link":"https:\/\/centrourbano.com\/revista\/construccion\/presenta-gdf-proyecto-para-nuevo-estadio-de-los-diablos-rojos\/","title":{"rendered":"Lo Mejor del A\u00f1o: Presenta GDF proyecto para nuevo estadio de los Diablos Rojos"},"content":{"rendered":"<p><em>Diciembre: Contar\u00e1 con un dise\u00f1o que fusiona al M\u00e9xico Prehisp\u00e1nico con el moderno y el futuro, en el que podr\u00e1n convivir 13 mil aficionados<\/em><br \/>\n<!--more--><\/p>\n<p>El Jefe de Gobierno de la Ciudad de M\u00e9xico, Miguel \u00c1ngel Mancera Espinosa present\u00f3, acompa\u00f1ado del empresario Alfredo Harp Hel\u00fa, el proyecto de construcci\u00f3n de la nueva sede de los Diablos Rojos del M\u00e9xico.<\/p>\n<p>\u00c9ste, contar\u00e1 con una inversi\u00f3n de m\u00e1s de 60 millones de d\u00f3lares y se perfila a convertirse en un espacio sustentable y de primer mundo para fomentar el gusto por el deporte y particularmente, sobre esta disciplina.<\/p>\n<p>Asimismo, el mandatario capitalino inform\u00f3 de la rehabilitaci\u00f3n y construcci\u00f3n de diversos espacios de beisbol en las 16 delegaciones pol\u00edticas, con lo cual se hace un relanzamiento de la pr\u00e1ctica de este deporte en la capital del pa\u00eds.<\/p>\n<p>La nueva casa de los Diablos Rojos contar\u00e1 con un dise\u00f1o que fusiona al M\u00e9xico Prehisp\u00e1nico con el moderno y el futuro, en el que podr\u00e1n convivir 13 mil aficionados.<\/p>\n<p>Adem\u00e1s, albergar\u00e1 tiendas de souvenirs, \u00e1rea de comida, explanada y zona infantil, as\u00ed como facilidades para la movilidad de personas con alg\u00fan tipo de discapacidad o que utilizan silla de ruedas.<\/p>\n<p>El espacio estar\u00e1 ubicado en la Ciudad Deportiva de la Magdalena Mixhuca, responde a una de las peticiones de los j\u00f3venes y ni\u00f1os de la capital, que es el contar con m\u00e1s y mejores espacios para su desarrollo y formaci\u00f3n.<\/p>\n<p>En ese sentido, Mancera Espinosa resalt\u00f3 que el beisbol es uno de los deportes que m\u00e1s convoca y figurar\u00e1, incluso, como un foco de cohesi\u00f3n social y coment\u00f3 que M\u00e9xico debe recobrar la tarea de ocuparse e invertir cada vez m\u00e1s en la infancia, destacando que se debe apostar a la educaci\u00f3n y formaci\u00f3n sana de ellos.<\/p>\n<p>Explic\u00f3 que entre 2015 y 2017 se tienen garantizados capitales por 200 millones de d\u00f3lares para estos proyectos y que ser\u00e1 en marzo pr\u00f3ximo cuando arrancar\u00eda la construcci\u00f3n del nuevo estadio, que se espera est\u00e9 finalizado para marzo del a\u00f1o 2017.<\/p>\n<p>Por otra parte, dej\u00f3 en claro que con la construcci\u00f3n de este estadio, se crear\u00e1n m\u00e1s espacios y el rescate de varias canchas deportivas de beisbol como: la rehabilitaci\u00f3n y mejoramiento del Deportivo Azcapotzalco; el Campo de Beisbol Tranviarios en Benito Ju\u00e1rez; el Campo Oscar \u201cR\u00e1pido\u201d Esquivel en Coyoac\u00e1n; el Deportivo Santa Cruz Meyehualco en Iztapalapa; el Parque Ecol\u00f3gico 18 de Marzo en Miguel Hidalgo; el Deportivo La Joya en Tlalpan; el Centro Deportivo Plutarco El\u00edas Calles en Venustiano Carranza; y el Deportivo Xochimilco, as\u00ed como la construcci\u00f3n de nuevos espacios en Magdalena Contreras, Cuajimalpa, Cuauht\u00e9moc, Gustavo A. Madero, Milpa Alta y Tl\u00e1huac.<\/p>\n<p>&nbsp;<\/p>\n","protected":false},"excerpt":{"rendered":"<p>Diciembre: Contar\u00e1 con un dise\u00f1o que fusiona al M\u00e9xico Prehisp\u00e1nico con el moderno y el futuro, en el que podr\u00e1n convivir 13 mil aficionados<\/p>\n","protected":false},"author":9,"featured_media":0,"comment_status":"open","ping_status":"closed","sticky":false,"template":"","format":"standard","meta":{"om_disable_all_campaigns":false,"inline_featured_image":false,"_monsterinsights_skip_tracking":false,"_monsterinsights_sitenote_active":false,"_monsterinsights_sitenote_note":"","_monsterinsights_sitenote_category":0,"footnotes":""},"categories":[14],"tags":[22,2341,3039,25,256,605],"class_list":["post-13190","post","type-post","status-publish","format-standard","hentry","category-construccion","tag-construccion-2","tag-diablos-rojos","tag-diablos-rojos-del-mexico","tag-estadio","tag-gdf","tag-miguel-angel-mancera-espinosa"],"yoast_head":"<!-- This site is optimized with the Yoast SEO plugin v27.4 - https:\/\/yoast.com\/product\/yoast-seo-wordpress\/ -->\n<title>Lo Mejor del A\u00f1o: Presenta GDF proyecto para nuevo estadio de los Diablos Rojos -<\/title>\n<meta name=\"description\" content=\"Diciembre: Contar\u00e1 con un dise\u00f1o que fusiona al M\u00e9xico Prehisp\u00e1nico con el moderno y el futuro, en el que podr\u00e1n convivir 13 mil aficionados El Jefe de\" \/>\n<meta name=\"robots\" content=\"index, follow, max-snippet:-1, max-image-preview:large, max-video-preview:-1\" \/>\n<link rel=\"canonical\" href=\"https:\/\/centrourbano.com\/revista\/construccion\/presenta-gdf-proyecto-para-nuevo-estadio-de-los-diablos-rojos\/\" \/>\n<meta property=\"og:locale\" content=\"es_ES\" \/>\n<meta property=\"og:type\" content=\"article\" \/>\n<meta property=\"og:title\" content=\"Lo Mejor del A\u00f1o: Presenta GDF proyecto para nuevo estadio de los Diablos Rojos -\" \/>\n<meta property=\"og:description\" content=\"Diciembre: Contar\u00e1 con un dise\u00f1o que fusiona al M\u00e9xico Prehisp\u00e1nico con el moderno y el futuro, en el que podr\u00e1n convivir 13 mil aficionados El Jefe de\" \/>\n<meta property=\"og:url\" content=\"https:\/\/centrourbano.com\/revista\/construccion\/presenta-gdf-proyecto-para-nuevo-estadio-de-los-diablos-rojos\/\" \/>\n<meta property=\"og:site_name\" content=\"Centro Urbano\" \/>\n<meta property=\"article:publisher\" content=\"https:\/\/www.facebook.com\/portalcentrourbano\" \/>\n<meta property=\"article:published_time\" content=\"2015-01-05T19:00:10+00:00\" \/>\n<meta property=\"og:image\" content=\"https:\/\/centrourbano.com\/revista\/wp-content\/uploads\/CU-logo.png\" \/>\n\t<meta property=\"og:image:width\" content=\"350\" \/>\n\t<meta property=\"og:image:height\" content=\"91\" \/>\n\t<meta property=\"og:image:type\" content=\"image\/png\" \/>\n<meta name=\"author\" content=\"Dinorah Nava\" \/>\n<meta name=\"twitter:card\" content=\"summary_large_image\" \/>\n<meta name=\"twitter:creator\" content=\"@https:\/\/twitter.com\/Dinorah_Nava28\" \/>\n<meta name=\"twitter:site\" content=\"@CentroUrbano\" \/>\n<meta name=\"twitter:label1\" content=\"Escrito por\" \/>\n\t<meta name=\"twitter:data1\" content=\"Dinorah Nava\" \/>\n\t<meta name=\"twitter:label2\" content=\"Tiempo de lectura\" \/>\n\t<meta name=\"twitter:data2\" content=\"2 minutos\" \/>\n<script type=\"application\/ld+json\" class=\"yoast-schema-graph\">{\"@context\":\"https:\\\/\\\/schema.org\",\"@graph\":[{\"@type\":\"Article\",\"@id\":\"https:\\\/\\\/centrourbano.com\\\/revista\\\/construccion\\\/presenta-gdf-proyecto-para-nuevo-estadio-de-los-diablos-rojos\\\/#article\",\"isPartOf\":{\"@id\":\"https:\\\/\\\/centrourbano.com\\\/revista\\\/construccion\\\/presenta-gdf-proyecto-para-nuevo-estadio-de-los-diablos-rojos\\\/\"},\"author\":{\"name\":\"Dinorah Nava\",\"@id\":\"https:\\\/\\\/centrourbano.com\\\/revista\\\/#\\\/schema\\\/person\\\/b45db815d96831257ba428a3d5a5fbdc\"},\"headline\":\"Lo Mejor del A\u00f1o: Presenta GDF proyecto para nuevo estadio de los Diablos Rojos\",\"datePublished\":\"2015-01-05T19:00:10+00:00\",\"mainEntityOfPage\":{\"@id\":\"https:\\\/\\\/centrourbano.com\\\/revista\\\/construccion\\\/presenta-gdf-proyecto-para-nuevo-estadio-de-los-diablos-rojos\\\/\"},\"wordCount\":491,\"commentCount\":0,\"publisher\":{\"@id\":\"https:\\\/\\\/centrourbano.com\\\/revista\\\/#organization\"},\"keywords\":[\"construcci\u00f3n\",\"Diablos Rojos\",\"Diablos Rojos del Mexico\",\"estadio\",\"GDF\",\"Miguel \u00c1ngel Mancera Espinosa\"],\"articleSection\":[\"Construcci\u00f3n\"],\"inLanguage\":\"es\",\"potentialAction\":[{\"@type\":\"CommentAction\",\"name\":\"Comment\",\"target\":[\"https:\\\/\\\/centrourbano.com\\\/revista\\\/construccion\\\/presenta-gdf-proyecto-para-nuevo-estadio-de-los-diablos-rojos\\\/#respond\"]}]},{\"@type\":\"WebPage\",\"@id\":\"https:\\\/\\\/centrourbano.com\\\/revista\\\/construccion\\\/presenta-gdf-proyecto-para-nuevo-estadio-de-los-diablos-rojos\\\/\",\"url\":\"https:\\\/\\\/centrourbano.com\\\/revista\\\/construccion\\\/presenta-gdf-proyecto-para-nuevo-estadio-de-los-diablos-rojos\\\/\",\"name\":\"Lo Mejor del A\u00f1o: Presenta GDF proyecto para nuevo estadio de los Diablos Rojos -\",\"isPartOf\":{\"@id\":\"https:\\\/\\\/centrourbano.com\\\/revista\\\/#website\"},\"datePublished\":\"2015-01-05T19:00:10+00:00\",\"description\":\"Diciembre: Contar\u00e1 con un dise\u00f1o que fusiona al M\u00e9xico Prehisp\u00e1nico con el moderno y el futuro, en el que podr\u00e1n convivir 13 mil aficionados El Jefe de\",\"breadcrumb\":{\"@id\":\"https:\\\/\\\/centrourbano.com\\\/revista\\\/construccion\\\/presenta-gdf-proyecto-para-nuevo-estadio-de-los-diablos-rojos\\\/#breadcrumb\"},\"inLanguage\":\"es\",\"potentialAction\":[{\"@type\":\"ReadAction\",\"target\":[\"https:\\\/\\\/centrourbano.com\\\/revista\\\/construccion\\\/presenta-gdf-proyecto-para-nuevo-estadio-de-los-diablos-rojos\\\/\"]}]},{\"@type\":\"BreadcrumbList\",\"@id\":\"https:\\\/\\\/centrourbano.com\\\/revista\\\/construccion\\\/presenta-gdf-proyecto-para-nuevo-estadio-de-los-diablos-rojos\\\/#breadcrumb\",\"itemListElement\":[{\"@type\":\"ListItem\",\"position\":1,\"name\":\"Portada\",\"item\":\"https:\\\/\\\/centrourbano.com\\\/revista\\\/\"},{\"@type\":\"ListItem\",\"position\":2,\"name\":\"Lo Mejor del A\u00f1o: Presenta GDF proyecto para nuevo estadio de los Diablos Rojos\"}]},{\"@type\":\"WebSite\",\"@id\":\"https:\\\/\\\/centrourbano.com\\\/revista\\\/#website\",\"url\":\"https:\\\/\\\/centrourbano.com\\\/revista\\\/\",\"name\":\"Centro Urbano\",\"description\":\"Medio especializado en los sectores vivienda, inmobiliario, construcci\u00f3n, arquitectura y urbanismo.\",\"publisher\":{\"@id\":\"https:\\\/\\\/centrourbano.com\\\/revista\\\/#organization\"},\"potentialAction\":[{\"@type\":\"SearchAction\",\"target\":{\"@type\":\"EntryPoint\",\"urlTemplate\":\"https:\\\/\\\/centrourbano.com\\\/revista\\\/?s={search_term_string}\"},\"query-input\":{\"@type\":\"PropertyValueSpecification\",\"valueRequired\":true,\"valueName\":\"search_term_string\"}}],\"inLanguage\":\"es\"},{\"@type\":\"Organization\",\"@id\":\"https:\\\/\\\/centrourbano.com\\\/revista\\\/#organization\",\"name\":\"Centro Urbano\",\"url\":\"https:\\\/\\\/centrourbano.com\\\/revista\\\/\",\"logo\":{\"@type\":\"ImageObject\",\"inLanguage\":\"es\",\"@id\":\"https:\\\/\\\/centrourbano.com\\\/revista\\\/#\\\/schema\\\/logo\\\/image\\\/\",\"url\":\"https:\\\/\\\/centrourbano.com\\\/revista\\\/wp-content\\\/uploads\\\/web_CU_logo-1.png\",\"contentUrl\":\"https:\\\/\\\/centrourbano.com\\\/revista\\\/wp-content\\\/uploads\\\/web_CU_logo-1.png\",\"width\":350,\"height\":91,\"caption\":\"Centro Urbano\"},\"image\":{\"@id\":\"https:\\\/\\\/centrourbano.com\\\/revista\\\/#\\\/schema\\\/logo\\\/image\\\/\"},\"sameAs\":[\"https:\\\/\\\/www.facebook.com\\\/portalcentrourbano\",\"https:\\\/\\\/x.com\\\/CentroUrbano\",\"https:\\\/\\\/www.instagram.com\\\/centro_urbano\\\/\",\"https:\\\/\\\/www.linkedin.com\\\/company\\\/centro-urbano\\\/\",\"http:\\\/\\\/www.youtube.com\\\/user\\\/portalcentrourbano\"]},{\"@type\":\"Person\",\"@id\":\"https:\\\/\\\/centrourbano.com\\\/revista\\\/#\\\/schema\\\/person\\\/b45db815d96831257ba428a3d5a5fbdc\",\"name\":\"Dinorah Nava\",\"image\":{\"@type\":\"ImageObject\",\"inLanguage\":\"es\",\"@id\":\"https:\\\/\\\/secure.gravatar.com\\\/avatar\\\/f6ca6430c51d147f363940f84e1225aa4b8183885c11802cc3b042305a4ecc1a?s=96&d=mm&r=g\",\"url\":\"https:\\\/\\\/secure.gravatar.com\\\/avatar\\\/f6ca6430c51d147f363940f84e1225aa4b8183885c11802cc3b042305a4ecc1a?s=96&d=mm&r=g\",\"contentUrl\":\"https:\\\/\\\/secure.gravatar.com\\\/avatar\\\/f6ca6430c51d147f363940f84e1225aa4b8183885c11802cc3b042305a4ecc1a?s=96&d=mm&r=g\",\"caption\":\"Dinorah Nava\"},\"description\":\"Editora de Contenidos y Estrategias Digitales en Centro Urbano y Coeditora en Peri\u00f3dico Mi Casa. Egresada de la licenciatura en Comunicaci\u00f3n y Periodismo de la Facultad de Estudios Superiores Arag\u00f3n (UNAM). Amante de la edici\u00f3n y correcci\u00f3n de estilo, las redes sociales y el mundo digital. Especialista en temas son arquitectura, inmobiliario y urbanismo.\",\"sameAs\":[\"linkedin.com\\\/in\\\/dinorah-nava\",\"https:\\\/\\\/x.com\\\/https:\\\/\\\/twitter.com\\\/Dinorah_Nava28\"],\"url\":\"https:\\\/\\\/centrourbano.com\\\/revista\\\/author\\\/dinorah-nava\\\/\"}]}<\/script>\n<!-- \/ Yoast SEO plugin. -->","yoast_head_json":{"title":"Lo Mejor del A\u00f1o: Presenta GDF proyecto para nuevo estadio de los Diablos Rojos -","description":"Diciembre: Contar\u00e1 con un dise\u00f1o que fusiona al M\u00e9xico Prehisp\u00e1nico con el moderno y el futuro, en el que podr\u00e1n convivir 13 mil aficionados El Jefe de","robots":{"index":"index","follow":"follow","max-snippet":"max-snippet:-1","max-image-preview":"max-image-preview:large","max-video-preview":"max-video-preview:-1"},"canonical":"https:\/\/centrourbano.com\/revista\/construccion\/presenta-gdf-proyecto-para-nuevo-estadio-de-los-diablos-rojos\/","og_locale":"es_ES","og_type":"article","og_title":"Lo Mejor del A\u00f1o: Presenta GDF proyecto para nuevo estadio de los Diablos Rojos -","og_description":"Diciembre: Contar\u00e1 con un dise\u00f1o que fusiona al M\u00e9xico Prehisp\u00e1nico con el moderno y el futuro, en el que podr\u00e1n convivir 13 mil aficionados El Jefe de","og_url":"https:\/\/centrourbano.com\/revista\/construccion\/presenta-gdf-proyecto-para-nuevo-estadio-de-los-diablos-rojos\/","og_site_name":"Centro Urbano","article_publisher":"https:\/\/www.facebook.com\/portalcentrourbano","article_published_time":"2015-01-05T19:00:10+00:00","og_image":[{"width":350,"height":91,"url":"https:\/\/centrourbano.com\/revista\/wp-content\/uploads\/CU-logo.png","type":"image\/png"}],"author":"Dinorah Nava","twitter_card":"summary_large_image","twitter_creator":"@https:\/\/twitter.com\/Dinorah_Nava28","twitter_site":"@CentroUrbano","twitter_misc":{"Escrito por":"Dinorah Nava","Tiempo de lectura":"2 minutos"},"schema":{"@context":"https:\/\/schema.org","@graph":[{"@type":"Article","@id":"https:\/\/centrourbano.com\/revista\/construccion\/presenta-gdf-proyecto-para-nuevo-estadio-de-los-diablos-rojos\/#article","isPartOf":{"@id":"https:\/\/centrourbano.com\/revista\/construccion\/presenta-gdf-proyecto-para-nuevo-estadio-de-los-diablos-rojos\/"},"author":{"name":"Dinorah Nava","@id":"https:\/\/centrourbano.com\/revista\/#\/schema\/person\/b45db815d96831257ba428a3d5a5fbdc"},"headline":"Lo Mejor del A\u00f1o: Presenta GDF proyecto para nuevo estadio de los Diablos Rojos","datePublished":"2015-01-05T19:00:10+00:00","mainEntityOfPage":{"@id":"https:\/\/centrourbano.com\/revista\/construccion\/presenta-gdf-proyecto-para-nuevo-estadio-de-los-diablos-rojos\/"},"wordCount":491,"commentCount":0,"publisher":{"@id":"https:\/\/centrourbano.com\/revista\/#organization"},"keywords":["construcci\u00f3n","Diablos Rojos","Diablos Rojos del Mexico","estadio","GDF","Miguel \u00c1ngel Mancera Espinosa"],"articleSection":["Construcci\u00f3n"],"inLanguage":"es","potentialAction":[{"@type":"CommentAction","name":"Comment","target":["https:\/\/centrourbano.com\/revista\/construccion\/presenta-gdf-proyecto-para-nuevo-estadio-de-los-diablos-rojos\/#respond"]}]},{"@type":"WebPage","@id":"https:\/\/centrourbano.com\/revista\/construccion\/presenta-gdf-proyecto-para-nuevo-estadio-de-los-diablos-rojos\/","url":"https:\/\/centrourbano.com\/revista\/construccion\/presenta-gdf-proyecto-para-nuevo-estadio-de-los-diablos-rojos\/","name":"Lo Mejor del A\u00f1o: Presenta GDF proyecto para nuevo estadio de los Diablos Rojos -","isPartOf":{"@id":"https:\/\/centrourbano.com\/revista\/#website"},"datePublished":"2015-01-05T19:00:10+00:00","description":"Diciembre: Contar\u00e1 con un dise\u00f1o que fusiona al M\u00e9xico Prehisp\u00e1nico con el moderno y el futuro, en el que podr\u00e1n convivir 13 mil aficionados El Jefe de","breadcrumb":{"@id":"https:\/\/centrourbano.com\/revista\/construccion\/presenta-gdf-proyecto-para-nuevo-estadio-de-los-diablos-rojos\/#breadcrumb"},"inLanguage":"es","potentialAction":[{"@type":"ReadAction","target":["https:\/\/centrourbano.com\/revista\/construccion\/presenta-gdf-proyecto-para-nuevo-estadio-de-los-diablos-rojos\/"]}]},{"@type":"BreadcrumbList","@id":"https:\/\/centrourbano.com\/revista\/construccion\/presenta-gdf-proyecto-para-nuevo-estadio-de-los-diablos-rojos\/#breadcrumb","itemListElement":[{"@type":"ListItem","position":1,"name":"Portada","item":"https:\/\/centrourbano.com\/revista\/"},{"@type":"ListItem","position":2,"name":"Lo Mejor del A\u00f1o: Presenta GDF proyecto para nuevo estadio de los Diablos Rojos"}]},{"@type":"WebSite","@id":"https:\/\/centrourbano.com\/revista\/#website","url":"https:\/\/centrourbano.com\/revista\/","name":"Centro Urbano","description":"Medio especializado en los sectores vivienda, inmobiliario, construcci\u00f3n, arquitectura y urbanismo.","publisher":{"@id":"https:\/\/centrourbano.com\/revista\/#organization"},"potentialAction":[{"@type":"SearchAction","target":{"@type":"EntryPoint","urlTemplate":"https:\/\/centrourbano.com\/revista\/?s={search_term_string}"},"query-input":{"@type":"PropertyValueSpecification","valueRequired":true,"valueName":"search_term_string"}}],"inLanguage":"es"},{"@type":"Organization","@id":"https:\/\/centrourbano.com\/revista\/#organization","name":"Centro Urbano","url":"https:\/\/centrourbano.com\/revista\/","logo":{"@type":"ImageObject","inLanguage":"es","@id":"https:\/\/centrourbano.com\/revista\/#\/schema\/logo\/image\/","url":"https:\/\/centrourbano.com\/revista\/wp-content\/uploads\/web_CU_logo-1.png","contentUrl":"https:\/\/centrourbano.com\/revista\/wp-content\/uploads\/web_CU_logo-1.png","width":350,"height":91,"caption":"Centro Urbano"},"image":{"@id":"https:\/\/centrourbano.com\/revista\/#\/schema\/logo\/image\/"},"sameAs":["https:\/\/www.facebook.com\/portalcentrourbano","https:\/\/x.com\/CentroUrbano","https:\/\/www.instagram.com\/centro_urbano\/","https:\/\/www.linkedin.com\/company\/centro-urbano\/","http:\/\/www.youtube.com\/user\/portalcentrourbano"]},{"@type":"Person","@id":"https:\/\/centrourbano.com\/revista\/#\/schema\/person\/b45db815d96831257ba428a3d5a5fbdc","name":"Dinorah Nava","image":{"@type":"ImageObject","inLanguage":"es","@id":"https:\/\/secure.gravatar.com\/avatar\/f6ca6430c51d147f363940f84e1225aa4b8183885c11802cc3b042305a4ecc1a?s=96&d=mm&r=g","url":"https:\/\/secure.gravatar.com\/avatar\/f6ca6430c51d147f363940f84e1225aa4b8183885c11802cc3b042305a4ecc1a?s=96&d=mm&r=g","contentUrl":"https:\/\/secure.gravatar.com\/avatar\/f6ca6430c51d147f363940f84e1225aa4b8183885c11802cc3b042305a4ecc1a?s=96&d=mm&r=g","caption":"Dinorah Nava"},"description":"Editora de Contenidos y Estrategias Digitales en Centro Urbano y Coeditora en Peri\u00f3dico Mi Casa. Egresada de la licenciatura en Comunicaci\u00f3n y Periodismo de la Facultad de Estudios Superiores Arag\u00f3n (UNAM). Amante de la edici\u00f3n y correcci\u00f3n de estilo, las redes sociales y el mundo digital. Especialista en temas son arquitectura, inmobiliario y urbanismo.","sameAs":["linkedin.com\/in\/dinorah-nava","https:\/\/x.com\/https:\/\/twitter.com\/Dinorah_Nava28"],"url":"https:\/\/centrourbano.com\/revista\/author\/dinorah-nava\/"}]}},"_links":{"self":[{"href":"https:\/\/centrourbano.com\/revista\/wp-json\/wp\/v2\/posts\/13190","targetHints":{"allow":["GET"]}}],"collection":[{"href":"https:\/\/centrourbano.com\/revista\/wp-json\/wp\/v2\/posts"}],"about":[{"href":"https:\/\/centrourbano.com\/revista\/wp-json\/wp\/v2\/types\/post"}],"author":[{"embeddable":true,"href":"https:\/\/centrourbano.com\/revista\/wp-json\/wp\/v2\/users\/9"}],"replies":[{"embeddable":true,"href":"https:\/\/centrourbano.com\/revista\/wp-json\/wp\/v2\/comments?post=13190"}],"version-history":[{"count":0,"href":"https:\/\/centrourbano.com\/revista\/wp-json\/wp\/v2\/posts\/13190\/revisions"}],"wp:attachment":[{"href":"https:\/\/centrourbano.com\/revista\/wp-json\/wp\/v2\/media?parent=13190"}],"wp:term":[{"taxonomy":"category","embeddable":true,"href":"https:\/\/centrourbano.com\/revista\/wp-json\/wp\/v2\/categories?post=13190"},{"taxonomy":"post_tag","embeddable":true,"href":"https:\/\/centrourbano.com\/revista\/wp-json\/wp\/v2\/tags?post=13190"}],"curies":[{"name":"wp","href":"https:\/\/api.w.org\/{rel}","templated":true}]}}