{"id":131821,"date":"2022-07-05T21:40:26","date_gmt":"2022-07-06T02:40:26","guid":{"rendered":"https:\/\/centrourbano.com\/?p=131821"},"modified":"2022-07-06T18:42:58","modified_gmt":"2022-07-06T23:42:58","slug":"urbanismo-y-seguridad-publica","status":"publish","type":"post","link":"https:\/\/centrourbano.com\/revista\/opinion\/blog-de-urbanismo\/urbanismo-y-seguridad-publica\/","title":{"rendered":"Urbanismo y seguridad p\u00fablica"},"content":{"rendered":"<p style=\"text-align: left;\"><strong>Por Briceida Cervantes S\u00e1nchez*<\/strong><\/p>\n<p><!--more--><\/p>\n<p>Como apunta V\u00edctor Delgadillo en su art\u00edculo <em>Urbanismo a la carta: teor\u00edas, pol\u00edticas, programas y otras recetas urbanas para ciudades latinoamericanas, <\/em>los gobiernos de nuestra regi\u00f3n han apostado por mejorar el entorno urbano con el prop\u00f3sito de hacer frente a problem\u00e1ticas como la movilidad y cambio clim\u00e1tico, as\u00ed como la seguridad p\u00fablica.<\/p>\n<p>\u00c9sta \u00faltima es una funci\u00f3n, en nuestro pa\u00eds, exclusiva del Estado de acuerdo con el Art\u00edculo 21\u00ba de la Constituci\u00f3n Pol\u00edtica de los Estados Unidos Mexicanos (CPUM) \u2013 recordemos que Max Weber se\u00f1al\u00f3 que el monopolio del uso de la fuerza siempre se reserva a los gobiernos \u2013 lo que ha provocado que no tenga un desarrollo a la par de otras \u00e1reas de la vida p\u00fablica en la cual es factible la inversi\u00f3n privada, por ejemplo, el transporte p\u00fablico concesionado o la recuperaci\u00f3n de espacios p\u00fablicos.<\/p>\n<p>Sin embargo, considero que desde la noci\u00f3n de urbanismo \u2013 entendido como aquella disciplina que aborda los asentamientos humanos a partir de su estudio para entenderlos y, en su caso, intervenirlos, lo anterior de acuerdo con el arquitecto Hugo Molina \u2013 pueden generarse puentes para fortalecer la seguridad p\u00fablica desde otros \u00e1mbitos que no sean exclusivamente aquellos vinculados con el empleo de la fuerza p\u00fablica. A continuaci\u00f3n, desarrollar\u00e9 esta idea.<\/p>\n<p>El fin de la seguridad p\u00fablica, en cualquier Estado Constitucional y Democr\u00e1tico de Derecho, es garantizar que las personas puedan desarrollarse plenamente y encuentren protecci\u00f3n por parte del Estado cuando su seguridad, integridad y pertenencias se vean amenazadas. As\u00ed, se cumple una de las cuatro obligaciones estatales en materia de derechos humanos que consagra el Art\u00edculo 1\u00b0, p\u00e1rrafo tercero de la Constituci\u00f3n Pol\u00edtica de los Estados Unidos Mexicanos (CPUM).<\/p>\n<p>Para llevar a cabo esa funci\u00f3n se cuenta con Instituciones destinadas para tal efecto, es decir, los cuerpos policiales, los cuales tienen dos funciones: una reactiva y otra preventiva.\u00a0 La primera de ellas es la intervenci\u00f3n en el momento en el cual se cometen conductas posiblemente constitutivas de delitos. Hablamos del uso de la mencionada fuerza p\u00fablica.<\/p>\n<p>La segunda de ellas se basa en la prevenci\u00f3n del delito, que se materializa desde diferentes \u00e1reas y programas. Algunos ejemplos son la vigilancia de sectores p\u00fablicos, conferencias y pl\u00e1ticas para divulgar medidas que reduzcan los riesgos de ser v\u00edctimas del delito, entre otras.<\/p>\n<p>La prevenci\u00f3n del delito no debe ser exclusiva de los cuerpos de seguridad p\u00fablica, ya que existen otros actores que pueden incidir en esta funci\u00f3n y romper la idea de que esta tarea s\u00f3lo corresponde a los cuerpos policiales. Un ejemplo de lo anterior es el mejoramiento del servicio de transporte p\u00fablico. En el metro de la Ciudad de M\u00e9xico, por ejemplo, la aglomeraci\u00f3n que se presenta en ciertas estaciones en la denominada <em>hora pico <\/em>\u2013 de m\u00e1xima afluencia \u2013 propicia que los <em>carteristas <\/em>sustraigan celulares y billeteras a las y los usuarios. Si se mejorara la distribuci\u00f3n de trenes, se podr\u00eda evitar este hecho ya que se reducir\u00eda el n\u00famero de pasajeros y provocar\u00eda menos posibilidad de acci\u00f3n por parte de los <em>carteristas.<\/em><em>\u00a0<\/em><\/p>\n<p>Otro caso lo tenemos en el alumbrado de la v\u00eda p\u00fablica. Muchas veces las zonas menos alumbradas se tornan propicias para que los integrantes de grupos criminales sorprendan a las personas transe\u00fantes, lo cual se evitar\u00eda al contar con faros o luces funcionales en sitios propicios para el escondite de aquellos.<\/p>\n<p>Sirvan estos dos ejemplos para hacer patente que la prevenci\u00f3n del delito no s\u00f3lo parte del uso de polic\u00edas, sino que tambi\u00e9n se puede gestar desde otros \u00e1mbitos. En este sentido, siguiendo la definici\u00f3n inicialmente planteada de <em>urbanismo, <\/em>podemos asegurar que la intervenci\u00f3n del espacio p\u00fablico con un enfoque preventivo puede constituirse como una medida clara para reducir la criminalidad y sin recurrir a la fuerza p\u00fablica, a la par de que contribuye a mejorar la vida de las personas desde diferentes aristas.<\/p>\n<p>Debemos, por lo tanto, explorar estas v\u00edas de la prevenci\u00f3n del delito que pueden tener otras formas de materializaci\u00f3n. Me viene a la mente el uso de la inteligencia artificial en tareas como el reconocimiento facial en bancos y transporte p\u00fablico, sitios en donde la criminalidad es alta.<\/p>\n<p>Prevenir, por lo tanto, no es castigar, sino mejorar la calidad de vida de las personas.<\/p>\n<p>BCS<\/p>\n<p>&nbsp;<\/p>\n<p><!--more--><\/p>\n<p style=\"text-align: right;\">Twitter: @BrisCervantesS<br \/>\nInstagram: Briceida Cervantes S\u00e1nchez<br \/>\nFacebook: N\/A<\/p>\n<p style=\"text-align: right;\"><strong>*Briceida Cervantes<\/strong><\/p>\n<p style=\"text-align: right;\"><strong>Coordinadora de Vinculaci\u00f3n Estrat\u00e9gica Internacional de la Secretaria de Relaciones Exteriores<\/strong><\/p>\n","protected":false},"excerpt":{"rendered":"<p>Por Briceida Cervantes S\u00e1nchez*<\/p>\n","protected":false},"author":79,"featured_media":131838,"comment_status":"open","ping_status":"closed","sticky":false,"template":"","format":"standard","meta":{"om_disable_all_campaigns":false,"inline_featured_image":false,"_monsterinsights_skip_tracking":false,"_monsterinsights_sitenote_active":false,"_monsterinsights_sitenote_note":"","_monsterinsights_sitenote_category":0,"footnotes":""},"categories":[5817,5,82],"tags":[10256,6156],"class_list":["post-131821","post","type-post","status-publish","format-standard","has-post-thumbnail","hentry","category-blog-de-urbanismo","category-opinion","category-urbanismo","tag-seguridad-publica","tag-urbanismo"],"yoast_head":"<!-- This site is optimized with the Yoast SEO plugin v27.5 - https:\/\/yoast.com\/product\/yoast-seo-wordpress\/ -->\n<title>Urbanismo y seguridad p\u00fablica<\/title>\n<meta name=\"description\" content=\"El fin de la seguridad p\u00fablica, es garantizar que las personas puedan desarrollarse plenamente y encuentren protecci\u00f3n\" \/>\n<meta name=\"robots\" content=\"index, follow, max-snippet:-1, max-image-preview:large, max-video-preview:-1\" \/>\n<link rel=\"canonical\" href=\"https:\/\/centrourbano.com\/revista\/opinion\/blog-de-urbanismo\/urbanismo-y-seguridad-publica\/\" \/>\n<meta property=\"og:locale\" content=\"es_ES\" \/>\n<meta property=\"og:type\" content=\"article\" \/>\n<meta property=\"og:title\" content=\"Urbanismo y seguridad p\u00fablica\" \/>\n<meta property=\"og:description\" content=\"El fin de la seguridad p\u00fablica, es garantizar que las personas puedan desarrollarse plenamente y encuentren protecci\u00f3n\" \/>\n<meta property=\"og:url\" content=\"https:\/\/centrourbano.com\/revista\/opinion\/blog-de-urbanismo\/urbanismo-y-seguridad-publica\/\" \/>\n<meta property=\"og:site_name\" content=\"Centro Urbano\" \/>\n<meta property=\"article:publisher\" content=\"https:\/\/www.facebook.com\/portalcentrourbano\" \/>\n<meta property=\"article:published_time\" content=\"2022-07-06T02:40:26+00:00\" \/>\n<meta property=\"article:modified_time\" content=\"2022-07-06T23:42:58+00:00\" \/>\n<meta property=\"og:image\" content=\"https:\/\/centrourbano.com\/revista\/wp-content\/uploads\/Briceida.jpg\" \/>\n\t<meta property=\"og:image:width\" content=\"978\" \/>\n\t<meta property=\"og:image:height\" content=\"978\" \/>\n\t<meta property=\"og:image:type\" content=\"image\/jpeg\" \/>\n<meta name=\"author\" content=\"Columnista invitado\" \/>\n<meta name=\"twitter:card\" content=\"summary_large_image\" \/>\n<meta name=\"twitter:creator\" content=\"@CentroUrbano\" \/>\n<meta name=\"twitter:site\" content=\"@CentroUrbano\" \/>\n<meta name=\"twitter:label1\" content=\"Escrito por\" \/>\n\t<meta name=\"twitter:data1\" content=\"Columnista invitado\" \/>\n\t<meta name=\"twitter:label2\" content=\"Tiempo de lectura\" \/>\n\t<meta name=\"twitter:data2\" content=\"4 minutos\" \/>\n<script type=\"application\/ld+json\" class=\"yoast-schema-graph\">{\"@context\":\"https:\\\/\\\/schema.org\",\"@graph\":[{\"@type\":\"Article\",\"@id\":\"https:\\\/\\\/centrourbano.com\\\/revista\\\/opinion\\\/blog-de-urbanismo\\\/urbanismo-y-seguridad-publica\\\/#article\",\"isPartOf\":{\"@id\":\"https:\\\/\\\/centrourbano.com\\\/revista\\\/opinion\\\/blog-de-urbanismo\\\/urbanismo-y-seguridad-publica\\\/\"},\"author\":{\"name\":\"Columnista invitado\",\"@id\":\"https:\\\/\\\/centrourbano.com\\\/revista\\\/#\\\/schema\\\/person\\\/dc8df86210792d64ade8cee71f6c3625\"},\"headline\":\"Urbanismo y seguridad p\u00fablica\",\"datePublished\":\"2022-07-06T02:40:26+00:00\",\"dateModified\":\"2022-07-06T23:42:58+00:00\",\"mainEntityOfPage\":{\"@id\":\"https:\\\/\\\/centrourbano.com\\\/revista\\\/opinion\\\/blog-de-urbanismo\\\/urbanismo-y-seguridad-publica\\\/\"},\"wordCount\":798,\"commentCount\":0,\"publisher\":{\"@id\":\"https:\\\/\\\/centrourbano.com\\\/revista\\\/#organization\"},\"image\":{\"@id\":\"https:\\\/\\\/centrourbano.com\\\/revista\\\/opinion\\\/blog-de-urbanismo\\\/urbanismo-y-seguridad-publica\\\/#primaryimage\"},\"thumbnailUrl\":\"https:\\\/\\\/centrourbano.com\\\/revista\\\/wp-content\\\/uploads\\\/Briceida.jpg\",\"keywords\":[\"seguridad p\u00fablica\",\"Urbanismo\"],\"articleSection\":[\"Hablemos de Urbanismo\",\"Opini\u00f3n\",\"Urbanismo\"],\"inLanguage\":\"es\",\"potentialAction\":[{\"@type\":\"CommentAction\",\"name\":\"Comment\",\"target\":[\"https:\\\/\\\/centrourbano.com\\\/revista\\\/opinion\\\/blog-de-urbanismo\\\/urbanismo-y-seguridad-publica\\\/#respond\"]}]},{\"@type\":\"WebPage\",\"@id\":\"https:\\\/\\\/centrourbano.com\\\/revista\\\/opinion\\\/blog-de-urbanismo\\\/urbanismo-y-seguridad-publica\\\/\",\"url\":\"https:\\\/\\\/centrourbano.com\\\/revista\\\/opinion\\\/blog-de-urbanismo\\\/urbanismo-y-seguridad-publica\\\/\",\"name\":\"Urbanismo y seguridad p\u00fablica\",\"isPartOf\":{\"@id\":\"https:\\\/\\\/centrourbano.com\\\/revista\\\/#website\"},\"primaryImageOfPage\":{\"@id\":\"https:\\\/\\\/centrourbano.com\\\/revista\\\/opinion\\\/blog-de-urbanismo\\\/urbanismo-y-seguridad-publica\\\/#primaryimage\"},\"image\":{\"@id\":\"https:\\\/\\\/centrourbano.com\\\/revista\\\/opinion\\\/blog-de-urbanismo\\\/urbanismo-y-seguridad-publica\\\/#primaryimage\"},\"thumbnailUrl\":\"https:\\\/\\\/centrourbano.com\\\/revista\\\/wp-content\\\/uploads\\\/Briceida.jpg\",\"datePublished\":\"2022-07-06T02:40:26+00:00\",\"dateModified\":\"2022-07-06T23:42:58+00:00\",\"description\":\"El fin de la seguridad p\u00fablica, es garantizar que las personas puedan desarrollarse plenamente y encuentren protecci\u00f3n\",\"breadcrumb\":{\"@id\":\"https:\\\/\\\/centrourbano.com\\\/revista\\\/opinion\\\/blog-de-urbanismo\\\/urbanismo-y-seguridad-publica\\\/#breadcrumb\"},\"inLanguage\":\"es\",\"potentialAction\":[{\"@type\":\"ReadAction\",\"target\":[\"https:\\\/\\\/centrourbano.com\\\/revista\\\/opinion\\\/blog-de-urbanismo\\\/urbanismo-y-seguridad-publica\\\/\"]}]},{\"@type\":\"ImageObject\",\"inLanguage\":\"es\",\"@id\":\"https:\\\/\\\/centrourbano.com\\\/revista\\\/opinion\\\/blog-de-urbanismo\\\/urbanismo-y-seguridad-publica\\\/#primaryimage\",\"url\":\"https:\\\/\\\/centrourbano.com\\\/revista\\\/wp-content\\\/uploads\\\/Briceida.jpg\",\"contentUrl\":\"https:\\\/\\\/centrourbano.com\\\/revista\\\/wp-content\\\/uploads\\\/Briceida.jpg\",\"width\":978,\"height\":978},{\"@type\":\"BreadcrumbList\",\"@id\":\"https:\\\/\\\/centrourbano.com\\\/revista\\\/opinion\\\/blog-de-urbanismo\\\/urbanismo-y-seguridad-publica\\\/#breadcrumb\",\"itemListElement\":[{\"@type\":\"ListItem\",\"position\":1,\"name\":\"Portada\",\"item\":\"https:\\\/\\\/centrourbano.com\\\/revista\\\/\"},{\"@type\":\"ListItem\",\"position\":2,\"name\":\"Urbanismo y seguridad p\u00fablica\"}]},{\"@type\":\"WebSite\",\"@id\":\"https:\\\/\\\/centrourbano.com\\\/revista\\\/#website\",\"url\":\"https:\\\/\\\/centrourbano.com\\\/revista\\\/\",\"name\":\"Centro Urbano\",\"description\":\"Medio especializado en los sectores vivienda, inmobiliario, construcci\u00f3n, arquitectura y urbanismo.\",\"publisher\":{\"@id\":\"https:\\\/\\\/centrourbano.com\\\/revista\\\/#organization\"},\"potentialAction\":[{\"@type\":\"SearchAction\",\"target\":{\"@type\":\"EntryPoint\",\"urlTemplate\":\"https:\\\/\\\/centrourbano.com\\\/revista\\\/?s={search_term_string}\"},\"query-input\":{\"@type\":\"PropertyValueSpecification\",\"valueRequired\":true,\"valueName\":\"search_term_string\"}}],\"inLanguage\":\"es\"},{\"@type\":\"Organization\",\"@id\":\"https:\\\/\\\/centrourbano.com\\\/revista\\\/#organization\",\"name\":\"Centro Urbano\",\"url\":\"https:\\\/\\\/centrourbano.com\\\/revista\\\/\",\"logo\":{\"@type\":\"ImageObject\",\"inLanguage\":\"es\",\"@id\":\"https:\\\/\\\/centrourbano.com\\\/revista\\\/#\\\/schema\\\/logo\\\/image\\\/\",\"url\":\"https:\\\/\\\/centrourbano.com\\\/revista\\\/wp-content\\\/uploads\\\/web_CU_logo-1.png\",\"contentUrl\":\"https:\\\/\\\/centrourbano.com\\\/revista\\\/wp-content\\\/uploads\\\/web_CU_logo-1.png\",\"width\":350,\"height\":91,\"caption\":\"Centro Urbano\"},\"image\":{\"@id\":\"https:\\\/\\\/centrourbano.com\\\/revista\\\/#\\\/schema\\\/logo\\\/image\\\/\"},\"sameAs\":[\"https:\\\/\\\/www.facebook.com\\\/portalcentrourbano\",\"https:\\\/\\\/x.com\\\/CentroUrbano\",\"https:\\\/\\\/www.instagram.com\\\/centro_urbano\\\/\",\"https:\\\/\\\/www.linkedin.com\\\/company\\\/centro-urbano\\\/\",\"http:\\\/\\\/www.youtube.com\\\/user\\\/portalcentrourbano\"]},{\"@type\":\"Person\",\"@id\":\"https:\\\/\\\/centrourbano.com\\\/revista\\\/#\\\/schema\\\/person\\\/dc8df86210792d64ade8cee71f6c3625\",\"name\":\"Columnista invitado\",\"image\":{\"@type\":\"ImageObject\",\"inLanguage\":\"es\",\"@id\":\"https:\\\/\\\/secure.gravatar.com\\\/avatar\\\/28ad1e0627b854b5cf28ba6c846a14c308bb67d33df98f6677cc46fe92222ece?s=96&d=mm&r=g\",\"url\":\"https:\\\/\\\/secure.gravatar.com\\\/avatar\\\/28ad1e0627b854b5cf28ba6c846a14c308bb67d33df98f6677cc46fe92222ece?s=96&d=mm&r=g\",\"contentUrl\":\"https:\\\/\\\/secure.gravatar.com\\\/avatar\\\/28ad1e0627b854b5cf28ba6c846a14c308bb67d33df98f6677cc46fe92222ece?s=96&d=mm&r=g\",\"caption\":\"Columnista invitado\"},\"url\":\"https:\\\/\\\/centrourbano.com\\\/revista\\\/author\\\/columnista-invitado\\\/\"}]}<\/script>\n<!-- \/ Yoast SEO plugin. -->","yoast_head_json":{"title":"Urbanismo y seguridad p\u00fablica","description":"El fin de la seguridad p\u00fablica, es garantizar que las personas puedan desarrollarse plenamente y encuentren protecci\u00f3n","robots":{"index":"index","follow":"follow","max-snippet":"max-snippet:-1","max-image-preview":"max-image-preview:large","max-video-preview":"max-video-preview:-1"},"canonical":"https:\/\/centrourbano.com\/revista\/opinion\/blog-de-urbanismo\/urbanismo-y-seguridad-publica\/","og_locale":"es_ES","og_type":"article","og_title":"Urbanismo y seguridad p\u00fablica","og_description":"El fin de la seguridad p\u00fablica, es garantizar que las personas puedan desarrollarse plenamente y encuentren protecci\u00f3n","og_url":"https:\/\/centrourbano.com\/revista\/opinion\/blog-de-urbanismo\/urbanismo-y-seguridad-publica\/","og_site_name":"Centro Urbano","article_publisher":"https:\/\/www.facebook.com\/portalcentrourbano","article_published_time":"2022-07-06T02:40:26+00:00","article_modified_time":"2022-07-06T23:42:58+00:00","og_image":[{"width":978,"height":978,"url":"https:\/\/centrourbano.com\/revista\/wp-content\/uploads\/Briceida.jpg","type":"image\/jpeg"}],"author":"Columnista invitado","twitter_card":"summary_large_image","twitter_creator":"@CentroUrbano","twitter_site":"@CentroUrbano","twitter_misc":{"Escrito por":"Columnista invitado","Tiempo de lectura":"4 minutos"},"schema":{"@context":"https:\/\/schema.org","@graph":[{"@type":"Article","@id":"https:\/\/centrourbano.com\/revista\/opinion\/blog-de-urbanismo\/urbanismo-y-seguridad-publica\/#article","isPartOf":{"@id":"https:\/\/centrourbano.com\/revista\/opinion\/blog-de-urbanismo\/urbanismo-y-seguridad-publica\/"},"author":{"name":"Columnista invitado","@id":"https:\/\/centrourbano.com\/revista\/#\/schema\/person\/dc8df86210792d64ade8cee71f6c3625"},"headline":"Urbanismo y seguridad p\u00fablica","datePublished":"2022-07-06T02:40:26+00:00","dateModified":"2022-07-06T23:42:58+00:00","mainEntityOfPage":{"@id":"https:\/\/centrourbano.com\/revista\/opinion\/blog-de-urbanismo\/urbanismo-y-seguridad-publica\/"},"wordCount":798,"commentCount":0,"publisher":{"@id":"https:\/\/centrourbano.com\/revista\/#organization"},"image":{"@id":"https:\/\/centrourbano.com\/revista\/opinion\/blog-de-urbanismo\/urbanismo-y-seguridad-publica\/#primaryimage"},"thumbnailUrl":"https:\/\/centrourbano.com\/revista\/wp-content\/uploads\/Briceida.jpg","keywords":["seguridad p\u00fablica","Urbanismo"],"articleSection":["Hablemos de Urbanismo","Opini\u00f3n","Urbanismo"],"inLanguage":"es","potentialAction":[{"@type":"CommentAction","name":"Comment","target":["https:\/\/centrourbano.com\/revista\/opinion\/blog-de-urbanismo\/urbanismo-y-seguridad-publica\/#respond"]}]},{"@type":"WebPage","@id":"https:\/\/centrourbano.com\/revista\/opinion\/blog-de-urbanismo\/urbanismo-y-seguridad-publica\/","url":"https:\/\/centrourbano.com\/revista\/opinion\/blog-de-urbanismo\/urbanismo-y-seguridad-publica\/","name":"Urbanismo y seguridad p\u00fablica","isPartOf":{"@id":"https:\/\/centrourbano.com\/revista\/#website"},"primaryImageOfPage":{"@id":"https:\/\/centrourbano.com\/revista\/opinion\/blog-de-urbanismo\/urbanismo-y-seguridad-publica\/#primaryimage"},"image":{"@id":"https:\/\/centrourbano.com\/revista\/opinion\/blog-de-urbanismo\/urbanismo-y-seguridad-publica\/#primaryimage"},"thumbnailUrl":"https:\/\/centrourbano.com\/revista\/wp-content\/uploads\/Briceida.jpg","datePublished":"2022-07-06T02:40:26+00:00","dateModified":"2022-07-06T23:42:58+00:00","description":"El fin de la seguridad p\u00fablica, es garantizar que las personas puedan desarrollarse plenamente y encuentren protecci\u00f3n","breadcrumb":{"@id":"https:\/\/centrourbano.com\/revista\/opinion\/blog-de-urbanismo\/urbanismo-y-seguridad-publica\/#breadcrumb"},"inLanguage":"es","potentialAction":[{"@type":"ReadAction","target":["https:\/\/centrourbano.com\/revista\/opinion\/blog-de-urbanismo\/urbanismo-y-seguridad-publica\/"]}]},{"@type":"ImageObject","inLanguage":"es","@id":"https:\/\/centrourbano.com\/revista\/opinion\/blog-de-urbanismo\/urbanismo-y-seguridad-publica\/#primaryimage","url":"https:\/\/centrourbano.com\/revista\/wp-content\/uploads\/Briceida.jpg","contentUrl":"https:\/\/centrourbano.com\/revista\/wp-content\/uploads\/Briceida.jpg","width":978,"height":978},{"@type":"BreadcrumbList","@id":"https:\/\/centrourbano.com\/revista\/opinion\/blog-de-urbanismo\/urbanismo-y-seguridad-publica\/#breadcrumb","itemListElement":[{"@type":"ListItem","position":1,"name":"Portada","item":"https:\/\/centrourbano.com\/revista\/"},{"@type":"ListItem","position":2,"name":"Urbanismo y seguridad p\u00fablica"}]},{"@type":"WebSite","@id":"https:\/\/centrourbano.com\/revista\/#website","url":"https:\/\/centrourbano.com\/revista\/","name":"Centro Urbano","description":"Medio especializado en los sectores vivienda, inmobiliario, construcci\u00f3n, arquitectura y urbanismo.","publisher":{"@id":"https:\/\/centrourbano.com\/revista\/#organization"},"potentialAction":[{"@type":"SearchAction","target":{"@type":"EntryPoint","urlTemplate":"https:\/\/centrourbano.com\/revista\/?s={search_term_string}"},"query-input":{"@type":"PropertyValueSpecification","valueRequired":true,"valueName":"search_term_string"}}],"inLanguage":"es"},{"@type":"Organization","@id":"https:\/\/centrourbano.com\/revista\/#organization","name":"Centro Urbano","url":"https:\/\/centrourbano.com\/revista\/","logo":{"@type":"ImageObject","inLanguage":"es","@id":"https:\/\/centrourbano.com\/revista\/#\/schema\/logo\/image\/","url":"https:\/\/centrourbano.com\/revista\/wp-content\/uploads\/web_CU_logo-1.png","contentUrl":"https:\/\/centrourbano.com\/revista\/wp-content\/uploads\/web_CU_logo-1.png","width":350,"height":91,"caption":"Centro Urbano"},"image":{"@id":"https:\/\/centrourbano.com\/revista\/#\/schema\/logo\/image\/"},"sameAs":["https:\/\/www.facebook.com\/portalcentrourbano","https:\/\/x.com\/CentroUrbano","https:\/\/www.instagram.com\/centro_urbano\/","https:\/\/www.linkedin.com\/company\/centro-urbano\/","http:\/\/www.youtube.com\/user\/portalcentrourbano"]},{"@type":"Person","@id":"https:\/\/centrourbano.com\/revista\/#\/schema\/person\/dc8df86210792d64ade8cee71f6c3625","name":"Columnista invitado","image":{"@type":"ImageObject","inLanguage":"es","@id":"https:\/\/secure.gravatar.com\/avatar\/28ad1e0627b854b5cf28ba6c846a14c308bb67d33df98f6677cc46fe92222ece?s=96&d=mm&r=g","url":"https:\/\/secure.gravatar.com\/avatar\/28ad1e0627b854b5cf28ba6c846a14c308bb67d33df98f6677cc46fe92222ece?s=96&d=mm&r=g","contentUrl":"https:\/\/secure.gravatar.com\/avatar\/28ad1e0627b854b5cf28ba6c846a14c308bb67d33df98f6677cc46fe92222ece?s=96&d=mm&r=g","caption":"Columnista invitado"},"url":"https:\/\/centrourbano.com\/revista\/author\/columnista-invitado\/"}]}},"_links":{"self":[{"href":"https:\/\/centrourbano.com\/revista\/wp-json\/wp\/v2\/posts\/131821","targetHints":{"allow":["GET"]}}],"collection":[{"href":"https:\/\/centrourbano.com\/revista\/wp-json\/wp\/v2\/posts"}],"about":[{"href":"https:\/\/centrourbano.com\/revista\/wp-json\/wp\/v2\/types\/post"}],"author":[{"embeddable":true,"href":"https:\/\/centrourbano.com\/revista\/wp-json\/wp\/v2\/users\/79"}],"replies":[{"embeddable":true,"href":"https:\/\/centrourbano.com\/revista\/wp-json\/wp\/v2\/comments?post=131821"}],"version-history":[{"count":3,"href":"https:\/\/centrourbano.com\/revista\/wp-json\/wp\/v2\/posts\/131821\/revisions"}],"predecessor-version":[{"id":131839,"href":"https:\/\/centrourbano.com\/revista\/wp-json\/wp\/v2\/posts\/131821\/revisions\/131839"}],"wp:featuredmedia":[{"embeddable":true,"href":"https:\/\/centrourbano.com\/revista\/wp-json\/wp\/v2\/media\/131838"}],"wp:attachment":[{"href":"https:\/\/centrourbano.com\/revista\/wp-json\/wp\/v2\/media?parent=131821"}],"wp:term":[{"taxonomy":"category","embeddable":true,"href":"https:\/\/centrourbano.com\/revista\/wp-json\/wp\/v2\/categories?post=131821"},{"taxonomy":"post_tag","embeddable":true,"href":"https:\/\/centrourbano.com\/revista\/wp-json\/wp\/v2\/tags?post=131821"}],"curies":[{"name":"wp","href":"https:\/\/api.w.org\/{rel}","templated":true}]}}