{"id":131576,"date":"2022-07-01T07:57:36","date_gmt":"2022-07-01T12:57:36","guid":{"rendered":"https:\/\/centrourbano.com\/?p=131576"},"modified":"2022-07-01T11:00:10","modified_gmt":"2022-07-01T16:00:10","slug":"revegetacion-de-la-sedema-suma-28-5-millones-de-arboles-en-la-cdmx","status":"publish","type":"post","link":"https:\/\/centrourbano.com\/revista\/actualidad\/revegetacion-de-la-sedema-suma-28-5-millones-de-arboles-en-la-cdmx\/","title":{"rendered":"Revegetaci\u00f3n de la Sedema suma 28.5 millones de \u00e1rboles en la CDMX"},"content":{"rendered":"<p><em>La revegetaci\u00f3n a cargo de la Sedema y la Corenadr ha llegado a los 28 millones 551 mil 071 de \u00e1rboles y plantas entre 2019 y 2021<\/em><\/p>\n<p><!--more--><\/p>\n<p>Este 28 de junio es del D\u00eda Mundial del \u00c1rbol; como conmemoraci\u00f3n, la Secretar\u00eda del Medio Ambiente (Sedema) y la Comisi\u00f3n de Recursos Naturales y Desarrollo Rural (Corenadr), informan que en la Ciudad de M\u00e9xico han sembrado 71% de plantas y \u00e1rboles de la meta que tienen estimada a cumplir al 2024. Entre 2019 y 2021, 28 millones 551 mil 071 de ejemplares han sido plantados.<\/p>\n<p>Esta revegetaci\u00f3n por parte del gobierno incluye zonas urbanas y en \u00a0Suelo Conservaci\u00f3n, \u00c1reas Naturales Protegidas y \u00c1reas de Valor Ambiental, donde se distribuyen 17 millones 183 mil 413 piezas; mientras que dentro de la urbe como camellones, avenidas y calles verdes.hay 11 millones 367 mil 658 ejemplares. En este plan se incluyen diferentes tipos de \u00e1rboles, arbustos y otros tipos de plantas.<\/p>\n<p>Todo esto es parte del programa: Alt\u00e9petl Bienestar, donde participan 4 mil brigadistas; adem\u00e1s de due\u00f1os y trabajadores de viveros que est\u00e1n dispuestos a colaborar en la revegetaci\u00f3n de la Ciudad de M\u00e9xico.<\/p>\n<p>Ejemplo de ello es el encargado del Vivero Forestal San Luis Tlaxialtemalco, Miguel \u00c1ngel Delgado, que platica que se sum\u00f3 al plan de la siembra de \u00e1rboles y plantas, en pro del ambiente, la ciudad y la conservaci\u00f3n del suelo.<\/p>\n<p>\u201cEs importante reforestar y cuidar los \u00e1rboles porque de ellos vamos a obtener grandes beneficios, una mejor calidad de aire, la infiltraci\u00f3n y disponibilidad de agua, as\u00ed como la retenci\u00f3n de part\u00edculas suspendidas\u201d, explic\u00f3 Miguel.<\/p>\n<p>El Vivero Forestal San Luis Tlaxialtemalco es parte de la Corenadr; tiene una extensi\u00f3n de 59 hect\u00e1reas, por lo que es uno de los m\u00e1s grandes de Latinoam\u00e9rica; igualmente, tecnol\u00f3gicamente, es uno de los mejores equipados del pa\u00eds.<\/p>\n<p>En el Vivero se producen aproximadamente 10.5 millones de ejemplares; tambi\u00e9n, en \u00e9l trabajan m\u00e1s de 350 personas que incluyen ingenieros forestales, t\u00e9cnicos y brigadistas.<\/p>\n<h3>Programa Alt\u00e9petl Bienestar<\/h3>\n<p>El <a href=\"https:\/\/www.sedema.cdmx.gob.mx\/programas\/programa\/altepetl\" target=\"_blank\" rel=\"noopener\">programa Alt\u00e9petl Bienestar<\/a> es un plan trazado por la Sedema de la CDMX para \u201cconservar, proteger, restaurar y mantener los ecosistemas y agroecosistemas del Suelo de Conservaci\u00f3n\u201d; por ello se busca fomentar la responsabilidad socio ambiental.<\/p>\n<p>Buscan aumentar las actividades de producci\u00f3n agropecuaria sustentable; y con ello rescatar el patrimonio biocultural de la ciudad. Adem\u00e1s de aumentar la producci\u00f3n y compra de los viveros y microempresas productoras de plantas y \u00e1rboles.<\/p>\n<p>El objetivo principal del gobierno es transformar la ciudad a una ciudad verde; cuidando el Suelo de Conservaci\u00f3n dentro de la urbe. La meta al inicio del programa era de 10 millones de \u00e1rboles plantados; ahora, el nuevo n\u00famero a alcanzar es \u00a0de 40 millones de \u00e1rboles y otras plantas; adem\u00e1s de recuperar m\u00e1s de mil hect\u00e1reas de parques p\u00fablicos.<\/p>\n<p>&nbsp;<\/p>\n","protected":false},"excerpt":{"rendered":"<p>La revegetaci\u00f3n a cargo de la Sedema y la Corenadr ha llegado a los 28 millones 551 mil 071 de \u00e1rboles y plantas entre 2019 y 2021<\/p>\n","protected":false},"author":88,"featured_media":131577,"comment_status":"open","ping_status":"closed","sticky":false,"template":"","format":"standard","meta":{"om_disable_all_campaigns":false,"inline_featured_image":false,"_monsterinsights_skip_tracking":false,"_monsterinsights_sitenote_active":false,"_monsterinsights_sitenote_note":"","_monsterinsights_sitenote_category":0,"footnotes":""},"categories":[80],"tags":[5466,15836,167],"class_list":["post-131576","post","type-post","status-publish","format-standard","has-post-thumbnail","hentry","category-actualidad","tag-arboles","tag-revegetacion","tag-sedema"],"yoast_head":"<!-- This site is optimized with the Yoast SEO plugin v27.4 - https:\/\/yoast.com\/product\/yoast-seo-wordpress\/ -->\n<title>Revegetaci\u00f3n de la Sedema suma 28.5 millones de \u00e1rboles en la CDMX<\/title>\n<meta name=\"description\" content=\"\u00a0La revegetaci\u00f3n a cargo de la Sedema y la Corenadr ha llegado a los 28 millones 551 mil 071 de \u00e1rboles y plantas entre 2019 y 2021\" \/>\n<meta name=\"robots\" content=\"index, follow, max-snippet:-1, max-image-preview:large, max-video-preview:-1\" \/>\n<link rel=\"canonical\" href=\"https:\/\/centrourbano.com\/revista\/actualidad\/revegetacion-de-la-sedema-suma-28-5-millones-de-arboles-en-la-cdmx\/\" \/>\n<meta property=\"og:locale\" content=\"es_ES\" \/>\n<meta property=\"og:type\" content=\"article\" \/>\n<meta property=\"og:title\" content=\"Revegetaci\u00f3n de la Sedema suma 28.5 millones de \u00e1rboles en la CDMX\" \/>\n<meta property=\"og:description\" content=\"\u00a0La revegetaci\u00f3n a cargo de la Sedema y la Corenadr ha llegado a los 28 millones 551 mil 071 de \u00e1rboles y plantas entre 2019 y 2021\" \/>\n<meta property=\"og:url\" content=\"https:\/\/centrourbano.com\/revista\/actualidad\/revegetacion-de-la-sedema-suma-28-5-millones-de-arboles-en-la-cdmx\/\" \/>\n<meta property=\"og:site_name\" content=\"Centro Urbano\" \/>\n<meta property=\"article:publisher\" content=\"https:\/\/www.facebook.com\/portalcentrourbano\" \/>\n<meta property=\"article:published_time\" content=\"2022-07-01T12:57:36+00:00\" \/>\n<meta property=\"article:modified_time\" content=\"2022-07-01T16:00:10+00:00\" \/>\n<meta property=\"og:image\" content=\"https:\/\/centrourbano.com\/revista\/wp-content\/uploads\/WhatsAp.jpg\" \/>\n\t<meta property=\"og:image:width\" content=\"800\" \/>\n\t<meta property=\"og:image:height\" content=\"800\" \/>\n\t<meta property=\"og:image:type\" content=\"image\/jpeg\" \/>\n<meta name=\"author\" content=\"Rebeca Romero\" \/>\n<meta name=\"twitter:card\" content=\"summary_large_image\" \/>\n<meta name=\"twitter:creator\" content=\"@CentroUrbano\" \/>\n<meta name=\"twitter:site\" content=\"@CentroUrbano\" \/>\n<meta name=\"twitter:label1\" content=\"Escrito por\" \/>\n\t<meta name=\"twitter:data1\" content=\"Rebeca Romero\" \/>\n\t<meta name=\"twitter:label2\" content=\"Tiempo de lectura\" \/>\n\t<meta name=\"twitter:data2\" content=\"3 minutos\" \/>\n<script type=\"application\/ld+json\" class=\"yoast-schema-graph\">{\"@context\":\"https:\\\/\\\/schema.org\",\"@graph\":[{\"@type\":\"Article\",\"@id\":\"https:\\\/\\\/centrourbano.com\\\/revista\\\/actualidad\\\/revegetacion-de-la-sedema-suma-28-5-millones-de-arboles-en-la-cdmx\\\/#article\",\"isPartOf\":{\"@id\":\"https:\\\/\\\/centrourbano.com\\\/revista\\\/actualidad\\\/revegetacion-de-la-sedema-suma-28-5-millones-de-arboles-en-la-cdmx\\\/\"},\"author\":{\"name\":\"Rebeca Romero\",\"@id\":\"https:\\\/\\\/centrourbano.com\\\/revista\\\/#\\\/schema\\\/person\\\/c665f1c60da3ad48cd761a707b7090b0\"},\"headline\":\"Revegetaci\u00f3n de la Sedema suma 28.5 millones de \u00e1rboles en la CDMX\",\"datePublished\":\"2022-07-01T12:57:36+00:00\",\"dateModified\":\"2022-07-01T16:00:10+00:00\",\"mainEntityOfPage\":{\"@id\":\"https:\\\/\\\/centrourbano.com\\\/revista\\\/actualidad\\\/revegetacion-de-la-sedema-suma-28-5-millones-de-arboles-en-la-cdmx\\\/\"},\"wordCount\":490,\"commentCount\":0,\"publisher\":{\"@id\":\"https:\\\/\\\/centrourbano.com\\\/revista\\\/#organization\"},\"image\":{\"@id\":\"https:\\\/\\\/centrourbano.com\\\/revista\\\/actualidad\\\/revegetacion-de-la-sedema-suma-28-5-millones-de-arboles-en-la-cdmx\\\/#primaryimage\"},\"thumbnailUrl\":\"https:\\\/\\\/centrourbano.com\\\/revista\\\/wp-content\\\/uploads\\\/WhatsAp.jpg\",\"keywords\":[\"\u00e1rboles\",\"Revegetaci\u00f3n\",\"Sedema\"],\"articleSection\":[\"Actualidad\"],\"inLanguage\":\"es\",\"potentialAction\":[{\"@type\":\"CommentAction\",\"name\":\"Comment\",\"target\":[\"https:\\\/\\\/centrourbano.com\\\/revista\\\/actualidad\\\/revegetacion-de-la-sedema-suma-28-5-millones-de-arboles-en-la-cdmx\\\/#respond\"]}]},{\"@type\":\"WebPage\",\"@id\":\"https:\\\/\\\/centrourbano.com\\\/revista\\\/actualidad\\\/revegetacion-de-la-sedema-suma-28-5-millones-de-arboles-en-la-cdmx\\\/\",\"url\":\"https:\\\/\\\/centrourbano.com\\\/revista\\\/actualidad\\\/revegetacion-de-la-sedema-suma-28-5-millones-de-arboles-en-la-cdmx\\\/\",\"name\":\"Revegetaci\u00f3n de la Sedema suma 28.5 millones de \u00e1rboles en la CDMX\",\"isPartOf\":{\"@id\":\"https:\\\/\\\/centrourbano.com\\\/revista\\\/#website\"},\"primaryImageOfPage\":{\"@id\":\"https:\\\/\\\/centrourbano.com\\\/revista\\\/actualidad\\\/revegetacion-de-la-sedema-suma-28-5-millones-de-arboles-en-la-cdmx\\\/#primaryimage\"},\"image\":{\"@id\":\"https:\\\/\\\/centrourbano.com\\\/revista\\\/actualidad\\\/revegetacion-de-la-sedema-suma-28-5-millones-de-arboles-en-la-cdmx\\\/#primaryimage\"},\"thumbnailUrl\":\"https:\\\/\\\/centrourbano.com\\\/revista\\\/wp-content\\\/uploads\\\/WhatsAp.jpg\",\"datePublished\":\"2022-07-01T12:57:36+00:00\",\"dateModified\":\"2022-07-01T16:00:10+00:00\",\"description\":\"\u00a0La revegetaci\u00f3n a cargo de la Sedema y la Corenadr ha llegado a los 28 millones 551 mil 071 de \u00e1rboles y plantas entre 2019 y 2021\",\"breadcrumb\":{\"@id\":\"https:\\\/\\\/centrourbano.com\\\/revista\\\/actualidad\\\/revegetacion-de-la-sedema-suma-28-5-millones-de-arboles-en-la-cdmx\\\/#breadcrumb\"},\"inLanguage\":\"es\",\"potentialAction\":[{\"@type\":\"ReadAction\",\"target\":[\"https:\\\/\\\/centrourbano.com\\\/revista\\\/actualidad\\\/revegetacion-de-la-sedema-suma-28-5-millones-de-arboles-en-la-cdmx\\\/\"]}]},{\"@type\":\"ImageObject\",\"inLanguage\":\"es\",\"@id\":\"https:\\\/\\\/centrourbano.com\\\/revista\\\/actualidad\\\/revegetacion-de-la-sedema-suma-28-5-millones-de-arboles-en-la-cdmx\\\/#primaryimage\",\"url\":\"https:\\\/\\\/centrourbano.com\\\/revista\\\/wp-content\\\/uploads\\\/WhatsAp.jpg\",\"contentUrl\":\"https:\\\/\\\/centrourbano.com\\\/revista\\\/wp-content\\\/uploads\\\/WhatsAp.jpg\",\"width\":800,\"height\":800,\"caption\":\"Revegetaci\u00f3n en la CDMX\"},{\"@type\":\"BreadcrumbList\",\"@id\":\"https:\\\/\\\/centrourbano.com\\\/revista\\\/actualidad\\\/revegetacion-de-la-sedema-suma-28-5-millones-de-arboles-en-la-cdmx\\\/#breadcrumb\",\"itemListElement\":[{\"@type\":\"ListItem\",\"position\":1,\"name\":\"Portada\",\"item\":\"https:\\\/\\\/centrourbano.com\\\/revista\\\/\"},{\"@type\":\"ListItem\",\"position\":2,\"name\":\"Revegetaci\u00f3n de la Sedema suma 28.5 millones de \u00e1rboles en la CDMX\"}]},{\"@type\":\"WebSite\",\"@id\":\"https:\\\/\\\/centrourbano.com\\\/revista\\\/#website\",\"url\":\"https:\\\/\\\/centrourbano.com\\\/revista\\\/\",\"name\":\"Centro Urbano\",\"description\":\"Medio especializado en los sectores vivienda, inmobiliario, construcci\u00f3n, arquitectura y urbanismo.\",\"publisher\":{\"@id\":\"https:\\\/\\\/centrourbano.com\\\/revista\\\/#organization\"},\"potentialAction\":[{\"@type\":\"SearchAction\",\"target\":{\"@type\":\"EntryPoint\",\"urlTemplate\":\"https:\\\/\\\/centrourbano.com\\\/revista\\\/?s={search_term_string}\"},\"query-input\":{\"@type\":\"PropertyValueSpecification\",\"valueRequired\":true,\"valueName\":\"search_term_string\"}}],\"inLanguage\":\"es\"},{\"@type\":\"Organization\",\"@id\":\"https:\\\/\\\/centrourbano.com\\\/revista\\\/#organization\",\"name\":\"Centro Urbano\",\"url\":\"https:\\\/\\\/centrourbano.com\\\/revista\\\/\",\"logo\":{\"@type\":\"ImageObject\",\"inLanguage\":\"es\",\"@id\":\"https:\\\/\\\/centrourbano.com\\\/revista\\\/#\\\/schema\\\/logo\\\/image\\\/\",\"url\":\"https:\\\/\\\/centrourbano.com\\\/revista\\\/wp-content\\\/uploads\\\/web_CU_logo-1.png\",\"contentUrl\":\"https:\\\/\\\/centrourbano.com\\\/revista\\\/wp-content\\\/uploads\\\/web_CU_logo-1.png\",\"width\":350,\"height\":91,\"caption\":\"Centro Urbano\"},\"image\":{\"@id\":\"https:\\\/\\\/centrourbano.com\\\/revista\\\/#\\\/schema\\\/logo\\\/image\\\/\"},\"sameAs\":[\"https:\\\/\\\/www.facebook.com\\\/portalcentrourbano\",\"https:\\\/\\\/x.com\\\/CentroUrbano\",\"https:\\\/\\\/www.instagram.com\\\/centro_urbano\\\/\",\"https:\\\/\\\/www.linkedin.com\\\/company\\\/centro-urbano\\\/\",\"http:\\\/\\\/www.youtube.com\\\/user\\\/portalcentrourbano\"]},{\"@type\":\"Person\",\"@id\":\"https:\\\/\\\/centrourbano.com\\\/revista\\\/#\\\/schema\\\/person\\\/c665f1c60da3ad48cd761a707b7090b0\",\"name\":\"Rebeca Romero\",\"image\":{\"@type\":\"ImageObject\",\"inLanguage\":\"es\",\"@id\":\"https:\\\/\\\/secure.gravatar.com\\\/avatar\\\/aee0068ae3cc041082e0e84a8258fe5ccc00a733f187bde73b0b40d86b892826?s=96&d=mm&r=g\",\"url\":\"https:\\\/\\\/secure.gravatar.com\\\/avatar\\\/aee0068ae3cc041082e0e84a8258fe5ccc00a733f187bde73b0b40d86b892826?s=96&d=mm&r=g\",\"contentUrl\":\"https:\\\/\\\/secure.gravatar.com\\\/avatar\\\/aee0068ae3cc041082e0e84a8258fe5ccc00a733f187bde73b0b40d86b892826?s=96&d=mm&r=g\",\"caption\":\"Rebeca Romero\"},\"url\":\"https:\\\/\\\/centrourbano.com\\\/revista\\\/author\\\/rebeca-romero\\\/\"}]}<\/script>\n<!-- \/ Yoast SEO plugin. -->","yoast_head_json":{"title":"Revegetaci\u00f3n de la Sedema suma 28.5 millones de \u00e1rboles en la CDMX","description":"\u00a0La revegetaci\u00f3n a cargo de la Sedema y la Corenadr ha llegado a los 28 millones 551 mil 071 de \u00e1rboles y plantas entre 2019 y 2021","robots":{"index":"index","follow":"follow","max-snippet":"max-snippet:-1","max-image-preview":"max-image-preview:large","max-video-preview":"max-video-preview:-1"},"canonical":"https:\/\/centrourbano.com\/revista\/actualidad\/revegetacion-de-la-sedema-suma-28-5-millones-de-arboles-en-la-cdmx\/","og_locale":"es_ES","og_type":"article","og_title":"Revegetaci\u00f3n de la Sedema suma 28.5 millones de \u00e1rboles en la CDMX","og_description":"\u00a0La revegetaci\u00f3n a cargo de la Sedema y la Corenadr ha llegado a los 28 millones 551 mil 071 de \u00e1rboles y plantas entre 2019 y 2021","og_url":"https:\/\/centrourbano.com\/revista\/actualidad\/revegetacion-de-la-sedema-suma-28-5-millones-de-arboles-en-la-cdmx\/","og_site_name":"Centro Urbano","article_publisher":"https:\/\/www.facebook.com\/portalcentrourbano","article_published_time":"2022-07-01T12:57:36+00:00","article_modified_time":"2022-07-01T16:00:10+00:00","og_image":[{"width":800,"height":800,"url":"https:\/\/centrourbano.com\/revista\/wp-content\/uploads\/WhatsAp.jpg","type":"image\/jpeg"}],"author":"Rebeca Romero","twitter_card":"summary_large_image","twitter_creator":"@CentroUrbano","twitter_site":"@CentroUrbano","twitter_misc":{"Escrito por":"Rebeca Romero","Tiempo de lectura":"3 minutos"},"schema":{"@context":"https:\/\/schema.org","@graph":[{"@type":"Article","@id":"https:\/\/centrourbano.com\/revista\/actualidad\/revegetacion-de-la-sedema-suma-28-5-millones-de-arboles-en-la-cdmx\/#article","isPartOf":{"@id":"https:\/\/centrourbano.com\/revista\/actualidad\/revegetacion-de-la-sedema-suma-28-5-millones-de-arboles-en-la-cdmx\/"},"author":{"name":"Rebeca Romero","@id":"https:\/\/centrourbano.com\/revista\/#\/schema\/person\/c665f1c60da3ad48cd761a707b7090b0"},"headline":"Revegetaci\u00f3n de la Sedema suma 28.5 millones de \u00e1rboles en la CDMX","datePublished":"2022-07-01T12:57:36+00:00","dateModified":"2022-07-01T16:00:10+00:00","mainEntityOfPage":{"@id":"https:\/\/centrourbano.com\/revista\/actualidad\/revegetacion-de-la-sedema-suma-28-5-millones-de-arboles-en-la-cdmx\/"},"wordCount":490,"commentCount":0,"publisher":{"@id":"https:\/\/centrourbano.com\/revista\/#organization"},"image":{"@id":"https:\/\/centrourbano.com\/revista\/actualidad\/revegetacion-de-la-sedema-suma-28-5-millones-de-arboles-en-la-cdmx\/#primaryimage"},"thumbnailUrl":"https:\/\/centrourbano.com\/revista\/wp-content\/uploads\/WhatsAp.jpg","keywords":["\u00e1rboles","Revegetaci\u00f3n","Sedema"],"articleSection":["Actualidad"],"inLanguage":"es","potentialAction":[{"@type":"CommentAction","name":"Comment","target":["https:\/\/centrourbano.com\/revista\/actualidad\/revegetacion-de-la-sedema-suma-28-5-millones-de-arboles-en-la-cdmx\/#respond"]}]},{"@type":"WebPage","@id":"https:\/\/centrourbano.com\/revista\/actualidad\/revegetacion-de-la-sedema-suma-28-5-millones-de-arboles-en-la-cdmx\/","url":"https:\/\/centrourbano.com\/revista\/actualidad\/revegetacion-de-la-sedema-suma-28-5-millones-de-arboles-en-la-cdmx\/","name":"Revegetaci\u00f3n de la Sedema suma 28.5 millones de \u00e1rboles en la CDMX","isPartOf":{"@id":"https:\/\/centrourbano.com\/revista\/#website"},"primaryImageOfPage":{"@id":"https:\/\/centrourbano.com\/revista\/actualidad\/revegetacion-de-la-sedema-suma-28-5-millones-de-arboles-en-la-cdmx\/#primaryimage"},"image":{"@id":"https:\/\/centrourbano.com\/revista\/actualidad\/revegetacion-de-la-sedema-suma-28-5-millones-de-arboles-en-la-cdmx\/#primaryimage"},"thumbnailUrl":"https:\/\/centrourbano.com\/revista\/wp-content\/uploads\/WhatsAp.jpg","datePublished":"2022-07-01T12:57:36+00:00","dateModified":"2022-07-01T16:00:10+00:00","description":"\u00a0La revegetaci\u00f3n a cargo de la Sedema y la Corenadr ha llegado a los 28 millones 551 mil 071 de \u00e1rboles y plantas entre 2019 y 2021","breadcrumb":{"@id":"https:\/\/centrourbano.com\/revista\/actualidad\/revegetacion-de-la-sedema-suma-28-5-millones-de-arboles-en-la-cdmx\/#breadcrumb"},"inLanguage":"es","potentialAction":[{"@type":"ReadAction","target":["https:\/\/centrourbano.com\/revista\/actualidad\/revegetacion-de-la-sedema-suma-28-5-millones-de-arboles-en-la-cdmx\/"]}]},{"@type":"ImageObject","inLanguage":"es","@id":"https:\/\/centrourbano.com\/revista\/actualidad\/revegetacion-de-la-sedema-suma-28-5-millones-de-arboles-en-la-cdmx\/#primaryimage","url":"https:\/\/centrourbano.com\/revista\/wp-content\/uploads\/WhatsAp.jpg","contentUrl":"https:\/\/centrourbano.com\/revista\/wp-content\/uploads\/WhatsAp.jpg","width":800,"height":800,"caption":"Revegetaci\u00f3n en la CDMX"},{"@type":"BreadcrumbList","@id":"https:\/\/centrourbano.com\/revista\/actualidad\/revegetacion-de-la-sedema-suma-28-5-millones-de-arboles-en-la-cdmx\/#breadcrumb","itemListElement":[{"@type":"ListItem","position":1,"name":"Portada","item":"https:\/\/centrourbano.com\/revista\/"},{"@type":"ListItem","position":2,"name":"Revegetaci\u00f3n de la Sedema suma 28.5 millones de \u00e1rboles en la CDMX"}]},{"@type":"WebSite","@id":"https:\/\/centrourbano.com\/revista\/#website","url":"https:\/\/centrourbano.com\/revista\/","name":"Centro Urbano","description":"Medio especializado en los sectores vivienda, inmobiliario, construcci\u00f3n, arquitectura y urbanismo.","publisher":{"@id":"https:\/\/centrourbano.com\/revista\/#organization"},"potentialAction":[{"@type":"SearchAction","target":{"@type":"EntryPoint","urlTemplate":"https:\/\/centrourbano.com\/revista\/?s={search_term_string}"},"query-input":{"@type":"PropertyValueSpecification","valueRequired":true,"valueName":"search_term_string"}}],"inLanguage":"es"},{"@type":"Organization","@id":"https:\/\/centrourbano.com\/revista\/#organization","name":"Centro Urbano","url":"https:\/\/centrourbano.com\/revista\/","logo":{"@type":"ImageObject","inLanguage":"es","@id":"https:\/\/centrourbano.com\/revista\/#\/schema\/logo\/image\/","url":"https:\/\/centrourbano.com\/revista\/wp-content\/uploads\/web_CU_logo-1.png","contentUrl":"https:\/\/centrourbano.com\/revista\/wp-content\/uploads\/web_CU_logo-1.png","width":350,"height":91,"caption":"Centro Urbano"},"image":{"@id":"https:\/\/centrourbano.com\/revista\/#\/schema\/logo\/image\/"},"sameAs":["https:\/\/www.facebook.com\/portalcentrourbano","https:\/\/x.com\/CentroUrbano","https:\/\/www.instagram.com\/centro_urbano\/","https:\/\/www.linkedin.com\/company\/centro-urbano\/","http:\/\/www.youtube.com\/user\/portalcentrourbano"]},{"@type":"Person","@id":"https:\/\/centrourbano.com\/revista\/#\/schema\/person\/c665f1c60da3ad48cd761a707b7090b0","name":"Rebeca Romero","image":{"@type":"ImageObject","inLanguage":"es","@id":"https:\/\/secure.gravatar.com\/avatar\/aee0068ae3cc041082e0e84a8258fe5ccc00a733f187bde73b0b40d86b892826?s=96&d=mm&r=g","url":"https:\/\/secure.gravatar.com\/avatar\/aee0068ae3cc041082e0e84a8258fe5ccc00a733f187bde73b0b40d86b892826?s=96&d=mm&r=g","contentUrl":"https:\/\/secure.gravatar.com\/avatar\/aee0068ae3cc041082e0e84a8258fe5ccc00a733f187bde73b0b40d86b892826?s=96&d=mm&r=g","caption":"Rebeca Romero"},"url":"https:\/\/centrourbano.com\/revista\/author\/rebeca-romero\/"}]}},"_links":{"self":[{"href":"https:\/\/centrourbano.com\/revista\/wp-json\/wp\/v2\/posts\/131576","targetHints":{"allow":["GET"]}}],"collection":[{"href":"https:\/\/centrourbano.com\/revista\/wp-json\/wp\/v2\/posts"}],"about":[{"href":"https:\/\/centrourbano.com\/revista\/wp-json\/wp\/v2\/types\/post"}],"author":[{"embeddable":true,"href":"https:\/\/centrourbano.com\/revista\/wp-json\/wp\/v2\/users\/88"}],"replies":[{"embeddable":true,"href":"https:\/\/centrourbano.com\/revista\/wp-json\/wp\/v2\/comments?post=131576"}],"version-history":[{"count":3,"href":"https:\/\/centrourbano.com\/revista\/wp-json\/wp\/v2\/posts\/131576\/revisions"}],"predecessor-version":[{"id":131704,"href":"https:\/\/centrourbano.com\/revista\/wp-json\/wp\/v2\/posts\/131576\/revisions\/131704"}],"wp:featuredmedia":[{"embeddable":true,"href":"https:\/\/centrourbano.com\/revista\/wp-json\/wp\/v2\/media\/131577"}],"wp:attachment":[{"href":"https:\/\/centrourbano.com\/revista\/wp-json\/wp\/v2\/media?parent=131576"}],"wp:term":[{"taxonomy":"category","embeddable":true,"href":"https:\/\/centrourbano.com\/revista\/wp-json\/wp\/v2\/categories?post=131576"},{"taxonomy":"post_tag","embeddable":true,"href":"https:\/\/centrourbano.com\/revista\/wp-json\/wp\/v2\/tags?post=131576"}],"curies":[{"name":"wp","href":"https:\/\/api.w.org\/{rel}","templated":true}]}}