{"id":131561,"date":"2022-06-27T15:25:10","date_gmt":"2022-06-27T20:25:10","guid":{"rendered":"https:\/\/centrourbano.com\/?p=131561"},"modified":"2022-06-27T16:25:57","modified_gmt":"2022-06-27T21:25:57","slug":"wuf11-innovacion-sostenibilidad-urbana","status":"publish","type":"post","link":"https:\/\/centrourbano.com\/revista\/urbanismo\/wuf11-innovacion-sostenibilidad-urbana\/","title":{"rendered":"Dialogan en WUF11 sobre innovaci\u00f3n digital en la sostenibilidad urbana"},"content":{"rendered":"<p><em>El WUF11 se realiza del 26 al 30 de junio de 2022, desde el Centro Internacional de Conferencias de la ciudad de Katowice, Polonia<\/em><!--more--><\/p>\n<p>En el marco de la und\u00e9cima sesi\u00f3n del <strong>Foro Urbano Mundial<\/strong> (<strong>WUF11<\/strong>), que se realiza del 26 al 30 de junio de 2022, desde el Centro Internacional de Conferencias de la ciudad de <strong>Katowice<\/strong>, <strong>Polonia<\/strong>, se llevar\u00e1 a cabo el conversatorio \u2018<strong>Innovaciones en el aprendizaje para un futuro urbano mejor: la Plataforma de Aprendizaje de ONU-Habitat y el Nuevo Conjunto de Herramientas Ilustradas de la Agenda Urbana<\/strong>\u2019.<\/p>\n<p>Dicha sesi\u00f3n de di\u00e1logo se realizar\u00e1 este martes 28 de junio a las 15:30 horas (hora local), y contar\u00e1 con la participaci\u00f3n de <strong>Hassan Radione<\/strong>, director de la Escuela de Arquitectura, Planificaci\u00f3n y Dise\u00f1o de la Universidad Polit\u00e9cnica Mohammed VI, Marruecos; <strong>Ra\u00fal Vald\u00e9s-Cotera<\/strong>, representante de la UNESCO, Espa\u00f1a; <strong>Sukaina Al-Naswari<\/strong>, l\u00edder de la Cartera de Desarrollo Urbano Sostenible de la Comisi\u00f3n Econ\u00f3mica y Social de las Naciones Unidas para Asia Occidental; as\u00ed como del arquitecto <strong>Horacio Urbano<\/strong>, presidente de Centro Urbano, quien representar\u00e1 a M\u00e9xico.<\/p>\n<p>Durante el conversatorio, los expertos discutir\u00e1n en torno a la utilizaci\u00f3n de <strong>herramientas y enfoques innovadores<\/strong>; as\u00ed como los desaf\u00edos y oportunidades relacionadas con la <strong>innovaci\u00f3n digital<\/strong> para el desarrollo de capacidades sobre <strong>sostenibilidad urbana<\/strong>.<\/p>\n<p>Lo anterior, con base en la plataforma de aprendizaje de ONU-Habitat: <strong>UN-Habitat Learn<\/strong>; as\u00ed como la <strong>Nueva Agenda Urbana<\/strong> (<strong>NAU<\/strong>) <strong>Ilustrada<\/strong>.<\/p>\n<p>De esta manera, la sesi\u00f3n de di\u00e1logo se realizar\u00e1 con los siguientes objetivos:<\/p>\n<ul>\n<li>Promover <strong>UN-Habitat Learn<\/strong> como la nueva plataforma de aprendizaje corporativo de ONU-Habitat; y destacar herramientas espec\u00edficas en la plataforma que se pueden utilizar en intervenciones de creaci\u00f3n de capacidad para la urbanizaci\u00f3n sostenible.<\/li>\n<li>Mantener un di\u00e1logo con las partes interesadas sobre c\u00f3mo los enfoques innovadores de creaci\u00f3n de capacidad y aprendizaje pueden contribuir a una implementaci\u00f3n m\u00e1s s\u00f3lida de la <strong>NAU<\/strong>.<\/li>\n<li>Lanzar la <strong>versi\u00f3n ilustrada de la NAU<\/strong> y el <strong>curso intensivo en seis idiomas<\/strong>; mientras se discute su localizaci\u00f3n a nivel regional y nacional.<\/li>\n<li>Explorar nuevas posibilidades de asociaciones para ofrecer iniciativas innovadoras de creaci\u00f3n de capacidad que apoyen la <strong>NAU<\/strong>; as\u00ed como a\u00a0los <strong>Objetivos de Desarrollo Sostenible (ODS)<\/strong>.<\/li>\n<\/ul>\n<a href=\"https:\/\/centrourbano.com\/revista\/wp-content\/uploads\/wuf11.jpg\" target=\"_blank\" rel=\"noopener\"><img loading=\"lazy\" decoding=\"async\" class=\"aligncenter wp-image-131566 \" src=\"https:\/\/centrourbano.com\/revista\/wp-content\/uploads\/wuf11.jpg\" alt=\"\" width=\"711\" height=\"400\" srcset=\"https:\/\/centrourbano.com\/revista\/wp-content\/uploads\/wuf11.jpg 1600w, https:\/\/centrourbano.com\/revista\/wp-content\/uploads\/wuf11-300x169.jpg 300w, https:\/\/centrourbano.com\/revista\/wp-content\/uploads\/wuf11-1000x563.jpg 1000w, https:\/\/centrourbano.com\/revista\/wp-content\/uploads\/wuf11-768x432.jpg 768w, https:\/\/centrourbano.com\/revista\/wp-content\/uploads\/wuf11-1536x864.jpg 1536w\" sizes=\"auto, (max-width: 711px) 100vw, 711px\" \/><\/a>\n","protected":false},"excerpt":{"rendered":"<p>El WUF11 se realiza del 26 al 30 de junio de 2022, desde el Centro Internacional de Conferencias de la ciudad de Katowice, Polonia<\/p>\n","protected":false},"author":73,"featured_media":131563,"comment_status":"open","ping_status":"closed","sticky":false,"template":"","format":"standard","meta":{"om_disable_all_campaigns":false,"inline_featured_image":false,"_monsterinsights_skip_tracking":false,"_monsterinsights_sitenote_active":false,"_monsterinsights_sitenote_note":"","_monsterinsights_sitenote_category":0,"footnotes":""},"categories":[10614,82],"tags":[1382,8322,2653,21827,15728,20487],"class_list":["post-131561","post","type-post","status-publish","format-standard","has-post-thumbnail","hentry","category-conferencias","category-urbanismo","tag-foro-urbano-mundial","tag-nueva-agenda-urbana","tag-onu-habitat","tag-sesion-de-dialogo","tag-urbanizacion-sostenible","tag-wuf11"],"yoast_head":"<!-- This site is optimized with the Yoast SEO plugin v27.4 - https:\/\/yoast.com\/product\/yoast-seo-wordpress\/ -->\n<title>Dialogan en WUF11 sobre innovaci\u00f3n digital en la sostenibilidad urbana<\/title>\n<meta name=\"description\" content=\"El WUF11 se realiza del 26 al 30 de junio de 2022, desde el Centro Internacional de Conferencias de la ciudad de Katowice, Polonia\" \/>\n<meta name=\"robots\" content=\"index, follow, max-snippet:-1, max-image-preview:large, max-video-preview:-1\" \/>\n<link rel=\"canonical\" href=\"https:\/\/centrourbano.com\/revista\/urbanismo\/wuf11-innovacion-sostenibilidad-urbana\/\" \/>\n<meta property=\"og:locale\" content=\"es_ES\" \/>\n<meta property=\"og:type\" content=\"article\" \/>\n<meta property=\"og:title\" content=\"Dialogan en WUF11 sobre innovaci\u00f3n digital en la sostenibilidad urbana\" \/>\n<meta property=\"og:description\" content=\"El WUF11 se realiza del 26 al 30 de junio de 2022, desde el Centro Internacional de Conferencias de la ciudad de Katowice, Polonia\" \/>\n<meta property=\"og:url\" content=\"https:\/\/centrourbano.com\/revista\/urbanismo\/wuf11-innovacion-sostenibilidad-urbana\/\" \/>\n<meta property=\"og:site_name\" content=\"Centro Urbano\" \/>\n<meta property=\"article:publisher\" content=\"https:\/\/www.facebook.com\/portalcentrourbano\" \/>\n<meta property=\"article:published_time\" content=\"2022-06-27T20:25:10+00:00\" \/>\n<meta property=\"article:modified_time\" content=\"2022-06-27T21:25:57+00:00\" \/>\n<meta property=\"og:image\" content=\"https:\/\/centrourbano.com\/revista\/wp-content\/uploads\/Dialogan-en-WUF11-sobre-innovacion-digital-en-la-sostenibilidad-urbana.jpg\" \/>\n\t<meta property=\"og:image:width\" content=\"500\" \/>\n\t<meta property=\"og:image:height\" content=\"450\" \/>\n\t<meta property=\"og:image:type\" content=\"image\/jpeg\" \/>\n<meta name=\"author\" content=\"Fernanda Hern\u00e1ndez\" \/>\n<meta name=\"twitter:card\" content=\"summary_large_image\" \/>\n<meta name=\"twitter:creator\" content=\"@https:\/\/twitter.com\/Nannz_Hernandez\" \/>\n<meta name=\"twitter:site\" content=\"@CentroUrbano\" \/>\n<meta name=\"twitter:label1\" content=\"Escrito por\" \/>\n\t<meta name=\"twitter:data1\" content=\"Fernanda Hern\u00e1ndez\" \/>\n\t<meta name=\"twitter:label2\" content=\"Tiempo de lectura\" \/>\n\t<meta name=\"twitter:data2\" content=\"2 minutos\" \/>\n<script type=\"application\/ld+json\" class=\"yoast-schema-graph\">{\"@context\":\"https:\\\/\\\/schema.org\",\"@graph\":[{\"@type\":\"Article\",\"@id\":\"https:\\\/\\\/centrourbano.com\\\/revista\\\/urbanismo\\\/wuf11-innovacion-sostenibilidad-urbana\\\/#article\",\"isPartOf\":{\"@id\":\"https:\\\/\\\/centrourbano.com\\\/revista\\\/urbanismo\\\/wuf11-innovacion-sostenibilidad-urbana\\\/\"},\"author\":{\"name\":\"Fernanda Hern\u00e1ndez\",\"@id\":\"https:\\\/\\\/centrourbano.com\\\/revista\\\/#\\\/schema\\\/person\\\/b190b20bbbceb41ec72278c546fa8df3\"},\"headline\":\"Dialogan en WUF11 sobre innovaci\u00f3n digital en la sostenibilidad urbana\",\"datePublished\":\"2022-06-27T20:25:10+00:00\",\"dateModified\":\"2022-06-27T21:25:57+00:00\",\"mainEntityOfPage\":{\"@id\":\"https:\\\/\\\/centrourbano.com\\\/revista\\\/urbanismo\\\/wuf11-innovacion-sostenibilidad-urbana\\\/\"},\"wordCount\":392,\"commentCount\":0,\"publisher\":{\"@id\":\"https:\\\/\\\/centrourbano.com\\\/revista\\\/#organization\"},\"image\":{\"@id\":\"https:\\\/\\\/centrourbano.com\\\/revista\\\/urbanismo\\\/wuf11-innovacion-sostenibilidad-urbana\\\/#primaryimage\"},\"thumbnailUrl\":\"https:\\\/\\\/centrourbano.com\\\/revista\\\/wp-content\\\/uploads\\\/Dialogan-en-WUF11-sobre-innovacion-digital-en-la-sostenibilidad-urbana.jpg\",\"keywords\":[\"Foro Urbano Mundial\",\"Nueva Agenda Urbana\",\"ONU-Habitat\",\"Sesi\u00f3n de Di\u00e1logo\",\"Urbanizaci\u00f3n Sostenible\",\"WUF11\"],\"articleSection\":[\"Conferencias\",\"Urbanismo\"],\"inLanguage\":\"es\",\"potentialAction\":[{\"@type\":\"CommentAction\",\"name\":\"Comment\",\"target\":[\"https:\\\/\\\/centrourbano.com\\\/revista\\\/urbanismo\\\/wuf11-innovacion-sostenibilidad-urbana\\\/#respond\"]}]},{\"@type\":\"WebPage\",\"@id\":\"https:\\\/\\\/centrourbano.com\\\/revista\\\/urbanismo\\\/wuf11-innovacion-sostenibilidad-urbana\\\/\",\"url\":\"https:\\\/\\\/centrourbano.com\\\/revista\\\/urbanismo\\\/wuf11-innovacion-sostenibilidad-urbana\\\/\",\"name\":\"Dialogan en WUF11 sobre innovaci\u00f3n digital en la sostenibilidad urbana\",\"isPartOf\":{\"@id\":\"https:\\\/\\\/centrourbano.com\\\/revista\\\/#website\"},\"primaryImageOfPage\":{\"@id\":\"https:\\\/\\\/centrourbano.com\\\/revista\\\/urbanismo\\\/wuf11-innovacion-sostenibilidad-urbana\\\/#primaryimage\"},\"image\":{\"@id\":\"https:\\\/\\\/centrourbano.com\\\/revista\\\/urbanismo\\\/wuf11-innovacion-sostenibilidad-urbana\\\/#primaryimage\"},\"thumbnailUrl\":\"https:\\\/\\\/centrourbano.com\\\/revista\\\/wp-content\\\/uploads\\\/Dialogan-en-WUF11-sobre-innovacion-digital-en-la-sostenibilidad-urbana.jpg\",\"datePublished\":\"2022-06-27T20:25:10+00:00\",\"dateModified\":\"2022-06-27T21:25:57+00:00\",\"description\":\"El WUF11 se realiza del 26 al 30 de junio de 2022, desde el Centro Internacional de Conferencias de la ciudad de Katowice, Polonia\",\"breadcrumb\":{\"@id\":\"https:\\\/\\\/centrourbano.com\\\/revista\\\/urbanismo\\\/wuf11-innovacion-sostenibilidad-urbana\\\/#breadcrumb\"},\"inLanguage\":\"es\",\"potentialAction\":[{\"@type\":\"ReadAction\",\"target\":[\"https:\\\/\\\/centrourbano.com\\\/revista\\\/urbanismo\\\/wuf11-innovacion-sostenibilidad-urbana\\\/\"]}]},{\"@type\":\"ImageObject\",\"inLanguage\":\"es\",\"@id\":\"https:\\\/\\\/centrourbano.com\\\/revista\\\/urbanismo\\\/wuf11-innovacion-sostenibilidad-urbana\\\/#primaryimage\",\"url\":\"https:\\\/\\\/centrourbano.com\\\/revista\\\/wp-content\\\/uploads\\\/Dialogan-en-WUF11-sobre-innovacion-digital-en-la-sostenibilidad-urbana.jpg\",\"contentUrl\":\"https:\\\/\\\/centrourbano.com\\\/revista\\\/wp-content\\\/uploads\\\/Dialogan-en-WUF11-sobre-innovacion-digital-en-la-sostenibilidad-urbana.jpg\",\"width\":500,\"height\":450,\"caption\":\"Dialogan en WUF11 sobre innovaci\u00f3n digital en la sostenibilidad urbana\"},{\"@type\":\"BreadcrumbList\",\"@id\":\"https:\\\/\\\/centrourbano.com\\\/revista\\\/urbanismo\\\/wuf11-innovacion-sostenibilidad-urbana\\\/#breadcrumb\",\"itemListElement\":[{\"@type\":\"ListItem\",\"position\":1,\"name\":\"Portada\",\"item\":\"https:\\\/\\\/centrourbano.com\\\/revista\\\/\"},{\"@type\":\"ListItem\",\"position\":2,\"name\":\"Dialogan en WUF11 sobre innovaci\u00f3n digital en la sostenibilidad urbana\"}]},{\"@type\":\"WebSite\",\"@id\":\"https:\\\/\\\/centrourbano.com\\\/revista\\\/#website\",\"url\":\"https:\\\/\\\/centrourbano.com\\\/revista\\\/\",\"name\":\"Centro Urbano\",\"description\":\"Medio especializado en los sectores vivienda, inmobiliario, construcci\u00f3n, arquitectura y urbanismo.\",\"publisher\":{\"@id\":\"https:\\\/\\\/centrourbano.com\\\/revista\\\/#organization\"},\"potentialAction\":[{\"@type\":\"SearchAction\",\"target\":{\"@type\":\"EntryPoint\",\"urlTemplate\":\"https:\\\/\\\/centrourbano.com\\\/revista\\\/?s={search_term_string}\"},\"query-input\":{\"@type\":\"PropertyValueSpecification\",\"valueRequired\":true,\"valueName\":\"search_term_string\"}}],\"inLanguage\":\"es\"},{\"@type\":\"Organization\",\"@id\":\"https:\\\/\\\/centrourbano.com\\\/revista\\\/#organization\",\"name\":\"Centro Urbano\",\"url\":\"https:\\\/\\\/centrourbano.com\\\/revista\\\/\",\"logo\":{\"@type\":\"ImageObject\",\"inLanguage\":\"es\",\"@id\":\"https:\\\/\\\/centrourbano.com\\\/revista\\\/#\\\/schema\\\/logo\\\/image\\\/\",\"url\":\"https:\\\/\\\/centrourbano.com\\\/revista\\\/wp-content\\\/uploads\\\/web_CU_logo-1.png\",\"contentUrl\":\"https:\\\/\\\/centrourbano.com\\\/revista\\\/wp-content\\\/uploads\\\/web_CU_logo-1.png\",\"width\":350,\"height\":91,\"caption\":\"Centro Urbano\"},\"image\":{\"@id\":\"https:\\\/\\\/centrourbano.com\\\/revista\\\/#\\\/schema\\\/logo\\\/image\\\/\"},\"sameAs\":[\"https:\\\/\\\/www.facebook.com\\\/portalcentrourbano\",\"https:\\\/\\\/x.com\\\/CentroUrbano\",\"https:\\\/\\\/www.instagram.com\\\/centro_urbano\\\/\",\"https:\\\/\\\/www.linkedin.com\\\/company\\\/centro-urbano\\\/\",\"http:\\\/\\\/www.youtube.com\\\/user\\\/portalcentrourbano\"]},{\"@type\":\"Person\",\"@id\":\"https:\\\/\\\/centrourbano.com\\\/revista\\\/#\\\/schema\\\/person\\\/b190b20bbbceb41ec72278c546fa8df3\",\"name\":\"Fernanda Hern\u00e1ndez\",\"image\":{\"@type\":\"ImageObject\",\"inLanguage\":\"es\",\"@id\":\"https:\\\/\\\/secure.gravatar.com\\\/avatar\\\/9471831fb0a24eae9d32d826a7cb8ef07c34a41520aca1a0ab1f5c0903ba49b9?s=96&d=mm&r=g\",\"url\":\"https:\\\/\\\/secure.gravatar.com\\\/avatar\\\/9471831fb0a24eae9d32d826a7cb8ef07c34a41520aca1a0ab1f5c0903ba49b9?s=96&d=mm&r=g\",\"contentUrl\":\"https:\\\/\\\/secure.gravatar.com\\\/avatar\\\/9471831fb0a24eae9d32d826a7cb8ef07c34a41520aca1a0ab1f5c0903ba49b9?s=96&d=mm&r=g\",\"caption\":\"Fernanda Hern\u00e1ndez\"},\"description\":\"Reportera y redactora en Centro Urbano. Soy egresada de la licenciatura en Ciencias de la Comunicaci\u00f3n de la Facultad de Ciencias Pol\u00edticas y Sociales (UNAM). Me interesa la cultura, el urbanismo y la arquitectura. Amante del mundo digital, el cine, la m\u00fasica, la lectura y la escritura.\",\"sameAs\":[\"https:\\\/\\\/x.com\\\/https:\\\/\\\/twitter.com\\\/Nannz_Hernandez\"],\"url\":\"https:\\\/\\\/centrourbano.com\\\/revista\\\/author\\\/fernanda-hernandez\\\/\"}]}<\/script>\n<!-- \/ Yoast SEO plugin. -->","yoast_head_json":{"title":"Dialogan en WUF11 sobre innovaci\u00f3n digital en la sostenibilidad urbana","description":"El WUF11 se realiza del 26 al 30 de junio de 2022, desde el Centro Internacional de Conferencias de la ciudad de Katowice, Polonia","robots":{"index":"index","follow":"follow","max-snippet":"max-snippet:-1","max-image-preview":"max-image-preview:large","max-video-preview":"max-video-preview:-1"},"canonical":"https:\/\/centrourbano.com\/revista\/urbanismo\/wuf11-innovacion-sostenibilidad-urbana\/","og_locale":"es_ES","og_type":"article","og_title":"Dialogan en WUF11 sobre innovaci\u00f3n digital en la sostenibilidad urbana","og_description":"El WUF11 se realiza del 26 al 30 de junio de 2022, desde el Centro Internacional de Conferencias de la ciudad de Katowice, Polonia","og_url":"https:\/\/centrourbano.com\/revista\/urbanismo\/wuf11-innovacion-sostenibilidad-urbana\/","og_site_name":"Centro Urbano","article_publisher":"https:\/\/www.facebook.com\/portalcentrourbano","article_published_time":"2022-06-27T20:25:10+00:00","article_modified_time":"2022-06-27T21:25:57+00:00","og_image":[{"width":500,"height":450,"url":"https:\/\/centrourbano.com\/revista\/wp-content\/uploads\/Dialogan-en-WUF11-sobre-innovacion-digital-en-la-sostenibilidad-urbana.jpg","type":"image\/jpeg"}],"author":"Fernanda Hern\u00e1ndez","twitter_card":"summary_large_image","twitter_creator":"@https:\/\/twitter.com\/Nannz_Hernandez","twitter_site":"@CentroUrbano","twitter_misc":{"Escrito por":"Fernanda Hern\u00e1ndez","Tiempo de lectura":"2 minutos"},"schema":{"@context":"https:\/\/schema.org","@graph":[{"@type":"Article","@id":"https:\/\/centrourbano.com\/revista\/urbanismo\/wuf11-innovacion-sostenibilidad-urbana\/#article","isPartOf":{"@id":"https:\/\/centrourbano.com\/revista\/urbanismo\/wuf11-innovacion-sostenibilidad-urbana\/"},"author":{"name":"Fernanda Hern\u00e1ndez","@id":"https:\/\/centrourbano.com\/revista\/#\/schema\/person\/b190b20bbbceb41ec72278c546fa8df3"},"headline":"Dialogan en WUF11 sobre innovaci\u00f3n digital en la sostenibilidad urbana","datePublished":"2022-06-27T20:25:10+00:00","dateModified":"2022-06-27T21:25:57+00:00","mainEntityOfPage":{"@id":"https:\/\/centrourbano.com\/revista\/urbanismo\/wuf11-innovacion-sostenibilidad-urbana\/"},"wordCount":392,"commentCount":0,"publisher":{"@id":"https:\/\/centrourbano.com\/revista\/#organization"},"image":{"@id":"https:\/\/centrourbano.com\/revista\/urbanismo\/wuf11-innovacion-sostenibilidad-urbana\/#primaryimage"},"thumbnailUrl":"https:\/\/centrourbano.com\/revista\/wp-content\/uploads\/Dialogan-en-WUF11-sobre-innovacion-digital-en-la-sostenibilidad-urbana.jpg","keywords":["Foro Urbano Mundial","Nueva Agenda Urbana","ONU-Habitat","Sesi\u00f3n de Di\u00e1logo","Urbanizaci\u00f3n Sostenible","WUF11"],"articleSection":["Conferencias","Urbanismo"],"inLanguage":"es","potentialAction":[{"@type":"CommentAction","name":"Comment","target":["https:\/\/centrourbano.com\/revista\/urbanismo\/wuf11-innovacion-sostenibilidad-urbana\/#respond"]}]},{"@type":"WebPage","@id":"https:\/\/centrourbano.com\/revista\/urbanismo\/wuf11-innovacion-sostenibilidad-urbana\/","url":"https:\/\/centrourbano.com\/revista\/urbanismo\/wuf11-innovacion-sostenibilidad-urbana\/","name":"Dialogan en WUF11 sobre innovaci\u00f3n digital en la sostenibilidad urbana","isPartOf":{"@id":"https:\/\/centrourbano.com\/revista\/#website"},"primaryImageOfPage":{"@id":"https:\/\/centrourbano.com\/revista\/urbanismo\/wuf11-innovacion-sostenibilidad-urbana\/#primaryimage"},"image":{"@id":"https:\/\/centrourbano.com\/revista\/urbanismo\/wuf11-innovacion-sostenibilidad-urbana\/#primaryimage"},"thumbnailUrl":"https:\/\/centrourbano.com\/revista\/wp-content\/uploads\/Dialogan-en-WUF11-sobre-innovacion-digital-en-la-sostenibilidad-urbana.jpg","datePublished":"2022-06-27T20:25:10+00:00","dateModified":"2022-06-27T21:25:57+00:00","description":"El WUF11 se realiza del 26 al 30 de junio de 2022, desde el Centro Internacional de Conferencias de la ciudad de Katowice, Polonia","breadcrumb":{"@id":"https:\/\/centrourbano.com\/revista\/urbanismo\/wuf11-innovacion-sostenibilidad-urbana\/#breadcrumb"},"inLanguage":"es","potentialAction":[{"@type":"ReadAction","target":["https:\/\/centrourbano.com\/revista\/urbanismo\/wuf11-innovacion-sostenibilidad-urbana\/"]}]},{"@type":"ImageObject","inLanguage":"es","@id":"https:\/\/centrourbano.com\/revista\/urbanismo\/wuf11-innovacion-sostenibilidad-urbana\/#primaryimage","url":"https:\/\/centrourbano.com\/revista\/wp-content\/uploads\/Dialogan-en-WUF11-sobre-innovacion-digital-en-la-sostenibilidad-urbana.jpg","contentUrl":"https:\/\/centrourbano.com\/revista\/wp-content\/uploads\/Dialogan-en-WUF11-sobre-innovacion-digital-en-la-sostenibilidad-urbana.jpg","width":500,"height":450,"caption":"Dialogan en WUF11 sobre innovaci\u00f3n digital en la sostenibilidad urbana"},{"@type":"BreadcrumbList","@id":"https:\/\/centrourbano.com\/revista\/urbanismo\/wuf11-innovacion-sostenibilidad-urbana\/#breadcrumb","itemListElement":[{"@type":"ListItem","position":1,"name":"Portada","item":"https:\/\/centrourbano.com\/revista\/"},{"@type":"ListItem","position":2,"name":"Dialogan en WUF11 sobre innovaci\u00f3n digital en la sostenibilidad urbana"}]},{"@type":"WebSite","@id":"https:\/\/centrourbano.com\/revista\/#website","url":"https:\/\/centrourbano.com\/revista\/","name":"Centro Urbano","description":"Medio especializado en los sectores vivienda, inmobiliario, construcci\u00f3n, arquitectura y urbanismo.","publisher":{"@id":"https:\/\/centrourbano.com\/revista\/#organization"},"potentialAction":[{"@type":"SearchAction","target":{"@type":"EntryPoint","urlTemplate":"https:\/\/centrourbano.com\/revista\/?s={search_term_string}"},"query-input":{"@type":"PropertyValueSpecification","valueRequired":true,"valueName":"search_term_string"}}],"inLanguage":"es"},{"@type":"Organization","@id":"https:\/\/centrourbano.com\/revista\/#organization","name":"Centro Urbano","url":"https:\/\/centrourbano.com\/revista\/","logo":{"@type":"ImageObject","inLanguage":"es","@id":"https:\/\/centrourbano.com\/revista\/#\/schema\/logo\/image\/","url":"https:\/\/centrourbano.com\/revista\/wp-content\/uploads\/web_CU_logo-1.png","contentUrl":"https:\/\/centrourbano.com\/revista\/wp-content\/uploads\/web_CU_logo-1.png","width":350,"height":91,"caption":"Centro Urbano"},"image":{"@id":"https:\/\/centrourbano.com\/revista\/#\/schema\/logo\/image\/"},"sameAs":["https:\/\/www.facebook.com\/portalcentrourbano","https:\/\/x.com\/CentroUrbano","https:\/\/www.instagram.com\/centro_urbano\/","https:\/\/www.linkedin.com\/company\/centro-urbano\/","http:\/\/www.youtube.com\/user\/portalcentrourbano"]},{"@type":"Person","@id":"https:\/\/centrourbano.com\/revista\/#\/schema\/person\/b190b20bbbceb41ec72278c546fa8df3","name":"Fernanda Hern\u00e1ndez","image":{"@type":"ImageObject","inLanguage":"es","@id":"https:\/\/secure.gravatar.com\/avatar\/9471831fb0a24eae9d32d826a7cb8ef07c34a41520aca1a0ab1f5c0903ba49b9?s=96&d=mm&r=g","url":"https:\/\/secure.gravatar.com\/avatar\/9471831fb0a24eae9d32d826a7cb8ef07c34a41520aca1a0ab1f5c0903ba49b9?s=96&d=mm&r=g","contentUrl":"https:\/\/secure.gravatar.com\/avatar\/9471831fb0a24eae9d32d826a7cb8ef07c34a41520aca1a0ab1f5c0903ba49b9?s=96&d=mm&r=g","caption":"Fernanda Hern\u00e1ndez"},"description":"Reportera y redactora en Centro Urbano. Soy egresada de la licenciatura en Ciencias de la Comunicaci\u00f3n de la Facultad de Ciencias Pol\u00edticas y Sociales (UNAM). Me interesa la cultura, el urbanismo y la arquitectura. Amante del mundo digital, el cine, la m\u00fasica, la lectura y la escritura.","sameAs":["https:\/\/x.com\/https:\/\/twitter.com\/Nannz_Hernandez"],"url":"https:\/\/centrourbano.com\/revista\/author\/fernanda-hernandez\/"}]}},"_links":{"self":[{"href":"https:\/\/centrourbano.com\/revista\/wp-json\/wp\/v2\/posts\/131561","targetHints":{"allow":["GET"]}}],"collection":[{"href":"https:\/\/centrourbano.com\/revista\/wp-json\/wp\/v2\/posts"}],"about":[{"href":"https:\/\/centrourbano.com\/revista\/wp-json\/wp\/v2\/types\/post"}],"author":[{"embeddable":true,"href":"https:\/\/centrourbano.com\/revista\/wp-json\/wp\/v2\/users\/73"}],"replies":[{"embeddable":true,"href":"https:\/\/centrourbano.com\/revista\/wp-json\/wp\/v2\/comments?post=131561"}],"version-history":[{"count":1,"href":"https:\/\/centrourbano.com\/revista\/wp-json\/wp\/v2\/posts\/131561\/revisions"}],"predecessor-version":[{"id":131567,"href":"https:\/\/centrourbano.com\/revista\/wp-json\/wp\/v2\/posts\/131561\/revisions\/131567"}],"wp:featuredmedia":[{"embeddable":true,"href":"https:\/\/centrourbano.com\/revista\/wp-json\/wp\/v2\/media\/131563"}],"wp:attachment":[{"href":"https:\/\/centrourbano.com\/revista\/wp-json\/wp\/v2\/media?parent=131561"}],"wp:term":[{"taxonomy":"category","embeddable":true,"href":"https:\/\/centrourbano.com\/revista\/wp-json\/wp\/v2\/categories?post=131561"},{"taxonomy":"post_tag","embeddable":true,"href":"https:\/\/centrourbano.com\/revista\/wp-json\/wp\/v2\/tags?post=131561"}],"curies":[{"name":"wp","href":"https:\/\/api.w.org\/{rel}","templated":true}]}}