{"id":13118,"date":"2014-12-01T15:35:33","date_gmt":"2014-12-01T21:35:33","guid":{"rendered":"http:\/\/centrourbano.com\/?p=13118"},"modified":"2014-12-01T15:35:33","modified_gmt":"2014-12-01T21:35:33","slug":"ex-templo-de-corpus-christi-se-iluminara-de-verde","status":"publish","type":"post","link":"https:\/\/centrourbano.com\/revista\/arquitectura-2\/ex-templo-de-corpus-christi-se-iluminara-de-verde\/","title":{"rendered":"Ex Templo de Corpus Christi se iluminar\u00e1 de Verde"},"content":{"rendered":"<p><em>Este inmueble se suma al alumbrado de edificios representativos de todo el mundo por la iniciativa \u2018Ciudades por la Vida, Ciudades Contra la Pena de Muerte\u2019<\/em><br \/>\n<!--more--><\/p>\n<p>Con el alumbrado de edificios representativos de todo el mundo, el Ex Templo de Corpus Christi, se suma a la iniciativa \u2018Ciudades por la Vida, Ciudades Contra la Pena de Muerte\u2019, ilumin\u00e1ndose en color verde.<\/p>\n<p>Lo anterior, con la firma de una carta de intenci\u00f3n con la Comunidad de Sant\u2019Egidio, con la cual el Gobierno del Distrito Federal refrend\u00f3 la voluntad de la administraci\u00f3n encabezada por Miguel \u00c1ngel Mancera, de sumarse dicha iniciativa que conmemora \u00a0la primera abolici\u00f3n de la pena capital en 1786.<\/p>\n<p>Al respecto, Cuauht\u00e9moc C\u00e1rdenas Sol\u00f3rzano, coordinador de Asuntos Internacionales del Gobierno capitalino, expres\u00f3 que la Ciudad de M\u00e9xico mantiene la decisi\u00f3n de respetar los compromisos nacionales e internacionales contenidos en las leyes mexicanas sobre la garant\u00eda a los derechos humanos.<\/p>\n<p>En compa\u00f1\u00eda del consejero Jur\u00eddico y de Servicios Legales (Cejur), Jos\u00e9 Ram\u00f3n Amieva; del secretario de Salud, Armando Ahued Ortega; y los representantes de la Comunidad de Sant&#8217;Egidio, Gerardo L\u00f3pez y Ugo Cianetti, C\u00e1rdenas Sol\u00f3rzano ratific\u00f3 la visi\u00f3n de la capital del pa\u00eds de contribuir a disminuir los \u00edndices de violencia, as\u00ed como fomentar y propiciar acciones de respeto y protecci\u00f3n a la vida.<\/p>\n<p>A su vez, Jos\u00e9 Ram\u00f3n Amieva G\u00e1lvez destac\u00f3 que a mediados del a\u00f1o 2016 el pa\u00eds entrar\u00e1 bajo una nueva visi\u00f3n de justicia penal que tendr\u00e1 un pleno enfoque garantista, \u201ces decir, los derechos humanos se deber\u00e1n privilegiar sobre la ley, las autoridades y el actuar conjunto como sociedad\u201d.<\/p>\n<p>Refiri\u00f3 que a 10 a\u00f1os de que la CDMX se integrara a esta iniciativa, la Comunidad de Sant\u2019Egidio es un claro ejemplo de c\u00f3mo la sociedad civil organizada a trav\u00e9s de peque\u00f1as acciones puede generar grandes cambios que se sustentan en la buena voluntad del respeto a la dignidad humana.<\/p>\n<p>\u201cCuando se previ\u00f3 esta adici\u00f3n, apenas exist\u00edan 300 ciudades a este manifiesto, pero despu\u00e9s de todo su trabajo, hoy cuentan con el apoyo de cerca de mil 850 ciudades; por instrucciones del Jefe de Gobierno, no es una casualidad que estemos en este sitio, que es un antiguo templo donde se tratan acciones trascendentales como leyes que se analizan en la Asamblea Legislativa o foros sobre temas de poblaci\u00f3n ind\u00edgena, de Interrupci\u00f3n Legal del Embarazo o programas sociales. Se ha convertido en un foro plural en el que precisamente se est\u00e1 ejerciendo en este momento una acci\u00f3n plural\u201d, coment\u00f3.<\/p>\n<p>En presencia de la directora del Instituto de la Juventud (InjuveDF), Mar\u00eda Fernanda Olvera Cabrera, del representante de la embajada de Italia, Armando Minutti; y la presidenta del Consejo para Prevenir y Eliminar la Discriminaci\u00f3n en la Ciudad de M\u00e9xico, Jacqueline L\u2019Hoist Tapia, Amieva G\u00e1lvez agreg\u00f3 que la CDMX es el coraz\u00f3n de todo el pa\u00eds en materia financiera, cultural, art\u00edstica, jur\u00eddica entre otras, donde se realizan las grandes acciones que son reflejo al interior del pa\u00eds.<\/p>\n<p>&nbsp;<\/p>\n<p>&nbsp;<\/p>\n","protected":false},"excerpt":{"rendered":"<p>Este inmueble se suma al alumbrado de edificios representativos de todo el mundo por la iniciativa \u2018Ciudades por la Vida, Ciudades Contra la Pena de Muerte\u2019<\/p>\n","protected":false},"author":9,"featured_media":0,"comment_status":"open","ping_status":"closed","sticky":false,"template":"","format":"standard","meta":{"om_disable_all_campaigns":false,"inline_featured_image":false,"_monsterinsights_skip_tracking":false,"_monsterinsights_sitenote_active":false,"_monsterinsights_sitenote_note":"","_monsterinsights_sitenote_category":0,"footnotes":""},"categories":[81],"tags":[20,3811],"class_list":["post-13118","post","type-post","status-publish","format-standard","hentry","category-arquitectura-2","tag-arquitectura","tag-ex-templo-de-corpus-christi"],"yoast_head":"<!-- This site is optimized with the Yoast SEO plugin v27.4 - https:\/\/yoast.com\/product\/yoast-seo-wordpress\/ -->\n<title>Ex Templo de Corpus Christi se iluminar\u00e1 de Verde -<\/title>\n<meta name=\"description\" content=\"Este inmueble se suma al alumbrado de edificios representativos de todo el mundo por la iniciativa \u2018Ciudades por la Vida, Ciudades Contra la Pena de\" \/>\n<meta name=\"robots\" content=\"index, follow, max-snippet:-1, max-image-preview:large, max-video-preview:-1\" \/>\n<link rel=\"canonical\" href=\"https:\/\/centrourbano.com\/revista\/arquitectura-2\/ex-templo-de-corpus-christi-se-iluminara-de-verde\/\" \/>\n<meta property=\"og:locale\" content=\"es_ES\" \/>\n<meta property=\"og:type\" content=\"article\" \/>\n<meta property=\"og:title\" content=\"Ex Templo de Corpus Christi se iluminar\u00e1 de Verde -\" \/>\n<meta property=\"og:description\" content=\"Este inmueble se suma al alumbrado de edificios representativos de todo el mundo por la iniciativa \u2018Ciudades por la Vida, Ciudades Contra la Pena de\" \/>\n<meta property=\"og:url\" content=\"https:\/\/centrourbano.com\/revista\/arquitectura-2\/ex-templo-de-corpus-christi-se-iluminara-de-verde\/\" \/>\n<meta property=\"og:site_name\" content=\"Centro Urbano\" \/>\n<meta property=\"article:publisher\" content=\"https:\/\/www.facebook.com\/portalcentrourbano\" \/>\n<meta property=\"article:published_time\" content=\"2014-12-01T21:35:33+00:00\" \/>\n<meta property=\"og:image\" content=\"https:\/\/centrourbano.com\/revista\/wp-content\/uploads\/CU-logo.png\" \/>\n\t<meta property=\"og:image:width\" content=\"350\" \/>\n\t<meta property=\"og:image:height\" content=\"91\" \/>\n\t<meta property=\"og:image:type\" content=\"image\/png\" \/>\n<meta name=\"author\" content=\"Dinorah Nava\" \/>\n<meta name=\"twitter:card\" content=\"summary_large_image\" \/>\n<meta name=\"twitter:creator\" content=\"@https:\/\/twitter.com\/Dinorah_Nava28\" \/>\n<meta name=\"twitter:site\" content=\"@CentroUrbano\" \/>\n<meta name=\"twitter:label1\" content=\"Escrito por\" \/>\n\t<meta name=\"twitter:data1\" content=\"Dinorah Nava\" \/>\n\t<meta name=\"twitter:label2\" content=\"Tiempo de lectura\" \/>\n\t<meta name=\"twitter:data2\" content=\"3 minutos\" \/>\n<script type=\"application\/ld+json\" class=\"yoast-schema-graph\">{\"@context\":\"https:\\\/\\\/schema.org\",\"@graph\":[{\"@type\":\"Article\",\"@id\":\"https:\\\/\\\/centrourbano.com\\\/revista\\\/arquitectura-2\\\/ex-templo-de-corpus-christi-se-iluminara-de-verde\\\/#article\",\"isPartOf\":{\"@id\":\"https:\\\/\\\/centrourbano.com\\\/revista\\\/arquitectura-2\\\/ex-templo-de-corpus-christi-se-iluminara-de-verde\\\/\"},\"author\":{\"name\":\"Dinorah Nava\",\"@id\":\"https:\\\/\\\/centrourbano.com\\\/revista\\\/#\\\/schema\\\/person\\\/b45db815d96831257ba428a3d5a5fbdc\"},\"headline\":\"Ex Templo de Corpus Christi se iluminar\u00e1 de Verde\",\"datePublished\":\"2014-12-01T21:35:33+00:00\",\"mainEntityOfPage\":{\"@id\":\"https:\\\/\\\/centrourbano.com\\\/revista\\\/arquitectura-2\\\/ex-templo-de-corpus-christi-se-iluminara-de-verde\\\/\"},\"wordCount\":544,\"commentCount\":0,\"publisher\":{\"@id\":\"https:\\\/\\\/centrourbano.com\\\/revista\\\/#organization\"},\"keywords\":[\"arquitectura\",\"Ex Templo de Corpus Christi\"],\"articleSection\":[\"Arquitectura\"],\"inLanguage\":\"es\",\"potentialAction\":[{\"@type\":\"CommentAction\",\"name\":\"Comment\",\"target\":[\"https:\\\/\\\/centrourbano.com\\\/revista\\\/arquitectura-2\\\/ex-templo-de-corpus-christi-se-iluminara-de-verde\\\/#respond\"]}]},{\"@type\":\"WebPage\",\"@id\":\"https:\\\/\\\/centrourbano.com\\\/revista\\\/arquitectura-2\\\/ex-templo-de-corpus-christi-se-iluminara-de-verde\\\/\",\"url\":\"https:\\\/\\\/centrourbano.com\\\/revista\\\/arquitectura-2\\\/ex-templo-de-corpus-christi-se-iluminara-de-verde\\\/\",\"name\":\"Ex Templo de Corpus Christi se iluminar\u00e1 de Verde -\",\"isPartOf\":{\"@id\":\"https:\\\/\\\/centrourbano.com\\\/revista\\\/#website\"},\"datePublished\":\"2014-12-01T21:35:33+00:00\",\"description\":\"Este inmueble se suma al alumbrado de edificios representativos de todo el mundo por la iniciativa \u2018Ciudades por la Vida, Ciudades Contra la Pena de\",\"breadcrumb\":{\"@id\":\"https:\\\/\\\/centrourbano.com\\\/revista\\\/arquitectura-2\\\/ex-templo-de-corpus-christi-se-iluminara-de-verde\\\/#breadcrumb\"},\"inLanguage\":\"es\",\"potentialAction\":[{\"@type\":\"ReadAction\",\"target\":[\"https:\\\/\\\/centrourbano.com\\\/revista\\\/arquitectura-2\\\/ex-templo-de-corpus-christi-se-iluminara-de-verde\\\/\"]}]},{\"@type\":\"BreadcrumbList\",\"@id\":\"https:\\\/\\\/centrourbano.com\\\/revista\\\/arquitectura-2\\\/ex-templo-de-corpus-christi-se-iluminara-de-verde\\\/#breadcrumb\",\"itemListElement\":[{\"@type\":\"ListItem\",\"position\":1,\"name\":\"Portada\",\"item\":\"https:\\\/\\\/centrourbano.com\\\/revista\\\/\"},{\"@type\":\"ListItem\",\"position\":2,\"name\":\"Ex Templo de Corpus Christi se iluminar\u00e1 de Verde\"}]},{\"@type\":\"WebSite\",\"@id\":\"https:\\\/\\\/centrourbano.com\\\/revista\\\/#website\",\"url\":\"https:\\\/\\\/centrourbano.com\\\/revista\\\/\",\"name\":\"Centro Urbano\",\"description\":\"Medio especializado en los sectores vivienda, inmobiliario, construcci\u00f3n, arquitectura y urbanismo.\",\"publisher\":{\"@id\":\"https:\\\/\\\/centrourbano.com\\\/revista\\\/#organization\"},\"potentialAction\":[{\"@type\":\"SearchAction\",\"target\":{\"@type\":\"EntryPoint\",\"urlTemplate\":\"https:\\\/\\\/centrourbano.com\\\/revista\\\/?s={search_term_string}\"},\"query-input\":{\"@type\":\"PropertyValueSpecification\",\"valueRequired\":true,\"valueName\":\"search_term_string\"}}],\"inLanguage\":\"es\"},{\"@type\":\"Organization\",\"@id\":\"https:\\\/\\\/centrourbano.com\\\/revista\\\/#organization\",\"name\":\"Centro Urbano\",\"url\":\"https:\\\/\\\/centrourbano.com\\\/revista\\\/\",\"logo\":{\"@type\":\"ImageObject\",\"inLanguage\":\"es\",\"@id\":\"https:\\\/\\\/centrourbano.com\\\/revista\\\/#\\\/schema\\\/logo\\\/image\\\/\",\"url\":\"https:\\\/\\\/centrourbano.com\\\/revista\\\/wp-content\\\/uploads\\\/web_CU_logo-1.png\",\"contentUrl\":\"https:\\\/\\\/centrourbano.com\\\/revista\\\/wp-content\\\/uploads\\\/web_CU_logo-1.png\",\"width\":350,\"height\":91,\"caption\":\"Centro Urbano\"},\"image\":{\"@id\":\"https:\\\/\\\/centrourbano.com\\\/revista\\\/#\\\/schema\\\/logo\\\/image\\\/\"},\"sameAs\":[\"https:\\\/\\\/www.facebook.com\\\/portalcentrourbano\",\"https:\\\/\\\/x.com\\\/CentroUrbano\",\"https:\\\/\\\/www.instagram.com\\\/centro_urbano\\\/\",\"https:\\\/\\\/www.linkedin.com\\\/company\\\/centro-urbano\\\/\",\"http:\\\/\\\/www.youtube.com\\\/user\\\/portalcentrourbano\"]},{\"@type\":\"Person\",\"@id\":\"https:\\\/\\\/centrourbano.com\\\/revista\\\/#\\\/schema\\\/person\\\/b45db815d96831257ba428a3d5a5fbdc\",\"name\":\"Dinorah Nava\",\"image\":{\"@type\":\"ImageObject\",\"inLanguage\":\"es\",\"@id\":\"https:\\\/\\\/secure.gravatar.com\\\/avatar\\\/f6ca6430c51d147f363940f84e1225aa4b8183885c11802cc3b042305a4ecc1a?s=96&d=mm&r=g\",\"url\":\"https:\\\/\\\/secure.gravatar.com\\\/avatar\\\/f6ca6430c51d147f363940f84e1225aa4b8183885c11802cc3b042305a4ecc1a?s=96&d=mm&r=g\",\"contentUrl\":\"https:\\\/\\\/secure.gravatar.com\\\/avatar\\\/f6ca6430c51d147f363940f84e1225aa4b8183885c11802cc3b042305a4ecc1a?s=96&d=mm&r=g\",\"caption\":\"Dinorah Nava\"},\"description\":\"Editora de Contenidos y Estrategias Digitales en Centro Urbano y Coeditora en Peri\u00f3dico Mi Casa. Egresada de la licenciatura en Comunicaci\u00f3n y Periodismo de la Facultad de Estudios Superiores Arag\u00f3n (UNAM). Amante de la edici\u00f3n y correcci\u00f3n de estilo, las redes sociales y el mundo digital. Especialista en temas son arquitectura, inmobiliario y urbanismo.\",\"sameAs\":[\"linkedin.com\\\/in\\\/dinorah-nava\",\"https:\\\/\\\/x.com\\\/https:\\\/\\\/twitter.com\\\/Dinorah_Nava28\"],\"url\":\"https:\\\/\\\/centrourbano.com\\\/revista\\\/author\\\/dinorah-nava\\\/\"}]}<\/script>\n<!-- \/ Yoast SEO plugin. -->","yoast_head_json":{"title":"Ex Templo de Corpus Christi se iluminar\u00e1 de Verde -","description":"Este inmueble se suma al alumbrado de edificios representativos de todo el mundo por la iniciativa \u2018Ciudades por la Vida, Ciudades Contra la Pena de","robots":{"index":"index","follow":"follow","max-snippet":"max-snippet:-1","max-image-preview":"max-image-preview:large","max-video-preview":"max-video-preview:-1"},"canonical":"https:\/\/centrourbano.com\/revista\/arquitectura-2\/ex-templo-de-corpus-christi-se-iluminara-de-verde\/","og_locale":"es_ES","og_type":"article","og_title":"Ex Templo de Corpus Christi se iluminar\u00e1 de Verde -","og_description":"Este inmueble se suma al alumbrado de edificios representativos de todo el mundo por la iniciativa \u2018Ciudades por la Vida, Ciudades Contra la Pena de","og_url":"https:\/\/centrourbano.com\/revista\/arquitectura-2\/ex-templo-de-corpus-christi-se-iluminara-de-verde\/","og_site_name":"Centro Urbano","article_publisher":"https:\/\/www.facebook.com\/portalcentrourbano","article_published_time":"2014-12-01T21:35:33+00:00","og_image":[{"width":350,"height":91,"url":"https:\/\/centrourbano.com\/revista\/wp-content\/uploads\/CU-logo.png","type":"image\/png"}],"author":"Dinorah Nava","twitter_card":"summary_large_image","twitter_creator":"@https:\/\/twitter.com\/Dinorah_Nava28","twitter_site":"@CentroUrbano","twitter_misc":{"Escrito por":"Dinorah Nava","Tiempo de lectura":"3 minutos"},"schema":{"@context":"https:\/\/schema.org","@graph":[{"@type":"Article","@id":"https:\/\/centrourbano.com\/revista\/arquitectura-2\/ex-templo-de-corpus-christi-se-iluminara-de-verde\/#article","isPartOf":{"@id":"https:\/\/centrourbano.com\/revista\/arquitectura-2\/ex-templo-de-corpus-christi-se-iluminara-de-verde\/"},"author":{"name":"Dinorah Nava","@id":"https:\/\/centrourbano.com\/revista\/#\/schema\/person\/b45db815d96831257ba428a3d5a5fbdc"},"headline":"Ex Templo de Corpus Christi se iluminar\u00e1 de Verde","datePublished":"2014-12-01T21:35:33+00:00","mainEntityOfPage":{"@id":"https:\/\/centrourbano.com\/revista\/arquitectura-2\/ex-templo-de-corpus-christi-se-iluminara-de-verde\/"},"wordCount":544,"commentCount":0,"publisher":{"@id":"https:\/\/centrourbano.com\/revista\/#organization"},"keywords":["arquitectura","Ex Templo de Corpus Christi"],"articleSection":["Arquitectura"],"inLanguage":"es","potentialAction":[{"@type":"CommentAction","name":"Comment","target":["https:\/\/centrourbano.com\/revista\/arquitectura-2\/ex-templo-de-corpus-christi-se-iluminara-de-verde\/#respond"]}]},{"@type":"WebPage","@id":"https:\/\/centrourbano.com\/revista\/arquitectura-2\/ex-templo-de-corpus-christi-se-iluminara-de-verde\/","url":"https:\/\/centrourbano.com\/revista\/arquitectura-2\/ex-templo-de-corpus-christi-se-iluminara-de-verde\/","name":"Ex Templo de Corpus Christi se iluminar\u00e1 de Verde -","isPartOf":{"@id":"https:\/\/centrourbano.com\/revista\/#website"},"datePublished":"2014-12-01T21:35:33+00:00","description":"Este inmueble se suma al alumbrado de edificios representativos de todo el mundo por la iniciativa \u2018Ciudades por la Vida, Ciudades Contra la Pena de","breadcrumb":{"@id":"https:\/\/centrourbano.com\/revista\/arquitectura-2\/ex-templo-de-corpus-christi-se-iluminara-de-verde\/#breadcrumb"},"inLanguage":"es","potentialAction":[{"@type":"ReadAction","target":["https:\/\/centrourbano.com\/revista\/arquitectura-2\/ex-templo-de-corpus-christi-se-iluminara-de-verde\/"]}]},{"@type":"BreadcrumbList","@id":"https:\/\/centrourbano.com\/revista\/arquitectura-2\/ex-templo-de-corpus-christi-se-iluminara-de-verde\/#breadcrumb","itemListElement":[{"@type":"ListItem","position":1,"name":"Portada","item":"https:\/\/centrourbano.com\/revista\/"},{"@type":"ListItem","position":2,"name":"Ex Templo de Corpus Christi se iluminar\u00e1 de Verde"}]},{"@type":"WebSite","@id":"https:\/\/centrourbano.com\/revista\/#website","url":"https:\/\/centrourbano.com\/revista\/","name":"Centro Urbano","description":"Medio especializado en los sectores vivienda, inmobiliario, construcci\u00f3n, arquitectura y urbanismo.","publisher":{"@id":"https:\/\/centrourbano.com\/revista\/#organization"},"potentialAction":[{"@type":"SearchAction","target":{"@type":"EntryPoint","urlTemplate":"https:\/\/centrourbano.com\/revista\/?s={search_term_string}"},"query-input":{"@type":"PropertyValueSpecification","valueRequired":true,"valueName":"search_term_string"}}],"inLanguage":"es"},{"@type":"Organization","@id":"https:\/\/centrourbano.com\/revista\/#organization","name":"Centro Urbano","url":"https:\/\/centrourbano.com\/revista\/","logo":{"@type":"ImageObject","inLanguage":"es","@id":"https:\/\/centrourbano.com\/revista\/#\/schema\/logo\/image\/","url":"https:\/\/centrourbano.com\/revista\/wp-content\/uploads\/web_CU_logo-1.png","contentUrl":"https:\/\/centrourbano.com\/revista\/wp-content\/uploads\/web_CU_logo-1.png","width":350,"height":91,"caption":"Centro Urbano"},"image":{"@id":"https:\/\/centrourbano.com\/revista\/#\/schema\/logo\/image\/"},"sameAs":["https:\/\/www.facebook.com\/portalcentrourbano","https:\/\/x.com\/CentroUrbano","https:\/\/www.instagram.com\/centro_urbano\/","https:\/\/www.linkedin.com\/company\/centro-urbano\/","http:\/\/www.youtube.com\/user\/portalcentrourbano"]},{"@type":"Person","@id":"https:\/\/centrourbano.com\/revista\/#\/schema\/person\/b45db815d96831257ba428a3d5a5fbdc","name":"Dinorah Nava","image":{"@type":"ImageObject","inLanguage":"es","@id":"https:\/\/secure.gravatar.com\/avatar\/f6ca6430c51d147f363940f84e1225aa4b8183885c11802cc3b042305a4ecc1a?s=96&d=mm&r=g","url":"https:\/\/secure.gravatar.com\/avatar\/f6ca6430c51d147f363940f84e1225aa4b8183885c11802cc3b042305a4ecc1a?s=96&d=mm&r=g","contentUrl":"https:\/\/secure.gravatar.com\/avatar\/f6ca6430c51d147f363940f84e1225aa4b8183885c11802cc3b042305a4ecc1a?s=96&d=mm&r=g","caption":"Dinorah Nava"},"description":"Editora de Contenidos y Estrategias Digitales en Centro Urbano y Coeditora en Peri\u00f3dico Mi Casa. Egresada de la licenciatura en Comunicaci\u00f3n y Periodismo de la Facultad de Estudios Superiores Arag\u00f3n (UNAM). Amante de la edici\u00f3n y correcci\u00f3n de estilo, las redes sociales y el mundo digital. Especialista en temas son arquitectura, inmobiliario y urbanismo.","sameAs":["linkedin.com\/in\/dinorah-nava","https:\/\/x.com\/https:\/\/twitter.com\/Dinorah_Nava28"],"url":"https:\/\/centrourbano.com\/revista\/author\/dinorah-nava\/"}]}},"_links":{"self":[{"href":"https:\/\/centrourbano.com\/revista\/wp-json\/wp\/v2\/posts\/13118","targetHints":{"allow":["GET"]}}],"collection":[{"href":"https:\/\/centrourbano.com\/revista\/wp-json\/wp\/v2\/posts"}],"about":[{"href":"https:\/\/centrourbano.com\/revista\/wp-json\/wp\/v2\/types\/post"}],"author":[{"embeddable":true,"href":"https:\/\/centrourbano.com\/revista\/wp-json\/wp\/v2\/users\/9"}],"replies":[{"embeddable":true,"href":"https:\/\/centrourbano.com\/revista\/wp-json\/wp\/v2\/comments?post=13118"}],"version-history":[{"count":0,"href":"https:\/\/centrourbano.com\/revista\/wp-json\/wp\/v2\/posts\/13118\/revisions"}],"wp:attachment":[{"href":"https:\/\/centrourbano.com\/revista\/wp-json\/wp\/v2\/media?parent=13118"}],"wp:term":[{"taxonomy":"category","embeddable":true,"href":"https:\/\/centrourbano.com\/revista\/wp-json\/wp\/v2\/categories?post=13118"},{"taxonomy":"post_tag","embeddable":true,"href":"https:\/\/centrourbano.com\/revista\/wp-json\/wp\/v2\/tags?post=13118"}],"curies":[{"name":"wp","href":"https:\/\/api.w.org\/{rel}","templated":true}]}}