{"id":13109,"date":"2014-12-01T14:59:04","date_gmt":"2014-12-01T20:59:04","guid":{"rendered":"http:\/\/centrourbano.com\/?p=13109"},"modified":"2014-12-01T15:15:00","modified_gmt":"2014-12-01T21:15:00","slug":"cemex-reinicia-ampliacion-de-planta-tepeaca","status":"publish","type":"post","link":"https:\/\/centrourbano.com\/revista\/saladeprensa\/cemex-reinicia-ampliacion-de-planta-tepeaca\/","title":{"rendered":"Cemex reinicia ampliaci\u00f3n de planta Tepeaca"},"content":{"rendered":"<p><em>CEMEX, S.A.B. de C.V. (\u00abCEMEX\u00bb) (BMV: CEMEXCPO) inform\u00f3 hoy el reinicio de la ampliaci\u00f3n de Planta Tepeaca, cuya capacidad anual de producci\u00f3n llegar\u00e1 a 7.6 millones de toneladas para el a\u00f1o 2017. La inversi\u00f3n total se estima ser\u00e1 de aproximadamente 650 millones de d\u00f3lares.<\/em><!--more--><\/p>\n<p><span style=\"color: #222222;\">La inversi\u00f3n adicional, que permitir\u00e1 aumentar 4.4 millones de toneladas anuales a la capacidad de producci\u00f3n actual, ser\u00e1 de aproximadamente 200 millones de d\u00f3lares, ya que la compa\u00f1\u00eda hab\u00eda invertido aproximadamente 450 millones de d\u00f3lares para el a\u00f1o 2008.<\/span><br style=\"color: #222222;\" \/><br style=\"color: #222222;\" \/><span style=\"color: #222222;\">\u00abNos motiva la perspectiva positiva de nuestra industria en M\u00e9xico. Con esta inversi\u00f3n, CEMEX refrenda su confianza en el futuro del pa\u00eds\u00bb, afirm\u00f3 Rogelio Zambrano Lozano, Presidente del Consejo de Administraci\u00f3n de CEMEX. \u00abNos enorgullece contribuir al desarrollo de nuestro pa\u00eds\u00bb.<\/span><br style=\"color: #222222;\" \/><br style=\"color: #222222;\" \/><span style=\"color: #222222;\">Esta inversi\u00f3n permitir\u00e1 a CEMEX estar completamente preparado para atender mejor esta regi\u00f3n en nuestro mercado mexicano. Adicionalmente, se anticipa que la ampliaci\u00f3n generar\u00e1 aproximadamente 1,500 empleos durante la fase de construcci\u00f3n y cerca de 100 empleos directos y 240 indirectos cuando\u00a0 inicie la producci\u00f3n.<\/span><br style=\"color: #222222;\" \/><br style=\"color: #222222;\" \/><span style=\"color: #222222;\">\u00abEsta ampliaci\u00f3n nos permitir\u00e1 servir mejor las necesidades de nuestros clientes en una regi\u00f3n muy din\u00e1mica de M\u00e9xico\u00bb, dijo Fernando Gonz\u00e1lez Olivieri, Director General de CEMEX. \u00abTepeaca se convertir\u00e1 en una planta emblem\u00e1tica en nuestra industria, utilizando la m\u00e1s avanzada tecnolog\u00eda, fijando est\u00e1ndares de desempe\u00f1o en calidad, eficiencia, seguridad y medio ambiente\u00bb.<\/span><br style=\"color: #222222;\" \/><br style=\"color: #222222;\" \/><span style=\"color: #222222;\">El anuncio se realiz\u00f3 durante una ceremonia en la instalaci\u00f3n localizada en el estado de Puebla, con la presencia de Ildefonso Guajardo Villarreal, Secretario de Econom\u00eda de M\u00e9xico; Rafael Moreno Valle, Gobernador del estado de Puebla; Amelio Flores S\u00e1nchez, Alcalde de Cuautinch\u00e1n; Rogelio Zambrano Lozano, Presidente del Consejo de Administraci\u00f3n de CEMEX; Fernando Gonz\u00e1lez Olivieri, Director General de CEMEX, y Juan Romero Torres, Presidente de CEMEX M\u00e9xico.<\/span><br style=\"color: #222222;\" \/><br style=\"color: #222222;\" \/><span style=\"color: #222222;\">CEMEX es una compa\u00f1\u00eda global de materiales para la industria de la construcci\u00f3n que ofrece productos de alta calidad y servicios confiables a clientes y comunidades en m\u00e1s de 50 pa\u00edses. CEMEX mantiene su trayectoria de beneficiar a quienes sirve a trav\u00e9s de soluciones innovadoras de construcci\u00f3n, mejoras en eficiencia y esfuerzos para promover un futuro sustentable.<\/span><br style=\"color: #222222;\" \/><br style=\"color: #222222;\" \/><span style=\"color: #222222;\">Para m\u00e1s informaci\u00f3n, por favor visite:\u00a0 \u00a0<\/span><a style=\"color: #1155cc;\" href=\"http:\/\/www.cemex.com\/\" target=\"_blank\">www.cemex.com<\/a><\/p>\n","protected":false},"excerpt":{"rendered":"<p>CEMEX, S.A.B. de C.V. (\u00abCEMEX\u00bb) (BMV: CEMEXCPO) inform\u00f3 hoy el reinicio de la ampliaci\u00f3n de Planta Tepeaca, cuya capacidad anual de producci\u00f3n llegar\u00e1 a 7.6 millones de toneladas para el a\u00f1o 2017. La inversi\u00f3n total se estima ser\u00e1 de aproximadamente 650 millones de d\u00f3lares.<\/p>\n","protected":false},"author":14,"featured_media":0,"comment_status":"open","ping_status":"closed","sticky":false,"template":"","format":"standard","meta":{"om_disable_all_campaigns":false,"inline_featured_image":false,"_monsterinsights_skip_tracking":false,"_monsterinsights_sitenote_active":false,"_monsterinsights_sitenote_note":"","_monsterinsights_sitenote_category":0,"footnotes":""},"categories":[7],"tags":[26],"class_list":["post-13109","post","type-post","status-publish","format-standard","hentry","category-saladeprensa","tag-cemex"],"yoast_head":"<!-- This site is optimized with the Yoast SEO plugin v27.4 - https:\/\/yoast.com\/product\/yoast-seo-wordpress\/ -->\n<title>Cemex reinicia ampliaci\u00f3n de planta Tepeaca -<\/title>\n<meta name=\"description\" content=\"CEMEX, S.A.B. de C.V. (&quot;CEMEX&quot;) (BMV: CEMEXCPO) inform\u00f3 hoy el reinicio de la ampliaci\u00f3n de Planta Tepeaca, cuya capacidad anual de producci\u00f3n llegar\u00e1 a\" \/>\n<meta name=\"robots\" content=\"index, follow, max-snippet:-1, max-image-preview:large, max-video-preview:-1\" \/>\n<link rel=\"canonical\" href=\"https:\/\/centrourbano.com\/revista\/saladeprensa\/cemex-reinicia-ampliacion-de-planta-tepeaca\/\" \/>\n<meta property=\"og:locale\" content=\"es_ES\" \/>\n<meta property=\"og:type\" content=\"article\" \/>\n<meta property=\"og:title\" content=\"Cemex reinicia ampliaci\u00f3n de planta Tepeaca -\" \/>\n<meta property=\"og:description\" content=\"CEMEX, S.A.B. de C.V. (&quot;CEMEX&quot;) (BMV: CEMEXCPO) inform\u00f3 hoy el reinicio de la ampliaci\u00f3n de Planta Tepeaca, cuya capacidad anual de producci\u00f3n llegar\u00e1 a\" \/>\n<meta property=\"og:url\" content=\"https:\/\/centrourbano.com\/revista\/saladeprensa\/cemex-reinicia-ampliacion-de-planta-tepeaca\/\" \/>\n<meta property=\"og:site_name\" content=\"Centro Urbano\" \/>\n<meta property=\"article:publisher\" content=\"https:\/\/www.facebook.com\/portalcentrourbano\" \/>\n<meta property=\"article:published_time\" content=\"2014-12-01T20:59:04+00:00\" \/>\n<meta property=\"article:modified_time\" content=\"2014-12-01T21:15:00+00:00\" \/>\n<meta property=\"og:image\" content=\"https:\/\/centrourbano.com\/revista\/wp-content\/uploads\/CU-logo.png\" \/>\n\t<meta property=\"og:image:width\" content=\"350\" \/>\n\t<meta property=\"og:image:height\" content=\"91\" \/>\n\t<meta property=\"og:image:type\" content=\"image\/png\" \/>\n<meta name=\"author\" content=\"Redacci\u00f3n Centro Urbano\" \/>\n<meta name=\"twitter:card\" content=\"summary_large_image\" \/>\n<meta name=\"twitter:creator\" content=\"@CentroUrbano\" \/>\n<meta name=\"twitter:site\" content=\"@CentroUrbano\" \/>\n<meta name=\"twitter:label1\" content=\"Escrito por\" \/>\n\t<meta name=\"twitter:data1\" content=\"Redacci\u00f3n Centro Urbano\" \/>\n\t<meta name=\"twitter:label2\" content=\"Tiempo de lectura\" \/>\n\t<meta name=\"twitter:data2\" content=\"2 minutos\" \/>\n<script type=\"application\/ld+json\" class=\"yoast-schema-graph\">{\"@context\":\"https:\\\/\\\/schema.org\",\"@graph\":[{\"@type\":\"Article\",\"@id\":\"https:\\\/\\\/centrourbano.com\\\/revista\\\/saladeprensa\\\/cemex-reinicia-ampliacion-de-planta-tepeaca\\\/#article\",\"isPartOf\":{\"@id\":\"https:\\\/\\\/centrourbano.com\\\/revista\\\/saladeprensa\\\/cemex-reinicia-ampliacion-de-planta-tepeaca\\\/\"},\"author\":{\"name\":\"Redacci\u00f3n Centro Urbano\",\"@id\":\"https:\\\/\\\/centrourbano.com\\\/revista\\\/#\\\/schema\\\/person\\\/680e7c50f9d6e917e416c9efdc26f996\"},\"headline\":\"Cemex reinicia ampliaci\u00f3n de planta Tepeaca\",\"datePublished\":\"2014-12-01T20:59:04+00:00\",\"dateModified\":\"2014-12-01T21:15:00+00:00\",\"mainEntityOfPage\":{\"@id\":\"https:\\\/\\\/centrourbano.com\\\/revista\\\/saladeprensa\\\/cemex-reinicia-ampliacion-de-planta-tepeaca\\\/\"},\"wordCount\":401,\"commentCount\":0,\"publisher\":{\"@id\":\"https:\\\/\\\/centrourbano.com\\\/revista\\\/#organization\"},\"keywords\":[\"CEMEX\"],\"articleSection\":[\"Sala de Prensa\"],\"inLanguage\":\"es\",\"potentialAction\":[{\"@type\":\"CommentAction\",\"name\":\"Comment\",\"target\":[\"https:\\\/\\\/centrourbano.com\\\/revista\\\/saladeprensa\\\/cemex-reinicia-ampliacion-de-planta-tepeaca\\\/#respond\"]}]},{\"@type\":\"WebPage\",\"@id\":\"https:\\\/\\\/centrourbano.com\\\/revista\\\/saladeprensa\\\/cemex-reinicia-ampliacion-de-planta-tepeaca\\\/\",\"url\":\"https:\\\/\\\/centrourbano.com\\\/revista\\\/saladeprensa\\\/cemex-reinicia-ampliacion-de-planta-tepeaca\\\/\",\"name\":\"Cemex reinicia ampliaci\u00f3n de planta Tepeaca -\",\"isPartOf\":{\"@id\":\"https:\\\/\\\/centrourbano.com\\\/revista\\\/#website\"},\"datePublished\":\"2014-12-01T20:59:04+00:00\",\"dateModified\":\"2014-12-01T21:15:00+00:00\",\"description\":\"CEMEX, S.A.B. de C.V. (\\\"CEMEX\\\") (BMV: CEMEXCPO) inform\u00f3 hoy el reinicio de la ampliaci\u00f3n de Planta Tepeaca, cuya capacidad anual de producci\u00f3n llegar\u00e1 a\",\"breadcrumb\":{\"@id\":\"https:\\\/\\\/centrourbano.com\\\/revista\\\/saladeprensa\\\/cemex-reinicia-ampliacion-de-planta-tepeaca\\\/#breadcrumb\"},\"inLanguage\":\"es\",\"potentialAction\":[{\"@type\":\"ReadAction\",\"target\":[\"https:\\\/\\\/centrourbano.com\\\/revista\\\/saladeprensa\\\/cemex-reinicia-ampliacion-de-planta-tepeaca\\\/\"]}]},{\"@type\":\"BreadcrumbList\",\"@id\":\"https:\\\/\\\/centrourbano.com\\\/revista\\\/saladeprensa\\\/cemex-reinicia-ampliacion-de-planta-tepeaca\\\/#breadcrumb\",\"itemListElement\":[{\"@type\":\"ListItem\",\"position\":1,\"name\":\"Portada\",\"item\":\"https:\\\/\\\/centrourbano.com\\\/revista\\\/\"},{\"@type\":\"ListItem\",\"position\":2,\"name\":\"Cemex reinicia ampliaci\u00f3n de planta Tepeaca\"}]},{\"@type\":\"WebSite\",\"@id\":\"https:\\\/\\\/centrourbano.com\\\/revista\\\/#website\",\"url\":\"https:\\\/\\\/centrourbano.com\\\/revista\\\/\",\"name\":\"Centro Urbano\",\"description\":\"Medio especializado en los sectores vivienda, inmobiliario, construcci\u00f3n, arquitectura y urbanismo.\",\"publisher\":{\"@id\":\"https:\\\/\\\/centrourbano.com\\\/revista\\\/#organization\"},\"potentialAction\":[{\"@type\":\"SearchAction\",\"target\":{\"@type\":\"EntryPoint\",\"urlTemplate\":\"https:\\\/\\\/centrourbano.com\\\/revista\\\/?s={search_term_string}\"},\"query-input\":{\"@type\":\"PropertyValueSpecification\",\"valueRequired\":true,\"valueName\":\"search_term_string\"}}],\"inLanguage\":\"es\"},{\"@type\":\"Organization\",\"@id\":\"https:\\\/\\\/centrourbano.com\\\/revista\\\/#organization\",\"name\":\"Centro Urbano\",\"url\":\"https:\\\/\\\/centrourbano.com\\\/revista\\\/\",\"logo\":{\"@type\":\"ImageObject\",\"inLanguage\":\"es\",\"@id\":\"https:\\\/\\\/centrourbano.com\\\/revista\\\/#\\\/schema\\\/logo\\\/image\\\/\",\"url\":\"https:\\\/\\\/centrourbano.com\\\/revista\\\/wp-content\\\/uploads\\\/web_CU_logo-1.png\",\"contentUrl\":\"https:\\\/\\\/centrourbano.com\\\/revista\\\/wp-content\\\/uploads\\\/web_CU_logo-1.png\",\"width\":350,\"height\":91,\"caption\":\"Centro Urbano\"},\"image\":{\"@id\":\"https:\\\/\\\/centrourbano.com\\\/revista\\\/#\\\/schema\\\/logo\\\/image\\\/\"},\"sameAs\":[\"https:\\\/\\\/www.facebook.com\\\/portalcentrourbano\",\"https:\\\/\\\/x.com\\\/CentroUrbano\",\"https:\\\/\\\/www.instagram.com\\\/centro_urbano\\\/\",\"https:\\\/\\\/www.linkedin.com\\\/company\\\/centro-urbano\\\/\",\"http:\\\/\\\/www.youtube.com\\\/user\\\/portalcentrourbano\"]},{\"@type\":\"Person\",\"@id\":\"https:\\\/\\\/centrourbano.com\\\/revista\\\/#\\\/schema\\\/person\\\/680e7c50f9d6e917e416c9efdc26f996\",\"name\":\"Redacci\u00f3n Centro Urbano\",\"image\":{\"@type\":\"ImageObject\",\"inLanguage\":\"es\",\"@id\":\"https:\\\/\\\/secure.gravatar.com\\\/avatar\\\/15a789f894398c0f311f3a7a2ee28032bbc0483098539da66b6a045aa810bf35?s=96&d=mm&r=g\",\"url\":\"https:\\\/\\\/secure.gravatar.com\\\/avatar\\\/15a789f894398c0f311f3a7a2ee28032bbc0483098539da66b6a045aa810bf35?s=96&d=mm&r=g\",\"contentUrl\":\"https:\\\/\\\/secure.gravatar.com\\\/avatar\\\/15a789f894398c0f311f3a7a2ee28032bbc0483098539da66b6a045aa810bf35?s=96&d=mm&r=g\",\"caption\":\"Redacci\u00f3n Centro Urbano\"},\"url\":\"https:\\\/\\\/centrourbano.com\\\/revista\\\/author\\\/editorial\\\/\"}]}<\/script>\n<!-- \/ Yoast SEO plugin. -->","yoast_head_json":{"title":"Cemex reinicia ampliaci\u00f3n de planta Tepeaca -","description":"CEMEX, S.A.B. de C.V. (\"CEMEX\") (BMV: CEMEXCPO) inform\u00f3 hoy el reinicio de la ampliaci\u00f3n de Planta Tepeaca, cuya capacidad anual de producci\u00f3n llegar\u00e1 a","robots":{"index":"index","follow":"follow","max-snippet":"max-snippet:-1","max-image-preview":"max-image-preview:large","max-video-preview":"max-video-preview:-1"},"canonical":"https:\/\/centrourbano.com\/revista\/saladeprensa\/cemex-reinicia-ampliacion-de-planta-tepeaca\/","og_locale":"es_ES","og_type":"article","og_title":"Cemex reinicia ampliaci\u00f3n de planta Tepeaca -","og_description":"CEMEX, S.A.B. de C.V. (\"CEMEX\") (BMV: CEMEXCPO) inform\u00f3 hoy el reinicio de la ampliaci\u00f3n de Planta Tepeaca, cuya capacidad anual de producci\u00f3n llegar\u00e1 a","og_url":"https:\/\/centrourbano.com\/revista\/saladeprensa\/cemex-reinicia-ampliacion-de-planta-tepeaca\/","og_site_name":"Centro Urbano","article_publisher":"https:\/\/www.facebook.com\/portalcentrourbano","article_published_time":"2014-12-01T20:59:04+00:00","article_modified_time":"2014-12-01T21:15:00+00:00","og_image":[{"width":350,"height":91,"url":"https:\/\/centrourbano.com\/revista\/wp-content\/uploads\/CU-logo.png","type":"image\/png"}],"author":"Redacci\u00f3n Centro Urbano","twitter_card":"summary_large_image","twitter_creator":"@CentroUrbano","twitter_site":"@CentroUrbano","twitter_misc":{"Escrito por":"Redacci\u00f3n Centro Urbano","Tiempo de lectura":"2 minutos"},"schema":{"@context":"https:\/\/schema.org","@graph":[{"@type":"Article","@id":"https:\/\/centrourbano.com\/revista\/saladeprensa\/cemex-reinicia-ampliacion-de-planta-tepeaca\/#article","isPartOf":{"@id":"https:\/\/centrourbano.com\/revista\/saladeprensa\/cemex-reinicia-ampliacion-de-planta-tepeaca\/"},"author":{"name":"Redacci\u00f3n Centro Urbano","@id":"https:\/\/centrourbano.com\/revista\/#\/schema\/person\/680e7c50f9d6e917e416c9efdc26f996"},"headline":"Cemex reinicia ampliaci\u00f3n de planta Tepeaca","datePublished":"2014-12-01T20:59:04+00:00","dateModified":"2014-12-01T21:15:00+00:00","mainEntityOfPage":{"@id":"https:\/\/centrourbano.com\/revista\/saladeprensa\/cemex-reinicia-ampliacion-de-planta-tepeaca\/"},"wordCount":401,"commentCount":0,"publisher":{"@id":"https:\/\/centrourbano.com\/revista\/#organization"},"keywords":["CEMEX"],"articleSection":["Sala de Prensa"],"inLanguage":"es","potentialAction":[{"@type":"CommentAction","name":"Comment","target":["https:\/\/centrourbano.com\/revista\/saladeprensa\/cemex-reinicia-ampliacion-de-planta-tepeaca\/#respond"]}]},{"@type":"WebPage","@id":"https:\/\/centrourbano.com\/revista\/saladeprensa\/cemex-reinicia-ampliacion-de-planta-tepeaca\/","url":"https:\/\/centrourbano.com\/revista\/saladeprensa\/cemex-reinicia-ampliacion-de-planta-tepeaca\/","name":"Cemex reinicia ampliaci\u00f3n de planta Tepeaca -","isPartOf":{"@id":"https:\/\/centrourbano.com\/revista\/#website"},"datePublished":"2014-12-01T20:59:04+00:00","dateModified":"2014-12-01T21:15:00+00:00","description":"CEMEX, S.A.B. de C.V. (\"CEMEX\") (BMV: CEMEXCPO) inform\u00f3 hoy el reinicio de la ampliaci\u00f3n de Planta Tepeaca, cuya capacidad anual de producci\u00f3n llegar\u00e1 a","breadcrumb":{"@id":"https:\/\/centrourbano.com\/revista\/saladeprensa\/cemex-reinicia-ampliacion-de-planta-tepeaca\/#breadcrumb"},"inLanguage":"es","potentialAction":[{"@type":"ReadAction","target":["https:\/\/centrourbano.com\/revista\/saladeprensa\/cemex-reinicia-ampliacion-de-planta-tepeaca\/"]}]},{"@type":"BreadcrumbList","@id":"https:\/\/centrourbano.com\/revista\/saladeprensa\/cemex-reinicia-ampliacion-de-planta-tepeaca\/#breadcrumb","itemListElement":[{"@type":"ListItem","position":1,"name":"Portada","item":"https:\/\/centrourbano.com\/revista\/"},{"@type":"ListItem","position":2,"name":"Cemex reinicia ampliaci\u00f3n de planta Tepeaca"}]},{"@type":"WebSite","@id":"https:\/\/centrourbano.com\/revista\/#website","url":"https:\/\/centrourbano.com\/revista\/","name":"Centro Urbano","description":"Medio especializado en los sectores vivienda, inmobiliario, construcci\u00f3n, arquitectura y urbanismo.","publisher":{"@id":"https:\/\/centrourbano.com\/revista\/#organization"},"potentialAction":[{"@type":"SearchAction","target":{"@type":"EntryPoint","urlTemplate":"https:\/\/centrourbano.com\/revista\/?s={search_term_string}"},"query-input":{"@type":"PropertyValueSpecification","valueRequired":true,"valueName":"search_term_string"}}],"inLanguage":"es"},{"@type":"Organization","@id":"https:\/\/centrourbano.com\/revista\/#organization","name":"Centro Urbano","url":"https:\/\/centrourbano.com\/revista\/","logo":{"@type":"ImageObject","inLanguage":"es","@id":"https:\/\/centrourbano.com\/revista\/#\/schema\/logo\/image\/","url":"https:\/\/centrourbano.com\/revista\/wp-content\/uploads\/web_CU_logo-1.png","contentUrl":"https:\/\/centrourbano.com\/revista\/wp-content\/uploads\/web_CU_logo-1.png","width":350,"height":91,"caption":"Centro Urbano"},"image":{"@id":"https:\/\/centrourbano.com\/revista\/#\/schema\/logo\/image\/"},"sameAs":["https:\/\/www.facebook.com\/portalcentrourbano","https:\/\/x.com\/CentroUrbano","https:\/\/www.instagram.com\/centro_urbano\/","https:\/\/www.linkedin.com\/company\/centro-urbano\/","http:\/\/www.youtube.com\/user\/portalcentrourbano"]},{"@type":"Person","@id":"https:\/\/centrourbano.com\/revista\/#\/schema\/person\/680e7c50f9d6e917e416c9efdc26f996","name":"Redacci\u00f3n Centro Urbano","image":{"@type":"ImageObject","inLanguage":"es","@id":"https:\/\/secure.gravatar.com\/avatar\/15a789f894398c0f311f3a7a2ee28032bbc0483098539da66b6a045aa810bf35?s=96&d=mm&r=g","url":"https:\/\/secure.gravatar.com\/avatar\/15a789f894398c0f311f3a7a2ee28032bbc0483098539da66b6a045aa810bf35?s=96&d=mm&r=g","contentUrl":"https:\/\/secure.gravatar.com\/avatar\/15a789f894398c0f311f3a7a2ee28032bbc0483098539da66b6a045aa810bf35?s=96&d=mm&r=g","caption":"Redacci\u00f3n Centro Urbano"},"url":"https:\/\/centrourbano.com\/revista\/author\/editorial\/"}]}},"_links":{"self":[{"href":"https:\/\/centrourbano.com\/revista\/wp-json\/wp\/v2\/posts\/13109","targetHints":{"allow":["GET"]}}],"collection":[{"href":"https:\/\/centrourbano.com\/revista\/wp-json\/wp\/v2\/posts"}],"about":[{"href":"https:\/\/centrourbano.com\/revista\/wp-json\/wp\/v2\/types\/post"}],"author":[{"embeddable":true,"href":"https:\/\/centrourbano.com\/revista\/wp-json\/wp\/v2\/users\/14"}],"replies":[{"embeddable":true,"href":"https:\/\/centrourbano.com\/revista\/wp-json\/wp\/v2\/comments?post=13109"}],"version-history":[{"count":0,"href":"https:\/\/centrourbano.com\/revista\/wp-json\/wp\/v2\/posts\/13109\/revisions"}],"wp:attachment":[{"href":"https:\/\/centrourbano.com\/revista\/wp-json\/wp\/v2\/media?parent=13109"}],"wp:term":[{"taxonomy":"category","embeddable":true,"href":"https:\/\/centrourbano.com\/revista\/wp-json\/wp\/v2\/categories?post=13109"},{"taxonomy":"post_tag","embeddable":true,"href":"https:\/\/centrourbano.com\/revista\/wp-json\/wp\/v2\/tags?post=13109"}],"curies":[{"name":"wp","href":"https:\/\/api.w.org\/{rel}","templated":true}]}}