{"id":130983,"date":"2022-06-09T08:42:40","date_gmt":"2022-06-09T13:42:40","guid":{"rendered":"https:\/\/centrourbano.com\/?p=130983"},"modified":"2022-06-09T08:43:18","modified_gmt":"2022-06-09T13:43:18","slug":"crece-interes-de-compra-de-vivienda-en-el-edomex","status":"publish","type":"post","link":"https:\/\/centrourbano.com\/revista\/vivienda\/crece-interes-de-compra-de-vivienda-en-el-edomex\/","title":{"rendered":"Crece inter\u00e9s de compra de vivienda en el Edomex"},"content":{"rendered":"<p><em>El Edomex logr\u00f3 posicionarse en segundo lugar a nivel nacional en demanda digital de inmuebles con una participaci\u00f3n del 12%<\/em><!--more--><\/p>\n<p>Los h\u00e1bitos de consumo en bienes ra\u00edces se vieron modificados en consecuencias a los sucesos ocurridos los \u00faltimos dos a\u00f1os. Bajo este panorama, el Estado de M\u00e9xico (Edomex) aument\u00f3 de manera considerable su propia participaci\u00f3n en el mercado inmobiliario, y se volvi\u00f3 un lugar de inter\u00e9s para la compra de inmuebles.<\/p>\n<p>Dentro de la demanda digital, el Edomex logr\u00f3 ocupar la segunda posici\u00f3n a nivel nacional, con una participaci\u00f3n del 12%, durante el primer bimestre de 2022. En ese sentido, el sector residencial obtuvo la mayor participaci\u00f3n dentro del mercado inmobiliario en la entidad, con 88% de la demanda.<\/p>\n<p>Sin embargo, del total de la oferta, un 76% se concentra en inmuebles para venta. A su vez, dentro de <a href=\"https:\/\/centrourbano.com\/vivienda\/imevis-regularizara-terrenos-y-casas-al-sur-del-edomex\/\" target=\"_blank\" rel=\"noopener\">la participaci\u00f3n de casa<\/a>, un 92% se encuentran en venta y un 8% en renta. Mientras que, en departamentos 77% se encuentra en venta y 23% en renta.<\/p>\n<h2>\u00bfQu\u00e9 tipo de inmuebles demanda el Edomex?<\/h2>\n<p>Dentro de la demanda de los inmuebles en venta, se logr\u00f3 observar una tendencia de los compradores hacia la vivienda de inter\u00e9s social-econ\u00f3mico. Es decir, aquella cuyo valor se encuentra debajo el 1 mill\u00f3n de pesos, la cual se mantuvo con una demanda superior al 40% durante el a\u00f1o.<\/p>\n<p>Seguido de ello, la vivienda de inter\u00e9s medio obtuvo una demanda superior al 30% durante todo 2021 (aquella cuyo valor se encuentra entre 1 mill\u00f3n y 3 millones). Como resultado, se logr\u00f3 segmentar que los usuarios que demandan inmuebles dentro del estado tienen preferencia hacia propiedades con costos inferiores a los 3 millones de pesos.<\/p>\n<p>A la par, se logr\u00f3 observar que el 30.2% de los inmuebles del sector residencial fueron departamentos. Mientras que, 69.8% de ellos pertenecieron a casas.<\/p>\n<p>Por otra parte, el inter\u00e9s de los usuarios por comprar vivienda nueva o usada se mantuvo casi a la par con 51.9% y 48.1%, respectivamente. \u00a0A la par, la tendencia por la compra de terrenos aument\u00f3 de manera significativa, la cual propici\u00f3 su participaci\u00f3n al 11% del total de la demanda de Edomex.<\/p>\n<p>&nbsp;<\/p>\n","protected":false},"excerpt":{"rendered":"<p>El Edomex logr\u00f3 posicionarse en segundo lugar a nivel nacional en demanda digital de inmuebles con una participaci\u00f3n del 12%<\/p>\n","protected":false},"author":80,"featured_media":131012,"comment_status":"open","ping_status":"closed","sticky":false,"template":"","format":"standard","meta":{"om_disable_all_campaigns":false,"inline_featured_image":false,"_monsterinsights_skip_tracking":false,"_monsterinsights_sitenote_active":false,"_monsterinsights_sitenote_note":"","_monsterinsights_sitenote_category":0,"footnotes":""},"categories":[15,12],"tags":[13174,589,19143,21185,18172],"class_list":["post-130983","post","type-post","status-publish","format-standard","has-post-thumbnail","hentry","category-inmobiliario","category-vivienda","tag-casas-nuevas","tag-edomex","tag-venta-de-casas","tag-venta-de-departamentos","tag-venta-de-vivienda-nueva"],"yoast_head":"<!-- This site is optimized with the Yoast SEO plugin v27.4 - https:\/\/yoast.com\/product\/yoast-seo-wordpress\/ -->\n<title>Crece inter\u00e9s de compra de vivienda en el Edomex<\/title>\n<meta name=\"description\" content=\"El Edomex logr\u00f3 posicionarse en segundo lugar a nivel nacional en demanda digital de inmuebles con una participaci\u00f3n del 12%\" \/>\n<meta name=\"robots\" content=\"index, follow, max-snippet:-1, max-image-preview:large, max-video-preview:-1\" \/>\n<link rel=\"canonical\" href=\"https:\/\/centrourbano.com\/revista\/vivienda\/crece-interes-de-compra-de-vivienda-en-el-edomex\/\" \/>\n<meta property=\"og:locale\" content=\"es_ES\" \/>\n<meta property=\"og:type\" content=\"article\" \/>\n<meta property=\"og:title\" content=\"Crece inter\u00e9s de compra de vivienda en el Edomex\" \/>\n<meta property=\"og:description\" content=\"El Edomex logr\u00f3 posicionarse en segundo lugar a nivel nacional en demanda digital de inmuebles con una participaci\u00f3n del 12%\" \/>\n<meta property=\"og:url\" content=\"https:\/\/centrourbano.com\/revista\/vivienda\/crece-interes-de-compra-de-vivienda-en-el-edomex\/\" \/>\n<meta property=\"og:site_name\" content=\"Centro Urbano\" \/>\n<meta property=\"article:publisher\" content=\"https:\/\/www.facebook.com\/portalcentrourbano\" \/>\n<meta property=\"article:published_time\" content=\"2022-06-09T13:42:40+00:00\" \/>\n<meta property=\"article:modified_time\" content=\"2022-06-09T13:43:18+00:00\" \/>\n<meta property=\"og:image\" content=\"https:\/\/centrourbano.com\/revista\/wp-content\/uploads\/Crece-intere\u0301s-de-compra-de-vivienda-en-el-Edomex-e1654782192897.jpeg\" \/>\n\t<meta property=\"og:image:width\" content=\"672\" \/>\n\t<meta property=\"og:image:height\" content=\"640\" \/>\n\t<meta property=\"og:image:type\" content=\"image\/jpeg\" \/>\n<meta name=\"author\" content=\"Jackeline Valle\" \/>\n<meta name=\"twitter:card\" content=\"summary_large_image\" \/>\n<meta name=\"twitter:creator\" content=\"@CentroUrbano\" \/>\n<meta name=\"twitter:site\" content=\"@CentroUrbano\" \/>\n<meta name=\"twitter:label1\" content=\"Escrito por\" \/>\n\t<meta name=\"twitter:data1\" content=\"Jackeline Valle\" \/>\n\t<meta name=\"twitter:label2\" content=\"Tiempo de lectura\" \/>\n\t<meta name=\"twitter:data2\" content=\"2 minutos\" \/>\n<script type=\"application\/ld+json\" class=\"yoast-schema-graph\">{\"@context\":\"https:\\\/\\\/schema.org\",\"@graph\":[{\"@type\":\"Article\",\"@id\":\"https:\\\/\\\/centrourbano.com\\\/revista\\\/vivienda\\\/crece-interes-de-compra-de-vivienda-en-el-edomex\\\/#article\",\"isPartOf\":{\"@id\":\"https:\\\/\\\/centrourbano.com\\\/revista\\\/vivienda\\\/crece-interes-de-compra-de-vivienda-en-el-edomex\\\/\"},\"author\":{\"name\":\"Jackeline Valle\",\"@id\":\"https:\\\/\\\/centrourbano.com\\\/revista\\\/#\\\/schema\\\/person\\\/910180bf1a924c1932a01f6032f5991a\"},\"headline\":\"Crece inter\u00e9s de compra de vivienda en el Edomex\",\"datePublished\":\"2022-06-09T13:42:40+00:00\",\"dateModified\":\"2022-06-09T13:43:18+00:00\",\"mainEntityOfPage\":{\"@id\":\"https:\\\/\\\/centrourbano.com\\\/revista\\\/vivienda\\\/crece-interes-de-compra-de-vivienda-en-el-edomex\\\/\"},\"wordCount\":365,\"commentCount\":0,\"publisher\":{\"@id\":\"https:\\\/\\\/centrourbano.com\\\/revista\\\/#organization\"},\"image\":{\"@id\":\"https:\\\/\\\/centrourbano.com\\\/revista\\\/vivienda\\\/crece-interes-de-compra-de-vivienda-en-el-edomex\\\/#primaryimage\"},\"thumbnailUrl\":\"https:\\\/\\\/centrourbano.com\\\/revista\\\/wp-content\\\/uploads\\\/Crece-intere\u0301s-de-compra-de-vivienda-en-el-Edomex-e1654782192897.jpeg\",\"keywords\":[\"Casas nuevas\",\"Edomex\",\"venta de casas\",\"Venta de departamentos\",\"Venta de Vivienda Nueva\"],\"articleSection\":[\"Inmobiliario\",\"Vivienda\"],\"inLanguage\":\"es\",\"potentialAction\":[{\"@type\":\"CommentAction\",\"name\":\"Comment\",\"target\":[\"https:\\\/\\\/centrourbano.com\\\/revista\\\/vivienda\\\/crece-interes-de-compra-de-vivienda-en-el-edomex\\\/#respond\"]}]},{\"@type\":\"WebPage\",\"@id\":\"https:\\\/\\\/centrourbano.com\\\/revista\\\/vivienda\\\/crece-interes-de-compra-de-vivienda-en-el-edomex\\\/\",\"url\":\"https:\\\/\\\/centrourbano.com\\\/revista\\\/vivienda\\\/crece-interes-de-compra-de-vivienda-en-el-edomex\\\/\",\"name\":\"Crece inter\u00e9s de compra de vivienda en el Edomex\",\"isPartOf\":{\"@id\":\"https:\\\/\\\/centrourbano.com\\\/revista\\\/#website\"},\"primaryImageOfPage\":{\"@id\":\"https:\\\/\\\/centrourbano.com\\\/revista\\\/vivienda\\\/crece-interes-de-compra-de-vivienda-en-el-edomex\\\/#primaryimage\"},\"image\":{\"@id\":\"https:\\\/\\\/centrourbano.com\\\/revista\\\/vivienda\\\/crece-interes-de-compra-de-vivienda-en-el-edomex\\\/#primaryimage\"},\"thumbnailUrl\":\"https:\\\/\\\/centrourbano.com\\\/revista\\\/wp-content\\\/uploads\\\/Crece-intere\u0301s-de-compra-de-vivienda-en-el-Edomex-e1654782192897.jpeg\",\"datePublished\":\"2022-06-09T13:42:40+00:00\",\"dateModified\":\"2022-06-09T13:43:18+00:00\",\"description\":\"El Edomex logr\u00f3 posicionarse en segundo lugar a nivel nacional en demanda digital de inmuebles con una participaci\u00f3n del 12%\",\"breadcrumb\":{\"@id\":\"https:\\\/\\\/centrourbano.com\\\/revista\\\/vivienda\\\/crece-interes-de-compra-de-vivienda-en-el-edomex\\\/#breadcrumb\"},\"inLanguage\":\"es\",\"potentialAction\":[{\"@type\":\"ReadAction\",\"target\":[\"https:\\\/\\\/centrourbano.com\\\/revista\\\/vivienda\\\/crece-interes-de-compra-de-vivienda-en-el-edomex\\\/\"]}]},{\"@type\":\"ImageObject\",\"inLanguage\":\"es\",\"@id\":\"https:\\\/\\\/centrourbano.com\\\/revista\\\/vivienda\\\/crece-interes-de-compra-de-vivienda-en-el-edomex\\\/#primaryimage\",\"url\":\"https:\\\/\\\/centrourbano.com\\\/revista\\\/wp-content\\\/uploads\\\/Crece-intere\u0301s-de-compra-de-vivienda-en-el-Edomex-e1654782192897.jpeg\",\"contentUrl\":\"https:\\\/\\\/centrourbano.com\\\/revista\\\/wp-content\\\/uploads\\\/Crece-intere\u0301s-de-compra-de-vivienda-en-el-Edomex-e1654782192897.jpeg\",\"width\":672,\"height\":640},{\"@type\":\"BreadcrumbList\",\"@id\":\"https:\\\/\\\/centrourbano.com\\\/revista\\\/vivienda\\\/crece-interes-de-compra-de-vivienda-en-el-edomex\\\/#breadcrumb\",\"itemListElement\":[{\"@type\":\"ListItem\",\"position\":1,\"name\":\"Portada\",\"item\":\"https:\\\/\\\/centrourbano.com\\\/revista\\\/\"},{\"@type\":\"ListItem\",\"position\":2,\"name\":\"Crece inter\u00e9s de compra de vivienda en el Edomex\"}]},{\"@type\":\"WebSite\",\"@id\":\"https:\\\/\\\/centrourbano.com\\\/revista\\\/#website\",\"url\":\"https:\\\/\\\/centrourbano.com\\\/revista\\\/\",\"name\":\"Centro Urbano\",\"description\":\"Medio especializado en los sectores vivienda, inmobiliario, construcci\u00f3n, arquitectura y urbanismo.\",\"publisher\":{\"@id\":\"https:\\\/\\\/centrourbano.com\\\/revista\\\/#organization\"},\"potentialAction\":[{\"@type\":\"SearchAction\",\"target\":{\"@type\":\"EntryPoint\",\"urlTemplate\":\"https:\\\/\\\/centrourbano.com\\\/revista\\\/?s={search_term_string}\"},\"query-input\":{\"@type\":\"PropertyValueSpecification\",\"valueRequired\":true,\"valueName\":\"search_term_string\"}}],\"inLanguage\":\"es\"},{\"@type\":\"Organization\",\"@id\":\"https:\\\/\\\/centrourbano.com\\\/revista\\\/#organization\",\"name\":\"Centro Urbano\",\"url\":\"https:\\\/\\\/centrourbano.com\\\/revista\\\/\",\"logo\":{\"@type\":\"ImageObject\",\"inLanguage\":\"es\",\"@id\":\"https:\\\/\\\/centrourbano.com\\\/revista\\\/#\\\/schema\\\/logo\\\/image\\\/\",\"url\":\"https:\\\/\\\/centrourbano.com\\\/revista\\\/wp-content\\\/uploads\\\/web_CU_logo-1.png\",\"contentUrl\":\"https:\\\/\\\/centrourbano.com\\\/revista\\\/wp-content\\\/uploads\\\/web_CU_logo-1.png\",\"width\":350,\"height\":91,\"caption\":\"Centro Urbano\"},\"image\":{\"@id\":\"https:\\\/\\\/centrourbano.com\\\/revista\\\/#\\\/schema\\\/logo\\\/image\\\/\"},\"sameAs\":[\"https:\\\/\\\/www.facebook.com\\\/portalcentrourbano\",\"https:\\\/\\\/x.com\\\/CentroUrbano\",\"https:\\\/\\\/www.instagram.com\\\/centro_urbano\\\/\",\"https:\\\/\\\/www.linkedin.com\\\/company\\\/centro-urbano\\\/\",\"http:\\\/\\\/www.youtube.com\\\/user\\\/portalcentrourbano\"]},{\"@type\":\"Person\",\"@id\":\"https:\\\/\\\/centrourbano.com\\\/revista\\\/#\\\/schema\\\/person\\\/910180bf1a924c1932a01f6032f5991a\",\"name\":\"Jackeline Valle\",\"image\":{\"@type\":\"ImageObject\",\"inLanguage\":\"es\",\"@id\":\"https:\\\/\\\/secure.gravatar.com\\\/avatar\\\/6dfa6899b228d3621bbf2fb01332e7e4b7afc7cd1374760becdb163b7f5436dd?s=96&d=mm&r=g\",\"url\":\"https:\\\/\\\/secure.gravatar.com\\\/avatar\\\/6dfa6899b228d3621bbf2fb01332e7e4b7afc7cd1374760becdb163b7f5436dd?s=96&d=mm&r=g\",\"contentUrl\":\"https:\\\/\\\/secure.gravatar.com\\\/avatar\\\/6dfa6899b228d3621bbf2fb01332e7e4b7afc7cd1374760becdb163b7f5436dd?s=96&d=mm&r=g\",\"caption\":\"Jackeline Valle\"},\"description\":\"Reportera en Centro Urbano. Egresada de la Licenciatura en Comunicaci\u00f3n y Cultura por la Universidad Aut\u00f3noma de la Ciudad de M\u00e9xico (UACM). Interesada en cine y la cultura. Apasionada de los deportes electr\u00f3nicos y el desarrollo de medios audiovisuales.\",\"url\":\"https:\\\/\\\/centrourbano.com\\\/revista\\\/author\\\/jackeline-valle\\\/\"}]}<\/script>\n<!-- \/ Yoast SEO plugin. -->","yoast_head_json":{"title":"Crece inter\u00e9s de compra de vivienda en el Edomex","description":"El Edomex logr\u00f3 posicionarse en segundo lugar a nivel nacional en demanda digital de inmuebles con una participaci\u00f3n del 12%","robots":{"index":"index","follow":"follow","max-snippet":"max-snippet:-1","max-image-preview":"max-image-preview:large","max-video-preview":"max-video-preview:-1"},"canonical":"https:\/\/centrourbano.com\/revista\/vivienda\/crece-interes-de-compra-de-vivienda-en-el-edomex\/","og_locale":"es_ES","og_type":"article","og_title":"Crece inter\u00e9s de compra de vivienda en el Edomex","og_description":"El Edomex logr\u00f3 posicionarse en segundo lugar a nivel nacional en demanda digital de inmuebles con una participaci\u00f3n del 12%","og_url":"https:\/\/centrourbano.com\/revista\/vivienda\/crece-interes-de-compra-de-vivienda-en-el-edomex\/","og_site_name":"Centro Urbano","article_publisher":"https:\/\/www.facebook.com\/portalcentrourbano","article_published_time":"2022-06-09T13:42:40+00:00","article_modified_time":"2022-06-09T13:43:18+00:00","og_image":[{"width":672,"height":640,"url":"https:\/\/centrourbano.com\/revista\/wp-content\/uploads\/Crece-intere\u0301s-de-compra-de-vivienda-en-el-Edomex-e1654782192897.jpeg","type":"image\/jpeg"}],"author":"Jackeline Valle","twitter_card":"summary_large_image","twitter_creator":"@CentroUrbano","twitter_site":"@CentroUrbano","twitter_misc":{"Escrito por":"Jackeline Valle","Tiempo de lectura":"2 minutos"},"schema":{"@context":"https:\/\/schema.org","@graph":[{"@type":"Article","@id":"https:\/\/centrourbano.com\/revista\/vivienda\/crece-interes-de-compra-de-vivienda-en-el-edomex\/#article","isPartOf":{"@id":"https:\/\/centrourbano.com\/revista\/vivienda\/crece-interes-de-compra-de-vivienda-en-el-edomex\/"},"author":{"name":"Jackeline Valle","@id":"https:\/\/centrourbano.com\/revista\/#\/schema\/person\/910180bf1a924c1932a01f6032f5991a"},"headline":"Crece inter\u00e9s de compra de vivienda en el Edomex","datePublished":"2022-06-09T13:42:40+00:00","dateModified":"2022-06-09T13:43:18+00:00","mainEntityOfPage":{"@id":"https:\/\/centrourbano.com\/revista\/vivienda\/crece-interes-de-compra-de-vivienda-en-el-edomex\/"},"wordCount":365,"commentCount":0,"publisher":{"@id":"https:\/\/centrourbano.com\/revista\/#organization"},"image":{"@id":"https:\/\/centrourbano.com\/revista\/vivienda\/crece-interes-de-compra-de-vivienda-en-el-edomex\/#primaryimage"},"thumbnailUrl":"https:\/\/centrourbano.com\/revista\/wp-content\/uploads\/Crece-intere\u0301s-de-compra-de-vivienda-en-el-Edomex-e1654782192897.jpeg","keywords":["Casas nuevas","Edomex","venta de casas","Venta de departamentos","Venta de Vivienda Nueva"],"articleSection":["Inmobiliario","Vivienda"],"inLanguage":"es","potentialAction":[{"@type":"CommentAction","name":"Comment","target":["https:\/\/centrourbano.com\/revista\/vivienda\/crece-interes-de-compra-de-vivienda-en-el-edomex\/#respond"]}]},{"@type":"WebPage","@id":"https:\/\/centrourbano.com\/revista\/vivienda\/crece-interes-de-compra-de-vivienda-en-el-edomex\/","url":"https:\/\/centrourbano.com\/revista\/vivienda\/crece-interes-de-compra-de-vivienda-en-el-edomex\/","name":"Crece inter\u00e9s de compra de vivienda en el Edomex","isPartOf":{"@id":"https:\/\/centrourbano.com\/revista\/#website"},"primaryImageOfPage":{"@id":"https:\/\/centrourbano.com\/revista\/vivienda\/crece-interes-de-compra-de-vivienda-en-el-edomex\/#primaryimage"},"image":{"@id":"https:\/\/centrourbano.com\/revista\/vivienda\/crece-interes-de-compra-de-vivienda-en-el-edomex\/#primaryimage"},"thumbnailUrl":"https:\/\/centrourbano.com\/revista\/wp-content\/uploads\/Crece-intere\u0301s-de-compra-de-vivienda-en-el-Edomex-e1654782192897.jpeg","datePublished":"2022-06-09T13:42:40+00:00","dateModified":"2022-06-09T13:43:18+00:00","description":"El Edomex logr\u00f3 posicionarse en segundo lugar a nivel nacional en demanda digital de inmuebles con una participaci\u00f3n del 12%","breadcrumb":{"@id":"https:\/\/centrourbano.com\/revista\/vivienda\/crece-interes-de-compra-de-vivienda-en-el-edomex\/#breadcrumb"},"inLanguage":"es","potentialAction":[{"@type":"ReadAction","target":["https:\/\/centrourbano.com\/revista\/vivienda\/crece-interes-de-compra-de-vivienda-en-el-edomex\/"]}]},{"@type":"ImageObject","inLanguage":"es","@id":"https:\/\/centrourbano.com\/revista\/vivienda\/crece-interes-de-compra-de-vivienda-en-el-edomex\/#primaryimage","url":"https:\/\/centrourbano.com\/revista\/wp-content\/uploads\/Crece-intere\u0301s-de-compra-de-vivienda-en-el-Edomex-e1654782192897.jpeg","contentUrl":"https:\/\/centrourbano.com\/revista\/wp-content\/uploads\/Crece-intere\u0301s-de-compra-de-vivienda-en-el-Edomex-e1654782192897.jpeg","width":672,"height":640},{"@type":"BreadcrumbList","@id":"https:\/\/centrourbano.com\/revista\/vivienda\/crece-interes-de-compra-de-vivienda-en-el-edomex\/#breadcrumb","itemListElement":[{"@type":"ListItem","position":1,"name":"Portada","item":"https:\/\/centrourbano.com\/revista\/"},{"@type":"ListItem","position":2,"name":"Crece inter\u00e9s de compra de vivienda en el Edomex"}]},{"@type":"WebSite","@id":"https:\/\/centrourbano.com\/revista\/#website","url":"https:\/\/centrourbano.com\/revista\/","name":"Centro Urbano","description":"Medio especializado en los sectores vivienda, inmobiliario, construcci\u00f3n, arquitectura y urbanismo.","publisher":{"@id":"https:\/\/centrourbano.com\/revista\/#organization"},"potentialAction":[{"@type":"SearchAction","target":{"@type":"EntryPoint","urlTemplate":"https:\/\/centrourbano.com\/revista\/?s={search_term_string}"},"query-input":{"@type":"PropertyValueSpecification","valueRequired":true,"valueName":"search_term_string"}}],"inLanguage":"es"},{"@type":"Organization","@id":"https:\/\/centrourbano.com\/revista\/#organization","name":"Centro Urbano","url":"https:\/\/centrourbano.com\/revista\/","logo":{"@type":"ImageObject","inLanguage":"es","@id":"https:\/\/centrourbano.com\/revista\/#\/schema\/logo\/image\/","url":"https:\/\/centrourbano.com\/revista\/wp-content\/uploads\/web_CU_logo-1.png","contentUrl":"https:\/\/centrourbano.com\/revista\/wp-content\/uploads\/web_CU_logo-1.png","width":350,"height":91,"caption":"Centro Urbano"},"image":{"@id":"https:\/\/centrourbano.com\/revista\/#\/schema\/logo\/image\/"},"sameAs":["https:\/\/www.facebook.com\/portalcentrourbano","https:\/\/x.com\/CentroUrbano","https:\/\/www.instagram.com\/centro_urbano\/","https:\/\/www.linkedin.com\/company\/centro-urbano\/","http:\/\/www.youtube.com\/user\/portalcentrourbano"]},{"@type":"Person","@id":"https:\/\/centrourbano.com\/revista\/#\/schema\/person\/910180bf1a924c1932a01f6032f5991a","name":"Jackeline Valle","image":{"@type":"ImageObject","inLanguage":"es","@id":"https:\/\/secure.gravatar.com\/avatar\/6dfa6899b228d3621bbf2fb01332e7e4b7afc7cd1374760becdb163b7f5436dd?s=96&d=mm&r=g","url":"https:\/\/secure.gravatar.com\/avatar\/6dfa6899b228d3621bbf2fb01332e7e4b7afc7cd1374760becdb163b7f5436dd?s=96&d=mm&r=g","contentUrl":"https:\/\/secure.gravatar.com\/avatar\/6dfa6899b228d3621bbf2fb01332e7e4b7afc7cd1374760becdb163b7f5436dd?s=96&d=mm&r=g","caption":"Jackeline Valle"},"description":"Reportera en Centro Urbano. Egresada de la Licenciatura en Comunicaci\u00f3n y Cultura por la Universidad Aut\u00f3noma de la Ciudad de M\u00e9xico (UACM). Interesada en cine y la cultura. Apasionada de los deportes electr\u00f3nicos y el desarrollo de medios audiovisuales.","url":"https:\/\/centrourbano.com\/revista\/author\/jackeline-valle\/"}]}},"_links":{"self":[{"href":"https:\/\/centrourbano.com\/revista\/wp-json\/wp\/v2\/posts\/130983","targetHints":{"allow":["GET"]}}],"collection":[{"href":"https:\/\/centrourbano.com\/revista\/wp-json\/wp\/v2\/posts"}],"about":[{"href":"https:\/\/centrourbano.com\/revista\/wp-json\/wp\/v2\/types\/post"}],"author":[{"embeddable":true,"href":"https:\/\/centrourbano.com\/revista\/wp-json\/wp\/v2\/users\/80"}],"replies":[{"embeddable":true,"href":"https:\/\/centrourbano.com\/revista\/wp-json\/wp\/v2\/comments?post=130983"}],"version-history":[{"count":3,"href":"https:\/\/centrourbano.com\/revista\/wp-json\/wp\/v2\/posts\/130983\/revisions"}],"predecessor-version":[{"id":131013,"href":"https:\/\/centrourbano.com\/revista\/wp-json\/wp\/v2\/posts\/130983\/revisions\/131013"}],"wp:featuredmedia":[{"embeddable":true,"href":"https:\/\/centrourbano.com\/revista\/wp-json\/wp\/v2\/media\/131012"}],"wp:attachment":[{"href":"https:\/\/centrourbano.com\/revista\/wp-json\/wp\/v2\/media?parent=130983"}],"wp:term":[{"taxonomy":"category","embeddable":true,"href":"https:\/\/centrourbano.com\/revista\/wp-json\/wp\/v2\/categories?post=130983"},{"taxonomy":"post_tag","embeddable":true,"href":"https:\/\/centrourbano.com\/revista\/wp-json\/wp\/v2\/tags?post=130983"}],"curies":[{"name":"wp","href":"https:\/\/api.w.org\/{rel}","templated":true}]}}