{"id":130965,"date":"2022-06-07T15:33:07","date_gmt":"2022-06-07T20:33:07","guid":{"rendered":"https:\/\/centrourbano.com\/?p=130965"},"modified":"2022-06-07T17:03:42","modified_gmt":"2022-06-07T22:03:42","slug":"onu-habitat-concurso-fotografia","status":"publish","type":"post","link":"https:\/\/centrourbano.com\/revista\/urbanismo\/onu-habitat-concurso-fotografia\/","title":{"rendered":"Invita ONU-Habitat a participar en concurso de fotograf\u00eda"},"content":{"rendered":"<p><em>Las fotos seleccionadas se presentar\u00e1n en una exhibici\u00f3n durante el WUF11; as\u00ed como en las redes sociales y plataforma digital de ONU-Habitat<\/em><!--more--><\/p>\n<p>En el marco del <strong>XI Foro Urbano Mundial<\/strong> (<strong>WUF11<\/strong>), el programa de las Naciones Unidas para los asentamientos humanos, <strong>ONU-Habitat<\/strong>, convoca al concurso de fotograf\u00eda \u2018<strong>Barrios y comunidades inclusivas y vibrantes<\/strong>\u2019.<\/p>\n<p>La agencia indic\u00f3 que podr\u00e1n participar <strong>fot\u00f3grafos profesionales y aficionados<\/strong> de todo el mundo, con im\u00e1genes que documenten la capacidad transformadora de la <strong>regeneraci\u00f3n urbana<\/strong> para mejorar la calidad de vida; as\u00ed como la equidad espacial, la diversidad en los barrios, las comunidades y la ciudad en general.<\/p>\n<h2><strong>Categor\u00edas del concurso<\/strong><\/h2>\n<p><strong>ONU-Habitat<\/strong> explic\u00f3 que, de acuerdo al tema central del <strong>WUF11<\/strong>: <strong>Transformar nuestras ciudades para un mejor futuro urbano<\/strong>, el concurso se divide en dos categor\u00edas:<\/p>\n<ul>\n<li>Categor\u00eda 1: \u00c1rea urbana mejorada a trav\u00e9s de la regeneraci\u00f3n.<\/li>\n<li>Categor\u00eda 2: \u00c1rea urbana en declive y con necesidad de regeneraci\u00f3n.<\/li>\n<\/ul>\n<p>Para la <strong>primera categor\u00eda<\/strong>, la(s) fotograf\u00eda(s) debe(n) representar un lugar que se ha beneficiado positivamente de un proceso de regeneraci\u00f3n urbana; y debe(n) simbolizar sus ventajas interrelacionadas (sociales, ambientales, f\u00edsicas y econ\u00f3micas), a trav\u00e9s de:<\/p>\n<ul>\n<li>La diversidad social (g\u00e9nero, edad, etnia, etc.)<\/li>\n<li>Presencia y valor ecol\u00f3gico<\/li>\n<li>Calidad de la infraestructura urbana<\/li>\n<li>Actividad econ\u00f3mica.<\/li>\n<\/ul>\n<p>Por otro lado, en la <strong>categor\u00eda 2<\/strong>, la(s) foto(s) debe(n) representar un espacio mal utilizado o subutilizado que podr\u00eda beneficiarse con la regeneraci\u00f3n urbana. La ubicaci\u00f3n podr\u00eda ser la misma que una foto enviada de Categor\u00eda 1, antes de las intervenciones de regeneraci\u00f3n urbana.<\/p>\n<h2><strong>C\u00f3mo participar<\/strong><\/h2>\n<p>Los participantes podr\u00e1n enviar un <strong>m\u00e1ximo de cuatro fotos<\/strong>; sin embargo, participar\u00e1n en la competencia solo las dos primeras.<\/p>\n<p>Dichas im\u00e1genes se deben enviar junto con un <a href=\"https:\/\/onuhabitat.org.mx\/images\/WUF11\/formulario-concurso-de-fotografia-wuf-11.pdf\" target=\"_blank\" rel=\"noopener\"><strong>formulario<\/strong> <\/a>que incluya la descripci\u00f3n de la foto en no m\u00e1s de 150 palabras al correo <a href=\"mailto:flagshiprogramme1@gmail.com\">flagshiprogramme1@gmail.com<\/a>.<\/p>\n<p><strong>ONU-Habitat<\/strong> precis\u00f3 que en el asunto del correo electr\u00f3nico se debe poner \u2018<strong>Vecindarios y comunidades inclusivos y vibrantes<\/strong>\u2019. En tanto, el t\u00edtulo de las fotograf\u00edas debe contener la Categor\u00eda (1, 2) y el nombre del lugar y ciudad donde fue tomada; por ejemplo: 1_TimesSquare_NYC.jpeg.<\/p>\n<h2><strong>Fechas importantes<\/strong><\/h2>\n<ul>\n<li><strong>Lanzamiento de la convocatoria<\/strong>: 2 de junio de 2022<\/li>\n<li><strong>Fecha l\u00edmite de env\u00edo de fotos<\/strong>: 19 de junio de 2022<\/li>\n<li><strong>Anuncio de im\u00e1genes ganadoras y seleccionadas para la exposici\u00f3n<\/strong>: 24 de junio de 2022<\/li>\n<\/ul>\n<p>Los ganadores del concurso recibir\u00e1n como premio un certificado digital otorgado por los socios organizadores.<\/p>\n<p>Adem\u00e1s, todas las fotos seleccionadas se presentar\u00e1n en una exhibici\u00f3n durante el <strong>WUF11<\/strong>; as\u00ed como en las redes sociales y plataforma digital de <strong>ONU-Habitat<\/strong>. Asimismo, podr\u00e1n aparecer en futuras publicaciones y los autores recibir\u00e1n un reconocimiento completo en la publicaci\u00f3n.<\/p>\n","protected":false},"excerpt":{"rendered":"<p>Las fotos seleccionadas se presentar\u00e1n en una exhibici\u00f3n durante el WUF11; as\u00ed como en las redes sociales y plataforma digital de ONU-Habitat<\/p>\n","protected":false},"author":73,"featured_media":130966,"comment_status":"open","ping_status":"closed","sticky":false,"template":"","format":"standard","meta":{"om_disable_all_campaigns":false,"inline_featured_image":false,"_monsterinsights_skip_tracking":false,"_monsterinsights_sitenote_active":false,"_monsterinsights_sitenote_note":"","_monsterinsights_sitenote_category":0,"footnotes":""},"categories":[10612,82],"tags":[1468,956,672,2653,384,20487],"class_list":["post-130965","post","type-post","status-publish","format-standard","has-post-thumbnail","hentry","category-convocatorias","category-urbanismo","tag-concurso","tag-convocatoria","tag-fotografia","tag-onu-habitat","tag-regeneracion-urbana","tag-wuf11"],"yoast_head":"<!-- This site is optimized with the Yoast SEO plugin v27.5 - https:\/\/yoast.com\/product\/yoast-seo-wordpress\/ -->\n<title>ONU-Habitat invita a participar en concurso de fotograf\u00eda<\/title>\n<meta name=\"description\" content=\"Las fotos seleccionadas se presentar\u00e1n en una exhibici\u00f3n durante el WUF11; as\u00ed como en las redes sociales y plataforma digital de ONU-Habitat\" \/>\n<meta name=\"robots\" content=\"index, follow, max-snippet:-1, max-image-preview:large, max-video-preview:-1\" \/>\n<link rel=\"canonical\" href=\"https:\/\/centrourbano.com\/revista\/urbanismo\/onu-habitat-concurso-fotografia\/\" \/>\n<meta property=\"og:locale\" content=\"es_ES\" \/>\n<meta property=\"og:type\" content=\"article\" \/>\n<meta property=\"og:title\" content=\"ONU-Habitat invita a participar en concurso de fotograf\u00eda\" \/>\n<meta property=\"og:description\" content=\"Las fotos seleccionadas se presentar\u00e1n en una exhibici\u00f3n durante el WUF11; as\u00ed como en las redes sociales y plataforma digital de ONU-Habitat\" \/>\n<meta property=\"og:url\" content=\"https:\/\/centrourbano.com\/revista\/urbanismo\/onu-habitat-concurso-fotografia\/\" \/>\n<meta property=\"og:site_name\" content=\"Centro Urbano\" \/>\n<meta property=\"article:publisher\" content=\"https:\/\/www.facebook.com\/portalcentrourbano\" \/>\n<meta property=\"article:published_time\" content=\"2022-06-07T20:33:07+00:00\" \/>\n<meta property=\"article:modified_time\" content=\"2022-06-07T22:03:42+00:00\" \/>\n<meta property=\"og:image\" content=\"https:\/\/centrourbano.com\/revista\/wp-content\/uploads\/ONU-Habitat-invita-a-participar-en-concurso-de-fotografia.jpg\" \/>\n\t<meta property=\"og:image:width\" content=\"450\" \/>\n\t<meta property=\"og:image:height\" content=\"450\" \/>\n\t<meta property=\"og:image:type\" content=\"image\/jpeg\" \/>\n<meta name=\"author\" content=\"Fernanda Hern\u00e1ndez\" \/>\n<meta name=\"twitter:card\" content=\"summary_large_image\" \/>\n<meta name=\"twitter:creator\" content=\"@https:\/\/twitter.com\/Nannz_Hernandez\" \/>\n<meta name=\"twitter:site\" content=\"@CentroUrbano\" \/>\n<meta name=\"twitter:label1\" content=\"Escrito por\" \/>\n\t<meta name=\"twitter:data1\" content=\"Fernanda Hern\u00e1ndez\" \/>\n\t<meta name=\"twitter:label2\" content=\"Tiempo de lectura\" \/>\n\t<meta name=\"twitter:data2\" content=\"2 minutos\" \/>\n<script type=\"application\/ld+json\" class=\"yoast-schema-graph\">{\"@context\":\"https:\\\/\\\/schema.org\",\"@graph\":[{\"@type\":\"Article\",\"@id\":\"https:\\\/\\\/centrourbano.com\\\/revista\\\/urbanismo\\\/onu-habitat-concurso-fotografia\\\/#article\",\"isPartOf\":{\"@id\":\"https:\\\/\\\/centrourbano.com\\\/revista\\\/urbanismo\\\/onu-habitat-concurso-fotografia\\\/\"},\"author\":{\"name\":\"Fernanda Hern\u00e1ndez\",\"@id\":\"https:\\\/\\\/centrourbano.com\\\/revista\\\/#\\\/schema\\\/person\\\/b190b20bbbceb41ec72278c546fa8df3\"},\"headline\":\"Invita ONU-Habitat a participar en concurso de fotograf\u00eda\",\"datePublished\":\"2022-06-07T20:33:07+00:00\",\"dateModified\":\"2022-06-07T22:03:42+00:00\",\"mainEntityOfPage\":{\"@id\":\"https:\\\/\\\/centrourbano.com\\\/revista\\\/urbanismo\\\/onu-habitat-concurso-fotografia\\\/\"},\"wordCount\":487,\"commentCount\":0,\"publisher\":{\"@id\":\"https:\\\/\\\/centrourbano.com\\\/revista\\\/#organization\"},\"image\":{\"@id\":\"https:\\\/\\\/centrourbano.com\\\/revista\\\/urbanismo\\\/onu-habitat-concurso-fotografia\\\/#primaryimage\"},\"thumbnailUrl\":\"https:\\\/\\\/centrourbano.com\\\/revista\\\/wp-content\\\/uploads\\\/ONU-Habitat-invita-a-participar-en-concurso-de-fotografia.jpg\",\"keywords\":[\"Concurso\",\"Convocatoria\",\"fotograf\u00eda\",\"ONU-Habitat\",\"Regeneraci\u00f3n urbana\",\"WUF11\"],\"articleSection\":[\"Convocatorias\",\"Urbanismo\"],\"inLanguage\":\"es\",\"potentialAction\":[{\"@type\":\"CommentAction\",\"name\":\"Comment\",\"target\":[\"https:\\\/\\\/centrourbano.com\\\/revista\\\/urbanismo\\\/onu-habitat-concurso-fotografia\\\/#respond\"]}]},{\"@type\":\"WebPage\",\"@id\":\"https:\\\/\\\/centrourbano.com\\\/revista\\\/urbanismo\\\/onu-habitat-concurso-fotografia\\\/\",\"url\":\"https:\\\/\\\/centrourbano.com\\\/revista\\\/urbanismo\\\/onu-habitat-concurso-fotografia\\\/\",\"name\":\"ONU-Habitat invita a participar en concurso de fotograf\u00eda\",\"isPartOf\":{\"@id\":\"https:\\\/\\\/centrourbano.com\\\/revista\\\/#website\"},\"primaryImageOfPage\":{\"@id\":\"https:\\\/\\\/centrourbano.com\\\/revista\\\/urbanismo\\\/onu-habitat-concurso-fotografia\\\/#primaryimage\"},\"image\":{\"@id\":\"https:\\\/\\\/centrourbano.com\\\/revista\\\/urbanismo\\\/onu-habitat-concurso-fotografia\\\/#primaryimage\"},\"thumbnailUrl\":\"https:\\\/\\\/centrourbano.com\\\/revista\\\/wp-content\\\/uploads\\\/ONU-Habitat-invita-a-participar-en-concurso-de-fotografia.jpg\",\"datePublished\":\"2022-06-07T20:33:07+00:00\",\"dateModified\":\"2022-06-07T22:03:42+00:00\",\"description\":\"Las fotos seleccionadas se presentar\u00e1n en una exhibici\u00f3n durante el WUF11; as\u00ed como en las redes sociales y plataforma digital de ONU-Habitat\",\"breadcrumb\":{\"@id\":\"https:\\\/\\\/centrourbano.com\\\/revista\\\/urbanismo\\\/onu-habitat-concurso-fotografia\\\/#breadcrumb\"},\"inLanguage\":\"es\",\"potentialAction\":[{\"@type\":\"ReadAction\",\"target\":[\"https:\\\/\\\/centrourbano.com\\\/revista\\\/urbanismo\\\/onu-habitat-concurso-fotografia\\\/\"]}]},{\"@type\":\"ImageObject\",\"inLanguage\":\"es\",\"@id\":\"https:\\\/\\\/centrourbano.com\\\/revista\\\/urbanismo\\\/onu-habitat-concurso-fotografia\\\/#primaryimage\",\"url\":\"https:\\\/\\\/centrourbano.com\\\/revista\\\/wp-content\\\/uploads\\\/ONU-Habitat-invita-a-participar-en-concurso-de-fotografia.jpg\",\"contentUrl\":\"https:\\\/\\\/centrourbano.com\\\/revista\\\/wp-content\\\/uploads\\\/ONU-Habitat-invita-a-participar-en-concurso-de-fotografia.jpg\",\"width\":450,\"height\":450,\"caption\":\"Las fotos seleccionadas se presentar\u00e1n en una exhibici\u00f3n durante el WUF11; as\u00ed como en las redes sociales y plataforma digital de ONU-Habitat\"},{\"@type\":\"BreadcrumbList\",\"@id\":\"https:\\\/\\\/centrourbano.com\\\/revista\\\/urbanismo\\\/onu-habitat-concurso-fotografia\\\/#breadcrumb\",\"itemListElement\":[{\"@type\":\"ListItem\",\"position\":1,\"name\":\"Portada\",\"item\":\"https:\\\/\\\/centrourbano.com\\\/revista\\\/\"},{\"@type\":\"ListItem\",\"position\":2,\"name\":\"Invita ONU-Habitat a participar en concurso de fotograf\u00eda\"}]},{\"@type\":\"WebSite\",\"@id\":\"https:\\\/\\\/centrourbano.com\\\/revista\\\/#website\",\"url\":\"https:\\\/\\\/centrourbano.com\\\/revista\\\/\",\"name\":\"Centro Urbano\",\"description\":\"Medio especializado en los sectores vivienda, inmobiliario, construcci\u00f3n, arquitectura y urbanismo.\",\"publisher\":{\"@id\":\"https:\\\/\\\/centrourbano.com\\\/revista\\\/#organization\"},\"potentialAction\":[{\"@type\":\"SearchAction\",\"target\":{\"@type\":\"EntryPoint\",\"urlTemplate\":\"https:\\\/\\\/centrourbano.com\\\/revista\\\/?s={search_term_string}\"},\"query-input\":{\"@type\":\"PropertyValueSpecification\",\"valueRequired\":true,\"valueName\":\"search_term_string\"}}],\"inLanguage\":\"es\"},{\"@type\":\"Organization\",\"@id\":\"https:\\\/\\\/centrourbano.com\\\/revista\\\/#organization\",\"name\":\"Centro Urbano\",\"url\":\"https:\\\/\\\/centrourbano.com\\\/revista\\\/\",\"logo\":{\"@type\":\"ImageObject\",\"inLanguage\":\"es\",\"@id\":\"https:\\\/\\\/centrourbano.com\\\/revista\\\/#\\\/schema\\\/logo\\\/image\\\/\",\"url\":\"https:\\\/\\\/centrourbano.com\\\/revista\\\/wp-content\\\/uploads\\\/web_CU_logo-1.png\",\"contentUrl\":\"https:\\\/\\\/centrourbano.com\\\/revista\\\/wp-content\\\/uploads\\\/web_CU_logo-1.png\",\"width\":350,\"height\":91,\"caption\":\"Centro Urbano\"},\"image\":{\"@id\":\"https:\\\/\\\/centrourbano.com\\\/revista\\\/#\\\/schema\\\/logo\\\/image\\\/\"},\"sameAs\":[\"https:\\\/\\\/www.facebook.com\\\/portalcentrourbano\",\"https:\\\/\\\/x.com\\\/CentroUrbano\",\"https:\\\/\\\/www.instagram.com\\\/centro_urbano\\\/\",\"https:\\\/\\\/www.linkedin.com\\\/company\\\/centro-urbano\\\/\",\"http:\\\/\\\/www.youtube.com\\\/user\\\/portalcentrourbano\"]},{\"@type\":\"Person\",\"@id\":\"https:\\\/\\\/centrourbano.com\\\/revista\\\/#\\\/schema\\\/person\\\/b190b20bbbceb41ec72278c546fa8df3\",\"name\":\"Fernanda Hern\u00e1ndez\",\"image\":{\"@type\":\"ImageObject\",\"inLanguage\":\"es\",\"@id\":\"https:\\\/\\\/secure.gravatar.com\\\/avatar\\\/9471831fb0a24eae9d32d826a7cb8ef07c34a41520aca1a0ab1f5c0903ba49b9?s=96&d=mm&r=g\",\"url\":\"https:\\\/\\\/secure.gravatar.com\\\/avatar\\\/9471831fb0a24eae9d32d826a7cb8ef07c34a41520aca1a0ab1f5c0903ba49b9?s=96&d=mm&r=g\",\"contentUrl\":\"https:\\\/\\\/secure.gravatar.com\\\/avatar\\\/9471831fb0a24eae9d32d826a7cb8ef07c34a41520aca1a0ab1f5c0903ba49b9?s=96&d=mm&r=g\",\"caption\":\"Fernanda Hern\u00e1ndez\"},\"description\":\"Reportera y redactora en Centro Urbano. Soy egresada de la licenciatura en Ciencias de la Comunicaci\u00f3n de la Facultad de Ciencias Pol\u00edticas y Sociales (UNAM). Me interesa la cultura, el urbanismo y la arquitectura. Amante del mundo digital, el cine, la m\u00fasica, la lectura y la escritura.\",\"sameAs\":[\"https:\\\/\\\/x.com\\\/https:\\\/\\\/twitter.com\\\/Nannz_Hernandez\"],\"url\":\"https:\\\/\\\/centrourbano.com\\\/revista\\\/author\\\/fernanda-hernandez\\\/\"}]}<\/script>\n<!-- \/ Yoast SEO plugin. -->","yoast_head_json":{"title":"ONU-Habitat invita a participar en concurso de fotograf\u00eda","description":"Las fotos seleccionadas se presentar\u00e1n en una exhibici\u00f3n durante el WUF11; as\u00ed como en las redes sociales y plataforma digital de ONU-Habitat","robots":{"index":"index","follow":"follow","max-snippet":"max-snippet:-1","max-image-preview":"max-image-preview:large","max-video-preview":"max-video-preview:-1"},"canonical":"https:\/\/centrourbano.com\/revista\/urbanismo\/onu-habitat-concurso-fotografia\/","og_locale":"es_ES","og_type":"article","og_title":"ONU-Habitat invita a participar en concurso de fotograf\u00eda","og_description":"Las fotos seleccionadas se presentar\u00e1n en una exhibici\u00f3n durante el WUF11; as\u00ed como en las redes sociales y plataforma digital de ONU-Habitat","og_url":"https:\/\/centrourbano.com\/revista\/urbanismo\/onu-habitat-concurso-fotografia\/","og_site_name":"Centro Urbano","article_publisher":"https:\/\/www.facebook.com\/portalcentrourbano","article_published_time":"2022-06-07T20:33:07+00:00","article_modified_time":"2022-06-07T22:03:42+00:00","og_image":[{"width":450,"height":450,"url":"https:\/\/centrourbano.com\/revista\/wp-content\/uploads\/ONU-Habitat-invita-a-participar-en-concurso-de-fotografia.jpg","type":"image\/jpeg"}],"author":"Fernanda Hern\u00e1ndez","twitter_card":"summary_large_image","twitter_creator":"@https:\/\/twitter.com\/Nannz_Hernandez","twitter_site":"@CentroUrbano","twitter_misc":{"Escrito por":"Fernanda Hern\u00e1ndez","Tiempo de lectura":"2 minutos"},"schema":{"@context":"https:\/\/schema.org","@graph":[{"@type":"Article","@id":"https:\/\/centrourbano.com\/revista\/urbanismo\/onu-habitat-concurso-fotografia\/#article","isPartOf":{"@id":"https:\/\/centrourbano.com\/revista\/urbanismo\/onu-habitat-concurso-fotografia\/"},"author":{"name":"Fernanda Hern\u00e1ndez","@id":"https:\/\/centrourbano.com\/revista\/#\/schema\/person\/b190b20bbbceb41ec72278c546fa8df3"},"headline":"Invita ONU-Habitat a participar en concurso de fotograf\u00eda","datePublished":"2022-06-07T20:33:07+00:00","dateModified":"2022-06-07T22:03:42+00:00","mainEntityOfPage":{"@id":"https:\/\/centrourbano.com\/revista\/urbanismo\/onu-habitat-concurso-fotografia\/"},"wordCount":487,"commentCount":0,"publisher":{"@id":"https:\/\/centrourbano.com\/revista\/#organization"},"image":{"@id":"https:\/\/centrourbano.com\/revista\/urbanismo\/onu-habitat-concurso-fotografia\/#primaryimage"},"thumbnailUrl":"https:\/\/centrourbano.com\/revista\/wp-content\/uploads\/ONU-Habitat-invita-a-participar-en-concurso-de-fotografia.jpg","keywords":["Concurso","Convocatoria","fotograf\u00eda","ONU-Habitat","Regeneraci\u00f3n urbana","WUF11"],"articleSection":["Convocatorias","Urbanismo"],"inLanguage":"es","potentialAction":[{"@type":"CommentAction","name":"Comment","target":["https:\/\/centrourbano.com\/revista\/urbanismo\/onu-habitat-concurso-fotografia\/#respond"]}]},{"@type":"WebPage","@id":"https:\/\/centrourbano.com\/revista\/urbanismo\/onu-habitat-concurso-fotografia\/","url":"https:\/\/centrourbano.com\/revista\/urbanismo\/onu-habitat-concurso-fotografia\/","name":"ONU-Habitat invita a participar en concurso de fotograf\u00eda","isPartOf":{"@id":"https:\/\/centrourbano.com\/revista\/#website"},"primaryImageOfPage":{"@id":"https:\/\/centrourbano.com\/revista\/urbanismo\/onu-habitat-concurso-fotografia\/#primaryimage"},"image":{"@id":"https:\/\/centrourbano.com\/revista\/urbanismo\/onu-habitat-concurso-fotografia\/#primaryimage"},"thumbnailUrl":"https:\/\/centrourbano.com\/revista\/wp-content\/uploads\/ONU-Habitat-invita-a-participar-en-concurso-de-fotografia.jpg","datePublished":"2022-06-07T20:33:07+00:00","dateModified":"2022-06-07T22:03:42+00:00","description":"Las fotos seleccionadas se presentar\u00e1n en una exhibici\u00f3n durante el WUF11; as\u00ed como en las redes sociales y plataforma digital de ONU-Habitat","breadcrumb":{"@id":"https:\/\/centrourbano.com\/revista\/urbanismo\/onu-habitat-concurso-fotografia\/#breadcrumb"},"inLanguage":"es","potentialAction":[{"@type":"ReadAction","target":["https:\/\/centrourbano.com\/revista\/urbanismo\/onu-habitat-concurso-fotografia\/"]}]},{"@type":"ImageObject","inLanguage":"es","@id":"https:\/\/centrourbano.com\/revista\/urbanismo\/onu-habitat-concurso-fotografia\/#primaryimage","url":"https:\/\/centrourbano.com\/revista\/wp-content\/uploads\/ONU-Habitat-invita-a-participar-en-concurso-de-fotografia.jpg","contentUrl":"https:\/\/centrourbano.com\/revista\/wp-content\/uploads\/ONU-Habitat-invita-a-participar-en-concurso-de-fotografia.jpg","width":450,"height":450,"caption":"Las fotos seleccionadas se presentar\u00e1n en una exhibici\u00f3n durante el WUF11; as\u00ed como en las redes sociales y plataforma digital de ONU-Habitat"},{"@type":"BreadcrumbList","@id":"https:\/\/centrourbano.com\/revista\/urbanismo\/onu-habitat-concurso-fotografia\/#breadcrumb","itemListElement":[{"@type":"ListItem","position":1,"name":"Portada","item":"https:\/\/centrourbano.com\/revista\/"},{"@type":"ListItem","position":2,"name":"Invita ONU-Habitat a participar en concurso de fotograf\u00eda"}]},{"@type":"WebSite","@id":"https:\/\/centrourbano.com\/revista\/#website","url":"https:\/\/centrourbano.com\/revista\/","name":"Centro Urbano","description":"Medio especializado en los sectores vivienda, inmobiliario, construcci\u00f3n, arquitectura y urbanismo.","publisher":{"@id":"https:\/\/centrourbano.com\/revista\/#organization"},"potentialAction":[{"@type":"SearchAction","target":{"@type":"EntryPoint","urlTemplate":"https:\/\/centrourbano.com\/revista\/?s={search_term_string}"},"query-input":{"@type":"PropertyValueSpecification","valueRequired":true,"valueName":"search_term_string"}}],"inLanguage":"es"},{"@type":"Organization","@id":"https:\/\/centrourbano.com\/revista\/#organization","name":"Centro Urbano","url":"https:\/\/centrourbano.com\/revista\/","logo":{"@type":"ImageObject","inLanguage":"es","@id":"https:\/\/centrourbano.com\/revista\/#\/schema\/logo\/image\/","url":"https:\/\/centrourbano.com\/revista\/wp-content\/uploads\/web_CU_logo-1.png","contentUrl":"https:\/\/centrourbano.com\/revista\/wp-content\/uploads\/web_CU_logo-1.png","width":350,"height":91,"caption":"Centro Urbano"},"image":{"@id":"https:\/\/centrourbano.com\/revista\/#\/schema\/logo\/image\/"},"sameAs":["https:\/\/www.facebook.com\/portalcentrourbano","https:\/\/x.com\/CentroUrbano","https:\/\/www.instagram.com\/centro_urbano\/","https:\/\/www.linkedin.com\/company\/centro-urbano\/","http:\/\/www.youtube.com\/user\/portalcentrourbano"]},{"@type":"Person","@id":"https:\/\/centrourbano.com\/revista\/#\/schema\/person\/b190b20bbbceb41ec72278c546fa8df3","name":"Fernanda Hern\u00e1ndez","image":{"@type":"ImageObject","inLanguage":"es","@id":"https:\/\/secure.gravatar.com\/avatar\/9471831fb0a24eae9d32d826a7cb8ef07c34a41520aca1a0ab1f5c0903ba49b9?s=96&d=mm&r=g","url":"https:\/\/secure.gravatar.com\/avatar\/9471831fb0a24eae9d32d826a7cb8ef07c34a41520aca1a0ab1f5c0903ba49b9?s=96&d=mm&r=g","contentUrl":"https:\/\/secure.gravatar.com\/avatar\/9471831fb0a24eae9d32d826a7cb8ef07c34a41520aca1a0ab1f5c0903ba49b9?s=96&d=mm&r=g","caption":"Fernanda Hern\u00e1ndez"},"description":"Reportera y redactora en Centro Urbano. Soy egresada de la licenciatura en Ciencias de la Comunicaci\u00f3n de la Facultad de Ciencias Pol\u00edticas y Sociales (UNAM). Me interesa la cultura, el urbanismo y la arquitectura. Amante del mundo digital, el cine, la m\u00fasica, la lectura y la escritura.","sameAs":["https:\/\/x.com\/https:\/\/twitter.com\/Nannz_Hernandez"],"url":"https:\/\/centrourbano.com\/revista\/author\/fernanda-hernandez\/"}]}},"_links":{"self":[{"href":"https:\/\/centrourbano.com\/revista\/wp-json\/wp\/v2\/posts\/130965","targetHints":{"allow":["GET"]}}],"collection":[{"href":"https:\/\/centrourbano.com\/revista\/wp-json\/wp\/v2\/posts"}],"about":[{"href":"https:\/\/centrourbano.com\/revista\/wp-json\/wp\/v2\/types\/post"}],"author":[{"embeddable":true,"href":"https:\/\/centrourbano.com\/revista\/wp-json\/wp\/v2\/users\/73"}],"replies":[{"embeddable":true,"href":"https:\/\/centrourbano.com\/revista\/wp-json\/wp\/v2\/comments?post=130965"}],"version-history":[{"count":1,"href":"https:\/\/centrourbano.com\/revista\/wp-json\/wp\/v2\/posts\/130965\/revisions"}],"predecessor-version":[{"id":130967,"href":"https:\/\/centrourbano.com\/revista\/wp-json\/wp\/v2\/posts\/130965\/revisions\/130967"}],"wp:featuredmedia":[{"embeddable":true,"href":"https:\/\/centrourbano.com\/revista\/wp-json\/wp\/v2\/media\/130966"}],"wp:attachment":[{"href":"https:\/\/centrourbano.com\/revista\/wp-json\/wp\/v2\/media?parent=130965"}],"wp:term":[{"taxonomy":"category","embeddable":true,"href":"https:\/\/centrourbano.com\/revista\/wp-json\/wp\/v2\/categories?post=130965"},{"taxonomy":"post_tag","embeddable":true,"href":"https:\/\/centrourbano.com\/revista\/wp-json\/wp\/v2\/tags?post=130965"}],"curies":[{"name":"wp","href":"https:\/\/api.w.org\/{rel}","templated":true}]}}