{"id":13084,"date":"2014-12-01T12:52:48","date_gmt":"2014-12-01T18:52:48","guid":{"rendered":"http:\/\/centrourbano.com\/?p=13084"},"modified":"2014-12-01T17:51:39","modified_gmt":"2014-12-01T23:51:39","slug":"se-embellece-paseo-de-la-reforma-con-250-mil-ejemplares-de-nochebuena-agu","status":"publish","type":"post","link":"https:\/\/centrourbano.com\/revista\/saladeprensa\/se-embellece-paseo-de-la-reforma-con-250-mil-ejemplares-de-nochebuena-agu\/","title":{"rendered":"Se embellece Paseo de la Reforma con 250 mil ejemplares de Nochebuena: AGU"},"content":{"rendered":"<p>&nbsp;<\/p>\n<p><em>Como parte del ambiente y actividades que se desarrollan durante las fiestas decembrinas en la Ciudad de M\u00e9xico, el Gobierno capitalino inici\u00f3 la plantaci\u00f3n de aproximadamente 250 mil ejemplares de Nochebuena en Paseo de la Reforma.<\/em><!--more--><\/p>\n<p>&nbsp;<\/p>\n<p>La Agencia de Gesti\u00f3n Urbana (AGU) de la Ciudad de M\u00e9xico precisa que dicha actividad la realizan empresarios del Centro Comercial Santa Fe como parte del programa de mantenimiento de \u00e1reas verdes y\/o rehabilitaci\u00f3n de banquetas por parte de particulares, a cambio de un descuento en su impuesto predial.<\/p>\n<p>&nbsp;<\/p>\n<p>Tras retirar el cempas\u00fachil y preparar el terreno, se tapizar\u00e1 de Nochebuenas el tramo comprendido de Lieja a la Fuente de Petr\u00f3leos, en Perif\u00e9rico.<\/p>\n<p>&nbsp;<\/p>\n<p>A trav\u00e9s de esta modalidad se atienden poco m\u00e1s de 43 mil metros cuadrados de Paseo de Reforma, 22 mil 400 con planta estacional y 21 mil con trabajos de poda de pasto y seto, as\u00ed como limpieza y barrido.<\/p>\n<p>&nbsp;<\/p>\n<p>La Secretar\u00eda de Obras y Servicios (Sobse) supervisa que se cumplan los compromisos acordados en la \u201cCarta-Compromiso\u201d que firmaron los adoptantes, para luego extender la constancia que acredita la realizaci\u00f3n de dichos trabajos.<\/p>\n<p>&nbsp;<\/p>\n<p>De acuerdo a lo previsto en el art\u00edculo 291 Bis del C\u00f3digo Fiscal y al cumplimiento de los lineamientos establecidos por la Secretar\u00eda de Finanzas (Sefin), publicados en la Gaceta Oficial el 26 de marzo del presente a\u00f1o, los adoptantes que atienden esta importante arteria recibir\u00e1n beneficios fiscales.<\/p>\n<p>&nbsp;<\/p>\n<p>Cabe destacar que dicha alternativa fiscal es una forma democr\u00e1tica de utilizar los impuestos, ya que la gente decide que el dinero que paga por su predial se invierta en donde vive o trabaja, o en alguna zona relevante de la ciudad.<\/p>\n<p>&nbsp;<\/p>\n<p>La AGU, a trav\u00e9s de los medios de atenci\u00f3n del 072, recibe las solicitudes y atiende dudas de las personas interesadas en darle mantenimiento a las \u00e1reas verdes o banquetas aleda\u00f1as a su propiedad que mejorar\u00e1n su entorno.<\/p>\n<p>&nbsp;<\/p>\n<p>Entre los diversos medios de recepci\u00f3n, destacan redes sociales: Tuiter @AGUCDMX, @@072CDMX y @072AvialCDMX;\u00a0\u00a0Pinterest: AGUDF; Facebook AgenciaDeGestionUrbana, 072GDF y 072Avial; Google + Agu DF; la oficina de atenci\u00f3n personalizada; el correo electr\u00f3nico\u00a0<a href=\"mailto:072@df.gob.mx\">072@df.gob.mx<\/a>; as\u00ed como la APP AGUM\u00f3vil.<\/p>\n","protected":false},"excerpt":{"rendered":"<p>&nbsp; Como parte del ambiente y actividades que se desarrollan durante las fiestas decembrinas en la Ciudad de M\u00e9xico, el Gobierno capitalino inici\u00f3 la plantaci\u00f3n de aproximadamente 250 mil ejemplares de Nochebuena en Paseo de la Reforma.<\/p>\n","protected":false},"author":14,"featured_media":0,"comment_status":"open","ping_status":"closed","sticky":false,"template":"","format":"standard","meta":{"om_disable_all_campaigns":false,"inline_featured_image":false,"_monsterinsights_skip_tracking":false,"_monsterinsights_sitenote_active":false,"_monsterinsights_sitenote_note":"","_monsterinsights_sitenote_category":0,"footnotes":""},"categories":[7],"tags":[3797,689],"class_list":["post-13084","post","type-post","status-publish","format-standard","hentry","category-saladeprensa","tag-nochebuenas","tag-paseo-de-la-reforma"],"yoast_head":"<!-- This site is optimized with the Yoast SEO plugin v27.4 - https:\/\/yoast.com\/product\/yoast-seo-wordpress\/ -->\n<title>Se embellece Paseo de la Reforma con 250 mil ejemplares de Nochebuena: AGU -<\/title>\n<meta name=\"description\" content=\"&nbsp; Como parte del ambiente y actividades que se desarrollan durante las fiestas decembrinas en la Ciudad de M\u00e9xico, el Gobierno capitalino inici\u00f3 la\" \/>\n<meta name=\"robots\" content=\"index, follow, max-snippet:-1, max-image-preview:large, max-video-preview:-1\" \/>\n<link rel=\"canonical\" href=\"https:\/\/centrourbano.com\/revista\/saladeprensa\/se-embellece-paseo-de-la-reforma-con-250-mil-ejemplares-de-nochebuena-agu\/\" \/>\n<meta property=\"og:locale\" content=\"es_ES\" \/>\n<meta property=\"og:type\" content=\"article\" \/>\n<meta property=\"og:title\" content=\"Se embellece Paseo de la Reforma con 250 mil ejemplares de Nochebuena: AGU -\" \/>\n<meta property=\"og:description\" content=\"&nbsp; Como parte del ambiente y actividades que se desarrollan durante las fiestas decembrinas en la Ciudad de M\u00e9xico, el Gobierno capitalino inici\u00f3 la\" \/>\n<meta property=\"og:url\" content=\"https:\/\/centrourbano.com\/revista\/saladeprensa\/se-embellece-paseo-de-la-reforma-con-250-mil-ejemplares-de-nochebuena-agu\/\" \/>\n<meta property=\"og:site_name\" content=\"Centro Urbano\" \/>\n<meta property=\"article:publisher\" content=\"https:\/\/www.facebook.com\/portalcentrourbano\" \/>\n<meta property=\"article:published_time\" content=\"2014-12-01T18:52:48+00:00\" \/>\n<meta property=\"article:modified_time\" content=\"2014-12-01T23:51:39+00:00\" \/>\n<meta property=\"og:image\" content=\"https:\/\/centrourbano.com\/revista\/wp-content\/uploads\/CU-logo.png\" \/>\n\t<meta property=\"og:image:width\" content=\"350\" \/>\n\t<meta property=\"og:image:height\" content=\"91\" \/>\n\t<meta property=\"og:image:type\" content=\"image\/png\" \/>\n<meta name=\"author\" content=\"Redacci\u00f3n Centro Urbano\" \/>\n<meta name=\"twitter:card\" content=\"summary_large_image\" \/>\n<meta name=\"twitter:creator\" content=\"@CentroUrbano\" \/>\n<meta name=\"twitter:site\" content=\"@CentroUrbano\" \/>\n<meta name=\"twitter:label1\" content=\"Escrito por\" \/>\n\t<meta name=\"twitter:data1\" content=\"Redacci\u00f3n Centro Urbano\" \/>\n\t<meta name=\"twitter:label2\" content=\"Tiempo de lectura\" \/>\n\t<meta name=\"twitter:data2\" content=\"2 minutos\" \/>\n<script type=\"application\/ld+json\" class=\"yoast-schema-graph\">{\"@context\":\"https:\\\/\\\/schema.org\",\"@graph\":[{\"@type\":\"Article\",\"@id\":\"https:\\\/\\\/centrourbano.com\\\/revista\\\/saladeprensa\\\/se-embellece-paseo-de-la-reforma-con-250-mil-ejemplares-de-nochebuena-agu\\\/#article\",\"isPartOf\":{\"@id\":\"https:\\\/\\\/centrourbano.com\\\/revista\\\/saladeprensa\\\/se-embellece-paseo-de-la-reforma-con-250-mil-ejemplares-de-nochebuena-agu\\\/\"},\"author\":{\"name\":\"Redacci\u00f3n Centro Urbano\",\"@id\":\"https:\\\/\\\/centrourbano.com\\\/revista\\\/#\\\/schema\\\/person\\\/680e7c50f9d6e917e416c9efdc26f996\"},\"headline\":\"Se embellece Paseo de la Reforma con 250 mil ejemplares de Nochebuena: AGU\",\"datePublished\":\"2014-12-01T18:52:48+00:00\",\"dateModified\":\"2014-12-01T23:51:39+00:00\",\"mainEntityOfPage\":{\"@id\":\"https:\\\/\\\/centrourbano.com\\\/revista\\\/saladeprensa\\\/se-embellece-paseo-de-la-reforma-con-250-mil-ejemplares-de-nochebuena-agu\\\/\"},\"wordCount\":390,\"commentCount\":0,\"publisher\":{\"@id\":\"https:\\\/\\\/centrourbano.com\\\/revista\\\/#organization\"},\"keywords\":[\"Nochebuenas\",\"Paseo de la Reforma\"],\"articleSection\":[\"Sala de Prensa\"],\"inLanguage\":\"es\",\"potentialAction\":[{\"@type\":\"CommentAction\",\"name\":\"Comment\",\"target\":[\"https:\\\/\\\/centrourbano.com\\\/revista\\\/saladeprensa\\\/se-embellece-paseo-de-la-reforma-con-250-mil-ejemplares-de-nochebuena-agu\\\/#respond\"]}]},{\"@type\":\"WebPage\",\"@id\":\"https:\\\/\\\/centrourbano.com\\\/revista\\\/saladeprensa\\\/se-embellece-paseo-de-la-reforma-con-250-mil-ejemplares-de-nochebuena-agu\\\/\",\"url\":\"https:\\\/\\\/centrourbano.com\\\/revista\\\/saladeprensa\\\/se-embellece-paseo-de-la-reforma-con-250-mil-ejemplares-de-nochebuena-agu\\\/\",\"name\":\"Se embellece Paseo de la Reforma con 250 mil ejemplares de Nochebuena: AGU -\",\"isPartOf\":{\"@id\":\"https:\\\/\\\/centrourbano.com\\\/revista\\\/#website\"},\"datePublished\":\"2014-12-01T18:52:48+00:00\",\"dateModified\":\"2014-12-01T23:51:39+00:00\",\"description\":\"&nbsp; Como parte del ambiente y actividades que se desarrollan durante las fiestas decembrinas en la Ciudad de M\u00e9xico, el Gobierno capitalino inici\u00f3 la\",\"breadcrumb\":{\"@id\":\"https:\\\/\\\/centrourbano.com\\\/revista\\\/saladeprensa\\\/se-embellece-paseo-de-la-reforma-con-250-mil-ejemplares-de-nochebuena-agu\\\/#breadcrumb\"},\"inLanguage\":\"es\",\"potentialAction\":[{\"@type\":\"ReadAction\",\"target\":[\"https:\\\/\\\/centrourbano.com\\\/revista\\\/saladeprensa\\\/se-embellece-paseo-de-la-reforma-con-250-mil-ejemplares-de-nochebuena-agu\\\/\"]}]},{\"@type\":\"BreadcrumbList\",\"@id\":\"https:\\\/\\\/centrourbano.com\\\/revista\\\/saladeprensa\\\/se-embellece-paseo-de-la-reforma-con-250-mil-ejemplares-de-nochebuena-agu\\\/#breadcrumb\",\"itemListElement\":[{\"@type\":\"ListItem\",\"position\":1,\"name\":\"Portada\",\"item\":\"https:\\\/\\\/centrourbano.com\\\/revista\\\/\"},{\"@type\":\"ListItem\",\"position\":2,\"name\":\"Se embellece Paseo de la Reforma con 250 mil ejemplares de Nochebuena: AGU\"}]},{\"@type\":\"WebSite\",\"@id\":\"https:\\\/\\\/centrourbano.com\\\/revista\\\/#website\",\"url\":\"https:\\\/\\\/centrourbano.com\\\/revista\\\/\",\"name\":\"Centro Urbano\",\"description\":\"Medio especializado en los sectores vivienda, inmobiliario, construcci\u00f3n, arquitectura y urbanismo.\",\"publisher\":{\"@id\":\"https:\\\/\\\/centrourbano.com\\\/revista\\\/#organization\"},\"potentialAction\":[{\"@type\":\"SearchAction\",\"target\":{\"@type\":\"EntryPoint\",\"urlTemplate\":\"https:\\\/\\\/centrourbano.com\\\/revista\\\/?s={search_term_string}\"},\"query-input\":{\"@type\":\"PropertyValueSpecification\",\"valueRequired\":true,\"valueName\":\"search_term_string\"}}],\"inLanguage\":\"es\"},{\"@type\":\"Organization\",\"@id\":\"https:\\\/\\\/centrourbano.com\\\/revista\\\/#organization\",\"name\":\"Centro Urbano\",\"url\":\"https:\\\/\\\/centrourbano.com\\\/revista\\\/\",\"logo\":{\"@type\":\"ImageObject\",\"inLanguage\":\"es\",\"@id\":\"https:\\\/\\\/centrourbano.com\\\/revista\\\/#\\\/schema\\\/logo\\\/image\\\/\",\"url\":\"https:\\\/\\\/centrourbano.com\\\/revista\\\/wp-content\\\/uploads\\\/web_CU_logo-1.png\",\"contentUrl\":\"https:\\\/\\\/centrourbano.com\\\/revista\\\/wp-content\\\/uploads\\\/web_CU_logo-1.png\",\"width\":350,\"height\":91,\"caption\":\"Centro Urbano\"},\"image\":{\"@id\":\"https:\\\/\\\/centrourbano.com\\\/revista\\\/#\\\/schema\\\/logo\\\/image\\\/\"},\"sameAs\":[\"https:\\\/\\\/www.facebook.com\\\/portalcentrourbano\",\"https:\\\/\\\/x.com\\\/CentroUrbano\",\"https:\\\/\\\/www.instagram.com\\\/centro_urbano\\\/\",\"https:\\\/\\\/www.linkedin.com\\\/company\\\/centro-urbano\\\/\",\"http:\\\/\\\/www.youtube.com\\\/user\\\/portalcentrourbano\"]},{\"@type\":\"Person\",\"@id\":\"https:\\\/\\\/centrourbano.com\\\/revista\\\/#\\\/schema\\\/person\\\/680e7c50f9d6e917e416c9efdc26f996\",\"name\":\"Redacci\u00f3n Centro Urbano\",\"image\":{\"@type\":\"ImageObject\",\"inLanguage\":\"es\",\"@id\":\"https:\\\/\\\/secure.gravatar.com\\\/avatar\\\/15a789f894398c0f311f3a7a2ee28032bbc0483098539da66b6a045aa810bf35?s=96&d=mm&r=g\",\"url\":\"https:\\\/\\\/secure.gravatar.com\\\/avatar\\\/15a789f894398c0f311f3a7a2ee28032bbc0483098539da66b6a045aa810bf35?s=96&d=mm&r=g\",\"contentUrl\":\"https:\\\/\\\/secure.gravatar.com\\\/avatar\\\/15a789f894398c0f311f3a7a2ee28032bbc0483098539da66b6a045aa810bf35?s=96&d=mm&r=g\",\"caption\":\"Redacci\u00f3n Centro Urbano\"},\"url\":\"https:\\\/\\\/centrourbano.com\\\/revista\\\/author\\\/editorial\\\/\"}]}<\/script>\n<!-- \/ Yoast SEO plugin. -->","yoast_head_json":{"title":"Se embellece Paseo de la Reforma con 250 mil ejemplares de Nochebuena: AGU -","description":"&nbsp; Como parte del ambiente y actividades que se desarrollan durante las fiestas decembrinas en la Ciudad de M\u00e9xico, el Gobierno capitalino inici\u00f3 la","robots":{"index":"index","follow":"follow","max-snippet":"max-snippet:-1","max-image-preview":"max-image-preview:large","max-video-preview":"max-video-preview:-1"},"canonical":"https:\/\/centrourbano.com\/revista\/saladeprensa\/se-embellece-paseo-de-la-reforma-con-250-mil-ejemplares-de-nochebuena-agu\/","og_locale":"es_ES","og_type":"article","og_title":"Se embellece Paseo de la Reforma con 250 mil ejemplares de Nochebuena: AGU -","og_description":"&nbsp; Como parte del ambiente y actividades que se desarrollan durante las fiestas decembrinas en la Ciudad de M\u00e9xico, el Gobierno capitalino inici\u00f3 la","og_url":"https:\/\/centrourbano.com\/revista\/saladeprensa\/se-embellece-paseo-de-la-reforma-con-250-mil-ejemplares-de-nochebuena-agu\/","og_site_name":"Centro Urbano","article_publisher":"https:\/\/www.facebook.com\/portalcentrourbano","article_published_time":"2014-12-01T18:52:48+00:00","article_modified_time":"2014-12-01T23:51:39+00:00","og_image":[{"width":350,"height":91,"url":"https:\/\/centrourbano.com\/revista\/wp-content\/uploads\/CU-logo.png","type":"image\/png"}],"author":"Redacci\u00f3n Centro Urbano","twitter_card":"summary_large_image","twitter_creator":"@CentroUrbano","twitter_site":"@CentroUrbano","twitter_misc":{"Escrito por":"Redacci\u00f3n Centro Urbano","Tiempo de lectura":"2 minutos"},"schema":{"@context":"https:\/\/schema.org","@graph":[{"@type":"Article","@id":"https:\/\/centrourbano.com\/revista\/saladeprensa\/se-embellece-paseo-de-la-reforma-con-250-mil-ejemplares-de-nochebuena-agu\/#article","isPartOf":{"@id":"https:\/\/centrourbano.com\/revista\/saladeprensa\/se-embellece-paseo-de-la-reforma-con-250-mil-ejemplares-de-nochebuena-agu\/"},"author":{"name":"Redacci\u00f3n Centro Urbano","@id":"https:\/\/centrourbano.com\/revista\/#\/schema\/person\/680e7c50f9d6e917e416c9efdc26f996"},"headline":"Se embellece Paseo de la Reforma con 250 mil ejemplares de Nochebuena: AGU","datePublished":"2014-12-01T18:52:48+00:00","dateModified":"2014-12-01T23:51:39+00:00","mainEntityOfPage":{"@id":"https:\/\/centrourbano.com\/revista\/saladeprensa\/se-embellece-paseo-de-la-reforma-con-250-mil-ejemplares-de-nochebuena-agu\/"},"wordCount":390,"commentCount":0,"publisher":{"@id":"https:\/\/centrourbano.com\/revista\/#organization"},"keywords":["Nochebuenas","Paseo de la Reforma"],"articleSection":["Sala de Prensa"],"inLanguage":"es","potentialAction":[{"@type":"CommentAction","name":"Comment","target":["https:\/\/centrourbano.com\/revista\/saladeprensa\/se-embellece-paseo-de-la-reforma-con-250-mil-ejemplares-de-nochebuena-agu\/#respond"]}]},{"@type":"WebPage","@id":"https:\/\/centrourbano.com\/revista\/saladeprensa\/se-embellece-paseo-de-la-reforma-con-250-mil-ejemplares-de-nochebuena-agu\/","url":"https:\/\/centrourbano.com\/revista\/saladeprensa\/se-embellece-paseo-de-la-reforma-con-250-mil-ejemplares-de-nochebuena-agu\/","name":"Se embellece Paseo de la Reforma con 250 mil ejemplares de Nochebuena: AGU -","isPartOf":{"@id":"https:\/\/centrourbano.com\/revista\/#website"},"datePublished":"2014-12-01T18:52:48+00:00","dateModified":"2014-12-01T23:51:39+00:00","description":"&nbsp; Como parte del ambiente y actividades que se desarrollan durante las fiestas decembrinas en la Ciudad de M\u00e9xico, el Gobierno capitalino inici\u00f3 la","breadcrumb":{"@id":"https:\/\/centrourbano.com\/revista\/saladeprensa\/se-embellece-paseo-de-la-reforma-con-250-mil-ejemplares-de-nochebuena-agu\/#breadcrumb"},"inLanguage":"es","potentialAction":[{"@type":"ReadAction","target":["https:\/\/centrourbano.com\/revista\/saladeprensa\/se-embellece-paseo-de-la-reforma-con-250-mil-ejemplares-de-nochebuena-agu\/"]}]},{"@type":"BreadcrumbList","@id":"https:\/\/centrourbano.com\/revista\/saladeprensa\/se-embellece-paseo-de-la-reforma-con-250-mil-ejemplares-de-nochebuena-agu\/#breadcrumb","itemListElement":[{"@type":"ListItem","position":1,"name":"Portada","item":"https:\/\/centrourbano.com\/revista\/"},{"@type":"ListItem","position":2,"name":"Se embellece Paseo de la Reforma con 250 mil ejemplares de Nochebuena: AGU"}]},{"@type":"WebSite","@id":"https:\/\/centrourbano.com\/revista\/#website","url":"https:\/\/centrourbano.com\/revista\/","name":"Centro Urbano","description":"Medio especializado en los sectores vivienda, inmobiliario, construcci\u00f3n, arquitectura y urbanismo.","publisher":{"@id":"https:\/\/centrourbano.com\/revista\/#organization"},"potentialAction":[{"@type":"SearchAction","target":{"@type":"EntryPoint","urlTemplate":"https:\/\/centrourbano.com\/revista\/?s={search_term_string}"},"query-input":{"@type":"PropertyValueSpecification","valueRequired":true,"valueName":"search_term_string"}}],"inLanguage":"es"},{"@type":"Organization","@id":"https:\/\/centrourbano.com\/revista\/#organization","name":"Centro Urbano","url":"https:\/\/centrourbano.com\/revista\/","logo":{"@type":"ImageObject","inLanguage":"es","@id":"https:\/\/centrourbano.com\/revista\/#\/schema\/logo\/image\/","url":"https:\/\/centrourbano.com\/revista\/wp-content\/uploads\/web_CU_logo-1.png","contentUrl":"https:\/\/centrourbano.com\/revista\/wp-content\/uploads\/web_CU_logo-1.png","width":350,"height":91,"caption":"Centro Urbano"},"image":{"@id":"https:\/\/centrourbano.com\/revista\/#\/schema\/logo\/image\/"},"sameAs":["https:\/\/www.facebook.com\/portalcentrourbano","https:\/\/x.com\/CentroUrbano","https:\/\/www.instagram.com\/centro_urbano\/","https:\/\/www.linkedin.com\/company\/centro-urbano\/","http:\/\/www.youtube.com\/user\/portalcentrourbano"]},{"@type":"Person","@id":"https:\/\/centrourbano.com\/revista\/#\/schema\/person\/680e7c50f9d6e917e416c9efdc26f996","name":"Redacci\u00f3n Centro Urbano","image":{"@type":"ImageObject","inLanguage":"es","@id":"https:\/\/secure.gravatar.com\/avatar\/15a789f894398c0f311f3a7a2ee28032bbc0483098539da66b6a045aa810bf35?s=96&d=mm&r=g","url":"https:\/\/secure.gravatar.com\/avatar\/15a789f894398c0f311f3a7a2ee28032bbc0483098539da66b6a045aa810bf35?s=96&d=mm&r=g","contentUrl":"https:\/\/secure.gravatar.com\/avatar\/15a789f894398c0f311f3a7a2ee28032bbc0483098539da66b6a045aa810bf35?s=96&d=mm&r=g","caption":"Redacci\u00f3n Centro Urbano"},"url":"https:\/\/centrourbano.com\/revista\/author\/editorial\/"}]}},"_links":{"self":[{"href":"https:\/\/centrourbano.com\/revista\/wp-json\/wp\/v2\/posts\/13084","targetHints":{"allow":["GET"]}}],"collection":[{"href":"https:\/\/centrourbano.com\/revista\/wp-json\/wp\/v2\/posts"}],"about":[{"href":"https:\/\/centrourbano.com\/revista\/wp-json\/wp\/v2\/types\/post"}],"author":[{"embeddable":true,"href":"https:\/\/centrourbano.com\/revista\/wp-json\/wp\/v2\/users\/14"}],"replies":[{"embeddable":true,"href":"https:\/\/centrourbano.com\/revista\/wp-json\/wp\/v2\/comments?post=13084"}],"version-history":[{"count":0,"href":"https:\/\/centrourbano.com\/revista\/wp-json\/wp\/v2\/posts\/13084\/revisions"}],"wp:attachment":[{"href":"https:\/\/centrourbano.com\/revista\/wp-json\/wp\/v2\/media?parent=13084"}],"wp:term":[{"taxonomy":"category","embeddable":true,"href":"https:\/\/centrourbano.com\/revista\/wp-json\/wp\/v2\/categories?post=13084"},{"taxonomy":"post_tag","embeddable":true,"href":"https:\/\/centrourbano.com\/revista\/wp-json\/wp\/v2\/tags?post=13084"}],"curies":[{"name":"wp","href":"https:\/\/api.w.org\/{rel}","templated":true}]}}