{"id":130559,"date":"2022-05-30T13:38:44","date_gmt":"2022-05-30T18:38:44","guid":{"rendered":"https:\/\/centrourbano.com\/?p=130559"},"modified":"2022-05-31T13:39:23","modified_gmt":"2022-05-31T18:39:23","slug":"edomex-inaugura-centro-de-rehabilitacion-en-tecamac","status":"publish","type":"post","link":"https:\/\/centrourbano.com\/revista\/construccion\/edomex-inaugura-centro-de-rehabilitacion-en-tecamac\/","title":{"rendered":"Edomex inaugura centro de rehabilitaci\u00f3n en Tec\u00e1mac"},"content":{"rendered":"<p><em>Este nuevo Centro de Edomex permitir\u00e1 ofrecer consultas en especialidades como traumatolog\u00eda, pediatr\u00eda o neurolog\u00eda<\/em><!--more--><\/p>\n<p>Con una inversi\u00f3n de m\u00e1s de 60 millones de pesos, el Gobierno del Edomex inaugur\u00f3 el Centro Estatal de Rehabilitaci\u00f3n en Tec\u00e1mac. En este sentido, se busca atender a personas con discapacidad de 21 <a href=\"https:\/\/centrourbano.com\/inmobiliario\/coahuila-obras-sociales-municipios\/\" target=\"_blank\" rel=\"noopener\">municipios<\/a> de la regi\u00f3n.<\/p>\n<p>Dicho Centro cuenta con \u00e1reas de estudios de diagn\u00f3stico (Rayos X, Ultrasonido y Audiolog\u00eda), de terapia de lenguaje y administrativa. As\u00ed como zona de terapia ocupacional, cuarto de estimulaci\u00f3n multisensorial, \u00e1rea de neurohabilitaci\u00f3n, estimulaci\u00f3n temprana. De igual forma, ofrece a las personas discapacitadas gimnasio terap\u00e9utico y cub\u00edculos de terapia individual, tanque de hidroterapia, consultorios y enfermer\u00eda.<\/p>\n<p>De acuerdo con el Gobernador del estado, <a href=\"https:\/\/twitter.com\/alfredodelmazo?ref_src=twsrc%5Egoogle%7Ctwcamp%5Eserp%7Ctwgr%5Eauthor\" target=\"_blank\" rel=\"noopener\">Alfredo Del Mazo<\/a>, el centro especializado de Tec\u00e1mac es de los mejores a nivel nacional y para principios del 2023 se inaugurar\u00e1n cinco centros de este tipo las distintas regiones del estado.<\/p>\n<h3>Red de atenci\u00f3n a personas con discapacidad Edomex<\/h3>\n<p>Por otra parte, Del Mazo declar\u00f3 que Edomex\u00a0 tiene la mayor red de atenci\u00f3n a personas con discapacidad en el pa\u00eds, con 113 unidades y centros de rehabilitaci\u00f3n e integraci\u00f3n social en 101 municipios. As\u00ed como 56 unidades b\u00e1sicas de rehabilitaci\u00f3n e integraci\u00f3n social, donde se brinda servicios de primer nivel de atenci\u00f3n. Lo anterior, promueve acciones de salud, previene y apoya el tratamiento. Adem\u00e1s, se cuenta con 48 unidades de rehabilitaci\u00f3n e integraci\u00f3n social donde\u00a0 se incluyen \u00e1reas de terapia ocupacional y de lenguaje.<\/p>\n<p>Asimismo, informo que existen siete centros de rehabilitaci\u00f3n e integraci\u00f3n social que brindan el segundo nivel de atenci\u00f3n y prestan servicios de prevenci\u00f3n y rehabilitaci\u00f3n integral. De igual manera, se cuentan con<\/p>\n<blockquote><p>\u00abEsto nos ha permitido que a lo largo de la administraci\u00f3n podamos haber otorgado hasta el momento m\u00e1s de un mill\u00f3n de consultas y m\u00e1s de cinco millones 500 mil terapias. Lo anterior,\u00a0 ha beneficiado acerca de 500 mil personas que tienen discapacidad en el estado de M\u00e9xico\u00bb, mencion\u00f3.<\/p><\/blockquote>\n<p>Finalmente, refiri\u00f3 que los centros de rehabilitaci\u00f3n permitir\u00e1 que las familias que cuentan con alg\u00fan integrante con discapacidad no tengan que irse a otros estados o recorran grandes distancias; adem\u00e1s ser\u00e1n servicios gratuitos. En esta misma l\u00ednea, anunci\u00f3 que puso en marcha 40 autobuses nuevos, una flota que tiene la accesibilidad para personas con discapacidad.<\/p>\n<p>&nbsp;<\/p>\n","protected":false},"excerpt":{"rendered":"<p>Este nuevo Centro de Edomex permitir\u00e1 ofrecer consultas en especialidades como traumatolog\u00eda, pediatr\u00eda o neurolog\u00eda<\/p>\n","protected":false},"author":82,"featured_media":130567,"comment_status":"open","ping_status":"closed","sticky":false,"template":"","format":"standard","meta":{"om_disable_all_campaigns":false,"inline_featured_image":false,"_monsterinsights_skip_tracking":false,"_monsterinsights_sitenote_active":false,"_monsterinsights_sitenote_note":"","_monsterinsights_sitenote_category":0,"footnotes":""},"categories":[80,14],"tags":[21763,589,21762],"class_list":["post-130559","post","type-post","status-publish","format-standard","has-post-thumbnail","hentry","category-actualidad","category-construccion","tag-centro-de-rehabilitacion","tag-edomex","tag-red-de-atencion-a-personas-con-discapacidad"],"yoast_head":"<!-- This site is optimized with the Yoast SEO plugin v27.5 - https:\/\/yoast.com\/product\/yoast-seo-wordpress\/ -->\n<title>Edomex inaugura centro de rehabilitaci\u00f3n en Tec\u00e1mac<\/title>\n<meta name=\"description\" content=\"Este nuevo Centro de Edomex permitir\u00e1 ofrecer consultas en especialidades como traumatolog\u00eda, pediatr\u00eda o neurolog\u00eda\" \/>\n<meta name=\"robots\" content=\"index, follow, max-snippet:-1, max-image-preview:large, max-video-preview:-1\" \/>\n<link rel=\"canonical\" href=\"https:\/\/centrourbano.com\/revista\/construccion\/edomex-inaugura-centro-de-rehabilitacion-en-tecamac\/\" \/>\n<meta property=\"og:locale\" content=\"es_ES\" \/>\n<meta property=\"og:type\" content=\"article\" \/>\n<meta property=\"og:title\" content=\"Edomex inaugura centro de rehabilitaci\u00f3n en Tec\u00e1mac\" \/>\n<meta property=\"og:description\" content=\"Este nuevo Centro de Edomex permitir\u00e1 ofrecer consultas en especialidades como traumatolog\u00eda, pediatr\u00eda o neurolog\u00eda\" \/>\n<meta property=\"og:url\" content=\"https:\/\/centrourbano.com\/revista\/construccion\/edomex-inaugura-centro-de-rehabilitacion-en-tecamac\/\" \/>\n<meta property=\"og:site_name\" content=\"Centro Urbano\" \/>\n<meta property=\"article:publisher\" content=\"https:\/\/www.facebook.com\/portalcentrourbano\" \/>\n<meta property=\"article:published_time\" content=\"2022-05-30T18:38:44+00:00\" \/>\n<meta property=\"article:modified_time\" content=\"2022-05-31T18:39:23+00:00\" \/>\n<meta property=\"og:image\" content=\"https:\/\/centrourbano.com\/revista\/wp-content\/uploads\/FToBA6rWYAIAbY6.jpg\" \/>\n\t<meta property=\"og:image:width\" content=\"800\" \/>\n\t<meta property=\"og:image:height\" content=\"800\" \/>\n\t<meta property=\"og:image:type\" content=\"image\/jpeg\" \/>\n<meta name=\"author\" content=\"Paola Dur\u00e1n\" \/>\n<meta name=\"twitter:card\" content=\"summary_large_image\" \/>\n<meta name=\"twitter:creator\" content=\"@CentroUrbano\" \/>\n<meta name=\"twitter:site\" content=\"@CentroUrbano\" \/>\n<meta name=\"twitter:label1\" content=\"Escrito por\" \/>\n\t<meta name=\"twitter:data1\" content=\"Paola Dur\u00e1n\" \/>\n\t<meta name=\"twitter:label2\" content=\"Tiempo de lectura\" \/>\n\t<meta name=\"twitter:data2\" content=\"2 minutos\" \/>\n<script type=\"application\/ld+json\" class=\"yoast-schema-graph\">{\"@context\":\"https:\\\/\\\/schema.org\",\"@graph\":[{\"@type\":\"Article\",\"@id\":\"https:\\\/\\\/centrourbano.com\\\/revista\\\/construccion\\\/edomex-inaugura-centro-de-rehabilitacion-en-tecamac\\\/#article\",\"isPartOf\":{\"@id\":\"https:\\\/\\\/centrourbano.com\\\/revista\\\/construccion\\\/edomex-inaugura-centro-de-rehabilitacion-en-tecamac\\\/\"},\"author\":{\"name\":\"Paola Dur\u00e1n\",\"@id\":\"https:\\\/\\\/centrourbano.com\\\/revista\\\/#\\\/schema\\\/person\\\/f3d7ba977507112844ab50743a185187\"},\"headline\":\"Edomex inaugura centro de rehabilitaci\u00f3n en Tec\u00e1mac\",\"datePublished\":\"2022-05-30T18:38:44+00:00\",\"dateModified\":\"2022-05-31T18:39:23+00:00\",\"mainEntityOfPage\":{\"@id\":\"https:\\\/\\\/centrourbano.com\\\/revista\\\/construccion\\\/edomex-inaugura-centro-de-rehabilitacion-en-tecamac\\\/\"},\"wordCount\":422,\"commentCount\":0,\"publisher\":{\"@id\":\"https:\\\/\\\/centrourbano.com\\\/revista\\\/#organization\"},\"image\":{\"@id\":\"https:\\\/\\\/centrourbano.com\\\/revista\\\/construccion\\\/edomex-inaugura-centro-de-rehabilitacion-en-tecamac\\\/#primaryimage\"},\"thumbnailUrl\":\"https:\\\/\\\/centrourbano.com\\\/revista\\\/wp-content\\\/uploads\\\/FToBA6rWYAIAbY6.jpg\",\"keywords\":[\"Centro de Rehabilitaci\u00f3n\",\"Edomex\",\"Red de atenci\u00f3n a personas con discapacidad\"],\"articleSection\":[\"Actualidad\",\"Construcci\u00f3n\"],\"inLanguage\":\"es\",\"potentialAction\":[{\"@type\":\"CommentAction\",\"name\":\"Comment\",\"target\":[\"https:\\\/\\\/centrourbano.com\\\/revista\\\/construccion\\\/edomex-inaugura-centro-de-rehabilitacion-en-tecamac\\\/#respond\"]}]},{\"@type\":\"WebPage\",\"@id\":\"https:\\\/\\\/centrourbano.com\\\/revista\\\/construccion\\\/edomex-inaugura-centro-de-rehabilitacion-en-tecamac\\\/\",\"url\":\"https:\\\/\\\/centrourbano.com\\\/revista\\\/construccion\\\/edomex-inaugura-centro-de-rehabilitacion-en-tecamac\\\/\",\"name\":\"Edomex inaugura centro de rehabilitaci\u00f3n en Tec\u00e1mac\",\"isPartOf\":{\"@id\":\"https:\\\/\\\/centrourbano.com\\\/revista\\\/#website\"},\"primaryImageOfPage\":{\"@id\":\"https:\\\/\\\/centrourbano.com\\\/revista\\\/construccion\\\/edomex-inaugura-centro-de-rehabilitacion-en-tecamac\\\/#primaryimage\"},\"image\":{\"@id\":\"https:\\\/\\\/centrourbano.com\\\/revista\\\/construccion\\\/edomex-inaugura-centro-de-rehabilitacion-en-tecamac\\\/#primaryimage\"},\"thumbnailUrl\":\"https:\\\/\\\/centrourbano.com\\\/revista\\\/wp-content\\\/uploads\\\/FToBA6rWYAIAbY6.jpg\",\"datePublished\":\"2022-05-30T18:38:44+00:00\",\"dateModified\":\"2022-05-31T18:39:23+00:00\",\"description\":\"Este nuevo Centro de Edomex permitir\u00e1 ofrecer consultas en especialidades como traumatolog\u00eda, pediatr\u00eda o neurolog\u00eda\",\"breadcrumb\":{\"@id\":\"https:\\\/\\\/centrourbano.com\\\/revista\\\/construccion\\\/edomex-inaugura-centro-de-rehabilitacion-en-tecamac\\\/#breadcrumb\"},\"inLanguage\":\"es\",\"potentialAction\":[{\"@type\":\"ReadAction\",\"target\":[\"https:\\\/\\\/centrourbano.com\\\/revista\\\/construccion\\\/edomex-inaugura-centro-de-rehabilitacion-en-tecamac\\\/\"]}]},{\"@type\":\"ImageObject\",\"inLanguage\":\"es\",\"@id\":\"https:\\\/\\\/centrourbano.com\\\/revista\\\/construccion\\\/edomex-inaugura-centro-de-rehabilitacion-en-tecamac\\\/#primaryimage\",\"url\":\"https:\\\/\\\/centrourbano.com\\\/revista\\\/wp-content\\\/uploads\\\/FToBA6rWYAIAbY6.jpg\",\"contentUrl\":\"https:\\\/\\\/centrourbano.com\\\/revista\\\/wp-content\\\/uploads\\\/FToBA6rWYAIAbY6.jpg\",\"width\":800,\"height\":800,\"caption\":\"Edomex inaugura centro de rehabilitaci\u00f3n en Tec\u00e1mac\"},{\"@type\":\"BreadcrumbList\",\"@id\":\"https:\\\/\\\/centrourbano.com\\\/revista\\\/construccion\\\/edomex-inaugura-centro-de-rehabilitacion-en-tecamac\\\/#breadcrumb\",\"itemListElement\":[{\"@type\":\"ListItem\",\"position\":1,\"name\":\"Portada\",\"item\":\"https:\\\/\\\/centrourbano.com\\\/revista\\\/\"},{\"@type\":\"ListItem\",\"position\":2,\"name\":\"Edomex inaugura centro de rehabilitaci\u00f3n en Tec\u00e1mac\"}]},{\"@type\":\"WebSite\",\"@id\":\"https:\\\/\\\/centrourbano.com\\\/revista\\\/#website\",\"url\":\"https:\\\/\\\/centrourbano.com\\\/revista\\\/\",\"name\":\"Centro Urbano\",\"description\":\"Medio especializado en los sectores vivienda, inmobiliario, construcci\u00f3n, arquitectura y urbanismo.\",\"publisher\":{\"@id\":\"https:\\\/\\\/centrourbano.com\\\/revista\\\/#organization\"},\"potentialAction\":[{\"@type\":\"SearchAction\",\"target\":{\"@type\":\"EntryPoint\",\"urlTemplate\":\"https:\\\/\\\/centrourbano.com\\\/revista\\\/?s={search_term_string}\"},\"query-input\":{\"@type\":\"PropertyValueSpecification\",\"valueRequired\":true,\"valueName\":\"search_term_string\"}}],\"inLanguage\":\"es\"},{\"@type\":\"Organization\",\"@id\":\"https:\\\/\\\/centrourbano.com\\\/revista\\\/#organization\",\"name\":\"Centro Urbano\",\"url\":\"https:\\\/\\\/centrourbano.com\\\/revista\\\/\",\"logo\":{\"@type\":\"ImageObject\",\"inLanguage\":\"es\",\"@id\":\"https:\\\/\\\/centrourbano.com\\\/revista\\\/#\\\/schema\\\/logo\\\/image\\\/\",\"url\":\"https:\\\/\\\/centrourbano.com\\\/revista\\\/wp-content\\\/uploads\\\/web_CU_logo-1.png\",\"contentUrl\":\"https:\\\/\\\/centrourbano.com\\\/revista\\\/wp-content\\\/uploads\\\/web_CU_logo-1.png\",\"width\":350,\"height\":91,\"caption\":\"Centro Urbano\"},\"image\":{\"@id\":\"https:\\\/\\\/centrourbano.com\\\/revista\\\/#\\\/schema\\\/logo\\\/image\\\/\"},\"sameAs\":[\"https:\\\/\\\/www.facebook.com\\\/portalcentrourbano\",\"https:\\\/\\\/x.com\\\/CentroUrbano\",\"https:\\\/\\\/www.instagram.com\\\/centro_urbano\\\/\",\"https:\\\/\\\/www.linkedin.com\\\/company\\\/centro-urbano\\\/\",\"http:\\\/\\\/www.youtube.com\\\/user\\\/portalcentrourbano\"]},{\"@type\":\"Person\",\"@id\":\"https:\\\/\\\/centrourbano.com\\\/revista\\\/#\\\/schema\\\/person\\\/f3d7ba977507112844ab50743a185187\",\"name\":\"Paola Dur\u00e1n\",\"image\":{\"@type\":\"ImageObject\",\"inLanguage\":\"es\",\"@id\":\"https:\\\/\\\/secure.gravatar.com\\\/avatar\\\/f64c898584681d3dd909c0f1bf135d38610eeb2df48416094c5791b1e7e251fc?s=96&d=mm&r=g\",\"url\":\"https:\\\/\\\/secure.gravatar.com\\\/avatar\\\/f64c898584681d3dd909c0f1bf135d38610eeb2df48416094c5791b1e7e251fc?s=96&d=mm&r=g\",\"contentUrl\":\"https:\\\/\\\/secure.gravatar.com\\\/avatar\\\/f64c898584681d3dd909c0f1bf135d38610eeb2df48416094c5791b1e7e251fc?s=96&d=mm&r=g\",\"caption\":\"Paola Dur\u00e1n\"},\"url\":\"https:\\\/\\\/centrourbano.com\\\/revista\\\/author\\\/paola-duran\\\/\"}]}<\/script>\n<!-- \/ Yoast SEO plugin. -->","yoast_head_json":{"title":"Edomex inaugura centro de rehabilitaci\u00f3n en Tec\u00e1mac","description":"Este nuevo Centro de Edomex permitir\u00e1 ofrecer consultas en especialidades como traumatolog\u00eda, pediatr\u00eda o neurolog\u00eda","robots":{"index":"index","follow":"follow","max-snippet":"max-snippet:-1","max-image-preview":"max-image-preview:large","max-video-preview":"max-video-preview:-1"},"canonical":"https:\/\/centrourbano.com\/revista\/construccion\/edomex-inaugura-centro-de-rehabilitacion-en-tecamac\/","og_locale":"es_ES","og_type":"article","og_title":"Edomex inaugura centro de rehabilitaci\u00f3n en Tec\u00e1mac","og_description":"Este nuevo Centro de Edomex permitir\u00e1 ofrecer consultas en especialidades como traumatolog\u00eda, pediatr\u00eda o neurolog\u00eda","og_url":"https:\/\/centrourbano.com\/revista\/construccion\/edomex-inaugura-centro-de-rehabilitacion-en-tecamac\/","og_site_name":"Centro Urbano","article_publisher":"https:\/\/www.facebook.com\/portalcentrourbano","article_published_time":"2022-05-30T18:38:44+00:00","article_modified_time":"2022-05-31T18:39:23+00:00","og_image":[{"width":800,"height":800,"url":"https:\/\/centrourbano.com\/revista\/wp-content\/uploads\/FToBA6rWYAIAbY6.jpg","type":"image\/jpeg"}],"author":"Paola Dur\u00e1n","twitter_card":"summary_large_image","twitter_creator":"@CentroUrbano","twitter_site":"@CentroUrbano","twitter_misc":{"Escrito por":"Paola Dur\u00e1n","Tiempo de lectura":"2 minutos"},"schema":{"@context":"https:\/\/schema.org","@graph":[{"@type":"Article","@id":"https:\/\/centrourbano.com\/revista\/construccion\/edomex-inaugura-centro-de-rehabilitacion-en-tecamac\/#article","isPartOf":{"@id":"https:\/\/centrourbano.com\/revista\/construccion\/edomex-inaugura-centro-de-rehabilitacion-en-tecamac\/"},"author":{"name":"Paola Dur\u00e1n","@id":"https:\/\/centrourbano.com\/revista\/#\/schema\/person\/f3d7ba977507112844ab50743a185187"},"headline":"Edomex inaugura centro de rehabilitaci\u00f3n en Tec\u00e1mac","datePublished":"2022-05-30T18:38:44+00:00","dateModified":"2022-05-31T18:39:23+00:00","mainEntityOfPage":{"@id":"https:\/\/centrourbano.com\/revista\/construccion\/edomex-inaugura-centro-de-rehabilitacion-en-tecamac\/"},"wordCount":422,"commentCount":0,"publisher":{"@id":"https:\/\/centrourbano.com\/revista\/#organization"},"image":{"@id":"https:\/\/centrourbano.com\/revista\/construccion\/edomex-inaugura-centro-de-rehabilitacion-en-tecamac\/#primaryimage"},"thumbnailUrl":"https:\/\/centrourbano.com\/revista\/wp-content\/uploads\/FToBA6rWYAIAbY6.jpg","keywords":["Centro de Rehabilitaci\u00f3n","Edomex","Red de atenci\u00f3n a personas con discapacidad"],"articleSection":["Actualidad","Construcci\u00f3n"],"inLanguage":"es","potentialAction":[{"@type":"CommentAction","name":"Comment","target":["https:\/\/centrourbano.com\/revista\/construccion\/edomex-inaugura-centro-de-rehabilitacion-en-tecamac\/#respond"]}]},{"@type":"WebPage","@id":"https:\/\/centrourbano.com\/revista\/construccion\/edomex-inaugura-centro-de-rehabilitacion-en-tecamac\/","url":"https:\/\/centrourbano.com\/revista\/construccion\/edomex-inaugura-centro-de-rehabilitacion-en-tecamac\/","name":"Edomex inaugura centro de rehabilitaci\u00f3n en Tec\u00e1mac","isPartOf":{"@id":"https:\/\/centrourbano.com\/revista\/#website"},"primaryImageOfPage":{"@id":"https:\/\/centrourbano.com\/revista\/construccion\/edomex-inaugura-centro-de-rehabilitacion-en-tecamac\/#primaryimage"},"image":{"@id":"https:\/\/centrourbano.com\/revista\/construccion\/edomex-inaugura-centro-de-rehabilitacion-en-tecamac\/#primaryimage"},"thumbnailUrl":"https:\/\/centrourbano.com\/revista\/wp-content\/uploads\/FToBA6rWYAIAbY6.jpg","datePublished":"2022-05-30T18:38:44+00:00","dateModified":"2022-05-31T18:39:23+00:00","description":"Este nuevo Centro de Edomex permitir\u00e1 ofrecer consultas en especialidades como traumatolog\u00eda, pediatr\u00eda o neurolog\u00eda","breadcrumb":{"@id":"https:\/\/centrourbano.com\/revista\/construccion\/edomex-inaugura-centro-de-rehabilitacion-en-tecamac\/#breadcrumb"},"inLanguage":"es","potentialAction":[{"@type":"ReadAction","target":["https:\/\/centrourbano.com\/revista\/construccion\/edomex-inaugura-centro-de-rehabilitacion-en-tecamac\/"]}]},{"@type":"ImageObject","inLanguage":"es","@id":"https:\/\/centrourbano.com\/revista\/construccion\/edomex-inaugura-centro-de-rehabilitacion-en-tecamac\/#primaryimage","url":"https:\/\/centrourbano.com\/revista\/wp-content\/uploads\/FToBA6rWYAIAbY6.jpg","contentUrl":"https:\/\/centrourbano.com\/revista\/wp-content\/uploads\/FToBA6rWYAIAbY6.jpg","width":800,"height":800,"caption":"Edomex inaugura centro de rehabilitaci\u00f3n en Tec\u00e1mac"},{"@type":"BreadcrumbList","@id":"https:\/\/centrourbano.com\/revista\/construccion\/edomex-inaugura-centro-de-rehabilitacion-en-tecamac\/#breadcrumb","itemListElement":[{"@type":"ListItem","position":1,"name":"Portada","item":"https:\/\/centrourbano.com\/revista\/"},{"@type":"ListItem","position":2,"name":"Edomex inaugura centro de rehabilitaci\u00f3n en Tec\u00e1mac"}]},{"@type":"WebSite","@id":"https:\/\/centrourbano.com\/revista\/#website","url":"https:\/\/centrourbano.com\/revista\/","name":"Centro Urbano","description":"Medio especializado en los sectores vivienda, inmobiliario, construcci\u00f3n, arquitectura y urbanismo.","publisher":{"@id":"https:\/\/centrourbano.com\/revista\/#organization"},"potentialAction":[{"@type":"SearchAction","target":{"@type":"EntryPoint","urlTemplate":"https:\/\/centrourbano.com\/revista\/?s={search_term_string}"},"query-input":{"@type":"PropertyValueSpecification","valueRequired":true,"valueName":"search_term_string"}}],"inLanguage":"es"},{"@type":"Organization","@id":"https:\/\/centrourbano.com\/revista\/#organization","name":"Centro Urbano","url":"https:\/\/centrourbano.com\/revista\/","logo":{"@type":"ImageObject","inLanguage":"es","@id":"https:\/\/centrourbano.com\/revista\/#\/schema\/logo\/image\/","url":"https:\/\/centrourbano.com\/revista\/wp-content\/uploads\/web_CU_logo-1.png","contentUrl":"https:\/\/centrourbano.com\/revista\/wp-content\/uploads\/web_CU_logo-1.png","width":350,"height":91,"caption":"Centro Urbano"},"image":{"@id":"https:\/\/centrourbano.com\/revista\/#\/schema\/logo\/image\/"},"sameAs":["https:\/\/www.facebook.com\/portalcentrourbano","https:\/\/x.com\/CentroUrbano","https:\/\/www.instagram.com\/centro_urbano\/","https:\/\/www.linkedin.com\/company\/centro-urbano\/","http:\/\/www.youtube.com\/user\/portalcentrourbano"]},{"@type":"Person","@id":"https:\/\/centrourbano.com\/revista\/#\/schema\/person\/f3d7ba977507112844ab50743a185187","name":"Paola Dur\u00e1n","image":{"@type":"ImageObject","inLanguage":"es","@id":"https:\/\/secure.gravatar.com\/avatar\/f64c898584681d3dd909c0f1bf135d38610eeb2df48416094c5791b1e7e251fc?s=96&d=mm&r=g","url":"https:\/\/secure.gravatar.com\/avatar\/f64c898584681d3dd909c0f1bf135d38610eeb2df48416094c5791b1e7e251fc?s=96&d=mm&r=g","contentUrl":"https:\/\/secure.gravatar.com\/avatar\/f64c898584681d3dd909c0f1bf135d38610eeb2df48416094c5791b1e7e251fc?s=96&d=mm&r=g","caption":"Paola Dur\u00e1n"},"url":"https:\/\/centrourbano.com\/revista\/author\/paola-duran\/"}]}},"_links":{"self":[{"href":"https:\/\/centrourbano.com\/revista\/wp-json\/wp\/v2\/posts\/130559","targetHints":{"allow":["GET"]}}],"collection":[{"href":"https:\/\/centrourbano.com\/revista\/wp-json\/wp\/v2\/posts"}],"about":[{"href":"https:\/\/centrourbano.com\/revista\/wp-json\/wp\/v2\/types\/post"}],"author":[{"embeddable":true,"href":"https:\/\/centrourbano.com\/revista\/wp-json\/wp\/v2\/users\/82"}],"replies":[{"embeddable":true,"href":"https:\/\/centrourbano.com\/revista\/wp-json\/wp\/v2\/comments?post=130559"}],"version-history":[{"count":2,"href":"https:\/\/centrourbano.com\/revista\/wp-json\/wp\/v2\/posts\/130559\/revisions"}],"predecessor-version":[{"id":130703,"href":"https:\/\/centrourbano.com\/revista\/wp-json\/wp\/v2\/posts\/130559\/revisions\/130703"}],"wp:featuredmedia":[{"embeddable":true,"href":"https:\/\/centrourbano.com\/revista\/wp-json\/wp\/v2\/media\/130567"}],"wp:attachment":[{"href":"https:\/\/centrourbano.com\/revista\/wp-json\/wp\/v2\/media?parent=130559"}],"wp:term":[{"taxonomy":"category","embeddable":true,"href":"https:\/\/centrourbano.com\/revista\/wp-json\/wp\/v2\/categories?post=130559"},{"taxonomy":"post_tag","embeddable":true,"href":"https:\/\/centrourbano.com\/revista\/wp-json\/wp\/v2\/tags?post=130559"}],"curies":[{"name":"wp","href":"https:\/\/api.w.org\/{rel}","templated":true}]}}