{"id":130538,"date":"2022-05-25T15:08:26","date_gmt":"2022-05-25T20:08:26","guid":{"rendered":"https:\/\/centrourbano.com\/?p=130538"},"modified":"2022-05-25T16:38:57","modified_gmt":"2022-05-25T21:38:57","slug":"edomex-empleos-superavit","status":"publish","type":"post","link":"https:\/\/centrourbano.com\/revista\/actualidad\/edomex-empleos-superavit\/","title":{"rendered":"Reporta Edomex recuperaci\u00f3n de empleos y super\u00e1vit de 40,000 plazas"},"content":{"rendered":"<p><em>La secretaria del Trabajo, Maribel G\u00f3ngora Espinosa, destac\u00f3 que en el Edomex se generan las condiciones adecuadas para la creaci\u00f3n del empleo<\/em><!--more--><\/p>\n<p>En el marco de la <strong>IX Asamblea del Cl\u00faster Automotriz Regional Estado de M\u00e9xico<\/strong> (<strong>Claut Edomex<\/strong>), el <strong>titular de la Secretar\u00eda de Desarrollo Econ\u00f3mico<\/strong> <strong>local<\/strong>, <strong>Pablo Peralta Garc\u00eda<\/strong>, asegur\u00f3 que ya se han recuperado los <strong>60,000 empleos<\/strong> que se perdieron durante la pandemia en la entidad; adem\u00e1s de que se tiene un <strong>super\u00e1vit de entre 30,000 y 40,000 plazas.<\/strong><\/p>\n<p>\u201cEl Edomex se encuentra en la mejor v\u00eda de <strong>recuperaci\u00f3n despu\u00e9s de la pandemia<\/strong>; con <strong>inversiones<\/strong> y apertura de <strong>empleos<\/strong>, tanto temporales como fijos, que se derivan de un mayor n\u00famero de actividades vinculadas con la <strong>reactivaci\u00f3n econ\u00f3mica<\/strong>\u201d, dijo.<\/p>\n<p>Asimismo, el funcionario indic\u00f3 que el <strong>super\u00e1vit<\/strong> de empleo es resultado de la confianza de los inversionistas en la administraci\u00f3n de <strong>Alfredo Del Mazo<\/strong>; quien, a la fecha, ha hecho 62 anuncios de inversi\u00f3n que representan m\u00e1s de 170,000 millones de pesos y significar\u00e1n m\u00e1s de 232,000 plazas.<\/p>\n<p>Por su parte, la <strong>secretaria del Trabajo<\/strong>, <strong>Maribel G\u00f3ngora Espinosa<\/strong>, destac\u00f3 que en el Edomex se generan las condiciones adecuadas para la creaci\u00f3n del empleo; adem\u00e1s de que, a trav\u00e9s de la conciliaci\u00f3n entre trabajadores y empleadores, se mantiene la paz laboral en territorio mexiquense.<\/p>\n<p>De igual manera, los funcionarios reconocieron la importancia del <strong>sector automotriz<\/strong> para impulsar el dinamismo econ\u00f3mico en la entidad. Esto porque, del total de la inversi\u00f3n extranjera directa en el estado, el 17% se destin\u00f3 a la fabricaci\u00f3n de equipos de transporte; es decir, 1,600 millones de d\u00f3lares.<\/p>\n<p>En este sentido, <strong>Elisa Crespo<\/strong>, <strong>presidenta ejecutiva del Claut Edomex<\/strong>, mencion\u00f3 que la industria automotriz en la entidad es puntera de buenas pr\u00e1cticas; se encuentra fortalecida, avanza y permite que el Edomex sea precursor de manufactura automotriz en M\u00e9xico.<\/p>\n<a href=\"https:\/\/centrourbano.com\/revista\/wp-content\/uploads\/asamblea-edomex.jpg\" target=\"_blank\" rel=\"noopener\"><img loading=\"lazy\" decoding=\"async\" class=\"aligncenter wp-image-130540 \" src=\"https:\/\/centrourbano.com\/revista\/wp-content\/uploads\/asamblea-edomex.jpg\" alt=\"\" width=\"650\" height=\"433\" srcset=\"https:\/\/centrourbano.com\/revista\/wp-content\/uploads\/asamblea-edomex.jpg 2048w, https:\/\/centrourbano.com\/revista\/wp-content\/uploads\/asamblea-edomex-300x200.jpg 300w, https:\/\/centrourbano.com\/revista\/wp-content\/uploads\/asamblea-edomex-1000x666.jpg 1000w, https:\/\/centrourbano.com\/revista\/wp-content\/uploads\/asamblea-edomex-768x512.jpg 768w, https:\/\/centrourbano.com\/revista\/wp-content\/uploads\/asamblea-edomex-1536x1023.jpg 1536w\" sizes=\"auto, (max-width: 650px) 100vw, 650px\" \/><\/a>\n","protected":false},"excerpt":{"rendered":"<p>La secretaria del Trabajo, Maribel G\u00f3ngora Espinosa, destac\u00f3 que en el Edomex se generan las condiciones adecuadas para la creaci\u00f3n del empleo<\/p>\n","protected":false},"author":73,"featured_media":130539,"comment_status":"open","ping_status":"closed","sticky":false,"template":"","format":"standard","meta":{"om_disable_all_campaigns":false,"inline_featured_image":false,"_monsterinsights_skip_tracking":false,"_monsterinsights_sitenote_active":false,"_monsterinsights_sitenote_note":"","_monsterinsights_sitenote_category":0,"footnotes":""},"categories":[80,15],"tags":[589,426,6519,67,4745,21756],"class_list":["post-130538","post","type-post","status-publish","format-standard","has-post-thumbnail","hentry","category-actualidad","category-inmobiliario","tag-edomex","tag-empleo","tag-industria-automotriz","tag-inversion","tag-recuperacion","tag-superavit"],"yoast_head":"<!-- This site is optimized with the Yoast SEO plugin v27.4 - https:\/\/yoast.com\/product\/yoast-seo-wordpress\/ -->\n<title>Edomex reporta recuperaci\u00f3n de empleos y super\u00e1vit de 40,000 plazas<\/title>\n<meta name=\"description\" content=\"La secretaria del Trabajo, Maribel G\u00f3ngora Espinosa, destac\u00f3 que en el Edomex se generan las condiciones para la creaci\u00f3n del empleo\" \/>\n<meta name=\"robots\" content=\"index, follow, max-snippet:-1, max-image-preview:large, max-video-preview:-1\" \/>\n<link rel=\"canonical\" href=\"https:\/\/centrourbano.com\/revista\/actualidad\/edomex-empleos-superavit\/\" \/>\n<meta property=\"og:locale\" content=\"es_ES\" \/>\n<meta property=\"og:type\" content=\"article\" \/>\n<meta property=\"og:title\" content=\"Edomex reporta recuperaci\u00f3n de empleos y super\u00e1vit de 40,000 plazas\" \/>\n<meta property=\"og:description\" content=\"La secretaria del Trabajo, Maribel G\u00f3ngora Espinosa, destac\u00f3 que en el Edomex se generan las condiciones para la creaci\u00f3n del empleo\" \/>\n<meta property=\"og:url\" content=\"https:\/\/centrourbano.com\/revista\/actualidad\/edomex-empleos-superavit\/\" \/>\n<meta property=\"og:site_name\" content=\"Centro Urbano\" \/>\n<meta property=\"article:publisher\" content=\"https:\/\/www.facebook.com\/portalcentrourbano\" \/>\n<meta property=\"article:published_time\" content=\"2022-05-25T20:08:26+00:00\" \/>\n<meta property=\"article:modified_time\" content=\"2022-05-25T21:38:57+00:00\" \/>\n<meta property=\"og:image\" content=\"https:\/\/centrourbano.com\/revista\/wp-content\/uploads\/Edomex-reporta-recuperacion-de-empleos-y-superavit-de-40000-plazas.jpg\" \/>\n\t<meta property=\"og:image:width\" content=\"500\" \/>\n\t<meta property=\"og:image:height\" content=\"450\" \/>\n\t<meta property=\"og:image:type\" content=\"image\/jpeg\" \/>\n<meta name=\"author\" content=\"Fernanda Hern\u00e1ndez\" \/>\n<meta name=\"twitter:card\" content=\"summary_large_image\" \/>\n<meta name=\"twitter:creator\" content=\"@https:\/\/twitter.com\/Nannz_Hernandez\" \/>\n<meta name=\"twitter:site\" content=\"@CentroUrbano\" \/>\n<meta name=\"twitter:label1\" content=\"Escrito por\" \/>\n\t<meta name=\"twitter:data1\" content=\"Fernanda Hern\u00e1ndez\" \/>\n\t<meta name=\"twitter:label2\" content=\"Tiempo de lectura\" \/>\n\t<meta name=\"twitter:data2\" content=\"2 minutos\" \/>\n<script type=\"application\/ld+json\" class=\"yoast-schema-graph\">{\"@context\":\"https:\\\/\\\/schema.org\",\"@graph\":[{\"@type\":\"Article\",\"@id\":\"https:\\\/\\\/centrourbano.com\\\/revista\\\/actualidad\\\/edomex-empleos-superavit\\\/#article\",\"isPartOf\":{\"@id\":\"https:\\\/\\\/centrourbano.com\\\/revista\\\/actualidad\\\/edomex-empleos-superavit\\\/\"},\"author\":{\"name\":\"Fernanda Hern\u00e1ndez\",\"@id\":\"https:\\\/\\\/centrourbano.com\\\/revista\\\/#\\\/schema\\\/person\\\/b190b20bbbceb41ec72278c546fa8df3\"},\"headline\":\"Reporta Edomex recuperaci\u00f3n de empleos y super\u00e1vit de 40,000 plazas\",\"datePublished\":\"2022-05-25T20:08:26+00:00\",\"dateModified\":\"2022-05-25T21:38:57+00:00\",\"mainEntityOfPage\":{\"@id\":\"https:\\\/\\\/centrourbano.com\\\/revista\\\/actualidad\\\/edomex-empleos-superavit\\\/\"},\"wordCount\":335,\"commentCount\":0,\"publisher\":{\"@id\":\"https:\\\/\\\/centrourbano.com\\\/revista\\\/#organization\"},\"image\":{\"@id\":\"https:\\\/\\\/centrourbano.com\\\/revista\\\/actualidad\\\/edomex-empleos-superavit\\\/#primaryimage\"},\"thumbnailUrl\":\"https:\\\/\\\/centrourbano.com\\\/revista\\\/wp-content\\\/uploads\\\/Edomex-reporta-recuperacion-de-empleos-y-superavit-de-40000-plazas.jpg\",\"keywords\":[\"Edomex\",\"empleo\",\"industria automotriz\",\"inversi\u00f3n\",\"Recuperaci\u00f3n\",\"Super\u00e1vit\"],\"articleSection\":[\"Actualidad\",\"Inmobiliario\"],\"inLanguage\":\"es\",\"potentialAction\":[{\"@type\":\"CommentAction\",\"name\":\"Comment\",\"target\":[\"https:\\\/\\\/centrourbano.com\\\/revista\\\/actualidad\\\/edomex-empleos-superavit\\\/#respond\"]}]},{\"@type\":\"WebPage\",\"@id\":\"https:\\\/\\\/centrourbano.com\\\/revista\\\/actualidad\\\/edomex-empleos-superavit\\\/\",\"url\":\"https:\\\/\\\/centrourbano.com\\\/revista\\\/actualidad\\\/edomex-empleos-superavit\\\/\",\"name\":\"Edomex reporta recuperaci\u00f3n de empleos y super\u00e1vit de 40,000 plazas\",\"isPartOf\":{\"@id\":\"https:\\\/\\\/centrourbano.com\\\/revista\\\/#website\"},\"primaryImageOfPage\":{\"@id\":\"https:\\\/\\\/centrourbano.com\\\/revista\\\/actualidad\\\/edomex-empleos-superavit\\\/#primaryimage\"},\"image\":{\"@id\":\"https:\\\/\\\/centrourbano.com\\\/revista\\\/actualidad\\\/edomex-empleos-superavit\\\/#primaryimage\"},\"thumbnailUrl\":\"https:\\\/\\\/centrourbano.com\\\/revista\\\/wp-content\\\/uploads\\\/Edomex-reporta-recuperacion-de-empleos-y-superavit-de-40000-plazas.jpg\",\"datePublished\":\"2022-05-25T20:08:26+00:00\",\"dateModified\":\"2022-05-25T21:38:57+00:00\",\"description\":\"La secretaria del Trabajo, Maribel G\u00f3ngora Espinosa, destac\u00f3 que en el Edomex se generan las condiciones para la creaci\u00f3n del empleo\",\"breadcrumb\":{\"@id\":\"https:\\\/\\\/centrourbano.com\\\/revista\\\/actualidad\\\/edomex-empleos-superavit\\\/#breadcrumb\"},\"inLanguage\":\"es\",\"potentialAction\":[{\"@type\":\"ReadAction\",\"target\":[\"https:\\\/\\\/centrourbano.com\\\/revista\\\/actualidad\\\/edomex-empleos-superavit\\\/\"]}]},{\"@type\":\"ImageObject\",\"inLanguage\":\"es\",\"@id\":\"https:\\\/\\\/centrourbano.com\\\/revista\\\/actualidad\\\/edomex-empleos-superavit\\\/#primaryimage\",\"url\":\"https:\\\/\\\/centrourbano.com\\\/revista\\\/wp-content\\\/uploads\\\/Edomex-reporta-recuperacion-de-empleos-y-superavit-de-40000-plazas.jpg\",\"contentUrl\":\"https:\\\/\\\/centrourbano.com\\\/revista\\\/wp-content\\\/uploads\\\/Edomex-reporta-recuperacion-de-empleos-y-superavit-de-40000-plazas.jpg\",\"width\":500,\"height\":450,\"caption\":\"La secretaria del Trabajo, Maribel G\u00f3ngora Espinosa, destac\u00f3 que en el Edomex se generan las condiciones para la creaci\u00f3n del empleo\"},{\"@type\":\"BreadcrumbList\",\"@id\":\"https:\\\/\\\/centrourbano.com\\\/revista\\\/actualidad\\\/edomex-empleos-superavit\\\/#breadcrumb\",\"itemListElement\":[{\"@type\":\"ListItem\",\"position\":1,\"name\":\"Portada\",\"item\":\"https:\\\/\\\/centrourbano.com\\\/revista\\\/\"},{\"@type\":\"ListItem\",\"position\":2,\"name\":\"Reporta Edomex recuperaci\u00f3n de empleos y super\u00e1vit de 40,000 plazas\"}]},{\"@type\":\"WebSite\",\"@id\":\"https:\\\/\\\/centrourbano.com\\\/revista\\\/#website\",\"url\":\"https:\\\/\\\/centrourbano.com\\\/revista\\\/\",\"name\":\"Centro Urbano\",\"description\":\"Medio especializado en los sectores vivienda, inmobiliario, construcci\u00f3n, arquitectura y urbanismo.\",\"publisher\":{\"@id\":\"https:\\\/\\\/centrourbano.com\\\/revista\\\/#organization\"},\"potentialAction\":[{\"@type\":\"SearchAction\",\"target\":{\"@type\":\"EntryPoint\",\"urlTemplate\":\"https:\\\/\\\/centrourbano.com\\\/revista\\\/?s={search_term_string}\"},\"query-input\":{\"@type\":\"PropertyValueSpecification\",\"valueRequired\":true,\"valueName\":\"search_term_string\"}}],\"inLanguage\":\"es\"},{\"@type\":\"Organization\",\"@id\":\"https:\\\/\\\/centrourbano.com\\\/revista\\\/#organization\",\"name\":\"Centro Urbano\",\"url\":\"https:\\\/\\\/centrourbano.com\\\/revista\\\/\",\"logo\":{\"@type\":\"ImageObject\",\"inLanguage\":\"es\",\"@id\":\"https:\\\/\\\/centrourbano.com\\\/revista\\\/#\\\/schema\\\/logo\\\/image\\\/\",\"url\":\"https:\\\/\\\/centrourbano.com\\\/revista\\\/wp-content\\\/uploads\\\/web_CU_logo-1.png\",\"contentUrl\":\"https:\\\/\\\/centrourbano.com\\\/revista\\\/wp-content\\\/uploads\\\/web_CU_logo-1.png\",\"width\":350,\"height\":91,\"caption\":\"Centro Urbano\"},\"image\":{\"@id\":\"https:\\\/\\\/centrourbano.com\\\/revista\\\/#\\\/schema\\\/logo\\\/image\\\/\"},\"sameAs\":[\"https:\\\/\\\/www.facebook.com\\\/portalcentrourbano\",\"https:\\\/\\\/x.com\\\/CentroUrbano\",\"https:\\\/\\\/www.instagram.com\\\/centro_urbano\\\/\",\"https:\\\/\\\/www.linkedin.com\\\/company\\\/centro-urbano\\\/\",\"http:\\\/\\\/www.youtube.com\\\/user\\\/portalcentrourbano\"]},{\"@type\":\"Person\",\"@id\":\"https:\\\/\\\/centrourbano.com\\\/revista\\\/#\\\/schema\\\/person\\\/b190b20bbbceb41ec72278c546fa8df3\",\"name\":\"Fernanda Hern\u00e1ndez\",\"image\":{\"@type\":\"ImageObject\",\"inLanguage\":\"es\",\"@id\":\"https:\\\/\\\/secure.gravatar.com\\\/avatar\\\/9471831fb0a24eae9d32d826a7cb8ef07c34a41520aca1a0ab1f5c0903ba49b9?s=96&d=mm&r=g\",\"url\":\"https:\\\/\\\/secure.gravatar.com\\\/avatar\\\/9471831fb0a24eae9d32d826a7cb8ef07c34a41520aca1a0ab1f5c0903ba49b9?s=96&d=mm&r=g\",\"contentUrl\":\"https:\\\/\\\/secure.gravatar.com\\\/avatar\\\/9471831fb0a24eae9d32d826a7cb8ef07c34a41520aca1a0ab1f5c0903ba49b9?s=96&d=mm&r=g\",\"caption\":\"Fernanda Hern\u00e1ndez\"},\"description\":\"Reportera y redactora en Centro Urbano. Soy egresada de la licenciatura en Ciencias de la Comunicaci\u00f3n de la Facultad de Ciencias Pol\u00edticas y Sociales (UNAM). Me interesa la cultura, el urbanismo y la arquitectura. Amante del mundo digital, el cine, la m\u00fasica, la lectura y la escritura.\",\"sameAs\":[\"https:\\\/\\\/x.com\\\/https:\\\/\\\/twitter.com\\\/Nannz_Hernandez\"],\"url\":\"https:\\\/\\\/centrourbano.com\\\/revista\\\/author\\\/fernanda-hernandez\\\/\"}]}<\/script>\n<!-- \/ Yoast SEO plugin. -->","yoast_head_json":{"title":"Edomex reporta recuperaci\u00f3n de empleos y super\u00e1vit de 40,000 plazas","description":"La secretaria del Trabajo, Maribel G\u00f3ngora Espinosa, destac\u00f3 que en el Edomex se generan las condiciones para la creaci\u00f3n del empleo","robots":{"index":"index","follow":"follow","max-snippet":"max-snippet:-1","max-image-preview":"max-image-preview:large","max-video-preview":"max-video-preview:-1"},"canonical":"https:\/\/centrourbano.com\/revista\/actualidad\/edomex-empleos-superavit\/","og_locale":"es_ES","og_type":"article","og_title":"Edomex reporta recuperaci\u00f3n de empleos y super\u00e1vit de 40,000 plazas","og_description":"La secretaria del Trabajo, Maribel G\u00f3ngora Espinosa, destac\u00f3 que en el Edomex se generan las condiciones para la creaci\u00f3n del empleo","og_url":"https:\/\/centrourbano.com\/revista\/actualidad\/edomex-empleos-superavit\/","og_site_name":"Centro Urbano","article_publisher":"https:\/\/www.facebook.com\/portalcentrourbano","article_published_time":"2022-05-25T20:08:26+00:00","article_modified_time":"2022-05-25T21:38:57+00:00","og_image":[{"width":500,"height":450,"url":"https:\/\/centrourbano.com\/revista\/wp-content\/uploads\/Edomex-reporta-recuperacion-de-empleos-y-superavit-de-40000-plazas.jpg","type":"image\/jpeg"}],"author":"Fernanda Hern\u00e1ndez","twitter_card":"summary_large_image","twitter_creator":"@https:\/\/twitter.com\/Nannz_Hernandez","twitter_site":"@CentroUrbano","twitter_misc":{"Escrito por":"Fernanda Hern\u00e1ndez","Tiempo de lectura":"2 minutos"},"schema":{"@context":"https:\/\/schema.org","@graph":[{"@type":"Article","@id":"https:\/\/centrourbano.com\/revista\/actualidad\/edomex-empleos-superavit\/#article","isPartOf":{"@id":"https:\/\/centrourbano.com\/revista\/actualidad\/edomex-empleos-superavit\/"},"author":{"name":"Fernanda Hern\u00e1ndez","@id":"https:\/\/centrourbano.com\/revista\/#\/schema\/person\/b190b20bbbceb41ec72278c546fa8df3"},"headline":"Reporta Edomex recuperaci\u00f3n de empleos y super\u00e1vit de 40,000 plazas","datePublished":"2022-05-25T20:08:26+00:00","dateModified":"2022-05-25T21:38:57+00:00","mainEntityOfPage":{"@id":"https:\/\/centrourbano.com\/revista\/actualidad\/edomex-empleos-superavit\/"},"wordCount":335,"commentCount":0,"publisher":{"@id":"https:\/\/centrourbano.com\/revista\/#organization"},"image":{"@id":"https:\/\/centrourbano.com\/revista\/actualidad\/edomex-empleos-superavit\/#primaryimage"},"thumbnailUrl":"https:\/\/centrourbano.com\/revista\/wp-content\/uploads\/Edomex-reporta-recuperacion-de-empleos-y-superavit-de-40000-plazas.jpg","keywords":["Edomex","empleo","industria automotriz","inversi\u00f3n","Recuperaci\u00f3n","Super\u00e1vit"],"articleSection":["Actualidad","Inmobiliario"],"inLanguage":"es","potentialAction":[{"@type":"CommentAction","name":"Comment","target":["https:\/\/centrourbano.com\/revista\/actualidad\/edomex-empleos-superavit\/#respond"]}]},{"@type":"WebPage","@id":"https:\/\/centrourbano.com\/revista\/actualidad\/edomex-empleos-superavit\/","url":"https:\/\/centrourbano.com\/revista\/actualidad\/edomex-empleos-superavit\/","name":"Edomex reporta recuperaci\u00f3n de empleos y super\u00e1vit de 40,000 plazas","isPartOf":{"@id":"https:\/\/centrourbano.com\/revista\/#website"},"primaryImageOfPage":{"@id":"https:\/\/centrourbano.com\/revista\/actualidad\/edomex-empleos-superavit\/#primaryimage"},"image":{"@id":"https:\/\/centrourbano.com\/revista\/actualidad\/edomex-empleos-superavit\/#primaryimage"},"thumbnailUrl":"https:\/\/centrourbano.com\/revista\/wp-content\/uploads\/Edomex-reporta-recuperacion-de-empleos-y-superavit-de-40000-plazas.jpg","datePublished":"2022-05-25T20:08:26+00:00","dateModified":"2022-05-25T21:38:57+00:00","description":"La secretaria del Trabajo, Maribel G\u00f3ngora Espinosa, destac\u00f3 que en el Edomex se generan las condiciones para la creaci\u00f3n del empleo","breadcrumb":{"@id":"https:\/\/centrourbano.com\/revista\/actualidad\/edomex-empleos-superavit\/#breadcrumb"},"inLanguage":"es","potentialAction":[{"@type":"ReadAction","target":["https:\/\/centrourbano.com\/revista\/actualidad\/edomex-empleos-superavit\/"]}]},{"@type":"ImageObject","inLanguage":"es","@id":"https:\/\/centrourbano.com\/revista\/actualidad\/edomex-empleos-superavit\/#primaryimage","url":"https:\/\/centrourbano.com\/revista\/wp-content\/uploads\/Edomex-reporta-recuperacion-de-empleos-y-superavit-de-40000-plazas.jpg","contentUrl":"https:\/\/centrourbano.com\/revista\/wp-content\/uploads\/Edomex-reporta-recuperacion-de-empleos-y-superavit-de-40000-plazas.jpg","width":500,"height":450,"caption":"La secretaria del Trabajo, Maribel G\u00f3ngora Espinosa, destac\u00f3 que en el Edomex se generan las condiciones para la creaci\u00f3n del empleo"},{"@type":"BreadcrumbList","@id":"https:\/\/centrourbano.com\/revista\/actualidad\/edomex-empleos-superavit\/#breadcrumb","itemListElement":[{"@type":"ListItem","position":1,"name":"Portada","item":"https:\/\/centrourbano.com\/revista\/"},{"@type":"ListItem","position":2,"name":"Reporta Edomex recuperaci\u00f3n de empleos y super\u00e1vit de 40,000 plazas"}]},{"@type":"WebSite","@id":"https:\/\/centrourbano.com\/revista\/#website","url":"https:\/\/centrourbano.com\/revista\/","name":"Centro Urbano","description":"Medio especializado en los sectores vivienda, inmobiliario, construcci\u00f3n, arquitectura y urbanismo.","publisher":{"@id":"https:\/\/centrourbano.com\/revista\/#organization"},"potentialAction":[{"@type":"SearchAction","target":{"@type":"EntryPoint","urlTemplate":"https:\/\/centrourbano.com\/revista\/?s={search_term_string}"},"query-input":{"@type":"PropertyValueSpecification","valueRequired":true,"valueName":"search_term_string"}}],"inLanguage":"es"},{"@type":"Organization","@id":"https:\/\/centrourbano.com\/revista\/#organization","name":"Centro Urbano","url":"https:\/\/centrourbano.com\/revista\/","logo":{"@type":"ImageObject","inLanguage":"es","@id":"https:\/\/centrourbano.com\/revista\/#\/schema\/logo\/image\/","url":"https:\/\/centrourbano.com\/revista\/wp-content\/uploads\/web_CU_logo-1.png","contentUrl":"https:\/\/centrourbano.com\/revista\/wp-content\/uploads\/web_CU_logo-1.png","width":350,"height":91,"caption":"Centro Urbano"},"image":{"@id":"https:\/\/centrourbano.com\/revista\/#\/schema\/logo\/image\/"},"sameAs":["https:\/\/www.facebook.com\/portalcentrourbano","https:\/\/x.com\/CentroUrbano","https:\/\/www.instagram.com\/centro_urbano\/","https:\/\/www.linkedin.com\/company\/centro-urbano\/","http:\/\/www.youtube.com\/user\/portalcentrourbano"]},{"@type":"Person","@id":"https:\/\/centrourbano.com\/revista\/#\/schema\/person\/b190b20bbbceb41ec72278c546fa8df3","name":"Fernanda Hern\u00e1ndez","image":{"@type":"ImageObject","inLanguage":"es","@id":"https:\/\/secure.gravatar.com\/avatar\/9471831fb0a24eae9d32d826a7cb8ef07c34a41520aca1a0ab1f5c0903ba49b9?s=96&d=mm&r=g","url":"https:\/\/secure.gravatar.com\/avatar\/9471831fb0a24eae9d32d826a7cb8ef07c34a41520aca1a0ab1f5c0903ba49b9?s=96&d=mm&r=g","contentUrl":"https:\/\/secure.gravatar.com\/avatar\/9471831fb0a24eae9d32d826a7cb8ef07c34a41520aca1a0ab1f5c0903ba49b9?s=96&d=mm&r=g","caption":"Fernanda Hern\u00e1ndez"},"description":"Reportera y redactora en Centro Urbano. Soy egresada de la licenciatura en Ciencias de la Comunicaci\u00f3n de la Facultad de Ciencias Pol\u00edticas y Sociales (UNAM). Me interesa la cultura, el urbanismo y la arquitectura. Amante del mundo digital, el cine, la m\u00fasica, la lectura y la escritura.","sameAs":["https:\/\/x.com\/https:\/\/twitter.com\/Nannz_Hernandez"],"url":"https:\/\/centrourbano.com\/revista\/author\/fernanda-hernandez\/"}]}},"_links":{"self":[{"href":"https:\/\/centrourbano.com\/revista\/wp-json\/wp\/v2\/posts\/130538","targetHints":{"allow":["GET"]}}],"collection":[{"href":"https:\/\/centrourbano.com\/revista\/wp-json\/wp\/v2\/posts"}],"about":[{"href":"https:\/\/centrourbano.com\/revista\/wp-json\/wp\/v2\/types\/post"}],"author":[{"embeddable":true,"href":"https:\/\/centrourbano.com\/revista\/wp-json\/wp\/v2\/users\/73"}],"replies":[{"embeddable":true,"href":"https:\/\/centrourbano.com\/revista\/wp-json\/wp\/v2\/comments?post=130538"}],"version-history":[{"count":1,"href":"https:\/\/centrourbano.com\/revista\/wp-json\/wp\/v2\/posts\/130538\/revisions"}],"predecessor-version":[{"id":130541,"href":"https:\/\/centrourbano.com\/revista\/wp-json\/wp\/v2\/posts\/130538\/revisions\/130541"}],"wp:featuredmedia":[{"embeddable":true,"href":"https:\/\/centrourbano.com\/revista\/wp-json\/wp\/v2\/media\/130539"}],"wp:attachment":[{"href":"https:\/\/centrourbano.com\/revista\/wp-json\/wp\/v2\/media?parent=130538"}],"wp:term":[{"taxonomy":"category","embeddable":true,"href":"https:\/\/centrourbano.com\/revista\/wp-json\/wp\/v2\/categories?post=130538"},{"taxonomy":"post_tag","embeddable":true,"href":"https:\/\/centrourbano.com\/revista\/wp-json\/wp\/v2\/tags?post=130538"}],"curies":[{"name":"wp","href":"https:\/\/api.w.org\/{rel}","templated":true}]}}