{"id":130454,"date":"2022-05-23T15:01:14","date_gmt":"2022-05-23T20:01:14","guid":{"rendered":"https:\/\/centrourbano.com\/?p=130454"},"modified":"2022-05-23T16:02:06","modified_gmt":"2022-05-23T21:02:06","slug":"gcdmx-normas-mercados-publicos","status":"publish","type":"post","link":"https:\/\/centrourbano.com\/revista\/urbanismo\/gcdmx-normas-mercados-publicos\/","title":{"rendered":"GCDMX publica nuevas normas para Mercados P\u00fablicos"},"content":{"rendered":"<p><em>Asimismo, el titular de la Sedeco anunci\u00f3 la intervenci\u00f3n de 49 mercados p\u00fablicos este 2022; lo que significar\u00e1 una inversi\u00f3n de 228 millones de pesos<\/em><!--more--><\/p>\n<p>El <strong>Gobierno de la Ciudad de M\u00e9xico<\/strong>, a trav\u00e9s de la <strong>Secretar\u00eda de Desarrollo Econ\u00f3mico<\/strong> (<a href=\"https:\/\/centrourbano.com\/actualidad\/gcdmx-emite-lineamientos-extraordinarios-para-mercados-de-la-capital\/\" target=\"_blank\" rel=\"noopener\"><strong>Sedeco<\/strong><\/a>), public\u00f3 en la Gaceta Oficial las \u2018<strong>Normas para la Regulaci\u00f3n y Funcionamiento de los Mercado P\u00fablicos de la Ciudad de M\u00e9xico<\/strong>\u2019.<\/p>\n<p>Estas nuevas normas tienen el prop\u00f3sito de potencializar y actualizar la actividad econ\u00f3mica de los centros de abasto y <strong>brindar certeza jur\u00eddica<\/strong> a los locatarios; as\u00ed como una <strong>mayor transparencia<\/strong> y <strong>eficiencia administrativa<\/strong>.<\/p>\n<p>Adem\u00e1s, en ellas se incluyen los Lineamientos para la Operaci\u00f3n y Funcionamiento de los Mercados P\u00fablicos; el Cat\u00e1logo de Giros para el Desarrollo de Actividades Comerciales en Mercados P\u00fablicos; el Empadronamiento, Refrendo y Autorizaci\u00f3n hasta por 90 d\u00edas; y las Normas para las Romer\u00edas en Mercados P\u00fablicos, lo que coadyuva a la simplificaci\u00f3n normativa.<\/p>\n<p>La nueva reglamentaci\u00f3n tambi\u00e9n incluye los siguientes apartados:<\/p>\n<ul>\n<li><strong>Reconocimiento de Derechos Adquiridos<\/strong> de los locatarios o comerciantes permanentes, que establece la Constituci\u00f3n Pol\u00edtica de la Ciudad de M\u00e9xico.<\/li>\n<li><strong>Simplificaci\u00f3n normativa<\/strong> mediante la implementaci\u00f3n de un nuevo sistema de empadronamiento; a trav\u00e9s del cual se podr\u00e1n realizar los tr\u00e1mites establecidos en las presentes Normas.<\/li>\n<li><strong>Simplificaci\u00f3n administrativa y transparencia<\/strong> para beneficio de los locatarios o comerciantes permanentes.<\/li>\n<li><strong>Sanciones<\/strong>: Se proh\u00edbe la modificaci\u00f3n o alteraci\u00f3n de instalaciones el\u00e9ctricas e hidrosanitarias sin autorizaci\u00f3n de la autoridad competente.<\/li>\n<li><strong>Nueva Asignaci\u00f3n<\/strong>: Los locales o puestos que deriven de una recuperaci\u00f3n por inactividad, podr\u00e1n ser objeto de una nueva asignaci\u00f3n.<\/li>\n<li><strong>Venta de Animales<\/strong>: Estar\u00e1 sujeto a lo establecido en la Ley de Protecci\u00f3n a los Animales de la Ciudad de M\u00e9xico y su reglamento.<\/li>\n<\/ul>\n<h2><strong>Intervenci\u00f3n de mercados p\u00fablicos de la CDMX<\/strong><\/h2>\n<p>Al respecto, <strong>Fadlala Akabani Hneide<\/strong>, <strong>titular de la Sedeco<\/strong>, destac\u00f3 que exist\u00eda una urgente necesidad de dar certeza a los comerciantes de los 336 mercados p\u00fablicos de la ciudad; tanto en su funcionamiento como en su atenci\u00f3n a trav\u00e9s de la Acci\u00f3n Institucional que dirige el Gobierno capitalino.<\/p>\n<p>Por ello, indic\u00f3 que la actual administraci\u00f3n ha invertido 596 millones 828,000 pesos en <strong>187 mercados<\/strong>; y en conjunto con las alcald\u00edas la cifra asciende a 964 millones 812,000 pesos.<\/p>\n<p>Adem\u00e1s, anunci\u00f3 que este 2022 se intervendr\u00e1n otros <strong>49 mercados p\u00fablicos<\/strong>; lo que significar\u00e1 una inversi\u00f3n de 228 millones de pesos.<\/p>\n","protected":false},"excerpt":{"rendered":"<p>Asimismo, el titular de la Sedeco anunci\u00f3 la intervenci\u00f3n de 49 mercados p\u00fablicos este 2022; lo que significar\u00e1 una inversi\u00f3n de 228 millones de pesos<\/p>\n","protected":false},"author":73,"featured_media":130455,"comment_status":"open","ping_status":"closed","sticky":false,"template":"","format":"standard","meta":{"om_disable_all_campaigns":false,"inline_featured_image":false,"_monsterinsights_skip_tracking":false,"_monsterinsights_sitenote_active":false,"_monsterinsights_sitenote_note":"","_monsterinsights_sitenote_category":0,"footnotes":""},"categories":[82],"tags":[5374,11286,3234,21749,805],"class_list":["post-130454","post","type-post","status-publish","format-standard","has-post-thumbnail","hentry","category-urbanismo","tag-gaceta-oficial","tag-gobierno-cdmx","tag-mercados-publicos","tag-normas-para-la-regulacion-y-funcionamiento-de-mercados","tag-sedeco"],"yoast_head":"<!-- This site is optimized with the Yoast SEO plugin v27.4 - https:\/\/yoast.com\/product\/yoast-seo-wordpress\/ -->\n<title>GCDMX publica nuevas normas para Mercados P\u00fablicos<\/title>\n<meta name=\"description\" content=\"Asimismo, el titular de la Sedeco anunci\u00f3 la intervenci\u00f3n de 49 mercados p\u00fablicos este 2022; lo que significar\u00e1 una inversi\u00f3n de 228 mdp\" \/>\n<meta name=\"robots\" content=\"index, follow, max-snippet:-1, max-image-preview:large, max-video-preview:-1\" \/>\n<link rel=\"canonical\" href=\"https:\/\/centrourbano.com\/revista\/urbanismo\/gcdmx-normas-mercados-publicos\/\" \/>\n<meta property=\"og:locale\" content=\"es_ES\" \/>\n<meta property=\"og:type\" content=\"article\" \/>\n<meta property=\"og:title\" content=\"GCDMX publica nuevas normas para Mercados P\u00fablicos\" \/>\n<meta property=\"og:description\" content=\"Asimismo, el titular de la Sedeco anunci\u00f3 la intervenci\u00f3n de 49 mercados p\u00fablicos este 2022; lo que significar\u00e1 una inversi\u00f3n de 228 mdp\" \/>\n<meta property=\"og:url\" content=\"https:\/\/centrourbano.com\/revista\/urbanismo\/gcdmx-normas-mercados-publicos\/\" \/>\n<meta property=\"og:site_name\" content=\"Centro Urbano\" \/>\n<meta property=\"article:publisher\" content=\"https:\/\/www.facebook.com\/portalcentrourbano\" \/>\n<meta property=\"article:published_time\" content=\"2022-05-23T20:01:14+00:00\" \/>\n<meta property=\"article:modified_time\" content=\"2022-05-23T21:02:06+00:00\" \/>\n<meta property=\"og:image\" content=\"https:\/\/centrourbano.com\/revista\/wp-content\/uploads\/GCDMX-publica-nuevas-normas-para-Mercados-Publicos.jpg\" \/>\n\t<meta property=\"og:image:width\" content=\"500\" \/>\n\t<meta property=\"og:image:height\" content=\"450\" \/>\n\t<meta property=\"og:image:type\" content=\"image\/jpeg\" \/>\n<meta name=\"author\" content=\"Fernanda Hern\u00e1ndez\" \/>\n<meta name=\"twitter:card\" content=\"summary_large_image\" \/>\n<meta name=\"twitter:creator\" content=\"@https:\/\/twitter.com\/Nannz_Hernandez\" \/>\n<meta name=\"twitter:site\" content=\"@CentroUrbano\" \/>\n<meta name=\"twitter:label1\" content=\"Escrito por\" \/>\n\t<meta name=\"twitter:data1\" content=\"Fernanda Hern\u00e1ndez\" \/>\n\t<meta name=\"twitter:label2\" content=\"Tiempo de lectura\" \/>\n\t<meta name=\"twitter:data2\" content=\"2 minutos\" \/>\n<script type=\"application\/ld+json\" class=\"yoast-schema-graph\">{\"@context\":\"https:\\\/\\\/schema.org\",\"@graph\":[{\"@type\":\"Article\",\"@id\":\"https:\\\/\\\/centrourbano.com\\\/revista\\\/urbanismo\\\/gcdmx-normas-mercados-publicos\\\/#article\",\"isPartOf\":{\"@id\":\"https:\\\/\\\/centrourbano.com\\\/revista\\\/urbanismo\\\/gcdmx-normas-mercados-publicos\\\/\"},\"author\":{\"name\":\"Fernanda Hern\u00e1ndez\",\"@id\":\"https:\\\/\\\/centrourbano.com\\\/revista\\\/#\\\/schema\\\/person\\\/b190b20bbbceb41ec72278c546fa8df3\"},\"headline\":\"GCDMX publica nuevas normas para Mercados P\u00fablicos\",\"datePublished\":\"2022-05-23T20:01:14+00:00\",\"dateModified\":\"2022-05-23T21:02:06+00:00\",\"mainEntityOfPage\":{\"@id\":\"https:\\\/\\\/centrourbano.com\\\/revista\\\/urbanismo\\\/gcdmx-normas-mercados-publicos\\\/\"},\"wordCount\":435,\"commentCount\":0,\"publisher\":{\"@id\":\"https:\\\/\\\/centrourbano.com\\\/revista\\\/#organization\"},\"image\":{\"@id\":\"https:\\\/\\\/centrourbano.com\\\/revista\\\/urbanismo\\\/gcdmx-normas-mercados-publicos\\\/#primaryimage\"},\"thumbnailUrl\":\"https:\\\/\\\/centrourbano.com\\\/revista\\\/wp-content\\\/uploads\\\/GCDMX-publica-nuevas-normas-para-Mercados-Publicos.jpg\",\"keywords\":[\"Gaceta Oficial\",\"Gobierno CDMX\",\"Mercados P\u00fablicos\",\"Normas para la Regulaci\u00f3n y Funcionamiento de Mercados\",\"Sedeco\"],\"articleSection\":[\"Urbanismo\"],\"inLanguage\":\"es\",\"potentialAction\":[{\"@type\":\"CommentAction\",\"name\":\"Comment\",\"target\":[\"https:\\\/\\\/centrourbano.com\\\/revista\\\/urbanismo\\\/gcdmx-normas-mercados-publicos\\\/#respond\"]}]},{\"@type\":\"WebPage\",\"@id\":\"https:\\\/\\\/centrourbano.com\\\/revista\\\/urbanismo\\\/gcdmx-normas-mercados-publicos\\\/\",\"url\":\"https:\\\/\\\/centrourbano.com\\\/revista\\\/urbanismo\\\/gcdmx-normas-mercados-publicos\\\/\",\"name\":\"GCDMX publica nuevas normas para Mercados P\u00fablicos\",\"isPartOf\":{\"@id\":\"https:\\\/\\\/centrourbano.com\\\/revista\\\/#website\"},\"primaryImageOfPage\":{\"@id\":\"https:\\\/\\\/centrourbano.com\\\/revista\\\/urbanismo\\\/gcdmx-normas-mercados-publicos\\\/#primaryimage\"},\"image\":{\"@id\":\"https:\\\/\\\/centrourbano.com\\\/revista\\\/urbanismo\\\/gcdmx-normas-mercados-publicos\\\/#primaryimage\"},\"thumbnailUrl\":\"https:\\\/\\\/centrourbano.com\\\/revista\\\/wp-content\\\/uploads\\\/GCDMX-publica-nuevas-normas-para-Mercados-Publicos.jpg\",\"datePublished\":\"2022-05-23T20:01:14+00:00\",\"dateModified\":\"2022-05-23T21:02:06+00:00\",\"description\":\"Asimismo, el titular de la Sedeco anunci\u00f3 la intervenci\u00f3n de 49 mercados p\u00fablicos este 2022; lo que significar\u00e1 una inversi\u00f3n de 228 mdp\",\"breadcrumb\":{\"@id\":\"https:\\\/\\\/centrourbano.com\\\/revista\\\/urbanismo\\\/gcdmx-normas-mercados-publicos\\\/#breadcrumb\"},\"inLanguage\":\"es\",\"potentialAction\":[{\"@type\":\"ReadAction\",\"target\":[\"https:\\\/\\\/centrourbano.com\\\/revista\\\/urbanismo\\\/gcdmx-normas-mercados-publicos\\\/\"]}]},{\"@type\":\"ImageObject\",\"inLanguage\":\"es\",\"@id\":\"https:\\\/\\\/centrourbano.com\\\/revista\\\/urbanismo\\\/gcdmx-normas-mercados-publicos\\\/#primaryimage\",\"url\":\"https:\\\/\\\/centrourbano.com\\\/revista\\\/wp-content\\\/uploads\\\/GCDMX-publica-nuevas-normas-para-Mercados-Publicos.jpg\",\"contentUrl\":\"https:\\\/\\\/centrourbano.com\\\/revista\\\/wp-content\\\/uploads\\\/GCDMX-publica-nuevas-normas-para-Mercados-Publicos.jpg\",\"width\":500,\"height\":450,\"caption\":\"Asimismo, el titular de la Sedeco anunci\u00f3 la intervenci\u00f3n de 49 mercados p\u00fablicos este 2022; lo que significar\u00e1 una inversi\u00f3n de 228 mdp\"},{\"@type\":\"BreadcrumbList\",\"@id\":\"https:\\\/\\\/centrourbano.com\\\/revista\\\/urbanismo\\\/gcdmx-normas-mercados-publicos\\\/#breadcrumb\",\"itemListElement\":[{\"@type\":\"ListItem\",\"position\":1,\"name\":\"Portada\",\"item\":\"https:\\\/\\\/centrourbano.com\\\/revista\\\/\"},{\"@type\":\"ListItem\",\"position\":2,\"name\":\"GCDMX publica nuevas normas para Mercados P\u00fablicos\"}]},{\"@type\":\"WebSite\",\"@id\":\"https:\\\/\\\/centrourbano.com\\\/revista\\\/#website\",\"url\":\"https:\\\/\\\/centrourbano.com\\\/revista\\\/\",\"name\":\"Centro Urbano\",\"description\":\"Medio especializado en los sectores vivienda, inmobiliario, construcci\u00f3n, arquitectura y urbanismo.\",\"publisher\":{\"@id\":\"https:\\\/\\\/centrourbano.com\\\/revista\\\/#organization\"},\"potentialAction\":[{\"@type\":\"SearchAction\",\"target\":{\"@type\":\"EntryPoint\",\"urlTemplate\":\"https:\\\/\\\/centrourbano.com\\\/revista\\\/?s={search_term_string}\"},\"query-input\":{\"@type\":\"PropertyValueSpecification\",\"valueRequired\":true,\"valueName\":\"search_term_string\"}}],\"inLanguage\":\"es\"},{\"@type\":\"Organization\",\"@id\":\"https:\\\/\\\/centrourbano.com\\\/revista\\\/#organization\",\"name\":\"Centro Urbano\",\"url\":\"https:\\\/\\\/centrourbano.com\\\/revista\\\/\",\"logo\":{\"@type\":\"ImageObject\",\"inLanguage\":\"es\",\"@id\":\"https:\\\/\\\/centrourbano.com\\\/revista\\\/#\\\/schema\\\/logo\\\/image\\\/\",\"url\":\"https:\\\/\\\/centrourbano.com\\\/revista\\\/wp-content\\\/uploads\\\/web_CU_logo-1.png\",\"contentUrl\":\"https:\\\/\\\/centrourbano.com\\\/revista\\\/wp-content\\\/uploads\\\/web_CU_logo-1.png\",\"width\":350,\"height\":91,\"caption\":\"Centro Urbano\"},\"image\":{\"@id\":\"https:\\\/\\\/centrourbano.com\\\/revista\\\/#\\\/schema\\\/logo\\\/image\\\/\"},\"sameAs\":[\"https:\\\/\\\/www.facebook.com\\\/portalcentrourbano\",\"https:\\\/\\\/x.com\\\/CentroUrbano\",\"https:\\\/\\\/www.instagram.com\\\/centro_urbano\\\/\",\"https:\\\/\\\/www.linkedin.com\\\/company\\\/centro-urbano\\\/\",\"http:\\\/\\\/www.youtube.com\\\/user\\\/portalcentrourbano\"]},{\"@type\":\"Person\",\"@id\":\"https:\\\/\\\/centrourbano.com\\\/revista\\\/#\\\/schema\\\/person\\\/b190b20bbbceb41ec72278c546fa8df3\",\"name\":\"Fernanda Hern\u00e1ndez\",\"image\":{\"@type\":\"ImageObject\",\"inLanguage\":\"es\",\"@id\":\"https:\\\/\\\/secure.gravatar.com\\\/avatar\\\/9471831fb0a24eae9d32d826a7cb8ef07c34a41520aca1a0ab1f5c0903ba49b9?s=96&d=mm&r=g\",\"url\":\"https:\\\/\\\/secure.gravatar.com\\\/avatar\\\/9471831fb0a24eae9d32d826a7cb8ef07c34a41520aca1a0ab1f5c0903ba49b9?s=96&d=mm&r=g\",\"contentUrl\":\"https:\\\/\\\/secure.gravatar.com\\\/avatar\\\/9471831fb0a24eae9d32d826a7cb8ef07c34a41520aca1a0ab1f5c0903ba49b9?s=96&d=mm&r=g\",\"caption\":\"Fernanda Hern\u00e1ndez\"},\"description\":\"Reportera y redactora en Centro Urbano. Soy egresada de la licenciatura en Ciencias de la Comunicaci\u00f3n de la Facultad de Ciencias Pol\u00edticas y Sociales (UNAM). Me interesa la cultura, el urbanismo y la arquitectura. Amante del mundo digital, el cine, la m\u00fasica, la lectura y la escritura.\",\"sameAs\":[\"https:\\\/\\\/x.com\\\/https:\\\/\\\/twitter.com\\\/Nannz_Hernandez\"],\"url\":\"https:\\\/\\\/centrourbano.com\\\/revista\\\/author\\\/fernanda-hernandez\\\/\"}]}<\/script>\n<!-- \/ Yoast SEO plugin. -->","yoast_head_json":{"title":"GCDMX publica nuevas normas para Mercados P\u00fablicos","description":"Asimismo, el titular de la Sedeco anunci\u00f3 la intervenci\u00f3n de 49 mercados p\u00fablicos este 2022; lo que significar\u00e1 una inversi\u00f3n de 228 mdp","robots":{"index":"index","follow":"follow","max-snippet":"max-snippet:-1","max-image-preview":"max-image-preview:large","max-video-preview":"max-video-preview:-1"},"canonical":"https:\/\/centrourbano.com\/revista\/urbanismo\/gcdmx-normas-mercados-publicos\/","og_locale":"es_ES","og_type":"article","og_title":"GCDMX publica nuevas normas para Mercados P\u00fablicos","og_description":"Asimismo, el titular de la Sedeco anunci\u00f3 la intervenci\u00f3n de 49 mercados p\u00fablicos este 2022; lo que significar\u00e1 una inversi\u00f3n de 228 mdp","og_url":"https:\/\/centrourbano.com\/revista\/urbanismo\/gcdmx-normas-mercados-publicos\/","og_site_name":"Centro Urbano","article_publisher":"https:\/\/www.facebook.com\/portalcentrourbano","article_published_time":"2022-05-23T20:01:14+00:00","article_modified_time":"2022-05-23T21:02:06+00:00","og_image":[{"width":500,"height":450,"url":"https:\/\/centrourbano.com\/revista\/wp-content\/uploads\/GCDMX-publica-nuevas-normas-para-Mercados-Publicos.jpg","type":"image\/jpeg"}],"author":"Fernanda Hern\u00e1ndez","twitter_card":"summary_large_image","twitter_creator":"@https:\/\/twitter.com\/Nannz_Hernandez","twitter_site":"@CentroUrbano","twitter_misc":{"Escrito por":"Fernanda Hern\u00e1ndez","Tiempo de lectura":"2 minutos"},"schema":{"@context":"https:\/\/schema.org","@graph":[{"@type":"Article","@id":"https:\/\/centrourbano.com\/revista\/urbanismo\/gcdmx-normas-mercados-publicos\/#article","isPartOf":{"@id":"https:\/\/centrourbano.com\/revista\/urbanismo\/gcdmx-normas-mercados-publicos\/"},"author":{"name":"Fernanda Hern\u00e1ndez","@id":"https:\/\/centrourbano.com\/revista\/#\/schema\/person\/b190b20bbbceb41ec72278c546fa8df3"},"headline":"GCDMX publica nuevas normas para Mercados P\u00fablicos","datePublished":"2022-05-23T20:01:14+00:00","dateModified":"2022-05-23T21:02:06+00:00","mainEntityOfPage":{"@id":"https:\/\/centrourbano.com\/revista\/urbanismo\/gcdmx-normas-mercados-publicos\/"},"wordCount":435,"commentCount":0,"publisher":{"@id":"https:\/\/centrourbano.com\/revista\/#organization"},"image":{"@id":"https:\/\/centrourbano.com\/revista\/urbanismo\/gcdmx-normas-mercados-publicos\/#primaryimage"},"thumbnailUrl":"https:\/\/centrourbano.com\/revista\/wp-content\/uploads\/GCDMX-publica-nuevas-normas-para-Mercados-Publicos.jpg","keywords":["Gaceta Oficial","Gobierno CDMX","Mercados P\u00fablicos","Normas para la Regulaci\u00f3n y Funcionamiento de Mercados","Sedeco"],"articleSection":["Urbanismo"],"inLanguage":"es","potentialAction":[{"@type":"CommentAction","name":"Comment","target":["https:\/\/centrourbano.com\/revista\/urbanismo\/gcdmx-normas-mercados-publicos\/#respond"]}]},{"@type":"WebPage","@id":"https:\/\/centrourbano.com\/revista\/urbanismo\/gcdmx-normas-mercados-publicos\/","url":"https:\/\/centrourbano.com\/revista\/urbanismo\/gcdmx-normas-mercados-publicos\/","name":"GCDMX publica nuevas normas para Mercados P\u00fablicos","isPartOf":{"@id":"https:\/\/centrourbano.com\/revista\/#website"},"primaryImageOfPage":{"@id":"https:\/\/centrourbano.com\/revista\/urbanismo\/gcdmx-normas-mercados-publicos\/#primaryimage"},"image":{"@id":"https:\/\/centrourbano.com\/revista\/urbanismo\/gcdmx-normas-mercados-publicos\/#primaryimage"},"thumbnailUrl":"https:\/\/centrourbano.com\/revista\/wp-content\/uploads\/GCDMX-publica-nuevas-normas-para-Mercados-Publicos.jpg","datePublished":"2022-05-23T20:01:14+00:00","dateModified":"2022-05-23T21:02:06+00:00","description":"Asimismo, el titular de la Sedeco anunci\u00f3 la intervenci\u00f3n de 49 mercados p\u00fablicos este 2022; lo que significar\u00e1 una inversi\u00f3n de 228 mdp","breadcrumb":{"@id":"https:\/\/centrourbano.com\/revista\/urbanismo\/gcdmx-normas-mercados-publicos\/#breadcrumb"},"inLanguage":"es","potentialAction":[{"@type":"ReadAction","target":["https:\/\/centrourbano.com\/revista\/urbanismo\/gcdmx-normas-mercados-publicos\/"]}]},{"@type":"ImageObject","inLanguage":"es","@id":"https:\/\/centrourbano.com\/revista\/urbanismo\/gcdmx-normas-mercados-publicos\/#primaryimage","url":"https:\/\/centrourbano.com\/revista\/wp-content\/uploads\/GCDMX-publica-nuevas-normas-para-Mercados-Publicos.jpg","contentUrl":"https:\/\/centrourbano.com\/revista\/wp-content\/uploads\/GCDMX-publica-nuevas-normas-para-Mercados-Publicos.jpg","width":500,"height":450,"caption":"Asimismo, el titular de la Sedeco anunci\u00f3 la intervenci\u00f3n de 49 mercados p\u00fablicos este 2022; lo que significar\u00e1 una inversi\u00f3n de 228 mdp"},{"@type":"BreadcrumbList","@id":"https:\/\/centrourbano.com\/revista\/urbanismo\/gcdmx-normas-mercados-publicos\/#breadcrumb","itemListElement":[{"@type":"ListItem","position":1,"name":"Portada","item":"https:\/\/centrourbano.com\/revista\/"},{"@type":"ListItem","position":2,"name":"GCDMX publica nuevas normas para Mercados P\u00fablicos"}]},{"@type":"WebSite","@id":"https:\/\/centrourbano.com\/revista\/#website","url":"https:\/\/centrourbano.com\/revista\/","name":"Centro Urbano","description":"Medio especializado en los sectores vivienda, inmobiliario, construcci\u00f3n, arquitectura y urbanismo.","publisher":{"@id":"https:\/\/centrourbano.com\/revista\/#organization"},"potentialAction":[{"@type":"SearchAction","target":{"@type":"EntryPoint","urlTemplate":"https:\/\/centrourbano.com\/revista\/?s={search_term_string}"},"query-input":{"@type":"PropertyValueSpecification","valueRequired":true,"valueName":"search_term_string"}}],"inLanguage":"es"},{"@type":"Organization","@id":"https:\/\/centrourbano.com\/revista\/#organization","name":"Centro Urbano","url":"https:\/\/centrourbano.com\/revista\/","logo":{"@type":"ImageObject","inLanguage":"es","@id":"https:\/\/centrourbano.com\/revista\/#\/schema\/logo\/image\/","url":"https:\/\/centrourbano.com\/revista\/wp-content\/uploads\/web_CU_logo-1.png","contentUrl":"https:\/\/centrourbano.com\/revista\/wp-content\/uploads\/web_CU_logo-1.png","width":350,"height":91,"caption":"Centro Urbano"},"image":{"@id":"https:\/\/centrourbano.com\/revista\/#\/schema\/logo\/image\/"},"sameAs":["https:\/\/www.facebook.com\/portalcentrourbano","https:\/\/x.com\/CentroUrbano","https:\/\/www.instagram.com\/centro_urbano\/","https:\/\/www.linkedin.com\/company\/centro-urbano\/","http:\/\/www.youtube.com\/user\/portalcentrourbano"]},{"@type":"Person","@id":"https:\/\/centrourbano.com\/revista\/#\/schema\/person\/b190b20bbbceb41ec72278c546fa8df3","name":"Fernanda Hern\u00e1ndez","image":{"@type":"ImageObject","inLanguage":"es","@id":"https:\/\/secure.gravatar.com\/avatar\/9471831fb0a24eae9d32d826a7cb8ef07c34a41520aca1a0ab1f5c0903ba49b9?s=96&d=mm&r=g","url":"https:\/\/secure.gravatar.com\/avatar\/9471831fb0a24eae9d32d826a7cb8ef07c34a41520aca1a0ab1f5c0903ba49b9?s=96&d=mm&r=g","contentUrl":"https:\/\/secure.gravatar.com\/avatar\/9471831fb0a24eae9d32d826a7cb8ef07c34a41520aca1a0ab1f5c0903ba49b9?s=96&d=mm&r=g","caption":"Fernanda Hern\u00e1ndez"},"description":"Reportera y redactora en Centro Urbano. Soy egresada de la licenciatura en Ciencias de la Comunicaci\u00f3n de la Facultad de Ciencias Pol\u00edticas y Sociales (UNAM). Me interesa la cultura, el urbanismo y la arquitectura. Amante del mundo digital, el cine, la m\u00fasica, la lectura y la escritura.","sameAs":["https:\/\/x.com\/https:\/\/twitter.com\/Nannz_Hernandez"],"url":"https:\/\/centrourbano.com\/revista\/author\/fernanda-hernandez\/"}]}},"_links":{"self":[{"href":"https:\/\/centrourbano.com\/revista\/wp-json\/wp\/v2\/posts\/130454","targetHints":{"allow":["GET"]}}],"collection":[{"href":"https:\/\/centrourbano.com\/revista\/wp-json\/wp\/v2\/posts"}],"about":[{"href":"https:\/\/centrourbano.com\/revista\/wp-json\/wp\/v2\/types\/post"}],"author":[{"embeddable":true,"href":"https:\/\/centrourbano.com\/revista\/wp-json\/wp\/v2\/users\/73"}],"replies":[{"embeddable":true,"href":"https:\/\/centrourbano.com\/revista\/wp-json\/wp\/v2\/comments?post=130454"}],"version-history":[{"count":1,"href":"https:\/\/centrourbano.com\/revista\/wp-json\/wp\/v2\/posts\/130454\/revisions"}],"predecessor-version":[{"id":130456,"href":"https:\/\/centrourbano.com\/revista\/wp-json\/wp\/v2\/posts\/130454\/revisions\/130456"}],"wp:featuredmedia":[{"embeddable":true,"href":"https:\/\/centrourbano.com\/revista\/wp-json\/wp\/v2\/media\/130455"}],"wp:attachment":[{"href":"https:\/\/centrourbano.com\/revista\/wp-json\/wp\/v2\/media?parent=130454"}],"wp:term":[{"taxonomy":"category","embeddable":true,"href":"https:\/\/centrourbano.com\/revista\/wp-json\/wp\/v2\/categories?post=130454"},{"taxonomy":"post_tag","embeddable":true,"href":"https:\/\/centrourbano.com\/revista\/wp-json\/wp\/v2\/tags?post=130454"}],"curies":[{"name":"wp","href":"https:\/\/api.w.org\/{rel}","templated":true}]}}