{"id":130442,"date":"2022-05-31T13:42:57","date_gmt":"2022-05-31T18:42:57","guid":{"rendered":"https:\/\/centrourbano.com\/?p=130442"},"modified":"2022-05-31T13:42:57","modified_gmt":"2022-05-31T18:42:57","slug":"gobierno-de-nl-invertira-98000-mdp-en-plan-maestro-de-movilidad","status":"publish","type":"post","link":"https:\/\/centrourbano.com\/revista\/urbanismo\/gobierno-de-nl-invertira-98000-mdp-en-plan-maestro-de-movilidad\/","title":{"rendered":"Gobierno de NL invertir\u00e1 98,000 mdp en plan maestro de movilidad"},"content":{"rendered":"<p><em>El plan maestro de movilidad incluye la compra de 1,600 unidades de transporte urbano, de los cuales 1,490 ser\u00e1n de baja emisi\u00f3n<\/em><!--more--><\/p>\n<p>En busca de encaminar al <a href=\"https:\/\/centrourbano.com\/construccion\/nuevo-leon-crea-plan-maestro-para-la-construccion-de-proyectos-de-agua\/\" target=\"_blank\" rel=\"noopener\">estado de Nuevo Le\u00f3n<\/a> como ciudad de primer mundo, el Gobierno del Estado anunci\u00f3 un plan maestro en materia de Movilidad. En ese sentido, el Gobernador, <em>Samuel Garc\u00eda Sep\u00falveda<\/em> anunci\u00f3 una inversi\u00f3n de 98,000 millones de pesos para la estrategia.<\/p>\n<p>Bajo esta premisa, se realizar\u00e1 una estrategia con base en el <strong>transporte digno, movilidad inteligente, calles completas y conectividad regional<\/strong>. Para ello, se realizar\u00e1 la compra de 1,600 unidades de transporte urbano, 1,490 de bajas emisiones y 110 el\u00e9ctricas, que en su conjunto forman una inversi\u00f3n de 6,000 mdp.<\/p>\n<p>Como primera acci\u00f3n, se han puesto en marcha <strong>30 camiones que mejorar\u00e1n el servicio y fortalecer\u00e1n la seguridad<\/strong> de los usuarios. Dichas unidades cuentan con sistemas de geolocalizaci\u00f3n y monitoreo en tiempo real, c\u00e1maras de videovigilancia, coordinaci\u00f3n con los C-5 y C-4, y botones de p\u00e1nico. Adem\u00e1s de espacio para sillas de ruedas, asientos para personas discapacitadas, y espacios para el viaje seguro de las mujeres.<\/p>\n<p>Por otra parte, para <strong>calles completas<\/strong>, se invertir\u00e1n 818 millones de pesos para mejorar la seguridad de los espacios, modernizarlos e innovar el transito en Nuevo Le\u00f3n. En la primera etapa se beneficiar\u00e1n m\u00e1s de 4.6 millones de residentes de San pedro Garza, San Nicol\u00e1s, Monterrey y Guadalupe con 2.8.7 kil\u00f3metros nuevos.<\/p>\n<p>Por lo tanto, se mejorar\u00e1n las banquetas, arbolado, paradas de cami\u00f3n, alumbrado, iluminaci\u00f3n peatronal, se\u00f1alizacvi\u00f3n, incorporaci\u00f3n de ciclov\u00edas, entre otros.<\/p>\n<h2>Movilidad inteligente<\/h2>\n<p>Mientras tanto, para <strong>movilidad inteligente<\/strong> se realizar\u00e1 un proyecto de coordinaci\u00f3n e impacto metropolitano, con el cual se modernizar\u00e1 la gesti\u00f3n del sistema integral de tr\u00e1nsito metropolitano. As\u00ed c\u00f3mo la reubicaci\u00f3n del centro de gesti\u00f3n de movilidad al C-5 para mejorar la atenci\u00f3n a emergencia.<\/p>\n<p>En la parte de c<strong>onectividad regional<\/strong> se reforzar\u00e1 la infraestructura de las carreteras interserrana, la Gloria-Colombia y Perif\u00e9rico. Lo que permitir\u00e1 mejor desarrollo de los municipios norte y sur del estado. Adem\u00e1s de facilitar el tr\u00e1nsito de los productos nacionales y locales hacia la aduana del Puerto Colombia.<\/p>\n","protected":false},"excerpt":{"rendered":"<p>El plan maestro de movilidad incluye la compra de 1,600 unidades de transporte urbano, de los cuales 1,490 ser\u00e1n de baja emisi\u00f3n<\/p>\n","protected":false},"author":80,"featured_media":130446,"comment_status":"open","ping_status":"closed","sticky":false,"template":"","format":"standard","meta":{"om_disable_all_campaigns":false,"inline_featured_image":false,"_monsterinsights_skip_tracking":false,"_monsterinsights_sitenote_active":false,"_monsterinsights_sitenote_note":"","_monsterinsights_sitenote_category":0,"footnotes":""},"categories":[82],"tags":[19292,146,751,16929],"class_list":["post-130442","post","type-post","status-publish","format-standard","has-post-thumbnail","hentry","category-urbanismo","tag-acciones-de-movilidad","tag-desarrollo-urbano","tag-infraestructura-carretera","tag-programa-de-conectividad"],"yoast_head":"<!-- This site is optimized with the Yoast SEO plugin v27.4 - https:\/\/yoast.com\/product\/yoast-seo-wordpress\/ -->\n<title>Gobierno de NL invertir\u00e1 98,000 mdp en plan maestro de movilidad<\/title>\n<meta name=\"description\" content=\"El plan maestro de movilidad incluye la compra de 1,600 unidades de transporte urbano, de los cuales 1,490 ser\u00e1n de baja emisi\u00f3n\" \/>\n<meta name=\"robots\" content=\"index, follow, max-snippet:-1, max-image-preview:large, max-video-preview:-1\" \/>\n<link rel=\"canonical\" href=\"https:\/\/centrourbano.com\/revista\/urbanismo\/gobierno-de-nl-invertira-98000-mdp-en-plan-maestro-de-movilidad\/\" \/>\n<meta property=\"og:locale\" content=\"es_ES\" \/>\n<meta property=\"og:type\" content=\"article\" \/>\n<meta property=\"og:title\" content=\"Gobierno de NL invertir\u00e1 98,000 mdp en plan maestro de movilidad\" \/>\n<meta property=\"og:description\" content=\"El plan maestro de movilidad incluye la compra de 1,600 unidades de transporte urbano, de los cuales 1,490 ser\u00e1n de baja emisi\u00f3n\" \/>\n<meta property=\"og:url\" content=\"https:\/\/centrourbano.com\/revista\/urbanismo\/gobierno-de-nl-invertira-98000-mdp-en-plan-maestro-de-movilidad\/\" \/>\n<meta property=\"og:site_name\" content=\"Centro Urbano\" \/>\n<meta property=\"article:publisher\" content=\"https:\/\/www.facebook.com\/portalcentrourbano\" \/>\n<meta property=\"article:published_time\" content=\"2022-05-31T18:42:57+00:00\" \/>\n<meta property=\"og:image\" content=\"https:\/\/centrourbano.com\/revista\/wp-content\/uploads\/movilidad20_0.jpg\" \/>\n\t<meta property=\"og:image:width\" content=\"837\" \/>\n\t<meta property=\"og:image:height\" content=\"836\" \/>\n\t<meta property=\"og:image:type\" content=\"image\/jpeg\" \/>\n<meta name=\"author\" content=\"Jackeline Valle\" \/>\n<meta name=\"twitter:card\" content=\"summary_large_image\" \/>\n<meta name=\"twitter:creator\" content=\"@CentroUrbano\" \/>\n<meta name=\"twitter:site\" content=\"@CentroUrbano\" \/>\n<meta name=\"twitter:label1\" content=\"Escrito por\" \/>\n\t<meta name=\"twitter:data1\" content=\"Jackeline Valle\" \/>\n\t<meta name=\"twitter:label2\" content=\"Tiempo de lectura\" \/>\n\t<meta name=\"twitter:data2\" content=\"2 minutos\" \/>\n<script type=\"application\/ld+json\" class=\"yoast-schema-graph\">{\"@context\":\"https:\\\/\\\/schema.org\",\"@graph\":[{\"@type\":\"Article\",\"@id\":\"https:\\\/\\\/centrourbano.com\\\/revista\\\/urbanismo\\\/gobierno-de-nl-invertira-98000-mdp-en-plan-maestro-de-movilidad\\\/#article\",\"isPartOf\":{\"@id\":\"https:\\\/\\\/centrourbano.com\\\/revista\\\/urbanismo\\\/gobierno-de-nl-invertira-98000-mdp-en-plan-maestro-de-movilidad\\\/\"},\"author\":{\"name\":\"Jackeline Valle\",\"@id\":\"https:\\\/\\\/centrourbano.com\\\/revista\\\/#\\\/schema\\\/person\\\/910180bf1a924c1932a01f6032f5991a\"},\"headline\":\"Gobierno de NL invertir\u00e1 98,000 mdp en plan maestro de movilidad\",\"datePublished\":\"2022-05-31T18:42:57+00:00\",\"mainEntityOfPage\":{\"@id\":\"https:\\\/\\\/centrourbano.com\\\/revista\\\/urbanismo\\\/gobierno-de-nl-invertira-98000-mdp-en-plan-maestro-de-movilidad\\\/\"},\"wordCount\":387,\"commentCount\":0,\"publisher\":{\"@id\":\"https:\\\/\\\/centrourbano.com\\\/revista\\\/#organization\"},\"image\":{\"@id\":\"https:\\\/\\\/centrourbano.com\\\/revista\\\/urbanismo\\\/gobierno-de-nl-invertira-98000-mdp-en-plan-maestro-de-movilidad\\\/#primaryimage\"},\"thumbnailUrl\":\"https:\\\/\\\/centrourbano.com\\\/revista\\\/wp-content\\\/uploads\\\/movilidad20_0.jpg\",\"keywords\":[\"acciones de movilidad\",\"Desarrollo urbano\",\"infraestructura carretera\",\"Programa de Conectividad\"],\"articleSection\":[\"Urbanismo\"],\"inLanguage\":\"es\",\"potentialAction\":[{\"@type\":\"CommentAction\",\"name\":\"Comment\",\"target\":[\"https:\\\/\\\/centrourbano.com\\\/revista\\\/urbanismo\\\/gobierno-de-nl-invertira-98000-mdp-en-plan-maestro-de-movilidad\\\/#respond\"]}]},{\"@type\":\"WebPage\",\"@id\":\"https:\\\/\\\/centrourbano.com\\\/revista\\\/urbanismo\\\/gobierno-de-nl-invertira-98000-mdp-en-plan-maestro-de-movilidad\\\/\",\"url\":\"https:\\\/\\\/centrourbano.com\\\/revista\\\/urbanismo\\\/gobierno-de-nl-invertira-98000-mdp-en-plan-maestro-de-movilidad\\\/\",\"name\":\"Gobierno de NL invertir\u00e1 98,000 mdp en plan maestro de movilidad\",\"isPartOf\":{\"@id\":\"https:\\\/\\\/centrourbano.com\\\/revista\\\/#website\"},\"primaryImageOfPage\":{\"@id\":\"https:\\\/\\\/centrourbano.com\\\/revista\\\/urbanismo\\\/gobierno-de-nl-invertira-98000-mdp-en-plan-maestro-de-movilidad\\\/#primaryimage\"},\"image\":{\"@id\":\"https:\\\/\\\/centrourbano.com\\\/revista\\\/urbanismo\\\/gobierno-de-nl-invertira-98000-mdp-en-plan-maestro-de-movilidad\\\/#primaryimage\"},\"thumbnailUrl\":\"https:\\\/\\\/centrourbano.com\\\/revista\\\/wp-content\\\/uploads\\\/movilidad20_0.jpg\",\"datePublished\":\"2022-05-31T18:42:57+00:00\",\"description\":\"El plan maestro de movilidad incluye la compra de 1,600 unidades de transporte urbano, de los cuales 1,490 ser\u00e1n de baja emisi\u00f3n\",\"breadcrumb\":{\"@id\":\"https:\\\/\\\/centrourbano.com\\\/revista\\\/urbanismo\\\/gobierno-de-nl-invertira-98000-mdp-en-plan-maestro-de-movilidad\\\/#breadcrumb\"},\"inLanguage\":\"es\",\"potentialAction\":[{\"@type\":\"ReadAction\",\"target\":[\"https:\\\/\\\/centrourbano.com\\\/revista\\\/urbanismo\\\/gobierno-de-nl-invertira-98000-mdp-en-plan-maestro-de-movilidad\\\/\"]}]},{\"@type\":\"ImageObject\",\"inLanguage\":\"es\",\"@id\":\"https:\\\/\\\/centrourbano.com\\\/revista\\\/urbanismo\\\/gobierno-de-nl-invertira-98000-mdp-en-plan-maestro-de-movilidad\\\/#primaryimage\",\"url\":\"https:\\\/\\\/centrourbano.com\\\/revista\\\/wp-content\\\/uploads\\\/movilidad20_0.jpg\",\"contentUrl\":\"https:\\\/\\\/centrourbano.com\\\/revista\\\/wp-content\\\/uploads\\\/movilidad20_0.jpg\",\"width\":837,\"height\":836,\"caption\":\"El plan maestro de movilidad incluye la compra de 1,600 unidades de transporte urbano, de los cuales 1,490 ser\u00e1n de baja emisi\u00f3n\"},{\"@type\":\"BreadcrumbList\",\"@id\":\"https:\\\/\\\/centrourbano.com\\\/revista\\\/urbanismo\\\/gobierno-de-nl-invertira-98000-mdp-en-plan-maestro-de-movilidad\\\/#breadcrumb\",\"itemListElement\":[{\"@type\":\"ListItem\",\"position\":1,\"name\":\"Portada\",\"item\":\"https:\\\/\\\/centrourbano.com\\\/revista\\\/\"},{\"@type\":\"ListItem\",\"position\":2,\"name\":\"Gobierno de NL invertir\u00e1 98,000 mdp en plan maestro de movilidad\"}]},{\"@type\":\"WebSite\",\"@id\":\"https:\\\/\\\/centrourbano.com\\\/revista\\\/#website\",\"url\":\"https:\\\/\\\/centrourbano.com\\\/revista\\\/\",\"name\":\"Centro Urbano\",\"description\":\"Medio especializado en los sectores vivienda, inmobiliario, construcci\u00f3n, arquitectura y urbanismo.\",\"publisher\":{\"@id\":\"https:\\\/\\\/centrourbano.com\\\/revista\\\/#organization\"},\"potentialAction\":[{\"@type\":\"SearchAction\",\"target\":{\"@type\":\"EntryPoint\",\"urlTemplate\":\"https:\\\/\\\/centrourbano.com\\\/revista\\\/?s={search_term_string}\"},\"query-input\":{\"@type\":\"PropertyValueSpecification\",\"valueRequired\":true,\"valueName\":\"search_term_string\"}}],\"inLanguage\":\"es\"},{\"@type\":\"Organization\",\"@id\":\"https:\\\/\\\/centrourbano.com\\\/revista\\\/#organization\",\"name\":\"Centro Urbano\",\"url\":\"https:\\\/\\\/centrourbano.com\\\/revista\\\/\",\"logo\":{\"@type\":\"ImageObject\",\"inLanguage\":\"es\",\"@id\":\"https:\\\/\\\/centrourbano.com\\\/revista\\\/#\\\/schema\\\/logo\\\/image\\\/\",\"url\":\"https:\\\/\\\/centrourbano.com\\\/revista\\\/wp-content\\\/uploads\\\/web_CU_logo-1.png\",\"contentUrl\":\"https:\\\/\\\/centrourbano.com\\\/revista\\\/wp-content\\\/uploads\\\/web_CU_logo-1.png\",\"width\":350,\"height\":91,\"caption\":\"Centro Urbano\"},\"image\":{\"@id\":\"https:\\\/\\\/centrourbano.com\\\/revista\\\/#\\\/schema\\\/logo\\\/image\\\/\"},\"sameAs\":[\"https:\\\/\\\/www.facebook.com\\\/portalcentrourbano\",\"https:\\\/\\\/x.com\\\/CentroUrbano\",\"https:\\\/\\\/www.instagram.com\\\/centro_urbano\\\/\",\"https:\\\/\\\/www.linkedin.com\\\/company\\\/centro-urbano\\\/\",\"http:\\\/\\\/www.youtube.com\\\/user\\\/portalcentrourbano\"]},{\"@type\":\"Person\",\"@id\":\"https:\\\/\\\/centrourbano.com\\\/revista\\\/#\\\/schema\\\/person\\\/910180bf1a924c1932a01f6032f5991a\",\"name\":\"Jackeline Valle\",\"image\":{\"@type\":\"ImageObject\",\"inLanguage\":\"es\",\"@id\":\"https:\\\/\\\/secure.gravatar.com\\\/avatar\\\/6dfa6899b228d3621bbf2fb01332e7e4b7afc7cd1374760becdb163b7f5436dd?s=96&d=mm&r=g\",\"url\":\"https:\\\/\\\/secure.gravatar.com\\\/avatar\\\/6dfa6899b228d3621bbf2fb01332e7e4b7afc7cd1374760becdb163b7f5436dd?s=96&d=mm&r=g\",\"contentUrl\":\"https:\\\/\\\/secure.gravatar.com\\\/avatar\\\/6dfa6899b228d3621bbf2fb01332e7e4b7afc7cd1374760becdb163b7f5436dd?s=96&d=mm&r=g\",\"caption\":\"Jackeline Valle\"},\"description\":\"Reportera en Centro Urbano. Egresada de la Licenciatura en Comunicaci\u00f3n y Cultura por la Universidad Aut\u00f3noma de la Ciudad de M\u00e9xico (UACM). Interesada en cine y la cultura. Apasionada de los deportes electr\u00f3nicos y el desarrollo de medios audiovisuales.\",\"url\":\"https:\\\/\\\/centrourbano.com\\\/revista\\\/author\\\/jackeline-valle\\\/\"}]}<\/script>\n<!-- \/ Yoast SEO plugin. -->","yoast_head_json":{"title":"Gobierno de NL invertir\u00e1 98,000 mdp en plan maestro de movilidad","description":"El plan maestro de movilidad incluye la compra de 1,600 unidades de transporte urbano, de los cuales 1,490 ser\u00e1n de baja emisi\u00f3n","robots":{"index":"index","follow":"follow","max-snippet":"max-snippet:-1","max-image-preview":"max-image-preview:large","max-video-preview":"max-video-preview:-1"},"canonical":"https:\/\/centrourbano.com\/revista\/urbanismo\/gobierno-de-nl-invertira-98000-mdp-en-plan-maestro-de-movilidad\/","og_locale":"es_ES","og_type":"article","og_title":"Gobierno de NL invertir\u00e1 98,000 mdp en plan maestro de movilidad","og_description":"El plan maestro de movilidad incluye la compra de 1,600 unidades de transporte urbano, de los cuales 1,490 ser\u00e1n de baja emisi\u00f3n","og_url":"https:\/\/centrourbano.com\/revista\/urbanismo\/gobierno-de-nl-invertira-98000-mdp-en-plan-maestro-de-movilidad\/","og_site_name":"Centro Urbano","article_publisher":"https:\/\/www.facebook.com\/portalcentrourbano","article_published_time":"2022-05-31T18:42:57+00:00","og_image":[{"width":837,"height":836,"url":"https:\/\/centrourbano.com\/revista\/wp-content\/uploads\/movilidad20_0.jpg","type":"image\/jpeg"}],"author":"Jackeline Valle","twitter_card":"summary_large_image","twitter_creator":"@CentroUrbano","twitter_site":"@CentroUrbano","twitter_misc":{"Escrito por":"Jackeline Valle","Tiempo de lectura":"2 minutos"},"schema":{"@context":"https:\/\/schema.org","@graph":[{"@type":"Article","@id":"https:\/\/centrourbano.com\/revista\/urbanismo\/gobierno-de-nl-invertira-98000-mdp-en-plan-maestro-de-movilidad\/#article","isPartOf":{"@id":"https:\/\/centrourbano.com\/revista\/urbanismo\/gobierno-de-nl-invertira-98000-mdp-en-plan-maestro-de-movilidad\/"},"author":{"name":"Jackeline Valle","@id":"https:\/\/centrourbano.com\/revista\/#\/schema\/person\/910180bf1a924c1932a01f6032f5991a"},"headline":"Gobierno de NL invertir\u00e1 98,000 mdp en plan maestro de movilidad","datePublished":"2022-05-31T18:42:57+00:00","mainEntityOfPage":{"@id":"https:\/\/centrourbano.com\/revista\/urbanismo\/gobierno-de-nl-invertira-98000-mdp-en-plan-maestro-de-movilidad\/"},"wordCount":387,"commentCount":0,"publisher":{"@id":"https:\/\/centrourbano.com\/revista\/#organization"},"image":{"@id":"https:\/\/centrourbano.com\/revista\/urbanismo\/gobierno-de-nl-invertira-98000-mdp-en-plan-maestro-de-movilidad\/#primaryimage"},"thumbnailUrl":"https:\/\/centrourbano.com\/revista\/wp-content\/uploads\/movilidad20_0.jpg","keywords":["acciones de movilidad","Desarrollo urbano","infraestructura carretera","Programa de Conectividad"],"articleSection":["Urbanismo"],"inLanguage":"es","potentialAction":[{"@type":"CommentAction","name":"Comment","target":["https:\/\/centrourbano.com\/revista\/urbanismo\/gobierno-de-nl-invertira-98000-mdp-en-plan-maestro-de-movilidad\/#respond"]}]},{"@type":"WebPage","@id":"https:\/\/centrourbano.com\/revista\/urbanismo\/gobierno-de-nl-invertira-98000-mdp-en-plan-maestro-de-movilidad\/","url":"https:\/\/centrourbano.com\/revista\/urbanismo\/gobierno-de-nl-invertira-98000-mdp-en-plan-maestro-de-movilidad\/","name":"Gobierno de NL invertir\u00e1 98,000 mdp en plan maestro de movilidad","isPartOf":{"@id":"https:\/\/centrourbano.com\/revista\/#website"},"primaryImageOfPage":{"@id":"https:\/\/centrourbano.com\/revista\/urbanismo\/gobierno-de-nl-invertira-98000-mdp-en-plan-maestro-de-movilidad\/#primaryimage"},"image":{"@id":"https:\/\/centrourbano.com\/revista\/urbanismo\/gobierno-de-nl-invertira-98000-mdp-en-plan-maestro-de-movilidad\/#primaryimage"},"thumbnailUrl":"https:\/\/centrourbano.com\/revista\/wp-content\/uploads\/movilidad20_0.jpg","datePublished":"2022-05-31T18:42:57+00:00","description":"El plan maestro de movilidad incluye la compra de 1,600 unidades de transporte urbano, de los cuales 1,490 ser\u00e1n de baja emisi\u00f3n","breadcrumb":{"@id":"https:\/\/centrourbano.com\/revista\/urbanismo\/gobierno-de-nl-invertira-98000-mdp-en-plan-maestro-de-movilidad\/#breadcrumb"},"inLanguage":"es","potentialAction":[{"@type":"ReadAction","target":["https:\/\/centrourbano.com\/revista\/urbanismo\/gobierno-de-nl-invertira-98000-mdp-en-plan-maestro-de-movilidad\/"]}]},{"@type":"ImageObject","inLanguage":"es","@id":"https:\/\/centrourbano.com\/revista\/urbanismo\/gobierno-de-nl-invertira-98000-mdp-en-plan-maestro-de-movilidad\/#primaryimage","url":"https:\/\/centrourbano.com\/revista\/wp-content\/uploads\/movilidad20_0.jpg","contentUrl":"https:\/\/centrourbano.com\/revista\/wp-content\/uploads\/movilidad20_0.jpg","width":837,"height":836,"caption":"El plan maestro de movilidad incluye la compra de 1,600 unidades de transporte urbano, de los cuales 1,490 ser\u00e1n de baja emisi\u00f3n"},{"@type":"BreadcrumbList","@id":"https:\/\/centrourbano.com\/revista\/urbanismo\/gobierno-de-nl-invertira-98000-mdp-en-plan-maestro-de-movilidad\/#breadcrumb","itemListElement":[{"@type":"ListItem","position":1,"name":"Portada","item":"https:\/\/centrourbano.com\/revista\/"},{"@type":"ListItem","position":2,"name":"Gobierno de NL invertir\u00e1 98,000 mdp en plan maestro de movilidad"}]},{"@type":"WebSite","@id":"https:\/\/centrourbano.com\/revista\/#website","url":"https:\/\/centrourbano.com\/revista\/","name":"Centro Urbano","description":"Medio especializado en los sectores vivienda, inmobiliario, construcci\u00f3n, arquitectura y urbanismo.","publisher":{"@id":"https:\/\/centrourbano.com\/revista\/#organization"},"potentialAction":[{"@type":"SearchAction","target":{"@type":"EntryPoint","urlTemplate":"https:\/\/centrourbano.com\/revista\/?s={search_term_string}"},"query-input":{"@type":"PropertyValueSpecification","valueRequired":true,"valueName":"search_term_string"}}],"inLanguage":"es"},{"@type":"Organization","@id":"https:\/\/centrourbano.com\/revista\/#organization","name":"Centro Urbano","url":"https:\/\/centrourbano.com\/revista\/","logo":{"@type":"ImageObject","inLanguage":"es","@id":"https:\/\/centrourbano.com\/revista\/#\/schema\/logo\/image\/","url":"https:\/\/centrourbano.com\/revista\/wp-content\/uploads\/web_CU_logo-1.png","contentUrl":"https:\/\/centrourbano.com\/revista\/wp-content\/uploads\/web_CU_logo-1.png","width":350,"height":91,"caption":"Centro Urbano"},"image":{"@id":"https:\/\/centrourbano.com\/revista\/#\/schema\/logo\/image\/"},"sameAs":["https:\/\/www.facebook.com\/portalcentrourbano","https:\/\/x.com\/CentroUrbano","https:\/\/www.instagram.com\/centro_urbano\/","https:\/\/www.linkedin.com\/company\/centro-urbano\/","http:\/\/www.youtube.com\/user\/portalcentrourbano"]},{"@type":"Person","@id":"https:\/\/centrourbano.com\/revista\/#\/schema\/person\/910180bf1a924c1932a01f6032f5991a","name":"Jackeline Valle","image":{"@type":"ImageObject","inLanguage":"es","@id":"https:\/\/secure.gravatar.com\/avatar\/6dfa6899b228d3621bbf2fb01332e7e4b7afc7cd1374760becdb163b7f5436dd?s=96&d=mm&r=g","url":"https:\/\/secure.gravatar.com\/avatar\/6dfa6899b228d3621bbf2fb01332e7e4b7afc7cd1374760becdb163b7f5436dd?s=96&d=mm&r=g","contentUrl":"https:\/\/secure.gravatar.com\/avatar\/6dfa6899b228d3621bbf2fb01332e7e4b7afc7cd1374760becdb163b7f5436dd?s=96&d=mm&r=g","caption":"Jackeline Valle"},"description":"Reportera en Centro Urbano. Egresada de la Licenciatura en Comunicaci\u00f3n y Cultura por la Universidad Aut\u00f3noma de la Ciudad de M\u00e9xico (UACM). Interesada en cine y la cultura. Apasionada de los deportes electr\u00f3nicos y el desarrollo de medios audiovisuales.","url":"https:\/\/centrourbano.com\/revista\/author\/jackeline-valle\/"}]}},"_links":{"self":[{"href":"https:\/\/centrourbano.com\/revista\/wp-json\/wp\/v2\/posts\/130442","targetHints":{"allow":["GET"]}}],"collection":[{"href":"https:\/\/centrourbano.com\/revista\/wp-json\/wp\/v2\/posts"}],"about":[{"href":"https:\/\/centrourbano.com\/revista\/wp-json\/wp\/v2\/types\/post"}],"author":[{"embeddable":true,"href":"https:\/\/centrourbano.com\/revista\/wp-json\/wp\/v2\/users\/80"}],"replies":[{"embeddable":true,"href":"https:\/\/centrourbano.com\/revista\/wp-json\/wp\/v2\/comments?post=130442"}],"version-history":[{"count":2,"href":"https:\/\/centrourbano.com\/revista\/wp-json\/wp\/v2\/posts\/130442\/revisions"}],"predecessor-version":[{"id":130707,"href":"https:\/\/centrourbano.com\/revista\/wp-json\/wp\/v2\/posts\/130442\/revisions\/130707"}],"wp:featuredmedia":[{"embeddable":true,"href":"https:\/\/centrourbano.com\/revista\/wp-json\/wp\/v2\/media\/130446"}],"wp:attachment":[{"href":"https:\/\/centrourbano.com\/revista\/wp-json\/wp\/v2\/media?parent=130442"}],"wp:term":[{"taxonomy":"category","embeddable":true,"href":"https:\/\/centrourbano.com\/revista\/wp-json\/wp\/v2\/categories?post=130442"},{"taxonomy":"post_tag","embeddable":true,"href":"https:\/\/centrourbano.com\/revista\/wp-json\/wp\/v2\/tags?post=130442"}],"curies":[{"name":"wp","href":"https:\/\/api.w.org\/{rel}","templated":true}]}}