{"id":130418,"date":"2022-05-20T18:11:41","date_gmt":"2022-05-20T23:11:41","guid":{"rendered":"https:\/\/centrourbano.com\/?p=130418"},"modified":"2022-05-20T19:14:08","modified_gmt":"2022-05-21T00:14:08","slug":"alza-precios-sector-industrial","status":"publish","type":"post","link":"https:\/\/centrourbano.com\/revista\/inmobiliario\/alza-precios-sector-industrial\/","title":{"rendered":"Pese a alza en precios, sector industrial registra absorci\u00f3n r\u00e9cord"},"content":{"rendered":"<p><em>SiiLA indic\u00f3 que el acero representa entre el 30% y 40% de los costos de construcci\u00f3n industrial; por lo que el efecto del alza en precios se reflej\u00f3 inmediatamente<\/em><!--more--><\/p>\n<p>De acuerdo con <strong>SiiLA M\u00e9xico<\/strong>, a partir de mediados del 2020 el <strong>precio de los insumos para la construcci\u00f3n<\/strong>, como el acero, se dispar\u00f3 hasta llegar a m\u00e1ximos hist\u00f3ricos. Sin embargo, el ritmo del <strong>mercado industrial<\/strong> no disminuy\u00f3; e incluso, en los \u00faltimos trimestres se han registrado periodos r\u00e9cord en absorci\u00f3n bruta.<\/p>\n<p>La plataforma indic\u00f3 que el <strong>acero<\/strong> representa entre el 30% y 40% de los costos de construcci\u00f3n de un inmueble del giro industrial; por lo cual, el efecto del alza en precios se vio reflejado de manera inmediata.<\/p>\n<p>Dicho aumento ha sido provocado principalmente por <strong>cuatro factores<\/strong>: escasez de materias primas, altos requerimientos del insumo por parte de China; as\u00ed como demanda internacional r\u00e9cord de acero y el aumento inflacionario global.<\/p>\n<p>En este sentido, a partir del segundo trimestre del 2020, el <strong>precio de mercado<\/strong> de las naves de primera generaci\u00f3n ha tenido un incremento importante; con una diferencia de m\u00e1s de 60 centavos frente al resto del mercado industrial. Y en este periodo fue cuando se observ\u00f3 un incremento en el precio de los futuros del acero cotizados en los mercados globales.<\/p>\n<p>Adem\u00e1s, <a href=\"https:\/\/centrourbano.com\/sin-categoria\/fibras-y-su-efecto-en-la-recuperacion-del-sector-inmobiliario\/\" target=\"_blank\" rel=\"noopener\"><strong>Alejandro Delgado<\/strong><\/a>, <strong>country manager de SiiLA<\/strong>, se\u00f1al\u00f3 que los altos niveles de <strong>absorci\u00f3n bruta<\/strong> que se han registrado durante los \u00faltimos trimestres podr\u00eda explicar el incremento en rentas. Y mencion\u00f3 que, en el \u00faltimo a\u00f1o, los mercados de <strong>Ciudad de M\u00e9xico y Monterrey<\/strong> han tenido una absorci\u00f3n mayor al promedio visto en los \u00faltimos 10 trimestres.<\/p>\n<p>\u201cS\u00ed hay un efecto directo en el precio de mercado, particularmente de las naves que se incorporan al mercado; las cuales se construyeron durante el efecto del incremento de los insumos de construcci\u00f3n y la inflaci\u00f3n global. Adem\u00e1s, el <strong>activo industrial<\/strong> est\u00e1 teniendo absorciones r\u00e9cord en la mayor\u00eda de los mercados. Estos factores impactan no \u00fanicamente en el precio de renta por mercado; sino en el valor de los inmuebles, costos de reposici\u00f3n y valuaci\u00f3n con enfoque a ingresos\u201d, mencion\u00f3.<\/p>\n","protected":false},"excerpt":{"rendered":"<p>SiiLA indic\u00f3 que el acero representa entre el 30% y 40% de los costos de construcci\u00f3n industrial; por lo que el efecto del alza en precios se reflej\u00f3 inmediatamente<\/p>\n","protected":false},"author":73,"featured_media":130419,"comment_status":"open","ping_status":"closed","sticky":false,"template":"","format":"standard","meta":{"om_disable_all_campaigns":false,"inline_featured_image":false,"_monsterinsights_skip_tracking":false,"_monsterinsights_sitenote_active":false,"_monsterinsights_sitenote_note":"","_monsterinsights_sitenote_category":0,"footnotes":""},"categories":[15],"tags":[13880,1162,9533,115,21748,15367],"class_list":["post-130418","post","type-post","status-publish","format-standard","has-post-thumbnail","hentry","category-inmobiliario","tag-absorcion","tag-acero","tag-alza-en-precios","tag-industrial","tag-insumos-de-construccion","tag-siila-mexico"],"yoast_head":"<!-- This site is optimized with the Yoast SEO plugin v27.5 - https:\/\/yoast.com\/product\/yoast-seo-wordpress\/ -->\n<title>Pese a alza en precios, sector industrial registra absorci\u00f3n r\u00e9cord<\/title>\n<meta name=\"description\" content=\"El acero representa el 40% de los costos de construcci\u00f3n industrial; por lo que el efecto del alza en precios se reflej\u00f3 inmediatamente\" \/>\n<meta name=\"robots\" content=\"index, follow, max-snippet:-1, max-image-preview:large, max-video-preview:-1\" \/>\n<link rel=\"canonical\" href=\"https:\/\/centrourbano.com\/revista\/inmobiliario\/alza-precios-sector-industrial\/\" \/>\n<meta property=\"og:locale\" content=\"es_ES\" \/>\n<meta property=\"og:type\" content=\"article\" \/>\n<meta property=\"og:title\" content=\"Pese a alza en precios, sector industrial registra absorci\u00f3n r\u00e9cord\" \/>\n<meta property=\"og:description\" content=\"El acero representa el 40% de los costos de construcci\u00f3n industrial; por lo que el efecto del alza en precios se reflej\u00f3 inmediatamente\" \/>\n<meta property=\"og:url\" content=\"https:\/\/centrourbano.com\/revista\/inmobiliario\/alza-precios-sector-industrial\/\" \/>\n<meta property=\"og:site_name\" content=\"Centro Urbano\" \/>\n<meta property=\"article:publisher\" content=\"https:\/\/www.facebook.com\/portalcentrourbano\" \/>\n<meta property=\"article:published_time\" content=\"2022-05-20T23:11:41+00:00\" \/>\n<meta property=\"article:modified_time\" content=\"2022-05-21T00:14:08+00:00\" \/>\n<meta property=\"og:image\" content=\"https:\/\/centrourbano.com\/revista\/wp-content\/uploads\/Pese-a-alza-en-precios-sector-industrial-registra-absorcion-record.jpg\" \/>\n\t<meta property=\"og:image:width\" content=\"500\" \/>\n\t<meta property=\"og:image:height\" content=\"450\" \/>\n\t<meta property=\"og:image:type\" content=\"image\/jpeg\" \/>\n<meta name=\"author\" content=\"Fernanda Hern\u00e1ndez\" \/>\n<meta name=\"twitter:card\" content=\"summary_large_image\" \/>\n<meta name=\"twitter:creator\" content=\"@https:\/\/twitter.com\/Nannz_Hernandez\" \/>\n<meta name=\"twitter:site\" content=\"@CentroUrbano\" \/>\n<meta name=\"twitter:label1\" content=\"Escrito por\" \/>\n\t<meta name=\"twitter:data1\" content=\"Fernanda Hern\u00e1ndez\" \/>\n\t<meta name=\"twitter:label2\" content=\"Tiempo de lectura\" \/>\n\t<meta name=\"twitter:data2\" content=\"2 minutos\" \/>\n<script type=\"application\/ld+json\" class=\"yoast-schema-graph\">{\"@context\":\"https:\\\/\\\/schema.org\",\"@graph\":[{\"@type\":\"Article\",\"@id\":\"https:\\\/\\\/centrourbano.com\\\/revista\\\/inmobiliario\\\/alza-precios-sector-industrial\\\/#article\",\"isPartOf\":{\"@id\":\"https:\\\/\\\/centrourbano.com\\\/revista\\\/inmobiliario\\\/alza-precios-sector-industrial\\\/\"},\"author\":{\"name\":\"Fernanda Hern\u00e1ndez\",\"@id\":\"https:\\\/\\\/centrourbano.com\\\/revista\\\/#\\\/schema\\\/person\\\/b190b20bbbceb41ec72278c546fa8df3\"},\"headline\":\"Pese a alza en precios, sector industrial registra absorci\u00f3n r\u00e9cord\",\"datePublished\":\"2022-05-20T23:11:41+00:00\",\"dateModified\":\"2022-05-21T00:14:08+00:00\",\"mainEntityOfPage\":{\"@id\":\"https:\\\/\\\/centrourbano.com\\\/revista\\\/inmobiliario\\\/alza-precios-sector-industrial\\\/\"},\"wordCount\":380,\"commentCount\":0,\"publisher\":{\"@id\":\"https:\\\/\\\/centrourbano.com\\\/revista\\\/#organization\"},\"image\":{\"@id\":\"https:\\\/\\\/centrourbano.com\\\/revista\\\/inmobiliario\\\/alza-precios-sector-industrial\\\/#primaryimage\"},\"thumbnailUrl\":\"https:\\\/\\\/centrourbano.com\\\/revista\\\/wp-content\\\/uploads\\\/Pese-a-alza-en-precios-sector-industrial-registra-absorcion-record.jpg\",\"keywords\":[\"Absorci\u00f3n\",\"acero\",\"alza en precios\",\"industrial\",\"Insumos de Construcci\u00f3n\",\"SiiLA M\u00e9xico\"],\"articleSection\":[\"Inmobiliario\"],\"inLanguage\":\"es\",\"potentialAction\":[{\"@type\":\"CommentAction\",\"name\":\"Comment\",\"target\":[\"https:\\\/\\\/centrourbano.com\\\/revista\\\/inmobiliario\\\/alza-precios-sector-industrial\\\/#respond\"]}]},{\"@type\":\"WebPage\",\"@id\":\"https:\\\/\\\/centrourbano.com\\\/revista\\\/inmobiliario\\\/alza-precios-sector-industrial\\\/\",\"url\":\"https:\\\/\\\/centrourbano.com\\\/revista\\\/inmobiliario\\\/alza-precios-sector-industrial\\\/\",\"name\":\"Pese a alza en precios, sector industrial registra absorci\u00f3n r\u00e9cord\",\"isPartOf\":{\"@id\":\"https:\\\/\\\/centrourbano.com\\\/revista\\\/#website\"},\"primaryImageOfPage\":{\"@id\":\"https:\\\/\\\/centrourbano.com\\\/revista\\\/inmobiliario\\\/alza-precios-sector-industrial\\\/#primaryimage\"},\"image\":{\"@id\":\"https:\\\/\\\/centrourbano.com\\\/revista\\\/inmobiliario\\\/alza-precios-sector-industrial\\\/#primaryimage\"},\"thumbnailUrl\":\"https:\\\/\\\/centrourbano.com\\\/revista\\\/wp-content\\\/uploads\\\/Pese-a-alza-en-precios-sector-industrial-registra-absorcion-record.jpg\",\"datePublished\":\"2022-05-20T23:11:41+00:00\",\"dateModified\":\"2022-05-21T00:14:08+00:00\",\"description\":\"El acero representa el 40% de los costos de construcci\u00f3n industrial; por lo que el efecto del alza en precios se reflej\u00f3 inmediatamente\",\"breadcrumb\":{\"@id\":\"https:\\\/\\\/centrourbano.com\\\/revista\\\/inmobiliario\\\/alza-precios-sector-industrial\\\/#breadcrumb\"},\"inLanguage\":\"es\",\"potentialAction\":[{\"@type\":\"ReadAction\",\"target\":[\"https:\\\/\\\/centrourbano.com\\\/revista\\\/inmobiliario\\\/alza-precios-sector-industrial\\\/\"]}]},{\"@type\":\"ImageObject\",\"inLanguage\":\"es\",\"@id\":\"https:\\\/\\\/centrourbano.com\\\/revista\\\/inmobiliario\\\/alza-precios-sector-industrial\\\/#primaryimage\",\"url\":\"https:\\\/\\\/centrourbano.com\\\/revista\\\/wp-content\\\/uploads\\\/Pese-a-alza-en-precios-sector-industrial-registra-absorcion-record.jpg\",\"contentUrl\":\"https:\\\/\\\/centrourbano.com\\\/revista\\\/wp-content\\\/uploads\\\/Pese-a-alza-en-precios-sector-industrial-registra-absorcion-record.jpg\",\"width\":500,\"height\":450,\"caption\":\"El acero representa el 40% de los costos de construcci\u00f3n industrial; por lo que el efecto del alza en precios se reflej\u00f3 inmediatamente\"},{\"@type\":\"BreadcrumbList\",\"@id\":\"https:\\\/\\\/centrourbano.com\\\/revista\\\/inmobiliario\\\/alza-precios-sector-industrial\\\/#breadcrumb\",\"itemListElement\":[{\"@type\":\"ListItem\",\"position\":1,\"name\":\"Portada\",\"item\":\"https:\\\/\\\/centrourbano.com\\\/revista\\\/\"},{\"@type\":\"ListItem\",\"position\":2,\"name\":\"Pese a alza en precios, sector industrial registra absorci\u00f3n r\u00e9cord\"}]},{\"@type\":\"WebSite\",\"@id\":\"https:\\\/\\\/centrourbano.com\\\/revista\\\/#website\",\"url\":\"https:\\\/\\\/centrourbano.com\\\/revista\\\/\",\"name\":\"Centro Urbano\",\"description\":\"Medio especializado en los sectores vivienda, inmobiliario, construcci\u00f3n, arquitectura y urbanismo.\",\"publisher\":{\"@id\":\"https:\\\/\\\/centrourbano.com\\\/revista\\\/#organization\"},\"potentialAction\":[{\"@type\":\"SearchAction\",\"target\":{\"@type\":\"EntryPoint\",\"urlTemplate\":\"https:\\\/\\\/centrourbano.com\\\/revista\\\/?s={search_term_string}\"},\"query-input\":{\"@type\":\"PropertyValueSpecification\",\"valueRequired\":true,\"valueName\":\"search_term_string\"}}],\"inLanguage\":\"es\"},{\"@type\":\"Organization\",\"@id\":\"https:\\\/\\\/centrourbano.com\\\/revista\\\/#organization\",\"name\":\"Centro Urbano\",\"url\":\"https:\\\/\\\/centrourbano.com\\\/revista\\\/\",\"logo\":{\"@type\":\"ImageObject\",\"inLanguage\":\"es\",\"@id\":\"https:\\\/\\\/centrourbano.com\\\/revista\\\/#\\\/schema\\\/logo\\\/image\\\/\",\"url\":\"https:\\\/\\\/centrourbano.com\\\/revista\\\/wp-content\\\/uploads\\\/web_CU_logo-1.png\",\"contentUrl\":\"https:\\\/\\\/centrourbano.com\\\/revista\\\/wp-content\\\/uploads\\\/web_CU_logo-1.png\",\"width\":350,\"height\":91,\"caption\":\"Centro Urbano\"},\"image\":{\"@id\":\"https:\\\/\\\/centrourbano.com\\\/revista\\\/#\\\/schema\\\/logo\\\/image\\\/\"},\"sameAs\":[\"https:\\\/\\\/www.facebook.com\\\/portalcentrourbano\",\"https:\\\/\\\/x.com\\\/CentroUrbano\",\"https:\\\/\\\/www.instagram.com\\\/centro_urbano\\\/\",\"https:\\\/\\\/www.linkedin.com\\\/company\\\/centro-urbano\\\/\",\"http:\\\/\\\/www.youtube.com\\\/user\\\/portalcentrourbano\"]},{\"@type\":\"Person\",\"@id\":\"https:\\\/\\\/centrourbano.com\\\/revista\\\/#\\\/schema\\\/person\\\/b190b20bbbceb41ec72278c546fa8df3\",\"name\":\"Fernanda Hern\u00e1ndez\",\"image\":{\"@type\":\"ImageObject\",\"inLanguage\":\"es\",\"@id\":\"https:\\\/\\\/secure.gravatar.com\\\/avatar\\\/9471831fb0a24eae9d32d826a7cb8ef07c34a41520aca1a0ab1f5c0903ba49b9?s=96&d=mm&r=g\",\"url\":\"https:\\\/\\\/secure.gravatar.com\\\/avatar\\\/9471831fb0a24eae9d32d826a7cb8ef07c34a41520aca1a0ab1f5c0903ba49b9?s=96&d=mm&r=g\",\"contentUrl\":\"https:\\\/\\\/secure.gravatar.com\\\/avatar\\\/9471831fb0a24eae9d32d826a7cb8ef07c34a41520aca1a0ab1f5c0903ba49b9?s=96&d=mm&r=g\",\"caption\":\"Fernanda Hern\u00e1ndez\"},\"description\":\"Reportera y redactora en Centro Urbano. Soy egresada de la licenciatura en Ciencias de la Comunicaci\u00f3n de la Facultad de Ciencias Pol\u00edticas y Sociales (UNAM). Me interesa la cultura, el urbanismo y la arquitectura. Amante del mundo digital, el cine, la m\u00fasica, la lectura y la escritura.\",\"sameAs\":[\"https:\\\/\\\/x.com\\\/https:\\\/\\\/twitter.com\\\/Nannz_Hernandez\"],\"url\":\"https:\\\/\\\/centrourbano.com\\\/revista\\\/author\\\/fernanda-hernandez\\\/\"}]}<\/script>\n<!-- \/ Yoast SEO plugin. -->","yoast_head_json":{"title":"Pese a alza en precios, sector industrial registra absorci\u00f3n r\u00e9cord","description":"El acero representa el 40% de los costos de construcci\u00f3n industrial; por lo que el efecto del alza en precios se reflej\u00f3 inmediatamente","robots":{"index":"index","follow":"follow","max-snippet":"max-snippet:-1","max-image-preview":"max-image-preview:large","max-video-preview":"max-video-preview:-1"},"canonical":"https:\/\/centrourbano.com\/revista\/inmobiliario\/alza-precios-sector-industrial\/","og_locale":"es_ES","og_type":"article","og_title":"Pese a alza en precios, sector industrial registra absorci\u00f3n r\u00e9cord","og_description":"El acero representa el 40% de los costos de construcci\u00f3n industrial; por lo que el efecto del alza en precios se reflej\u00f3 inmediatamente","og_url":"https:\/\/centrourbano.com\/revista\/inmobiliario\/alza-precios-sector-industrial\/","og_site_name":"Centro Urbano","article_publisher":"https:\/\/www.facebook.com\/portalcentrourbano","article_published_time":"2022-05-20T23:11:41+00:00","article_modified_time":"2022-05-21T00:14:08+00:00","og_image":[{"width":500,"height":450,"url":"https:\/\/centrourbano.com\/revista\/wp-content\/uploads\/Pese-a-alza-en-precios-sector-industrial-registra-absorcion-record.jpg","type":"image\/jpeg"}],"author":"Fernanda Hern\u00e1ndez","twitter_card":"summary_large_image","twitter_creator":"@https:\/\/twitter.com\/Nannz_Hernandez","twitter_site":"@CentroUrbano","twitter_misc":{"Escrito por":"Fernanda Hern\u00e1ndez","Tiempo de lectura":"2 minutos"},"schema":{"@context":"https:\/\/schema.org","@graph":[{"@type":"Article","@id":"https:\/\/centrourbano.com\/revista\/inmobiliario\/alza-precios-sector-industrial\/#article","isPartOf":{"@id":"https:\/\/centrourbano.com\/revista\/inmobiliario\/alza-precios-sector-industrial\/"},"author":{"name":"Fernanda Hern\u00e1ndez","@id":"https:\/\/centrourbano.com\/revista\/#\/schema\/person\/b190b20bbbceb41ec72278c546fa8df3"},"headline":"Pese a alza en precios, sector industrial registra absorci\u00f3n r\u00e9cord","datePublished":"2022-05-20T23:11:41+00:00","dateModified":"2022-05-21T00:14:08+00:00","mainEntityOfPage":{"@id":"https:\/\/centrourbano.com\/revista\/inmobiliario\/alza-precios-sector-industrial\/"},"wordCount":380,"commentCount":0,"publisher":{"@id":"https:\/\/centrourbano.com\/revista\/#organization"},"image":{"@id":"https:\/\/centrourbano.com\/revista\/inmobiliario\/alza-precios-sector-industrial\/#primaryimage"},"thumbnailUrl":"https:\/\/centrourbano.com\/revista\/wp-content\/uploads\/Pese-a-alza-en-precios-sector-industrial-registra-absorcion-record.jpg","keywords":["Absorci\u00f3n","acero","alza en precios","industrial","Insumos de Construcci\u00f3n","SiiLA M\u00e9xico"],"articleSection":["Inmobiliario"],"inLanguage":"es","potentialAction":[{"@type":"CommentAction","name":"Comment","target":["https:\/\/centrourbano.com\/revista\/inmobiliario\/alza-precios-sector-industrial\/#respond"]}]},{"@type":"WebPage","@id":"https:\/\/centrourbano.com\/revista\/inmobiliario\/alza-precios-sector-industrial\/","url":"https:\/\/centrourbano.com\/revista\/inmobiliario\/alza-precios-sector-industrial\/","name":"Pese a alza en precios, sector industrial registra absorci\u00f3n r\u00e9cord","isPartOf":{"@id":"https:\/\/centrourbano.com\/revista\/#website"},"primaryImageOfPage":{"@id":"https:\/\/centrourbano.com\/revista\/inmobiliario\/alza-precios-sector-industrial\/#primaryimage"},"image":{"@id":"https:\/\/centrourbano.com\/revista\/inmobiliario\/alza-precios-sector-industrial\/#primaryimage"},"thumbnailUrl":"https:\/\/centrourbano.com\/revista\/wp-content\/uploads\/Pese-a-alza-en-precios-sector-industrial-registra-absorcion-record.jpg","datePublished":"2022-05-20T23:11:41+00:00","dateModified":"2022-05-21T00:14:08+00:00","description":"El acero representa el 40% de los costos de construcci\u00f3n industrial; por lo que el efecto del alza en precios se reflej\u00f3 inmediatamente","breadcrumb":{"@id":"https:\/\/centrourbano.com\/revista\/inmobiliario\/alza-precios-sector-industrial\/#breadcrumb"},"inLanguage":"es","potentialAction":[{"@type":"ReadAction","target":["https:\/\/centrourbano.com\/revista\/inmobiliario\/alza-precios-sector-industrial\/"]}]},{"@type":"ImageObject","inLanguage":"es","@id":"https:\/\/centrourbano.com\/revista\/inmobiliario\/alza-precios-sector-industrial\/#primaryimage","url":"https:\/\/centrourbano.com\/revista\/wp-content\/uploads\/Pese-a-alza-en-precios-sector-industrial-registra-absorcion-record.jpg","contentUrl":"https:\/\/centrourbano.com\/revista\/wp-content\/uploads\/Pese-a-alza-en-precios-sector-industrial-registra-absorcion-record.jpg","width":500,"height":450,"caption":"El acero representa el 40% de los costos de construcci\u00f3n industrial; por lo que el efecto del alza en precios se reflej\u00f3 inmediatamente"},{"@type":"BreadcrumbList","@id":"https:\/\/centrourbano.com\/revista\/inmobiliario\/alza-precios-sector-industrial\/#breadcrumb","itemListElement":[{"@type":"ListItem","position":1,"name":"Portada","item":"https:\/\/centrourbano.com\/revista\/"},{"@type":"ListItem","position":2,"name":"Pese a alza en precios, sector industrial registra absorci\u00f3n r\u00e9cord"}]},{"@type":"WebSite","@id":"https:\/\/centrourbano.com\/revista\/#website","url":"https:\/\/centrourbano.com\/revista\/","name":"Centro Urbano","description":"Medio especializado en los sectores vivienda, inmobiliario, construcci\u00f3n, arquitectura y urbanismo.","publisher":{"@id":"https:\/\/centrourbano.com\/revista\/#organization"},"potentialAction":[{"@type":"SearchAction","target":{"@type":"EntryPoint","urlTemplate":"https:\/\/centrourbano.com\/revista\/?s={search_term_string}"},"query-input":{"@type":"PropertyValueSpecification","valueRequired":true,"valueName":"search_term_string"}}],"inLanguage":"es"},{"@type":"Organization","@id":"https:\/\/centrourbano.com\/revista\/#organization","name":"Centro Urbano","url":"https:\/\/centrourbano.com\/revista\/","logo":{"@type":"ImageObject","inLanguage":"es","@id":"https:\/\/centrourbano.com\/revista\/#\/schema\/logo\/image\/","url":"https:\/\/centrourbano.com\/revista\/wp-content\/uploads\/web_CU_logo-1.png","contentUrl":"https:\/\/centrourbano.com\/revista\/wp-content\/uploads\/web_CU_logo-1.png","width":350,"height":91,"caption":"Centro Urbano"},"image":{"@id":"https:\/\/centrourbano.com\/revista\/#\/schema\/logo\/image\/"},"sameAs":["https:\/\/www.facebook.com\/portalcentrourbano","https:\/\/x.com\/CentroUrbano","https:\/\/www.instagram.com\/centro_urbano\/","https:\/\/www.linkedin.com\/company\/centro-urbano\/","http:\/\/www.youtube.com\/user\/portalcentrourbano"]},{"@type":"Person","@id":"https:\/\/centrourbano.com\/revista\/#\/schema\/person\/b190b20bbbceb41ec72278c546fa8df3","name":"Fernanda Hern\u00e1ndez","image":{"@type":"ImageObject","inLanguage":"es","@id":"https:\/\/secure.gravatar.com\/avatar\/9471831fb0a24eae9d32d826a7cb8ef07c34a41520aca1a0ab1f5c0903ba49b9?s=96&d=mm&r=g","url":"https:\/\/secure.gravatar.com\/avatar\/9471831fb0a24eae9d32d826a7cb8ef07c34a41520aca1a0ab1f5c0903ba49b9?s=96&d=mm&r=g","contentUrl":"https:\/\/secure.gravatar.com\/avatar\/9471831fb0a24eae9d32d826a7cb8ef07c34a41520aca1a0ab1f5c0903ba49b9?s=96&d=mm&r=g","caption":"Fernanda Hern\u00e1ndez"},"description":"Reportera y redactora en Centro Urbano. Soy egresada de la licenciatura en Ciencias de la Comunicaci\u00f3n de la Facultad de Ciencias Pol\u00edticas y Sociales (UNAM). Me interesa la cultura, el urbanismo y la arquitectura. Amante del mundo digital, el cine, la m\u00fasica, la lectura y la escritura.","sameAs":["https:\/\/x.com\/https:\/\/twitter.com\/Nannz_Hernandez"],"url":"https:\/\/centrourbano.com\/revista\/author\/fernanda-hernandez\/"}]}},"_links":{"self":[{"href":"https:\/\/centrourbano.com\/revista\/wp-json\/wp\/v2\/posts\/130418","targetHints":{"allow":["GET"]}}],"collection":[{"href":"https:\/\/centrourbano.com\/revista\/wp-json\/wp\/v2\/posts"}],"about":[{"href":"https:\/\/centrourbano.com\/revista\/wp-json\/wp\/v2\/types\/post"}],"author":[{"embeddable":true,"href":"https:\/\/centrourbano.com\/revista\/wp-json\/wp\/v2\/users\/73"}],"replies":[{"embeddable":true,"href":"https:\/\/centrourbano.com\/revista\/wp-json\/wp\/v2\/comments?post=130418"}],"version-history":[{"count":1,"href":"https:\/\/centrourbano.com\/revista\/wp-json\/wp\/v2\/posts\/130418\/revisions"}],"predecessor-version":[{"id":130423,"href":"https:\/\/centrourbano.com\/revista\/wp-json\/wp\/v2\/posts\/130418\/revisions\/130423"}],"wp:featuredmedia":[{"embeddable":true,"href":"https:\/\/centrourbano.com\/revista\/wp-json\/wp\/v2\/media\/130419"}],"wp:attachment":[{"href":"https:\/\/centrourbano.com\/revista\/wp-json\/wp\/v2\/media?parent=130418"}],"wp:term":[{"taxonomy":"category","embeddable":true,"href":"https:\/\/centrourbano.com\/revista\/wp-json\/wp\/v2\/categories?post=130418"},{"taxonomy":"post_tag","embeddable":true,"href":"https:\/\/centrourbano.com\/revista\/wp-json\/wp\/v2\/tags?post=130418"}],"curies":[{"name":"wp","href":"https:\/\/api.w.org\/{rel}","templated":true}]}}