{"id":130048,"date":"2022-05-10T13:51:06","date_gmt":"2022-05-10T18:51:06","guid":{"rendered":"https:\/\/centrourbano.com\/?p=130048"},"modified":"2022-05-10T11:38:02","modified_gmt":"2022-05-10T16:38:02","slug":"tinsa-james-cornell-presidente","status":"publish","type":"post","link":"https:\/\/centrourbano.com\/revista\/inmobiliario\/tinsa-james-cornell-presidente\/","title":{"rendered":"Grupo Tinsa nombra a James Cornell como su nuevo presidente"},"content":{"rendered":"<p><em>Estoy realmente ilusionado por la oportunidad de expandir la impresionante trayectoria realizada por Tinsa hasta la fecha\u201d, afirm\u00f3 James Cornell<\/em><!--more--><\/p>\n<p>La firma de valuaci\u00f3n y consultor\u00eda inmobiliaria, <strong>Grupo Tinsa<\/strong>, nombr\u00f3 a <strong>James Cornell como su nuevo presidente y consejero delegado<\/strong>. As\u00ed, sustituye a <strong>Ignacio Martos<\/strong>, quien permanecer\u00e1 como asesor senior del Consejo de Administraci\u00f3n.<\/p>\n<p>El objetivo de <strong>James Cornell<\/strong> al frente de <strong>Tinsa<\/strong> es contribuir al crecimiento internacional y a la innovaci\u00f3n tecnol\u00f3gica del grupo, que le ha permitido duplicar su cifra de negocio en los \u00faltimos cinco a\u00f1os.<\/p>\n<p>\u201c<strong>Ignacio Martos<\/strong> y el equipo de <strong>Tinsa<\/strong> han hecho un trabajo fant\u00e1stico construyendo un grupo muy exitoso; con una fuerte posici\u00f3n en cada uno de los mercados en los que est\u00e1 presente. Estoy realmente ilusionado por la oportunidad de expandir la impresionante trayectoria realizada por Tinsa hasta la fecha\u201d, afirm\u00f3 el nuevo presidente.<\/p>\n<p><strong>James Cornell<\/strong> cuenta con una trayectoria de m\u00e1s de 25 a\u00f1os en el \u00e1mbito de los servicios financieros, la tecnolog\u00eda y los datos. Y, adem\u00e1s, tiene un marcado perfil emprendedor, ya que en 2003 fund\u00f3 <strong>Lowell<\/strong>, una start-up centrada en la gesti\u00f3n del cr\u00e9dito al consumo; la cual se ha convertido en uno de los mayores actores paneuropeos de su sector.<\/p>\n<p>Por otro lado, el <strong>Grupo Tinsa<\/strong> factur\u00f3, en el ejercicio fiscal 2021, 183 millones de euros; lo que representa un crecimiento de 13.7% frente al a\u00f1o anterior. Y cabe mencionar que m\u00e1s de la mitad del negocio (52%) procede de mercados internacionales.<\/p>\n<p>Bajo el mando de <strong>Cornell<\/strong>, Tinsa continuar\u00e1 con su estrategia de crecimiento a trav\u00e9s de adquisiciones y crecimiento org\u00e1nico.<\/p>\n<p>En el \u00faltimo a\u00f1o, el grupo adquiri\u00f3 tres compa\u00f1\u00edas y contin\u00faa con el an\u00e1lisis de nuevas oportunidades de compra que encajen en su modelo de incorporaci\u00f3n de conocimiento local y creaci\u00f3n de sinergias tecnol\u00f3gicas y de negocio; lo anterior, tanto en el \u00e1mbito de la valoraci\u00f3n como en el de tratamiento de datos.<\/p>\n","protected":false},"excerpt":{"rendered":"<p>Estoy realmente ilusionado por la oportunidad de expandir la impresionante trayectoria realizada por Tinsa hasta la fecha\u201d, afirm\u00f3 James Cornell<\/p>\n","protected":false},"author":73,"featured_media":130051,"comment_status":"open","ping_status":"closed","sticky":false,"template":"","format":"standard","meta":{"om_disable_all_campaigns":false,"inline_featured_image":false,"_monsterinsights_skip_tracking":false,"_monsterinsights_sitenote_active":false,"_monsterinsights_sitenote_note":"","_monsterinsights_sitenote_category":0,"footnotes":""},"categories":[15],"tags":[21722,21723,21721,18590],"class_list":["post-130048","post","type-post","status-publish","format-standard","has-post-thumbnail","hentry","category-inmobiliario","tag-grupo-tinsa","tag-ignacio-martos","tag-james-cornell","tag-valuacion-inmobiliaria"],"yoast_head":"<!-- This site is optimized with the Yoast SEO plugin v27.4 - https:\/\/yoast.com\/product\/yoast-seo-wordpress\/ -->\n<title>Grupo Tinsa nombra a James Cornell como su nuevo presidente<\/title>\n<meta name=\"description\" content=\"Estoy ilusionado por la oportunidad de expandir la impresionante trayectoria realizada por Tinsa hasta la fecha\u201d, afirm\u00f3 James Cornell\" \/>\n<meta name=\"robots\" content=\"index, follow, max-snippet:-1, max-image-preview:large, max-video-preview:-1\" \/>\n<link rel=\"canonical\" href=\"https:\/\/centrourbano.com\/revista\/inmobiliario\/tinsa-james-cornell-presidente\/\" \/>\n<meta property=\"og:locale\" content=\"es_ES\" \/>\n<meta property=\"og:type\" content=\"article\" \/>\n<meta property=\"og:title\" content=\"Grupo Tinsa nombra a James Cornell como su nuevo presidente\" \/>\n<meta property=\"og:description\" content=\"Estoy ilusionado por la oportunidad de expandir la impresionante trayectoria realizada por Tinsa hasta la fecha\u201d, afirm\u00f3 James Cornell\" \/>\n<meta property=\"og:url\" content=\"https:\/\/centrourbano.com\/revista\/inmobiliario\/tinsa-james-cornell-presidente\/\" \/>\n<meta property=\"og:site_name\" content=\"Centro Urbano\" \/>\n<meta property=\"article:publisher\" content=\"https:\/\/www.facebook.com\/portalcentrourbano\" \/>\n<meta property=\"article:published_time\" content=\"2022-05-10T18:51:06+00:00\" \/>\n<meta property=\"og:image\" content=\"https:\/\/centrourbano.com\/revista\/wp-content\/uploads\/Grupo-Tinsa-nombra-a-James-Cornell-como-su-nuevo-presidente.jpg\" \/>\n\t<meta property=\"og:image:width\" content=\"500\" \/>\n\t<meta property=\"og:image:height\" content=\"443\" \/>\n\t<meta property=\"og:image:type\" content=\"image\/jpeg\" \/>\n<meta name=\"author\" content=\"Fernanda Hern\u00e1ndez\" \/>\n<meta name=\"twitter:card\" content=\"summary_large_image\" \/>\n<meta name=\"twitter:creator\" content=\"@https:\/\/twitter.com\/Nannz_Hernandez\" \/>\n<meta name=\"twitter:site\" content=\"@CentroUrbano\" \/>\n<meta name=\"twitter:label1\" content=\"Escrito por\" \/>\n\t<meta name=\"twitter:data1\" content=\"Fernanda Hern\u00e1ndez\" \/>\n\t<meta name=\"twitter:label2\" content=\"Tiempo de lectura\" \/>\n\t<meta name=\"twitter:data2\" content=\"2 minutos\" \/>\n<script type=\"application\/ld+json\" class=\"yoast-schema-graph\">{\"@context\":\"https:\\\/\\\/schema.org\",\"@graph\":[{\"@type\":\"Article\",\"@id\":\"https:\\\/\\\/centrourbano.com\\\/revista\\\/inmobiliario\\\/tinsa-james-cornell-presidente\\\/#article\",\"isPartOf\":{\"@id\":\"https:\\\/\\\/centrourbano.com\\\/revista\\\/inmobiliario\\\/tinsa-james-cornell-presidente\\\/\"},\"author\":{\"name\":\"Fernanda Hern\u00e1ndez\",\"@id\":\"https:\\\/\\\/centrourbano.com\\\/revista\\\/#\\\/schema\\\/person\\\/b190b20bbbceb41ec72278c546fa8df3\"},\"headline\":\"Grupo Tinsa nombra a James Cornell como su nuevo presidente\",\"datePublished\":\"2022-05-10T18:51:06+00:00\",\"mainEntityOfPage\":{\"@id\":\"https:\\\/\\\/centrourbano.com\\\/revista\\\/inmobiliario\\\/tinsa-james-cornell-presidente\\\/\"},\"wordCount\":347,\"commentCount\":0,\"publisher\":{\"@id\":\"https:\\\/\\\/centrourbano.com\\\/revista\\\/#organization\"},\"image\":{\"@id\":\"https:\\\/\\\/centrourbano.com\\\/revista\\\/inmobiliario\\\/tinsa-james-cornell-presidente\\\/#primaryimage\"},\"thumbnailUrl\":\"https:\\\/\\\/centrourbano.com\\\/revista\\\/wp-content\\\/uploads\\\/Grupo-Tinsa-nombra-a-James-Cornell-como-su-nuevo-presidente.jpg\",\"keywords\":[\"Grupo Tinsa\",\"Ignacio Martos\",\"James Cornell\",\"valuaci\u00f3n inmobiliaria\"],\"articleSection\":[\"Inmobiliario\"],\"inLanguage\":\"es\",\"potentialAction\":[{\"@type\":\"CommentAction\",\"name\":\"Comment\",\"target\":[\"https:\\\/\\\/centrourbano.com\\\/revista\\\/inmobiliario\\\/tinsa-james-cornell-presidente\\\/#respond\"]}]},{\"@type\":\"WebPage\",\"@id\":\"https:\\\/\\\/centrourbano.com\\\/revista\\\/inmobiliario\\\/tinsa-james-cornell-presidente\\\/\",\"url\":\"https:\\\/\\\/centrourbano.com\\\/revista\\\/inmobiliario\\\/tinsa-james-cornell-presidente\\\/\",\"name\":\"Grupo Tinsa nombra a James Cornell como su nuevo presidente\",\"isPartOf\":{\"@id\":\"https:\\\/\\\/centrourbano.com\\\/revista\\\/#website\"},\"primaryImageOfPage\":{\"@id\":\"https:\\\/\\\/centrourbano.com\\\/revista\\\/inmobiliario\\\/tinsa-james-cornell-presidente\\\/#primaryimage\"},\"image\":{\"@id\":\"https:\\\/\\\/centrourbano.com\\\/revista\\\/inmobiliario\\\/tinsa-james-cornell-presidente\\\/#primaryimage\"},\"thumbnailUrl\":\"https:\\\/\\\/centrourbano.com\\\/revista\\\/wp-content\\\/uploads\\\/Grupo-Tinsa-nombra-a-James-Cornell-como-su-nuevo-presidente.jpg\",\"datePublished\":\"2022-05-10T18:51:06+00:00\",\"description\":\"Estoy ilusionado por la oportunidad de expandir la impresionante trayectoria realizada por Tinsa hasta la fecha\u201d, afirm\u00f3 James Cornell\",\"breadcrumb\":{\"@id\":\"https:\\\/\\\/centrourbano.com\\\/revista\\\/inmobiliario\\\/tinsa-james-cornell-presidente\\\/#breadcrumb\"},\"inLanguage\":\"es\",\"potentialAction\":[{\"@type\":\"ReadAction\",\"target\":[\"https:\\\/\\\/centrourbano.com\\\/revista\\\/inmobiliario\\\/tinsa-james-cornell-presidente\\\/\"]}]},{\"@type\":\"ImageObject\",\"inLanguage\":\"es\",\"@id\":\"https:\\\/\\\/centrourbano.com\\\/revista\\\/inmobiliario\\\/tinsa-james-cornell-presidente\\\/#primaryimage\",\"url\":\"https:\\\/\\\/centrourbano.com\\\/revista\\\/wp-content\\\/uploads\\\/Grupo-Tinsa-nombra-a-James-Cornell-como-su-nuevo-presidente.jpg\",\"contentUrl\":\"https:\\\/\\\/centrourbano.com\\\/revista\\\/wp-content\\\/uploads\\\/Grupo-Tinsa-nombra-a-James-Cornell-como-su-nuevo-presidente.jpg\",\"width\":500,\"height\":443,\"caption\":\"Estoy ilusionado por la oportunidad de expandir la impresionante trayectoria realizada por Tinsa hasta la fecha\u201d, afirm\u00f3 James Cornell\"},{\"@type\":\"BreadcrumbList\",\"@id\":\"https:\\\/\\\/centrourbano.com\\\/revista\\\/inmobiliario\\\/tinsa-james-cornell-presidente\\\/#breadcrumb\",\"itemListElement\":[{\"@type\":\"ListItem\",\"position\":1,\"name\":\"Portada\",\"item\":\"https:\\\/\\\/centrourbano.com\\\/revista\\\/\"},{\"@type\":\"ListItem\",\"position\":2,\"name\":\"Grupo Tinsa nombra a James Cornell como su nuevo presidente\"}]},{\"@type\":\"WebSite\",\"@id\":\"https:\\\/\\\/centrourbano.com\\\/revista\\\/#website\",\"url\":\"https:\\\/\\\/centrourbano.com\\\/revista\\\/\",\"name\":\"Centro Urbano\",\"description\":\"Medio especializado en los sectores vivienda, inmobiliario, construcci\u00f3n, arquitectura y urbanismo.\",\"publisher\":{\"@id\":\"https:\\\/\\\/centrourbano.com\\\/revista\\\/#organization\"},\"potentialAction\":[{\"@type\":\"SearchAction\",\"target\":{\"@type\":\"EntryPoint\",\"urlTemplate\":\"https:\\\/\\\/centrourbano.com\\\/revista\\\/?s={search_term_string}\"},\"query-input\":{\"@type\":\"PropertyValueSpecification\",\"valueRequired\":true,\"valueName\":\"search_term_string\"}}],\"inLanguage\":\"es\"},{\"@type\":\"Organization\",\"@id\":\"https:\\\/\\\/centrourbano.com\\\/revista\\\/#organization\",\"name\":\"Centro Urbano\",\"url\":\"https:\\\/\\\/centrourbano.com\\\/revista\\\/\",\"logo\":{\"@type\":\"ImageObject\",\"inLanguage\":\"es\",\"@id\":\"https:\\\/\\\/centrourbano.com\\\/revista\\\/#\\\/schema\\\/logo\\\/image\\\/\",\"url\":\"https:\\\/\\\/centrourbano.com\\\/revista\\\/wp-content\\\/uploads\\\/web_CU_logo-1.png\",\"contentUrl\":\"https:\\\/\\\/centrourbano.com\\\/revista\\\/wp-content\\\/uploads\\\/web_CU_logo-1.png\",\"width\":350,\"height\":91,\"caption\":\"Centro Urbano\"},\"image\":{\"@id\":\"https:\\\/\\\/centrourbano.com\\\/revista\\\/#\\\/schema\\\/logo\\\/image\\\/\"},\"sameAs\":[\"https:\\\/\\\/www.facebook.com\\\/portalcentrourbano\",\"https:\\\/\\\/x.com\\\/CentroUrbano\",\"https:\\\/\\\/www.instagram.com\\\/centro_urbano\\\/\",\"https:\\\/\\\/www.linkedin.com\\\/company\\\/centro-urbano\\\/\",\"http:\\\/\\\/www.youtube.com\\\/user\\\/portalcentrourbano\"]},{\"@type\":\"Person\",\"@id\":\"https:\\\/\\\/centrourbano.com\\\/revista\\\/#\\\/schema\\\/person\\\/b190b20bbbceb41ec72278c546fa8df3\",\"name\":\"Fernanda Hern\u00e1ndez\",\"image\":{\"@type\":\"ImageObject\",\"inLanguage\":\"es\",\"@id\":\"https:\\\/\\\/secure.gravatar.com\\\/avatar\\\/9471831fb0a24eae9d32d826a7cb8ef07c34a41520aca1a0ab1f5c0903ba49b9?s=96&d=mm&r=g\",\"url\":\"https:\\\/\\\/secure.gravatar.com\\\/avatar\\\/9471831fb0a24eae9d32d826a7cb8ef07c34a41520aca1a0ab1f5c0903ba49b9?s=96&d=mm&r=g\",\"contentUrl\":\"https:\\\/\\\/secure.gravatar.com\\\/avatar\\\/9471831fb0a24eae9d32d826a7cb8ef07c34a41520aca1a0ab1f5c0903ba49b9?s=96&d=mm&r=g\",\"caption\":\"Fernanda Hern\u00e1ndez\"},\"description\":\"Reportera y redactora en Centro Urbano. Soy egresada de la licenciatura en Ciencias de la Comunicaci\u00f3n de la Facultad de Ciencias Pol\u00edticas y Sociales (UNAM). Me interesa la cultura, el urbanismo y la arquitectura. Amante del mundo digital, el cine, la m\u00fasica, la lectura y la escritura.\",\"sameAs\":[\"https:\\\/\\\/x.com\\\/https:\\\/\\\/twitter.com\\\/Nannz_Hernandez\"],\"url\":\"https:\\\/\\\/centrourbano.com\\\/revista\\\/author\\\/fernanda-hernandez\\\/\"}]}<\/script>\n<!-- \/ Yoast SEO plugin. -->","yoast_head_json":{"title":"Grupo Tinsa nombra a James Cornell como su nuevo presidente","description":"Estoy ilusionado por la oportunidad de expandir la impresionante trayectoria realizada por Tinsa hasta la fecha\u201d, afirm\u00f3 James Cornell","robots":{"index":"index","follow":"follow","max-snippet":"max-snippet:-1","max-image-preview":"max-image-preview:large","max-video-preview":"max-video-preview:-1"},"canonical":"https:\/\/centrourbano.com\/revista\/inmobiliario\/tinsa-james-cornell-presidente\/","og_locale":"es_ES","og_type":"article","og_title":"Grupo Tinsa nombra a James Cornell como su nuevo presidente","og_description":"Estoy ilusionado por la oportunidad de expandir la impresionante trayectoria realizada por Tinsa hasta la fecha\u201d, afirm\u00f3 James Cornell","og_url":"https:\/\/centrourbano.com\/revista\/inmobiliario\/tinsa-james-cornell-presidente\/","og_site_name":"Centro Urbano","article_publisher":"https:\/\/www.facebook.com\/portalcentrourbano","article_published_time":"2022-05-10T18:51:06+00:00","og_image":[{"width":500,"height":443,"url":"https:\/\/centrourbano.com\/revista\/wp-content\/uploads\/Grupo-Tinsa-nombra-a-James-Cornell-como-su-nuevo-presidente.jpg","type":"image\/jpeg"}],"author":"Fernanda Hern\u00e1ndez","twitter_card":"summary_large_image","twitter_creator":"@https:\/\/twitter.com\/Nannz_Hernandez","twitter_site":"@CentroUrbano","twitter_misc":{"Escrito por":"Fernanda Hern\u00e1ndez","Tiempo de lectura":"2 minutos"},"schema":{"@context":"https:\/\/schema.org","@graph":[{"@type":"Article","@id":"https:\/\/centrourbano.com\/revista\/inmobiliario\/tinsa-james-cornell-presidente\/#article","isPartOf":{"@id":"https:\/\/centrourbano.com\/revista\/inmobiliario\/tinsa-james-cornell-presidente\/"},"author":{"name":"Fernanda Hern\u00e1ndez","@id":"https:\/\/centrourbano.com\/revista\/#\/schema\/person\/b190b20bbbceb41ec72278c546fa8df3"},"headline":"Grupo Tinsa nombra a James Cornell como su nuevo presidente","datePublished":"2022-05-10T18:51:06+00:00","mainEntityOfPage":{"@id":"https:\/\/centrourbano.com\/revista\/inmobiliario\/tinsa-james-cornell-presidente\/"},"wordCount":347,"commentCount":0,"publisher":{"@id":"https:\/\/centrourbano.com\/revista\/#organization"},"image":{"@id":"https:\/\/centrourbano.com\/revista\/inmobiliario\/tinsa-james-cornell-presidente\/#primaryimage"},"thumbnailUrl":"https:\/\/centrourbano.com\/revista\/wp-content\/uploads\/Grupo-Tinsa-nombra-a-James-Cornell-como-su-nuevo-presidente.jpg","keywords":["Grupo Tinsa","Ignacio Martos","James Cornell","valuaci\u00f3n inmobiliaria"],"articleSection":["Inmobiliario"],"inLanguage":"es","potentialAction":[{"@type":"CommentAction","name":"Comment","target":["https:\/\/centrourbano.com\/revista\/inmobiliario\/tinsa-james-cornell-presidente\/#respond"]}]},{"@type":"WebPage","@id":"https:\/\/centrourbano.com\/revista\/inmobiliario\/tinsa-james-cornell-presidente\/","url":"https:\/\/centrourbano.com\/revista\/inmobiliario\/tinsa-james-cornell-presidente\/","name":"Grupo Tinsa nombra a James Cornell como su nuevo presidente","isPartOf":{"@id":"https:\/\/centrourbano.com\/revista\/#website"},"primaryImageOfPage":{"@id":"https:\/\/centrourbano.com\/revista\/inmobiliario\/tinsa-james-cornell-presidente\/#primaryimage"},"image":{"@id":"https:\/\/centrourbano.com\/revista\/inmobiliario\/tinsa-james-cornell-presidente\/#primaryimage"},"thumbnailUrl":"https:\/\/centrourbano.com\/revista\/wp-content\/uploads\/Grupo-Tinsa-nombra-a-James-Cornell-como-su-nuevo-presidente.jpg","datePublished":"2022-05-10T18:51:06+00:00","description":"Estoy ilusionado por la oportunidad de expandir la impresionante trayectoria realizada por Tinsa hasta la fecha\u201d, afirm\u00f3 James Cornell","breadcrumb":{"@id":"https:\/\/centrourbano.com\/revista\/inmobiliario\/tinsa-james-cornell-presidente\/#breadcrumb"},"inLanguage":"es","potentialAction":[{"@type":"ReadAction","target":["https:\/\/centrourbano.com\/revista\/inmobiliario\/tinsa-james-cornell-presidente\/"]}]},{"@type":"ImageObject","inLanguage":"es","@id":"https:\/\/centrourbano.com\/revista\/inmobiliario\/tinsa-james-cornell-presidente\/#primaryimage","url":"https:\/\/centrourbano.com\/revista\/wp-content\/uploads\/Grupo-Tinsa-nombra-a-James-Cornell-como-su-nuevo-presidente.jpg","contentUrl":"https:\/\/centrourbano.com\/revista\/wp-content\/uploads\/Grupo-Tinsa-nombra-a-James-Cornell-como-su-nuevo-presidente.jpg","width":500,"height":443,"caption":"Estoy ilusionado por la oportunidad de expandir la impresionante trayectoria realizada por Tinsa hasta la fecha\u201d, afirm\u00f3 James Cornell"},{"@type":"BreadcrumbList","@id":"https:\/\/centrourbano.com\/revista\/inmobiliario\/tinsa-james-cornell-presidente\/#breadcrumb","itemListElement":[{"@type":"ListItem","position":1,"name":"Portada","item":"https:\/\/centrourbano.com\/revista\/"},{"@type":"ListItem","position":2,"name":"Grupo Tinsa nombra a James Cornell como su nuevo presidente"}]},{"@type":"WebSite","@id":"https:\/\/centrourbano.com\/revista\/#website","url":"https:\/\/centrourbano.com\/revista\/","name":"Centro Urbano","description":"Medio especializado en los sectores vivienda, inmobiliario, construcci\u00f3n, arquitectura y urbanismo.","publisher":{"@id":"https:\/\/centrourbano.com\/revista\/#organization"},"potentialAction":[{"@type":"SearchAction","target":{"@type":"EntryPoint","urlTemplate":"https:\/\/centrourbano.com\/revista\/?s={search_term_string}"},"query-input":{"@type":"PropertyValueSpecification","valueRequired":true,"valueName":"search_term_string"}}],"inLanguage":"es"},{"@type":"Organization","@id":"https:\/\/centrourbano.com\/revista\/#organization","name":"Centro Urbano","url":"https:\/\/centrourbano.com\/revista\/","logo":{"@type":"ImageObject","inLanguage":"es","@id":"https:\/\/centrourbano.com\/revista\/#\/schema\/logo\/image\/","url":"https:\/\/centrourbano.com\/revista\/wp-content\/uploads\/web_CU_logo-1.png","contentUrl":"https:\/\/centrourbano.com\/revista\/wp-content\/uploads\/web_CU_logo-1.png","width":350,"height":91,"caption":"Centro Urbano"},"image":{"@id":"https:\/\/centrourbano.com\/revista\/#\/schema\/logo\/image\/"},"sameAs":["https:\/\/www.facebook.com\/portalcentrourbano","https:\/\/x.com\/CentroUrbano","https:\/\/www.instagram.com\/centro_urbano\/","https:\/\/www.linkedin.com\/company\/centro-urbano\/","http:\/\/www.youtube.com\/user\/portalcentrourbano"]},{"@type":"Person","@id":"https:\/\/centrourbano.com\/revista\/#\/schema\/person\/b190b20bbbceb41ec72278c546fa8df3","name":"Fernanda Hern\u00e1ndez","image":{"@type":"ImageObject","inLanguage":"es","@id":"https:\/\/secure.gravatar.com\/avatar\/9471831fb0a24eae9d32d826a7cb8ef07c34a41520aca1a0ab1f5c0903ba49b9?s=96&d=mm&r=g","url":"https:\/\/secure.gravatar.com\/avatar\/9471831fb0a24eae9d32d826a7cb8ef07c34a41520aca1a0ab1f5c0903ba49b9?s=96&d=mm&r=g","contentUrl":"https:\/\/secure.gravatar.com\/avatar\/9471831fb0a24eae9d32d826a7cb8ef07c34a41520aca1a0ab1f5c0903ba49b9?s=96&d=mm&r=g","caption":"Fernanda Hern\u00e1ndez"},"description":"Reportera y redactora en Centro Urbano. Soy egresada de la licenciatura en Ciencias de la Comunicaci\u00f3n de la Facultad de Ciencias Pol\u00edticas y Sociales (UNAM). Me interesa la cultura, el urbanismo y la arquitectura. Amante del mundo digital, el cine, la m\u00fasica, la lectura y la escritura.","sameAs":["https:\/\/x.com\/https:\/\/twitter.com\/Nannz_Hernandez"],"url":"https:\/\/centrourbano.com\/revista\/author\/fernanda-hernandez\/"}]}},"_links":{"self":[{"href":"https:\/\/centrourbano.com\/revista\/wp-json\/wp\/v2\/posts\/130048","targetHints":{"allow":["GET"]}}],"collection":[{"href":"https:\/\/centrourbano.com\/revista\/wp-json\/wp\/v2\/posts"}],"about":[{"href":"https:\/\/centrourbano.com\/revista\/wp-json\/wp\/v2\/types\/post"}],"author":[{"embeddable":true,"href":"https:\/\/centrourbano.com\/revista\/wp-json\/wp\/v2\/users\/73"}],"replies":[{"embeddable":true,"href":"https:\/\/centrourbano.com\/revista\/wp-json\/wp\/v2\/comments?post=130048"}],"version-history":[{"count":1,"href":"https:\/\/centrourbano.com\/revista\/wp-json\/wp\/v2\/posts\/130048\/revisions"}],"predecessor-version":[{"id":130053,"href":"https:\/\/centrourbano.com\/revista\/wp-json\/wp\/v2\/posts\/130048\/revisions\/130053"}],"wp:featuredmedia":[{"embeddable":true,"href":"https:\/\/centrourbano.com\/revista\/wp-json\/wp\/v2\/media\/130051"}],"wp:attachment":[{"href":"https:\/\/centrourbano.com\/revista\/wp-json\/wp\/v2\/media?parent=130048"}],"wp:term":[{"taxonomy":"category","embeddable":true,"href":"https:\/\/centrourbano.com\/revista\/wp-json\/wp\/v2\/categories?post=130048"},{"taxonomy":"post_tag","embeddable":true,"href":"https:\/\/centrourbano.com\/revista\/wp-json\/wp\/v2\/tags?post=130048"}],"curies":[{"name":"wp","href":"https:\/\/api.w.org\/{rel}","templated":true}]}}