{"id":12991,"date":"2014-11-25T13:38:41","date_gmt":"2014-11-25T19:38:41","guid":{"rendered":"http:\/\/centrourbano.com\/?p=12991"},"modified":"2014-12-10T01:08:05","modified_gmt":"2014-12-10T07:08:05","slug":"gozo-la-vida-trabajando","status":"publish","type":"post","link":"https:\/\/centrourbano.com\/revista\/entrevistas\/gozo-la-vida-trabajando\/","title":{"rendered":"Gozo la vida trabajando"},"content":{"rendered":"<p>&nbsp;<\/p>\n<p><em>El director general de Banco Inmobiliario Mexicano suma 52 a\u00f1os de experiencia en el sector<\/em><!--more--><\/p>\n<p>Con 77 a\u00f1os de edad, de los cuales 52 han sido dedicados al sector de forma exitosa, V\u00edctor Manuel Requejo se hizo acreedor al Premio Hombres y Mujeres de la Casa 2014 en la categor\u00eda Cimientos.<\/p>\n<p>\u201cPara m\u00ed fue muy satisfactorio, pero mi primera reacci\u00f3n fue de extra\u00f1eza. \u00bfC\u00f3mo yo? \u00bfPor qu\u00e9 yo? Hay muchos otros y yo hab\u00eda propuesto a muchas personas. Estoy agradecido con los que votaron, sigo asombrado pero contento. Ya lo platiqu\u00e9 con mi familia, aunque yo no acostumbro platicar cosas de mi trabajo, pero esta vez lo hice y les dio gusto a mis hijas y mi mujer\u201d.<\/p>\n<p>Se dio tiempo de recordar cuando lo premiaron en 2004 y en las ocasiones que subi\u00f3 para entregarlo, as\u00ed que esta ser\u00e1 la quinta ocasi\u00f3n que subir\u00e1 al templete.<\/p>\n<p>\u201cLo entregu\u00e9 a Manuel Zepeda Payeras, al doctor Guillermo Guillermo Babatz y a Justino Hirschhorn, as\u00ed que he subido al foro cuatro veces y ahora, de nueva cuenta\u201d.<\/p>\n<p>Con una gran actitud y entrega hacia el trabajo, cualidad que le fue inculcada desde la cuna, el actual director general del Banco Inmobiliario Mexicano (BIM) espera nunca poder jubilarse y seguir disfrutando del ramo hipotecario.<\/p>\n<p>\u201cA m\u00ed me ha gustado lo que hago, yo no tengo idea de jubilarme; yo gozo la vida trabajando y no me veo en mi casa y sin hacer nada, eso es horrible. Es un poco el ejemplo de mi madre, quien ten\u00eda casi 90 a\u00f1os de edad y segu\u00eda trabajando en la casa como modista. Esto es de familia, no podemos estar sin hacer nada\u201d.<\/p>\n<p>Recuerda que desde muy joven comenz\u00f3 a tener sus primeros acercamientos con los empleos y le gust\u00f3, aunque nunca descuido sus estudios.<\/p>\n<p>\u201cYo trabajo desde ni\u00f1o. Mi primer trabajo fue a los 7 a\u00f1os y no trabajaba siempre, pero si en las vacaciones y lo dejaba para ir a la escuela. Trabajaba por necesidad y me gust\u00f3, ya que lo que hac\u00eda ten\u00eda un pago; me gustaba trabajar y me gustaba cobrar\u201d, comenta.<\/p>\n<p><strong>\u00a0<\/strong><\/p>\n<p><strong>Gusto por los deportes<\/strong><\/p>\n<p>V\u00edctor Manuel es originario de Guadalupe Victoria, Durango y por ello, el b\u00e9isbol se convirti\u00f3 en su deporte favorito y admite que cada vez que tiene tiempo, desde la comodidad de su asiento ve los juegos por la televisi\u00f3n, adem\u00e1s de otros deportes.<\/p>\n<p>\u201cJugaba como todos los ni\u00f1os. Yo soy de una tierra beisbolera y siempre jugu\u00e9 b\u00e9isbol, pero nunca fui buen deportista, no soy bueno coordinando la vista con las manos para batear o pegarle a la pelota con los pies. Me gusta mucho verlo, soy un gran aficionado al deporte, pero sentado para verlo por televisi\u00f3n. Soy un apasionado del futbol americano y del soccer, cuando lo juegan bien\u201d.<\/p>\n<p>&nbsp;<\/p>\n<p><strong>Su vida familiar<\/strong><\/p>\n<p>Curiosamente, su matrimonio inicio casi al mismo tiempo que su trayectoria en el sector inmobiliario, pero no logr\u00f3 heredar su gusto por el ramo.<\/p>\n<p>\u201cTengo tres hijas y 52 a\u00f1os de casado. Mis hijas no se dedican a lo que yo, ellas son amas de casa. Una de ellas es abogada y trabaj\u00f3 alg\u00fan tiempo conmigo cuando hicimos Hipotecaria Nacional y la contratamos, pero se cas\u00f3 y se cambi\u00f3 de ciudad. No hay una continuidad de lo que yo hago a trav\u00e9s de mi familia, pero tengo un nieto que est\u00e1 en la Casa de Bolsa, es un buen profesional y quiz\u00e1 alg\u00fan d\u00eda lo invite a trabajar conmigo, no s\u00e9.<\/p>\n<p>\u201cEn mi casa siempre han sufrido que yo trabaje tanto, porque salgo a trabajar a las siete y media, ocho de la ma\u00f1ana y regreso a las ocho y media, nueve de la noche, siempre. Quiz\u00e1s ya se acostumbraron de que yo soy as\u00ed\u201d, agrega.<\/p>\n<p>&nbsp;<\/p>\n<p><strong>De abogado al sector inmobiliario<\/strong><\/p>\n<p>Requejo Hern\u00e1ndez relata c\u00f3mo inici\u00f3 su carrera de abogado en la Universidad Nacional Aut\u00f3noma de M\u00e9xico (UNAM), pero su vida cambi\u00f3 cuando ingres\u00f3 al Banco del Ej\u00e9rcito.<\/p>\n<p>\u201cYo llegu\u00e9 al sector inmobiliario por casualidad. Yo soy abogado y trabajaba como pasante en un despacho y hace 52 a\u00f1os me ofrecieron un trabajo en el Banco Nacional del Ej\u00e9rcito, ah\u00ed empec\u00e9 a trabajar. Trabaj\u00e9 en el departamento de Operaciones Hipotecarias, me hicieron jefe y yo no sab\u00eda de que se trataba y tuvieron confianza en m\u00ed. Me gust\u00f3 trabajar con militares, ya que me ense\u00f1aron a ser puntual, muchas cosas. Ya despu\u00e9s me fui al Banco de Comercio, trabajaba en sucursales, pero manejaba los cr\u00e9ditos hipotecarios que se hac\u00edan. Siempre he estado en contacto con el sector hipotecario\u201d, finaliza.<\/p>\n","protected":false},"excerpt":{"rendered":"<p>&nbsp; El director general de Banco Inmobiliario Mexicano suma 52 a\u00f1os de experiencia en el sector<\/p>\n","protected":false},"author":18,"featured_media":0,"comment_status":"open","ping_status":"closed","sticky":false,"template":"","format":"standard","meta":{"om_disable_all_campaigns":false,"inline_featured_image":false,"_monsterinsights_skip_tracking":false,"_monsterinsights_sitenote_active":false,"_monsterinsights_sitenote_note":"","_monsterinsights_sitenote_category":0,"footnotes":""},"categories":[13],"tags":[3203,3202],"class_list":["post-12991","post","type-post","status-publish","format-standard","hentry","category-entrevistas","tag-banco-inmobiliario-mexicano","tag-victor-requejo"],"yoast_head":"<!-- This site is optimized with the Yoast SEO plugin v27.4 - https:\/\/yoast.com\/product\/yoast-seo-wordpress\/ -->\n<title>Gozo la vida trabajando -<\/title>\n<meta name=\"description\" content=\"&nbsp; El director general de Banco Inmobiliario Mexicano suma 52 a\u00f1os de experiencia en el sector Con 77 a\u00f1os de edad, de los cuales 52 han sido\" \/>\n<meta name=\"robots\" content=\"index, follow, max-snippet:-1, max-image-preview:large, max-video-preview:-1\" \/>\n<link rel=\"canonical\" href=\"https:\/\/centrourbano.com\/revista\/entrevistas\/gozo-la-vida-trabajando\/\" \/>\n<meta property=\"og:locale\" content=\"es_ES\" \/>\n<meta property=\"og:type\" content=\"article\" \/>\n<meta property=\"og:title\" content=\"Gozo la vida trabajando -\" \/>\n<meta property=\"og:description\" content=\"&nbsp; El director general de Banco Inmobiliario Mexicano suma 52 a\u00f1os de experiencia en el sector Con 77 a\u00f1os de edad, de los cuales 52 han sido\" \/>\n<meta property=\"og:url\" content=\"https:\/\/centrourbano.com\/revista\/entrevistas\/gozo-la-vida-trabajando\/\" \/>\n<meta property=\"og:site_name\" content=\"Centro Urbano\" \/>\n<meta property=\"article:publisher\" content=\"https:\/\/www.facebook.com\/portalcentrourbano\" \/>\n<meta property=\"article:published_time\" content=\"2014-11-25T19:38:41+00:00\" \/>\n<meta property=\"article:modified_time\" content=\"2014-12-10T07:08:05+00:00\" \/>\n<meta property=\"og:image\" content=\"https:\/\/centrourbano.com\/revista\/wp-content\/uploads\/CU-logo.png\" \/>\n\t<meta property=\"og:image:width\" content=\"350\" \/>\n\t<meta property=\"og:image:height\" content=\"91\" \/>\n\t<meta property=\"og:image:type\" content=\"image\/png\" \/>\n<meta name=\"author\" content=\"Carlos Garc\u00eda\" \/>\n<meta name=\"twitter:card\" content=\"summary_large_image\" \/>\n<meta name=\"twitter:creator\" content=\"@CentroUrbano\" \/>\n<meta name=\"twitter:site\" content=\"@CentroUrbano\" \/>\n<meta name=\"twitter:label1\" content=\"Escrito por\" \/>\n\t<meta name=\"twitter:data1\" content=\"Carlos Garc\u00eda\" \/>\n\t<meta name=\"twitter:label2\" content=\"Tiempo de lectura\" \/>\n\t<meta name=\"twitter:data2\" content=\"4 minutos\" \/>\n<script type=\"application\/ld+json\" class=\"yoast-schema-graph\">{\"@context\":\"https:\\\/\\\/schema.org\",\"@graph\":[{\"@type\":\"Article\",\"@id\":\"https:\\\/\\\/centrourbano.com\\\/revista\\\/entrevistas\\\/gozo-la-vida-trabajando\\\/#article\",\"isPartOf\":{\"@id\":\"https:\\\/\\\/centrourbano.com\\\/revista\\\/entrevistas\\\/gozo-la-vida-trabajando\\\/\"},\"author\":{\"name\":\"Carlos Garc\u00eda\",\"@id\":\"https:\\\/\\\/centrourbano.com\\\/revista\\\/#\\\/schema\\\/person\\\/15622a07e4c485a93b48c9ff1145007c\"},\"headline\":\"Gozo la vida trabajando\",\"datePublished\":\"2014-11-25T19:38:41+00:00\",\"dateModified\":\"2014-12-10T07:08:05+00:00\",\"mainEntityOfPage\":{\"@id\":\"https:\\\/\\\/centrourbano.com\\\/revista\\\/entrevistas\\\/gozo-la-vida-trabajando\\\/\"},\"wordCount\":797,\"commentCount\":0,\"publisher\":{\"@id\":\"https:\\\/\\\/centrourbano.com\\\/revista\\\/#organization\"},\"keywords\":[\"Banco Inmobiliario Mexicano\",\"Victor Requejo\"],\"articleSection\":[\"Entrevistas\"],\"inLanguage\":\"es\",\"potentialAction\":[{\"@type\":\"CommentAction\",\"name\":\"Comment\",\"target\":[\"https:\\\/\\\/centrourbano.com\\\/revista\\\/entrevistas\\\/gozo-la-vida-trabajando\\\/#respond\"]}]},{\"@type\":\"WebPage\",\"@id\":\"https:\\\/\\\/centrourbano.com\\\/revista\\\/entrevistas\\\/gozo-la-vida-trabajando\\\/\",\"url\":\"https:\\\/\\\/centrourbano.com\\\/revista\\\/entrevistas\\\/gozo-la-vida-trabajando\\\/\",\"name\":\"Gozo la vida trabajando -\",\"isPartOf\":{\"@id\":\"https:\\\/\\\/centrourbano.com\\\/revista\\\/#website\"},\"datePublished\":\"2014-11-25T19:38:41+00:00\",\"dateModified\":\"2014-12-10T07:08:05+00:00\",\"description\":\"&nbsp; El director general de Banco Inmobiliario Mexicano suma 52 a\u00f1os de experiencia en el sector Con 77 a\u00f1os de edad, de los cuales 52 han sido\",\"breadcrumb\":{\"@id\":\"https:\\\/\\\/centrourbano.com\\\/revista\\\/entrevistas\\\/gozo-la-vida-trabajando\\\/#breadcrumb\"},\"inLanguage\":\"es\",\"potentialAction\":[{\"@type\":\"ReadAction\",\"target\":[\"https:\\\/\\\/centrourbano.com\\\/revista\\\/entrevistas\\\/gozo-la-vida-trabajando\\\/\"]}]},{\"@type\":\"BreadcrumbList\",\"@id\":\"https:\\\/\\\/centrourbano.com\\\/revista\\\/entrevistas\\\/gozo-la-vida-trabajando\\\/#breadcrumb\",\"itemListElement\":[{\"@type\":\"ListItem\",\"position\":1,\"name\":\"Portada\",\"item\":\"https:\\\/\\\/centrourbano.com\\\/revista\\\/\"},{\"@type\":\"ListItem\",\"position\":2,\"name\":\"Gozo la vida trabajando\"}]},{\"@type\":\"WebSite\",\"@id\":\"https:\\\/\\\/centrourbano.com\\\/revista\\\/#website\",\"url\":\"https:\\\/\\\/centrourbano.com\\\/revista\\\/\",\"name\":\"Centro Urbano\",\"description\":\"Medio especializado en los sectores vivienda, inmobiliario, construcci\u00f3n, arquitectura y urbanismo.\",\"publisher\":{\"@id\":\"https:\\\/\\\/centrourbano.com\\\/revista\\\/#organization\"},\"potentialAction\":[{\"@type\":\"SearchAction\",\"target\":{\"@type\":\"EntryPoint\",\"urlTemplate\":\"https:\\\/\\\/centrourbano.com\\\/revista\\\/?s={search_term_string}\"},\"query-input\":{\"@type\":\"PropertyValueSpecification\",\"valueRequired\":true,\"valueName\":\"search_term_string\"}}],\"inLanguage\":\"es\"},{\"@type\":\"Organization\",\"@id\":\"https:\\\/\\\/centrourbano.com\\\/revista\\\/#organization\",\"name\":\"Centro Urbano\",\"url\":\"https:\\\/\\\/centrourbano.com\\\/revista\\\/\",\"logo\":{\"@type\":\"ImageObject\",\"inLanguage\":\"es\",\"@id\":\"https:\\\/\\\/centrourbano.com\\\/revista\\\/#\\\/schema\\\/logo\\\/image\\\/\",\"url\":\"https:\\\/\\\/centrourbano.com\\\/revista\\\/wp-content\\\/uploads\\\/web_CU_logo-1.png\",\"contentUrl\":\"https:\\\/\\\/centrourbano.com\\\/revista\\\/wp-content\\\/uploads\\\/web_CU_logo-1.png\",\"width\":350,\"height\":91,\"caption\":\"Centro Urbano\"},\"image\":{\"@id\":\"https:\\\/\\\/centrourbano.com\\\/revista\\\/#\\\/schema\\\/logo\\\/image\\\/\"},\"sameAs\":[\"https:\\\/\\\/www.facebook.com\\\/portalcentrourbano\",\"https:\\\/\\\/x.com\\\/CentroUrbano\",\"https:\\\/\\\/www.instagram.com\\\/centro_urbano\\\/\",\"https:\\\/\\\/www.linkedin.com\\\/company\\\/centro-urbano\\\/\",\"http:\\\/\\\/www.youtube.com\\\/user\\\/portalcentrourbano\"]},{\"@type\":\"Person\",\"@id\":\"https:\\\/\\\/centrourbano.com\\\/revista\\\/#\\\/schema\\\/person\\\/15622a07e4c485a93b48c9ff1145007c\",\"name\":\"Carlos Garc\u00eda\",\"image\":{\"@type\":\"ImageObject\",\"inLanguage\":\"es\",\"@id\":\"https:\\\/\\\/secure.gravatar.com\\\/avatar\\\/ad33530f6be00b0762054ba3ddee6e4b9824204d9c8315794c64a7f5841e5add?s=96&d=mm&r=g\",\"url\":\"https:\\\/\\\/secure.gravatar.com\\\/avatar\\\/ad33530f6be00b0762054ba3ddee6e4b9824204d9c8315794c64a7f5841e5add?s=96&d=mm&r=g\",\"contentUrl\":\"https:\\\/\\\/secure.gravatar.com\\\/avatar\\\/ad33530f6be00b0762054ba3ddee6e4b9824204d9c8315794c64a7f5841e5add?s=96&d=mm&r=g\",\"caption\":\"Carlos Garc\u00eda\"},\"description\":\"Egresado de la carrera de Ciencias de la Comunicaci\u00f3n con diplomado de Periodismo Deportivo. Se ha desempe\u00f1ado como reportero y redactor de deportes, como en otras \u00e1reas. Actualmente trabaja en Centro Urbano. Amante del cine, los Beatles, futbol, lucha libre y los viajes.\",\"url\":\"https:\\\/\\\/centrourbano.com\\\/revista\\\/author\\\/carlos-garcia\\\/\"}]}<\/script>\n<!-- \/ Yoast SEO plugin. -->","yoast_head_json":{"title":"Gozo la vida trabajando -","description":"&nbsp; El director general de Banco Inmobiliario Mexicano suma 52 a\u00f1os de experiencia en el sector Con 77 a\u00f1os de edad, de los cuales 52 han sido","robots":{"index":"index","follow":"follow","max-snippet":"max-snippet:-1","max-image-preview":"max-image-preview:large","max-video-preview":"max-video-preview:-1"},"canonical":"https:\/\/centrourbano.com\/revista\/entrevistas\/gozo-la-vida-trabajando\/","og_locale":"es_ES","og_type":"article","og_title":"Gozo la vida trabajando -","og_description":"&nbsp; El director general de Banco Inmobiliario Mexicano suma 52 a\u00f1os de experiencia en el sector Con 77 a\u00f1os de edad, de los cuales 52 han sido","og_url":"https:\/\/centrourbano.com\/revista\/entrevistas\/gozo-la-vida-trabajando\/","og_site_name":"Centro Urbano","article_publisher":"https:\/\/www.facebook.com\/portalcentrourbano","article_published_time":"2014-11-25T19:38:41+00:00","article_modified_time":"2014-12-10T07:08:05+00:00","og_image":[{"width":350,"height":91,"url":"https:\/\/centrourbano.com\/revista\/wp-content\/uploads\/CU-logo.png","type":"image\/png"}],"author":"Carlos Garc\u00eda","twitter_card":"summary_large_image","twitter_creator":"@CentroUrbano","twitter_site":"@CentroUrbano","twitter_misc":{"Escrito por":"Carlos Garc\u00eda","Tiempo de lectura":"4 minutos"},"schema":{"@context":"https:\/\/schema.org","@graph":[{"@type":"Article","@id":"https:\/\/centrourbano.com\/revista\/entrevistas\/gozo-la-vida-trabajando\/#article","isPartOf":{"@id":"https:\/\/centrourbano.com\/revista\/entrevistas\/gozo-la-vida-trabajando\/"},"author":{"name":"Carlos Garc\u00eda","@id":"https:\/\/centrourbano.com\/revista\/#\/schema\/person\/15622a07e4c485a93b48c9ff1145007c"},"headline":"Gozo la vida trabajando","datePublished":"2014-11-25T19:38:41+00:00","dateModified":"2014-12-10T07:08:05+00:00","mainEntityOfPage":{"@id":"https:\/\/centrourbano.com\/revista\/entrevistas\/gozo-la-vida-trabajando\/"},"wordCount":797,"commentCount":0,"publisher":{"@id":"https:\/\/centrourbano.com\/revista\/#organization"},"keywords":["Banco Inmobiliario Mexicano","Victor Requejo"],"articleSection":["Entrevistas"],"inLanguage":"es","potentialAction":[{"@type":"CommentAction","name":"Comment","target":["https:\/\/centrourbano.com\/revista\/entrevistas\/gozo-la-vida-trabajando\/#respond"]}]},{"@type":"WebPage","@id":"https:\/\/centrourbano.com\/revista\/entrevistas\/gozo-la-vida-trabajando\/","url":"https:\/\/centrourbano.com\/revista\/entrevistas\/gozo-la-vida-trabajando\/","name":"Gozo la vida trabajando -","isPartOf":{"@id":"https:\/\/centrourbano.com\/revista\/#website"},"datePublished":"2014-11-25T19:38:41+00:00","dateModified":"2014-12-10T07:08:05+00:00","description":"&nbsp; El director general de Banco Inmobiliario Mexicano suma 52 a\u00f1os de experiencia en el sector Con 77 a\u00f1os de edad, de los cuales 52 han sido","breadcrumb":{"@id":"https:\/\/centrourbano.com\/revista\/entrevistas\/gozo-la-vida-trabajando\/#breadcrumb"},"inLanguage":"es","potentialAction":[{"@type":"ReadAction","target":["https:\/\/centrourbano.com\/revista\/entrevistas\/gozo-la-vida-trabajando\/"]}]},{"@type":"BreadcrumbList","@id":"https:\/\/centrourbano.com\/revista\/entrevistas\/gozo-la-vida-trabajando\/#breadcrumb","itemListElement":[{"@type":"ListItem","position":1,"name":"Portada","item":"https:\/\/centrourbano.com\/revista\/"},{"@type":"ListItem","position":2,"name":"Gozo la vida trabajando"}]},{"@type":"WebSite","@id":"https:\/\/centrourbano.com\/revista\/#website","url":"https:\/\/centrourbano.com\/revista\/","name":"Centro Urbano","description":"Medio especializado en los sectores vivienda, inmobiliario, construcci\u00f3n, arquitectura y urbanismo.","publisher":{"@id":"https:\/\/centrourbano.com\/revista\/#organization"},"potentialAction":[{"@type":"SearchAction","target":{"@type":"EntryPoint","urlTemplate":"https:\/\/centrourbano.com\/revista\/?s={search_term_string}"},"query-input":{"@type":"PropertyValueSpecification","valueRequired":true,"valueName":"search_term_string"}}],"inLanguage":"es"},{"@type":"Organization","@id":"https:\/\/centrourbano.com\/revista\/#organization","name":"Centro Urbano","url":"https:\/\/centrourbano.com\/revista\/","logo":{"@type":"ImageObject","inLanguage":"es","@id":"https:\/\/centrourbano.com\/revista\/#\/schema\/logo\/image\/","url":"https:\/\/centrourbano.com\/revista\/wp-content\/uploads\/web_CU_logo-1.png","contentUrl":"https:\/\/centrourbano.com\/revista\/wp-content\/uploads\/web_CU_logo-1.png","width":350,"height":91,"caption":"Centro Urbano"},"image":{"@id":"https:\/\/centrourbano.com\/revista\/#\/schema\/logo\/image\/"},"sameAs":["https:\/\/www.facebook.com\/portalcentrourbano","https:\/\/x.com\/CentroUrbano","https:\/\/www.instagram.com\/centro_urbano\/","https:\/\/www.linkedin.com\/company\/centro-urbano\/","http:\/\/www.youtube.com\/user\/portalcentrourbano"]},{"@type":"Person","@id":"https:\/\/centrourbano.com\/revista\/#\/schema\/person\/15622a07e4c485a93b48c9ff1145007c","name":"Carlos Garc\u00eda","image":{"@type":"ImageObject","inLanguage":"es","@id":"https:\/\/secure.gravatar.com\/avatar\/ad33530f6be00b0762054ba3ddee6e4b9824204d9c8315794c64a7f5841e5add?s=96&d=mm&r=g","url":"https:\/\/secure.gravatar.com\/avatar\/ad33530f6be00b0762054ba3ddee6e4b9824204d9c8315794c64a7f5841e5add?s=96&d=mm&r=g","contentUrl":"https:\/\/secure.gravatar.com\/avatar\/ad33530f6be00b0762054ba3ddee6e4b9824204d9c8315794c64a7f5841e5add?s=96&d=mm&r=g","caption":"Carlos Garc\u00eda"},"description":"Egresado de la carrera de Ciencias de la Comunicaci\u00f3n con diplomado de Periodismo Deportivo. Se ha desempe\u00f1ado como reportero y redactor de deportes, como en otras \u00e1reas. Actualmente trabaja en Centro Urbano. Amante del cine, los Beatles, futbol, lucha libre y los viajes.","url":"https:\/\/centrourbano.com\/revista\/author\/carlos-garcia\/"}]}},"_links":{"self":[{"href":"https:\/\/centrourbano.com\/revista\/wp-json\/wp\/v2\/posts\/12991","targetHints":{"allow":["GET"]}}],"collection":[{"href":"https:\/\/centrourbano.com\/revista\/wp-json\/wp\/v2\/posts"}],"about":[{"href":"https:\/\/centrourbano.com\/revista\/wp-json\/wp\/v2\/types\/post"}],"author":[{"embeddable":true,"href":"https:\/\/centrourbano.com\/revista\/wp-json\/wp\/v2\/users\/18"}],"replies":[{"embeddable":true,"href":"https:\/\/centrourbano.com\/revista\/wp-json\/wp\/v2\/comments?post=12991"}],"version-history":[{"count":0,"href":"https:\/\/centrourbano.com\/revista\/wp-json\/wp\/v2\/posts\/12991\/revisions"}],"wp:attachment":[{"href":"https:\/\/centrourbano.com\/revista\/wp-json\/wp\/v2\/media?parent=12991"}],"wp:term":[{"taxonomy":"category","embeddable":true,"href":"https:\/\/centrourbano.com\/revista\/wp-json\/wp\/v2\/categories?post=12991"},{"taxonomy":"post_tag","embeddable":true,"href":"https:\/\/centrourbano.com\/revista\/wp-json\/wp\/v2\/tags?post=12991"}],"curies":[{"name":"wp","href":"https:\/\/api.w.org\/{rel}","templated":true}]}}