{"id":12988,"date":"2014-11-26T13:24:16","date_gmt":"2014-11-26T19:24:16","guid":{"rendered":"http:\/\/centrourbano.com\/?p=12988"},"modified":"2014-12-10T01:07:13","modified_gmt":"2014-12-10T07:07:13","slug":"hacer-casas-un-gusto-que-se-hereda","status":"publish","type":"post","link":"https:\/\/centrourbano.com\/revista\/entrevistas\/hacer-casas-un-gusto-que-se-hereda\/","title":{"rendered":"Hacer casas, un gusto que se hereda"},"content":{"rendered":"<p><strong>\u00a0<\/strong><\/p>\n<p><em>El Presidente de Grupo Ruba comenz\u00f3 en la industria gracias a su padre; pasi\u00f3n que tambi\u00e9n desea transmitirle a sus hijos <\/em><!--more--><\/p>\n<p>&nbsp;<\/p>\n<p>Al hablar, Luis Enrique Terrazas no puede ocultar su lugar de origen, pues el acento norte\u00f1o caracteriza a este ingeniero de 50 a\u00f1os de edad, cuya herencia lo llev\u00f3 a adentrarse en el sector inmobiliario desde peque\u00f1o y a participar activamente en Grupo Ruba desde hace aproximadamente 14 a\u00f1os.<\/p>\n<p>\u201cLa realidad es que Ruba la inicio mi pap\u00e1 en 1980 y yo estaba en la escuela en aquel momento y empezamos en inter\u00e9s medio, \u2018nom\u00e1s\u2019 en Ciudad Ju\u00e1rez, mi pap\u00e1 junto con su hermano y un t\u00edo m\u00edo. Era una compa\u00f1\u00eda que hac\u00eda unas 300 casas hasta 1994, cuando se dio una crisis muy fuerte que fue el \u2018Error de Diciembre\u2019 y nos tom\u00f3 por sorpresa porque tra\u00edamos unos cr\u00e9ditos importantes y no se vend\u00edan las casas, entonces tuvimos una \u00e9poca un poco dif\u00edcil del 94 al 97\u201d, confiesa.<\/p>\n<p>Dicha situaci\u00f3n le ense\u00f1\u00f3 a que es mejor tomar dirigir la empresa de una forma conservadora, sin tomar riesgos innecesarios, ya que \u201clas econom\u00edas hay veces que est\u00e1n muy activas y otras est\u00e1n muy lentas y nosotros en la vivienda hemos entendido que es c\u00edclico, hay a\u00f1os que podemos crecer y hay a\u00f1os que no creceremos porque simplemente la econom\u00eda no da\u201d, indica.<\/p>\n<p>Aunque Enrique Terrazas estudi\u00f3 Ingenier\u00eda Industrial, en el Tec de Monterrey, del plantel sede, donde asegura que conoci\u00f3 a sus mejores amigos y tuvo una \u00e9poca balanceada -entre la fiesta y los estudios-, ingres\u00f3 a Ruba en el a\u00f1o 2001 o 2002, acompa\u00f1ando a su padre, pues \u00e9l ya ten\u00eda su compa\u00f1\u00eda denominada Cubiertas Industriales, tambi\u00e9n del giro de la construcci\u00f3n.<\/p>\n<p>\u201cPero me empec\u00e9 a involucrar en Ruba en 2003, s\u00f3lo ten\u00edamos Chihuahua y Ju\u00e1rez de plazas, y me involucre en la vivienda acompa\u00f1ando a mi pap\u00e1, quien era el Presidente del Consejo. Estuvimos haciendo una mancuerna ah\u00ed con los directivos Alfredo Arce y Jes\u00fas Sandoval y as\u00ed pasaron un par de a\u00f1os que fue el auge de la vivienda en s\u00ed de Ruba de 2000 a 2007. Pasamos de hacer 1,000 casas a hacer 17,000\u201d, recuerda.<\/p>\n<p>Posteriormente, Enrique Terrazas fue nombrado Presidente ejecutivo y hace 6 a\u00f1os subi\u00f3 a la presidencia; su pap\u00e1 se retir\u00f3 del negocio y ahora funge como Consejero y Presidente honorario. Debido a que el ingeniero Arce tambi\u00e9n se retir\u00f3, decidi\u00f3 nombrar como Director general a Jes\u00fas Sandoval, con quien contin\u00faa llevando las riendas de la empresa.<\/p>\n<p>La forma conservadora de dirigir la empresa, asegura, es lo que lo ha llevado a lograr abrir 14 plazas en el pa\u00eds, es decir, casi una por a\u00f1o, \u201cno hemos abierto nunca m\u00e1s de una plaza en un a\u00f1o porque tambi\u00e9n insistimos que nuestro activo principal en Ruba es el capital humano y necesita un entrenamiento. Entonces, para abrir una plaza, adem\u00e1s de conseguir un buen terreno requerimos tener ya gente formada dentro de la compa\u00f1\u00eda con a\u00f1os de experiencia para mandarlos a plaza. Tenemos visi\u00f3n de largo plazo, estamos alineados en los valores principales, es gente que trabaja en equipo al 100 por ciento\u201d, afirma.<\/p>\n<p>&nbsp;<\/p>\n<p><strong>La familia, su prioridad<\/strong><\/p>\n<p>Luis Enrique Terrazas lleva 18 a\u00f1os de feliz matrimonio con Vanesa Duque, con quien tiene 6 hijos: Daniela, de 16 a\u00f1os; Enrique, de 15; Ricardo, de 12; Sof\u00eda, de 10; Mariana, de 8 y Vanesa, de 5; y aunque reconoce que est\u00e1n muy peque\u00f1os para que elijan una profesi\u00f3n, con una sonrisa en el rostro no niega que le gustar\u00eda que alguno de ellos tomara su puesto alg\u00fan d\u00eda, por lo que les acercar\u00e1 los medios necesarios.<\/p>\n<p>\u201cYa Dios dir\u00e1, porque los hijos son prestados, t\u00fa los vas educando, les muestras el mundo y les ense\u00f1as principios y valores y los sueltas a volar, lo ideal es que vengan contigo al negocio, pero si ellos decidieran trabajar en otra cosa ser\u00edan libres, pero voy a procurar generarles ese inter\u00e9s en los negocios de la familia\u201d, asegura.<\/p>\n<p>Terrazas destaca que la familia para \u00e9l es su prioridad y su principal actividad, porque considera que la base s\u00f3lida de cualquier persona es tener una familia estable y asegura que, pese a todo el trabajo que tiene, le dedica mucho tiempo a su familia.<\/p>\n<p>\u201cSi te organizas siempre hay tiempo para todo, el fin de semana estoy mucho con mis hijos. Cuando estoy en Chihuahua siempre como con los seis y mi esposa, es una costumbre, fomentar la reuni\u00f3n familiar porque yo sigo creyendo que la que mantiene a una sociedad es la familia y le quiero transmitir eso a mis hijos\u201d.<\/p>\n<p>&nbsp;<\/p>\n<p><strong>Un hombre ganadero <\/strong><\/p>\n<p>Luis Enrique Terrazas revela que una de sus pasiones es la ganader\u00eda, la cual aprendi\u00f3 desde peque\u00f1o y aunque resulta un negocio, sobre todo ahora que dice subi\u00f3 el precio del ganado, \u00e9l lo ve m\u00e1s como una actividad para disfrutar.<\/p>\n<p>\u201cMi abuelo viv\u00eda de la ganader\u00eda, despu\u00e9s le hered\u00f3 a mi pap\u00e1 un rancho el cual ya compartimos primos y hermanos, a m\u00ed me toco una parte, entonces yo tengo ya un rancho ganadero y mi pasatiempo es ir al rancho y montar a caballo, llevar a mis hijos y manejar la ganader\u00eda\u201d.<\/p>\n<p>Adem\u00e1s, comenta que otra de las actividades extra que le gusta es hacer ejercicio, lo cual se ha convertido en parte de su rutina diaria, y al menos 4 o 5 veces a la semana va al gimnasio o realiza otro tipo de ejercicio para mantenerse sano.<\/p>\n<p>&nbsp;<\/p>\n<p><strong>Sus mayores retos <\/strong><\/p>\n<p>El Presidente de Grupo Ruba sabe que existen retos todos los d\u00edas, como el de mantener una compa\u00f1\u00eda y a un equipo preparado para las \u201camenazas\u201d y oportunidades que pudieran registrarse en el entorno.<\/p>\n<p>\u201cOtro reto es las debilidades que tenemos y subsanarlas lo antes posible, vincular lo exterior con lo interior de la compa\u00f1\u00eda, la industria familiar todos los d\u00edas, por eso la labor de un servidor es estar pendiente de lo que est\u00e1 pasando para no quedarnos atr\u00e1s. No queremos un brinco demasiado grande pero tampoco ni un brinco atr\u00e1s por estar viendo la que est\u00e1 pasando en el entorno\u201d, expone.<\/p>\n<p>Enrique Terrazas comenta que la industria de la vivienda es masiva y que la calidad es lo principal, por ello, aunque hagan menos casas lo importante es que est\u00e9n bien localizadas, \u201cen un entorno integral, que tengan transporte, escuela, hospital, \u00e1reas verdes, es el reto, ir manejando la compa\u00f1\u00eda conforme vaya cambiando el entorno; las compa\u00f1\u00edas que vienen est\u00e1n llegando para quedarse y no es de gente oportunista. Est\u00e1n en un entorno m\u00e1s competitivo\u201d.<\/p>\n<p>Sobre el premio Hombres y Mujeres de la Casa 2014, al que se hizo acreedor en la categor\u00eda Sector Privado, se muestra agradecido con las personas que votaron por \u00e9l y entusiasmado por recibirlo.<\/p>\n<p>\u201cEl premio que dan a\u00f1o con a\u00f1o ha logrado cierto prestigio y para m\u00ed es un honor que en esta edici\u00f3n hayamos salido reconocidos con \u00e9ste, el cual se lo debo al equipo de Ruba. Realmente a m\u00ed me toca ser el presidente del equipo este momento, pero el desempe\u00f1o de Ruba es gracias al equipo de colaboradores que tenemos que es de lo m\u00e1s profesional, comprometido, leal y trabajador, que ha dado el resultado que estamos viendo en este momento, es un honor que reconozcan a Ruba a trav\u00e9s de un servidor, creo que es una manera que nos indica que estamos haciendo las cosas bien\u201d, finaliza.<\/p>\n","protected":false},"excerpt":{"rendered":"<p>\u00a0 El Presidente de Grupo Ruba comenz\u00f3 en la industria gracias a su padre; pasi\u00f3n que tambi\u00e9n desea transmitirle a sus hijos<\/p>\n","protected":false},"author":5,"featured_media":0,"comment_status":"open","ping_status":"closed","sticky":false,"template":"","format":"standard","meta":{"om_disable_all_campaigns":false,"inline_featured_image":false,"_monsterinsights_skip_tracking":false,"_monsterinsights_sitenote_active":false,"_monsterinsights_sitenote_note":"","_monsterinsights_sitenote_category":0,"footnotes":""},"categories":[13],"tags":[495,278,1872,578,60],"class_list":["post-12988","post","type-post","status-publish","format-standard","hentry","category-entrevistas","tag-chihuahua","tag-desarrollos","tag-luis-enrique-terrazas","tag-ruba","tag-vivienda-2"],"yoast_head":"<!-- This site is optimized with the Yoast SEO plugin v27.4 - https:\/\/yoast.com\/product\/yoast-seo-wordpress\/ -->\n<title>Hacer casas, un gusto que se hereda -<\/title>\n<meta name=\"description\" content=\"\u00a0 El Presidente de Grupo Ruba comenz\u00f3 en la industria gracias a su padre; pasi\u00f3n que tambi\u00e9n desea transmitirle a sus hijos &nbsp; Al hablar, Luis Enrique\" \/>\n<meta name=\"robots\" content=\"index, follow, max-snippet:-1, max-image-preview:large, max-video-preview:-1\" \/>\n<link rel=\"canonical\" href=\"https:\/\/centrourbano.com\/revista\/entrevistas\/hacer-casas-un-gusto-que-se-hereda\/\" \/>\n<meta property=\"og:locale\" content=\"es_ES\" \/>\n<meta property=\"og:type\" content=\"article\" \/>\n<meta property=\"og:title\" content=\"Hacer casas, un gusto que se hereda -\" \/>\n<meta property=\"og:description\" content=\"\u00a0 El Presidente de Grupo Ruba comenz\u00f3 en la industria gracias a su padre; pasi\u00f3n que tambi\u00e9n desea transmitirle a sus hijos &nbsp; Al hablar, Luis Enrique\" \/>\n<meta property=\"og:url\" content=\"https:\/\/centrourbano.com\/revista\/entrevistas\/hacer-casas-un-gusto-que-se-hereda\/\" \/>\n<meta property=\"og:site_name\" content=\"Centro Urbano\" \/>\n<meta property=\"article:publisher\" content=\"https:\/\/www.facebook.com\/portalcentrourbano\" \/>\n<meta property=\"article:published_time\" content=\"2014-11-26T19:24:16+00:00\" \/>\n<meta property=\"article:modified_time\" content=\"2014-12-10T07:07:13+00:00\" \/>\n<meta property=\"og:image\" content=\"https:\/\/centrourbano.com\/revista\/wp-content\/uploads\/CU-logo.png\" \/>\n\t<meta property=\"og:image:width\" content=\"350\" \/>\n\t<meta property=\"og:image:height\" content=\"91\" \/>\n\t<meta property=\"og:image:type\" content=\"image\/png\" \/>\n<meta name=\"author\" content=\"Aura Fuentes\" \/>\n<meta name=\"twitter:card\" content=\"summary_large_image\" \/>\n<meta name=\"twitter:creator\" content=\"@CentroUrbano\" \/>\n<meta name=\"twitter:site\" content=\"@CentroUrbano\" \/>\n<meta name=\"twitter:label1\" content=\"Escrito por\" \/>\n\t<meta name=\"twitter:data1\" content=\"Aura Fuentes\" \/>\n\t<meta name=\"twitter:label2\" content=\"Tiempo de lectura\" \/>\n\t<meta name=\"twitter:data2\" content=\"6 minutos\" \/>\n<script type=\"application\/ld+json\" class=\"yoast-schema-graph\">{\"@context\":\"https:\\\/\\\/schema.org\",\"@graph\":[{\"@type\":\"Article\",\"@id\":\"https:\\\/\\\/centrourbano.com\\\/revista\\\/entrevistas\\\/hacer-casas-un-gusto-que-se-hereda\\\/#article\",\"isPartOf\":{\"@id\":\"https:\\\/\\\/centrourbano.com\\\/revista\\\/entrevistas\\\/hacer-casas-un-gusto-que-se-hereda\\\/\"},\"author\":{\"name\":\"Aura Fuentes\",\"@id\":\"https:\\\/\\\/centrourbano.com\\\/revista\\\/#\\\/schema\\\/person\\\/756e631daf8400a0026dd8474463803a\"},\"headline\":\"Hacer casas, un gusto que se hereda\",\"datePublished\":\"2014-11-26T19:24:16+00:00\",\"dateModified\":\"2014-12-10T07:07:13+00:00\",\"mainEntityOfPage\":{\"@id\":\"https:\\\/\\\/centrourbano.com\\\/revista\\\/entrevistas\\\/hacer-casas-un-gusto-que-se-hereda\\\/\"},\"wordCount\":1305,\"commentCount\":0,\"publisher\":{\"@id\":\"https:\\\/\\\/centrourbano.com\\\/revista\\\/#organization\"},\"keywords\":[\"Chihuahua\",\"desarrollos\",\"Luis Enrique Terrazas\",\"Ruba\",\"vivienda\"],\"articleSection\":[\"Entrevistas\"],\"inLanguage\":\"es\",\"potentialAction\":[{\"@type\":\"CommentAction\",\"name\":\"Comment\",\"target\":[\"https:\\\/\\\/centrourbano.com\\\/revista\\\/entrevistas\\\/hacer-casas-un-gusto-que-se-hereda\\\/#respond\"]}]},{\"@type\":\"WebPage\",\"@id\":\"https:\\\/\\\/centrourbano.com\\\/revista\\\/entrevistas\\\/hacer-casas-un-gusto-que-se-hereda\\\/\",\"url\":\"https:\\\/\\\/centrourbano.com\\\/revista\\\/entrevistas\\\/hacer-casas-un-gusto-que-se-hereda\\\/\",\"name\":\"Hacer casas, un gusto que se hereda -\",\"isPartOf\":{\"@id\":\"https:\\\/\\\/centrourbano.com\\\/revista\\\/#website\"},\"datePublished\":\"2014-11-26T19:24:16+00:00\",\"dateModified\":\"2014-12-10T07:07:13+00:00\",\"description\":\"\u00a0 El Presidente de Grupo Ruba comenz\u00f3 en la industria gracias a su padre; pasi\u00f3n que tambi\u00e9n desea transmitirle a sus hijos &nbsp; Al hablar, Luis Enrique\",\"breadcrumb\":{\"@id\":\"https:\\\/\\\/centrourbano.com\\\/revista\\\/entrevistas\\\/hacer-casas-un-gusto-que-se-hereda\\\/#breadcrumb\"},\"inLanguage\":\"es\",\"potentialAction\":[{\"@type\":\"ReadAction\",\"target\":[\"https:\\\/\\\/centrourbano.com\\\/revista\\\/entrevistas\\\/hacer-casas-un-gusto-que-se-hereda\\\/\"]}]},{\"@type\":\"BreadcrumbList\",\"@id\":\"https:\\\/\\\/centrourbano.com\\\/revista\\\/entrevistas\\\/hacer-casas-un-gusto-que-se-hereda\\\/#breadcrumb\",\"itemListElement\":[{\"@type\":\"ListItem\",\"position\":1,\"name\":\"Portada\",\"item\":\"https:\\\/\\\/centrourbano.com\\\/revista\\\/\"},{\"@type\":\"ListItem\",\"position\":2,\"name\":\"Hacer casas, un gusto que se hereda\"}]},{\"@type\":\"WebSite\",\"@id\":\"https:\\\/\\\/centrourbano.com\\\/revista\\\/#website\",\"url\":\"https:\\\/\\\/centrourbano.com\\\/revista\\\/\",\"name\":\"Centro Urbano\",\"description\":\"Medio especializado en los sectores vivienda, inmobiliario, construcci\u00f3n, arquitectura y urbanismo.\",\"publisher\":{\"@id\":\"https:\\\/\\\/centrourbano.com\\\/revista\\\/#organization\"},\"potentialAction\":[{\"@type\":\"SearchAction\",\"target\":{\"@type\":\"EntryPoint\",\"urlTemplate\":\"https:\\\/\\\/centrourbano.com\\\/revista\\\/?s={search_term_string}\"},\"query-input\":{\"@type\":\"PropertyValueSpecification\",\"valueRequired\":true,\"valueName\":\"search_term_string\"}}],\"inLanguage\":\"es\"},{\"@type\":\"Organization\",\"@id\":\"https:\\\/\\\/centrourbano.com\\\/revista\\\/#organization\",\"name\":\"Centro Urbano\",\"url\":\"https:\\\/\\\/centrourbano.com\\\/revista\\\/\",\"logo\":{\"@type\":\"ImageObject\",\"inLanguage\":\"es\",\"@id\":\"https:\\\/\\\/centrourbano.com\\\/revista\\\/#\\\/schema\\\/logo\\\/image\\\/\",\"url\":\"https:\\\/\\\/centrourbano.com\\\/revista\\\/wp-content\\\/uploads\\\/web_CU_logo-1.png\",\"contentUrl\":\"https:\\\/\\\/centrourbano.com\\\/revista\\\/wp-content\\\/uploads\\\/web_CU_logo-1.png\",\"width\":350,\"height\":91,\"caption\":\"Centro Urbano\"},\"image\":{\"@id\":\"https:\\\/\\\/centrourbano.com\\\/revista\\\/#\\\/schema\\\/logo\\\/image\\\/\"},\"sameAs\":[\"https:\\\/\\\/www.facebook.com\\\/portalcentrourbano\",\"https:\\\/\\\/x.com\\\/CentroUrbano\",\"https:\\\/\\\/www.instagram.com\\\/centro_urbano\\\/\",\"https:\\\/\\\/www.linkedin.com\\\/company\\\/centro-urbano\\\/\",\"http:\\\/\\\/www.youtube.com\\\/user\\\/portalcentrourbano\"]},{\"@type\":\"Person\",\"@id\":\"https:\\\/\\\/centrourbano.com\\\/revista\\\/#\\\/schema\\\/person\\\/756e631daf8400a0026dd8474463803a\",\"name\":\"Aura Fuentes\",\"image\":{\"@type\":\"ImageObject\",\"inLanguage\":\"es\",\"@id\":\"https:\\\/\\\/secure.gravatar.com\\\/avatar\\\/d4d494c7466b3a8e92935aa38a4205c72303f888e06051bec24b2018c769f20a?s=96&d=mm&r=g\",\"url\":\"https:\\\/\\\/secure.gravatar.com\\\/avatar\\\/d4d494c7466b3a8e92935aa38a4205c72303f888e06051bec24b2018c769f20a?s=96&d=mm&r=g\",\"contentUrl\":\"https:\\\/\\\/secure.gravatar.com\\\/avatar\\\/d4d494c7466b3a8e92935aa38a4205c72303f888e06051bec24b2018c769f20a?s=96&d=mm&r=g\",\"caption\":\"Aura Fuentes\"},\"description\":\"Egresada de la carrera de Comunicaci\u00f3n y Periodismo en la FES Arag\u00f3n, UNAM. Aunque se especializ\u00f3 en Televisi\u00f3n prefiere estar detr\u00e1s de una computadora haciendo lo que m\u00e1s le gusta: escribir. Su mayor experiencia como profesionista la obtuvo en Diario de M\u00e9xico Edici\u00f3n USA, donde fungi\u00f3 como coordinadora editorial. Siempre perfeccionista y responsable, ahora se desempe\u00f1a como Editora en Jefe dentro de Centro Urbano.\",\"sameAs\":[\"http:\\\/\\\/@Aura_CU\"],\"url\":\"https:\\\/\\\/centrourbano.com\\\/revista\\\/author\\\/aura-fuentes\\\/\"}]}<\/script>\n<!-- \/ Yoast SEO plugin. -->","yoast_head_json":{"title":"Hacer casas, un gusto que se hereda -","description":"\u00a0 El Presidente de Grupo Ruba comenz\u00f3 en la industria gracias a su padre; pasi\u00f3n que tambi\u00e9n desea transmitirle a sus hijos &nbsp; Al hablar, Luis Enrique","robots":{"index":"index","follow":"follow","max-snippet":"max-snippet:-1","max-image-preview":"max-image-preview:large","max-video-preview":"max-video-preview:-1"},"canonical":"https:\/\/centrourbano.com\/revista\/entrevistas\/hacer-casas-un-gusto-que-se-hereda\/","og_locale":"es_ES","og_type":"article","og_title":"Hacer casas, un gusto que se hereda -","og_description":"\u00a0 El Presidente de Grupo Ruba comenz\u00f3 en la industria gracias a su padre; pasi\u00f3n que tambi\u00e9n desea transmitirle a sus hijos &nbsp; Al hablar, Luis Enrique","og_url":"https:\/\/centrourbano.com\/revista\/entrevistas\/hacer-casas-un-gusto-que-se-hereda\/","og_site_name":"Centro Urbano","article_publisher":"https:\/\/www.facebook.com\/portalcentrourbano","article_published_time":"2014-11-26T19:24:16+00:00","article_modified_time":"2014-12-10T07:07:13+00:00","og_image":[{"width":350,"height":91,"url":"https:\/\/centrourbano.com\/revista\/wp-content\/uploads\/CU-logo.png","type":"image\/png"}],"author":"Aura Fuentes","twitter_card":"summary_large_image","twitter_creator":"@CentroUrbano","twitter_site":"@CentroUrbano","twitter_misc":{"Escrito por":"Aura Fuentes","Tiempo de lectura":"6 minutos"},"schema":{"@context":"https:\/\/schema.org","@graph":[{"@type":"Article","@id":"https:\/\/centrourbano.com\/revista\/entrevistas\/hacer-casas-un-gusto-que-se-hereda\/#article","isPartOf":{"@id":"https:\/\/centrourbano.com\/revista\/entrevistas\/hacer-casas-un-gusto-que-se-hereda\/"},"author":{"name":"Aura Fuentes","@id":"https:\/\/centrourbano.com\/revista\/#\/schema\/person\/756e631daf8400a0026dd8474463803a"},"headline":"Hacer casas, un gusto que se hereda","datePublished":"2014-11-26T19:24:16+00:00","dateModified":"2014-12-10T07:07:13+00:00","mainEntityOfPage":{"@id":"https:\/\/centrourbano.com\/revista\/entrevistas\/hacer-casas-un-gusto-que-se-hereda\/"},"wordCount":1305,"commentCount":0,"publisher":{"@id":"https:\/\/centrourbano.com\/revista\/#organization"},"keywords":["Chihuahua","desarrollos","Luis Enrique Terrazas","Ruba","vivienda"],"articleSection":["Entrevistas"],"inLanguage":"es","potentialAction":[{"@type":"CommentAction","name":"Comment","target":["https:\/\/centrourbano.com\/revista\/entrevistas\/hacer-casas-un-gusto-que-se-hereda\/#respond"]}]},{"@type":"WebPage","@id":"https:\/\/centrourbano.com\/revista\/entrevistas\/hacer-casas-un-gusto-que-se-hereda\/","url":"https:\/\/centrourbano.com\/revista\/entrevistas\/hacer-casas-un-gusto-que-se-hereda\/","name":"Hacer casas, un gusto que se hereda -","isPartOf":{"@id":"https:\/\/centrourbano.com\/revista\/#website"},"datePublished":"2014-11-26T19:24:16+00:00","dateModified":"2014-12-10T07:07:13+00:00","description":"\u00a0 El Presidente de Grupo Ruba comenz\u00f3 en la industria gracias a su padre; pasi\u00f3n que tambi\u00e9n desea transmitirle a sus hijos &nbsp; Al hablar, Luis Enrique","breadcrumb":{"@id":"https:\/\/centrourbano.com\/revista\/entrevistas\/hacer-casas-un-gusto-que-se-hereda\/#breadcrumb"},"inLanguage":"es","potentialAction":[{"@type":"ReadAction","target":["https:\/\/centrourbano.com\/revista\/entrevistas\/hacer-casas-un-gusto-que-se-hereda\/"]}]},{"@type":"BreadcrumbList","@id":"https:\/\/centrourbano.com\/revista\/entrevistas\/hacer-casas-un-gusto-que-se-hereda\/#breadcrumb","itemListElement":[{"@type":"ListItem","position":1,"name":"Portada","item":"https:\/\/centrourbano.com\/revista\/"},{"@type":"ListItem","position":2,"name":"Hacer casas, un gusto que se hereda"}]},{"@type":"WebSite","@id":"https:\/\/centrourbano.com\/revista\/#website","url":"https:\/\/centrourbano.com\/revista\/","name":"Centro Urbano","description":"Medio especializado en los sectores vivienda, inmobiliario, construcci\u00f3n, arquitectura y urbanismo.","publisher":{"@id":"https:\/\/centrourbano.com\/revista\/#organization"},"potentialAction":[{"@type":"SearchAction","target":{"@type":"EntryPoint","urlTemplate":"https:\/\/centrourbano.com\/revista\/?s={search_term_string}"},"query-input":{"@type":"PropertyValueSpecification","valueRequired":true,"valueName":"search_term_string"}}],"inLanguage":"es"},{"@type":"Organization","@id":"https:\/\/centrourbano.com\/revista\/#organization","name":"Centro Urbano","url":"https:\/\/centrourbano.com\/revista\/","logo":{"@type":"ImageObject","inLanguage":"es","@id":"https:\/\/centrourbano.com\/revista\/#\/schema\/logo\/image\/","url":"https:\/\/centrourbano.com\/revista\/wp-content\/uploads\/web_CU_logo-1.png","contentUrl":"https:\/\/centrourbano.com\/revista\/wp-content\/uploads\/web_CU_logo-1.png","width":350,"height":91,"caption":"Centro Urbano"},"image":{"@id":"https:\/\/centrourbano.com\/revista\/#\/schema\/logo\/image\/"},"sameAs":["https:\/\/www.facebook.com\/portalcentrourbano","https:\/\/x.com\/CentroUrbano","https:\/\/www.instagram.com\/centro_urbano\/","https:\/\/www.linkedin.com\/company\/centro-urbano\/","http:\/\/www.youtube.com\/user\/portalcentrourbano"]},{"@type":"Person","@id":"https:\/\/centrourbano.com\/revista\/#\/schema\/person\/756e631daf8400a0026dd8474463803a","name":"Aura Fuentes","image":{"@type":"ImageObject","inLanguage":"es","@id":"https:\/\/secure.gravatar.com\/avatar\/d4d494c7466b3a8e92935aa38a4205c72303f888e06051bec24b2018c769f20a?s=96&d=mm&r=g","url":"https:\/\/secure.gravatar.com\/avatar\/d4d494c7466b3a8e92935aa38a4205c72303f888e06051bec24b2018c769f20a?s=96&d=mm&r=g","contentUrl":"https:\/\/secure.gravatar.com\/avatar\/d4d494c7466b3a8e92935aa38a4205c72303f888e06051bec24b2018c769f20a?s=96&d=mm&r=g","caption":"Aura Fuentes"},"description":"Egresada de la carrera de Comunicaci\u00f3n y Periodismo en la FES Arag\u00f3n, UNAM. Aunque se especializ\u00f3 en Televisi\u00f3n prefiere estar detr\u00e1s de una computadora haciendo lo que m\u00e1s le gusta: escribir. Su mayor experiencia como profesionista la obtuvo en Diario de M\u00e9xico Edici\u00f3n USA, donde fungi\u00f3 como coordinadora editorial. Siempre perfeccionista y responsable, ahora se desempe\u00f1a como Editora en Jefe dentro de Centro Urbano.","sameAs":["http:\/\/@Aura_CU"],"url":"https:\/\/centrourbano.com\/revista\/author\/aura-fuentes\/"}]}},"_links":{"self":[{"href":"https:\/\/centrourbano.com\/revista\/wp-json\/wp\/v2\/posts\/12988","targetHints":{"allow":["GET"]}}],"collection":[{"href":"https:\/\/centrourbano.com\/revista\/wp-json\/wp\/v2\/posts"}],"about":[{"href":"https:\/\/centrourbano.com\/revista\/wp-json\/wp\/v2\/types\/post"}],"author":[{"embeddable":true,"href":"https:\/\/centrourbano.com\/revista\/wp-json\/wp\/v2\/users\/5"}],"replies":[{"embeddable":true,"href":"https:\/\/centrourbano.com\/revista\/wp-json\/wp\/v2\/comments?post=12988"}],"version-history":[{"count":0,"href":"https:\/\/centrourbano.com\/revista\/wp-json\/wp\/v2\/posts\/12988\/revisions"}],"wp:attachment":[{"href":"https:\/\/centrourbano.com\/revista\/wp-json\/wp\/v2\/media?parent=12988"}],"wp:term":[{"taxonomy":"category","embeddable":true,"href":"https:\/\/centrourbano.com\/revista\/wp-json\/wp\/v2\/categories?post=12988"},{"taxonomy":"post_tag","embeddable":true,"href":"https:\/\/centrourbano.com\/revista\/wp-json\/wp\/v2\/tags?post=12988"}],"curies":[{"name":"wp","href":"https:\/\/api.w.org\/{rel}","templated":true}]}}