{"id":12979,"date":"2014-11-27T11:39:32","date_gmt":"2014-11-27T17:39:32","guid":{"rendered":"http:\/\/centrourbano.com\/?p=12979"},"modified":"2014-11-27T11:39:32","modified_gmt":"2014-11-27T17:39:32","slug":"inauguran-el-complejo-turistico-aak-bal-en-campeche","status":"publish","type":"post","link":"https:\/\/centrourbano.com\/revista\/inmobiliario\/inauguran-el-complejo-turistico-aak-bal-en-campeche\/","title":{"rendered":"Inauguran el complejo tur\u00edstico Aak Bal en Campeche"},"content":{"rendered":"<p>&nbsp;<\/p>\n<p><em>Se invirtieron 1,900 millones de pesos y ya est\u00e1 listo para comercializar 237 departamentos<\/em><!--more--><\/p>\n<p>En 2007 el espa\u00f1ol Grupo Mall dio inicio a la construcci\u00f3n de lo que ser\u00edan m\u00e1s de 3 mil residencias tur\u00edsticas en Champot\u00f3n, Campeche, sin embrago, hacia 2010 incumpli\u00f3 con la entrega de las primeras viviendas, por lo que, tras una disputa judicial, su socio Ingenieros Civiles Asociados (ICA), se apoder\u00f3 del proyecto.<\/p>\n<p>Con una inversi\u00f3n de mil 900 millones de pesos, fue inaugurada la segunda etapa del desarrollo integral Aak Bal Campeche, Marina Golf &amp; All Suites Resort; el cual cuenta con un hotel boutique con 32 departamentos, as\u00ed como una palapa de deportes acu\u00e1ticos, restaurante, spa, oficina de ventas en Campeche, Ciudad de M\u00e9xico, Ciudad del Carmen y Villahermosa, los primeros nueve hoyos del campo de golf, y la primera Marina que ya cuenta con 31 posiciones.<\/p>\n<p>Para su infraestructura fue construido un acueducto, un sistema de aguas negras, sistema de electricidad, vialidades, sistema de riego, jardiner\u00eda y la caseta de seguridad del lugar, adem\u00e1s de la casa club del campo de golf, una planta de tratamiento y una planta desolada, entre otros activos.<\/p>\n<p>Diego Quintana, vicepresidente de ICA, revel\u00f3 que la primera fase est\u00e1 lista para comercializar 13 edificios de departamentos con 237 unidades, \u201cEstamos ante la inversi\u00f3n m\u00e1s grande de un desarrollo tur\u00edstico en Campeche, incluso es una de las principales obras en el sureste del pa\u00eds\u201d, dijo.<\/p>\n<p>Quintana \u00a0agreg\u00f3 que la construcci\u00f3n y los insumos utilizados para el complejo fueron adquiridos a proveedores del estado por 45 millones de d\u00f3lares.<\/p>\n<p>El titular de la Secretar\u00eda de Econom\u00eda (SE), encabez\u00f3 la apertura del nuevo proyecto Aak Bal, que en maya significa \u201cLa fuente de todas las cosas nuevas\u201d, y destac\u00f3 la facilidad de Campeche como un destino para hacer negocios, motivo por el cual se encuentra en la sexta posici\u00f3n a escala nacional, seg\u00fan informaci\u00f3n del Doing Business, que elabora el Banco Mundial (BM).<\/p>\n<p>Tambi\u00e9n adelant\u00f3 que Campeche ser\u00e1 una de las entidades m\u00e1s beneficiadas por la Reforma Energ\u00e9tica, aunque por su atractivo del estado a las actividades tur\u00edsticas se ubican dentro de los tres principales nichos de mercado de la entidad que le permitir\u00e1n detonar su desarrollo.<\/p>\n","protected":false},"excerpt":{"rendered":"<p>&nbsp; Se invirtieron 1,900 millones de pesos y ya est\u00e1 listo para comercializar 237 departamentos<\/p>\n","protected":false},"author":19,"featured_media":0,"comment_status":"open","ping_status":"closed","sticky":false,"template":"","format":"standard","meta":{"om_disable_all_campaigns":false,"inline_featured_image":false,"_monsterinsights_skip_tracking":false,"_monsterinsights_sitenote_active":false,"_monsterinsights_sitenote_note":"","_monsterinsights_sitenote_category":0,"footnotes":""},"categories":[15],"tags":[3767,607,3768,290,942,3770,562,3769,1677],"class_list":["post-12979","post","type-post","status-publish","format-standard","hentry","category-inmobiliario","tag-aak-bal","tag-campeche","tag-champoton","tag-ciudad-de-mexico","tag-ciudad-del-carmen","tag-grupo-mall","tag-ica","tag-marina-golf-all-suites-resort","tag-villahermosa"],"yoast_head":"<!-- This site is optimized with the Yoast SEO plugin v27.4 - https:\/\/yoast.com\/product\/yoast-seo-wordpress\/ -->\n<title>Inauguran el complejo tur\u00edstico Aak Bal en Campeche -<\/title>\n<meta name=\"description\" content=\"&nbsp; Se invirtieron 1,900 millones de pesos y ya est\u00e1 listo para comercializar 237 departamentos En 2007 el espa\u00f1ol Grupo Mall dio inicio a la\" \/>\n<meta name=\"robots\" content=\"index, follow, max-snippet:-1, max-image-preview:large, max-video-preview:-1\" \/>\n<link rel=\"canonical\" href=\"https:\/\/centrourbano.com\/revista\/inmobiliario\/inauguran-el-complejo-turistico-aak-bal-en-campeche\/\" \/>\n<meta property=\"og:locale\" content=\"es_ES\" \/>\n<meta property=\"og:type\" content=\"article\" \/>\n<meta property=\"og:title\" content=\"Inauguran el complejo tur\u00edstico Aak Bal en Campeche -\" \/>\n<meta property=\"og:description\" content=\"&nbsp; Se invirtieron 1,900 millones de pesos y ya est\u00e1 listo para comercializar 237 departamentos En 2007 el espa\u00f1ol Grupo Mall dio inicio a la\" \/>\n<meta property=\"og:url\" content=\"https:\/\/centrourbano.com\/revista\/inmobiliario\/inauguran-el-complejo-turistico-aak-bal-en-campeche\/\" \/>\n<meta property=\"og:site_name\" content=\"Centro Urbano\" \/>\n<meta property=\"article:publisher\" content=\"https:\/\/www.facebook.com\/portalcentrourbano\" \/>\n<meta property=\"article:published_time\" content=\"2014-11-27T17:39:32+00:00\" \/>\n<meta property=\"og:image\" content=\"https:\/\/centrourbano.com\/revista\/wp-content\/uploads\/CU-logo.png\" \/>\n\t<meta property=\"og:image:width\" content=\"350\" \/>\n\t<meta property=\"og:image:height\" content=\"91\" \/>\n\t<meta property=\"og:image:type\" content=\"image\/png\" \/>\n<meta name=\"author\" content=\"Sofia Osorio\" \/>\n<meta name=\"twitter:card\" content=\"summary_large_image\" \/>\n<meta name=\"twitter:creator\" content=\"@CentroUrbano\" \/>\n<meta name=\"twitter:site\" content=\"@CentroUrbano\" \/>\n<meta name=\"twitter:label1\" content=\"Escrito por\" \/>\n\t<meta name=\"twitter:data1\" content=\"Sofia Osorio\" \/>\n\t<meta name=\"twitter:label2\" content=\"Tiempo de lectura\" \/>\n\t<meta name=\"twitter:data2\" content=\"2 minutos\" \/>\n<script type=\"application\/ld+json\" class=\"yoast-schema-graph\">{\"@context\":\"https:\\\/\\\/schema.org\",\"@graph\":[{\"@type\":\"Article\",\"@id\":\"https:\\\/\\\/centrourbano.com\\\/revista\\\/inmobiliario\\\/inauguran-el-complejo-turistico-aak-bal-en-campeche\\\/#article\",\"isPartOf\":{\"@id\":\"https:\\\/\\\/centrourbano.com\\\/revista\\\/inmobiliario\\\/inauguran-el-complejo-turistico-aak-bal-en-campeche\\\/\"},\"author\":{\"name\":\"Sofia Osorio\",\"@id\":\"https:\\\/\\\/centrourbano.com\\\/revista\\\/#\\\/schema\\\/person\\\/04f16f4cd5d20c119240fb9164874cec\"},\"headline\":\"Inauguran el complejo tur\u00edstico Aak Bal en Campeche\",\"datePublished\":\"2014-11-27T17:39:32+00:00\",\"mainEntityOfPage\":{\"@id\":\"https:\\\/\\\/centrourbano.com\\\/revista\\\/inmobiliario\\\/inauguran-el-complejo-turistico-aak-bal-en-campeche\\\/\"},\"wordCount\":392,\"commentCount\":0,\"publisher\":{\"@id\":\"https:\\\/\\\/centrourbano.com\\\/revista\\\/#organization\"},\"keywords\":[\"Aak Bal\",\"campeche\",\"Champot\u00f3n\",\"ciudad de M\u00e9xico\",\"Ciudad del Carmen\",\"Grupo Mall\",\"ICA\",\"Marina Golf &amp; All Suites Resort\",\"Villahermosa\"],\"articleSection\":[\"Inmobiliario\"],\"inLanguage\":\"es\",\"potentialAction\":[{\"@type\":\"CommentAction\",\"name\":\"Comment\",\"target\":[\"https:\\\/\\\/centrourbano.com\\\/revista\\\/inmobiliario\\\/inauguran-el-complejo-turistico-aak-bal-en-campeche\\\/#respond\"]}]},{\"@type\":\"WebPage\",\"@id\":\"https:\\\/\\\/centrourbano.com\\\/revista\\\/inmobiliario\\\/inauguran-el-complejo-turistico-aak-bal-en-campeche\\\/\",\"url\":\"https:\\\/\\\/centrourbano.com\\\/revista\\\/inmobiliario\\\/inauguran-el-complejo-turistico-aak-bal-en-campeche\\\/\",\"name\":\"Inauguran el complejo tur\u00edstico Aak Bal en Campeche -\",\"isPartOf\":{\"@id\":\"https:\\\/\\\/centrourbano.com\\\/revista\\\/#website\"},\"datePublished\":\"2014-11-27T17:39:32+00:00\",\"description\":\"&nbsp; Se invirtieron 1,900 millones de pesos y ya est\u00e1 listo para comercializar 237 departamentos En 2007 el espa\u00f1ol Grupo Mall dio inicio a la\",\"breadcrumb\":{\"@id\":\"https:\\\/\\\/centrourbano.com\\\/revista\\\/inmobiliario\\\/inauguran-el-complejo-turistico-aak-bal-en-campeche\\\/#breadcrumb\"},\"inLanguage\":\"es\",\"potentialAction\":[{\"@type\":\"ReadAction\",\"target\":[\"https:\\\/\\\/centrourbano.com\\\/revista\\\/inmobiliario\\\/inauguran-el-complejo-turistico-aak-bal-en-campeche\\\/\"]}]},{\"@type\":\"BreadcrumbList\",\"@id\":\"https:\\\/\\\/centrourbano.com\\\/revista\\\/inmobiliario\\\/inauguran-el-complejo-turistico-aak-bal-en-campeche\\\/#breadcrumb\",\"itemListElement\":[{\"@type\":\"ListItem\",\"position\":1,\"name\":\"Portada\",\"item\":\"https:\\\/\\\/centrourbano.com\\\/revista\\\/\"},{\"@type\":\"ListItem\",\"position\":2,\"name\":\"Inauguran el complejo tur\u00edstico Aak Bal en Campeche\"}]},{\"@type\":\"WebSite\",\"@id\":\"https:\\\/\\\/centrourbano.com\\\/revista\\\/#website\",\"url\":\"https:\\\/\\\/centrourbano.com\\\/revista\\\/\",\"name\":\"Centro Urbano\",\"description\":\"Medio especializado en los sectores vivienda, inmobiliario, construcci\u00f3n, arquitectura y urbanismo.\",\"publisher\":{\"@id\":\"https:\\\/\\\/centrourbano.com\\\/revista\\\/#organization\"},\"potentialAction\":[{\"@type\":\"SearchAction\",\"target\":{\"@type\":\"EntryPoint\",\"urlTemplate\":\"https:\\\/\\\/centrourbano.com\\\/revista\\\/?s={search_term_string}\"},\"query-input\":{\"@type\":\"PropertyValueSpecification\",\"valueRequired\":true,\"valueName\":\"search_term_string\"}}],\"inLanguage\":\"es\"},{\"@type\":\"Organization\",\"@id\":\"https:\\\/\\\/centrourbano.com\\\/revista\\\/#organization\",\"name\":\"Centro Urbano\",\"url\":\"https:\\\/\\\/centrourbano.com\\\/revista\\\/\",\"logo\":{\"@type\":\"ImageObject\",\"inLanguage\":\"es\",\"@id\":\"https:\\\/\\\/centrourbano.com\\\/revista\\\/#\\\/schema\\\/logo\\\/image\\\/\",\"url\":\"https:\\\/\\\/centrourbano.com\\\/revista\\\/wp-content\\\/uploads\\\/web_CU_logo-1.png\",\"contentUrl\":\"https:\\\/\\\/centrourbano.com\\\/revista\\\/wp-content\\\/uploads\\\/web_CU_logo-1.png\",\"width\":350,\"height\":91,\"caption\":\"Centro Urbano\"},\"image\":{\"@id\":\"https:\\\/\\\/centrourbano.com\\\/revista\\\/#\\\/schema\\\/logo\\\/image\\\/\"},\"sameAs\":[\"https:\\\/\\\/www.facebook.com\\\/portalcentrourbano\",\"https:\\\/\\\/x.com\\\/CentroUrbano\",\"https:\\\/\\\/www.instagram.com\\\/centro_urbano\\\/\",\"https:\\\/\\\/www.linkedin.com\\\/company\\\/centro-urbano\\\/\",\"http:\\\/\\\/www.youtube.com\\\/user\\\/portalcentrourbano\"]},{\"@type\":\"Person\",\"@id\":\"https:\\\/\\\/centrourbano.com\\\/revista\\\/#\\\/schema\\\/person\\\/04f16f4cd5d20c119240fb9164874cec\",\"name\":\"Sofia Osorio\",\"image\":{\"@type\":\"ImageObject\",\"inLanguage\":\"es\",\"@id\":\"https:\\\/\\\/secure.gravatar.com\\\/avatar\\\/540346885009217f50383aeae8f93738fea6ce04c37c93d6be2d0515d1be354c?s=96&d=mm&r=g\",\"url\":\"https:\\\/\\\/secure.gravatar.com\\\/avatar\\\/540346885009217f50383aeae8f93738fea6ce04c37c93d6be2d0515d1be354c?s=96&d=mm&r=g\",\"contentUrl\":\"https:\\\/\\\/secure.gravatar.com\\\/avatar\\\/540346885009217f50383aeae8f93738fea6ce04c37c93d6be2d0515d1be354c?s=96&d=mm&r=g\",\"caption\":\"Sofia Osorio\"},\"description\":\"Egresada de la Facultad de Estudios Superiores Arag\u00f3n. Comunicaci\u00f3n y Periodismo. Loca y feliz. Suele re\u00edrse de todo, dormir en el transporte p\u00fablico y terminar corriendo para llegar a cualquier lugar. Cantante de regadera, bailarina frustrada y chiva de coraz\u00f3n, apasionada por lo que hay que hacer. Enojona, gritona y medio amable con la gente. Su primera oportunidad laboral la tuvo como becaria en la revista Klika y fungi\u00f3 como community manager en Grupo Radio Centro. Actualmente explora nuevos campos del periodismo en Centro Urbano.\",\"url\":\"https:\\\/\\\/centrourbano.com\\\/revista\\\/author\\\/sofia-osorio\\\/\"}]}<\/script>\n<!-- \/ Yoast SEO plugin. -->","yoast_head_json":{"title":"Inauguran el complejo tur\u00edstico Aak Bal en Campeche -","description":"&nbsp; Se invirtieron 1,900 millones de pesos y ya est\u00e1 listo para comercializar 237 departamentos En 2007 el espa\u00f1ol Grupo Mall dio inicio a la","robots":{"index":"index","follow":"follow","max-snippet":"max-snippet:-1","max-image-preview":"max-image-preview:large","max-video-preview":"max-video-preview:-1"},"canonical":"https:\/\/centrourbano.com\/revista\/inmobiliario\/inauguran-el-complejo-turistico-aak-bal-en-campeche\/","og_locale":"es_ES","og_type":"article","og_title":"Inauguran el complejo tur\u00edstico Aak Bal en Campeche -","og_description":"&nbsp; Se invirtieron 1,900 millones de pesos y ya est\u00e1 listo para comercializar 237 departamentos En 2007 el espa\u00f1ol Grupo Mall dio inicio a la","og_url":"https:\/\/centrourbano.com\/revista\/inmobiliario\/inauguran-el-complejo-turistico-aak-bal-en-campeche\/","og_site_name":"Centro Urbano","article_publisher":"https:\/\/www.facebook.com\/portalcentrourbano","article_published_time":"2014-11-27T17:39:32+00:00","og_image":[{"width":350,"height":91,"url":"https:\/\/centrourbano.com\/revista\/wp-content\/uploads\/CU-logo.png","type":"image\/png"}],"author":"Sofia Osorio","twitter_card":"summary_large_image","twitter_creator":"@CentroUrbano","twitter_site":"@CentroUrbano","twitter_misc":{"Escrito por":"Sofia Osorio","Tiempo de lectura":"2 minutos"},"schema":{"@context":"https:\/\/schema.org","@graph":[{"@type":"Article","@id":"https:\/\/centrourbano.com\/revista\/inmobiliario\/inauguran-el-complejo-turistico-aak-bal-en-campeche\/#article","isPartOf":{"@id":"https:\/\/centrourbano.com\/revista\/inmobiliario\/inauguran-el-complejo-turistico-aak-bal-en-campeche\/"},"author":{"name":"Sofia Osorio","@id":"https:\/\/centrourbano.com\/revista\/#\/schema\/person\/04f16f4cd5d20c119240fb9164874cec"},"headline":"Inauguran el complejo tur\u00edstico Aak Bal en Campeche","datePublished":"2014-11-27T17:39:32+00:00","mainEntityOfPage":{"@id":"https:\/\/centrourbano.com\/revista\/inmobiliario\/inauguran-el-complejo-turistico-aak-bal-en-campeche\/"},"wordCount":392,"commentCount":0,"publisher":{"@id":"https:\/\/centrourbano.com\/revista\/#organization"},"keywords":["Aak Bal","campeche","Champot\u00f3n","ciudad de M\u00e9xico","Ciudad del Carmen","Grupo Mall","ICA","Marina Golf &amp; All Suites Resort","Villahermosa"],"articleSection":["Inmobiliario"],"inLanguage":"es","potentialAction":[{"@type":"CommentAction","name":"Comment","target":["https:\/\/centrourbano.com\/revista\/inmobiliario\/inauguran-el-complejo-turistico-aak-bal-en-campeche\/#respond"]}]},{"@type":"WebPage","@id":"https:\/\/centrourbano.com\/revista\/inmobiliario\/inauguran-el-complejo-turistico-aak-bal-en-campeche\/","url":"https:\/\/centrourbano.com\/revista\/inmobiliario\/inauguran-el-complejo-turistico-aak-bal-en-campeche\/","name":"Inauguran el complejo tur\u00edstico Aak Bal en Campeche -","isPartOf":{"@id":"https:\/\/centrourbano.com\/revista\/#website"},"datePublished":"2014-11-27T17:39:32+00:00","description":"&nbsp; Se invirtieron 1,900 millones de pesos y ya est\u00e1 listo para comercializar 237 departamentos En 2007 el espa\u00f1ol Grupo Mall dio inicio a la","breadcrumb":{"@id":"https:\/\/centrourbano.com\/revista\/inmobiliario\/inauguran-el-complejo-turistico-aak-bal-en-campeche\/#breadcrumb"},"inLanguage":"es","potentialAction":[{"@type":"ReadAction","target":["https:\/\/centrourbano.com\/revista\/inmobiliario\/inauguran-el-complejo-turistico-aak-bal-en-campeche\/"]}]},{"@type":"BreadcrumbList","@id":"https:\/\/centrourbano.com\/revista\/inmobiliario\/inauguran-el-complejo-turistico-aak-bal-en-campeche\/#breadcrumb","itemListElement":[{"@type":"ListItem","position":1,"name":"Portada","item":"https:\/\/centrourbano.com\/revista\/"},{"@type":"ListItem","position":2,"name":"Inauguran el complejo tur\u00edstico Aak Bal en Campeche"}]},{"@type":"WebSite","@id":"https:\/\/centrourbano.com\/revista\/#website","url":"https:\/\/centrourbano.com\/revista\/","name":"Centro Urbano","description":"Medio especializado en los sectores vivienda, inmobiliario, construcci\u00f3n, arquitectura y urbanismo.","publisher":{"@id":"https:\/\/centrourbano.com\/revista\/#organization"},"potentialAction":[{"@type":"SearchAction","target":{"@type":"EntryPoint","urlTemplate":"https:\/\/centrourbano.com\/revista\/?s={search_term_string}"},"query-input":{"@type":"PropertyValueSpecification","valueRequired":true,"valueName":"search_term_string"}}],"inLanguage":"es"},{"@type":"Organization","@id":"https:\/\/centrourbano.com\/revista\/#organization","name":"Centro Urbano","url":"https:\/\/centrourbano.com\/revista\/","logo":{"@type":"ImageObject","inLanguage":"es","@id":"https:\/\/centrourbano.com\/revista\/#\/schema\/logo\/image\/","url":"https:\/\/centrourbano.com\/revista\/wp-content\/uploads\/web_CU_logo-1.png","contentUrl":"https:\/\/centrourbano.com\/revista\/wp-content\/uploads\/web_CU_logo-1.png","width":350,"height":91,"caption":"Centro Urbano"},"image":{"@id":"https:\/\/centrourbano.com\/revista\/#\/schema\/logo\/image\/"},"sameAs":["https:\/\/www.facebook.com\/portalcentrourbano","https:\/\/x.com\/CentroUrbano","https:\/\/www.instagram.com\/centro_urbano\/","https:\/\/www.linkedin.com\/company\/centro-urbano\/","http:\/\/www.youtube.com\/user\/portalcentrourbano"]},{"@type":"Person","@id":"https:\/\/centrourbano.com\/revista\/#\/schema\/person\/04f16f4cd5d20c119240fb9164874cec","name":"Sofia Osorio","image":{"@type":"ImageObject","inLanguage":"es","@id":"https:\/\/secure.gravatar.com\/avatar\/540346885009217f50383aeae8f93738fea6ce04c37c93d6be2d0515d1be354c?s=96&d=mm&r=g","url":"https:\/\/secure.gravatar.com\/avatar\/540346885009217f50383aeae8f93738fea6ce04c37c93d6be2d0515d1be354c?s=96&d=mm&r=g","contentUrl":"https:\/\/secure.gravatar.com\/avatar\/540346885009217f50383aeae8f93738fea6ce04c37c93d6be2d0515d1be354c?s=96&d=mm&r=g","caption":"Sofia Osorio"},"description":"Egresada de la Facultad de Estudios Superiores Arag\u00f3n. Comunicaci\u00f3n y Periodismo. Loca y feliz. Suele re\u00edrse de todo, dormir en el transporte p\u00fablico y terminar corriendo para llegar a cualquier lugar. Cantante de regadera, bailarina frustrada y chiva de coraz\u00f3n, apasionada por lo que hay que hacer. Enojona, gritona y medio amable con la gente. Su primera oportunidad laboral la tuvo como becaria en la revista Klika y fungi\u00f3 como community manager en Grupo Radio Centro. Actualmente explora nuevos campos del periodismo en Centro Urbano.","url":"https:\/\/centrourbano.com\/revista\/author\/sofia-osorio\/"}]}},"_links":{"self":[{"href":"https:\/\/centrourbano.com\/revista\/wp-json\/wp\/v2\/posts\/12979","targetHints":{"allow":["GET"]}}],"collection":[{"href":"https:\/\/centrourbano.com\/revista\/wp-json\/wp\/v2\/posts"}],"about":[{"href":"https:\/\/centrourbano.com\/revista\/wp-json\/wp\/v2\/types\/post"}],"author":[{"embeddable":true,"href":"https:\/\/centrourbano.com\/revista\/wp-json\/wp\/v2\/users\/19"}],"replies":[{"embeddable":true,"href":"https:\/\/centrourbano.com\/revista\/wp-json\/wp\/v2\/comments?post=12979"}],"version-history":[{"count":0,"href":"https:\/\/centrourbano.com\/revista\/wp-json\/wp\/v2\/posts\/12979\/revisions"}],"wp:attachment":[{"href":"https:\/\/centrourbano.com\/revista\/wp-json\/wp\/v2\/media?parent=12979"}],"wp:term":[{"taxonomy":"category","embeddable":true,"href":"https:\/\/centrourbano.com\/revista\/wp-json\/wp\/v2\/categories?post=12979"},{"taxonomy":"post_tag","embeddable":true,"href":"https:\/\/centrourbano.com\/revista\/wp-json\/wp\/v2\/tags?post=12979"}],"curies":[{"name":"wp","href":"https:\/\/api.w.org\/{rel}","templated":true}]}}