{"id":12958,"date":"2014-11-26T14:15:50","date_gmt":"2014-11-26T20:15:50","guid":{"rendered":"http:\/\/centrourbano.com\/?p=12958"},"modified":"2016-08-08T11:54:39","modified_gmt":"2016-08-08T16:54:39","slug":"se-va-reactivando-el-sector-desayuno-hym-de-la-casa","status":"publish","type":"post","link":"https:\/\/centrourbano.com\/revista\/actualidad\/se-va-reactivando-el-sector-desayuno-hym-de-la-casa\/","title":{"rendered":"Se va reactivando el sector: Desayuno HyM de la Casa"},"content":{"rendered":"<p>&nbsp;<\/p>\n<p><!--more--><\/p>\n<p>Banca de desarrollo, financieros, desarrolladores de vivienda y valuadores estuvo presente en uno m\u00e1s de los desayunos Hombres y Mujeres de la Casa, evento organizado por Centro Urbano, y que en esta ocasi\u00f3n tuvo como sede las instalaciones de IOS Office, socio estrat\u00e9gico del proyecto.<\/p>\n<p>As\u00ed, estuvieron reunidos importante actores del sector de la vivienda para desayunar e intercambiar puntos de vista sobre la situaci\u00f3n de la vivienda, tocando temas como el financiamiento y la valuaci\u00f3n.<\/p>\n<p>Jes\u00fas Alberto Cano V\u00e9lez, director general de Sociedad Hipotecaria Federal (SHF), fue el\u00a0 invitado de honor y explic\u00f3 las acciones emprendidas como banca de desarrollo para financiar el sector con la creaci\u00f3n de nuevos productos para apoyar a las desarrolladoras y buscar una mayor participaci\u00f3n de la banca comercial como es el caso de los \u2018Cr\u00e9ditos Sindicados\u2019.<\/p>\n<p>Los asistentes reconocieron el liderazgo que ha tomado Cano V\u00e9lez en la reactivaci\u00f3n del sector, lo que permite vislumbrar un a\u00f1o 2015 mucho m\u00e1s positivo.<\/p>\n<p>Tambi\u00e9n estuvo presente V\u00edctor Manuel Requejo, director general de Banco Inmobiliario Mexicano y ganador en la categor\u00eda \u2018Cimientos\u2019 del Premio Hombres y Mujeres de la Casa 2014, quien precis\u00f3 que la recuperaci\u00f3n que ha tenido la vivienda por las crisis ha sido lenta, pero que productos como el cr\u00e9dito sindicado han propiciado la reincorporaci\u00f3n de la banca comercial al sector.<\/p>\n<p>Marco G\u00f3mez, como presidente de Anuvac, invit\u00f3 a los desarrolladores y banca a fomentar mejores pr\u00e1cticas entre todos los actores del sector, para quitar presi\u00f3n al aval\u00fao y que \u00e9ste sea objetivo y confiable, y se act\u00fae con responsabilidad.<\/p>\n<p>Por parte de la banca comercial, asisti\u00f3 Enrique Margain, Director Ejecutivo Cr\u00e9dito Hipotecario en Scotiabank, quien asegur\u00f3 que el apoyo hacia la vivienda est\u00e1 presente, complementando de gran manera, la labor que hacen los organismos nacionales de vivienda como Infonavit y Fovissste.<\/p>\n<p>Entre los invitados, estuvieron los desarrolladores de vivienda Enrique Vainer de Grupo Sadasi y Jos\u00e9 Shabot de Quiero Casa; Juan Carlos Brannif, director general de Capital Inmobiliario, Mario Marqu\u00e9s de Valor y Alejandro Rivero.<\/p>\n","protected":false},"excerpt":{"rendered":"<p>&nbsp;<\/p>\n","protected":false},"author":18,"featured_media":0,"comment_status":"open","ping_status":"closed","sticky":false,"template":"","format":"standard","meta":{"om_disable_all_campaigns":false,"inline_featured_image":false,"_monsterinsights_skip_tracking":false,"_monsterinsights_sitenote_active":false,"_monsterinsights_sitenote_note":"","_monsterinsights_sitenote_category":0,"footnotes":""},"categories":[80,8367],"tags":[1168,3765,1064,235,3202,60],"class_list":["post-12958","post","type-post","status-publish","format-standard","hentry","category-actualidad","category-hombresymujeresdelacasa","tag-enrique-vainer","tag-hym-de-la-casa-2","tag-jesus-alberto-cano-velez","tag-shf","tag-victor-requejo","tag-vivienda-2"],"yoast_head":"<!-- This site is optimized with the Yoast SEO plugin v27.4 - https:\/\/yoast.com\/product\/yoast-seo-wordpress\/ -->\n<title>Se va reactivando el sector: Desayuno HyM de la Casa -<\/title>\n<meta name=\"description\" content=\"&nbsp; Banca de desarrollo, financieros, desarrolladores de vivienda y valuadores estuvo presente en uno m\u00e1s de los desayunos Hombres y Mujeres de la\" \/>\n<meta name=\"robots\" content=\"index, follow, max-snippet:-1, max-image-preview:large, max-video-preview:-1\" \/>\n<link rel=\"canonical\" href=\"https:\/\/centrourbano.com\/revista\/actualidad\/se-va-reactivando-el-sector-desayuno-hym-de-la-casa\/\" \/>\n<meta property=\"og:locale\" content=\"es_ES\" \/>\n<meta property=\"og:type\" content=\"article\" \/>\n<meta property=\"og:title\" content=\"Se va reactivando el sector: Desayuno HyM de la Casa -\" \/>\n<meta property=\"og:description\" content=\"&nbsp; Banca de desarrollo, financieros, desarrolladores de vivienda y valuadores estuvo presente en uno m\u00e1s de los desayunos Hombres y Mujeres de la\" \/>\n<meta property=\"og:url\" content=\"https:\/\/centrourbano.com\/revista\/actualidad\/se-va-reactivando-el-sector-desayuno-hym-de-la-casa\/\" \/>\n<meta property=\"og:site_name\" content=\"Centro Urbano\" \/>\n<meta property=\"article:publisher\" content=\"https:\/\/www.facebook.com\/portalcentrourbano\" \/>\n<meta property=\"article:published_time\" content=\"2014-11-26T20:15:50+00:00\" \/>\n<meta property=\"article:modified_time\" content=\"2016-08-08T16:54:39+00:00\" \/>\n<meta property=\"og:image\" content=\"https:\/\/centrourbano.com\/revista\/wp-content\/uploads\/CU-logo.png\" \/>\n\t<meta property=\"og:image:width\" content=\"350\" \/>\n\t<meta property=\"og:image:height\" content=\"91\" \/>\n\t<meta property=\"og:image:type\" content=\"image\/png\" \/>\n<meta name=\"author\" content=\"Carlos Garc\u00eda\" \/>\n<meta name=\"twitter:card\" content=\"summary_large_image\" \/>\n<meta name=\"twitter:creator\" content=\"@CentroUrbano\" \/>\n<meta name=\"twitter:site\" content=\"@CentroUrbano\" \/>\n<meta name=\"twitter:label1\" content=\"Escrito por\" \/>\n\t<meta name=\"twitter:data1\" content=\"Carlos Garc\u00eda\" \/>\n\t<meta name=\"twitter:label2\" content=\"Tiempo de lectura\" \/>\n\t<meta name=\"twitter:data2\" content=\"2 minutos\" \/>\n<script type=\"application\/ld+json\" class=\"yoast-schema-graph\">{\"@context\":\"https:\\\/\\\/schema.org\",\"@graph\":[{\"@type\":\"Article\",\"@id\":\"https:\\\/\\\/centrourbano.com\\\/revista\\\/actualidad\\\/se-va-reactivando-el-sector-desayuno-hym-de-la-casa\\\/#article\",\"isPartOf\":{\"@id\":\"https:\\\/\\\/centrourbano.com\\\/revista\\\/actualidad\\\/se-va-reactivando-el-sector-desayuno-hym-de-la-casa\\\/\"},\"author\":{\"name\":\"Carlos Garc\u00eda\",\"@id\":\"https:\\\/\\\/centrourbano.com\\\/revista\\\/#\\\/schema\\\/person\\\/15622a07e4c485a93b48c9ff1145007c\"},\"headline\":\"Se va reactivando el sector: Desayuno HyM de la Casa\",\"datePublished\":\"2014-11-26T20:15:50+00:00\",\"dateModified\":\"2016-08-08T16:54:39+00:00\",\"mainEntityOfPage\":{\"@id\":\"https:\\\/\\\/centrourbano.com\\\/revista\\\/actualidad\\\/se-va-reactivando-el-sector-desayuno-hym-de-la-casa\\\/\"},\"wordCount\":369,\"commentCount\":0,\"publisher\":{\"@id\":\"https:\\\/\\\/centrourbano.com\\\/revista\\\/#organization\"},\"keywords\":[\"Enrique Vainer\",\"HyM de la Casa\",\"Jes\u00fas Alberto Cano V\u00e9lez\",\"SHF\",\"Victor Requejo\",\"vivienda\"],\"articleSection\":[\"Actualidad\",\"Hombres y Mujeres de la Casa\"],\"inLanguage\":\"es\",\"potentialAction\":[{\"@type\":\"CommentAction\",\"name\":\"Comment\",\"target\":[\"https:\\\/\\\/centrourbano.com\\\/revista\\\/actualidad\\\/se-va-reactivando-el-sector-desayuno-hym-de-la-casa\\\/#respond\"]}]},{\"@type\":\"WebPage\",\"@id\":\"https:\\\/\\\/centrourbano.com\\\/revista\\\/actualidad\\\/se-va-reactivando-el-sector-desayuno-hym-de-la-casa\\\/\",\"url\":\"https:\\\/\\\/centrourbano.com\\\/revista\\\/actualidad\\\/se-va-reactivando-el-sector-desayuno-hym-de-la-casa\\\/\",\"name\":\"Se va reactivando el sector: Desayuno HyM de la Casa -\",\"isPartOf\":{\"@id\":\"https:\\\/\\\/centrourbano.com\\\/revista\\\/#website\"},\"datePublished\":\"2014-11-26T20:15:50+00:00\",\"dateModified\":\"2016-08-08T16:54:39+00:00\",\"description\":\"&nbsp; Banca de desarrollo, financieros, desarrolladores de vivienda y valuadores estuvo presente en uno m\u00e1s de los desayunos Hombres y Mujeres de la\",\"breadcrumb\":{\"@id\":\"https:\\\/\\\/centrourbano.com\\\/revista\\\/actualidad\\\/se-va-reactivando-el-sector-desayuno-hym-de-la-casa\\\/#breadcrumb\"},\"inLanguage\":\"es\",\"potentialAction\":[{\"@type\":\"ReadAction\",\"target\":[\"https:\\\/\\\/centrourbano.com\\\/revista\\\/actualidad\\\/se-va-reactivando-el-sector-desayuno-hym-de-la-casa\\\/\"]}]},{\"@type\":\"BreadcrumbList\",\"@id\":\"https:\\\/\\\/centrourbano.com\\\/revista\\\/actualidad\\\/se-va-reactivando-el-sector-desayuno-hym-de-la-casa\\\/#breadcrumb\",\"itemListElement\":[{\"@type\":\"ListItem\",\"position\":1,\"name\":\"Portada\",\"item\":\"https:\\\/\\\/centrourbano.com\\\/revista\\\/\"},{\"@type\":\"ListItem\",\"position\":2,\"name\":\"Se va reactivando el sector: Desayuno HyM de la Casa\"}]},{\"@type\":\"WebSite\",\"@id\":\"https:\\\/\\\/centrourbano.com\\\/revista\\\/#website\",\"url\":\"https:\\\/\\\/centrourbano.com\\\/revista\\\/\",\"name\":\"Centro Urbano\",\"description\":\"Medio especializado en los sectores vivienda, inmobiliario, construcci\u00f3n, arquitectura y urbanismo.\",\"publisher\":{\"@id\":\"https:\\\/\\\/centrourbano.com\\\/revista\\\/#organization\"},\"potentialAction\":[{\"@type\":\"SearchAction\",\"target\":{\"@type\":\"EntryPoint\",\"urlTemplate\":\"https:\\\/\\\/centrourbano.com\\\/revista\\\/?s={search_term_string}\"},\"query-input\":{\"@type\":\"PropertyValueSpecification\",\"valueRequired\":true,\"valueName\":\"search_term_string\"}}],\"inLanguage\":\"es\"},{\"@type\":\"Organization\",\"@id\":\"https:\\\/\\\/centrourbano.com\\\/revista\\\/#organization\",\"name\":\"Centro Urbano\",\"url\":\"https:\\\/\\\/centrourbano.com\\\/revista\\\/\",\"logo\":{\"@type\":\"ImageObject\",\"inLanguage\":\"es\",\"@id\":\"https:\\\/\\\/centrourbano.com\\\/revista\\\/#\\\/schema\\\/logo\\\/image\\\/\",\"url\":\"https:\\\/\\\/centrourbano.com\\\/revista\\\/wp-content\\\/uploads\\\/web_CU_logo-1.png\",\"contentUrl\":\"https:\\\/\\\/centrourbano.com\\\/revista\\\/wp-content\\\/uploads\\\/web_CU_logo-1.png\",\"width\":350,\"height\":91,\"caption\":\"Centro Urbano\"},\"image\":{\"@id\":\"https:\\\/\\\/centrourbano.com\\\/revista\\\/#\\\/schema\\\/logo\\\/image\\\/\"},\"sameAs\":[\"https:\\\/\\\/www.facebook.com\\\/portalcentrourbano\",\"https:\\\/\\\/x.com\\\/CentroUrbano\",\"https:\\\/\\\/www.instagram.com\\\/centro_urbano\\\/\",\"https:\\\/\\\/www.linkedin.com\\\/company\\\/centro-urbano\\\/\",\"http:\\\/\\\/www.youtube.com\\\/user\\\/portalcentrourbano\"]},{\"@type\":\"Person\",\"@id\":\"https:\\\/\\\/centrourbano.com\\\/revista\\\/#\\\/schema\\\/person\\\/15622a07e4c485a93b48c9ff1145007c\",\"name\":\"Carlos Garc\u00eda\",\"image\":{\"@type\":\"ImageObject\",\"inLanguage\":\"es\",\"@id\":\"https:\\\/\\\/secure.gravatar.com\\\/avatar\\\/ad33530f6be00b0762054ba3ddee6e4b9824204d9c8315794c64a7f5841e5add?s=96&d=mm&r=g\",\"url\":\"https:\\\/\\\/secure.gravatar.com\\\/avatar\\\/ad33530f6be00b0762054ba3ddee6e4b9824204d9c8315794c64a7f5841e5add?s=96&d=mm&r=g\",\"contentUrl\":\"https:\\\/\\\/secure.gravatar.com\\\/avatar\\\/ad33530f6be00b0762054ba3ddee6e4b9824204d9c8315794c64a7f5841e5add?s=96&d=mm&r=g\",\"caption\":\"Carlos Garc\u00eda\"},\"description\":\"Egresado de la carrera de Ciencias de la Comunicaci\u00f3n con diplomado de Periodismo Deportivo. Se ha desempe\u00f1ado como reportero y redactor de deportes, como en otras \u00e1reas. Actualmente trabaja en Centro Urbano. Amante del cine, los Beatles, futbol, lucha libre y los viajes.\",\"url\":\"https:\\\/\\\/centrourbano.com\\\/revista\\\/author\\\/carlos-garcia\\\/\"}]}<\/script>\n<!-- \/ Yoast SEO plugin. -->","yoast_head_json":{"title":"Se va reactivando el sector: Desayuno HyM de la Casa -","description":"&nbsp; Banca de desarrollo, financieros, desarrolladores de vivienda y valuadores estuvo presente en uno m\u00e1s de los desayunos Hombres y Mujeres de la","robots":{"index":"index","follow":"follow","max-snippet":"max-snippet:-1","max-image-preview":"max-image-preview:large","max-video-preview":"max-video-preview:-1"},"canonical":"https:\/\/centrourbano.com\/revista\/actualidad\/se-va-reactivando-el-sector-desayuno-hym-de-la-casa\/","og_locale":"es_ES","og_type":"article","og_title":"Se va reactivando el sector: Desayuno HyM de la Casa -","og_description":"&nbsp; Banca de desarrollo, financieros, desarrolladores de vivienda y valuadores estuvo presente en uno m\u00e1s de los desayunos Hombres y Mujeres de la","og_url":"https:\/\/centrourbano.com\/revista\/actualidad\/se-va-reactivando-el-sector-desayuno-hym-de-la-casa\/","og_site_name":"Centro Urbano","article_publisher":"https:\/\/www.facebook.com\/portalcentrourbano","article_published_time":"2014-11-26T20:15:50+00:00","article_modified_time":"2016-08-08T16:54:39+00:00","og_image":[{"width":350,"height":91,"url":"https:\/\/centrourbano.com\/revista\/wp-content\/uploads\/CU-logo.png","type":"image\/png"}],"author":"Carlos Garc\u00eda","twitter_card":"summary_large_image","twitter_creator":"@CentroUrbano","twitter_site":"@CentroUrbano","twitter_misc":{"Escrito por":"Carlos Garc\u00eda","Tiempo de lectura":"2 minutos"},"schema":{"@context":"https:\/\/schema.org","@graph":[{"@type":"Article","@id":"https:\/\/centrourbano.com\/revista\/actualidad\/se-va-reactivando-el-sector-desayuno-hym-de-la-casa\/#article","isPartOf":{"@id":"https:\/\/centrourbano.com\/revista\/actualidad\/se-va-reactivando-el-sector-desayuno-hym-de-la-casa\/"},"author":{"name":"Carlos Garc\u00eda","@id":"https:\/\/centrourbano.com\/revista\/#\/schema\/person\/15622a07e4c485a93b48c9ff1145007c"},"headline":"Se va reactivando el sector: Desayuno HyM de la Casa","datePublished":"2014-11-26T20:15:50+00:00","dateModified":"2016-08-08T16:54:39+00:00","mainEntityOfPage":{"@id":"https:\/\/centrourbano.com\/revista\/actualidad\/se-va-reactivando-el-sector-desayuno-hym-de-la-casa\/"},"wordCount":369,"commentCount":0,"publisher":{"@id":"https:\/\/centrourbano.com\/revista\/#organization"},"keywords":["Enrique Vainer","HyM de la Casa","Jes\u00fas Alberto Cano V\u00e9lez","SHF","Victor Requejo","vivienda"],"articleSection":["Actualidad","Hombres y Mujeres de la Casa"],"inLanguage":"es","potentialAction":[{"@type":"CommentAction","name":"Comment","target":["https:\/\/centrourbano.com\/revista\/actualidad\/se-va-reactivando-el-sector-desayuno-hym-de-la-casa\/#respond"]}]},{"@type":"WebPage","@id":"https:\/\/centrourbano.com\/revista\/actualidad\/se-va-reactivando-el-sector-desayuno-hym-de-la-casa\/","url":"https:\/\/centrourbano.com\/revista\/actualidad\/se-va-reactivando-el-sector-desayuno-hym-de-la-casa\/","name":"Se va reactivando el sector: Desayuno HyM de la Casa -","isPartOf":{"@id":"https:\/\/centrourbano.com\/revista\/#website"},"datePublished":"2014-11-26T20:15:50+00:00","dateModified":"2016-08-08T16:54:39+00:00","description":"&nbsp; Banca de desarrollo, financieros, desarrolladores de vivienda y valuadores estuvo presente en uno m\u00e1s de los desayunos Hombres y Mujeres de la","breadcrumb":{"@id":"https:\/\/centrourbano.com\/revista\/actualidad\/se-va-reactivando-el-sector-desayuno-hym-de-la-casa\/#breadcrumb"},"inLanguage":"es","potentialAction":[{"@type":"ReadAction","target":["https:\/\/centrourbano.com\/revista\/actualidad\/se-va-reactivando-el-sector-desayuno-hym-de-la-casa\/"]}]},{"@type":"BreadcrumbList","@id":"https:\/\/centrourbano.com\/revista\/actualidad\/se-va-reactivando-el-sector-desayuno-hym-de-la-casa\/#breadcrumb","itemListElement":[{"@type":"ListItem","position":1,"name":"Portada","item":"https:\/\/centrourbano.com\/revista\/"},{"@type":"ListItem","position":2,"name":"Se va reactivando el sector: Desayuno HyM de la Casa"}]},{"@type":"WebSite","@id":"https:\/\/centrourbano.com\/revista\/#website","url":"https:\/\/centrourbano.com\/revista\/","name":"Centro Urbano","description":"Medio especializado en los sectores vivienda, inmobiliario, construcci\u00f3n, arquitectura y urbanismo.","publisher":{"@id":"https:\/\/centrourbano.com\/revista\/#organization"},"potentialAction":[{"@type":"SearchAction","target":{"@type":"EntryPoint","urlTemplate":"https:\/\/centrourbano.com\/revista\/?s={search_term_string}"},"query-input":{"@type":"PropertyValueSpecification","valueRequired":true,"valueName":"search_term_string"}}],"inLanguage":"es"},{"@type":"Organization","@id":"https:\/\/centrourbano.com\/revista\/#organization","name":"Centro Urbano","url":"https:\/\/centrourbano.com\/revista\/","logo":{"@type":"ImageObject","inLanguage":"es","@id":"https:\/\/centrourbano.com\/revista\/#\/schema\/logo\/image\/","url":"https:\/\/centrourbano.com\/revista\/wp-content\/uploads\/web_CU_logo-1.png","contentUrl":"https:\/\/centrourbano.com\/revista\/wp-content\/uploads\/web_CU_logo-1.png","width":350,"height":91,"caption":"Centro Urbano"},"image":{"@id":"https:\/\/centrourbano.com\/revista\/#\/schema\/logo\/image\/"},"sameAs":["https:\/\/www.facebook.com\/portalcentrourbano","https:\/\/x.com\/CentroUrbano","https:\/\/www.instagram.com\/centro_urbano\/","https:\/\/www.linkedin.com\/company\/centro-urbano\/","http:\/\/www.youtube.com\/user\/portalcentrourbano"]},{"@type":"Person","@id":"https:\/\/centrourbano.com\/revista\/#\/schema\/person\/15622a07e4c485a93b48c9ff1145007c","name":"Carlos Garc\u00eda","image":{"@type":"ImageObject","inLanguage":"es","@id":"https:\/\/secure.gravatar.com\/avatar\/ad33530f6be00b0762054ba3ddee6e4b9824204d9c8315794c64a7f5841e5add?s=96&d=mm&r=g","url":"https:\/\/secure.gravatar.com\/avatar\/ad33530f6be00b0762054ba3ddee6e4b9824204d9c8315794c64a7f5841e5add?s=96&d=mm&r=g","contentUrl":"https:\/\/secure.gravatar.com\/avatar\/ad33530f6be00b0762054ba3ddee6e4b9824204d9c8315794c64a7f5841e5add?s=96&d=mm&r=g","caption":"Carlos Garc\u00eda"},"description":"Egresado de la carrera de Ciencias de la Comunicaci\u00f3n con diplomado de Periodismo Deportivo. Se ha desempe\u00f1ado como reportero y redactor de deportes, como en otras \u00e1reas. Actualmente trabaja en Centro Urbano. Amante del cine, los Beatles, futbol, lucha libre y los viajes.","url":"https:\/\/centrourbano.com\/revista\/author\/carlos-garcia\/"}]}},"_links":{"self":[{"href":"https:\/\/centrourbano.com\/revista\/wp-json\/wp\/v2\/posts\/12958","targetHints":{"allow":["GET"]}}],"collection":[{"href":"https:\/\/centrourbano.com\/revista\/wp-json\/wp\/v2\/posts"}],"about":[{"href":"https:\/\/centrourbano.com\/revista\/wp-json\/wp\/v2\/types\/post"}],"author":[{"embeddable":true,"href":"https:\/\/centrourbano.com\/revista\/wp-json\/wp\/v2\/users\/18"}],"replies":[{"embeddable":true,"href":"https:\/\/centrourbano.com\/revista\/wp-json\/wp\/v2\/comments?post=12958"}],"version-history":[{"count":0,"href":"https:\/\/centrourbano.com\/revista\/wp-json\/wp\/v2\/posts\/12958\/revisions"}],"wp:attachment":[{"href":"https:\/\/centrourbano.com\/revista\/wp-json\/wp\/v2\/media?parent=12958"}],"wp:term":[{"taxonomy":"category","embeddable":true,"href":"https:\/\/centrourbano.com\/revista\/wp-json\/wp\/v2\/categories?post=12958"},{"taxonomy":"post_tag","embeddable":true,"href":"https:\/\/centrourbano.com\/revista\/wp-json\/wp\/v2\/tags?post=12958"}],"curies":[{"name":"wp","href":"https:\/\/api.w.org\/{rel}","templated":true}]}}