{"id":129526,"date":"2022-04-25T08:15:22","date_gmt":"2022-04-25T13:15:22","guid":{"rendered":"https:\/\/centrourbano.com\/?p=129526"},"modified":"2022-04-26T02:01:56","modified_gmt":"2022-04-26T07:01:56","slug":"cfe-invertira-en-proyectos-para-atender-demanda-electrica-en-mexico","status":"publish","type":"post","link":"https:\/\/centrourbano.com\/revista\/construccion\/cfe-invertira-en-proyectos-para-atender-demanda-electrica-en-mexico\/","title":{"rendered":"CFE invertir\u00e1 en proyectos para atender demanda el\u00e9ctrica en M\u00e9xico"},"content":{"rendered":"<p><em>De acuerdo con la CFE Transmisi\u00f3n, de enero de 2019 a diciembre de 2021 ha integrado a la RNT 83 subestaciones de potencia<\/em><!--more--><\/p>\n<p style=\"font-weight: 400;\">La Comisi\u00f3n Federal de Electricidad (CFE) Transmisi\u00f3n anunci\u00f3 que entre 2022 y 2024 se invertir\u00e1 en 10 proyectos de transmisi\u00f3n. En este sentido, se busca \u00a0garantizar en el corto plazo el suministro de energ\u00eda<a href=\"https:\/\/centrourbano.com\/construccion\/seat-se-convertira-en-la-subestacion-mas-moderna-de-pais-cdmx\/\" target=\"_blank\" rel=\"noopener\"> el\u00e9ctrica<\/a> en M\u00e9xico.<\/p>\n<p style=\"font-weight: 400;\">Por su parte, el director de la empresa subsidiaria, No\u00e9 Pe\u00f1a Silva present\u00f3 los resultados del Programa Operativo de 2022. Lo anterior, indican que la Red Nacional de Transmisi\u00f3n (RNT) es un factor clave para la industria el\u00e9ctrica en el pa\u00eds, ya que los procesos de disponibilidad, continuidad y seguridad son importantes en la generaci\u00f3n y distribuci\u00f3n.<\/p>\n<p>\u00abSe necesita la ampliaci\u00f3n de la<a href=\"https:\/\/www.gob.mx\/cms\/uploads\/attachment\/file\/176175\/Direcci_n_General_de_Generaci_ny_Transmisi_n_de_Energ_a_El_ctrica.pdf\" target=\"_blank\" rel=\"noopener\"> Red Nacional de Transmisi\u00f3n<\/a> para continuar el desfogue en los puntos cr\u00edticos por demanda el\u00e9ctrica\u00bb, declar\u00f3 Pina Silva.<\/p>\n<p>Asimismo, dio a dar a conocer que de enero de 2019 a diciembre del 2021, se han integrado a la Red Nacional de Transmisi\u00f3n 83 subestaciones de potencia. Esto representan un incremento de tres mil 202 MVAs. Adem\u00e1s se ha implementado dos mil 330 kil\u00f3metros de l\u00edneas de transmisi\u00f3n.<\/p>\n<p>Hasta el momento, se siguen avanzando en 15 proyectos m\u00e1s alrededor de la Rep\u00fablica Mexicana.<\/p>\n","protected":false},"excerpt":{"rendered":"<p>De acuerdo con la CFE Transmisi\u00f3n, de enero de 2019 a diciembre de 2021 ha integrado a la RNT 83 subestaciones de potencia<\/p>\n","protected":false},"author":82,"featured_media":129528,"comment_status":"open","ping_status":"closed","sticky":false,"template":"","format":"standard","meta":{"om_disable_all_campaigns":false,"inline_featured_image":false,"_monsterinsights_skip_tracking":false,"_monsterinsights_sitenote_active":false,"_monsterinsights_sitenote_note":"","_monsterinsights_sitenote_category":0,"footnotes":""},"categories":[80,14],"tags":[612,21675,334],"class_list":["post-129526","post","type-post","status-publish","format-standard","has-post-thumbnail","hentry","category-actualidad","category-construccion","tag-cfe","tag-demanda-electrica","tag-mexico"],"yoast_head":"<!-- This site is optimized with the Yoast SEO plugin v27.4 - https:\/\/yoast.com\/product\/yoast-seo-wordpress\/ -->\n<title>CFE invertir\u00e1 en proyectos para atender demanda el\u00e9ctrica en M\u00e9xico<\/title>\n<meta name=\"description\" content=\"De acuerdo con la CFE Transmisi\u00f3n, de enero de 2019 a diciembre de 2021 ha integrado a la RNT 83 subestaciones de potencia\" \/>\n<meta name=\"robots\" content=\"index, follow, max-snippet:-1, max-image-preview:large, max-video-preview:-1\" \/>\n<link rel=\"canonical\" href=\"https:\/\/centrourbano.com\/revista\/construccion\/cfe-invertira-en-proyectos-para-atender-demanda-electrica-en-mexico\/\" \/>\n<meta property=\"og:locale\" content=\"es_ES\" \/>\n<meta property=\"og:type\" content=\"article\" \/>\n<meta property=\"og:title\" content=\"CFE invertir\u00e1 en proyectos para atender demanda el\u00e9ctrica en M\u00e9xico\" \/>\n<meta property=\"og:description\" content=\"De acuerdo con la CFE Transmisi\u00f3n, de enero de 2019 a diciembre de 2021 ha integrado a la RNT 83 subestaciones de potencia\" \/>\n<meta property=\"og:url\" content=\"https:\/\/centrourbano.com\/revista\/construccion\/cfe-invertira-en-proyectos-para-atender-demanda-electrica-en-mexico\/\" \/>\n<meta property=\"og:site_name\" content=\"Centro Urbano\" \/>\n<meta property=\"article:publisher\" content=\"https:\/\/www.facebook.com\/portalcentrourbano\" \/>\n<meta property=\"article:published_time\" content=\"2022-04-25T13:15:22+00:00\" \/>\n<meta property=\"article:modified_time\" content=\"2022-04-26T07:01:56+00:00\" \/>\n<meta property=\"og:image\" content=\"https:\/\/centrourbano.com\/revista\/wp-content\/uploads\/ImagenDefaultBoletinCFE-1.jpg\" \/>\n\t<meta property=\"og:image:width\" content=\"800\" \/>\n\t<meta property=\"og:image:height\" content=\"800\" \/>\n\t<meta property=\"og:image:type\" content=\"image\/jpeg\" \/>\n<meta name=\"author\" content=\"Paola Dur\u00e1n\" \/>\n<meta name=\"twitter:card\" content=\"summary_large_image\" \/>\n<meta name=\"twitter:creator\" content=\"@CentroUrbano\" \/>\n<meta name=\"twitter:site\" content=\"@CentroUrbano\" \/>\n<meta name=\"twitter:label1\" content=\"Escrito por\" \/>\n\t<meta name=\"twitter:data1\" content=\"Paola Dur\u00e1n\" \/>\n\t<meta name=\"twitter:label2\" content=\"Tiempo de lectura\" \/>\n\t<meta name=\"twitter:data2\" content=\"1 minuto\" \/>\n<script type=\"application\/ld+json\" class=\"yoast-schema-graph\">{\"@context\":\"https:\\\/\\\/schema.org\",\"@graph\":[{\"@type\":\"Article\",\"@id\":\"https:\\\/\\\/centrourbano.com\\\/revista\\\/construccion\\\/cfe-invertira-en-proyectos-para-atender-demanda-electrica-en-mexico\\\/#article\",\"isPartOf\":{\"@id\":\"https:\\\/\\\/centrourbano.com\\\/revista\\\/construccion\\\/cfe-invertira-en-proyectos-para-atender-demanda-electrica-en-mexico\\\/\"},\"author\":{\"name\":\"Paola Dur\u00e1n\",\"@id\":\"https:\\\/\\\/centrourbano.com\\\/revista\\\/#\\\/schema\\\/person\\\/f3d7ba977507112844ab50743a185187\"},\"headline\":\"CFE invertir\u00e1 en proyectos para atender demanda el\u00e9ctrica en M\u00e9xico\",\"datePublished\":\"2022-04-25T13:15:22+00:00\",\"dateModified\":\"2022-04-26T07:01:56+00:00\",\"mainEntityOfPage\":{\"@id\":\"https:\\\/\\\/centrourbano.com\\\/revista\\\/construccion\\\/cfe-invertira-en-proyectos-para-atender-demanda-electrica-en-mexico\\\/\"},\"wordCount\":228,\"commentCount\":0,\"publisher\":{\"@id\":\"https:\\\/\\\/centrourbano.com\\\/revista\\\/#organization\"},\"image\":{\"@id\":\"https:\\\/\\\/centrourbano.com\\\/revista\\\/construccion\\\/cfe-invertira-en-proyectos-para-atender-demanda-electrica-en-mexico\\\/#primaryimage\"},\"thumbnailUrl\":\"https:\\\/\\\/centrourbano.com\\\/revista\\\/wp-content\\\/uploads\\\/ImagenDefaultBoletinCFE-1.jpg\",\"keywords\":[\"CFE\",\"Demanda El\u00e9ctrica\",\"M\u00e9xico\"],\"articleSection\":[\"Actualidad\",\"Construcci\u00f3n\"],\"inLanguage\":\"es\",\"potentialAction\":[{\"@type\":\"CommentAction\",\"name\":\"Comment\",\"target\":[\"https:\\\/\\\/centrourbano.com\\\/revista\\\/construccion\\\/cfe-invertira-en-proyectos-para-atender-demanda-electrica-en-mexico\\\/#respond\"]}]},{\"@type\":\"WebPage\",\"@id\":\"https:\\\/\\\/centrourbano.com\\\/revista\\\/construccion\\\/cfe-invertira-en-proyectos-para-atender-demanda-electrica-en-mexico\\\/\",\"url\":\"https:\\\/\\\/centrourbano.com\\\/revista\\\/construccion\\\/cfe-invertira-en-proyectos-para-atender-demanda-electrica-en-mexico\\\/\",\"name\":\"CFE invertir\u00e1 en proyectos para atender demanda el\u00e9ctrica en M\u00e9xico\",\"isPartOf\":{\"@id\":\"https:\\\/\\\/centrourbano.com\\\/revista\\\/#website\"},\"primaryImageOfPage\":{\"@id\":\"https:\\\/\\\/centrourbano.com\\\/revista\\\/construccion\\\/cfe-invertira-en-proyectos-para-atender-demanda-electrica-en-mexico\\\/#primaryimage\"},\"image\":{\"@id\":\"https:\\\/\\\/centrourbano.com\\\/revista\\\/construccion\\\/cfe-invertira-en-proyectos-para-atender-demanda-electrica-en-mexico\\\/#primaryimage\"},\"thumbnailUrl\":\"https:\\\/\\\/centrourbano.com\\\/revista\\\/wp-content\\\/uploads\\\/ImagenDefaultBoletinCFE-1.jpg\",\"datePublished\":\"2022-04-25T13:15:22+00:00\",\"dateModified\":\"2022-04-26T07:01:56+00:00\",\"description\":\"De acuerdo con la CFE Transmisi\u00f3n, de enero de 2019 a diciembre de 2021 ha integrado a la RNT 83 subestaciones de potencia\",\"breadcrumb\":{\"@id\":\"https:\\\/\\\/centrourbano.com\\\/revista\\\/construccion\\\/cfe-invertira-en-proyectos-para-atender-demanda-electrica-en-mexico\\\/#breadcrumb\"},\"inLanguage\":\"es\",\"potentialAction\":[{\"@type\":\"ReadAction\",\"target\":[\"https:\\\/\\\/centrourbano.com\\\/revista\\\/construccion\\\/cfe-invertira-en-proyectos-para-atender-demanda-electrica-en-mexico\\\/\"]}]},{\"@type\":\"ImageObject\",\"inLanguage\":\"es\",\"@id\":\"https:\\\/\\\/centrourbano.com\\\/revista\\\/construccion\\\/cfe-invertira-en-proyectos-para-atender-demanda-electrica-en-mexico\\\/#primaryimage\",\"url\":\"https:\\\/\\\/centrourbano.com\\\/revista\\\/wp-content\\\/uploads\\\/ImagenDefaultBoletinCFE-1.jpg\",\"contentUrl\":\"https:\\\/\\\/centrourbano.com\\\/revista\\\/wp-content\\\/uploads\\\/ImagenDefaultBoletinCFE-1.jpg\",\"width\":800,\"height\":800,\"caption\":\"CFE invertir\u00e1 en proyectos para atender demanda el\u00e9ctrica en M\u00e9xico\"},{\"@type\":\"BreadcrumbList\",\"@id\":\"https:\\\/\\\/centrourbano.com\\\/revista\\\/construccion\\\/cfe-invertira-en-proyectos-para-atender-demanda-electrica-en-mexico\\\/#breadcrumb\",\"itemListElement\":[{\"@type\":\"ListItem\",\"position\":1,\"name\":\"Portada\",\"item\":\"https:\\\/\\\/centrourbano.com\\\/revista\\\/\"},{\"@type\":\"ListItem\",\"position\":2,\"name\":\"CFE invertir\u00e1 en proyectos para atender demanda el\u00e9ctrica en M\u00e9xico\"}]},{\"@type\":\"WebSite\",\"@id\":\"https:\\\/\\\/centrourbano.com\\\/revista\\\/#website\",\"url\":\"https:\\\/\\\/centrourbano.com\\\/revista\\\/\",\"name\":\"Centro Urbano\",\"description\":\"Medio especializado en los sectores vivienda, inmobiliario, construcci\u00f3n, arquitectura y urbanismo.\",\"publisher\":{\"@id\":\"https:\\\/\\\/centrourbano.com\\\/revista\\\/#organization\"},\"potentialAction\":[{\"@type\":\"SearchAction\",\"target\":{\"@type\":\"EntryPoint\",\"urlTemplate\":\"https:\\\/\\\/centrourbano.com\\\/revista\\\/?s={search_term_string}\"},\"query-input\":{\"@type\":\"PropertyValueSpecification\",\"valueRequired\":true,\"valueName\":\"search_term_string\"}}],\"inLanguage\":\"es\"},{\"@type\":\"Organization\",\"@id\":\"https:\\\/\\\/centrourbano.com\\\/revista\\\/#organization\",\"name\":\"Centro Urbano\",\"url\":\"https:\\\/\\\/centrourbano.com\\\/revista\\\/\",\"logo\":{\"@type\":\"ImageObject\",\"inLanguage\":\"es\",\"@id\":\"https:\\\/\\\/centrourbano.com\\\/revista\\\/#\\\/schema\\\/logo\\\/image\\\/\",\"url\":\"https:\\\/\\\/centrourbano.com\\\/revista\\\/wp-content\\\/uploads\\\/web_CU_logo-1.png\",\"contentUrl\":\"https:\\\/\\\/centrourbano.com\\\/revista\\\/wp-content\\\/uploads\\\/web_CU_logo-1.png\",\"width\":350,\"height\":91,\"caption\":\"Centro Urbano\"},\"image\":{\"@id\":\"https:\\\/\\\/centrourbano.com\\\/revista\\\/#\\\/schema\\\/logo\\\/image\\\/\"},\"sameAs\":[\"https:\\\/\\\/www.facebook.com\\\/portalcentrourbano\",\"https:\\\/\\\/x.com\\\/CentroUrbano\",\"https:\\\/\\\/www.instagram.com\\\/centro_urbano\\\/\",\"https:\\\/\\\/www.linkedin.com\\\/company\\\/centro-urbano\\\/\",\"http:\\\/\\\/www.youtube.com\\\/user\\\/portalcentrourbano\"]},{\"@type\":\"Person\",\"@id\":\"https:\\\/\\\/centrourbano.com\\\/revista\\\/#\\\/schema\\\/person\\\/f3d7ba977507112844ab50743a185187\",\"name\":\"Paola Dur\u00e1n\",\"image\":{\"@type\":\"ImageObject\",\"inLanguage\":\"es\",\"@id\":\"https:\\\/\\\/secure.gravatar.com\\\/avatar\\\/f64c898584681d3dd909c0f1bf135d38610eeb2df48416094c5791b1e7e251fc?s=96&d=mm&r=g\",\"url\":\"https:\\\/\\\/secure.gravatar.com\\\/avatar\\\/f64c898584681d3dd909c0f1bf135d38610eeb2df48416094c5791b1e7e251fc?s=96&d=mm&r=g\",\"contentUrl\":\"https:\\\/\\\/secure.gravatar.com\\\/avatar\\\/f64c898584681d3dd909c0f1bf135d38610eeb2df48416094c5791b1e7e251fc?s=96&d=mm&r=g\",\"caption\":\"Paola Dur\u00e1n\"},\"url\":\"https:\\\/\\\/centrourbano.com\\\/revista\\\/author\\\/paola-duran\\\/\"}]}<\/script>\n<!-- \/ Yoast SEO plugin. -->","yoast_head_json":{"title":"CFE invertir\u00e1 en proyectos para atender demanda el\u00e9ctrica en M\u00e9xico","description":"De acuerdo con la CFE Transmisi\u00f3n, de enero de 2019 a diciembre de 2021 ha integrado a la RNT 83 subestaciones de potencia","robots":{"index":"index","follow":"follow","max-snippet":"max-snippet:-1","max-image-preview":"max-image-preview:large","max-video-preview":"max-video-preview:-1"},"canonical":"https:\/\/centrourbano.com\/revista\/construccion\/cfe-invertira-en-proyectos-para-atender-demanda-electrica-en-mexico\/","og_locale":"es_ES","og_type":"article","og_title":"CFE invertir\u00e1 en proyectos para atender demanda el\u00e9ctrica en M\u00e9xico","og_description":"De acuerdo con la CFE Transmisi\u00f3n, de enero de 2019 a diciembre de 2021 ha integrado a la RNT 83 subestaciones de potencia","og_url":"https:\/\/centrourbano.com\/revista\/construccion\/cfe-invertira-en-proyectos-para-atender-demanda-electrica-en-mexico\/","og_site_name":"Centro Urbano","article_publisher":"https:\/\/www.facebook.com\/portalcentrourbano","article_published_time":"2022-04-25T13:15:22+00:00","article_modified_time":"2022-04-26T07:01:56+00:00","og_image":[{"width":800,"height":800,"url":"https:\/\/centrourbano.com\/revista\/wp-content\/uploads\/ImagenDefaultBoletinCFE-1.jpg","type":"image\/jpeg"}],"author":"Paola Dur\u00e1n","twitter_card":"summary_large_image","twitter_creator":"@CentroUrbano","twitter_site":"@CentroUrbano","twitter_misc":{"Escrito por":"Paola Dur\u00e1n","Tiempo de lectura":"1 minuto"},"schema":{"@context":"https:\/\/schema.org","@graph":[{"@type":"Article","@id":"https:\/\/centrourbano.com\/revista\/construccion\/cfe-invertira-en-proyectos-para-atender-demanda-electrica-en-mexico\/#article","isPartOf":{"@id":"https:\/\/centrourbano.com\/revista\/construccion\/cfe-invertira-en-proyectos-para-atender-demanda-electrica-en-mexico\/"},"author":{"name":"Paola Dur\u00e1n","@id":"https:\/\/centrourbano.com\/revista\/#\/schema\/person\/f3d7ba977507112844ab50743a185187"},"headline":"CFE invertir\u00e1 en proyectos para atender demanda el\u00e9ctrica en M\u00e9xico","datePublished":"2022-04-25T13:15:22+00:00","dateModified":"2022-04-26T07:01:56+00:00","mainEntityOfPage":{"@id":"https:\/\/centrourbano.com\/revista\/construccion\/cfe-invertira-en-proyectos-para-atender-demanda-electrica-en-mexico\/"},"wordCount":228,"commentCount":0,"publisher":{"@id":"https:\/\/centrourbano.com\/revista\/#organization"},"image":{"@id":"https:\/\/centrourbano.com\/revista\/construccion\/cfe-invertira-en-proyectos-para-atender-demanda-electrica-en-mexico\/#primaryimage"},"thumbnailUrl":"https:\/\/centrourbano.com\/revista\/wp-content\/uploads\/ImagenDefaultBoletinCFE-1.jpg","keywords":["CFE","Demanda El\u00e9ctrica","M\u00e9xico"],"articleSection":["Actualidad","Construcci\u00f3n"],"inLanguage":"es","potentialAction":[{"@type":"CommentAction","name":"Comment","target":["https:\/\/centrourbano.com\/revista\/construccion\/cfe-invertira-en-proyectos-para-atender-demanda-electrica-en-mexico\/#respond"]}]},{"@type":"WebPage","@id":"https:\/\/centrourbano.com\/revista\/construccion\/cfe-invertira-en-proyectos-para-atender-demanda-electrica-en-mexico\/","url":"https:\/\/centrourbano.com\/revista\/construccion\/cfe-invertira-en-proyectos-para-atender-demanda-electrica-en-mexico\/","name":"CFE invertir\u00e1 en proyectos para atender demanda el\u00e9ctrica en M\u00e9xico","isPartOf":{"@id":"https:\/\/centrourbano.com\/revista\/#website"},"primaryImageOfPage":{"@id":"https:\/\/centrourbano.com\/revista\/construccion\/cfe-invertira-en-proyectos-para-atender-demanda-electrica-en-mexico\/#primaryimage"},"image":{"@id":"https:\/\/centrourbano.com\/revista\/construccion\/cfe-invertira-en-proyectos-para-atender-demanda-electrica-en-mexico\/#primaryimage"},"thumbnailUrl":"https:\/\/centrourbano.com\/revista\/wp-content\/uploads\/ImagenDefaultBoletinCFE-1.jpg","datePublished":"2022-04-25T13:15:22+00:00","dateModified":"2022-04-26T07:01:56+00:00","description":"De acuerdo con la CFE Transmisi\u00f3n, de enero de 2019 a diciembre de 2021 ha integrado a la RNT 83 subestaciones de potencia","breadcrumb":{"@id":"https:\/\/centrourbano.com\/revista\/construccion\/cfe-invertira-en-proyectos-para-atender-demanda-electrica-en-mexico\/#breadcrumb"},"inLanguage":"es","potentialAction":[{"@type":"ReadAction","target":["https:\/\/centrourbano.com\/revista\/construccion\/cfe-invertira-en-proyectos-para-atender-demanda-electrica-en-mexico\/"]}]},{"@type":"ImageObject","inLanguage":"es","@id":"https:\/\/centrourbano.com\/revista\/construccion\/cfe-invertira-en-proyectos-para-atender-demanda-electrica-en-mexico\/#primaryimage","url":"https:\/\/centrourbano.com\/revista\/wp-content\/uploads\/ImagenDefaultBoletinCFE-1.jpg","contentUrl":"https:\/\/centrourbano.com\/revista\/wp-content\/uploads\/ImagenDefaultBoletinCFE-1.jpg","width":800,"height":800,"caption":"CFE invertir\u00e1 en proyectos para atender demanda el\u00e9ctrica en M\u00e9xico"},{"@type":"BreadcrumbList","@id":"https:\/\/centrourbano.com\/revista\/construccion\/cfe-invertira-en-proyectos-para-atender-demanda-electrica-en-mexico\/#breadcrumb","itemListElement":[{"@type":"ListItem","position":1,"name":"Portada","item":"https:\/\/centrourbano.com\/revista\/"},{"@type":"ListItem","position":2,"name":"CFE invertir\u00e1 en proyectos para atender demanda el\u00e9ctrica en M\u00e9xico"}]},{"@type":"WebSite","@id":"https:\/\/centrourbano.com\/revista\/#website","url":"https:\/\/centrourbano.com\/revista\/","name":"Centro Urbano","description":"Medio especializado en los sectores vivienda, inmobiliario, construcci\u00f3n, arquitectura y urbanismo.","publisher":{"@id":"https:\/\/centrourbano.com\/revista\/#organization"},"potentialAction":[{"@type":"SearchAction","target":{"@type":"EntryPoint","urlTemplate":"https:\/\/centrourbano.com\/revista\/?s={search_term_string}"},"query-input":{"@type":"PropertyValueSpecification","valueRequired":true,"valueName":"search_term_string"}}],"inLanguage":"es"},{"@type":"Organization","@id":"https:\/\/centrourbano.com\/revista\/#organization","name":"Centro Urbano","url":"https:\/\/centrourbano.com\/revista\/","logo":{"@type":"ImageObject","inLanguage":"es","@id":"https:\/\/centrourbano.com\/revista\/#\/schema\/logo\/image\/","url":"https:\/\/centrourbano.com\/revista\/wp-content\/uploads\/web_CU_logo-1.png","contentUrl":"https:\/\/centrourbano.com\/revista\/wp-content\/uploads\/web_CU_logo-1.png","width":350,"height":91,"caption":"Centro Urbano"},"image":{"@id":"https:\/\/centrourbano.com\/revista\/#\/schema\/logo\/image\/"},"sameAs":["https:\/\/www.facebook.com\/portalcentrourbano","https:\/\/x.com\/CentroUrbano","https:\/\/www.instagram.com\/centro_urbano\/","https:\/\/www.linkedin.com\/company\/centro-urbano\/","http:\/\/www.youtube.com\/user\/portalcentrourbano"]},{"@type":"Person","@id":"https:\/\/centrourbano.com\/revista\/#\/schema\/person\/f3d7ba977507112844ab50743a185187","name":"Paola Dur\u00e1n","image":{"@type":"ImageObject","inLanguage":"es","@id":"https:\/\/secure.gravatar.com\/avatar\/f64c898584681d3dd909c0f1bf135d38610eeb2df48416094c5791b1e7e251fc?s=96&d=mm&r=g","url":"https:\/\/secure.gravatar.com\/avatar\/f64c898584681d3dd909c0f1bf135d38610eeb2df48416094c5791b1e7e251fc?s=96&d=mm&r=g","contentUrl":"https:\/\/secure.gravatar.com\/avatar\/f64c898584681d3dd909c0f1bf135d38610eeb2df48416094c5791b1e7e251fc?s=96&d=mm&r=g","caption":"Paola Dur\u00e1n"},"url":"https:\/\/centrourbano.com\/revista\/author\/paola-duran\/"}]}},"_links":{"self":[{"href":"https:\/\/centrourbano.com\/revista\/wp-json\/wp\/v2\/posts\/129526","targetHints":{"allow":["GET"]}}],"collection":[{"href":"https:\/\/centrourbano.com\/revista\/wp-json\/wp\/v2\/posts"}],"about":[{"href":"https:\/\/centrourbano.com\/revista\/wp-json\/wp\/v2\/types\/post"}],"author":[{"embeddable":true,"href":"https:\/\/centrourbano.com\/revista\/wp-json\/wp\/v2\/users\/82"}],"replies":[{"embeddable":true,"href":"https:\/\/centrourbano.com\/revista\/wp-json\/wp\/v2\/comments?post=129526"}],"version-history":[{"count":1,"href":"https:\/\/centrourbano.com\/revista\/wp-json\/wp\/v2\/posts\/129526\/revisions"}],"predecessor-version":[{"id":129529,"href":"https:\/\/centrourbano.com\/revista\/wp-json\/wp\/v2\/posts\/129526\/revisions\/129529"}],"wp:featuredmedia":[{"embeddable":true,"href":"https:\/\/centrourbano.com\/revista\/wp-json\/wp\/v2\/media\/129528"}],"wp:attachment":[{"href":"https:\/\/centrourbano.com\/revista\/wp-json\/wp\/v2\/media?parent=129526"}],"wp:term":[{"taxonomy":"category","embeddable":true,"href":"https:\/\/centrourbano.com\/revista\/wp-json\/wp\/v2\/categories?post=129526"},{"taxonomy":"post_tag","embeddable":true,"href":"https:\/\/centrourbano.com\/revista\/wp-json\/wp\/v2\/tags?post=129526"}],"curies":[{"name":"wp","href":"https:\/\/api.w.org\/{rel}","templated":true}]}}