{"id":12945,"date":"2014-11-26T10:13:23","date_gmt":"2014-11-26T16:13:23","guid":{"rendered":"http:\/\/centrourbano.com\/?p=12945"},"modified":"2014-11-26T10:31:49","modified_gmt":"2014-11-26T16:31:49","slug":"destaca-sergio-leal-evolucion-del-sector","status":"publish","type":"post","link":"https:\/\/centrourbano.com\/revista\/vivienda\/destaca-sergio-leal-evolucion-del-sector\/","title":{"rendered":"Destaca Sergio Leal evoluci\u00f3n del sector"},"content":{"rendered":"<p>&nbsp;<\/p>\n<p><em><span style=\"color: #222222;\">El director general de Vinte exalt\u00f3 la labor de las instituciones de vivienda para el crecimiento de la industria\u00a0<\/span><\/em><!--more--><\/p>\n<p>&nbsp;<\/p>\n<p>Durante el evento de premiaci\u00f3n Hombres y Mujeres de la Casa 2014, Sergio Leal, director general de Vinte, ofreci\u00f3 un discurso que dej\u00f3 en claro el momento que vive el sector vivienda en M\u00e9xico. Ante una asistencia de especialistas, directores y funcionarios p\u00fablicos del sector, el tema vivienda reafirm\u00f3 su regreso como actividad econ\u00f3mica boyante y con excelentes augurios para iniciar 2015.<\/p>\n<p>El director de Vinte record\u00f3 a los presentes que en su labor derivan colaterales positivos, destacando la generaci\u00f3n de siete empleos por cada vivienda terminada. A su vez, acentu\u00f3 sobre el impacto del sector en m\u00e1s de 40 ramos industriales y su importancia en la generaci\u00f3n de patrimonio de millones de familias.<\/p>\n<p>\u201cEn los \u00faltimos a\u00f1os, el tren de la vivienda no ha parado, ha superado obst\u00e1culos y retos a partir de una serie de ajustes necesarios. Hoy m\u00e1s que nunca, no debemos olvidar que cambiamos la vida de muchas personas que nos acompa\u00f1an en este largo proceso. Somos responsables de generar un producto de calidad para una familia que compra con mucha ilusi\u00f3n\u201d, indic\u00f3.<\/p>\n<p>Bajo el techo estrellado del Planetario en el Papalote Museo del Ni\u00f1o, y frente a las personas m\u00e1s influyentes en el sector de vivienda, el director de Vinte enfatiz\u00f3 sobre los obst\u00e1culos del sector, reconociendo el trabajo de instituciones como el Infonavit, Fovissste, Conavi y la Sociedad Hipotecaria Federal, quienes junto a la Secretar\u00eda de Desarrollo Agrario, Territorial y Urbano (Sedatu) han virado la pol\u00edtica p\u00fablica en tiempos de crisis, regresando al sector la oportunidad de continuar trabajando.<\/p>\n<p>Sergio Leal se\u00f1al\u00f3 la importancia que supone para el sector la eficiencia de los programas con que Infonavit y Fovissste dan financiamiento para que los trabajadores compren casa, reconoci\u00f3 el trabajo que realiza la Comisi\u00f3n Nacional de Vivienda creando mejores condiciones para el desarrollo del sector y destac\u00f3 particularmente la gran labor que realiza la Sociedad Hipotecaria Federal, creando m\u00e1s y mejores canales para que los empresarios del sector encuentren financiamiento para la producci\u00f3n.<\/p>\n<p>Sobre los cambios en el sector en los \u00faltimos a\u00f1os, Sergio Leal exalt\u00f3 la experiencia de m\u00faltiples empresas que lograron mantener a flote sus proyectos para continuar con su labor de generar vivienda para los mexicanos. Subray\u00f3 la experiencia obtenida en estos episodios dif\u00edciles, y que gracias a ellos han generado una pericia que hoy es puesta en pr\u00e1ctica tanto en el sector p\u00fablico como en el sector privado.<\/p>\n<p>Adem\u00e1s, apunt\u00f3 que junto a los nuevos desarrolladores, la industria ha logrado complementarse y atender la evoluci\u00f3n del mercado para mantener un nivel de calidad cada vez m\u00e1s alto. Preponder\u00f3 la importancia por definir un compromiso a largo plazo, que implique el dise\u00f1o una visi\u00f3n en com\u00fan y enfatice el valor de la uni\u00f3n como valuarte para alcanzar las metas impuestas.<\/p>\n<p>\u201cDesde hace tiempo, las empresas ya no s\u00f3lo vendemos viviendas, ahora construimos comunidades con equipamientos integrales. Hoy en d\u00eda tratamos con trabajadores m\u00e1s informados, que comparan las opciones que tiene a la mano\u201d, coment\u00f3 Sergio Leal.<\/p>\n<p>Acorde a sus pron\u00f3sticos, Vinte contempla cerrar el a\u00f1o con un crecimiento importante en sus ingresos, logrando entre 18 y 20 por ciento de utilidades. Los indicadores mantienen el optimismo alto para el siguiente a\u00f1o, aunque todo depende, como apunt\u00f3 Sergio Leal, de no perder el rumbo y mantener una visi\u00f3n que conlleve una ganancia siempre compartida; de constructores de vivienda y aquellos que la habitar\u00e1n y llenar\u00e1n de vida.<\/p>\n","protected":false},"excerpt":{"rendered":"<p>&nbsp; El director general de Vinte exalt\u00f3 la labor de las instituciones de vivienda para el crecimiento de la industria\u00a0<\/p>\n","protected":false},"author":1,"featured_media":0,"comment_status":"open","ping_status":"closed","sticky":false,"template":"","format":"standard","meta":{"om_disable_all_campaigns":false,"inline_featured_image":false,"_monsterinsights_skip_tracking":false,"_monsterinsights_sitenote_active":false,"_monsterinsights_sitenote_note":"","_monsterinsights_sitenote_category":0,"footnotes":""},"categories":[12],"tags":[3456,3305,1073,373],"class_list":["post-12945","post","type-post","status-publish","format-standard","hentry","category-vivienda","tag-desarrolladora-de-vivienda","tag-premiohymdelacasa","tag-sergio-leal","tag-vinte"],"yoast_head":"<!-- This site is optimized with the Yoast SEO plugin v27.4 - https:\/\/yoast.com\/product\/yoast-seo-wordpress\/ -->\n<title>Destaca Sergio Leal evoluci\u00f3n del sector -<\/title>\n<meta name=\"description\" content=\"&nbsp; El director general de Vinte exalt\u00f3 la labor de las instituciones de vivienda para el crecimiento de la industria\u00a0 &nbsp; Durante el evento de\" \/>\n<meta name=\"robots\" content=\"index, follow, max-snippet:-1, max-image-preview:large, max-video-preview:-1\" \/>\n<link rel=\"canonical\" href=\"https:\/\/centrourbano.com\/revista\/vivienda\/destaca-sergio-leal-evolucion-del-sector\/\" \/>\n<meta property=\"og:locale\" content=\"es_ES\" \/>\n<meta property=\"og:type\" content=\"article\" \/>\n<meta property=\"og:title\" content=\"Destaca Sergio Leal evoluci\u00f3n del sector -\" \/>\n<meta property=\"og:description\" content=\"&nbsp; El director general de Vinte exalt\u00f3 la labor de las instituciones de vivienda para el crecimiento de la industria\u00a0 &nbsp; Durante el evento de\" \/>\n<meta property=\"og:url\" content=\"https:\/\/centrourbano.com\/revista\/vivienda\/destaca-sergio-leal-evolucion-del-sector\/\" \/>\n<meta property=\"og:site_name\" content=\"Centro Urbano\" \/>\n<meta property=\"article:publisher\" content=\"https:\/\/www.facebook.com\/portalcentrourbano\" \/>\n<meta property=\"article:published_time\" content=\"2014-11-26T16:13:23+00:00\" \/>\n<meta property=\"article:modified_time\" content=\"2014-11-26T16:31:49+00:00\" \/>\n<meta property=\"og:image\" content=\"https:\/\/centrourbano.com\/revista\/wp-content\/uploads\/CU-logo.png\" \/>\n\t<meta property=\"og:image:width\" content=\"350\" \/>\n\t<meta property=\"og:image:height\" content=\"91\" \/>\n\t<meta property=\"og:image:type\" content=\"image\/png\" \/>\n<meta name=\"author\" content=\"BlogCU 2022\" \/>\n<meta name=\"twitter:card\" content=\"summary_large_image\" \/>\n<meta name=\"twitter:creator\" content=\"@CentroUrbano\" \/>\n<meta name=\"twitter:site\" content=\"@CentroUrbano\" \/>\n<meta name=\"twitter:label1\" content=\"Escrito por\" \/>\n\t<meta name=\"twitter:data1\" content=\"BlogCU 2022\" \/>\n\t<meta name=\"twitter:label2\" content=\"Tiempo de lectura\" \/>\n\t<meta name=\"twitter:data2\" content=\"3 minutos\" \/>\n<script type=\"application\/ld+json\" class=\"yoast-schema-graph\">{\"@context\":\"https:\\\/\\\/schema.org\",\"@graph\":[{\"@type\":\"Article\",\"@id\":\"https:\\\/\\\/centrourbano.com\\\/revista\\\/vivienda\\\/destaca-sergio-leal-evolucion-del-sector\\\/#article\",\"isPartOf\":{\"@id\":\"https:\\\/\\\/centrourbano.com\\\/revista\\\/vivienda\\\/destaca-sergio-leal-evolucion-del-sector\\\/\"},\"author\":{\"name\":\"BlogCU 2022\",\"@id\":\"https:\\\/\\\/centrourbano.com\\\/revista\\\/#\\\/schema\\\/person\\\/26c0ab2d8952e32eb17ccf62f8e88ce6\"},\"headline\":\"Destaca Sergio Leal evoluci\u00f3n del sector\",\"datePublished\":\"2014-11-26T16:13:23+00:00\",\"dateModified\":\"2014-11-26T16:31:49+00:00\",\"mainEntityOfPage\":{\"@id\":\"https:\\\/\\\/centrourbano.com\\\/revista\\\/vivienda\\\/destaca-sergio-leal-evolucion-del-sector\\\/\"},\"wordCount\":631,\"commentCount\":0,\"publisher\":{\"@id\":\"https:\\\/\\\/centrourbano.com\\\/revista\\\/#organization\"},\"keywords\":[\"desarrolladora de vivienda\",\"PremioHyMdelaCasa\",\"Sergio Leal\",\"Vinte\"],\"articleSection\":[\"Vivienda\"],\"inLanguage\":\"es\",\"potentialAction\":[{\"@type\":\"CommentAction\",\"name\":\"Comment\",\"target\":[\"https:\\\/\\\/centrourbano.com\\\/revista\\\/vivienda\\\/destaca-sergio-leal-evolucion-del-sector\\\/#respond\"]}]},{\"@type\":\"WebPage\",\"@id\":\"https:\\\/\\\/centrourbano.com\\\/revista\\\/vivienda\\\/destaca-sergio-leal-evolucion-del-sector\\\/\",\"url\":\"https:\\\/\\\/centrourbano.com\\\/revista\\\/vivienda\\\/destaca-sergio-leal-evolucion-del-sector\\\/\",\"name\":\"Destaca Sergio Leal evoluci\u00f3n del sector -\",\"isPartOf\":{\"@id\":\"https:\\\/\\\/centrourbano.com\\\/revista\\\/#website\"},\"datePublished\":\"2014-11-26T16:13:23+00:00\",\"dateModified\":\"2014-11-26T16:31:49+00:00\",\"description\":\"&nbsp; El director general de Vinte exalt\u00f3 la labor de las instituciones de vivienda para el crecimiento de la industria\u00a0 &nbsp; Durante el evento de\",\"breadcrumb\":{\"@id\":\"https:\\\/\\\/centrourbano.com\\\/revista\\\/vivienda\\\/destaca-sergio-leal-evolucion-del-sector\\\/#breadcrumb\"},\"inLanguage\":\"es\",\"potentialAction\":[{\"@type\":\"ReadAction\",\"target\":[\"https:\\\/\\\/centrourbano.com\\\/revista\\\/vivienda\\\/destaca-sergio-leal-evolucion-del-sector\\\/\"]}]},{\"@type\":\"BreadcrumbList\",\"@id\":\"https:\\\/\\\/centrourbano.com\\\/revista\\\/vivienda\\\/destaca-sergio-leal-evolucion-del-sector\\\/#breadcrumb\",\"itemListElement\":[{\"@type\":\"ListItem\",\"position\":1,\"name\":\"Portada\",\"item\":\"https:\\\/\\\/centrourbano.com\\\/revista\\\/\"},{\"@type\":\"ListItem\",\"position\":2,\"name\":\"Destaca Sergio Leal evoluci\u00f3n del sector\"}]},{\"@type\":\"WebSite\",\"@id\":\"https:\\\/\\\/centrourbano.com\\\/revista\\\/#website\",\"url\":\"https:\\\/\\\/centrourbano.com\\\/revista\\\/\",\"name\":\"Centro Urbano\",\"description\":\"Medio especializado en los sectores vivienda, inmobiliario, construcci\u00f3n, arquitectura y urbanismo.\",\"publisher\":{\"@id\":\"https:\\\/\\\/centrourbano.com\\\/revista\\\/#organization\"},\"potentialAction\":[{\"@type\":\"SearchAction\",\"target\":{\"@type\":\"EntryPoint\",\"urlTemplate\":\"https:\\\/\\\/centrourbano.com\\\/revista\\\/?s={search_term_string}\"},\"query-input\":{\"@type\":\"PropertyValueSpecification\",\"valueRequired\":true,\"valueName\":\"search_term_string\"}}],\"inLanguage\":\"es\"},{\"@type\":\"Organization\",\"@id\":\"https:\\\/\\\/centrourbano.com\\\/revista\\\/#organization\",\"name\":\"Centro Urbano\",\"url\":\"https:\\\/\\\/centrourbano.com\\\/revista\\\/\",\"logo\":{\"@type\":\"ImageObject\",\"inLanguage\":\"es\",\"@id\":\"https:\\\/\\\/centrourbano.com\\\/revista\\\/#\\\/schema\\\/logo\\\/image\\\/\",\"url\":\"https:\\\/\\\/centrourbano.com\\\/revista\\\/wp-content\\\/uploads\\\/web_CU_logo-1.png\",\"contentUrl\":\"https:\\\/\\\/centrourbano.com\\\/revista\\\/wp-content\\\/uploads\\\/web_CU_logo-1.png\",\"width\":350,\"height\":91,\"caption\":\"Centro Urbano\"},\"image\":{\"@id\":\"https:\\\/\\\/centrourbano.com\\\/revista\\\/#\\\/schema\\\/logo\\\/image\\\/\"},\"sameAs\":[\"https:\\\/\\\/www.facebook.com\\\/portalcentrourbano\",\"https:\\\/\\\/x.com\\\/CentroUrbano\",\"https:\\\/\\\/www.instagram.com\\\/centro_urbano\\\/\",\"https:\\\/\\\/www.linkedin.com\\\/company\\\/centro-urbano\\\/\",\"http:\\\/\\\/www.youtube.com\\\/user\\\/portalcentrourbano\"]},{\"@type\":\"Person\",\"@id\":\"https:\\\/\\\/centrourbano.com\\\/revista\\\/#\\\/schema\\\/person\\\/26c0ab2d8952e32eb17ccf62f8e88ce6\",\"name\":\"BlogCU 2022\",\"image\":{\"@type\":\"ImageObject\",\"inLanguage\":\"es\",\"@id\":\"https:\\\/\\\/secure.gravatar.com\\\/avatar\\\/5ec2975f6d4b1643c723f08ef135c488131c64cba4524740d438f2e04dbeacdc?s=96&d=mm&r=g\",\"url\":\"https:\\\/\\\/secure.gravatar.com\\\/avatar\\\/5ec2975f6d4b1643c723f08ef135c488131c64cba4524740d438f2e04dbeacdc?s=96&d=mm&r=g\",\"contentUrl\":\"https:\\\/\\\/secure.gravatar.com\\\/avatar\\\/5ec2975f6d4b1643c723f08ef135c488131c64cba4524740d438f2e04dbeacdc?s=96&d=mm&r=g\",\"caption\":\"BlogCU 2022\"},\"url\":\"https:\\\/\\\/centrourbano.com\\\/revista\\\/author\\\/BlogCU 2022\\\/\"}]}<\/script>\n<!-- \/ Yoast SEO plugin. -->","yoast_head_json":{"title":"Destaca Sergio Leal evoluci\u00f3n del sector -","description":"&nbsp; El director general de Vinte exalt\u00f3 la labor de las instituciones de vivienda para el crecimiento de la industria\u00a0 &nbsp; Durante el evento de","robots":{"index":"index","follow":"follow","max-snippet":"max-snippet:-1","max-image-preview":"max-image-preview:large","max-video-preview":"max-video-preview:-1"},"canonical":"https:\/\/centrourbano.com\/revista\/vivienda\/destaca-sergio-leal-evolucion-del-sector\/","og_locale":"es_ES","og_type":"article","og_title":"Destaca Sergio Leal evoluci\u00f3n del sector -","og_description":"&nbsp; El director general de Vinte exalt\u00f3 la labor de las instituciones de vivienda para el crecimiento de la industria\u00a0 &nbsp; Durante el evento de","og_url":"https:\/\/centrourbano.com\/revista\/vivienda\/destaca-sergio-leal-evolucion-del-sector\/","og_site_name":"Centro Urbano","article_publisher":"https:\/\/www.facebook.com\/portalcentrourbano","article_published_time":"2014-11-26T16:13:23+00:00","article_modified_time":"2014-11-26T16:31:49+00:00","og_image":[{"width":350,"height":91,"url":"https:\/\/centrourbano.com\/revista\/wp-content\/uploads\/CU-logo.png","type":"image\/png"}],"author":"BlogCU 2022","twitter_card":"summary_large_image","twitter_creator":"@CentroUrbano","twitter_site":"@CentroUrbano","twitter_misc":{"Escrito por":"BlogCU 2022","Tiempo de lectura":"3 minutos"},"schema":{"@context":"https:\/\/schema.org","@graph":[{"@type":"Article","@id":"https:\/\/centrourbano.com\/revista\/vivienda\/destaca-sergio-leal-evolucion-del-sector\/#article","isPartOf":{"@id":"https:\/\/centrourbano.com\/revista\/vivienda\/destaca-sergio-leal-evolucion-del-sector\/"},"author":{"name":"BlogCU 2022","@id":"https:\/\/centrourbano.com\/revista\/#\/schema\/person\/26c0ab2d8952e32eb17ccf62f8e88ce6"},"headline":"Destaca Sergio Leal evoluci\u00f3n del sector","datePublished":"2014-11-26T16:13:23+00:00","dateModified":"2014-11-26T16:31:49+00:00","mainEntityOfPage":{"@id":"https:\/\/centrourbano.com\/revista\/vivienda\/destaca-sergio-leal-evolucion-del-sector\/"},"wordCount":631,"commentCount":0,"publisher":{"@id":"https:\/\/centrourbano.com\/revista\/#organization"},"keywords":["desarrolladora de vivienda","PremioHyMdelaCasa","Sergio Leal","Vinte"],"articleSection":["Vivienda"],"inLanguage":"es","potentialAction":[{"@type":"CommentAction","name":"Comment","target":["https:\/\/centrourbano.com\/revista\/vivienda\/destaca-sergio-leal-evolucion-del-sector\/#respond"]}]},{"@type":"WebPage","@id":"https:\/\/centrourbano.com\/revista\/vivienda\/destaca-sergio-leal-evolucion-del-sector\/","url":"https:\/\/centrourbano.com\/revista\/vivienda\/destaca-sergio-leal-evolucion-del-sector\/","name":"Destaca Sergio Leal evoluci\u00f3n del sector -","isPartOf":{"@id":"https:\/\/centrourbano.com\/revista\/#website"},"datePublished":"2014-11-26T16:13:23+00:00","dateModified":"2014-11-26T16:31:49+00:00","description":"&nbsp; El director general de Vinte exalt\u00f3 la labor de las instituciones de vivienda para el crecimiento de la industria\u00a0 &nbsp; Durante el evento de","breadcrumb":{"@id":"https:\/\/centrourbano.com\/revista\/vivienda\/destaca-sergio-leal-evolucion-del-sector\/#breadcrumb"},"inLanguage":"es","potentialAction":[{"@type":"ReadAction","target":["https:\/\/centrourbano.com\/revista\/vivienda\/destaca-sergio-leal-evolucion-del-sector\/"]}]},{"@type":"BreadcrumbList","@id":"https:\/\/centrourbano.com\/revista\/vivienda\/destaca-sergio-leal-evolucion-del-sector\/#breadcrumb","itemListElement":[{"@type":"ListItem","position":1,"name":"Portada","item":"https:\/\/centrourbano.com\/revista\/"},{"@type":"ListItem","position":2,"name":"Destaca Sergio Leal evoluci\u00f3n del sector"}]},{"@type":"WebSite","@id":"https:\/\/centrourbano.com\/revista\/#website","url":"https:\/\/centrourbano.com\/revista\/","name":"Centro Urbano","description":"Medio especializado en los sectores vivienda, inmobiliario, construcci\u00f3n, arquitectura y urbanismo.","publisher":{"@id":"https:\/\/centrourbano.com\/revista\/#organization"},"potentialAction":[{"@type":"SearchAction","target":{"@type":"EntryPoint","urlTemplate":"https:\/\/centrourbano.com\/revista\/?s={search_term_string}"},"query-input":{"@type":"PropertyValueSpecification","valueRequired":true,"valueName":"search_term_string"}}],"inLanguage":"es"},{"@type":"Organization","@id":"https:\/\/centrourbano.com\/revista\/#organization","name":"Centro Urbano","url":"https:\/\/centrourbano.com\/revista\/","logo":{"@type":"ImageObject","inLanguage":"es","@id":"https:\/\/centrourbano.com\/revista\/#\/schema\/logo\/image\/","url":"https:\/\/centrourbano.com\/revista\/wp-content\/uploads\/web_CU_logo-1.png","contentUrl":"https:\/\/centrourbano.com\/revista\/wp-content\/uploads\/web_CU_logo-1.png","width":350,"height":91,"caption":"Centro Urbano"},"image":{"@id":"https:\/\/centrourbano.com\/revista\/#\/schema\/logo\/image\/"},"sameAs":["https:\/\/www.facebook.com\/portalcentrourbano","https:\/\/x.com\/CentroUrbano","https:\/\/www.instagram.com\/centro_urbano\/","https:\/\/www.linkedin.com\/company\/centro-urbano\/","http:\/\/www.youtube.com\/user\/portalcentrourbano"]},{"@type":"Person","@id":"https:\/\/centrourbano.com\/revista\/#\/schema\/person\/26c0ab2d8952e32eb17ccf62f8e88ce6","name":"BlogCU 2022","image":{"@type":"ImageObject","inLanguage":"es","@id":"https:\/\/secure.gravatar.com\/avatar\/5ec2975f6d4b1643c723f08ef135c488131c64cba4524740d438f2e04dbeacdc?s=96&d=mm&r=g","url":"https:\/\/secure.gravatar.com\/avatar\/5ec2975f6d4b1643c723f08ef135c488131c64cba4524740d438f2e04dbeacdc?s=96&d=mm&r=g","contentUrl":"https:\/\/secure.gravatar.com\/avatar\/5ec2975f6d4b1643c723f08ef135c488131c64cba4524740d438f2e04dbeacdc?s=96&d=mm&r=g","caption":"BlogCU 2022"},"url":"https:\/\/centrourbano.com\/revista\/author\/BlogCU 2022\/"}]}},"_links":{"self":[{"href":"https:\/\/centrourbano.com\/revista\/wp-json\/wp\/v2\/posts\/12945","targetHints":{"allow":["GET"]}}],"collection":[{"href":"https:\/\/centrourbano.com\/revista\/wp-json\/wp\/v2\/posts"}],"about":[{"href":"https:\/\/centrourbano.com\/revista\/wp-json\/wp\/v2\/types\/post"}],"author":[{"embeddable":true,"href":"https:\/\/centrourbano.com\/revista\/wp-json\/wp\/v2\/users\/1"}],"replies":[{"embeddable":true,"href":"https:\/\/centrourbano.com\/revista\/wp-json\/wp\/v2\/comments?post=12945"}],"version-history":[{"count":0,"href":"https:\/\/centrourbano.com\/revista\/wp-json\/wp\/v2\/posts\/12945\/revisions"}],"wp:attachment":[{"href":"https:\/\/centrourbano.com\/revista\/wp-json\/wp\/v2\/media?parent=12945"}],"wp:term":[{"taxonomy":"category","embeddable":true,"href":"https:\/\/centrourbano.com\/revista\/wp-json\/wp\/v2\/categories?post=12945"},{"taxonomy":"post_tag","embeddable":true,"href":"https:\/\/centrourbano.com\/revista\/wp-json\/wp\/v2\/tags?post=12945"}],"curies":[{"name":"wp","href":"https:\/\/api.w.org\/{rel}","templated":true}]}}