{"id":12941,"date":"2014-11-26T09:55:37","date_gmt":"2014-11-26T15:55:37","guid":{"rendered":"http:\/\/centrourbano.com\/?p=12941"},"modified":"2014-11-26T10:06:00","modified_gmt":"2014-11-26T16:06:00","slug":"fibra-inn-adquiere-dos-hoteles-en-el-norte-del-pais","status":"publish","type":"post","link":"https:\/\/centrourbano.com\/revista\/inmobiliario\/fibra-inn-adquiere-dos-hoteles-en-el-norte-del-pais\/","title":{"rendered":"Fibra Inn adquiere dos hoteles en el norte del pa\u00eds"},"content":{"rendered":"<p>&nbsp;<\/p>\n<p>Compra hoteles Microtel Inn en Culiac\u00e1n y Ciudad Ju\u00e1rez<!--more--><\/p>\n<p>&nbsp;<\/p>\n<p>Fideicomiso de bienes ra\u00edces hoteleros anunci\u00f3 la compra de dos hoteles Microtel ubicados en Culiac\u00e1n y Ciudad Ju\u00e1rez. La transacci\u00f3n tuvo un costo de 116 millones de pesos, sumando en conjunto un total de 226 habitaciones para la Fibra.<\/p>\n<p>Fibra Inn absorbi\u00f3 el hotel ubicado en Culiac\u00e1n respaldado por un considerable\u00a0aumento en el tr\u00e1fico de viajeros de negocios enfocados en el sector agroindustrial y de alimentos, derivando en\u00a0 un aumento significativo en la demanda hotelera. El fideicomiso desembols\u00f3 55 millones de pesos, manteniendo una proyecci\u00f3n cap rate del 10.9 por ciento para el 2015.<\/p>\n<p>En el caso de Ciudad Ju\u00e1rez, Fibra Inn firm\u00f3 la compra por un monto de 61 millones de pesos, con un cape rate del 104 por ciento para el 2015. La f7erte din\u00e1mica\u00a0industrial que impulsa la econom\u00eda de la ciudad norte\u00f1a y favorecido por\u00a0una inyecci\u00f3n importante de\u00a0inversi\u00f3n extranjera, confirman el ingreso del fideicomiso al mercado hotelero.<\/p>\n<p>Fibra Inn cuenta con un cat\u00e1logo de 30 hoteles, con 5 desarrollos en etapa de acuerdo. En total, el fideicomiso cuenta con un total de 5 mil 532 habitaciones en operaci\u00f3n y 645 en etapa de construcci\u00f3n.<\/p>\n","protected":false},"excerpt":{"rendered":"<p>&nbsp; Compra hoteles Microtel Inn en Culiac\u00e1n y Ciudad Ju\u00e1rez<\/p>\n","protected":false},"author":1,"featured_media":0,"comment_status":"open","ping_status":"closed","sticky":false,"template":"","format":"standard","meta":{"om_disable_all_campaigns":false,"inline_featured_image":false,"_monsterinsights_skip_tracking":false,"_monsterinsights_sitenote_active":false,"_monsterinsights_sitenote_note":"","_monsterinsights_sitenote_category":0,"footnotes":""},"categories":[15],"tags":[618,3759,3758,3757],"class_list":["post-12941","post","type-post","status-publish","format-standard","hentry","category-inmobiliario","tag-fibra-inn","tag-hoteles-en-ciudad-juarez","tag-hoteles-en-culiacan","tag-microhotel"],"yoast_head":"<!-- This site is optimized with the Yoast SEO plugin v27.4 - https:\/\/yoast.com\/product\/yoast-seo-wordpress\/ -->\n<title>Fibra Inn adquiere dos hoteles en el norte del pa\u00eds -<\/title>\n<meta name=\"description\" content=\"&nbsp; Compra hoteles Microtel Inn en Culiac\u00e1n y Ciudad Ju\u00e1rez &nbsp; Fideicomiso de bienes ra\u00edces hoteleros anunci\u00f3 la compra de dos hoteles Microtel\" \/>\n<meta name=\"robots\" content=\"index, follow, max-snippet:-1, max-image-preview:large, max-video-preview:-1\" \/>\n<link rel=\"canonical\" href=\"https:\/\/centrourbano.com\/revista\/inmobiliario\/fibra-inn-adquiere-dos-hoteles-en-el-norte-del-pais\/\" \/>\n<meta property=\"og:locale\" content=\"es_ES\" \/>\n<meta property=\"og:type\" content=\"article\" \/>\n<meta property=\"og:title\" content=\"Fibra Inn adquiere dos hoteles en el norte del pa\u00eds -\" \/>\n<meta property=\"og:description\" content=\"&nbsp; Compra hoteles Microtel Inn en Culiac\u00e1n y Ciudad Ju\u00e1rez &nbsp; Fideicomiso de bienes ra\u00edces hoteleros anunci\u00f3 la compra de dos hoteles Microtel\" \/>\n<meta property=\"og:url\" content=\"https:\/\/centrourbano.com\/revista\/inmobiliario\/fibra-inn-adquiere-dos-hoteles-en-el-norte-del-pais\/\" \/>\n<meta property=\"og:site_name\" content=\"Centro Urbano\" \/>\n<meta property=\"article:publisher\" content=\"https:\/\/www.facebook.com\/portalcentrourbano\" \/>\n<meta property=\"article:published_time\" content=\"2014-11-26T15:55:37+00:00\" \/>\n<meta property=\"article:modified_time\" content=\"2014-11-26T16:06:00+00:00\" \/>\n<meta property=\"og:image\" content=\"https:\/\/centrourbano.com\/revista\/wp-content\/uploads\/CU-logo.png\" \/>\n\t<meta property=\"og:image:width\" content=\"350\" \/>\n\t<meta property=\"og:image:height\" content=\"91\" \/>\n\t<meta property=\"og:image:type\" content=\"image\/png\" \/>\n<meta name=\"author\" content=\"BlogCU 2022\" \/>\n<meta name=\"twitter:card\" content=\"summary_large_image\" \/>\n<meta name=\"twitter:creator\" content=\"@CentroUrbano\" \/>\n<meta name=\"twitter:site\" content=\"@CentroUrbano\" \/>\n<meta name=\"twitter:label1\" content=\"Escrito por\" \/>\n\t<meta name=\"twitter:data1\" content=\"BlogCU 2022\" \/>\n\t<meta name=\"twitter:label2\" content=\"Tiempo de lectura\" \/>\n\t<meta name=\"twitter:data2\" content=\"1 minuto\" \/>\n<script type=\"application\/ld+json\" class=\"yoast-schema-graph\">{\"@context\":\"https:\\\/\\\/schema.org\",\"@graph\":[{\"@type\":\"Article\",\"@id\":\"https:\\\/\\\/centrourbano.com\\\/revista\\\/inmobiliario\\\/fibra-inn-adquiere-dos-hoteles-en-el-norte-del-pais\\\/#article\",\"isPartOf\":{\"@id\":\"https:\\\/\\\/centrourbano.com\\\/revista\\\/inmobiliario\\\/fibra-inn-adquiere-dos-hoteles-en-el-norte-del-pais\\\/\"},\"author\":{\"name\":\"BlogCU 2022\",\"@id\":\"https:\\\/\\\/centrourbano.com\\\/revista\\\/#\\\/schema\\\/person\\\/26c0ab2d8952e32eb17ccf62f8e88ce6\"},\"headline\":\"Fibra Inn adquiere dos hoteles en el norte del pa\u00eds\",\"datePublished\":\"2014-11-26T15:55:37+00:00\",\"dateModified\":\"2014-11-26T16:06:00+00:00\",\"mainEntityOfPage\":{\"@id\":\"https:\\\/\\\/centrourbano.com\\\/revista\\\/inmobiliario\\\/fibra-inn-adquiere-dos-hoteles-en-el-norte-del-pais\\\/\"},\"wordCount\":219,\"commentCount\":0,\"publisher\":{\"@id\":\"https:\\\/\\\/centrourbano.com\\\/revista\\\/#organization\"},\"keywords\":[\"Fibra Inn\",\"Hoteles en Ciudad Ju\u00e1rez\",\"Hoteles en Culiac\u00e1n\",\"Microhotel\"],\"articleSection\":[\"Inmobiliario\"],\"inLanguage\":\"es\",\"potentialAction\":[{\"@type\":\"CommentAction\",\"name\":\"Comment\",\"target\":[\"https:\\\/\\\/centrourbano.com\\\/revista\\\/inmobiliario\\\/fibra-inn-adquiere-dos-hoteles-en-el-norte-del-pais\\\/#respond\"]}]},{\"@type\":\"WebPage\",\"@id\":\"https:\\\/\\\/centrourbano.com\\\/revista\\\/inmobiliario\\\/fibra-inn-adquiere-dos-hoteles-en-el-norte-del-pais\\\/\",\"url\":\"https:\\\/\\\/centrourbano.com\\\/revista\\\/inmobiliario\\\/fibra-inn-adquiere-dos-hoteles-en-el-norte-del-pais\\\/\",\"name\":\"Fibra Inn adquiere dos hoteles en el norte del pa\u00eds -\",\"isPartOf\":{\"@id\":\"https:\\\/\\\/centrourbano.com\\\/revista\\\/#website\"},\"datePublished\":\"2014-11-26T15:55:37+00:00\",\"dateModified\":\"2014-11-26T16:06:00+00:00\",\"description\":\"&nbsp; Compra hoteles Microtel Inn en Culiac\u00e1n y Ciudad Ju\u00e1rez &nbsp; Fideicomiso de bienes ra\u00edces hoteleros anunci\u00f3 la compra de dos hoteles Microtel\",\"breadcrumb\":{\"@id\":\"https:\\\/\\\/centrourbano.com\\\/revista\\\/inmobiliario\\\/fibra-inn-adquiere-dos-hoteles-en-el-norte-del-pais\\\/#breadcrumb\"},\"inLanguage\":\"es\",\"potentialAction\":[{\"@type\":\"ReadAction\",\"target\":[\"https:\\\/\\\/centrourbano.com\\\/revista\\\/inmobiliario\\\/fibra-inn-adquiere-dos-hoteles-en-el-norte-del-pais\\\/\"]}]},{\"@type\":\"BreadcrumbList\",\"@id\":\"https:\\\/\\\/centrourbano.com\\\/revista\\\/inmobiliario\\\/fibra-inn-adquiere-dos-hoteles-en-el-norte-del-pais\\\/#breadcrumb\",\"itemListElement\":[{\"@type\":\"ListItem\",\"position\":1,\"name\":\"Portada\",\"item\":\"https:\\\/\\\/centrourbano.com\\\/revista\\\/\"},{\"@type\":\"ListItem\",\"position\":2,\"name\":\"Fibra Inn adquiere dos hoteles en el norte del pa\u00eds\"}]},{\"@type\":\"WebSite\",\"@id\":\"https:\\\/\\\/centrourbano.com\\\/revista\\\/#website\",\"url\":\"https:\\\/\\\/centrourbano.com\\\/revista\\\/\",\"name\":\"Centro Urbano\",\"description\":\"Medio especializado en los sectores vivienda, inmobiliario, construcci\u00f3n, arquitectura y urbanismo.\",\"publisher\":{\"@id\":\"https:\\\/\\\/centrourbano.com\\\/revista\\\/#organization\"},\"potentialAction\":[{\"@type\":\"SearchAction\",\"target\":{\"@type\":\"EntryPoint\",\"urlTemplate\":\"https:\\\/\\\/centrourbano.com\\\/revista\\\/?s={search_term_string}\"},\"query-input\":{\"@type\":\"PropertyValueSpecification\",\"valueRequired\":true,\"valueName\":\"search_term_string\"}}],\"inLanguage\":\"es\"},{\"@type\":\"Organization\",\"@id\":\"https:\\\/\\\/centrourbano.com\\\/revista\\\/#organization\",\"name\":\"Centro Urbano\",\"url\":\"https:\\\/\\\/centrourbano.com\\\/revista\\\/\",\"logo\":{\"@type\":\"ImageObject\",\"inLanguage\":\"es\",\"@id\":\"https:\\\/\\\/centrourbano.com\\\/revista\\\/#\\\/schema\\\/logo\\\/image\\\/\",\"url\":\"https:\\\/\\\/centrourbano.com\\\/revista\\\/wp-content\\\/uploads\\\/web_CU_logo-1.png\",\"contentUrl\":\"https:\\\/\\\/centrourbano.com\\\/revista\\\/wp-content\\\/uploads\\\/web_CU_logo-1.png\",\"width\":350,\"height\":91,\"caption\":\"Centro Urbano\"},\"image\":{\"@id\":\"https:\\\/\\\/centrourbano.com\\\/revista\\\/#\\\/schema\\\/logo\\\/image\\\/\"},\"sameAs\":[\"https:\\\/\\\/www.facebook.com\\\/portalcentrourbano\",\"https:\\\/\\\/x.com\\\/CentroUrbano\",\"https:\\\/\\\/www.instagram.com\\\/centro_urbano\\\/\",\"https:\\\/\\\/www.linkedin.com\\\/company\\\/centro-urbano\\\/\",\"http:\\\/\\\/www.youtube.com\\\/user\\\/portalcentrourbano\"]},{\"@type\":\"Person\",\"@id\":\"https:\\\/\\\/centrourbano.com\\\/revista\\\/#\\\/schema\\\/person\\\/26c0ab2d8952e32eb17ccf62f8e88ce6\",\"name\":\"BlogCU 2022\",\"image\":{\"@type\":\"ImageObject\",\"inLanguage\":\"es\",\"@id\":\"https:\\\/\\\/secure.gravatar.com\\\/avatar\\\/5ec2975f6d4b1643c723f08ef135c488131c64cba4524740d438f2e04dbeacdc?s=96&d=mm&r=g\",\"url\":\"https:\\\/\\\/secure.gravatar.com\\\/avatar\\\/5ec2975f6d4b1643c723f08ef135c488131c64cba4524740d438f2e04dbeacdc?s=96&d=mm&r=g\",\"contentUrl\":\"https:\\\/\\\/secure.gravatar.com\\\/avatar\\\/5ec2975f6d4b1643c723f08ef135c488131c64cba4524740d438f2e04dbeacdc?s=96&d=mm&r=g\",\"caption\":\"BlogCU 2022\"},\"url\":\"https:\\\/\\\/centrourbano.com\\\/revista\\\/author\\\/BlogCU 2022\\\/\"}]}<\/script>\n<!-- \/ Yoast SEO plugin. -->","yoast_head_json":{"title":"Fibra Inn adquiere dos hoteles en el norte del pa\u00eds -","description":"&nbsp; Compra hoteles Microtel Inn en Culiac\u00e1n y Ciudad Ju\u00e1rez &nbsp; Fideicomiso de bienes ra\u00edces hoteleros anunci\u00f3 la compra de dos hoteles Microtel","robots":{"index":"index","follow":"follow","max-snippet":"max-snippet:-1","max-image-preview":"max-image-preview:large","max-video-preview":"max-video-preview:-1"},"canonical":"https:\/\/centrourbano.com\/revista\/inmobiliario\/fibra-inn-adquiere-dos-hoteles-en-el-norte-del-pais\/","og_locale":"es_ES","og_type":"article","og_title":"Fibra Inn adquiere dos hoteles en el norte del pa\u00eds -","og_description":"&nbsp; Compra hoteles Microtel Inn en Culiac\u00e1n y Ciudad Ju\u00e1rez &nbsp; Fideicomiso de bienes ra\u00edces hoteleros anunci\u00f3 la compra de dos hoteles Microtel","og_url":"https:\/\/centrourbano.com\/revista\/inmobiliario\/fibra-inn-adquiere-dos-hoteles-en-el-norte-del-pais\/","og_site_name":"Centro Urbano","article_publisher":"https:\/\/www.facebook.com\/portalcentrourbano","article_published_time":"2014-11-26T15:55:37+00:00","article_modified_time":"2014-11-26T16:06:00+00:00","og_image":[{"width":350,"height":91,"url":"https:\/\/centrourbano.com\/revista\/wp-content\/uploads\/CU-logo.png","type":"image\/png"}],"author":"BlogCU 2022","twitter_card":"summary_large_image","twitter_creator":"@CentroUrbano","twitter_site":"@CentroUrbano","twitter_misc":{"Escrito por":"BlogCU 2022","Tiempo de lectura":"1 minuto"},"schema":{"@context":"https:\/\/schema.org","@graph":[{"@type":"Article","@id":"https:\/\/centrourbano.com\/revista\/inmobiliario\/fibra-inn-adquiere-dos-hoteles-en-el-norte-del-pais\/#article","isPartOf":{"@id":"https:\/\/centrourbano.com\/revista\/inmobiliario\/fibra-inn-adquiere-dos-hoteles-en-el-norte-del-pais\/"},"author":{"name":"BlogCU 2022","@id":"https:\/\/centrourbano.com\/revista\/#\/schema\/person\/26c0ab2d8952e32eb17ccf62f8e88ce6"},"headline":"Fibra Inn adquiere dos hoteles en el norte del pa\u00eds","datePublished":"2014-11-26T15:55:37+00:00","dateModified":"2014-11-26T16:06:00+00:00","mainEntityOfPage":{"@id":"https:\/\/centrourbano.com\/revista\/inmobiliario\/fibra-inn-adquiere-dos-hoteles-en-el-norte-del-pais\/"},"wordCount":219,"commentCount":0,"publisher":{"@id":"https:\/\/centrourbano.com\/revista\/#organization"},"keywords":["Fibra Inn","Hoteles en Ciudad Ju\u00e1rez","Hoteles en Culiac\u00e1n","Microhotel"],"articleSection":["Inmobiliario"],"inLanguage":"es","potentialAction":[{"@type":"CommentAction","name":"Comment","target":["https:\/\/centrourbano.com\/revista\/inmobiliario\/fibra-inn-adquiere-dos-hoteles-en-el-norte-del-pais\/#respond"]}]},{"@type":"WebPage","@id":"https:\/\/centrourbano.com\/revista\/inmobiliario\/fibra-inn-adquiere-dos-hoteles-en-el-norte-del-pais\/","url":"https:\/\/centrourbano.com\/revista\/inmobiliario\/fibra-inn-adquiere-dos-hoteles-en-el-norte-del-pais\/","name":"Fibra Inn adquiere dos hoteles en el norte del pa\u00eds -","isPartOf":{"@id":"https:\/\/centrourbano.com\/revista\/#website"},"datePublished":"2014-11-26T15:55:37+00:00","dateModified":"2014-11-26T16:06:00+00:00","description":"&nbsp; Compra hoteles Microtel Inn en Culiac\u00e1n y Ciudad Ju\u00e1rez &nbsp; Fideicomiso de bienes ra\u00edces hoteleros anunci\u00f3 la compra de dos hoteles Microtel","breadcrumb":{"@id":"https:\/\/centrourbano.com\/revista\/inmobiliario\/fibra-inn-adquiere-dos-hoteles-en-el-norte-del-pais\/#breadcrumb"},"inLanguage":"es","potentialAction":[{"@type":"ReadAction","target":["https:\/\/centrourbano.com\/revista\/inmobiliario\/fibra-inn-adquiere-dos-hoteles-en-el-norte-del-pais\/"]}]},{"@type":"BreadcrumbList","@id":"https:\/\/centrourbano.com\/revista\/inmobiliario\/fibra-inn-adquiere-dos-hoteles-en-el-norte-del-pais\/#breadcrumb","itemListElement":[{"@type":"ListItem","position":1,"name":"Portada","item":"https:\/\/centrourbano.com\/revista\/"},{"@type":"ListItem","position":2,"name":"Fibra Inn adquiere dos hoteles en el norte del pa\u00eds"}]},{"@type":"WebSite","@id":"https:\/\/centrourbano.com\/revista\/#website","url":"https:\/\/centrourbano.com\/revista\/","name":"Centro Urbano","description":"Medio especializado en los sectores vivienda, inmobiliario, construcci\u00f3n, arquitectura y urbanismo.","publisher":{"@id":"https:\/\/centrourbano.com\/revista\/#organization"},"potentialAction":[{"@type":"SearchAction","target":{"@type":"EntryPoint","urlTemplate":"https:\/\/centrourbano.com\/revista\/?s={search_term_string}"},"query-input":{"@type":"PropertyValueSpecification","valueRequired":true,"valueName":"search_term_string"}}],"inLanguage":"es"},{"@type":"Organization","@id":"https:\/\/centrourbano.com\/revista\/#organization","name":"Centro Urbano","url":"https:\/\/centrourbano.com\/revista\/","logo":{"@type":"ImageObject","inLanguage":"es","@id":"https:\/\/centrourbano.com\/revista\/#\/schema\/logo\/image\/","url":"https:\/\/centrourbano.com\/revista\/wp-content\/uploads\/web_CU_logo-1.png","contentUrl":"https:\/\/centrourbano.com\/revista\/wp-content\/uploads\/web_CU_logo-1.png","width":350,"height":91,"caption":"Centro Urbano"},"image":{"@id":"https:\/\/centrourbano.com\/revista\/#\/schema\/logo\/image\/"},"sameAs":["https:\/\/www.facebook.com\/portalcentrourbano","https:\/\/x.com\/CentroUrbano","https:\/\/www.instagram.com\/centro_urbano\/","https:\/\/www.linkedin.com\/company\/centro-urbano\/","http:\/\/www.youtube.com\/user\/portalcentrourbano"]},{"@type":"Person","@id":"https:\/\/centrourbano.com\/revista\/#\/schema\/person\/26c0ab2d8952e32eb17ccf62f8e88ce6","name":"BlogCU 2022","image":{"@type":"ImageObject","inLanguage":"es","@id":"https:\/\/secure.gravatar.com\/avatar\/5ec2975f6d4b1643c723f08ef135c488131c64cba4524740d438f2e04dbeacdc?s=96&d=mm&r=g","url":"https:\/\/secure.gravatar.com\/avatar\/5ec2975f6d4b1643c723f08ef135c488131c64cba4524740d438f2e04dbeacdc?s=96&d=mm&r=g","contentUrl":"https:\/\/secure.gravatar.com\/avatar\/5ec2975f6d4b1643c723f08ef135c488131c64cba4524740d438f2e04dbeacdc?s=96&d=mm&r=g","caption":"BlogCU 2022"},"url":"https:\/\/centrourbano.com\/revista\/author\/BlogCU 2022\/"}]}},"_links":{"self":[{"href":"https:\/\/centrourbano.com\/revista\/wp-json\/wp\/v2\/posts\/12941","targetHints":{"allow":["GET"]}}],"collection":[{"href":"https:\/\/centrourbano.com\/revista\/wp-json\/wp\/v2\/posts"}],"about":[{"href":"https:\/\/centrourbano.com\/revista\/wp-json\/wp\/v2\/types\/post"}],"author":[{"embeddable":true,"href":"https:\/\/centrourbano.com\/revista\/wp-json\/wp\/v2\/users\/1"}],"replies":[{"embeddable":true,"href":"https:\/\/centrourbano.com\/revista\/wp-json\/wp\/v2\/comments?post=12941"}],"version-history":[{"count":0,"href":"https:\/\/centrourbano.com\/revista\/wp-json\/wp\/v2\/posts\/12941\/revisions"}],"wp:attachment":[{"href":"https:\/\/centrourbano.com\/revista\/wp-json\/wp\/v2\/media?parent=12941"}],"wp:term":[{"taxonomy":"category","embeddable":true,"href":"https:\/\/centrourbano.com\/revista\/wp-json\/wp\/v2\/categories?post=12941"},{"taxonomy":"post_tag","embeddable":true,"href":"https:\/\/centrourbano.com\/revista\/wp-json\/wp\/v2\/tags?post=12941"}],"curies":[{"name":"wp","href":"https:\/\/api.w.org\/{rel}","templated":true}]}}