{"id":12938,"date":"2014-11-26T09:10:11","date_gmt":"2014-11-26T15:10:11","guid":{"rendered":"http:\/\/centrourbano.com\/?p=12938"},"modified":"2014-11-25T19:09:14","modified_gmt":"2014-11-26T01:09:14","slug":"fomentan-uso-de-calentador-solar","status":"publish","type":"post","link":"https:\/\/centrourbano.com\/revista\/vivienda\/fomentan-uso-de-calentador-solar\/","title":{"rendered":"Fomentan uso de calentador solar"},"content":{"rendered":"<p>&nbsp;<\/p>\n<p><em>Julio C\u00e9sar Guajardo, director de Operaciones de JJ Materiales Sustentables, asegura que el nuevo sistema es ideal para viviendas econ\u00f3micas\u00a0<\/em><!--more--><\/p>\n<p>M\u00e1s de 100 mil viviendas en nuestro pa\u00eds cuentan con ecotecnolog\u00edas de JJ Materiales Sustentables, uno de los proveedores del programa Hipoteca Verde del Infonavit, el cual actualmente promueve un nuevo calentador solar que a decir de Julio C\u00e9sar Guajardo Rinc\u00f3n, director Comercial y de Operaciones de la empresa, representa ahorros considerables y est\u00e1 fabricado en M\u00e9xico.<\/p>\n<p>\u201cEmpezamos a promoverlo a mediados de a\u00f1o y con el piloto a principios de a\u00f1o, ya est\u00e1 certificado en base a pruebas, como es fabricado en M\u00e9xico tuvimos que meterle ingenier\u00eda, capacitaci\u00f3n al personal y terminamos con un producto que es m\u00e1s eficiente que lo que existe ahorita en el mercado\u201d, explic\u00f3 al respecto.<\/p>\n<p>Dicho calentador solar, de la marca Xunnecu, tiene m\u00e1s durabilidad que otros porque el tanque, denominado colector, cuenta con una doble capa porcelanizada, lo que lo vuelve m\u00e1s resistente y est\u00e1 orientado a una capacidad de 150 litros, seg\u00fan coment\u00f3 Guajardo Rinc\u00f3n, para la vivienda econ\u00f3mica.<\/p>\n<p>El Directivo mencion\u00f3 que ya est\u00e1n firmando convenios con grandes desarrolladores de vivienda para incluirlo en un sistema h\u00edbrido, es decir, el calentador de paso inteligente, el cual va a detectar el agua a la temperatura que sale del calentador solar y si es de arriba de 50 grados el de paso no encender\u00e1, en cambio, si est\u00e1 por abajo, prender\u00e1, \u201centonces lo que estamos haciendo es vendiendo el paquete calentador solar con uno de paso tipo instant\u00e1neo inteligente\u201d.<\/p>\n<p>Asegur\u00f3 que el ahorro de gas ser\u00e1 mayor de 70 por ciento porque solamente el calentador normal se usar\u00e1 cuando los d\u00edas est\u00e9n nublados, en cambio, ser\u00e1 muy eficiente el calentador solar como un uso primario. En cuanto al costo, dijo que los precios son sumamente competitivos para los desarrolladores, de los cuales cuentan con una amplia cartera de clientes.<\/p>\n<p>\u201cPor ejemplo, para un desarrollador de vivienda el paquete va a andar alrededor de 6,500 pesos y ahorita en el mercado el puro calentador solar anda en ese precio\u201d, revel\u00f3.<\/p>\n<p>Guajardo Rinc\u00f3n record\u00f3 que adem\u00e1s fabrican otro tipo de productos sustentables, como calentadores de paso, filtros purificadores de agua, focos ahorradores y foco leed; aunado a que son pioneros en cuanto a la sustentabilidad del programa Hipoteca Verde del Infonavit, prueba de ello es que llevan m\u00e1s de 180 mil casas convertidas a \u201cverde\u201d con diferentes desarrolladores de vivienda.<\/p>\n<p>&nbsp;<\/p>\n","protected":false},"excerpt":{"rendered":"<p>&nbsp; Julio C\u00e9sar Guajardo, director de Operaciones de JJ Materiales Sustentables, asegura que el nuevo sistema es ideal para viviendas econ\u00f3micas\u00a0<\/p>\n","protected":false},"author":5,"featured_media":0,"comment_status":"open","ping_status":"closed","sticky":false,"template":"","format":"standard","meta":{"om_disable_all_campaigns":false,"inline_featured_image":false,"_monsterinsights_skip_tracking":false,"_monsterinsights_sitenote_active":false,"_monsterinsights_sitenote_note":"","_monsterinsights_sitenote_category":0,"footnotes":""},"categories":[12],"tags":[3756,674,3754,3755],"class_list":["post-12938","post","type-post","status-publish","format-standard","hentry","category-vivienda","tag-calentador-solar","tag-hipoteca-verde","tag-jj-materiales-sustentables","tag-julio-cesar-guajardo"],"yoast_head":"<!-- This site is optimized with the Yoast SEO plugin v27.4 - https:\/\/yoast.com\/product\/yoast-seo-wordpress\/ -->\n<title>Fomentan uso de calentador solar -<\/title>\n<meta name=\"description\" content=\"&nbsp; Julio C\u00e9sar Guajardo, director de Operaciones de JJ Materiales Sustentables, asegura que el nuevo sistema es ideal para viviendas econ\u00f3micas\u00a0 M\u00e1s\" \/>\n<meta name=\"robots\" content=\"index, follow, max-snippet:-1, max-image-preview:large, max-video-preview:-1\" \/>\n<link rel=\"canonical\" href=\"https:\/\/centrourbano.com\/revista\/vivienda\/fomentan-uso-de-calentador-solar\/\" \/>\n<meta property=\"og:locale\" content=\"es_ES\" \/>\n<meta property=\"og:type\" content=\"article\" \/>\n<meta property=\"og:title\" content=\"Fomentan uso de calentador solar -\" \/>\n<meta property=\"og:description\" content=\"&nbsp; Julio C\u00e9sar Guajardo, director de Operaciones de JJ Materiales Sustentables, asegura que el nuevo sistema es ideal para viviendas econ\u00f3micas\u00a0 M\u00e1s\" \/>\n<meta property=\"og:url\" content=\"https:\/\/centrourbano.com\/revista\/vivienda\/fomentan-uso-de-calentador-solar\/\" \/>\n<meta property=\"og:site_name\" content=\"Centro Urbano\" \/>\n<meta property=\"article:publisher\" content=\"https:\/\/www.facebook.com\/portalcentrourbano\" \/>\n<meta property=\"article:published_time\" content=\"2014-11-26T15:10:11+00:00\" \/>\n<meta property=\"og:image\" content=\"https:\/\/centrourbano.com\/revista\/wp-content\/uploads\/CU-logo.png\" \/>\n\t<meta property=\"og:image:width\" content=\"350\" \/>\n\t<meta property=\"og:image:height\" content=\"91\" \/>\n\t<meta property=\"og:image:type\" content=\"image\/png\" \/>\n<meta name=\"author\" content=\"Aura Fuentes\" \/>\n<meta name=\"twitter:card\" content=\"summary_large_image\" \/>\n<meta name=\"twitter:creator\" content=\"@CentroUrbano\" \/>\n<meta name=\"twitter:site\" content=\"@CentroUrbano\" \/>\n<meta name=\"twitter:label1\" content=\"Escrito por\" \/>\n\t<meta name=\"twitter:data1\" content=\"Aura Fuentes\" \/>\n\t<meta name=\"twitter:label2\" content=\"Tiempo de lectura\" \/>\n\t<meta name=\"twitter:data2\" content=\"2 minutos\" \/>\n<script type=\"application\/ld+json\" class=\"yoast-schema-graph\">{\"@context\":\"https:\\\/\\\/schema.org\",\"@graph\":[{\"@type\":\"Article\",\"@id\":\"https:\\\/\\\/centrourbano.com\\\/revista\\\/vivienda\\\/fomentan-uso-de-calentador-solar\\\/#article\",\"isPartOf\":{\"@id\":\"https:\\\/\\\/centrourbano.com\\\/revista\\\/vivienda\\\/fomentan-uso-de-calentador-solar\\\/\"},\"author\":{\"name\":\"Aura Fuentes\",\"@id\":\"https:\\\/\\\/centrourbano.com\\\/revista\\\/#\\\/schema\\\/person\\\/756e631daf8400a0026dd8474463803a\"},\"headline\":\"Fomentan uso de calentador solar\",\"datePublished\":\"2014-11-26T15:10:11+00:00\",\"mainEntityOfPage\":{\"@id\":\"https:\\\/\\\/centrourbano.com\\\/revista\\\/vivienda\\\/fomentan-uso-de-calentador-solar\\\/\"},\"wordCount\":433,\"commentCount\":0,\"publisher\":{\"@id\":\"https:\\\/\\\/centrourbano.com\\\/revista\\\/#organization\"},\"keywords\":[\"calentador solar\",\"Hipoteca Verde\",\"JJ Materiales Sustentables\",\"Julio C\u00e9sar Guajardo\"],\"articleSection\":[\"Vivienda\"],\"inLanguage\":\"es\",\"potentialAction\":[{\"@type\":\"CommentAction\",\"name\":\"Comment\",\"target\":[\"https:\\\/\\\/centrourbano.com\\\/revista\\\/vivienda\\\/fomentan-uso-de-calentador-solar\\\/#respond\"]}]},{\"@type\":\"WebPage\",\"@id\":\"https:\\\/\\\/centrourbano.com\\\/revista\\\/vivienda\\\/fomentan-uso-de-calentador-solar\\\/\",\"url\":\"https:\\\/\\\/centrourbano.com\\\/revista\\\/vivienda\\\/fomentan-uso-de-calentador-solar\\\/\",\"name\":\"Fomentan uso de calentador solar -\",\"isPartOf\":{\"@id\":\"https:\\\/\\\/centrourbano.com\\\/revista\\\/#website\"},\"datePublished\":\"2014-11-26T15:10:11+00:00\",\"description\":\"&nbsp; Julio C\u00e9sar Guajardo, director de Operaciones de JJ Materiales Sustentables, asegura que el nuevo sistema es ideal para viviendas econ\u00f3micas\u00a0 M\u00e1s\",\"breadcrumb\":{\"@id\":\"https:\\\/\\\/centrourbano.com\\\/revista\\\/vivienda\\\/fomentan-uso-de-calentador-solar\\\/#breadcrumb\"},\"inLanguage\":\"es\",\"potentialAction\":[{\"@type\":\"ReadAction\",\"target\":[\"https:\\\/\\\/centrourbano.com\\\/revista\\\/vivienda\\\/fomentan-uso-de-calentador-solar\\\/\"]}]},{\"@type\":\"BreadcrumbList\",\"@id\":\"https:\\\/\\\/centrourbano.com\\\/revista\\\/vivienda\\\/fomentan-uso-de-calentador-solar\\\/#breadcrumb\",\"itemListElement\":[{\"@type\":\"ListItem\",\"position\":1,\"name\":\"Portada\",\"item\":\"https:\\\/\\\/centrourbano.com\\\/revista\\\/\"},{\"@type\":\"ListItem\",\"position\":2,\"name\":\"Fomentan uso de calentador solar\"}]},{\"@type\":\"WebSite\",\"@id\":\"https:\\\/\\\/centrourbano.com\\\/revista\\\/#website\",\"url\":\"https:\\\/\\\/centrourbano.com\\\/revista\\\/\",\"name\":\"Centro Urbano\",\"description\":\"Medio especializado en los sectores vivienda, inmobiliario, construcci\u00f3n, arquitectura y urbanismo.\",\"publisher\":{\"@id\":\"https:\\\/\\\/centrourbano.com\\\/revista\\\/#organization\"},\"potentialAction\":[{\"@type\":\"SearchAction\",\"target\":{\"@type\":\"EntryPoint\",\"urlTemplate\":\"https:\\\/\\\/centrourbano.com\\\/revista\\\/?s={search_term_string}\"},\"query-input\":{\"@type\":\"PropertyValueSpecification\",\"valueRequired\":true,\"valueName\":\"search_term_string\"}}],\"inLanguage\":\"es\"},{\"@type\":\"Organization\",\"@id\":\"https:\\\/\\\/centrourbano.com\\\/revista\\\/#organization\",\"name\":\"Centro Urbano\",\"url\":\"https:\\\/\\\/centrourbano.com\\\/revista\\\/\",\"logo\":{\"@type\":\"ImageObject\",\"inLanguage\":\"es\",\"@id\":\"https:\\\/\\\/centrourbano.com\\\/revista\\\/#\\\/schema\\\/logo\\\/image\\\/\",\"url\":\"https:\\\/\\\/centrourbano.com\\\/revista\\\/wp-content\\\/uploads\\\/web_CU_logo-1.png\",\"contentUrl\":\"https:\\\/\\\/centrourbano.com\\\/revista\\\/wp-content\\\/uploads\\\/web_CU_logo-1.png\",\"width\":350,\"height\":91,\"caption\":\"Centro Urbano\"},\"image\":{\"@id\":\"https:\\\/\\\/centrourbano.com\\\/revista\\\/#\\\/schema\\\/logo\\\/image\\\/\"},\"sameAs\":[\"https:\\\/\\\/www.facebook.com\\\/portalcentrourbano\",\"https:\\\/\\\/x.com\\\/CentroUrbano\",\"https:\\\/\\\/www.instagram.com\\\/centro_urbano\\\/\",\"https:\\\/\\\/www.linkedin.com\\\/company\\\/centro-urbano\\\/\",\"http:\\\/\\\/www.youtube.com\\\/user\\\/portalcentrourbano\"]},{\"@type\":\"Person\",\"@id\":\"https:\\\/\\\/centrourbano.com\\\/revista\\\/#\\\/schema\\\/person\\\/756e631daf8400a0026dd8474463803a\",\"name\":\"Aura Fuentes\",\"image\":{\"@type\":\"ImageObject\",\"inLanguage\":\"es\",\"@id\":\"https:\\\/\\\/secure.gravatar.com\\\/avatar\\\/d4d494c7466b3a8e92935aa38a4205c72303f888e06051bec24b2018c769f20a?s=96&d=mm&r=g\",\"url\":\"https:\\\/\\\/secure.gravatar.com\\\/avatar\\\/d4d494c7466b3a8e92935aa38a4205c72303f888e06051bec24b2018c769f20a?s=96&d=mm&r=g\",\"contentUrl\":\"https:\\\/\\\/secure.gravatar.com\\\/avatar\\\/d4d494c7466b3a8e92935aa38a4205c72303f888e06051bec24b2018c769f20a?s=96&d=mm&r=g\",\"caption\":\"Aura Fuentes\"},\"description\":\"Egresada de la carrera de Comunicaci\u00f3n y Periodismo en la FES Arag\u00f3n, UNAM. Aunque se especializ\u00f3 en Televisi\u00f3n prefiere estar detr\u00e1s de una computadora haciendo lo que m\u00e1s le gusta: escribir. Su mayor experiencia como profesionista la obtuvo en Diario de M\u00e9xico Edici\u00f3n USA, donde fungi\u00f3 como coordinadora editorial. Siempre perfeccionista y responsable, ahora se desempe\u00f1a como Editora en Jefe dentro de Centro Urbano.\",\"sameAs\":[\"http:\\\/\\\/@Aura_CU\"],\"url\":\"https:\\\/\\\/centrourbano.com\\\/revista\\\/author\\\/aura-fuentes\\\/\"}]}<\/script>\n<!-- \/ Yoast SEO plugin. -->","yoast_head_json":{"title":"Fomentan uso de calentador solar -","description":"&nbsp; Julio C\u00e9sar Guajardo, director de Operaciones de JJ Materiales Sustentables, asegura que el nuevo sistema es ideal para viviendas econ\u00f3micas\u00a0 M\u00e1s","robots":{"index":"index","follow":"follow","max-snippet":"max-snippet:-1","max-image-preview":"max-image-preview:large","max-video-preview":"max-video-preview:-1"},"canonical":"https:\/\/centrourbano.com\/revista\/vivienda\/fomentan-uso-de-calentador-solar\/","og_locale":"es_ES","og_type":"article","og_title":"Fomentan uso de calentador solar -","og_description":"&nbsp; Julio C\u00e9sar Guajardo, director de Operaciones de JJ Materiales Sustentables, asegura que el nuevo sistema es ideal para viviendas econ\u00f3micas\u00a0 M\u00e1s","og_url":"https:\/\/centrourbano.com\/revista\/vivienda\/fomentan-uso-de-calentador-solar\/","og_site_name":"Centro Urbano","article_publisher":"https:\/\/www.facebook.com\/portalcentrourbano","article_published_time":"2014-11-26T15:10:11+00:00","og_image":[{"width":350,"height":91,"url":"https:\/\/centrourbano.com\/revista\/wp-content\/uploads\/CU-logo.png","type":"image\/png"}],"author":"Aura Fuentes","twitter_card":"summary_large_image","twitter_creator":"@CentroUrbano","twitter_site":"@CentroUrbano","twitter_misc":{"Escrito por":"Aura Fuentes","Tiempo de lectura":"2 minutos"},"schema":{"@context":"https:\/\/schema.org","@graph":[{"@type":"Article","@id":"https:\/\/centrourbano.com\/revista\/vivienda\/fomentan-uso-de-calentador-solar\/#article","isPartOf":{"@id":"https:\/\/centrourbano.com\/revista\/vivienda\/fomentan-uso-de-calentador-solar\/"},"author":{"name":"Aura Fuentes","@id":"https:\/\/centrourbano.com\/revista\/#\/schema\/person\/756e631daf8400a0026dd8474463803a"},"headline":"Fomentan uso de calentador solar","datePublished":"2014-11-26T15:10:11+00:00","mainEntityOfPage":{"@id":"https:\/\/centrourbano.com\/revista\/vivienda\/fomentan-uso-de-calentador-solar\/"},"wordCount":433,"commentCount":0,"publisher":{"@id":"https:\/\/centrourbano.com\/revista\/#organization"},"keywords":["calentador solar","Hipoteca Verde","JJ Materiales Sustentables","Julio C\u00e9sar Guajardo"],"articleSection":["Vivienda"],"inLanguage":"es","potentialAction":[{"@type":"CommentAction","name":"Comment","target":["https:\/\/centrourbano.com\/revista\/vivienda\/fomentan-uso-de-calentador-solar\/#respond"]}]},{"@type":"WebPage","@id":"https:\/\/centrourbano.com\/revista\/vivienda\/fomentan-uso-de-calentador-solar\/","url":"https:\/\/centrourbano.com\/revista\/vivienda\/fomentan-uso-de-calentador-solar\/","name":"Fomentan uso de calentador solar -","isPartOf":{"@id":"https:\/\/centrourbano.com\/revista\/#website"},"datePublished":"2014-11-26T15:10:11+00:00","description":"&nbsp; Julio C\u00e9sar Guajardo, director de Operaciones de JJ Materiales Sustentables, asegura que el nuevo sistema es ideal para viviendas econ\u00f3micas\u00a0 M\u00e1s","breadcrumb":{"@id":"https:\/\/centrourbano.com\/revista\/vivienda\/fomentan-uso-de-calentador-solar\/#breadcrumb"},"inLanguage":"es","potentialAction":[{"@type":"ReadAction","target":["https:\/\/centrourbano.com\/revista\/vivienda\/fomentan-uso-de-calentador-solar\/"]}]},{"@type":"BreadcrumbList","@id":"https:\/\/centrourbano.com\/revista\/vivienda\/fomentan-uso-de-calentador-solar\/#breadcrumb","itemListElement":[{"@type":"ListItem","position":1,"name":"Portada","item":"https:\/\/centrourbano.com\/revista\/"},{"@type":"ListItem","position":2,"name":"Fomentan uso de calentador solar"}]},{"@type":"WebSite","@id":"https:\/\/centrourbano.com\/revista\/#website","url":"https:\/\/centrourbano.com\/revista\/","name":"Centro Urbano","description":"Medio especializado en los sectores vivienda, inmobiliario, construcci\u00f3n, arquitectura y urbanismo.","publisher":{"@id":"https:\/\/centrourbano.com\/revista\/#organization"},"potentialAction":[{"@type":"SearchAction","target":{"@type":"EntryPoint","urlTemplate":"https:\/\/centrourbano.com\/revista\/?s={search_term_string}"},"query-input":{"@type":"PropertyValueSpecification","valueRequired":true,"valueName":"search_term_string"}}],"inLanguage":"es"},{"@type":"Organization","@id":"https:\/\/centrourbano.com\/revista\/#organization","name":"Centro Urbano","url":"https:\/\/centrourbano.com\/revista\/","logo":{"@type":"ImageObject","inLanguage":"es","@id":"https:\/\/centrourbano.com\/revista\/#\/schema\/logo\/image\/","url":"https:\/\/centrourbano.com\/revista\/wp-content\/uploads\/web_CU_logo-1.png","contentUrl":"https:\/\/centrourbano.com\/revista\/wp-content\/uploads\/web_CU_logo-1.png","width":350,"height":91,"caption":"Centro Urbano"},"image":{"@id":"https:\/\/centrourbano.com\/revista\/#\/schema\/logo\/image\/"},"sameAs":["https:\/\/www.facebook.com\/portalcentrourbano","https:\/\/x.com\/CentroUrbano","https:\/\/www.instagram.com\/centro_urbano\/","https:\/\/www.linkedin.com\/company\/centro-urbano\/","http:\/\/www.youtube.com\/user\/portalcentrourbano"]},{"@type":"Person","@id":"https:\/\/centrourbano.com\/revista\/#\/schema\/person\/756e631daf8400a0026dd8474463803a","name":"Aura Fuentes","image":{"@type":"ImageObject","inLanguage":"es","@id":"https:\/\/secure.gravatar.com\/avatar\/d4d494c7466b3a8e92935aa38a4205c72303f888e06051bec24b2018c769f20a?s=96&d=mm&r=g","url":"https:\/\/secure.gravatar.com\/avatar\/d4d494c7466b3a8e92935aa38a4205c72303f888e06051bec24b2018c769f20a?s=96&d=mm&r=g","contentUrl":"https:\/\/secure.gravatar.com\/avatar\/d4d494c7466b3a8e92935aa38a4205c72303f888e06051bec24b2018c769f20a?s=96&d=mm&r=g","caption":"Aura Fuentes"},"description":"Egresada de la carrera de Comunicaci\u00f3n y Periodismo en la FES Arag\u00f3n, UNAM. Aunque se especializ\u00f3 en Televisi\u00f3n prefiere estar detr\u00e1s de una computadora haciendo lo que m\u00e1s le gusta: escribir. Su mayor experiencia como profesionista la obtuvo en Diario de M\u00e9xico Edici\u00f3n USA, donde fungi\u00f3 como coordinadora editorial. Siempre perfeccionista y responsable, ahora se desempe\u00f1a como Editora en Jefe dentro de Centro Urbano.","sameAs":["http:\/\/@Aura_CU"],"url":"https:\/\/centrourbano.com\/revista\/author\/aura-fuentes\/"}]}},"_links":{"self":[{"href":"https:\/\/centrourbano.com\/revista\/wp-json\/wp\/v2\/posts\/12938","targetHints":{"allow":["GET"]}}],"collection":[{"href":"https:\/\/centrourbano.com\/revista\/wp-json\/wp\/v2\/posts"}],"about":[{"href":"https:\/\/centrourbano.com\/revista\/wp-json\/wp\/v2\/types\/post"}],"author":[{"embeddable":true,"href":"https:\/\/centrourbano.com\/revista\/wp-json\/wp\/v2\/users\/5"}],"replies":[{"embeddable":true,"href":"https:\/\/centrourbano.com\/revista\/wp-json\/wp\/v2\/comments?post=12938"}],"version-history":[{"count":0,"href":"https:\/\/centrourbano.com\/revista\/wp-json\/wp\/v2\/posts\/12938\/revisions"}],"wp:attachment":[{"href":"https:\/\/centrourbano.com\/revista\/wp-json\/wp\/v2\/media?parent=12938"}],"wp:term":[{"taxonomy":"category","embeddable":true,"href":"https:\/\/centrourbano.com\/revista\/wp-json\/wp\/v2\/categories?post=12938"},{"taxonomy":"post_tag","embeddable":true,"href":"https:\/\/centrourbano.com\/revista\/wp-json\/wp\/v2\/tags?post=12938"}],"curies":[{"name":"wp","href":"https:\/\/api.w.org\/{rel}","templated":true}]}}