{"id":129371,"date":"2022-04-20T08:00:40","date_gmt":"2022-04-20T13:00:40","guid":{"rendered":"https:\/\/centrourbano.com\/?p=129371"},"modified":"2022-04-20T10:10:41","modified_gmt":"2022-04-20T15:10:41","slug":"cancun-se-posiciona-como-uno-de-los-destinos-preferidos-para-2022","status":"publish","type":"post","link":"https:\/\/centrourbano.com\/revista\/sin-categoria\/cancun-se-posiciona-como-uno-de-los-destinos-preferidos-para-2022\/","title":{"rendered":"Canc\u00fan se posiciona como uno de los destinos preferidos para 2022"},"content":{"rendered":"<p><i><span style=\"font-weight: 400;\">Para los estadounidenses, Canc\u00fan se posicion\u00f3 en primer lugar en el top 10 de destinos tur\u00edsticos para este verano<!--more--><\/span><\/i><\/p>\n<p><span style=\"font-weight: 400;\">De acuerdo con datos proporcionados por <a href=\"https:\/\/www.allianz-partners.com\/es_MX.html\" target=\"_blank\" rel=\"noopener\">Allianz Partners<\/a>, la empresa de asistencia que abarca el sector tur\u00edstico, <strong>Canc\u00fan<\/strong> lidera el top 10 de destinos internacionales desde E.U.A. La ciudad se encuentra arriba de <strong>San Jos\u00e9 del Cabo<\/strong>,<strong> Aruba, Montego Bay<\/strong>,<strong> Punta Cana<\/strong>, <strong>Bahamas<\/strong>,<strong> Turks and Caicos<\/strong>,<strong> Islas V\u00edrgenes<\/strong> y<strong> Costa Rica<\/strong>. Estos destinos son los que tendr\u00e1n m\u00e1s demanda de turistas para el verano.<\/span><\/p>\n<p><span style=\"font-weight: 400;\">Una de las razones por las cuales Canc\u00fan fue elegido como el destino preferido es por la<strong> tendencia de menos vuelos a larga distancia<\/strong> por las restricciones de la pandemia. Adem\u00e1s de ser\u00a0 considerada una de las <strong>joyas del caribe mexicano<\/strong>, Canc\u00fan cuenta con una <strong>gran oferta tur\u00edstica<\/strong>.<\/span><\/p>\n<p><span style=\"font-weight: 400;\">Cabe se\u00f1alar que en esta temporada de Semana Santa, registr\u00f3\u00a0<strong>36% m\u00e1s ocupaci\u00f3n<\/strong>, esto en comparaci\u00f3n del a\u00f1o pasado. En consecuencia, para lo que resta del 2022, se tiene previstas <strong>mejores proyecciones<\/strong>.<\/span><\/p>\n<p style=\"text-align: center;\"><strong><em>Te puede interesar: <a href=\"https:\/\/centrourbano.com\/actualidad\/visitantes-internacionales-sectur\/\" target=\"_blank\" rel=\"noopener\">Ingresan al pa\u00eds 9.2 millones de visitantes internacionales: Sectur<\/a><\/em><\/strong><\/p>\n<h2><span style=\"font-weight: 400;\">Acciones del Gobierno de Quintana Roo<\/span><\/h2>\n<p><span style=\"font-weight: 400;\">El gobierno de la entidad se ha dedicado a la <strong>labor de promoci\u00f3n<\/strong> y <strong>percepci\u00f3n de seguridad sanitaria<\/strong> entre los mercados internacionales. Pues para Quintana Roo, la <strong>conectividad<\/strong> fue un elemento fundamental para enlazar a la entidad con m\u00e1s de <strong>100 ciudades del mundo<\/strong> en 2021.<\/span><\/p>\n<p><span style=\"font-weight: 400;\">Por su parte, la <strong>Secretar\u00eda Estatal de Turismo<\/strong> lanz\u00f3 a inicios de a\u00f1o la <strong>Certificaci\u00f3n en Protecci\u00f3n y Prevenci\u00f3n Sanitaria en Instalaciones Tur\u00edsticas (CPPSIT)<\/strong>. Gracias a ella, los establecimientos y prestadores de servicios podr\u00e1n obtener el <strong>Sello Safe Travel<\/strong> del Consejo Mundial de Viajes (WTTC). Este sello se cre\u00f3 para <strong>garantizar la seguridad e higiene<\/strong> en viajes tur\u00edsticos enfocado espec\u00edficamente en el COVID-19 y brotes parecidos.<\/span><\/p>\n<p><span style=\"font-weight: 400;\">Para la industria tur\u00edstica de Canc\u00fan esto significa un <strong>mayor crecimiento econ\u00f3mico<\/strong>, <strong>generaci\u00f3n de empleo<\/strong> y <strong>mejor nivel de vida<\/strong> para los quintanarroenses.<\/span><\/p>\n","protected":false},"excerpt":{"rendered":"<p>Para los estadounidenses, Canc\u00fan se posicion\u00f3 en primer lugar en el top 10 de destinos tur\u00edsticos para este verano<\/p>\n","protected":false},"author":84,"featured_media":129372,"comment_status":"open","ping_status":"closed","sticky":false,"template":"","format":"standard","meta":{"om_disable_all_campaigns":false,"inline_featured_image":false,"_monsterinsights_skip_tracking":false,"_monsterinsights_sitenote_active":false,"_monsterinsights_sitenote_note":"","_monsterinsights_sitenote_category":0,"footnotes":""},"categories":[1],"tags":[],"class_list":["post-129371","post","type-post","status-publish","format-standard","has-post-thumbnail","hentry","category-sin-categoria"],"yoast_head":"<!-- This site is optimized with the Yoast SEO plugin v27.4 - https:\/\/yoast.com\/product\/yoast-seo-wordpress\/ -->\n<title>Canc\u00fan se posiciona como uno de los destinos preferidos para 2022<\/title>\n<meta name=\"description\" content=\"Para los estadounidenses, Canc\u00fan se posicion\u00f3 en primer lugar en el top 10 de destinos tur\u00edsticos para este verano\" \/>\n<meta name=\"robots\" content=\"index, follow, max-snippet:-1, max-image-preview:large, max-video-preview:-1\" \/>\n<link rel=\"canonical\" href=\"https:\/\/centrourbano.com\/revista\/sin-categoria\/cancun-se-posiciona-como-uno-de-los-destinos-preferidos-para-2022\/\" \/>\n<meta property=\"og:locale\" content=\"es_ES\" \/>\n<meta property=\"og:type\" content=\"article\" \/>\n<meta property=\"og:title\" content=\"Canc\u00fan se posiciona como uno de los destinos preferidos para 2022\" \/>\n<meta property=\"og:description\" content=\"Para los estadounidenses, Canc\u00fan se posicion\u00f3 en primer lugar en el top 10 de destinos tur\u00edsticos para este verano\" \/>\n<meta property=\"og:url\" content=\"https:\/\/centrourbano.com\/revista\/sin-categoria\/cancun-se-posiciona-como-uno-de-los-destinos-preferidos-para-2022\/\" \/>\n<meta property=\"og:site_name\" content=\"Centro Urbano\" \/>\n<meta property=\"article:publisher\" content=\"https:\/\/www.facebook.com\/portalcentrourbano\" \/>\n<meta property=\"article:published_time\" content=\"2022-04-20T13:00:40+00:00\" \/>\n<meta property=\"article:modified_time\" content=\"2022-04-20T15:10:41+00:00\" \/>\n<meta property=\"og:image\" content=\"https:\/\/centrourbano.com\/revista\/wp-content\/uploads\/destinos2.jpg\" \/>\n\t<meta property=\"og:image:width\" content=\"1280\" \/>\n\t<meta property=\"og:image:height\" content=\"668\" \/>\n\t<meta property=\"og:image:type\" content=\"image\/jpeg\" \/>\n<meta name=\"author\" content=\"Yannina Leyte Altamirano\" \/>\n<meta name=\"twitter:card\" content=\"summary_large_image\" \/>\n<meta name=\"twitter:creator\" content=\"@CentroUrbano\" \/>\n<meta name=\"twitter:site\" content=\"@CentroUrbano\" \/>\n<meta name=\"twitter:label1\" content=\"Escrito por\" \/>\n\t<meta name=\"twitter:data1\" content=\"Yannina Leyte Altamirano\" \/>\n\t<meta name=\"twitter:label2\" content=\"Tiempo de lectura\" \/>\n\t<meta name=\"twitter:data2\" content=\"2 minutos\" \/>\n<script type=\"application\/ld+json\" class=\"yoast-schema-graph\">{\"@context\":\"https:\\\/\\\/schema.org\",\"@graph\":[{\"@type\":\"Article\",\"@id\":\"https:\\\/\\\/centrourbano.com\\\/revista\\\/sin-categoria\\\/cancun-se-posiciona-como-uno-de-los-destinos-preferidos-para-2022\\\/#article\",\"isPartOf\":{\"@id\":\"https:\\\/\\\/centrourbano.com\\\/revista\\\/sin-categoria\\\/cancun-se-posiciona-como-uno-de-los-destinos-preferidos-para-2022\\\/\"},\"author\":{\"name\":\"Yannina Leyte Altamirano\",\"@id\":\"https:\\\/\\\/centrourbano.com\\\/revista\\\/#\\\/schema\\\/person\\\/11a47a8bf159cccc4ec753b3178fc3c1\"},\"headline\":\"Canc\u00fan se posiciona como uno de los destinos preferidos para 2022\",\"datePublished\":\"2022-04-20T13:00:40+00:00\",\"dateModified\":\"2022-04-20T15:10:41+00:00\",\"mainEntityOfPage\":{\"@id\":\"https:\\\/\\\/centrourbano.com\\\/revista\\\/sin-categoria\\\/cancun-se-posiciona-como-uno-de-los-destinos-preferidos-para-2022\\\/\"},\"wordCount\":355,\"commentCount\":0,\"publisher\":{\"@id\":\"https:\\\/\\\/centrourbano.com\\\/revista\\\/#organization\"},\"image\":{\"@id\":\"https:\\\/\\\/centrourbano.com\\\/revista\\\/sin-categoria\\\/cancun-se-posiciona-como-uno-de-los-destinos-preferidos-para-2022\\\/#primaryimage\"},\"thumbnailUrl\":\"https:\\\/\\\/centrourbano.com\\\/revista\\\/wp-content\\\/uploads\\\/destinos2.jpg\",\"inLanguage\":\"es\",\"potentialAction\":[{\"@type\":\"CommentAction\",\"name\":\"Comment\",\"target\":[\"https:\\\/\\\/centrourbano.com\\\/revista\\\/sin-categoria\\\/cancun-se-posiciona-como-uno-de-los-destinos-preferidos-para-2022\\\/#respond\"]}]},{\"@type\":\"WebPage\",\"@id\":\"https:\\\/\\\/centrourbano.com\\\/revista\\\/sin-categoria\\\/cancun-se-posiciona-como-uno-de-los-destinos-preferidos-para-2022\\\/\",\"url\":\"https:\\\/\\\/centrourbano.com\\\/revista\\\/sin-categoria\\\/cancun-se-posiciona-como-uno-de-los-destinos-preferidos-para-2022\\\/\",\"name\":\"Canc\u00fan se posiciona como uno de los destinos preferidos para 2022\",\"isPartOf\":{\"@id\":\"https:\\\/\\\/centrourbano.com\\\/revista\\\/#website\"},\"primaryImageOfPage\":{\"@id\":\"https:\\\/\\\/centrourbano.com\\\/revista\\\/sin-categoria\\\/cancun-se-posiciona-como-uno-de-los-destinos-preferidos-para-2022\\\/#primaryimage\"},\"image\":{\"@id\":\"https:\\\/\\\/centrourbano.com\\\/revista\\\/sin-categoria\\\/cancun-se-posiciona-como-uno-de-los-destinos-preferidos-para-2022\\\/#primaryimage\"},\"thumbnailUrl\":\"https:\\\/\\\/centrourbano.com\\\/revista\\\/wp-content\\\/uploads\\\/destinos2.jpg\",\"datePublished\":\"2022-04-20T13:00:40+00:00\",\"dateModified\":\"2022-04-20T15:10:41+00:00\",\"description\":\"Para los estadounidenses, Canc\u00fan se posicion\u00f3 en primer lugar en el top 10 de destinos tur\u00edsticos para este verano\",\"breadcrumb\":{\"@id\":\"https:\\\/\\\/centrourbano.com\\\/revista\\\/sin-categoria\\\/cancun-se-posiciona-como-uno-de-los-destinos-preferidos-para-2022\\\/#breadcrumb\"},\"inLanguage\":\"es\",\"potentialAction\":[{\"@type\":\"ReadAction\",\"target\":[\"https:\\\/\\\/centrourbano.com\\\/revista\\\/sin-categoria\\\/cancun-se-posiciona-como-uno-de-los-destinos-preferidos-para-2022\\\/\"]}]},{\"@type\":\"ImageObject\",\"inLanguage\":\"es\",\"@id\":\"https:\\\/\\\/centrourbano.com\\\/revista\\\/sin-categoria\\\/cancun-se-posiciona-como-uno-de-los-destinos-preferidos-para-2022\\\/#primaryimage\",\"url\":\"https:\\\/\\\/centrourbano.com\\\/revista\\\/wp-content\\\/uploads\\\/destinos2.jpg\",\"contentUrl\":\"https:\\\/\\\/centrourbano.com\\\/revista\\\/wp-content\\\/uploads\\\/destinos2.jpg\",\"width\":1280,\"height\":668},{\"@type\":\"BreadcrumbList\",\"@id\":\"https:\\\/\\\/centrourbano.com\\\/revista\\\/sin-categoria\\\/cancun-se-posiciona-como-uno-de-los-destinos-preferidos-para-2022\\\/#breadcrumb\",\"itemListElement\":[{\"@type\":\"ListItem\",\"position\":1,\"name\":\"Portada\",\"item\":\"https:\\\/\\\/centrourbano.com\\\/revista\\\/\"},{\"@type\":\"ListItem\",\"position\":2,\"name\":\"Canc\u00fan se posiciona como uno de los destinos preferidos para 2022\"}]},{\"@type\":\"WebSite\",\"@id\":\"https:\\\/\\\/centrourbano.com\\\/revista\\\/#website\",\"url\":\"https:\\\/\\\/centrourbano.com\\\/revista\\\/\",\"name\":\"Centro Urbano\",\"description\":\"Medio especializado en los sectores vivienda, inmobiliario, construcci\u00f3n, arquitectura y urbanismo.\",\"publisher\":{\"@id\":\"https:\\\/\\\/centrourbano.com\\\/revista\\\/#organization\"},\"potentialAction\":[{\"@type\":\"SearchAction\",\"target\":{\"@type\":\"EntryPoint\",\"urlTemplate\":\"https:\\\/\\\/centrourbano.com\\\/revista\\\/?s={search_term_string}\"},\"query-input\":{\"@type\":\"PropertyValueSpecification\",\"valueRequired\":true,\"valueName\":\"search_term_string\"}}],\"inLanguage\":\"es\"},{\"@type\":\"Organization\",\"@id\":\"https:\\\/\\\/centrourbano.com\\\/revista\\\/#organization\",\"name\":\"Centro Urbano\",\"url\":\"https:\\\/\\\/centrourbano.com\\\/revista\\\/\",\"logo\":{\"@type\":\"ImageObject\",\"inLanguage\":\"es\",\"@id\":\"https:\\\/\\\/centrourbano.com\\\/revista\\\/#\\\/schema\\\/logo\\\/image\\\/\",\"url\":\"https:\\\/\\\/centrourbano.com\\\/revista\\\/wp-content\\\/uploads\\\/web_CU_logo-1.png\",\"contentUrl\":\"https:\\\/\\\/centrourbano.com\\\/revista\\\/wp-content\\\/uploads\\\/web_CU_logo-1.png\",\"width\":350,\"height\":91,\"caption\":\"Centro Urbano\"},\"image\":{\"@id\":\"https:\\\/\\\/centrourbano.com\\\/revista\\\/#\\\/schema\\\/logo\\\/image\\\/\"},\"sameAs\":[\"https:\\\/\\\/www.facebook.com\\\/portalcentrourbano\",\"https:\\\/\\\/x.com\\\/CentroUrbano\",\"https:\\\/\\\/www.instagram.com\\\/centro_urbano\\\/\",\"https:\\\/\\\/www.linkedin.com\\\/company\\\/centro-urbano\\\/\",\"http:\\\/\\\/www.youtube.com\\\/user\\\/portalcentrourbano\"]},{\"@type\":\"Person\",\"@id\":\"https:\\\/\\\/centrourbano.com\\\/revista\\\/#\\\/schema\\\/person\\\/11a47a8bf159cccc4ec753b3178fc3c1\",\"name\":\"Yannina Leyte Altamirano\",\"image\":{\"@type\":\"ImageObject\",\"inLanguage\":\"es\",\"@id\":\"https:\\\/\\\/secure.gravatar.com\\\/avatar\\\/7f2c0653e73e091d9d871401d46369257533876badb5e2ef365551fc11db5fb5?s=96&d=mm&r=g\",\"url\":\"https:\\\/\\\/secure.gravatar.com\\\/avatar\\\/7f2c0653e73e091d9d871401d46369257533876badb5e2ef365551fc11db5fb5?s=96&d=mm&r=g\",\"contentUrl\":\"https:\\\/\\\/secure.gravatar.com\\\/avatar\\\/7f2c0653e73e091d9d871401d46369257533876badb5e2ef365551fc11db5fb5?s=96&d=mm&r=g\",\"caption\":\"Yannina Leyte Altamirano\"},\"url\":\"https:\\\/\\\/centrourbano.com\\\/revista\\\/author\\\/yannina-leyte\\\/\"}]}<\/script>\n<!-- \/ Yoast SEO plugin. -->","yoast_head_json":{"title":"Canc\u00fan se posiciona como uno de los destinos preferidos para 2022","description":"Para los estadounidenses, Canc\u00fan se posicion\u00f3 en primer lugar en el top 10 de destinos tur\u00edsticos para este verano","robots":{"index":"index","follow":"follow","max-snippet":"max-snippet:-1","max-image-preview":"max-image-preview:large","max-video-preview":"max-video-preview:-1"},"canonical":"https:\/\/centrourbano.com\/revista\/sin-categoria\/cancun-se-posiciona-como-uno-de-los-destinos-preferidos-para-2022\/","og_locale":"es_ES","og_type":"article","og_title":"Canc\u00fan se posiciona como uno de los destinos preferidos para 2022","og_description":"Para los estadounidenses, Canc\u00fan se posicion\u00f3 en primer lugar en el top 10 de destinos tur\u00edsticos para este verano","og_url":"https:\/\/centrourbano.com\/revista\/sin-categoria\/cancun-se-posiciona-como-uno-de-los-destinos-preferidos-para-2022\/","og_site_name":"Centro Urbano","article_publisher":"https:\/\/www.facebook.com\/portalcentrourbano","article_published_time":"2022-04-20T13:00:40+00:00","article_modified_time":"2022-04-20T15:10:41+00:00","og_image":[{"width":1280,"height":668,"url":"https:\/\/centrourbano.com\/revista\/wp-content\/uploads\/destinos2.jpg","type":"image\/jpeg"}],"author":"Yannina Leyte Altamirano","twitter_card":"summary_large_image","twitter_creator":"@CentroUrbano","twitter_site":"@CentroUrbano","twitter_misc":{"Escrito por":"Yannina Leyte Altamirano","Tiempo de lectura":"2 minutos"},"schema":{"@context":"https:\/\/schema.org","@graph":[{"@type":"Article","@id":"https:\/\/centrourbano.com\/revista\/sin-categoria\/cancun-se-posiciona-como-uno-de-los-destinos-preferidos-para-2022\/#article","isPartOf":{"@id":"https:\/\/centrourbano.com\/revista\/sin-categoria\/cancun-se-posiciona-como-uno-de-los-destinos-preferidos-para-2022\/"},"author":{"name":"Yannina Leyte Altamirano","@id":"https:\/\/centrourbano.com\/revista\/#\/schema\/person\/11a47a8bf159cccc4ec753b3178fc3c1"},"headline":"Canc\u00fan se posiciona como uno de los destinos preferidos para 2022","datePublished":"2022-04-20T13:00:40+00:00","dateModified":"2022-04-20T15:10:41+00:00","mainEntityOfPage":{"@id":"https:\/\/centrourbano.com\/revista\/sin-categoria\/cancun-se-posiciona-como-uno-de-los-destinos-preferidos-para-2022\/"},"wordCount":355,"commentCount":0,"publisher":{"@id":"https:\/\/centrourbano.com\/revista\/#organization"},"image":{"@id":"https:\/\/centrourbano.com\/revista\/sin-categoria\/cancun-se-posiciona-como-uno-de-los-destinos-preferidos-para-2022\/#primaryimage"},"thumbnailUrl":"https:\/\/centrourbano.com\/revista\/wp-content\/uploads\/destinos2.jpg","inLanguage":"es","potentialAction":[{"@type":"CommentAction","name":"Comment","target":["https:\/\/centrourbano.com\/revista\/sin-categoria\/cancun-se-posiciona-como-uno-de-los-destinos-preferidos-para-2022\/#respond"]}]},{"@type":"WebPage","@id":"https:\/\/centrourbano.com\/revista\/sin-categoria\/cancun-se-posiciona-como-uno-de-los-destinos-preferidos-para-2022\/","url":"https:\/\/centrourbano.com\/revista\/sin-categoria\/cancun-se-posiciona-como-uno-de-los-destinos-preferidos-para-2022\/","name":"Canc\u00fan se posiciona como uno de los destinos preferidos para 2022","isPartOf":{"@id":"https:\/\/centrourbano.com\/revista\/#website"},"primaryImageOfPage":{"@id":"https:\/\/centrourbano.com\/revista\/sin-categoria\/cancun-se-posiciona-como-uno-de-los-destinos-preferidos-para-2022\/#primaryimage"},"image":{"@id":"https:\/\/centrourbano.com\/revista\/sin-categoria\/cancun-se-posiciona-como-uno-de-los-destinos-preferidos-para-2022\/#primaryimage"},"thumbnailUrl":"https:\/\/centrourbano.com\/revista\/wp-content\/uploads\/destinos2.jpg","datePublished":"2022-04-20T13:00:40+00:00","dateModified":"2022-04-20T15:10:41+00:00","description":"Para los estadounidenses, Canc\u00fan se posicion\u00f3 en primer lugar en el top 10 de destinos tur\u00edsticos para este verano","breadcrumb":{"@id":"https:\/\/centrourbano.com\/revista\/sin-categoria\/cancun-se-posiciona-como-uno-de-los-destinos-preferidos-para-2022\/#breadcrumb"},"inLanguage":"es","potentialAction":[{"@type":"ReadAction","target":["https:\/\/centrourbano.com\/revista\/sin-categoria\/cancun-se-posiciona-como-uno-de-los-destinos-preferidos-para-2022\/"]}]},{"@type":"ImageObject","inLanguage":"es","@id":"https:\/\/centrourbano.com\/revista\/sin-categoria\/cancun-se-posiciona-como-uno-de-los-destinos-preferidos-para-2022\/#primaryimage","url":"https:\/\/centrourbano.com\/revista\/wp-content\/uploads\/destinos2.jpg","contentUrl":"https:\/\/centrourbano.com\/revista\/wp-content\/uploads\/destinos2.jpg","width":1280,"height":668},{"@type":"BreadcrumbList","@id":"https:\/\/centrourbano.com\/revista\/sin-categoria\/cancun-se-posiciona-como-uno-de-los-destinos-preferidos-para-2022\/#breadcrumb","itemListElement":[{"@type":"ListItem","position":1,"name":"Portada","item":"https:\/\/centrourbano.com\/revista\/"},{"@type":"ListItem","position":2,"name":"Canc\u00fan se posiciona como uno de los destinos preferidos para 2022"}]},{"@type":"WebSite","@id":"https:\/\/centrourbano.com\/revista\/#website","url":"https:\/\/centrourbano.com\/revista\/","name":"Centro Urbano","description":"Medio especializado en los sectores vivienda, inmobiliario, construcci\u00f3n, arquitectura y urbanismo.","publisher":{"@id":"https:\/\/centrourbano.com\/revista\/#organization"},"potentialAction":[{"@type":"SearchAction","target":{"@type":"EntryPoint","urlTemplate":"https:\/\/centrourbano.com\/revista\/?s={search_term_string}"},"query-input":{"@type":"PropertyValueSpecification","valueRequired":true,"valueName":"search_term_string"}}],"inLanguage":"es"},{"@type":"Organization","@id":"https:\/\/centrourbano.com\/revista\/#organization","name":"Centro Urbano","url":"https:\/\/centrourbano.com\/revista\/","logo":{"@type":"ImageObject","inLanguage":"es","@id":"https:\/\/centrourbano.com\/revista\/#\/schema\/logo\/image\/","url":"https:\/\/centrourbano.com\/revista\/wp-content\/uploads\/web_CU_logo-1.png","contentUrl":"https:\/\/centrourbano.com\/revista\/wp-content\/uploads\/web_CU_logo-1.png","width":350,"height":91,"caption":"Centro Urbano"},"image":{"@id":"https:\/\/centrourbano.com\/revista\/#\/schema\/logo\/image\/"},"sameAs":["https:\/\/www.facebook.com\/portalcentrourbano","https:\/\/x.com\/CentroUrbano","https:\/\/www.instagram.com\/centro_urbano\/","https:\/\/www.linkedin.com\/company\/centro-urbano\/","http:\/\/www.youtube.com\/user\/portalcentrourbano"]},{"@type":"Person","@id":"https:\/\/centrourbano.com\/revista\/#\/schema\/person\/11a47a8bf159cccc4ec753b3178fc3c1","name":"Yannina Leyte Altamirano","image":{"@type":"ImageObject","inLanguage":"es","@id":"https:\/\/secure.gravatar.com\/avatar\/7f2c0653e73e091d9d871401d46369257533876badb5e2ef365551fc11db5fb5?s=96&d=mm&r=g","url":"https:\/\/secure.gravatar.com\/avatar\/7f2c0653e73e091d9d871401d46369257533876badb5e2ef365551fc11db5fb5?s=96&d=mm&r=g","contentUrl":"https:\/\/secure.gravatar.com\/avatar\/7f2c0653e73e091d9d871401d46369257533876badb5e2ef365551fc11db5fb5?s=96&d=mm&r=g","caption":"Yannina Leyte Altamirano"},"url":"https:\/\/centrourbano.com\/revista\/author\/yannina-leyte\/"}]}},"_links":{"self":[{"href":"https:\/\/centrourbano.com\/revista\/wp-json\/wp\/v2\/posts\/129371","targetHints":{"allow":["GET"]}}],"collection":[{"href":"https:\/\/centrourbano.com\/revista\/wp-json\/wp\/v2\/posts"}],"about":[{"href":"https:\/\/centrourbano.com\/revista\/wp-json\/wp\/v2\/types\/post"}],"author":[{"embeddable":true,"href":"https:\/\/centrourbano.com\/revista\/wp-json\/wp\/v2\/users\/84"}],"replies":[{"embeddable":true,"href":"https:\/\/centrourbano.com\/revista\/wp-json\/wp\/v2\/comments?post=129371"}],"version-history":[{"count":3,"href":"https:\/\/centrourbano.com\/revista\/wp-json\/wp\/v2\/posts\/129371\/revisions"}],"predecessor-version":[{"id":129390,"href":"https:\/\/centrourbano.com\/revista\/wp-json\/wp\/v2\/posts\/129371\/revisions\/129390"}],"wp:featuredmedia":[{"embeddable":true,"href":"https:\/\/centrourbano.com\/revista\/wp-json\/wp\/v2\/media\/129372"}],"wp:attachment":[{"href":"https:\/\/centrourbano.com\/revista\/wp-json\/wp\/v2\/media?parent=129371"}],"wp:term":[{"taxonomy":"category","embeddable":true,"href":"https:\/\/centrourbano.com\/revista\/wp-json\/wp\/v2\/categories?post=129371"},{"taxonomy":"post_tag","embeddable":true,"href":"https:\/\/centrourbano.com\/revista\/wp-json\/wp\/v2\/tags?post=129371"}],"curies":[{"name":"wp","href":"https:\/\/api.w.org\/{rel}","templated":true}]}}