{"id":129293,"date":"2022-04-18T13:30:05","date_gmt":"2022-04-18T18:30:05","guid":{"rendered":"https:\/\/centrourbano.com\/?p=129293"},"modified":"2022-04-18T13:52:59","modified_gmt":"2022-04-18T18:52:59","slug":"jose-cornejo-nuevo-director-general-del-ruv","status":"publish","type":"post","link":"https:\/\/centrourbano.com\/revista\/vivienda\/jose-cornejo-nuevo-director-general-del-ruv\/","title":{"rendered":"Jos\u00e9 Cornejo, nuevo director general del RUV"},"content":{"rendered":"<p><em>El nuevo titular del RUV es economista, con un posgrado en la Universidad Torcuato Di Tella de Argentina<\/em><!--more--><\/p>\n<p>El <a href=\"https:\/\/twitter.com\/RUV_Mex\" target=\"_blank\" rel=\"noopener\">Registr\u00f3 \u00danico de Vivienda<\/a> (RUV) tiene nuevo Director General. Se trata de\u00a0Jos\u00e9 Z\u00e9 Gerardo Cornejo Ni\u00f1o, que llega al relevo de <a href=\"https:\/\/centrourbano.com\/vivienda\/nombran-a-abril-munoz-como-directora-general-del-ruv\/\" target=\"_blank\" rel=\"noopener\">Abril Mu\u00f1oz<\/a>, quien se desempe\u00f1aba en el cargo desde julio de 2020.<\/p>\n<p>El Nuevo Director General del RUV es economista egresado de la Universidad Aut\u00f3noma de Nuevo Le\u00f3n (UANL), en donde tambi\u00e9n curs\u00f3 la licenciatura en Derecho. Cuenta con una maestr\u00eda en Econom\u00eda por el Colegio de M\u00e9xico, adem\u00e1s de un posgrado en Econom\u00eda por la Universidad Torcuato Di Tella de Argentina.<\/p>\n<p>En su trayectoria se destaca su paso como Subdirector General de Administraci\u00f3n y Comercial en el Instituto del Fondo Nacional para el Consumo de los Trabajadores (Fonacot). Tambi\u00e9n ha fungido como asesor legislativo y encargado de la Jefatura de Recursos Financieros, del Organismo de Cuenca R\u00edo Bravo de la Conagua.<\/p>\n<p>Cabe destacar que con este, se concreta el segundo releveo en la Direcci\u00f3n General del RUV durante la actual administraci\u00f3n. Y es que, Tonatiuh Meaney Su\u00e1rez lleg\u00f3 al RUV en enero de 2019, quien fue relevado por Abril Mu\u00f1oz.<\/p>\n","protected":false},"excerpt":{"rendered":"<p>El nuevo titular del RUV es economista, con un posgrado en la Universidad Torcuato Di Tella de Argentina<\/p>\n","protected":false},"author":14,"featured_media":129294,"comment_status":"open","ping_status":"closed","sticky":false,"template":"","format":"standard","meta":{"om_disable_all_campaigns":false,"inline_featured_image":false,"_monsterinsights_skip_tracking":false,"_monsterinsights_sitenote_active":false,"_monsterinsights_sitenote_note":"","_monsterinsights_sitenote_category":0,"footnotes":""},"categories":[12],"tags":[21659,1508,104],"class_list":["post-129293","post","type-post","status-publish","format-standard","has-post-thumbnail","hentry","category-vivienda","tag-jose-cornejo","tag-registro-unico-de-vivienda","tag-ruv"],"yoast_head":"<!-- This site is optimized with the Yoast SEO plugin v27.5 - https:\/\/yoast.com\/product\/yoast-seo-wordpress\/ -->\n<title>Jos\u00e9 Cornejo, nuevo director general del RUV<\/title>\n<meta name=\"description\" content=\"El nuevo titular del RUV es economista, con un posgrado en la Universidad Torcuato Di Tella de Argentina...Jos\u00e9 Cornejo, nuevo director gene\" \/>\n<meta name=\"robots\" content=\"index, follow, max-snippet:-1, max-image-preview:large, max-video-preview:-1\" \/>\n<link rel=\"canonical\" href=\"https:\/\/centrourbano.com\/revista\/vivienda\/jose-cornejo-nuevo-director-general-del-ruv\/\" \/>\n<meta property=\"og:locale\" content=\"es_ES\" \/>\n<meta property=\"og:type\" content=\"article\" \/>\n<meta property=\"og:title\" content=\"Jos\u00e9 Cornejo, nuevo director general del RUV\" \/>\n<meta property=\"og:description\" content=\"El nuevo titular del RUV es economista, con un posgrado en la Universidad Torcuato Di Tella de Argentina...Jos\u00e9 Cornejo, nuevo director gene\" \/>\n<meta property=\"og:url\" content=\"https:\/\/centrourbano.com\/revista\/vivienda\/jose-cornejo-nuevo-director-general-del-ruv\/\" \/>\n<meta property=\"og:site_name\" content=\"Centro Urbano\" \/>\n<meta property=\"article:publisher\" content=\"https:\/\/www.facebook.com\/portalcentrourbano\" \/>\n<meta property=\"article:published_time\" content=\"2022-04-18T18:30:05+00:00\" \/>\n<meta property=\"article:modified_time\" content=\"2022-04-18T18:52:59+00:00\" \/>\n<meta property=\"og:image\" content=\"https:\/\/centrourbano.com\/revista\/wp-content\/uploads\/RUV-1-1.jpg\" \/>\n\t<meta property=\"og:image:width\" content=\"400\" \/>\n\t<meta property=\"og:image:height\" content=\"400\" \/>\n\t<meta property=\"og:image:type\" content=\"image\/jpeg\" \/>\n<meta name=\"author\" content=\"Redacci\u00f3n Centro Urbano\" \/>\n<meta name=\"twitter:card\" content=\"summary_large_image\" \/>\n<meta name=\"twitter:creator\" content=\"@CentroUrbano\" \/>\n<meta name=\"twitter:site\" content=\"@CentroUrbano\" \/>\n<meta name=\"twitter:label1\" content=\"Escrito por\" \/>\n\t<meta name=\"twitter:data1\" content=\"Redacci\u00f3n Centro Urbano\" \/>\n\t<meta name=\"twitter:label2\" content=\"Tiempo de lectura\" \/>\n\t<meta name=\"twitter:data2\" content=\"1 minuto\" \/>\n<script type=\"application\/ld+json\" class=\"yoast-schema-graph\">{\"@context\":\"https:\\\/\\\/schema.org\",\"@graph\":[{\"@type\":\"Article\",\"@id\":\"https:\\\/\\\/centrourbano.com\\\/revista\\\/vivienda\\\/jose-cornejo-nuevo-director-general-del-ruv\\\/#article\",\"isPartOf\":{\"@id\":\"https:\\\/\\\/centrourbano.com\\\/revista\\\/vivienda\\\/jose-cornejo-nuevo-director-general-del-ruv\\\/\"},\"author\":{\"name\":\"Redacci\u00f3n Centro Urbano\",\"@id\":\"https:\\\/\\\/centrourbano.com\\\/revista\\\/#\\\/schema\\\/person\\\/680e7c50f9d6e917e416c9efdc26f996\"},\"headline\":\"Jos\u00e9 Cornejo, nuevo director general del RUV\",\"datePublished\":\"2022-04-18T18:30:05+00:00\",\"dateModified\":\"2022-04-18T18:52:59+00:00\",\"mainEntityOfPage\":{\"@id\":\"https:\\\/\\\/centrourbano.com\\\/revista\\\/vivienda\\\/jose-cornejo-nuevo-director-general-del-ruv\\\/\"},\"wordCount\":215,\"commentCount\":0,\"publisher\":{\"@id\":\"https:\\\/\\\/centrourbano.com\\\/revista\\\/#organization\"},\"image\":{\"@id\":\"https:\\\/\\\/centrourbano.com\\\/revista\\\/vivienda\\\/jose-cornejo-nuevo-director-general-del-ruv\\\/#primaryimage\"},\"thumbnailUrl\":\"https:\\\/\\\/centrourbano.com\\\/revista\\\/wp-content\\\/uploads\\\/RUV-1-1.jpg\",\"keywords\":[\"Jos\u00e9 Cornejo\",\"Registro \u00danico de Vivienda\",\"RUV\"],\"articleSection\":[\"Vivienda\"],\"inLanguage\":\"es\",\"potentialAction\":[{\"@type\":\"CommentAction\",\"name\":\"Comment\",\"target\":[\"https:\\\/\\\/centrourbano.com\\\/revista\\\/vivienda\\\/jose-cornejo-nuevo-director-general-del-ruv\\\/#respond\"]}]},{\"@type\":\"WebPage\",\"@id\":\"https:\\\/\\\/centrourbano.com\\\/revista\\\/vivienda\\\/jose-cornejo-nuevo-director-general-del-ruv\\\/\",\"url\":\"https:\\\/\\\/centrourbano.com\\\/revista\\\/vivienda\\\/jose-cornejo-nuevo-director-general-del-ruv\\\/\",\"name\":\"Jos\u00e9 Cornejo, nuevo director general del RUV\",\"isPartOf\":{\"@id\":\"https:\\\/\\\/centrourbano.com\\\/revista\\\/#website\"},\"primaryImageOfPage\":{\"@id\":\"https:\\\/\\\/centrourbano.com\\\/revista\\\/vivienda\\\/jose-cornejo-nuevo-director-general-del-ruv\\\/#primaryimage\"},\"image\":{\"@id\":\"https:\\\/\\\/centrourbano.com\\\/revista\\\/vivienda\\\/jose-cornejo-nuevo-director-general-del-ruv\\\/#primaryimage\"},\"thumbnailUrl\":\"https:\\\/\\\/centrourbano.com\\\/revista\\\/wp-content\\\/uploads\\\/RUV-1-1.jpg\",\"datePublished\":\"2022-04-18T18:30:05+00:00\",\"dateModified\":\"2022-04-18T18:52:59+00:00\",\"description\":\"El nuevo titular del RUV es economista, con un posgrado en la Universidad Torcuato Di Tella de Argentina...Jos\u00e9 Cornejo, nuevo director gene\",\"breadcrumb\":{\"@id\":\"https:\\\/\\\/centrourbano.com\\\/revista\\\/vivienda\\\/jose-cornejo-nuevo-director-general-del-ruv\\\/#breadcrumb\"},\"inLanguage\":\"es\",\"potentialAction\":[{\"@type\":\"ReadAction\",\"target\":[\"https:\\\/\\\/centrourbano.com\\\/revista\\\/vivienda\\\/jose-cornejo-nuevo-director-general-del-ruv\\\/\"]}]},{\"@type\":\"ImageObject\",\"inLanguage\":\"es\",\"@id\":\"https:\\\/\\\/centrourbano.com\\\/revista\\\/vivienda\\\/jose-cornejo-nuevo-director-general-del-ruv\\\/#primaryimage\",\"url\":\"https:\\\/\\\/centrourbano.com\\\/revista\\\/wp-content\\\/uploads\\\/RUV-1-1.jpg\",\"contentUrl\":\"https:\\\/\\\/centrourbano.com\\\/revista\\\/wp-content\\\/uploads\\\/RUV-1-1.jpg\",\"width\":400,\"height\":400,\"caption\":\"Jos\u00e9 Cornejo, nuevo director general del RUV\"},{\"@type\":\"BreadcrumbList\",\"@id\":\"https:\\\/\\\/centrourbano.com\\\/revista\\\/vivienda\\\/jose-cornejo-nuevo-director-general-del-ruv\\\/#breadcrumb\",\"itemListElement\":[{\"@type\":\"ListItem\",\"position\":1,\"name\":\"Portada\",\"item\":\"https:\\\/\\\/centrourbano.com\\\/revista\\\/\"},{\"@type\":\"ListItem\",\"position\":2,\"name\":\"Jos\u00e9 Cornejo, nuevo director general del RUV\"}]},{\"@type\":\"WebSite\",\"@id\":\"https:\\\/\\\/centrourbano.com\\\/revista\\\/#website\",\"url\":\"https:\\\/\\\/centrourbano.com\\\/revista\\\/\",\"name\":\"Centro Urbano\",\"description\":\"Medio especializado en los sectores vivienda, inmobiliario, construcci\u00f3n, arquitectura y urbanismo.\",\"publisher\":{\"@id\":\"https:\\\/\\\/centrourbano.com\\\/revista\\\/#organization\"},\"potentialAction\":[{\"@type\":\"SearchAction\",\"target\":{\"@type\":\"EntryPoint\",\"urlTemplate\":\"https:\\\/\\\/centrourbano.com\\\/revista\\\/?s={search_term_string}\"},\"query-input\":{\"@type\":\"PropertyValueSpecification\",\"valueRequired\":true,\"valueName\":\"search_term_string\"}}],\"inLanguage\":\"es\"},{\"@type\":\"Organization\",\"@id\":\"https:\\\/\\\/centrourbano.com\\\/revista\\\/#organization\",\"name\":\"Centro Urbano\",\"url\":\"https:\\\/\\\/centrourbano.com\\\/revista\\\/\",\"logo\":{\"@type\":\"ImageObject\",\"inLanguage\":\"es\",\"@id\":\"https:\\\/\\\/centrourbano.com\\\/revista\\\/#\\\/schema\\\/logo\\\/image\\\/\",\"url\":\"https:\\\/\\\/centrourbano.com\\\/revista\\\/wp-content\\\/uploads\\\/web_CU_logo-1.png\",\"contentUrl\":\"https:\\\/\\\/centrourbano.com\\\/revista\\\/wp-content\\\/uploads\\\/web_CU_logo-1.png\",\"width\":350,\"height\":91,\"caption\":\"Centro Urbano\"},\"image\":{\"@id\":\"https:\\\/\\\/centrourbano.com\\\/revista\\\/#\\\/schema\\\/logo\\\/image\\\/\"},\"sameAs\":[\"https:\\\/\\\/www.facebook.com\\\/portalcentrourbano\",\"https:\\\/\\\/x.com\\\/CentroUrbano\",\"https:\\\/\\\/www.instagram.com\\\/centro_urbano\\\/\",\"https:\\\/\\\/www.linkedin.com\\\/company\\\/centro-urbano\\\/\",\"http:\\\/\\\/www.youtube.com\\\/user\\\/portalcentrourbano\"]},{\"@type\":\"Person\",\"@id\":\"https:\\\/\\\/centrourbano.com\\\/revista\\\/#\\\/schema\\\/person\\\/680e7c50f9d6e917e416c9efdc26f996\",\"name\":\"Redacci\u00f3n Centro Urbano\",\"image\":{\"@type\":\"ImageObject\",\"inLanguage\":\"es\",\"@id\":\"https:\\\/\\\/secure.gravatar.com\\\/avatar\\\/15a789f894398c0f311f3a7a2ee28032bbc0483098539da66b6a045aa810bf35?s=96&d=mm&r=g\",\"url\":\"https:\\\/\\\/secure.gravatar.com\\\/avatar\\\/15a789f894398c0f311f3a7a2ee28032bbc0483098539da66b6a045aa810bf35?s=96&d=mm&r=g\",\"contentUrl\":\"https:\\\/\\\/secure.gravatar.com\\\/avatar\\\/15a789f894398c0f311f3a7a2ee28032bbc0483098539da66b6a045aa810bf35?s=96&d=mm&r=g\",\"caption\":\"Redacci\u00f3n Centro Urbano\"},\"url\":\"https:\\\/\\\/centrourbano.com\\\/revista\\\/author\\\/editorial\\\/\"}]}<\/script>\n<!-- \/ Yoast SEO plugin. -->","yoast_head_json":{"title":"Jos\u00e9 Cornejo, nuevo director general del RUV","description":"El nuevo titular del RUV es economista, con un posgrado en la Universidad Torcuato Di Tella de Argentina...Jos\u00e9 Cornejo, nuevo director gene","robots":{"index":"index","follow":"follow","max-snippet":"max-snippet:-1","max-image-preview":"max-image-preview:large","max-video-preview":"max-video-preview:-1"},"canonical":"https:\/\/centrourbano.com\/revista\/vivienda\/jose-cornejo-nuevo-director-general-del-ruv\/","og_locale":"es_ES","og_type":"article","og_title":"Jos\u00e9 Cornejo, nuevo director general del RUV","og_description":"El nuevo titular del RUV es economista, con un posgrado en la Universidad Torcuato Di Tella de Argentina...Jos\u00e9 Cornejo, nuevo director gene","og_url":"https:\/\/centrourbano.com\/revista\/vivienda\/jose-cornejo-nuevo-director-general-del-ruv\/","og_site_name":"Centro Urbano","article_publisher":"https:\/\/www.facebook.com\/portalcentrourbano","article_published_time":"2022-04-18T18:30:05+00:00","article_modified_time":"2022-04-18T18:52:59+00:00","og_image":[{"width":400,"height":400,"url":"https:\/\/centrourbano.com\/revista\/wp-content\/uploads\/RUV-1-1.jpg","type":"image\/jpeg"}],"author":"Redacci\u00f3n Centro Urbano","twitter_card":"summary_large_image","twitter_creator":"@CentroUrbano","twitter_site":"@CentroUrbano","twitter_misc":{"Escrito por":"Redacci\u00f3n Centro Urbano","Tiempo de lectura":"1 minuto"},"schema":{"@context":"https:\/\/schema.org","@graph":[{"@type":"Article","@id":"https:\/\/centrourbano.com\/revista\/vivienda\/jose-cornejo-nuevo-director-general-del-ruv\/#article","isPartOf":{"@id":"https:\/\/centrourbano.com\/revista\/vivienda\/jose-cornejo-nuevo-director-general-del-ruv\/"},"author":{"name":"Redacci\u00f3n Centro Urbano","@id":"https:\/\/centrourbano.com\/revista\/#\/schema\/person\/680e7c50f9d6e917e416c9efdc26f996"},"headline":"Jos\u00e9 Cornejo, nuevo director general del RUV","datePublished":"2022-04-18T18:30:05+00:00","dateModified":"2022-04-18T18:52:59+00:00","mainEntityOfPage":{"@id":"https:\/\/centrourbano.com\/revista\/vivienda\/jose-cornejo-nuevo-director-general-del-ruv\/"},"wordCount":215,"commentCount":0,"publisher":{"@id":"https:\/\/centrourbano.com\/revista\/#organization"},"image":{"@id":"https:\/\/centrourbano.com\/revista\/vivienda\/jose-cornejo-nuevo-director-general-del-ruv\/#primaryimage"},"thumbnailUrl":"https:\/\/centrourbano.com\/revista\/wp-content\/uploads\/RUV-1-1.jpg","keywords":["Jos\u00e9 Cornejo","Registro \u00danico de Vivienda","RUV"],"articleSection":["Vivienda"],"inLanguage":"es","potentialAction":[{"@type":"CommentAction","name":"Comment","target":["https:\/\/centrourbano.com\/revista\/vivienda\/jose-cornejo-nuevo-director-general-del-ruv\/#respond"]}]},{"@type":"WebPage","@id":"https:\/\/centrourbano.com\/revista\/vivienda\/jose-cornejo-nuevo-director-general-del-ruv\/","url":"https:\/\/centrourbano.com\/revista\/vivienda\/jose-cornejo-nuevo-director-general-del-ruv\/","name":"Jos\u00e9 Cornejo, nuevo director general del RUV","isPartOf":{"@id":"https:\/\/centrourbano.com\/revista\/#website"},"primaryImageOfPage":{"@id":"https:\/\/centrourbano.com\/revista\/vivienda\/jose-cornejo-nuevo-director-general-del-ruv\/#primaryimage"},"image":{"@id":"https:\/\/centrourbano.com\/revista\/vivienda\/jose-cornejo-nuevo-director-general-del-ruv\/#primaryimage"},"thumbnailUrl":"https:\/\/centrourbano.com\/revista\/wp-content\/uploads\/RUV-1-1.jpg","datePublished":"2022-04-18T18:30:05+00:00","dateModified":"2022-04-18T18:52:59+00:00","description":"El nuevo titular del RUV es economista, con un posgrado en la Universidad Torcuato Di Tella de Argentina...Jos\u00e9 Cornejo, nuevo director gene","breadcrumb":{"@id":"https:\/\/centrourbano.com\/revista\/vivienda\/jose-cornejo-nuevo-director-general-del-ruv\/#breadcrumb"},"inLanguage":"es","potentialAction":[{"@type":"ReadAction","target":["https:\/\/centrourbano.com\/revista\/vivienda\/jose-cornejo-nuevo-director-general-del-ruv\/"]}]},{"@type":"ImageObject","inLanguage":"es","@id":"https:\/\/centrourbano.com\/revista\/vivienda\/jose-cornejo-nuevo-director-general-del-ruv\/#primaryimage","url":"https:\/\/centrourbano.com\/revista\/wp-content\/uploads\/RUV-1-1.jpg","contentUrl":"https:\/\/centrourbano.com\/revista\/wp-content\/uploads\/RUV-1-1.jpg","width":400,"height":400,"caption":"Jos\u00e9 Cornejo, nuevo director general del RUV"},{"@type":"BreadcrumbList","@id":"https:\/\/centrourbano.com\/revista\/vivienda\/jose-cornejo-nuevo-director-general-del-ruv\/#breadcrumb","itemListElement":[{"@type":"ListItem","position":1,"name":"Portada","item":"https:\/\/centrourbano.com\/revista\/"},{"@type":"ListItem","position":2,"name":"Jos\u00e9 Cornejo, nuevo director general del RUV"}]},{"@type":"WebSite","@id":"https:\/\/centrourbano.com\/revista\/#website","url":"https:\/\/centrourbano.com\/revista\/","name":"Centro Urbano","description":"Medio especializado en los sectores vivienda, inmobiliario, construcci\u00f3n, arquitectura y urbanismo.","publisher":{"@id":"https:\/\/centrourbano.com\/revista\/#organization"},"potentialAction":[{"@type":"SearchAction","target":{"@type":"EntryPoint","urlTemplate":"https:\/\/centrourbano.com\/revista\/?s={search_term_string}"},"query-input":{"@type":"PropertyValueSpecification","valueRequired":true,"valueName":"search_term_string"}}],"inLanguage":"es"},{"@type":"Organization","@id":"https:\/\/centrourbano.com\/revista\/#organization","name":"Centro Urbano","url":"https:\/\/centrourbano.com\/revista\/","logo":{"@type":"ImageObject","inLanguage":"es","@id":"https:\/\/centrourbano.com\/revista\/#\/schema\/logo\/image\/","url":"https:\/\/centrourbano.com\/revista\/wp-content\/uploads\/web_CU_logo-1.png","contentUrl":"https:\/\/centrourbano.com\/revista\/wp-content\/uploads\/web_CU_logo-1.png","width":350,"height":91,"caption":"Centro Urbano"},"image":{"@id":"https:\/\/centrourbano.com\/revista\/#\/schema\/logo\/image\/"},"sameAs":["https:\/\/www.facebook.com\/portalcentrourbano","https:\/\/x.com\/CentroUrbano","https:\/\/www.instagram.com\/centro_urbano\/","https:\/\/www.linkedin.com\/company\/centro-urbano\/","http:\/\/www.youtube.com\/user\/portalcentrourbano"]},{"@type":"Person","@id":"https:\/\/centrourbano.com\/revista\/#\/schema\/person\/680e7c50f9d6e917e416c9efdc26f996","name":"Redacci\u00f3n Centro Urbano","image":{"@type":"ImageObject","inLanguage":"es","@id":"https:\/\/secure.gravatar.com\/avatar\/15a789f894398c0f311f3a7a2ee28032bbc0483098539da66b6a045aa810bf35?s=96&d=mm&r=g","url":"https:\/\/secure.gravatar.com\/avatar\/15a789f894398c0f311f3a7a2ee28032bbc0483098539da66b6a045aa810bf35?s=96&d=mm&r=g","contentUrl":"https:\/\/secure.gravatar.com\/avatar\/15a789f894398c0f311f3a7a2ee28032bbc0483098539da66b6a045aa810bf35?s=96&d=mm&r=g","caption":"Redacci\u00f3n Centro Urbano"},"url":"https:\/\/centrourbano.com\/revista\/author\/editorial\/"}]}},"_links":{"self":[{"href":"https:\/\/centrourbano.com\/revista\/wp-json\/wp\/v2\/posts\/129293","targetHints":{"allow":["GET"]}}],"collection":[{"href":"https:\/\/centrourbano.com\/revista\/wp-json\/wp\/v2\/posts"}],"about":[{"href":"https:\/\/centrourbano.com\/revista\/wp-json\/wp\/v2\/types\/post"}],"author":[{"embeddable":true,"href":"https:\/\/centrourbano.com\/revista\/wp-json\/wp\/v2\/users\/14"}],"replies":[{"embeddable":true,"href":"https:\/\/centrourbano.com\/revista\/wp-json\/wp\/v2\/comments?post=129293"}],"version-history":[{"count":3,"href":"https:\/\/centrourbano.com\/revista\/wp-json\/wp\/v2\/posts\/129293\/revisions"}],"predecessor-version":[{"id":129301,"href":"https:\/\/centrourbano.com\/revista\/wp-json\/wp\/v2\/posts\/129293\/revisions\/129301"}],"wp:featuredmedia":[{"embeddable":true,"href":"https:\/\/centrourbano.com\/revista\/wp-json\/wp\/v2\/media\/129294"}],"wp:attachment":[{"href":"https:\/\/centrourbano.com\/revista\/wp-json\/wp\/v2\/media?parent=129293"}],"wp:term":[{"taxonomy":"category","embeddable":true,"href":"https:\/\/centrourbano.com\/revista\/wp-json\/wp\/v2\/categories?post=129293"},{"taxonomy":"post_tag","embeddable":true,"href":"https:\/\/centrourbano.com\/revista\/wp-json\/wp\/v2\/tags?post=129293"}],"curies":[{"name":"wp","href":"https:\/\/api.w.org\/{rel}","templated":true}]}}