{"id":12915,"date":"2014-11-25T11:00:30","date_gmt":"2014-11-25T17:00:30","guid":{"rendered":"http:\/\/centrourbano.com\/?p=12915"},"modified":"2014-11-25T12:13:23","modified_gmt":"2014-11-25T18:13:23","slug":"proyectan-el-mayor-centro-comercial-del-mundo-en-madrid","status":"publish","type":"post","link":"https:\/\/centrourbano.com\/revista\/inmobiliario\/proyectan-el-mayor-centro-comercial-del-mundo-en-madrid\/","title":{"rendered":"Proyectan el mayor centro comercial del mundo en Madrid"},"content":{"rendered":"<p>&nbsp;<\/p>\n<p><em>El Corte Ingl\u00e9s compra solar en 136 millones de euros\u00a0<\/em><!--more--><\/p>\n<p>&nbsp;<\/p>\n<p>En subasta p\u00fablica, el Corte Ingl\u00e9s adquiri\u00f3 el\u00a0solar ubicado en el Paseo de la Castellana en Madrid, cuyo antiguo due\u00f1o era grupo Adif,\u00a0La transacci\u00f3n fue de 136 millones de euros\u00a0para la adquisici\u00f3n del preciado solar en una de las zonas comerciales m\u00e1s cotizadas\u00a0de la capital espa\u00f1ola.<\/p>\n<p>Dicho terreno estar\u00e1 destinado para la ampliaci\u00f3n del actual complejo\u00a0comercial propiedad del grupo, \u00a0lo cual convertir\u00e1 al complejo de Castellana en el centro comercial de mayor tama\u00f1o en el mundo.<\/p>\n<p>No obstante el terreno fue puesto en subasta con un precio de salida de 40 millones de euros, el grupo de distribuci\u00f3n ofreci\u00f3 casi tres veces la cifra\u00a0de inicio. Su objetivo es completar la ampliaci\u00f3n de su centro ubicado en conocida calle de Madrid, y con ello\u00a0reforzar su red de centros comerciales en la capital espa\u00f1ola.<\/p>\n<p>El terreno mantiene una calificaci\u00f3n para uso terciario, lo que permite la construcci\u00f3n de edificios de oficinas o comerciales. Adem\u00e1s, cuenta con una edificabilidad de 10.176 metros cuadrados.<\/p>\n<p>Con la adquisici\u00f3n del solar y ampliaci\u00f3n del complejo, El Corte Ingl\u00e9s suma un catalogo de 88 centros comerciales, 86 de ellos localizados en Espa\u00f1a y dos m\u00e1s en Portugal. Tan s\u00f3lo en la ciudad de Madrid, se ubica 13 centros comerciales del grupo inmobiliario.<\/p>\n","protected":false},"excerpt":{"rendered":"<p>&nbsp; El Corte Ingl\u00e9s compra solar en 136 millones de euros\u00a0<\/p>\n","protected":false},"author":1,"featured_media":0,"comment_status":"open","ping_status":"closed","sticky":false,"template":"","format":"standard","meta":{"om_disable_all_campaigns":false,"inline_featured_image":false,"_monsterinsights_skip_tracking":false,"_monsterinsights_sitenote_active":false,"_monsterinsights_sitenote_note":"","_monsterinsights_sitenote_category":0,"footnotes":""},"categories":[15],"tags":[61,3696,3744,46,3524],"class_list":["post-12915","post","type-post","status-publish","format-standard","hentry","category-inmobiliario","tag-centros-comerciales","tag-economia-espanola","tag-el-corte-ingles","tag-espana","tag-sector-inmobiliario-en-espana"],"yoast_head":"<!-- This site is optimized with the Yoast SEO plugin v27.4 - https:\/\/yoast.com\/product\/yoast-seo-wordpress\/ -->\n<title>Proyectan el mayor centro comercial del mundo en Madrid -<\/title>\n<meta name=\"description\" content=\"&nbsp; El Corte Ingl\u00e9s compra solar en 136 millones de euros\u00a0 &nbsp; En subasta p\u00fablica, el Corte Ingl\u00e9s adquiri\u00f3 el\u00a0solar ubicado en el Paseo de la\" \/>\n<meta name=\"robots\" content=\"index, follow, max-snippet:-1, max-image-preview:large, max-video-preview:-1\" \/>\n<link rel=\"canonical\" href=\"https:\/\/centrourbano.com\/revista\/inmobiliario\/proyectan-el-mayor-centro-comercial-del-mundo-en-madrid\/\" \/>\n<meta property=\"og:locale\" content=\"es_ES\" \/>\n<meta property=\"og:type\" content=\"article\" \/>\n<meta property=\"og:title\" content=\"Proyectan el mayor centro comercial del mundo en Madrid -\" \/>\n<meta property=\"og:description\" content=\"&nbsp; El Corte Ingl\u00e9s compra solar en 136 millones de euros\u00a0 &nbsp; En subasta p\u00fablica, el Corte Ingl\u00e9s adquiri\u00f3 el\u00a0solar ubicado en el Paseo de la\" \/>\n<meta property=\"og:url\" content=\"https:\/\/centrourbano.com\/revista\/inmobiliario\/proyectan-el-mayor-centro-comercial-del-mundo-en-madrid\/\" \/>\n<meta property=\"og:site_name\" content=\"Centro Urbano\" \/>\n<meta property=\"article:publisher\" content=\"https:\/\/www.facebook.com\/portalcentrourbano\" \/>\n<meta property=\"article:published_time\" content=\"2014-11-25T17:00:30+00:00\" \/>\n<meta property=\"article:modified_time\" content=\"2014-11-25T18:13:23+00:00\" \/>\n<meta property=\"og:image\" content=\"https:\/\/centrourbano.com\/revista\/wp-content\/uploads\/CU-logo.png\" \/>\n\t<meta property=\"og:image:width\" content=\"350\" \/>\n\t<meta property=\"og:image:height\" content=\"91\" \/>\n\t<meta property=\"og:image:type\" content=\"image\/png\" \/>\n<meta name=\"author\" content=\"BlogCU 2022\" \/>\n<meta name=\"twitter:card\" content=\"summary_large_image\" \/>\n<meta name=\"twitter:creator\" content=\"@CentroUrbano\" \/>\n<meta name=\"twitter:site\" content=\"@CentroUrbano\" \/>\n<meta name=\"twitter:label1\" content=\"Escrito por\" \/>\n\t<meta name=\"twitter:data1\" content=\"BlogCU 2022\" \/>\n\t<meta name=\"twitter:label2\" content=\"Tiempo de lectura\" \/>\n\t<meta name=\"twitter:data2\" content=\"1 minuto\" \/>\n<script type=\"application\/ld+json\" class=\"yoast-schema-graph\">{\"@context\":\"https:\\\/\\\/schema.org\",\"@graph\":[{\"@type\":\"Article\",\"@id\":\"https:\\\/\\\/centrourbano.com\\\/revista\\\/inmobiliario\\\/proyectan-el-mayor-centro-comercial-del-mundo-en-madrid\\\/#article\",\"isPartOf\":{\"@id\":\"https:\\\/\\\/centrourbano.com\\\/revista\\\/inmobiliario\\\/proyectan-el-mayor-centro-comercial-del-mundo-en-madrid\\\/\"},\"author\":{\"name\":\"BlogCU 2022\",\"@id\":\"https:\\\/\\\/centrourbano.com\\\/revista\\\/#\\\/schema\\\/person\\\/26c0ab2d8952e32eb17ccf62f8e88ce6\"},\"headline\":\"Proyectan el mayor centro comercial del mundo en Madrid\",\"datePublished\":\"2014-11-25T17:00:30+00:00\",\"dateModified\":\"2014-11-25T18:13:23+00:00\",\"mainEntityOfPage\":{\"@id\":\"https:\\\/\\\/centrourbano.com\\\/revista\\\/inmobiliario\\\/proyectan-el-mayor-centro-comercial-del-mundo-en-madrid\\\/\"},\"wordCount\":248,\"commentCount\":0,\"publisher\":{\"@id\":\"https:\\\/\\\/centrourbano.com\\\/revista\\\/#organization\"},\"keywords\":[\"centros comerciales\",\"Econom\u00eda espa\u00f1ola\",\"El Corte Ingl\u00e9s\",\"Espa\u00f1a\",\"Sector inmobiliario en Espa\u00f1a\"],\"articleSection\":[\"Inmobiliario\"],\"inLanguage\":\"es\",\"potentialAction\":[{\"@type\":\"CommentAction\",\"name\":\"Comment\",\"target\":[\"https:\\\/\\\/centrourbano.com\\\/revista\\\/inmobiliario\\\/proyectan-el-mayor-centro-comercial-del-mundo-en-madrid\\\/#respond\"]}]},{\"@type\":\"WebPage\",\"@id\":\"https:\\\/\\\/centrourbano.com\\\/revista\\\/inmobiliario\\\/proyectan-el-mayor-centro-comercial-del-mundo-en-madrid\\\/\",\"url\":\"https:\\\/\\\/centrourbano.com\\\/revista\\\/inmobiliario\\\/proyectan-el-mayor-centro-comercial-del-mundo-en-madrid\\\/\",\"name\":\"Proyectan el mayor centro comercial del mundo en Madrid -\",\"isPartOf\":{\"@id\":\"https:\\\/\\\/centrourbano.com\\\/revista\\\/#website\"},\"datePublished\":\"2014-11-25T17:00:30+00:00\",\"dateModified\":\"2014-11-25T18:13:23+00:00\",\"description\":\"&nbsp; El Corte Ingl\u00e9s compra solar en 136 millones de euros\u00a0 &nbsp; En subasta p\u00fablica, el Corte Ingl\u00e9s adquiri\u00f3 el\u00a0solar ubicado en el Paseo de la\",\"breadcrumb\":{\"@id\":\"https:\\\/\\\/centrourbano.com\\\/revista\\\/inmobiliario\\\/proyectan-el-mayor-centro-comercial-del-mundo-en-madrid\\\/#breadcrumb\"},\"inLanguage\":\"es\",\"potentialAction\":[{\"@type\":\"ReadAction\",\"target\":[\"https:\\\/\\\/centrourbano.com\\\/revista\\\/inmobiliario\\\/proyectan-el-mayor-centro-comercial-del-mundo-en-madrid\\\/\"]}]},{\"@type\":\"BreadcrumbList\",\"@id\":\"https:\\\/\\\/centrourbano.com\\\/revista\\\/inmobiliario\\\/proyectan-el-mayor-centro-comercial-del-mundo-en-madrid\\\/#breadcrumb\",\"itemListElement\":[{\"@type\":\"ListItem\",\"position\":1,\"name\":\"Portada\",\"item\":\"https:\\\/\\\/centrourbano.com\\\/revista\\\/\"},{\"@type\":\"ListItem\",\"position\":2,\"name\":\"Proyectan el mayor centro comercial del mundo en Madrid\"}]},{\"@type\":\"WebSite\",\"@id\":\"https:\\\/\\\/centrourbano.com\\\/revista\\\/#website\",\"url\":\"https:\\\/\\\/centrourbano.com\\\/revista\\\/\",\"name\":\"Centro Urbano\",\"description\":\"Medio especializado en los sectores vivienda, inmobiliario, construcci\u00f3n, arquitectura y urbanismo.\",\"publisher\":{\"@id\":\"https:\\\/\\\/centrourbano.com\\\/revista\\\/#organization\"},\"potentialAction\":[{\"@type\":\"SearchAction\",\"target\":{\"@type\":\"EntryPoint\",\"urlTemplate\":\"https:\\\/\\\/centrourbano.com\\\/revista\\\/?s={search_term_string}\"},\"query-input\":{\"@type\":\"PropertyValueSpecification\",\"valueRequired\":true,\"valueName\":\"search_term_string\"}}],\"inLanguage\":\"es\"},{\"@type\":\"Organization\",\"@id\":\"https:\\\/\\\/centrourbano.com\\\/revista\\\/#organization\",\"name\":\"Centro Urbano\",\"url\":\"https:\\\/\\\/centrourbano.com\\\/revista\\\/\",\"logo\":{\"@type\":\"ImageObject\",\"inLanguage\":\"es\",\"@id\":\"https:\\\/\\\/centrourbano.com\\\/revista\\\/#\\\/schema\\\/logo\\\/image\\\/\",\"url\":\"https:\\\/\\\/centrourbano.com\\\/revista\\\/wp-content\\\/uploads\\\/web_CU_logo-1.png\",\"contentUrl\":\"https:\\\/\\\/centrourbano.com\\\/revista\\\/wp-content\\\/uploads\\\/web_CU_logo-1.png\",\"width\":350,\"height\":91,\"caption\":\"Centro Urbano\"},\"image\":{\"@id\":\"https:\\\/\\\/centrourbano.com\\\/revista\\\/#\\\/schema\\\/logo\\\/image\\\/\"},\"sameAs\":[\"https:\\\/\\\/www.facebook.com\\\/portalcentrourbano\",\"https:\\\/\\\/x.com\\\/CentroUrbano\",\"https:\\\/\\\/www.instagram.com\\\/centro_urbano\\\/\",\"https:\\\/\\\/www.linkedin.com\\\/company\\\/centro-urbano\\\/\",\"http:\\\/\\\/www.youtube.com\\\/user\\\/portalcentrourbano\"]},{\"@type\":\"Person\",\"@id\":\"https:\\\/\\\/centrourbano.com\\\/revista\\\/#\\\/schema\\\/person\\\/26c0ab2d8952e32eb17ccf62f8e88ce6\",\"name\":\"BlogCU 2022\",\"image\":{\"@type\":\"ImageObject\",\"inLanguage\":\"es\",\"@id\":\"https:\\\/\\\/secure.gravatar.com\\\/avatar\\\/5ec2975f6d4b1643c723f08ef135c488131c64cba4524740d438f2e04dbeacdc?s=96&d=mm&r=g\",\"url\":\"https:\\\/\\\/secure.gravatar.com\\\/avatar\\\/5ec2975f6d4b1643c723f08ef135c488131c64cba4524740d438f2e04dbeacdc?s=96&d=mm&r=g\",\"contentUrl\":\"https:\\\/\\\/secure.gravatar.com\\\/avatar\\\/5ec2975f6d4b1643c723f08ef135c488131c64cba4524740d438f2e04dbeacdc?s=96&d=mm&r=g\",\"caption\":\"BlogCU 2022\"},\"url\":\"https:\\\/\\\/centrourbano.com\\\/revista\\\/author\\\/BlogCU 2022\\\/\"}]}<\/script>\n<!-- \/ Yoast SEO plugin. -->","yoast_head_json":{"title":"Proyectan el mayor centro comercial del mundo en Madrid -","description":"&nbsp; El Corte Ingl\u00e9s compra solar en 136 millones de euros\u00a0 &nbsp; En subasta p\u00fablica, el Corte Ingl\u00e9s adquiri\u00f3 el\u00a0solar ubicado en el Paseo de la","robots":{"index":"index","follow":"follow","max-snippet":"max-snippet:-1","max-image-preview":"max-image-preview:large","max-video-preview":"max-video-preview:-1"},"canonical":"https:\/\/centrourbano.com\/revista\/inmobiliario\/proyectan-el-mayor-centro-comercial-del-mundo-en-madrid\/","og_locale":"es_ES","og_type":"article","og_title":"Proyectan el mayor centro comercial del mundo en Madrid -","og_description":"&nbsp; El Corte Ingl\u00e9s compra solar en 136 millones de euros\u00a0 &nbsp; En subasta p\u00fablica, el Corte Ingl\u00e9s adquiri\u00f3 el\u00a0solar ubicado en el Paseo de la","og_url":"https:\/\/centrourbano.com\/revista\/inmobiliario\/proyectan-el-mayor-centro-comercial-del-mundo-en-madrid\/","og_site_name":"Centro Urbano","article_publisher":"https:\/\/www.facebook.com\/portalcentrourbano","article_published_time":"2014-11-25T17:00:30+00:00","article_modified_time":"2014-11-25T18:13:23+00:00","og_image":[{"width":350,"height":91,"url":"https:\/\/centrourbano.com\/revista\/wp-content\/uploads\/CU-logo.png","type":"image\/png"}],"author":"BlogCU 2022","twitter_card":"summary_large_image","twitter_creator":"@CentroUrbano","twitter_site":"@CentroUrbano","twitter_misc":{"Escrito por":"BlogCU 2022","Tiempo de lectura":"1 minuto"},"schema":{"@context":"https:\/\/schema.org","@graph":[{"@type":"Article","@id":"https:\/\/centrourbano.com\/revista\/inmobiliario\/proyectan-el-mayor-centro-comercial-del-mundo-en-madrid\/#article","isPartOf":{"@id":"https:\/\/centrourbano.com\/revista\/inmobiliario\/proyectan-el-mayor-centro-comercial-del-mundo-en-madrid\/"},"author":{"name":"BlogCU 2022","@id":"https:\/\/centrourbano.com\/revista\/#\/schema\/person\/26c0ab2d8952e32eb17ccf62f8e88ce6"},"headline":"Proyectan el mayor centro comercial del mundo en Madrid","datePublished":"2014-11-25T17:00:30+00:00","dateModified":"2014-11-25T18:13:23+00:00","mainEntityOfPage":{"@id":"https:\/\/centrourbano.com\/revista\/inmobiliario\/proyectan-el-mayor-centro-comercial-del-mundo-en-madrid\/"},"wordCount":248,"commentCount":0,"publisher":{"@id":"https:\/\/centrourbano.com\/revista\/#organization"},"keywords":["centros comerciales","Econom\u00eda espa\u00f1ola","El Corte Ingl\u00e9s","Espa\u00f1a","Sector inmobiliario en Espa\u00f1a"],"articleSection":["Inmobiliario"],"inLanguage":"es","potentialAction":[{"@type":"CommentAction","name":"Comment","target":["https:\/\/centrourbano.com\/revista\/inmobiliario\/proyectan-el-mayor-centro-comercial-del-mundo-en-madrid\/#respond"]}]},{"@type":"WebPage","@id":"https:\/\/centrourbano.com\/revista\/inmobiliario\/proyectan-el-mayor-centro-comercial-del-mundo-en-madrid\/","url":"https:\/\/centrourbano.com\/revista\/inmobiliario\/proyectan-el-mayor-centro-comercial-del-mundo-en-madrid\/","name":"Proyectan el mayor centro comercial del mundo en Madrid -","isPartOf":{"@id":"https:\/\/centrourbano.com\/revista\/#website"},"datePublished":"2014-11-25T17:00:30+00:00","dateModified":"2014-11-25T18:13:23+00:00","description":"&nbsp; El Corte Ingl\u00e9s compra solar en 136 millones de euros\u00a0 &nbsp; En subasta p\u00fablica, el Corte Ingl\u00e9s adquiri\u00f3 el\u00a0solar ubicado en el Paseo de la","breadcrumb":{"@id":"https:\/\/centrourbano.com\/revista\/inmobiliario\/proyectan-el-mayor-centro-comercial-del-mundo-en-madrid\/#breadcrumb"},"inLanguage":"es","potentialAction":[{"@type":"ReadAction","target":["https:\/\/centrourbano.com\/revista\/inmobiliario\/proyectan-el-mayor-centro-comercial-del-mundo-en-madrid\/"]}]},{"@type":"BreadcrumbList","@id":"https:\/\/centrourbano.com\/revista\/inmobiliario\/proyectan-el-mayor-centro-comercial-del-mundo-en-madrid\/#breadcrumb","itemListElement":[{"@type":"ListItem","position":1,"name":"Portada","item":"https:\/\/centrourbano.com\/revista\/"},{"@type":"ListItem","position":2,"name":"Proyectan el mayor centro comercial del mundo en Madrid"}]},{"@type":"WebSite","@id":"https:\/\/centrourbano.com\/revista\/#website","url":"https:\/\/centrourbano.com\/revista\/","name":"Centro Urbano","description":"Medio especializado en los sectores vivienda, inmobiliario, construcci\u00f3n, arquitectura y urbanismo.","publisher":{"@id":"https:\/\/centrourbano.com\/revista\/#organization"},"potentialAction":[{"@type":"SearchAction","target":{"@type":"EntryPoint","urlTemplate":"https:\/\/centrourbano.com\/revista\/?s={search_term_string}"},"query-input":{"@type":"PropertyValueSpecification","valueRequired":true,"valueName":"search_term_string"}}],"inLanguage":"es"},{"@type":"Organization","@id":"https:\/\/centrourbano.com\/revista\/#organization","name":"Centro Urbano","url":"https:\/\/centrourbano.com\/revista\/","logo":{"@type":"ImageObject","inLanguage":"es","@id":"https:\/\/centrourbano.com\/revista\/#\/schema\/logo\/image\/","url":"https:\/\/centrourbano.com\/revista\/wp-content\/uploads\/web_CU_logo-1.png","contentUrl":"https:\/\/centrourbano.com\/revista\/wp-content\/uploads\/web_CU_logo-1.png","width":350,"height":91,"caption":"Centro Urbano"},"image":{"@id":"https:\/\/centrourbano.com\/revista\/#\/schema\/logo\/image\/"},"sameAs":["https:\/\/www.facebook.com\/portalcentrourbano","https:\/\/x.com\/CentroUrbano","https:\/\/www.instagram.com\/centro_urbano\/","https:\/\/www.linkedin.com\/company\/centro-urbano\/","http:\/\/www.youtube.com\/user\/portalcentrourbano"]},{"@type":"Person","@id":"https:\/\/centrourbano.com\/revista\/#\/schema\/person\/26c0ab2d8952e32eb17ccf62f8e88ce6","name":"BlogCU 2022","image":{"@type":"ImageObject","inLanguage":"es","@id":"https:\/\/secure.gravatar.com\/avatar\/5ec2975f6d4b1643c723f08ef135c488131c64cba4524740d438f2e04dbeacdc?s=96&d=mm&r=g","url":"https:\/\/secure.gravatar.com\/avatar\/5ec2975f6d4b1643c723f08ef135c488131c64cba4524740d438f2e04dbeacdc?s=96&d=mm&r=g","contentUrl":"https:\/\/secure.gravatar.com\/avatar\/5ec2975f6d4b1643c723f08ef135c488131c64cba4524740d438f2e04dbeacdc?s=96&d=mm&r=g","caption":"BlogCU 2022"},"url":"https:\/\/centrourbano.com\/revista\/author\/BlogCU 2022\/"}]}},"_links":{"self":[{"href":"https:\/\/centrourbano.com\/revista\/wp-json\/wp\/v2\/posts\/12915","targetHints":{"allow":["GET"]}}],"collection":[{"href":"https:\/\/centrourbano.com\/revista\/wp-json\/wp\/v2\/posts"}],"about":[{"href":"https:\/\/centrourbano.com\/revista\/wp-json\/wp\/v2\/types\/post"}],"author":[{"embeddable":true,"href":"https:\/\/centrourbano.com\/revista\/wp-json\/wp\/v2\/users\/1"}],"replies":[{"embeddable":true,"href":"https:\/\/centrourbano.com\/revista\/wp-json\/wp\/v2\/comments?post=12915"}],"version-history":[{"count":0,"href":"https:\/\/centrourbano.com\/revista\/wp-json\/wp\/v2\/posts\/12915\/revisions"}],"wp:attachment":[{"href":"https:\/\/centrourbano.com\/revista\/wp-json\/wp\/v2\/media?parent=12915"}],"wp:term":[{"taxonomy":"category","embeddable":true,"href":"https:\/\/centrourbano.com\/revista\/wp-json\/wp\/v2\/categories?post=12915"},{"taxonomy":"post_tag","embeddable":true,"href":"https:\/\/centrourbano.com\/revista\/wp-json\/wp\/v2\/tags?post=12915"}],"curies":[{"name":"wp","href":"https:\/\/api.w.org\/{rel}","templated":true}]}}