{"id":129084,"date":"2022-04-12T11:38:25","date_gmt":"2022-04-12T16:38:25","guid":{"rendered":"https:\/\/centrourbano.com\/?p=129084"},"modified":"2022-04-12T11:38:25","modified_gmt":"2022-04-12T16:38:25","slug":"ocupacion-hotelera-mexico","status":"publish","type":"post","link":"https:\/\/centrourbano.com\/revista\/inmobiliario\/ocupacion-hotelera-mexico\/","title":{"rendered":"Ocupaci\u00f3n hotelera en M\u00e9xico se mantendr\u00e1 por encima del 75%"},"content":{"rendered":"<p><em>Durante el periodo vacacional, se espera la movilizaci\u00f3n de 10 millones de turistas nacionales que viajar\u00e1n por M\u00e9xico<\/em><!--more--><\/p>\n<p>Se estima que, durante<strong> la temporada vacacional Semana Santa y Pascua,<\/strong> se reporte una derrama econ\u00f3mica superior a los 140,000 millones de pesos (mdp) en <strong>el sector turismo<\/strong>. Dicho suceso ocurrir\u00e1 debido a la expectativa de una ocupaci\u00f3n hotelera promedio superior al 75% en todo el pa\u00eds.<\/p>\n<p>Por lo tanto, se prev\u00e9 que <strong>los principales puertos y destinos de M\u00e9xico<\/strong> se mantengan con amplio dinamismo. Con base en ello, se promedia que<strong> Acapulco<\/strong> permanecer\u00e1 en 80% de ocupaci\u00f3n; mientras que<strong>\u00a0Mazatl\u00e1n, Puerto Vallarta, Baja California Sur y Riviera Maya<\/strong> registraran 80%, 65%, 80% y 90%, respectivamente.<\/p>\n<p>Asimismo, destinos como <strong>Veracruz, San Crist\u00f3bal de las Casas, Yucat\u00e1n, San Juan del R\u00edo y Oaxaca<\/strong> oscilar\u00e1n entre el 80% y el 90% de ocupaci\u00f3n. Adem\u00e1s, se tiene prevista la movilizaci\u00f3n de <strong>10 millones de turistas nacionales<\/strong> que viajar\u00e1n durante la siguientes semanas.<\/p>\n<p>Esto se debe a la preferencia que se tiene por dichos destinos tur\u00edsticos mexicanos y el sem\u00e1foro de riesgo epid\u00e9mico en verde. En ese sentido, las C\u00e1maras Nacionales, coordinadas por la Direcci\u00f3n de Turismo, destacaron que los <strong>sectores comercio, servicio y turismo<\/strong> ser\u00e1n ampliamente favorecidos.<\/p>\n<h2>Revitalizaci\u00f3n del turismo en M\u00e9xico<\/h2>\n<p>Las diferentes <strong>medidas de seguridad e higiene<\/strong> han mantenido<a href=\"https:\/\/centrourbano.com\/publicaciones\/revista-inversion-inmobiliaria\/turismo-mexicano-arranca-2022-con-panorama-optimista\/\" target=\"_blank\" rel=\"noopener\"> la ascendente recuperaci\u00f3n dentro del sector turismo<\/a>. Por lo tanto, el presidente de la Confederaci\u00f3n de C\u00e1maras Nacionales de Comercio, Servicios y Turismo (Concanaco), <strong>H\u00e9ctor Tejada,<\/strong> pidi\u00f3 mantener las medidas que se han implementado frente al Covid-19.<\/p>\n<p>Adem\u00e1s, destac\u00f3 la importancia de <strong>acudir a establecimientos formales<\/strong>, debido a la oferta y garant\u00eda que proporcionan a consumidores y colaboradores.<\/p>\n<blockquote><p>\u201cPara los empresarios mexicanos, especialmente aquellos dedicados a la actividad tur\u00edstica, Semana Santa y Pascua es una de las temporadas vacacionales m\u00e1s importantes del a\u00f1o. Y, tras un 2021 complicado, supone un beneficio muy importante para su econom\u00eda, que es la de todos\u201d, asegur\u00f3.<\/p><\/blockquote>\n","protected":false},"excerpt":{"rendered":"<p>Durante el periodo vacacional, se espera la movilizaci\u00f3n de 10 millones de turistas nacionales que viajar\u00e1n por M\u00e9xico<\/p>\n","protected":false},"author":80,"featured_media":129087,"comment_status":"open","ping_status":"closed","sticky":false,"template":"","format":"standard","meta":{"om_disable_all_campaigns":false,"inline_featured_image":false,"_monsterinsights_skip_tracking":false,"_monsterinsights_sitenote_active":false,"_monsterinsights_sitenote_note":"","_monsterinsights_sitenote_category":0,"footnotes":""},"categories":[80,15],"tags":[17077,19393,18255,5493],"class_list":["post-129084","post","type-post","status-publish","format-standard","has-post-thumbnail","hentry","category-actualidad","category-inmobiliario","tag-concanaco-servytur","tag-desarrollo-del-turismo","tag-turismo-en-mexico","tag-turismo-nacional"],"yoast_head":"<!-- This site is optimized with the Yoast SEO plugin v27.4 - https:\/\/yoast.com\/product\/yoast-seo-wordpress\/ -->\n<title>Ocupaci\u00f3n hotelera en M\u00e9xico se mantendr\u00e1 por encima del 75%<\/title>\n<meta name=\"description\" content=\"Durante el periodo vacacional, se espera la movilizaci\u00f3n de 10 millones de turistas nacionales que viajar\u00e1n por M\u00e9xico\" \/>\n<meta name=\"robots\" content=\"index, follow, max-snippet:-1, max-image-preview:large, max-video-preview:-1\" \/>\n<link rel=\"canonical\" href=\"https:\/\/centrourbano.com\/revista\/inmobiliario\/ocupacion-hotelera-mexico\/\" \/>\n<meta property=\"og:locale\" content=\"es_ES\" \/>\n<meta property=\"og:type\" content=\"article\" \/>\n<meta property=\"og:title\" content=\"Ocupaci\u00f3n hotelera en M\u00e9xico se mantendr\u00e1 por encima del 75%\" \/>\n<meta property=\"og:description\" content=\"Durante el periodo vacacional, se espera la movilizaci\u00f3n de 10 millones de turistas nacionales que viajar\u00e1n por M\u00e9xico\" \/>\n<meta property=\"og:url\" content=\"https:\/\/centrourbano.com\/revista\/inmobiliario\/ocupacion-hotelera-mexico\/\" \/>\n<meta property=\"og:site_name\" content=\"Centro Urbano\" \/>\n<meta property=\"article:publisher\" content=\"https:\/\/www.facebook.com\/portalcentrourbano\" \/>\n<meta property=\"article:published_time\" content=\"2022-04-12T16:38:25+00:00\" \/>\n<meta property=\"og:image\" content=\"https:\/\/centrourbano.com\/revista\/wp-content\/uploads\/0.20220409174028.jpeg\" \/>\n\t<meta property=\"og:image:width\" content=\"530\" \/>\n\t<meta property=\"og:image:height\" content=\"530\" \/>\n\t<meta property=\"og:image:type\" content=\"image\/jpeg\" \/>\n<meta name=\"author\" content=\"Jackeline Valle\" \/>\n<meta name=\"twitter:card\" content=\"summary_large_image\" \/>\n<meta name=\"twitter:creator\" content=\"@CentroUrbano\" \/>\n<meta name=\"twitter:site\" content=\"@CentroUrbano\" \/>\n<meta name=\"twitter:label1\" content=\"Escrito por\" \/>\n\t<meta name=\"twitter:data1\" content=\"Jackeline Valle\" \/>\n\t<meta name=\"twitter:label2\" content=\"Tiempo de lectura\" \/>\n\t<meta name=\"twitter:data2\" content=\"2 minutos\" \/>\n<script type=\"application\/ld+json\" class=\"yoast-schema-graph\">{\"@context\":\"https:\\\/\\\/schema.org\",\"@graph\":[{\"@type\":\"Article\",\"@id\":\"https:\\\/\\\/centrourbano.com\\\/revista\\\/inmobiliario\\\/ocupacion-hotelera-mexico\\\/#article\",\"isPartOf\":{\"@id\":\"https:\\\/\\\/centrourbano.com\\\/revista\\\/inmobiliario\\\/ocupacion-hotelera-mexico\\\/\"},\"author\":{\"name\":\"Jackeline Valle\",\"@id\":\"https:\\\/\\\/centrourbano.com\\\/revista\\\/#\\\/schema\\\/person\\\/910180bf1a924c1932a01f6032f5991a\"},\"headline\":\"Ocupaci\u00f3n hotelera en M\u00e9xico se mantendr\u00e1 por encima del 75%\",\"datePublished\":\"2022-04-12T16:38:25+00:00\",\"mainEntityOfPage\":{\"@id\":\"https:\\\/\\\/centrourbano.com\\\/revista\\\/inmobiliario\\\/ocupacion-hotelera-mexico\\\/\"},\"wordCount\":352,\"commentCount\":0,\"publisher\":{\"@id\":\"https:\\\/\\\/centrourbano.com\\\/revista\\\/#organization\"},\"image\":{\"@id\":\"https:\\\/\\\/centrourbano.com\\\/revista\\\/inmobiliario\\\/ocupacion-hotelera-mexico\\\/#primaryimage\"},\"thumbnailUrl\":\"https:\\\/\\\/centrourbano.com\\\/revista\\\/wp-content\\\/uploads\\\/0.20220409174028.jpeg\",\"keywords\":[\"Concanaco Servytur\",\"desarrollo del turismo\",\"turismo en M\u00e9xico\",\"Turismo nacional\"],\"articleSection\":[\"Actualidad\",\"Inmobiliario\"],\"inLanguage\":\"es\",\"potentialAction\":[{\"@type\":\"CommentAction\",\"name\":\"Comment\",\"target\":[\"https:\\\/\\\/centrourbano.com\\\/revista\\\/inmobiliario\\\/ocupacion-hotelera-mexico\\\/#respond\"]}]},{\"@type\":\"WebPage\",\"@id\":\"https:\\\/\\\/centrourbano.com\\\/revista\\\/inmobiliario\\\/ocupacion-hotelera-mexico\\\/\",\"url\":\"https:\\\/\\\/centrourbano.com\\\/revista\\\/inmobiliario\\\/ocupacion-hotelera-mexico\\\/\",\"name\":\"Ocupaci\u00f3n hotelera en M\u00e9xico se mantendr\u00e1 por encima del 75%\",\"isPartOf\":{\"@id\":\"https:\\\/\\\/centrourbano.com\\\/revista\\\/#website\"},\"primaryImageOfPage\":{\"@id\":\"https:\\\/\\\/centrourbano.com\\\/revista\\\/inmobiliario\\\/ocupacion-hotelera-mexico\\\/#primaryimage\"},\"image\":{\"@id\":\"https:\\\/\\\/centrourbano.com\\\/revista\\\/inmobiliario\\\/ocupacion-hotelera-mexico\\\/#primaryimage\"},\"thumbnailUrl\":\"https:\\\/\\\/centrourbano.com\\\/revista\\\/wp-content\\\/uploads\\\/0.20220409174028.jpeg\",\"datePublished\":\"2022-04-12T16:38:25+00:00\",\"description\":\"Durante el periodo vacacional, se espera la movilizaci\u00f3n de 10 millones de turistas nacionales que viajar\u00e1n por M\u00e9xico\",\"breadcrumb\":{\"@id\":\"https:\\\/\\\/centrourbano.com\\\/revista\\\/inmobiliario\\\/ocupacion-hotelera-mexico\\\/#breadcrumb\"},\"inLanguage\":\"es\",\"potentialAction\":[{\"@type\":\"ReadAction\",\"target\":[\"https:\\\/\\\/centrourbano.com\\\/revista\\\/inmobiliario\\\/ocupacion-hotelera-mexico\\\/\"]}]},{\"@type\":\"ImageObject\",\"inLanguage\":\"es\",\"@id\":\"https:\\\/\\\/centrourbano.com\\\/revista\\\/inmobiliario\\\/ocupacion-hotelera-mexico\\\/#primaryimage\",\"url\":\"https:\\\/\\\/centrourbano.com\\\/revista\\\/wp-content\\\/uploads\\\/0.20220409174028.jpeg\",\"contentUrl\":\"https:\\\/\\\/centrourbano.com\\\/revista\\\/wp-content\\\/uploads\\\/0.20220409174028.jpeg\",\"width\":530,\"height\":530,\"caption\":\"Durante el periodo vacacional, se espera la movilizaci\u00f3n de 10 millones de turistas nacionales que viajar\u00e1n por M\u00e9xico\"},{\"@type\":\"BreadcrumbList\",\"@id\":\"https:\\\/\\\/centrourbano.com\\\/revista\\\/inmobiliario\\\/ocupacion-hotelera-mexico\\\/#breadcrumb\",\"itemListElement\":[{\"@type\":\"ListItem\",\"position\":1,\"name\":\"Portada\",\"item\":\"https:\\\/\\\/centrourbano.com\\\/revista\\\/\"},{\"@type\":\"ListItem\",\"position\":2,\"name\":\"Ocupaci\u00f3n hotelera en M\u00e9xico se mantendr\u00e1 por encima del 75%\"}]},{\"@type\":\"WebSite\",\"@id\":\"https:\\\/\\\/centrourbano.com\\\/revista\\\/#website\",\"url\":\"https:\\\/\\\/centrourbano.com\\\/revista\\\/\",\"name\":\"Centro Urbano\",\"description\":\"Medio especializado en los sectores vivienda, inmobiliario, construcci\u00f3n, arquitectura y urbanismo.\",\"publisher\":{\"@id\":\"https:\\\/\\\/centrourbano.com\\\/revista\\\/#organization\"},\"potentialAction\":[{\"@type\":\"SearchAction\",\"target\":{\"@type\":\"EntryPoint\",\"urlTemplate\":\"https:\\\/\\\/centrourbano.com\\\/revista\\\/?s={search_term_string}\"},\"query-input\":{\"@type\":\"PropertyValueSpecification\",\"valueRequired\":true,\"valueName\":\"search_term_string\"}}],\"inLanguage\":\"es\"},{\"@type\":\"Organization\",\"@id\":\"https:\\\/\\\/centrourbano.com\\\/revista\\\/#organization\",\"name\":\"Centro Urbano\",\"url\":\"https:\\\/\\\/centrourbano.com\\\/revista\\\/\",\"logo\":{\"@type\":\"ImageObject\",\"inLanguage\":\"es\",\"@id\":\"https:\\\/\\\/centrourbano.com\\\/revista\\\/#\\\/schema\\\/logo\\\/image\\\/\",\"url\":\"https:\\\/\\\/centrourbano.com\\\/revista\\\/wp-content\\\/uploads\\\/web_CU_logo-1.png\",\"contentUrl\":\"https:\\\/\\\/centrourbano.com\\\/revista\\\/wp-content\\\/uploads\\\/web_CU_logo-1.png\",\"width\":350,\"height\":91,\"caption\":\"Centro Urbano\"},\"image\":{\"@id\":\"https:\\\/\\\/centrourbano.com\\\/revista\\\/#\\\/schema\\\/logo\\\/image\\\/\"},\"sameAs\":[\"https:\\\/\\\/www.facebook.com\\\/portalcentrourbano\",\"https:\\\/\\\/x.com\\\/CentroUrbano\",\"https:\\\/\\\/www.instagram.com\\\/centro_urbano\\\/\",\"https:\\\/\\\/www.linkedin.com\\\/company\\\/centro-urbano\\\/\",\"http:\\\/\\\/www.youtube.com\\\/user\\\/portalcentrourbano\"]},{\"@type\":\"Person\",\"@id\":\"https:\\\/\\\/centrourbano.com\\\/revista\\\/#\\\/schema\\\/person\\\/910180bf1a924c1932a01f6032f5991a\",\"name\":\"Jackeline Valle\",\"image\":{\"@type\":\"ImageObject\",\"inLanguage\":\"es\",\"@id\":\"https:\\\/\\\/secure.gravatar.com\\\/avatar\\\/6dfa6899b228d3621bbf2fb01332e7e4b7afc7cd1374760becdb163b7f5436dd?s=96&d=mm&r=g\",\"url\":\"https:\\\/\\\/secure.gravatar.com\\\/avatar\\\/6dfa6899b228d3621bbf2fb01332e7e4b7afc7cd1374760becdb163b7f5436dd?s=96&d=mm&r=g\",\"contentUrl\":\"https:\\\/\\\/secure.gravatar.com\\\/avatar\\\/6dfa6899b228d3621bbf2fb01332e7e4b7afc7cd1374760becdb163b7f5436dd?s=96&d=mm&r=g\",\"caption\":\"Jackeline Valle\"},\"description\":\"Reportera en Centro Urbano. Egresada de la Licenciatura en Comunicaci\u00f3n y Cultura por la Universidad Aut\u00f3noma de la Ciudad de M\u00e9xico (UACM). Interesada en cine y la cultura. Apasionada de los deportes electr\u00f3nicos y el desarrollo de medios audiovisuales.\",\"url\":\"https:\\\/\\\/centrourbano.com\\\/revista\\\/author\\\/jackeline-valle\\\/\"}]}<\/script>\n<!-- \/ Yoast SEO plugin. -->","yoast_head_json":{"title":"Ocupaci\u00f3n hotelera en M\u00e9xico se mantendr\u00e1 por encima del 75%","description":"Durante el periodo vacacional, se espera la movilizaci\u00f3n de 10 millones de turistas nacionales que viajar\u00e1n por M\u00e9xico","robots":{"index":"index","follow":"follow","max-snippet":"max-snippet:-1","max-image-preview":"max-image-preview:large","max-video-preview":"max-video-preview:-1"},"canonical":"https:\/\/centrourbano.com\/revista\/inmobiliario\/ocupacion-hotelera-mexico\/","og_locale":"es_ES","og_type":"article","og_title":"Ocupaci\u00f3n hotelera en M\u00e9xico se mantendr\u00e1 por encima del 75%","og_description":"Durante el periodo vacacional, se espera la movilizaci\u00f3n de 10 millones de turistas nacionales que viajar\u00e1n por M\u00e9xico","og_url":"https:\/\/centrourbano.com\/revista\/inmobiliario\/ocupacion-hotelera-mexico\/","og_site_name":"Centro Urbano","article_publisher":"https:\/\/www.facebook.com\/portalcentrourbano","article_published_time":"2022-04-12T16:38:25+00:00","og_image":[{"width":530,"height":530,"url":"https:\/\/centrourbano.com\/revista\/wp-content\/uploads\/0.20220409174028.jpeg","type":"image\/jpeg"}],"author":"Jackeline Valle","twitter_card":"summary_large_image","twitter_creator":"@CentroUrbano","twitter_site":"@CentroUrbano","twitter_misc":{"Escrito por":"Jackeline Valle","Tiempo de lectura":"2 minutos"},"schema":{"@context":"https:\/\/schema.org","@graph":[{"@type":"Article","@id":"https:\/\/centrourbano.com\/revista\/inmobiliario\/ocupacion-hotelera-mexico\/#article","isPartOf":{"@id":"https:\/\/centrourbano.com\/revista\/inmobiliario\/ocupacion-hotelera-mexico\/"},"author":{"name":"Jackeline Valle","@id":"https:\/\/centrourbano.com\/revista\/#\/schema\/person\/910180bf1a924c1932a01f6032f5991a"},"headline":"Ocupaci\u00f3n hotelera en M\u00e9xico se mantendr\u00e1 por encima del 75%","datePublished":"2022-04-12T16:38:25+00:00","mainEntityOfPage":{"@id":"https:\/\/centrourbano.com\/revista\/inmobiliario\/ocupacion-hotelera-mexico\/"},"wordCount":352,"commentCount":0,"publisher":{"@id":"https:\/\/centrourbano.com\/revista\/#organization"},"image":{"@id":"https:\/\/centrourbano.com\/revista\/inmobiliario\/ocupacion-hotelera-mexico\/#primaryimage"},"thumbnailUrl":"https:\/\/centrourbano.com\/revista\/wp-content\/uploads\/0.20220409174028.jpeg","keywords":["Concanaco Servytur","desarrollo del turismo","turismo en M\u00e9xico","Turismo nacional"],"articleSection":["Actualidad","Inmobiliario"],"inLanguage":"es","potentialAction":[{"@type":"CommentAction","name":"Comment","target":["https:\/\/centrourbano.com\/revista\/inmobiliario\/ocupacion-hotelera-mexico\/#respond"]}]},{"@type":"WebPage","@id":"https:\/\/centrourbano.com\/revista\/inmobiliario\/ocupacion-hotelera-mexico\/","url":"https:\/\/centrourbano.com\/revista\/inmobiliario\/ocupacion-hotelera-mexico\/","name":"Ocupaci\u00f3n hotelera en M\u00e9xico se mantendr\u00e1 por encima del 75%","isPartOf":{"@id":"https:\/\/centrourbano.com\/revista\/#website"},"primaryImageOfPage":{"@id":"https:\/\/centrourbano.com\/revista\/inmobiliario\/ocupacion-hotelera-mexico\/#primaryimage"},"image":{"@id":"https:\/\/centrourbano.com\/revista\/inmobiliario\/ocupacion-hotelera-mexico\/#primaryimage"},"thumbnailUrl":"https:\/\/centrourbano.com\/revista\/wp-content\/uploads\/0.20220409174028.jpeg","datePublished":"2022-04-12T16:38:25+00:00","description":"Durante el periodo vacacional, se espera la movilizaci\u00f3n de 10 millones de turistas nacionales que viajar\u00e1n por M\u00e9xico","breadcrumb":{"@id":"https:\/\/centrourbano.com\/revista\/inmobiliario\/ocupacion-hotelera-mexico\/#breadcrumb"},"inLanguage":"es","potentialAction":[{"@type":"ReadAction","target":["https:\/\/centrourbano.com\/revista\/inmobiliario\/ocupacion-hotelera-mexico\/"]}]},{"@type":"ImageObject","inLanguage":"es","@id":"https:\/\/centrourbano.com\/revista\/inmobiliario\/ocupacion-hotelera-mexico\/#primaryimage","url":"https:\/\/centrourbano.com\/revista\/wp-content\/uploads\/0.20220409174028.jpeg","contentUrl":"https:\/\/centrourbano.com\/revista\/wp-content\/uploads\/0.20220409174028.jpeg","width":530,"height":530,"caption":"Durante el periodo vacacional, se espera la movilizaci\u00f3n de 10 millones de turistas nacionales que viajar\u00e1n por M\u00e9xico"},{"@type":"BreadcrumbList","@id":"https:\/\/centrourbano.com\/revista\/inmobiliario\/ocupacion-hotelera-mexico\/#breadcrumb","itemListElement":[{"@type":"ListItem","position":1,"name":"Portada","item":"https:\/\/centrourbano.com\/revista\/"},{"@type":"ListItem","position":2,"name":"Ocupaci\u00f3n hotelera en M\u00e9xico se mantendr\u00e1 por encima del 75%"}]},{"@type":"WebSite","@id":"https:\/\/centrourbano.com\/revista\/#website","url":"https:\/\/centrourbano.com\/revista\/","name":"Centro Urbano","description":"Medio especializado en los sectores vivienda, inmobiliario, construcci\u00f3n, arquitectura y urbanismo.","publisher":{"@id":"https:\/\/centrourbano.com\/revista\/#organization"},"potentialAction":[{"@type":"SearchAction","target":{"@type":"EntryPoint","urlTemplate":"https:\/\/centrourbano.com\/revista\/?s={search_term_string}"},"query-input":{"@type":"PropertyValueSpecification","valueRequired":true,"valueName":"search_term_string"}}],"inLanguage":"es"},{"@type":"Organization","@id":"https:\/\/centrourbano.com\/revista\/#organization","name":"Centro Urbano","url":"https:\/\/centrourbano.com\/revista\/","logo":{"@type":"ImageObject","inLanguage":"es","@id":"https:\/\/centrourbano.com\/revista\/#\/schema\/logo\/image\/","url":"https:\/\/centrourbano.com\/revista\/wp-content\/uploads\/web_CU_logo-1.png","contentUrl":"https:\/\/centrourbano.com\/revista\/wp-content\/uploads\/web_CU_logo-1.png","width":350,"height":91,"caption":"Centro Urbano"},"image":{"@id":"https:\/\/centrourbano.com\/revista\/#\/schema\/logo\/image\/"},"sameAs":["https:\/\/www.facebook.com\/portalcentrourbano","https:\/\/x.com\/CentroUrbano","https:\/\/www.instagram.com\/centro_urbano\/","https:\/\/www.linkedin.com\/company\/centro-urbano\/","http:\/\/www.youtube.com\/user\/portalcentrourbano"]},{"@type":"Person","@id":"https:\/\/centrourbano.com\/revista\/#\/schema\/person\/910180bf1a924c1932a01f6032f5991a","name":"Jackeline Valle","image":{"@type":"ImageObject","inLanguage":"es","@id":"https:\/\/secure.gravatar.com\/avatar\/6dfa6899b228d3621bbf2fb01332e7e4b7afc7cd1374760becdb163b7f5436dd?s=96&d=mm&r=g","url":"https:\/\/secure.gravatar.com\/avatar\/6dfa6899b228d3621bbf2fb01332e7e4b7afc7cd1374760becdb163b7f5436dd?s=96&d=mm&r=g","contentUrl":"https:\/\/secure.gravatar.com\/avatar\/6dfa6899b228d3621bbf2fb01332e7e4b7afc7cd1374760becdb163b7f5436dd?s=96&d=mm&r=g","caption":"Jackeline Valle"},"description":"Reportera en Centro Urbano. Egresada de la Licenciatura en Comunicaci\u00f3n y Cultura por la Universidad Aut\u00f3noma de la Ciudad de M\u00e9xico (UACM). Interesada en cine y la cultura. Apasionada de los deportes electr\u00f3nicos y el desarrollo de medios audiovisuales.","url":"https:\/\/centrourbano.com\/revista\/author\/jackeline-valle\/"}]}},"_links":{"self":[{"href":"https:\/\/centrourbano.com\/revista\/wp-json\/wp\/v2\/posts\/129084","targetHints":{"allow":["GET"]}}],"collection":[{"href":"https:\/\/centrourbano.com\/revista\/wp-json\/wp\/v2\/posts"}],"about":[{"href":"https:\/\/centrourbano.com\/revista\/wp-json\/wp\/v2\/types\/post"}],"author":[{"embeddable":true,"href":"https:\/\/centrourbano.com\/revista\/wp-json\/wp\/v2\/users\/80"}],"replies":[{"embeddable":true,"href":"https:\/\/centrourbano.com\/revista\/wp-json\/wp\/v2\/comments?post=129084"}],"version-history":[{"count":3,"href":"https:\/\/centrourbano.com\/revista\/wp-json\/wp\/v2\/posts\/129084\/revisions"}],"predecessor-version":[{"id":129164,"href":"https:\/\/centrourbano.com\/revista\/wp-json\/wp\/v2\/posts\/129084\/revisions\/129164"}],"wp:featuredmedia":[{"embeddable":true,"href":"https:\/\/centrourbano.com\/revista\/wp-json\/wp\/v2\/media\/129087"}],"wp:attachment":[{"href":"https:\/\/centrourbano.com\/revista\/wp-json\/wp\/v2\/media?parent=129084"}],"wp:term":[{"taxonomy":"category","embeddable":true,"href":"https:\/\/centrourbano.com\/revista\/wp-json\/wp\/v2\/categories?post=129084"},{"taxonomy":"post_tag","embeddable":true,"href":"https:\/\/centrourbano.com\/revista\/wp-json\/wp\/v2\/tags?post=129084"}],"curies":[{"name":"wp","href":"https:\/\/api.w.org\/{rel}","templated":true}]}}