{"id":12908,"date":"2014-11-25T09:11:30","date_gmt":"2014-11-25T15:11:30","guid":{"rendered":"http:\/\/centrourbano.com\/?p=12908"},"modified":"2014-11-25T09:14:39","modified_gmt":"2014-11-25T15:14:39","slug":"promueve-uma-transformacion-sustentable","status":"publish","type":"post","link":"https:\/\/centrourbano.com\/revista\/construccion\/promueve-uma-transformacion-sustentable\/","title":{"rendered":"Promueve UMA transformaci\u00f3n sustentable"},"content":{"rendered":"<p><em>Juan Carlos Cano, arquitecto de la Universidad del Medio Ambiente explica que se busc\u00f3 un m\u00e9todo eficiente tanto en el m\u00e9todo constructivo como en el costo de la construcci\u00f3n<\/em><!--more--><\/p>\n<p>La Universidad del Medio Ambiente es un proyecto creado con el fin de promover la transformaci\u00f3n hacia una sociedad sustentable, \u00e9tica y regenerativa formando agentes de cambio, capaces de promover iniciativas que transformen los sistemas socioambientales.<\/p>\n<p>El arquitecto Juan Carlos Cano, quien tambi\u00e9n funge como profesor dentro de la UMA, explic\u00f3 en entrevista para <strong>Capital de M\u00e9xico<\/strong> que para que la sustentabilidad sea congruente se necesitan tratar varios temas.<\/p>\n<p>\u201cLa Universidad cuenta con tres maestr\u00edas: arquitectura, derecho y administraci\u00f3n. Son tres ramas que son puntos fundamentales para que el tema de la sustentabilidad pueda desarrollarse eventualmente. Son temas muy complementarios porque la construcci\u00f3n puede ser la m\u00e1s obvia, construir verde, pero los temas de derecho ambiental son fundamentales; y la parte administrativa tambi\u00e9n porque si t\u00fa no ves esto como algo rentable, que pueda ser atractivo para mucha gente y que pueda generar dinero, tampoco puedes estar en una sustentabilidad congruente\u00bb.<\/p>\n<p>El arquitecto indic\u00f3 que el desarrollo del campus es un claro ejemplo del tema de construcci\u00f3n sustentable y detalla c\u00f3mo fue que se logr\u00f3 el desarrollo del mismo, donde colabor\u00f3 en la parte de arquitectura, en el equipo de dise\u00f1o, y m\u00e1s tarde con su socia Paloma Vera, con su despacho CANOVERA Arquitectura, para terminar el proyecto ejecutivo.<\/p>\n<p>\u201cSon muchas personas las que estuvieron involucradas en la construcci\u00f3n de esta Universidad, quienes tomaron decisiones en conjunto para determinar el m\u00e9todo y los materiales que se tendr\u00edan que utilizar, pero una de las condiciones es que fueran materiales que tanto en su producci\u00f3n, como en la construcci\u00f3n misma y el mantenimiento a largo plazo, fueran bastante sensatos en el tema de sustentabilidad y durabilidad\u00bb.<\/p>\n<p>Juan Carlos detalla que lo que se buscaba es que la producci\u00f3n dejara la menor huella posible, es decir, que no contaminara y que fuera eficiente tanto en el m\u00e9todo constructivo como en el costo de la construcci\u00f3n y que a largo plazo el mantenimiento de estos materiales implicara una durabilidad.<\/p>\n<p>\u201cSe trat\u00f3 de utilizar la menor cantidad posible de concreto y de acero en la construcci\u00f3n y estructura, por lo tanto, se hicieron cimientos de piedra, la estructura es de madera, de aserraderos certificados y locales, porque eso es algo tambi\u00e9n muy importante, que el transporte de los materiales tampoco sea un factor de contaminaci\u00f3n, de costo y el uso tambi\u00e9n de los materiales de la regi\u00f3n para que la gente de la comunidad de alrededor tambi\u00e9n tenga una derrama econ\u00f3mica\u00bb.<\/p>\n<p>Este campus adem\u00e1s de utilizar un sistema de construcci\u00f3n ligero, utiliza la parte tecnol\u00f3gica de energ\u00eda y agua. \u00abSe recolecta toda el agua de los techos y se reutiliza para el eventual bosque comestible que tendr\u00e1 tambi\u00e9n el terreno. Tambi\u00e9n se recicla el agua de los ba\u00f1os y la energ\u00eda se produce a trav\u00e9s de celda solares\u00bb.<\/p>\n","protected":false},"excerpt":{"rendered":"<p>Juan Carlos Cano, arquitecto de la Universidad del Medio Ambiente explica que se busc\u00f3 un m\u00e9todo eficiente tanto en el m\u00e9todo constructivo como en el costo de la construcci\u00f3n<\/p>\n","protected":false},"author":9,"featured_media":0,"comment_status":"open","ping_status":"closed","sticky":false,"template":"","format":"standard","meta":{"om_disable_all_campaigns":false,"inline_featured_image":false,"_monsterinsights_skip_tracking":false,"_monsterinsights_sitenote_active":false,"_monsterinsights_sitenote_note":"","_monsterinsights_sitenote_category":0,"footnotes":""},"categories":[14],"tags":[712,3740,3741,3584,165,56,3586],"class_list":["post-12908","post","type-post","status-publish","format-standard","hentry","category-construccion","tag-arquitecto","tag-cano-vera-arquitectos","tag-construccion-verde","tag-juan-carlos-cano","tag-sustentabilidad","tag-sustentable","tag-uma"],"yoast_head":"<!-- This site is optimized with the Yoast SEO plugin v27.4 - https:\/\/yoast.com\/product\/yoast-seo-wordpress\/ -->\n<title>Promueve UMA transformaci\u00f3n sustentable -<\/title>\n<meta name=\"description\" content=\"Juan Carlos Cano, arquitecto de la Universidad del Medio Ambiente explica que se busc\u00f3 un m\u00e9todo eficiente tanto en el m\u00e9todo constructivo como en el\" \/>\n<meta name=\"robots\" content=\"index, follow, max-snippet:-1, max-image-preview:large, max-video-preview:-1\" \/>\n<link rel=\"canonical\" href=\"https:\/\/centrourbano.com\/revista\/construccion\/promueve-uma-transformacion-sustentable\/\" \/>\n<meta property=\"og:locale\" content=\"es_ES\" \/>\n<meta property=\"og:type\" content=\"article\" \/>\n<meta property=\"og:title\" content=\"Promueve UMA transformaci\u00f3n sustentable -\" \/>\n<meta property=\"og:description\" content=\"Juan Carlos Cano, arquitecto de la Universidad del Medio Ambiente explica que se busc\u00f3 un m\u00e9todo eficiente tanto en el m\u00e9todo constructivo como en el\" \/>\n<meta property=\"og:url\" content=\"https:\/\/centrourbano.com\/revista\/construccion\/promueve-uma-transformacion-sustentable\/\" \/>\n<meta property=\"og:site_name\" content=\"Centro Urbano\" \/>\n<meta property=\"article:publisher\" content=\"https:\/\/www.facebook.com\/portalcentrourbano\" \/>\n<meta property=\"article:published_time\" content=\"2014-11-25T15:11:30+00:00\" \/>\n<meta property=\"article:modified_time\" content=\"2014-11-25T15:14:39+00:00\" \/>\n<meta property=\"og:image\" content=\"https:\/\/centrourbano.com\/revista\/wp-content\/uploads\/CU-logo.png\" \/>\n\t<meta property=\"og:image:width\" content=\"350\" \/>\n\t<meta property=\"og:image:height\" content=\"91\" \/>\n\t<meta property=\"og:image:type\" content=\"image\/png\" \/>\n<meta name=\"author\" content=\"Dinorah Nava\" \/>\n<meta name=\"twitter:card\" content=\"summary_large_image\" \/>\n<meta name=\"twitter:creator\" content=\"@https:\/\/twitter.com\/Dinorah_Nava28\" \/>\n<meta name=\"twitter:site\" content=\"@CentroUrbano\" \/>\n<meta name=\"twitter:label1\" content=\"Escrito por\" \/>\n\t<meta name=\"twitter:data1\" content=\"Dinorah Nava\" \/>\n\t<meta name=\"twitter:label2\" content=\"Tiempo de lectura\" \/>\n\t<meta name=\"twitter:data2\" content=\"3 minutos\" \/>\n<script type=\"application\/ld+json\" class=\"yoast-schema-graph\">{\"@context\":\"https:\\\/\\\/schema.org\",\"@graph\":[{\"@type\":\"Article\",\"@id\":\"https:\\\/\\\/centrourbano.com\\\/revista\\\/construccion\\\/promueve-uma-transformacion-sustentable\\\/#article\",\"isPartOf\":{\"@id\":\"https:\\\/\\\/centrourbano.com\\\/revista\\\/construccion\\\/promueve-uma-transformacion-sustentable\\\/\"},\"author\":{\"name\":\"Dinorah Nava\",\"@id\":\"https:\\\/\\\/centrourbano.com\\\/revista\\\/#\\\/schema\\\/person\\\/b45db815d96831257ba428a3d5a5fbdc\"},\"headline\":\"Promueve UMA transformaci\u00f3n sustentable\",\"datePublished\":\"2014-11-25T15:11:30+00:00\",\"dateModified\":\"2014-11-25T15:14:39+00:00\",\"mainEntityOfPage\":{\"@id\":\"https:\\\/\\\/centrourbano.com\\\/revista\\\/construccion\\\/promueve-uma-transformacion-sustentable\\\/\"},\"wordCount\":536,\"commentCount\":0,\"publisher\":{\"@id\":\"https:\\\/\\\/centrourbano.com\\\/revista\\\/#organization\"},\"keywords\":[\"arquitecto\",\"Cano Vera Arquitectos\",\"construcci\u00f3n verde\",\"Juan Carlos Cano\",\"sustentabilidad\",\"sustentable\",\"UMA\"],\"articleSection\":[\"Construcci\u00f3n\"],\"inLanguage\":\"es\",\"potentialAction\":[{\"@type\":\"CommentAction\",\"name\":\"Comment\",\"target\":[\"https:\\\/\\\/centrourbano.com\\\/revista\\\/construccion\\\/promueve-uma-transformacion-sustentable\\\/#respond\"]}]},{\"@type\":\"WebPage\",\"@id\":\"https:\\\/\\\/centrourbano.com\\\/revista\\\/construccion\\\/promueve-uma-transformacion-sustentable\\\/\",\"url\":\"https:\\\/\\\/centrourbano.com\\\/revista\\\/construccion\\\/promueve-uma-transformacion-sustentable\\\/\",\"name\":\"Promueve UMA transformaci\u00f3n sustentable -\",\"isPartOf\":{\"@id\":\"https:\\\/\\\/centrourbano.com\\\/revista\\\/#website\"},\"datePublished\":\"2014-11-25T15:11:30+00:00\",\"dateModified\":\"2014-11-25T15:14:39+00:00\",\"description\":\"Juan Carlos Cano, arquitecto de la Universidad del Medio Ambiente explica que se busc\u00f3 un m\u00e9todo eficiente tanto en el m\u00e9todo constructivo como en el\",\"breadcrumb\":{\"@id\":\"https:\\\/\\\/centrourbano.com\\\/revista\\\/construccion\\\/promueve-uma-transformacion-sustentable\\\/#breadcrumb\"},\"inLanguage\":\"es\",\"potentialAction\":[{\"@type\":\"ReadAction\",\"target\":[\"https:\\\/\\\/centrourbano.com\\\/revista\\\/construccion\\\/promueve-uma-transformacion-sustentable\\\/\"]}]},{\"@type\":\"BreadcrumbList\",\"@id\":\"https:\\\/\\\/centrourbano.com\\\/revista\\\/construccion\\\/promueve-uma-transformacion-sustentable\\\/#breadcrumb\",\"itemListElement\":[{\"@type\":\"ListItem\",\"position\":1,\"name\":\"Portada\",\"item\":\"https:\\\/\\\/centrourbano.com\\\/revista\\\/\"},{\"@type\":\"ListItem\",\"position\":2,\"name\":\"Promueve UMA transformaci\u00f3n sustentable\"}]},{\"@type\":\"WebSite\",\"@id\":\"https:\\\/\\\/centrourbano.com\\\/revista\\\/#website\",\"url\":\"https:\\\/\\\/centrourbano.com\\\/revista\\\/\",\"name\":\"Centro Urbano\",\"description\":\"Medio especializado en los sectores vivienda, inmobiliario, construcci\u00f3n, arquitectura y urbanismo.\",\"publisher\":{\"@id\":\"https:\\\/\\\/centrourbano.com\\\/revista\\\/#organization\"},\"potentialAction\":[{\"@type\":\"SearchAction\",\"target\":{\"@type\":\"EntryPoint\",\"urlTemplate\":\"https:\\\/\\\/centrourbano.com\\\/revista\\\/?s={search_term_string}\"},\"query-input\":{\"@type\":\"PropertyValueSpecification\",\"valueRequired\":true,\"valueName\":\"search_term_string\"}}],\"inLanguage\":\"es\"},{\"@type\":\"Organization\",\"@id\":\"https:\\\/\\\/centrourbano.com\\\/revista\\\/#organization\",\"name\":\"Centro Urbano\",\"url\":\"https:\\\/\\\/centrourbano.com\\\/revista\\\/\",\"logo\":{\"@type\":\"ImageObject\",\"inLanguage\":\"es\",\"@id\":\"https:\\\/\\\/centrourbano.com\\\/revista\\\/#\\\/schema\\\/logo\\\/image\\\/\",\"url\":\"https:\\\/\\\/centrourbano.com\\\/revista\\\/wp-content\\\/uploads\\\/web_CU_logo-1.png\",\"contentUrl\":\"https:\\\/\\\/centrourbano.com\\\/revista\\\/wp-content\\\/uploads\\\/web_CU_logo-1.png\",\"width\":350,\"height\":91,\"caption\":\"Centro Urbano\"},\"image\":{\"@id\":\"https:\\\/\\\/centrourbano.com\\\/revista\\\/#\\\/schema\\\/logo\\\/image\\\/\"},\"sameAs\":[\"https:\\\/\\\/www.facebook.com\\\/portalcentrourbano\",\"https:\\\/\\\/x.com\\\/CentroUrbano\",\"https:\\\/\\\/www.instagram.com\\\/centro_urbano\\\/\",\"https:\\\/\\\/www.linkedin.com\\\/company\\\/centro-urbano\\\/\",\"http:\\\/\\\/www.youtube.com\\\/user\\\/portalcentrourbano\"]},{\"@type\":\"Person\",\"@id\":\"https:\\\/\\\/centrourbano.com\\\/revista\\\/#\\\/schema\\\/person\\\/b45db815d96831257ba428a3d5a5fbdc\",\"name\":\"Dinorah Nava\",\"image\":{\"@type\":\"ImageObject\",\"inLanguage\":\"es\",\"@id\":\"https:\\\/\\\/secure.gravatar.com\\\/avatar\\\/f6ca6430c51d147f363940f84e1225aa4b8183885c11802cc3b042305a4ecc1a?s=96&d=mm&r=g\",\"url\":\"https:\\\/\\\/secure.gravatar.com\\\/avatar\\\/f6ca6430c51d147f363940f84e1225aa4b8183885c11802cc3b042305a4ecc1a?s=96&d=mm&r=g\",\"contentUrl\":\"https:\\\/\\\/secure.gravatar.com\\\/avatar\\\/f6ca6430c51d147f363940f84e1225aa4b8183885c11802cc3b042305a4ecc1a?s=96&d=mm&r=g\",\"caption\":\"Dinorah Nava\"},\"description\":\"Editora de Contenidos y Estrategias Digitales en Centro Urbano y Coeditora en Peri\u00f3dico Mi Casa. Egresada de la licenciatura en Comunicaci\u00f3n y Periodismo de la Facultad de Estudios Superiores Arag\u00f3n (UNAM). Amante de la edici\u00f3n y correcci\u00f3n de estilo, las redes sociales y el mundo digital. Especialista en temas son arquitectura, inmobiliario y urbanismo.\",\"sameAs\":[\"linkedin.com\\\/in\\\/dinorah-nava\",\"https:\\\/\\\/x.com\\\/https:\\\/\\\/twitter.com\\\/Dinorah_Nava28\"],\"url\":\"https:\\\/\\\/centrourbano.com\\\/revista\\\/author\\\/dinorah-nava\\\/\"}]}<\/script>\n<!-- \/ Yoast SEO plugin. -->","yoast_head_json":{"title":"Promueve UMA transformaci\u00f3n sustentable -","description":"Juan Carlos Cano, arquitecto de la Universidad del Medio Ambiente explica que se busc\u00f3 un m\u00e9todo eficiente tanto en el m\u00e9todo constructivo como en el","robots":{"index":"index","follow":"follow","max-snippet":"max-snippet:-1","max-image-preview":"max-image-preview:large","max-video-preview":"max-video-preview:-1"},"canonical":"https:\/\/centrourbano.com\/revista\/construccion\/promueve-uma-transformacion-sustentable\/","og_locale":"es_ES","og_type":"article","og_title":"Promueve UMA transformaci\u00f3n sustentable -","og_description":"Juan Carlos Cano, arquitecto de la Universidad del Medio Ambiente explica que se busc\u00f3 un m\u00e9todo eficiente tanto en el m\u00e9todo constructivo como en el","og_url":"https:\/\/centrourbano.com\/revista\/construccion\/promueve-uma-transformacion-sustentable\/","og_site_name":"Centro Urbano","article_publisher":"https:\/\/www.facebook.com\/portalcentrourbano","article_published_time":"2014-11-25T15:11:30+00:00","article_modified_time":"2014-11-25T15:14:39+00:00","og_image":[{"width":350,"height":91,"url":"https:\/\/centrourbano.com\/revista\/wp-content\/uploads\/CU-logo.png","type":"image\/png"}],"author":"Dinorah Nava","twitter_card":"summary_large_image","twitter_creator":"@https:\/\/twitter.com\/Dinorah_Nava28","twitter_site":"@CentroUrbano","twitter_misc":{"Escrito por":"Dinorah Nava","Tiempo de lectura":"3 minutos"},"schema":{"@context":"https:\/\/schema.org","@graph":[{"@type":"Article","@id":"https:\/\/centrourbano.com\/revista\/construccion\/promueve-uma-transformacion-sustentable\/#article","isPartOf":{"@id":"https:\/\/centrourbano.com\/revista\/construccion\/promueve-uma-transformacion-sustentable\/"},"author":{"name":"Dinorah Nava","@id":"https:\/\/centrourbano.com\/revista\/#\/schema\/person\/b45db815d96831257ba428a3d5a5fbdc"},"headline":"Promueve UMA transformaci\u00f3n sustentable","datePublished":"2014-11-25T15:11:30+00:00","dateModified":"2014-11-25T15:14:39+00:00","mainEntityOfPage":{"@id":"https:\/\/centrourbano.com\/revista\/construccion\/promueve-uma-transformacion-sustentable\/"},"wordCount":536,"commentCount":0,"publisher":{"@id":"https:\/\/centrourbano.com\/revista\/#organization"},"keywords":["arquitecto","Cano Vera Arquitectos","construcci\u00f3n verde","Juan Carlos Cano","sustentabilidad","sustentable","UMA"],"articleSection":["Construcci\u00f3n"],"inLanguage":"es","potentialAction":[{"@type":"CommentAction","name":"Comment","target":["https:\/\/centrourbano.com\/revista\/construccion\/promueve-uma-transformacion-sustentable\/#respond"]}]},{"@type":"WebPage","@id":"https:\/\/centrourbano.com\/revista\/construccion\/promueve-uma-transformacion-sustentable\/","url":"https:\/\/centrourbano.com\/revista\/construccion\/promueve-uma-transformacion-sustentable\/","name":"Promueve UMA transformaci\u00f3n sustentable -","isPartOf":{"@id":"https:\/\/centrourbano.com\/revista\/#website"},"datePublished":"2014-11-25T15:11:30+00:00","dateModified":"2014-11-25T15:14:39+00:00","description":"Juan Carlos Cano, arquitecto de la Universidad del Medio Ambiente explica que se busc\u00f3 un m\u00e9todo eficiente tanto en el m\u00e9todo constructivo como en el","breadcrumb":{"@id":"https:\/\/centrourbano.com\/revista\/construccion\/promueve-uma-transformacion-sustentable\/#breadcrumb"},"inLanguage":"es","potentialAction":[{"@type":"ReadAction","target":["https:\/\/centrourbano.com\/revista\/construccion\/promueve-uma-transformacion-sustentable\/"]}]},{"@type":"BreadcrumbList","@id":"https:\/\/centrourbano.com\/revista\/construccion\/promueve-uma-transformacion-sustentable\/#breadcrumb","itemListElement":[{"@type":"ListItem","position":1,"name":"Portada","item":"https:\/\/centrourbano.com\/revista\/"},{"@type":"ListItem","position":2,"name":"Promueve UMA transformaci\u00f3n sustentable"}]},{"@type":"WebSite","@id":"https:\/\/centrourbano.com\/revista\/#website","url":"https:\/\/centrourbano.com\/revista\/","name":"Centro Urbano","description":"Medio especializado en los sectores vivienda, inmobiliario, construcci\u00f3n, arquitectura y urbanismo.","publisher":{"@id":"https:\/\/centrourbano.com\/revista\/#organization"},"potentialAction":[{"@type":"SearchAction","target":{"@type":"EntryPoint","urlTemplate":"https:\/\/centrourbano.com\/revista\/?s={search_term_string}"},"query-input":{"@type":"PropertyValueSpecification","valueRequired":true,"valueName":"search_term_string"}}],"inLanguage":"es"},{"@type":"Organization","@id":"https:\/\/centrourbano.com\/revista\/#organization","name":"Centro Urbano","url":"https:\/\/centrourbano.com\/revista\/","logo":{"@type":"ImageObject","inLanguage":"es","@id":"https:\/\/centrourbano.com\/revista\/#\/schema\/logo\/image\/","url":"https:\/\/centrourbano.com\/revista\/wp-content\/uploads\/web_CU_logo-1.png","contentUrl":"https:\/\/centrourbano.com\/revista\/wp-content\/uploads\/web_CU_logo-1.png","width":350,"height":91,"caption":"Centro Urbano"},"image":{"@id":"https:\/\/centrourbano.com\/revista\/#\/schema\/logo\/image\/"},"sameAs":["https:\/\/www.facebook.com\/portalcentrourbano","https:\/\/x.com\/CentroUrbano","https:\/\/www.instagram.com\/centro_urbano\/","https:\/\/www.linkedin.com\/company\/centro-urbano\/","http:\/\/www.youtube.com\/user\/portalcentrourbano"]},{"@type":"Person","@id":"https:\/\/centrourbano.com\/revista\/#\/schema\/person\/b45db815d96831257ba428a3d5a5fbdc","name":"Dinorah Nava","image":{"@type":"ImageObject","inLanguage":"es","@id":"https:\/\/secure.gravatar.com\/avatar\/f6ca6430c51d147f363940f84e1225aa4b8183885c11802cc3b042305a4ecc1a?s=96&d=mm&r=g","url":"https:\/\/secure.gravatar.com\/avatar\/f6ca6430c51d147f363940f84e1225aa4b8183885c11802cc3b042305a4ecc1a?s=96&d=mm&r=g","contentUrl":"https:\/\/secure.gravatar.com\/avatar\/f6ca6430c51d147f363940f84e1225aa4b8183885c11802cc3b042305a4ecc1a?s=96&d=mm&r=g","caption":"Dinorah Nava"},"description":"Editora de Contenidos y Estrategias Digitales en Centro Urbano y Coeditora en Peri\u00f3dico Mi Casa. Egresada de la licenciatura en Comunicaci\u00f3n y Periodismo de la Facultad de Estudios Superiores Arag\u00f3n (UNAM). Amante de la edici\u00f3n y correcci\u00f3n de estilo, las redes sociales y el mundo digital. Especialista en temas son arquitectura, inmobiliario y urbanismo.","sameAs":["linkedin.com\/in\/dinorah-nava","https:\/\/x.com\/https:\/\/twitter.com\/Dinorah_Nava28"],"url":"https:\/\/centrourbano.com\/revista\/author\/dinorah-nava\/"}]}},"_links":{"self":[{"href":"https:\/\/centrourbano.com\/revista\/wp-json\/wp\/v2\/posts\/12908","targetHints":{"allow":["GET"]}}],"collection":[{"href":"https:\/\/centrourbano.com\/revista\/wp-json\/wp\/v2\/posts"}],"about":[{"href":"https:\/\/centrourbano.com\/revista\/wp-json\/wp\/v2\/types\/post"}],"author":[{"embeddable":true,"href":"https:\/\/centrourbano.com\/revista\/wp-json\/wp\/v2\/users\/9"}],"replies":[{"embeddable":true,"href":"https:\/\/centrourbano.com\/revista\/wp-json\/wp\/v2\/comments?post=12908"}],"version-history":[{"count":0,"href":"https:\/\/centrourbano.com\/revista\/wp-json\/wp\/v2\/posts\/12908\/revisions"}],"wp:attachment":[{"href":"https:\/\/centrourbano.com\/revista\/wp-json\/wp\/v2\/media?parent=12908"}],"wp:term":[{"taxonomy":"category","embeddable":true,"href":"https:\/\/centrourbano.com\/revista\/wp-json\/wp\/v2\/categories?post=12908"},{"taxonomy":"post_tag","embeddable":true,"href":"https:\/\/centrourbano.com\/revista\/wp-json\/wp\/v2\/tags?post=12908"}],"curies":[{"name":"wp","href":"https:\/\/api.w.org\/{rel}","templated":true}]}}