{"id":129071,"date":"2022-04-12T12:18:05","date_gmt":"2022-04-12T17:18:05","guid":{"rendered":"https:\/\/centrourbano.com\/?p=129071"},"modified":"2022-04-12T12:18:05","modified_gmt":"2022-04-12T17:18:05","slug":"gobierno-de-jalisco-planteles-educativos","status":"publish","type":"post","link":"https:\/\/centrourbano.com\/revista\/actualidad\/gobierno-de-jalisco-planteles-educativos\/","title":{"rendered":"Gobierno de Jalisco mejora infraestructura de planteles educativos"},"content":{"rendered":"<p><em>El Gobierno de Jalisco reconstruy\u00f3 escuelas de educaci\u00f3n b\u00e1sica en Puerto Vallarta, una de las primeras funciona desde 1928<\/em><\/p>\n<p><!--more--><\/p>\n<p>El <strong>Gobierno de Jalisco<\/strong> impulsa la <a href=\"https:\/\/centrourbano.com\/arquitectura-2\/invierten-5-9-mdp-en-la-rehabilitacion-del-puente-de-las-damas-en-jalisco\/\" target=\"_blank\" rel=\"noopener\"><strong>rehabilitaci\u00f3n<\/strong><\/a> hist\u00f3rica de <strong>escuelas<\/strong> de educaci\u00f3n b\u00e1sica en <strong>Puerto Vallarta<\/strong>. En este sentido, el gobernador de la entidad, <a href=\"https:\/\/twitter.com\/EnriqueAlfaroR\/status\/1512930629876338692?s=20&amp;t=DYDMp3mrhU_z5ddC3R-xqw\" target=\"_blank\" rel=\"noopener\"><strong>Enrique Alfaro,<\/strong><\/a> anunci\u00f3 que la <strong>escuela primaria 20 de Noviembre,<\/strong> que funciona desde <strong>1928<\/strong>, tendr\u00e1 una inversi\u00f3n de<strong> 30 millones de pesos<\/strong> (mdp).<\/p>\n<p>Dicho <strong>plantel<\/strong> educativo es de los m\u00e1s <strong>antiguos e ic\u00f3nicos<\/strong> del municipio de Puerto Vallarta. La reconstrucci\u00f3n tendr\u00e1 una<strong> intervenci\u00f3n integral<\/strong> para que exista mobiliario, equipo, ba\u00f1os, entre otros, con el objetivo de <strong>beneficiar<\/strong> a maestros, alumnos y toda la <strong>comunidad<\/strong>.<\/p>\n<blockquote><p>\u201cEl darle atenci\u00f3n a esta escuela se hab\u00eda pensado ya que tiene un valor hist\u00f3rico. Esta escuela tiene sus or\u00edgenes en 1928, y cuando uno ve la infraestructura te das cuenta que s\u00ed, desde entonces no se ha realizado una intervenci\u00f3n integral. Es por ello que, lo que vamos a hacer aqu\u00ed es reconstruir de manera completa para que tenga todo conforme a norma\u201d, explic\u00f3 el mandatario.<\/p><\/blockquote>\n<p>La reconstrucci\u00f3n de los planteles educativos se realizar\u00e1 a trav\u00e9s de la <strong>Secretar\u00eda de Infraestructura y Obra P\u00fablica<\/strong> (SIOP). Asimismo, se inform\u00f3 que la <strong>primaria 21 de Marzo<\/strong> tambi\u00e9n contar\u00e1 con una<strong> reconstrucci\u00f3n <\/strong>mediante\u00a0una inversi\u00f3n de <strong>20 mdp<\/strong>; lo\u00a0anterior, con el prop\u00f3sito de que los alumnos tengan un mejor espacio educativo.<\/p>\n<h2>Plantel educativo entregado<\/h2>\n<p>El <strong>Gobierno de Jalisco<\/strong> entrego la obra de <strong>reconstrucci\u00f3n<\/strong> de la escuela <strong>primaria Adolfo L\u00f3pez Mateos<\/strong>, ubicada en Puerto Vallarta. Las obras de rehabilitaci\u00f3n tuvieron una inversi\u00f3n de <strong>21 millones 110,000 pesos<\/strong>.<\/p>\n<p>Para la comunidad escolar, el gobierno integro <strong>aulas Google<\/strong> para aprovechamiento de los alumnos; as\u00ed como <strong>infraestructura segura<\/strong> para la comunidad que pertenece a esta escuela primaria.<\/p>\n<blockquote><p>\u201cLa inversi\u00f3n que se hizo en esta escuela fue de <strong>21 mdp<\/strong>. Esta obra escolar garantiza apego a las normas, instalaciones el\u00e9ctricas seguras y <strong>accesibilidad universal<\/strong>. Adem\u00e1s de <strong>conectividad con la Red Jalisco,<\/strong> que cuenta con internet de alta velocidad. La inversi\u00f3n permiti\u00f3 la <strong>reconstrucci\u00f3n<\/strong> de esta escuela, as\u00ed como lo haremos con otras\u201d, indic\u00f3 el gobernador Enrique Alfaro.<\/p><\/blockquote>\n","protected":false},"excerpt":{"rendered":"<p>El Gobierno de Jalisco reconstruy\u00f3 escuelas de educaci\u00f3n b\u00e1sica en Puerto Vallarta, una de las primeras funciona desde 1928<\/p>\n","protected":false},"author":85,"featured_media":129072,"comment_status":"open","ping_status":"closed","sticky":false,"template":"","format":"standard","meta":{"om_disable_all_campaigns":false,"inline_featured_image":false,"_monsterinsights_skip_tracking":false,"_monsterinsights_sitenote_active":false,"_monsterinsights_sitenote_note":"","_monsterinsights_sitenote_category":0,"footnotes":""},"categories":[80,14],"tags":[441,48,2387,8556],"class_list":["post-129071","post","type-post","status-publish","format-standard","has-post-thumbnail","hentry","category-actualidad","category-construccion","tag-escuelas","tag-jalisco","tag-reconstruccion","tag-siop"],"yoast_head":"<!-- This site is optimized with the Yoast SEO plugin v27.5 - https:\/\/yoast.com\/product\/yoast-seo-wordpress\/ -->\n<title>Gobierno de Jalisco mejora infraestructura de planteles educativos<\/title>\n<meta name=\"description\" content=\"El Gobierno de Jalisco reconstruy\u00f3 escuelas de educaci\u00f3n b\u00e1sica en Puerto Vallarta, una de las primeras funciona desde 1928\" \/>\n<meta name=\"robots\" content=\"index, follow, max-snippet:-1, max-image-preview:large, max-video-preview:-1\" \/>\n<link rel=\"canonical\" href=\"https:\/\/centrourbano.com\/revista\/actualidad\/gobierno-de-jalisco-planteles-educativos\/\" \/>\n<meta property=\"og:locale\" content=\"es_ES\" \/>\n<meta property=\"og:type\" content=\"article\" \/>\n<meta property=\"og:title\" content=\"Gobierno de Jalisco mejora infraestructura de planteles educativos\" \/>\n<meta property=\"og:description\" content=\"El Gobierno de Jalisco reconstruy\u00f3 escuelas de educaci\u00f3n b\u00e1sica en Puerto Vallarta, una de las primeras funciona desde 1928\" \/>\n<meta property=\"og:url\" content=\"https:\/\/centrourbano.com\/revista\/actualidad\/gobierno-de-jalisco-planteles-educativos\/\" \/>\n<meta property=\"og:site_name\" content=\"Centro Urbano\" \/>\n<meta property=\"article:publisher\" content=\"https:\/\/www.facebook.com\/portalcentrourbano\" \/>\n<meta property=\"article:published_time\" content=\"2022-04-12T17:18:05+00:00\" \/>\n<meta property=\"og:image\" content=\"https:\/\/centrourbano.com\/revista\/wp-content\/uploads\/Escuela800.jpg\" \/>\n\t<meta property=\"og:image:width\" content=\"800\" \/>\n\t<meta property=\"og:image:height\" content=\"800\" \/>\n\t<meta property=\"og:image:type\" content=\"image\/jpeg\" \/>\n<meta name=\"author\" content=\"Anayeli Mart\u00ednez\" \/>\n<meta name=\"twitter:card\" content=\"summary_large_image\" \/>\n<meta name=\"twitter:creator\" content=\"@CentroUrbano\" \/>\n<meta name=\"twitter:site\" content=\"@CentroUrbano\" \/>\n<meta name=\"twitter:label1\" content=\"Escrito por\" \/>\n\t<meta name=\"twitter:data1\" content=\"Anayeli Mart\u00ednez\" \/>\n\t<meta name=\"twitter:label2\" content=\"Tiempo de lectura\" \/>\n\t<meta name=\"twitter:data2\" content=\"2 minutos\" \/>\n<script type=\"application\/ld+json\" class=\"yoast-schema-graph\">{\"@context\":\"https:\\\/\\\/schema.org\",\"@graph\":[{\"@type\":\"Article\",\"@id\":\"https:\\\/\\\/centrourbano.com\\\/revista\\\/actualidad\\\/gobierno-de-jalisco-planteles-educativos\\\/#article\",\"isPartOf\":{\"@id\":\"https:\\\/\\\/centrourbano.com\\\/revista\\\/actualidad\\\/gobierno-de-jalisco-planteles-educativos\\\/\"},\"author\":{\"name\":\"Anayeli Mart\u00ednez\",\"@id\":\"https:\\\/\\\/centrourbano.com\\\/revista\\\/#\\\/schema\\\/person\\\/5ddb013734c68a8491249d786c63b75a\"},\"headline\":\"Gobierno de Jalisco mejora infraestructura de planteles educativos\",\"datePublished\":\"2022-04-12T17:18:05+00:00\",\"mainEntityOfPage\":{\"@id\":\"https:\\\/\\\/centrourbano.com\\\/revista\\\/actualidad\\\/gobierno-de-jalisco-planteles-educativos\\\/\"},\"wordCount\":380,\"commentCount\":0,\"publisher\":{\"@id\":\"https:\\\/\\\/centrourbano.com\\\/revista\\\/#organization\"},\"image\":{\"@id\":\"https:\\\/\\\/centrourbano.com\\\/revista\\\/actualidad\\\/gobierno-de-jalisco-planteles-educativos\\\/#primaryimage\"},\"thumbnailUrl\":\"https:\\\/\\\/centrourbano.com\\\/revista\\\/wp-content\\\/uploads\\\/Escuela800.jpg\",\"keywords\":[\"escuelas\",\"Jalisco\",\"reconstrucci\u00f3n\",\"SIOP\"],\"articleSection\":[\"Actualidad\",\"Construcci\u00f3n\"],\"inLanguage\":\"es\",\"potentialAction\":[{\"@type\":\"CommentAction\",\"name\":\"Comment\",\"target\":[\"https:\\\/\\\/centrourbano.com\\\/revista\\\/actualidad\\\/gobierno-de-jalisco-planteles-educativos\\\/#respond\"]}]},{\"@type\":\"WebPage\",\"@id\":\"https:\\\/\\\/centrourbano.com\\\/revista\\\/actualidad\\\/gobierno-de-jalisco-planteles-educativos\\\/\",\"url\":\"https:\\\/\\\/centrourbano.com\\\/revista\\\/actualidad\\\/gobierno-de-jalisco-planteles-educativos\\\/\",\"name\":\"Gobierno de Jalisco mejora infraestructura de planteles educativos\",\"isPartOf\":{\"@id\":\"https:\\\/\\\/centrourbano.com\\\/revista\\\/#website\"},\"primaryImageOfPage\":{\"@id\":\"https:\\\/\\\/centrourbano.com\\\/revista\\\/actualidad\\\/gobierno-de-jalisco-planteles-educativos\\\/#primaryimage\"},\"image\":{\"@id\":\"https:\\\/\\\/centrourbano.com\\\/revista\\\/actualidad\\\/gobierno-de-jalisco-planteles-educativos\\\/#primaryimage\"},\"thumbnailUrl\":\"https:\\\/\\\/centrourbano.com\\\/revista\\\/wp-content\\\/uploads\\\/Escuela800.jpg\",\"datePublished\":\"2022-04-12T17:18:05+00:00\",\"description\":\"El Gobierno de Jalisco reconstruy\u00f3 escuelas de educaci\u00f3n b\u00e1sica en Puerto Vallarta, una de las primeras funciona desde 1928\",\"breadcrumb\":{\"@id\":\"https:\\\/\\\/centrourbano.com\\\/revista\\\/actualidad\\\/gobierno-de-jalisco-planteles-educativos\\\/#breadcrumb\"},\"inLanguage\":\"es\",\"potentialAction\":[{\"@type\":\"ReadAction\",\"target\":[\"https:\\\/\\\/centrourbano.com\\\/revista\\\/actualidad\\\/gobierno-de-jalisco-planteles-educativos\\\/\"]}]},{\"@type\":\"ImageObject\",\"inLanguage\":\"es\",\"@id\":\"https:\\\/\\\/centrourbano.com\\\/revista\\\/actualidad\\\/gobierno-de-jalisco-planteles-educativos\\\/#primaryimage\",\"url\":\"https:\\\/\\\/centrourbano.com\\\/revista\\\/wp-content\\\/uploads\\\/Escuela800.jpg\",\"contentUrl\":\"https:\\\/\\\/centrourbano.com\\\/revista\\\/wp-content\\\/uploads\\\/Escuela800.jpg\",\"width\":800,\"height\":800,\"caption\":\"El Gobierno de Jalisco reconstruy\u00f3 escuelas de educaci\u00f3n b\u00e1sica en Puerto Vallarta, una de las primeras funciona desde 1928\"},{\"@type\":\"BreadcrumbList\",\"@id\":\"https:\\\/\\\/centrourbano.com\\\/revista\\\/actualidad\\\/gobierno-de-jalisco-planteles-educativos\\\/#breadcrumb\",\"itemListElement\":[{\"@type\":\"ListItem\",\"position\":1,\"name\":\"Portada\",\"item\":\"https:\\\/\\\/centrourbano.com\\\/revista\\\/\"},{\"@type\":\"ListItem\",\"position\":2,\"name\":\"Gobierno de Jalisco mejora infraestructura de planteles educativos\"}]},{\"@type\":\"WebSite\",\"@id\":\"https:\\\/\\\/centrourbano.com\\\/revista\\\/#website\",\"url\":\"https:\\\/\\\/centrourbano.com\\\/revista\\\/\",\"name\":\"Centro Urbano\",\"description\":\"Medio especializado en los sectores vivienda, inmobiliario, construcci\u00f3n, arquitectura y urbanismo.\",\"publisher\":{\"@id\":\"https:\\\/\\\/centrourbano.com\\\/revista\\\/#organization\"},\"potentialAction\":[{\"@type\":\"SearchAction\",\"target\":{\"@type\":\"EntryPoint\",\"urlTemplate\":\"https:\\\/\\\/centrourbano.com\\\/revista\\\/?s={search_term_string}\"},\"query-input\":{\"@type\":\"PropertyValueSpecification\",\"valueRequired\":true,\"valueName\":\"search_term_string\"}}],\"inLanguage\":\"es\"},{\"@type\":\"Organization\",\"@id\":\"https:\\\/\\\/centrourbano.com\\\/revista\\\/#organization\",\"name\":\"Centro Urbano\",\"url\":\"https:\\\/\\\/centrourbano.com\\\/revista\\\/\",\"logo\":{\"@type\":\"ImageObject\",\"inLanguage\":\"es\",\"@id\":\"https:\\\/\\\/centrourbano.com\\\/revista\\\/#\\\/schema\\\/logo\\\/image\\\/\",\"url\":\"https:\\\/\\\/centrourbano.com\\\/revista\\\/wp-content\\\/uploads\\\/web_CU_logo-1.png\",\"contentUrl\":\"https:\\\/\\\/centrourbano.com\\\/revista\\\/wp-content\\\/uploads\\\/web_CU_logo-1.png\",\"width\":350,\"height\":91,\"caption\":\"Centro Urbano\"},\"image\":{\"@id\":\"https:\\\/\\\/centrourbano.com\\\/revista\\\/#\\\/schema\\\/logo\\\/image\\\/\"},\"sameAs\":[\"https:\\\/\\\/www.facebook.com\\\/portalcentrourbano\",\"https:\\\/\\\/x.com\\\/CentroUrbano\",\"https:\\\/\\\/www.instagram.com\\\/centro_urbano\\\/\",\"https:\\\/\\\/www.linkedin.com\\\/company\\\/centro-urbano\\\/\",\"http:\\\/\\\/www.youtube.com\\\/user\\\/portalcentrourbano\"]},{\"@type\":\"Person\",\"@id\":\"https:\\\/\\\/centrourbano.com\\\/revista\\\/#\\\/schema\\\/person\\\/5ddb013734c68a8491249d786c63b75a\",\"name\":\"Anayeli Mart\u00ednez\",\"image\":{\"@type\":\"ImageObject\",\"inLanguage\":\"es\",\"@id\":\"https:\\\/\\\/secure.gravatar.com\\\/avatar\\\/8d692ff76d76e96dc45b09a68075ea9147c9e6835016464ec9379788e7e85fc3?s=96&d=mm&r=g\",\"url\":\"https:\\\/\\\/secure.gravatar.com\\\/avatar\\\/8d692ff76d76e96dc45b09a68075ea9147c9e6835016464ec9379788e7e85fc3?s=96&d=mm&r=g\",\"contentUrl\":\"https:\\\/\\\/secure.gravatar.com\\\/avatar\\\/8d692ff76d76e96dc45b09a68075ea9147c9e6835016464ec9379788e7e85fc3?s=96&d=mm&r=g\",\"caption\":\"Anayeli Mart\u00ednez\"},\"url\":\"https:\\\/\\\/centrourbano.com\\\/revista\\\/author\\\/anayeli-martinez\\\/\"}]}<\/script>\n<!-- \/ Yoast SEO plugin. -->","yoast_head_json":{"title":"Gobierno de Jalisco mejora infraestructura de planteles educativos","description":"El Gobierno de Jalisco reconstruy\u00f3 escuelas de educaci\u00f3n b\u00e1sica en Puerto Vallarta, una de las primeras funciona desde 1928","robots":{"index":"index","follow":"follow","max-snippet":"max-snippet:-1","max-image-preview":"max-image-preview:large","max-video-preview":"max-video-preview:-1"},"canonical":"https:\/\/centrourbano.com\/revista\/actualidad\/gobierno-de-jalisco-planteles-educativos\/","og_locale":"es_ES","og_type":"article","og_title":"Gobierno de Jalisco mejora infraestructura de planteles educativos","og_description":"El Gobierno de Jalisco reconstruy\u00f3 escuelas de educaci\u00f3n b\u00e1sica en Puerto Vallarta, una de las primeras funciona desde 1928","og_url":"https:\/\/centrourbano.com\/revista\/actualidad\/gobierno-de-jalisco-planteles-educativos\/","og_site_name":"Centro Urbano","article_publisher":"https:\/\/www.facebook.com\/portalcentrourbano","article_published_time":"2022-04-12T17:18:05+00:00","og_image":[{"width":800,"height":800,"url":"https:\/\/centrourbano.com\/revista\/wp-content\/uploads\/Escuela800.jpg","type":"image\/jpeg"}],"author":"Anayeli Mart\u00ednez","twitter_card":"summary_large_image","twitter_creator":"@CentroUrbano","twitter_site":"@CentroUrbano","twitter_misc":{"Escrito por":"Anayeli Mart\u00ednez","Tiempo de lectura":"2 minutos"},"schema":{"@context":"https:\/\/schema.org","@graph":[{"@type":"Article","@id":"https:\/\/centrourbano.com\/revista\/actualidad\/gobierno-de-jalisco-planteles-educativos\/#article","isPartOf":{"@id":"https:\/\/centrourbano.com\/revista\/actualidad\/gobierno-de-jalisco-planteles-educativos\/"},"author":{"name":"Anayeli Mart\u00ednez","@id":"https:\/\/centrourbano.com\/revista\/#\/schema\/person\/5ddb013734c68a8491249d786c63b75a"},"headline":"Gobierno de Jalisco mejora infraestructura de planteles educativos","datePublished":"2022-04-12T17:18:05+00:00","mainEntityOfPage":{"@id":"https:\/\/centrourbano.com\/revista\/actualidad\/gobierno-de-jalisco-planteles-educativos\/"},"wordCount":380,"commentCount":0,"publisher":{"@id":"https:\/\/centrourbano.com\/revista\/#organization"},"image":{"@id":"https:\/\/centrourbano.com\/revista\/actualidad\/gobierno-de-jalisco-planteles-educativos\/#primaryimage"},"thumbnailUrl":"https:\/\/centrourbano.com\/revista\/wp-content\/uploads\/Escuela800.jpg","keywords":["escuelas","Jalisco","reconstrucci\u00f3n","SIOP"],"articleSection":["Actualidad","Construcci\u00f3n"],"inLanguage":"es","potentialAction":[{"@type":"CommentAction","name":"Comment","target":["https:\/\/centrourbano.com\/revista\/actualidad\/gobierno-de-jalisco-planteles-educativos\/#respond"]}]},{"@type":"WebPage","@id":"https:\/\/centrourbano.com\/revista\/actualidad\/gobierno-de-jalisco-planteles-educativos\/","url":"https:\/\/centrourbano.com\/revista\/actualidad\/gobierno-de-jalisco-planteles-educativos\/","name":"Gobierno de Jalisco mejora infraestructura de planteles educativos","isPartOf":{"@id":"https:\/\/centrourbano.com\/revista\/#website"},"primaryImageOfPage":{"@id":"https:\/\/centrourbano.com\/revista\/actualidad\/gobierno-de-jalisco-planteles-educativos\/#primaryimage"},"image":{"@id":"https:\/\/centrourbano.com\/revista\/actualidad\/gobierno-de-jalisco-planteles-educativos\/#primaryimage"},"thumbnailUrl":"https:\/\/centrourbano.com\/revista\/wp-content\/uploads\/Escuela800.jpg","datePublished":"2022-04-12T17:18:05+00:00","description":"El Gobierno de Jalisco reconstruy\u00f3 escuelas de educaci\u00f3n b\u00e1sica en Puerto Vallarta, una de las primeras funciona desde 1928","breadcrumb":{"@id":"https:\/\/centrourbano.com\/revista\/actualidad\/gobierno-de-jalisco-planteles-educativos\/#breadcrumb"},"inLanguage":"es","potentialAction":[{"@type":"ReadAction","target":["https:\/\/centrourbano.com\/revista\/actualidad\/gobierno-de-jalisco-planteles-educativos\/"]}]},{"@type":"ImageObject","inLanguage":"es","@id":"https:\/\/centrourbano.com\/revista\/actualidad\/gobierno-de-jalisco-planteles-educativos\/#primaryimage","url":"https:\/\/centrourbano.com\/revista\/wp-content\/uploads\/Escuela800.jpg","contentUrl":"https:\/\/centrourbano.com\/revista\/wp-content\/uploads\/Escuela800.jpg","width":800,"height":800,"caption":"El Gobierno de Jalisco reconstruy\u00f3 escuelas de educaci\u00f3n b\u00e1sica en Puerto Vallarta, una de las primeras funciona desde 1928"},{"@type":"BreadcrumbList","@id":"https:\/\/centrourbano.com\/revista\/actualidad\/gobierno-de-jalisco-planteles-educativos\/#breadcrumb","itemListElement":[{"@type":"ListItem","position":1,"name":"Portada","item":"https:\/\/centrourbano.com\/revista\/"},{"@type":"ListItem","position":2,"name":"Gobierno de Jalisco mejora infraestructura de planteles educativos"}]},{"@type":"WebSite","@id":"https:\/\/centrourbano.com\/revista\/#website","url":"https:\/\/centrourbano.com\/revista\/","name":"Centro Urbano","description":"Medio especializado en los sectores vivienda, inmobiliario, construcci\u00f3n, arquitectura y urbanismo.","publisher":{"@id":"https:\/\/centrourbano.com\/revista\/#organization"},"potentialAction":[{"@type":"SearchAction","target":{"@type":"EntryPoint","urlTemplate":"https:\/\/centrourbano.com\/revista\/?s={search_term_string}"},"query-input":{"@type":"PropertyValueSpecification","valueRequired":true,"valueName":"search_term_string"}}],"inLanguage":"es"},{"@type":"Organization","@id":"https:\/\/centrourbano.com\/revista\/#organization","name":"Centro Urbano","url":"https:\/\/centrourbano.com\/revista\/","logo":{"@type":"ImageObject","inLanguage":"es","@id":"https:\/\/centrourbano.com\/revista\/#\/schema\/logo\/image\/","url":"https:\/\/centrourbano.com\/revista\/wp-content\/uploads\/web_CU_logo-1.png","contentUrl":"https:\/\/centrourbano.com\/revista\/wp-content\/uploads\/web_CU_logo-1.png","width":350,"height":91,"caption":"Centro Urbano"},"image":{"@id":"https:\/\/centrourbano.com\/revista\/#\/schema\/logo\/image\/"},"sameAs":["https:\/\/www.facebook.com\/portalcentrourbano","https:\/\/x.com\/CentroUrbano","https:\/\/www.instagram.com\/centro_urbano\/","https:\/\/www.linkedin.com\/company\/centro-urbano\/","http:\/\/www.youtube.com\/user\/portalcentrourbano"]},{"@type":"Person","@id":"https:\/\/centrourbano.com\/revista\/#\/schema\/person\/5ddb013734c68a8491249d786c63b75a","name":"Anayeli Mart\u00ednez","image":{"@type":"ImageObject","inLanguage":"es","@id":"https:\/\/secure.gravatar.com\/avatar\/8d692ff76d76e96dc45b09a68075ea9147c9e6835016464ec9379788e7e85fc3?s=96&d=mm&r=g","url":"https:\/\/secure.gravatar.com\/avatar\/8d692ff76d76e96dc45b09a68075ea9147c9e6835016464ec9379788e7e85fc3?s=96&d=mm&r=g","contentUrl":"https:\/\/secure.gravatar.com\/avatar\/8d692ff76d76e96dc45b09a68075ea9147c9e6835016464ec9379788e7e85fc3?s=96&d=mm&r=g","caption":"Anayeli Mart\u00ednez"},"url":"https:\/\/centrourbano.com\/revista\/author\/anayeli-martinez\/"}]}},"_links":{"self":[{"href":"https:\/\/centrourbano.com\/revista\/wp-json\/wp\/v2\/posts\/129071","targetHints":{"allow":["GET"]}}],"collection":[{"href":"https:\/\/centrourbano.com\/revista\/wp-json\/wp\/v2\/posts"}],"about":[{"href":"https:\/\/centrourbano.com\/revista\/wp-json\/wp\/v2\/types\/post"}],"author":[{"embeddable":true,"href":"https:\/\/centrourbano.com\/revista\/wp-json\/wp\/v2\/users\/85"}],"replies":[{"embeddable":true,"href":"https:\/\/centrourbano.com\/revista\/wp-json\/wp\/v2\/comments?post=129071"}],"version-history":[{"count":3,"href":"https:\/\/centrourbano.com\/revista\/wp-json\/wp\/v2\/posts\/129071\/revisions"}],"predecessor-version":[{"id":129174,"href":"https:\/\/centrourbano.com\/revista\/wp-json\/wp\/v2\/posts\/129071\/revisions\/129174"}],"wp:featuredmedia":[{"embeddable":true,"href":"https:\/\/centrourbano.com\/revista\/wp-json\/wp\/v2\/media\/129072"}],"wp:attachment":[{"href":"https:\/\/centrourbano.com\/revista\/wp-json\/wp\/v2\/media?parent=129071"}],"wp:term":[{"taxonomy":"category","embeddable":true,"href":"https:\/\/centrourbano.com\/revista\/wp-json\/wp\/v2\/categories?post=129071"},{"taxonomy":"post_tag","embeddable":true,"href":"https:\/\/centrourbano.com\/revista\/wp-json\/wp\/v2\/tags?post=129071"}],"curies":[{"name":"wp","href":"https:\/\/api.w.org\/{rel}","templated":true}]}}