{"id":129045,"date":"2022-04-11T09:00:06","date_gmt":"2022-04-11T14:00:06","guid":{"rendered":"https:\/\/centrourbano.com\/?p=129045"},"modified":"2022-04-08T18:13:51","modified_gmt":"2022-04-08T23:13:51","slug":"brasil-buro-ejecutivo-onu-habitat","status":"publish","type":"post","link":"https:\/\/centrourbano.com\/revista\/urbanismo\/brasil-buro-ejecutivo-onu-habitat\/","title":{"rendered":"Brasil presidir\u00e1 el Bur\u00f3 Ejecutivo de ONU-Habitat"},"content":{"rendered":"<p><em>Asimismo, la Junta Ejecutiva de ONU-Habitat discuti\u00f3 los preparativos para la Reuni\u00f3n de Alto Nivel de la Asamblea General y la pr\u00f3xima sesi\u00f3n del WUF <\/em><!--more--><\/p>\n<p>Durante su primera sesi\u00f3n de 2022, la <strong><a href=\"https:\/\/centrourbano.com\/urbanismo\/agenda-climatica-martha-delgado\/\" target=\"_blank\" rel=\"noopener\">Junta Ejecutiva<\/a> de ONU-Habitat<\/strong> eligi\u00f3 a <strong>Brasil<\/strong> como nuevo <strong>presidente del Bur\u00f3<\/strong>, con lo que representar\u00e1 a los Estados Miembros de Am\u00e9rica Latina y el Caribe.<\/p>\n<p>Por su parte, <strong>Kenia<\/strong>, <strong>Pakist\u00e1n<\/strong> y <strong>Polonia<\/strong>, en representaci\u00f3n de los Estados africanos, de Asia y el Pac\u00edfico y a los de Europa del Este, respectivamente, fueron elegidos vicepresidentes. Mientras que <strong>Francia<\/strong>, en representaci\u00f3n de Europa Occidental y otros Estados, se eligi\u00f3 relatora.<\/p>\n<p>\u201cPerm\u00edtanme dar la bienvenida al <strong>embajador de Brasil<\/strong>, amigo de ONU-Habitat y presidente entrante de la Junta Ejecutiva. Tambi\u00e9n quiero felicitar a los miembros del Bur\u00f3 entrantes: <strong>Polonia<\/strong>, <strong>Kenia<\/strong>, <strong>Pakist\u00e1n<\/strong> y <strong>Francia<\/strong>. Recibimos a Kenia y damos de nuevo la bienvenida a caras muy familiares. Esta continuidad y memoria institucional es muy \u00fatil y espero su orientaci\u00f3n\u201d, dijo <a href=\"https:\/\/onuhabitat.org.mx\/\" target=\"_blank\" rel=\"noopener\"><strong>Maimunah Mohd Sharif<\/strong><\/a>, <strong>directora ejecutiva de ONU<\/strong>&#8211;<strong>Habitat<\/strong>.<\/p>\n<p>La <strong>Junta Ejecutiva<\/strong> se re\u00fane dos o tres veces al a\u00f1o, y se compone de 36 Estados miembros elegidos por la <strong>Asamblea de las Naciones Unidas<\/strong>. Esto con el objetivo de proporcionar supervisi\u00f3n a ONU-Habitat en torno a la implementaci\u00f3n de actividades normativas y operativas; as\u00ed como el programa de trabajo y el presupuesto de la organizaci\u00f3n.<\/p>\n<p>En esta ocasi\u00f3n, tambi\u00e9n se discutieron los preparativos para la pr\u00f3xima <strong>Reuni\u00f3n de Alto Nivel de la Asamblea General<\/strong>, que se llevar\u00e1 a cabo el 28 de abril de 2022 en Nueva York; adem\u00e1s de los preparativos para la und\u00e9cima sesi\u00f3n del <strong>Foro Urbano Mundial<\/strong>, que se realizar\u00e1 en Katowice, Polonia, en junio de 2022.<\/p>\n","protected":false},"excerpt":{"rendered":"<p>Asimismo, la Junta Ejecutiva de ONU-Habitat discuti\u00f3 los preparativos para la Reuni\u00f3n de Alto Nivel de la Asamblea General y la pr\u00f3xima sesi\u00f3n del WUF<\/p>\n","protected":false},"author":73,"featured_media":129047,"comment_status":"open","ping_status":"closed","sticky":false,"template":"","format":"standard","meta":{"om_disable_all_campaigns":false,"inline_featured_image":false,"_monsterinsights_skip_tracking":false,"_monsterinsights_sitenote_active":false,"_monsterinsights_sitenote_note":"","_monsterinsights_sitenote_category":0,"footnotes":""},"categories":[82],"tags":[21634,929,1382,21633,2653],"class_list":["post-129045","post","type-post","status-publish","format-standard","has-post-thumbnail","hentry","category-urbanismo","tag-asamblea-de-las-naciones-unidas","tag-brasil","tag-foro-urbano-mundial","tag-junta-ejecutiva","tag-onu-habitat"],"yoast_head":"<!-- This site is optimized with the Yoast SEO plugin v27.4 - https:\/\/yoast.com\/product\/yoast-seo-wordpress\/ -->\n<title>Brasil presidir\u00e1 el Bur\u00f3 Ejecutivo de ONU-Habitat<\/title>\n<meta name=\"description\" content=\"Asimismo, la Junta Ejecutiva de ONU-Habitat discuti\u00f3 los preparativos para la Reuni\u00f3n de Alto Nivel de la Asamblea General y el WUF11\" \/>\n<meta name=\"robots\" content=\"index, follow, max-snippet:-1, max-image-preview:large, max-video-preview:-1\" \/>\n<link rel=\"canonical\" href=\"https:\/\/centrourbano.com\/revista\/urbanismo\/brasil-buro-ejecutivo-onu-habitat\/\" \/>\n<meta property=\"og:locale\" content=\"es_ES\" \/>\n<meta property=\"og:type\" content=\"article\" \/>\n<meta property=\"og:title\" content=\"Brasil presidir\u00e1 el Bur\u00f3 Ejecutivo de ONU-Habitat\" \/>\n<meta property=\"og:description\" content=\"Asimismo, la Junta Ejecutiva de ONU-Habitat discuti\u00f3 los preparativos para la Reuni\u00f3n de Alto Nivel de la Asamblea General y el WUF11\" \/>\n<meta property=\"og:url\" content=\"https:\/\/centrourbano.com\/revista\/urbanismo\/brasil-buro-ejecutivo-onu-habitat\/\" \/>\n<meta property=\"og:site_name\" content=\"Centro Urbano\" \/>\n<meta property=\"article:publisher\" content=\"https:\/\/www.facebook.com\/portalcentrourbano\" \/>\n<meta property=\"article:published_time\" content=\"2022-04-11T14:00:06+00:00\" \/>\n<meta property=\"og:image\" content=\"https:\/\/centrourbano.com\/revista\/wp-content\/uploads\/Brasil-presidira-el-Buro-Ejecutivo-de-ONU-Habitat.jpg\" \/>\n\t<meta property=\"og:image:width\" content=\"500\" \/>\n\t<meta property=\"og:image:height\" content=\"450\" \/>\n\t<meta property=\"og:image:type\" content=\"image\/jpeg\" \/>\n<meta name=\"author\" content=\"Fernanda Hern\u00e1ndez\" \/>\n<meta name=\"twitter:card\" content=\"summary_large_image\" \/>\n<meta name=\"twitter:creator\" content=\"@https:\/\/twitter.com\/Nannz_Hernandez\" \/>\n<meta name=\"twitter:site\" content=\"@CentroUrbano\" \/>\n<meta name=\"twitter:label1\" content=\"Escrito por\" \/>\n\t<meta name=\"twitter:data1\" content=\"Fernanda Hern\u00e1ndez\" \/>\n\t<meta name=\"twitter:label2\" content=\"Tiempo de lectura\" \/>\n\t<meta name=\"twitter:data2\" content=\"1 minuto\" \/>\n<script type=\"application\/ld+json\" class=\"yoast-schema-graph\">{\"@context\":\"https:\\\/\\\/schema.org\",\"@graph\":[{\"@type\":\"Article\",\"@id\":\"https:\\\/\\\/centrourbano.com\\\/revista\\\/urbanismo\\\/brasil-buro-ejecutivo-onu-habitat\\\/#article\",\"isPartOf\":{\"@id\":\"https:\\\/\\\/centrourbano.com\\\/revista\\\/urbanismo\\\/brasil-buro-ejecutivo-onu-habitat\\\/\"},\"author\":{\"name\":\"Fernanda Hern\u00e1ndez\",\"@id\":\"https:\\\/\\\/centrourbano.com\\\/revista\\\/#\\\/schema\\\/person\\\/b190b20bbbceb41ec72278c546fa8df3\"},\"headline\":\"Brasil presidir\u00e1 el Bur\u00f3 Ejecutivo de ONU-Habitat\",\"datePublished\":\"2022-04-11T14:00:06+00:00\",\"mainEntityOfPage\":{\"@id\":\"https:\\\/\\\/centrourbano.com\\\/revista\\\/urbanismo\\\/brasil-buro-ejecutivo-onu-habitat\\\/\"},\"wordCount\":305,\"commentCount\":0,\"publisher\":{\"@id\":\"https:\\\/\\\/centrourbano.com\\\/revista\\\/#organization\"},\"image\":{\"@id\":\"https:\\\/\\\/centrourbano.com\\\/revista\\\/urbanismo\\\/brasil-buro-ejecutivo-onu-habitat\\\/#primaryimage\"},\"thumbnailUrl\":\"https:\\\/\\\/centrourbano.com\\\/revista\\\/wp-content\\\/uploads\\\/Brasil-presidira-el-Buro-Ejecutivo-de-ONU-Habitat.jpg\",\"keywords\":[\"Asamblea de las Naciones Unidas\",\"Brasil\",\"Foro Urbano Mundial\",\"Junta Ejecutiva\",\"ONU-Habitat\"],\"articleSection\":[\"Urbanismo\"],\"inLanguage\":\"es\",\"potentialAction\":[{\"@type\":\"CommentAction\",\"name\":\"Comment\",\"target\":[\"https:\\\/\\\/centrourbano.com\\\/revista\\\/urbanismo\\\/brasil-buro-ejecutivo-onu-habitat\\\/#respond\"]}]},{\"@type\":\"WebPage\",\"@id\":\"https:\\\/\\\/centrourbano.com\\\/revista\\\/urbanismo\\\/brasil-buro-ejecutivo-onu-habitat\\\/\",\"url\":\"https:\\\/\\\/centrourbano.com\\\/revista\\\/urbanismo\\\/brasil-buro-ejecutivo-onu-habitat\\\/\",\"name\":\"Brasil presidir\u00e1 el Bur\u00f3 Ejecutivo de ONU-Habitat\",\"isPartOf\":{\"@id\":\"https:\\\/\\\/centrourbano.com\\\/revista\\\/#website\"},\"primaryImageOfPage\":{\"@id\":\"https:\\\/\\\/centrourbano.com\\\/revista\\\/urbanismo\\\/brasil-buro-ejecutivo-onu-habitat\\\/#primaryimage\"},\"image\":{\"@id\":\"https:\\\/\\\/centrourbano.com\\\/revista\\\/urbanismo\\\/brasil-buro-ejecutivo-onu-habitat\\\/#primaryimage\"},\"thumbnailUrl\":\"https:\\\/\\\/centrourbano.com\\\/revista\\\/wp-content\\\/uploads\\\/Brasil-presidira-el-Buro-Ejecutivo-de-ONU-Habitat.jpg\",\"datePublished\":\"2022-04-11T14:00:06+00:00\",\"description\":\"Asimismo, la Junta Ejecutiva de ONU-Habitat discuti\u00f3 los preparativos para la Reuni\u00f3n de Alto Nivel de la Asamblea General y el WUF11\",\"breadcrumb\":{\"@id\":\"https:\\\/\\\/centrourbano.com\\\/revista\\\/urbanismo\\\/brasil-buro-ejecutivo-onu-habitat\\\/#breadcrumb\"},\"inLanguage\":\"es\",\"potentialAction\":[{\"@type\":\"ReadAction\",\"target\":[\"https:\\\/\\\/centrourbano.com\\\/revista\\\/urbanismo\\\/brasil-buro-ejecutivo-onu-habitat\\\/\"]}]},{\"@type\":\"ImageObject\",\"inLanguage\":\"es\",\"@id\":\"https:\\\/\\\/centrourbano.com\\\/revista\\\/urbanismo\\\/brasil-buro-ejecutivo-onu-habitat\\\/#primaryimage\",\"url\":\"https:\\\/\\\/centrourbano.com\\\/revista\\\/wp-content\\\/uploads\\\/Brasil-presidira-el-Buro-Ejecutivo-de-ONU-Habitat.jpg\",\"contentUrl\":\"https:\\\/\\\/centrourbano.com\\\/revista\\\/wp-content\\\/uploads\\\/Brasil-presidira-el-Buro-Ejecutivo-de-ONU-Habitat.jpg\",\"width\":500,\"height\":450,\"caption\":\"Asimismo, la Junta Ejecutiva de ONU-Habitat discuti\u00f3 los preparativos para la Reuni\u00f3n de Alto Nivel de la Asamblea General y el WUF11\"},{\"@type\":\"BreadcrumbList\",\"@id\":\"https:\\\/\\\/centrourbano.com\\\/revista\\\/urbanismo\\\/brasil-buro-ejecutivo-onu-habitat\\\/#breadcrumb\",\"itemListElement\":[{\"@type\":\"ListItem\",\"position\":1,\"name\":\"Portada\",\"item\":\"https:\\\/\\\/centrourbano.com\\\/revista\\\/\"},{\"@type\":\"ListItem\",\"position\":2,\"name\":\"Brasil presidir\u00e1 el Bur\u00f3 Ejecutivo de ONU-Habitat\"}]},{\"@type\":\"WebSite\",\"@id\":\"https:\\\/\\\/centrourbano.com\\\/revista\\\/#website\",\"url\":\"https:\\\/\\\/centrourbano.com\\\/revista\\\/\",\"name\":\"Centro Urbano\",\"description\":\"Medio especializado en los sectores vivienda, inmobiliario, construcci\u00f3n, arquitectura y urbanismo.\",\"publisher\":{\"@id\":\"https:\\\/\\\/centrourbano.com\\\/revista\\\/#organization\"},\"potentialAction\":[{\"@type\":\"SearchAction\",\"target\":{\"@type\":\"EntryPoint\",\"urlTemplate\":\"https:\\\/\\\/centrourbano.com\\\/revista\\\/?s={search_term_string}\"},\"query-input\":{\"@type\":\"PropertyValueSpecification\",\"valueRequired\":true,\"valueName\":\"search_term_string\"}}],\"inLanguage\":\"es\"},{\"@type\":\"Organization\",\"@id\":\"https:\\\/\\\/centrourbano.com\\\/revista\\\/#organization\",\"name\":\"Centro Urbano\",\"url\":\"https:\\\/\\\/centrourbano.com\\\/revista\\\/\",\"logo\":{\"@type\":\"ImageObject\",\"inLanguage\":\"es\",\"@id\":\"https:\\\/\\\/centrourbano.com\\\/revista\\\/#\\\/schema\\\/logo\\\/image\\\/\",\"url\":\"https:\\\/\\\/centrourbano.com\\\/revista\\\/wp-content\\\/uploads\\\/web_CU_logo-1.png\",\"contentUrl\":\"https:\\\/\\\/centrourbano.com\\\/revista\\\/wp-content\\\/uploads\\\/web_CU_logo-1.png\",\"width\":350,\"height\":91,\"caption\":\"Centro Urbano\"},\"image\":{\"@id\":\"https:\\\/\\\/centrourbano.com\\\/revista\\\/#\\\/schema\\\/logo\\\/image\\\/\"},\"sameAs\":[\"https:\\\/\\\/www.facebook.com\\\/portalcentrourbano\",\"https:\\\/\\\/x.com\\\/CentroUrbano\",\"https:\\\/\\\/www.instagram.com\\\/centro_urbano\\\/\",\"https:\\\/\\\/www.linkedin.com\\\/company\\\/centro-urbano\\\/\",\"http:\\\/\\\/www.youtube.com\\\/user\\\/portalcentrourbano\"]},{\"@type\":\"Person\",\"@id\":\"https:\\\/\\\/centrourbano.com\\\/revista\\\/#\\\/schema\\\/person\\\/b190b20bbbceb41ec72278c546fa8df3\",\"name\":\"Fernanda Hern\u00e1ndez\",\"image\":{\"@type\":\"ImageObject\",\"inLanguage\":\"es\",\"@id\":\"https:\\\/\\\/secure.gravatar.com\\\/avatar\\\/9471831fb0a24eae9d32d826a7cb8ef07c34a41520aca1a0ab1f5c0903ba49b9?s=96&d=mm&r=g\",\"url\":\"https:\\\/\\\/secure.gravatar.com\\\/avatar\\\/9471831fb0a24eae9d32d826a7cb8ef07c34a41520aca1a0ab1f5c0903ba49b9?s=96&d=mm&r=g\",\"contentUrl\":\"https:\\\/\\\/secure.gravatar.com\\\/avatar\\\/9471831fb0a24eae9d32d826a7cb8ef07c34a41520aca1a0ab1f5c0903ba49b9?s=96&d=mm&r=g\",\"caption\":\"Fernanda Hern\u00e1ndez\"},\"description\":\"Reportera y redactora en Centro Urbano. Soy egresada de la licenciatura en Ciencias de la Comunicaci\u00f3n de la Facultad de Ciencias Pol\u00edticas y Sociales (UNAM). Me interesa la cultura, el urbanismo y la arquitectura. Amante del mundo digital, el cine, la m\u00fasica, la lectura y la escritura.\",\"sameAs\":[\"https:\\\/\\\/x.com\\\/https:\\\/\\\/twitter.com\\\/Nannz_Hernandez\"],\"url\":\"https:\\\/\\\/centrourbano.com\\\/revista\\\/author\\\/fernanda-hernandez\\\/\"}]}<\/script>\n<!-- \/ Yoast SEO plugin. -->","yoast_head_json":{"title":"Brasil presidir\u00e1 el Bur\u00f3 Ejecutivo de ONU-Habitat","description":"Asimismo, la Junta Ejecutiva de ONU-Habitat discuti\u00f3 los preparativos para la Reuni\u00f3n de Alto Nivel de la Asamblea General y el WUF11","robots":{"index":"index","follow":"follow","max-snippet":"max-snippet:-1","max-image-preview":"max-image-preview:large","max-video-preview":"max-video-preview:-1"},"canonical":"https:\/\/centrourbano.com\/revista\/urbanismo\/brasil-buro-ejecutivo-onu-habitat\/","og_locale":"es_ES","og_type":"article","og_title":"Brasil presidir\u00e1 el Bur\u00f3 Ejecutivo de ONU-Habitat","og_description":"Asimismo, la Junta Ejecutiva de ONU-Habitat discuti\u00f3 los preparativos para la Reuni\u00f3n de Alto Nivel de la Asamblea General y el WUF11","og_url":"https:\/\/centrourbano.com\/revista\/urbanismo\/brasil-buro-ejecutivo-onu-habitat\/","og_site_name":"Centro Urbano","article_publisher":"https:\/\/www.facebook.com\/portalcentrourbano","article_published_time":"2022-04-11T14:00:06+00:00","og_image":[{"width":500,"height":450,"url":"https:\/\/centrourbano.com\/revista\/wp-content\/uploads\/Brasil-presidira-el-Buro-Ejecutivo-de-ONU-Habitat.jpg","type":"image\/jpeg"}],"author":"Fernanda Hern\u00e1ndez","twitter_card":"summary_large_image","twitter_creator":"@https:\/\/twitter.com\/Nannz_Hernandez","twitter_site":"@CentroUrbano","twitter_misc":{"Escrito por":"Fernanda Hern\u00e1ndez","Tiempo de lectura":"1 minuto"},"schema":{"@context":"https:\/\/schema.org","@graph":[{"@type":"Article","@id":"https:\/\/centrourbano.com\/revista\/urbanismo\/brasil-buro-ejecutivo-onu-habitat\/#article","isPartOf":{"@id":"https:\/\/centrourbano.com\/revista\/urbanismo\/brasil-buro-ejecutivo-onu-habitat\/"},"author":{"name":"Fernanda Hern\u00e1ndez","@id":"https:\/\/centrourbano.com\/revista\/#\/schema\/person\/b190b20bbbceb41ec72278c546fa8df3"},"headline":"Brasil presidir\u00e1 el Bur\u00f3 Ejecutivo de ONU-Habitat","datePublished":"2022-04-11T14:00:06+00:00","mainEntityOfPage":{"@id":"https:\/\/centrourbano.com\/revista\/urbanismo\/brasil-buro-ejecutivo-onu-habitat\/"},"wordCount":305,"commentCount":0,"publisher":{"@id":"https:\/\/centrourbano.com\/revista\/#organization"},"image":{"@id":"https:\/\/centrourbano.com\/revista\/urbanismo\/brasil-buro-ejecutivo-onu-habitat\/#primaryimage"},"thumbnailUrl":"https:\/\/centrourbano.com\/revista\/wp-content\/uploads\/Brasil-presidira-el-Buro-Ejecutivo-de-ONU-Habitat.jpg","keywords":["Asamblea de las Naciones Unidas","Brasil","Foro Urbano Mundial","Junta Ejecutiva","ONU-Habitat"],"articleSection":["Urbanismo"],"inLanguage":"es","potentialAction":[{"@type":"CommentAction","name":"Comment","target":["https:\/\/centrourbano.com\/revista\/urbanismo\/brasil-buro-ejecutivo-onu-habitat\/#respond"]}]},{"@type":"WebPage","@id":"https:\/\/centrourbano.com\/revista\/urbanismo\/brasil-buro-ejecutivo-onu-habitat\/","url":"https:\/\/centrourbano.com\/revista\/urbanismo\/brasil-buro-ejecutivo-onu-habitat\/","name":"Brasil presidir\u00e1 el Bur\u00f3 Ejecutivo de ONU-Habitat","isPartOf":{"@id":"https:\/\/centrourbano.com\/revista\/#website"},"primaryImageOfPage":{"@id":"https:\/\/centrourbano.com\/revista\/urbanismo\/brasil-buro-ejecutivo-onu-habitat\/#primaryimage"},"image":{"@id":"https:\/\/centrourbano.com\/revista\/urbanismo\/brasil-buro-ejecutivo-onu-habitat\/#primaryimage"},"thumbnailUrl":"https:\/\/centrourbano.com\/revista\/wp-content\/uploads\/Brasil-presidira-el-Buro-Ejecutivo-de-ONU-Habitat.jpg","datePublished":"2022-04-11T14:00:06+00:00","description":"Asimismo, la Junta Ejecutiva de ONU-Habitat discuti\u00f3 los preparativos para la Reuni\u00f3n de Alto Nivel de la Asamblea General y el WUF11","breadcrumb":{"@id":"https:\/\/centrourbano.com\/revista\/urbanismo\/brasil-buro-ejecutivo-onu-habitat\/#breadcrumb"},"inLanguage":"es","potentialAction":[{"@type":"ReadAction","target":["https:\/\/centrourbano.com\/revista\/urbanismo\/brasil-buro-ejecutivo-onu-habitat\/"]}]},{"@type":"ImageObject","inLanguage":"es","@id":"https:\/\/centrourbano.com\/revista\/urbanismo\/brasil-buro-ejecutivo-onu-habitat\/#primaryimage","url":"https:\/\/centrourbano.com\/revista\/wp-content\/uploads\/Brasil-presidira-el-Buro-Ejecutivo-de-ONU-Habitat.jpg","contentUrl":"https:\/\/centrourbano.com\/revista\/wp-content\/uploads\/Brasil-presidira-el-Buro-Ejecutivo-de-ONU-Habitat.jpg","width":500,"height":450,"caption":"Asimismo, la Junta Ejecutiva de ONU-Habitat discuti\u00f3 los preparativos para la Reuni\u00f3n de Alto Nivel de la Asamblea General y el WUF11"},{"@type":"BreadcrumbList","@id":"https:\/\/centrourbano.com\/revista\/urbanismo\/brasil-buro-ejecutivo-onu-habitat\/#breadcrumb","itemListElement":[{"@type":"ListItem","position":1,"name":"Portada","item":"https:\/\/centrourbano.com\/revista\/"},{"@type":"ListItem","position":2,"name":"Brasil presidir\u00e1 el Bur\u00f3 Ejecutivo de ONU-Habitat"}]},{"@type":"WebSite","@id":"https:\/\/centrourbano.com\/revista\/#website","url":"https:\/\/centrourbano.com\/revista\/","name":"Centro Urbano","description":"Medio especializado en los sectores vivienda, inmobiliario, construcci\u00f3n, arquitectura y urbanismo.","publisher":{"@id":"https:\/\/centrourbano.com\/revista\/#organization"},"potentialAction":[{"@type":"SearchAction","target":{"@type":"EntryPoint","urlTemplate":"https:\/\/centrourbano.com\/revista\/?s={search_term_string}"},"query-input":{"@type":"PropertyValueSpecification","valueRequired":true,"valueName":"search_term_string"}}],"inLanguage":"es"},{"@type":"Organization","@id":"https:\/\/centrourbano.com\/revista\/#organization","name":"Centro Urbano","url":"https:\/\/centrourbano.com\/revista\/","logo":{"@type":"ImageObject","inLanguage":"es","@id":"https:\/\/centrourbano.com\/revista\/#\/schema\/logo\/image\/","url":"https:\/\/centrourbano.com\/revista\/wp-content\/uploads\/web_CU_logo-1.png","contentUrl":"https:\/\/centrourbano.com\/revista\/wp-content\/uploads\/web_CU_logo-1.png","width":350,"height":91,"caption":"Centro Urbano"},"image":{"@id":"https:\/\/centrourbano.com\/revista\/#\/schema\/logo\/image\/"},"sameAs":["https:\/\/www.facebook.com\/portalcentrourbano","https:\/\/x.com\/CentroUrbano","https:\/\/www.instagram.com\/centro_urbano\/","https:\/\/www.linkedin.com\/company\/centro-urbano\/","http:\/\/www.youtube.com\/user\/portalcentrourbano"]},{"@type":"Person","@id":"https:\/\/centrourbano.com\/revista\/#\/schema\/person\/b190b20bbbceb41ec72278c546fa8df3","name":"Fernanda Hern\u00e1ndez","image":{"@type":"ImageObject","inLanguage":"es","@id":"https:\/\/secure.gravatar.com\/avatar\/9471831fb0a24eae9d32d826a7cb8ef07c34a41520aca1a0ab1f5c0903ba49b9?s=96&d=mm&r=g","url":"https:\/\/secure.gravatar.com\/avatar\/9471831fb0a24eae9d32d826a7cb8ef07c34a41520aca1a0ab1f5c0903ba49b9?s=96&d=mm&r=g","contentUrl":"https:\/\/secure.gravatar.com\/avatar\/9471831fb0a24eae9d32d826a7cb8ef07c34a41520aca1a0ab1f5c0903ba49b9?s=96&d=mm&r=g","caption":"Fernanda Hern\u00e1ndez"},"description":"Reportera y redactora en Centro Urbano. Soy egresada de la licenciatura en Ciencias de la Comunicaci\u00f3n de la Facultad de Ciencias Pol\u00edticas y Sociales (UNAM). Me interesa la cultura, el urbanismo y la arquitectura. Amante del mundo digital, el cine, la m\u00fasica, la lectura y la escritura.","sameAs":["https:\/\/x.com\/https:\/\/twitter.com\/Nannz_Hernandez"],"url":"https:\/\/centrourbano.com\/revista\/author\/fernanda-hernandez\/"}]}},"_links":{"self":[{"href":"https:\/\/centrourbano.com\/revista\/wp-json\/wp\/v2\/posts\/129045","targetHints":{"allow":["GET"]}}],"collection":[{"href":"https:\/\/centrourbano.com\/revista\/wp-json\/wp\/v2\/posts"}],"about":[{"href":"https:\/\/centrourbano.com\/revista\/wp-json\/wp\/v2\/types\/post"}],"author":[{"embeddable":true,"href":"https:\/\/centrourbano.com\/revista\/wp-json\/wp\/v2\/users\/73"}],"replies":[{"embeddable":true,"href":"https:\/\/centrourbano.com\/revista\/wp-json\/wp\/v2\/comments?post=129045"}],"version-history":[{"count":1,"href":"https:\/\/centrourbano.com\/revista\/wp-json\/wp\/v2\/posts\/129045\/revisions"}],"predecessor-version":[{"id":129048,"href":"https:\/\/centrourbano.com\/revista\/wp-json\/wp\/v2\/posts\/129045\/revisions\/129048"}],"wp:featuredmedia":[{"embeddable":true,"href":"https:\/\/centrourbano.com\/revista\/wp-json\/wp\/v2\/media\/129047"}],"wp:attachment":[{"href":"https:\/\/centrourbano.com\/revista\/wp-json\/wp\/v2\/media?parent=129045"}],"wp:term":[{"taxonomy":"category","embeddable":true,"href":"https:\/\/centrourbano.com\/revista\/wp-json\/wp\/v2\/categories?post=129045"},{"taxonomy":"post_tag","embeddable":true,"href":"https:\/\/centrourbano.com\/revista\/wp-json\/wp\/v2\/tags?post=129045"}],"curies":[{"name":"wp","href":"https:\/\/api.w.org\/{rel}","templated":true}]}}