{"id":128924,"date":"2022-04-07T09:10:08","date_gmt":"2022-04-07T14:10:08","guid":{"rendered":"https:\/\/centrourbano.com\/?p=128924"},"modified":"2022-04-07T01:26:38","modified_gmt":"2022-04-07T06:26:38","slug":"infonavit-terreno-sureste","status":"publish","type":"post","link":"https:\/\/centrourbano.com\/revista\/vivienda\/infonavit-terreno-sureste\/","title":{"rendered":"Prev\u00e9 Infonavit mayor demanda de terreno en el sureste del pa\u00eds"},"content":{"rendered":"<p><em>El director general del Infonavit se\u00f1al\u00f3 que los trabajadores del sureste perciben salarios m\u00e1s bajos, y no hay una oferta de vivienda que se adec\u00fae a sus posibilidades<\/em><!--more--><\/p>\n<p>Este mi\u00e9rcoles, el <strong>Instituto<\/strong> <strong>del Fondo Nacional de la Vivienda para los Trabajadores<\/strong> (<strong>Infonavit<\/strong>) lanz\u00f3 formalmente el esquema <a href=\"https:\/\/centrourbano.com\/vivienda\/crediterreno-infonavit-compra-terreno\/\" target=\"_blank\" rel=\"noopener\"><strong>Crediterreno<\/strong><\/a>, que permitir\u00e1 a sus derechohabientes adquirir un terreno con uso habitacional o mixto que incluyo uso habitacional.<\/p>\n<p><strong>Carlos Mart\u00ednez Vel\u00e1zquez<\/strong>, <strong>director general del Instituto<\/strong>, explic\u00f3 que el nuevo cr\u00e9dito contar\u00e1 con un modelo de originaci\u00f3n espec\u00edfico denominado <strong>B900<\/strong>, donde el puntaje m\u00ednimo que los trabajadores deber\u00e1n reunir ser\u00e1 de 980 puntos. Adem\u00e1s de que se otorgar\u00e1 un <strong>bono de puntos<\/strong>, que depender\u00e1 de la demanda que tenga la zona; es decir, las zonas de baja demanda obtendr\u00e1n 109 puntos, y las de alta demanda 134 puntos.<\/p>\n<p>Al respecto, el directivo estim\u00f3 que la zona m\u00e1s din\u00e1mica en cuanto a demanda de terrenos ser\u00e1 el <strong>sureste del pa\u00eds<\/strong>.<\/p>\n<p>\u201cDe acuerdo con la <strong>Encuesta Nacional de Vivienda<\/strong>, la demanda por terrenos y construcci\u00f3n es m\u00e1s alta en el sur que en el norte. Lo que estamos haciendo es, en un modelo estad\u00edstico, aplicar los criterios de la <strong>Encuesta Nacional de Vivienda<\/strong>; entonces, evidentemente salen mayores puntajes de acceso al cr\u00e9dito en el sur que en el norte. (\u2026) Hay necesidades diferentes, y esas necesidades hay que atenderlas de manera diferente\u201d, se\u00f1al\u00f3 el <strong>director del Infonavit<\/strong>.<\/p>\n<p>Agreg\u00f3 que, hist\u00f3ricamente, la mayor\u00eda de los cr\u00e9ditos para vivienda otorgados por el <strong>Infonavit<\/strong> son en la <strong>frontera norte<\/strong> y en el <strong>centro del pa\u00eds<\/strong>, pues es donde hay mayor n\u00famero de masa cotizante. Sin embargo, esto no significa que no haya cotizantes en el <strong>sursureste<\/strong>; sino que, en esta zona, los trabajadores perciben salarios m\u00e1s bajos, y no hay una oferta de vivienda que se adec\u00fae a sus posibilidades.<\/p>\n<p>\u201cPor eso, nosotros creemos que justo donde hay necesidad es justo donde se podr\u00edan liberar terrenos a precios mucho m\u00e1s bajos que una vivienda terminada; ah\u00ed es donde podemos impulsar a que los trabajadores adquieran un terreno. Entonces, podremos tener una distribuci\u00f3n de los recursos del <strong>Infonavit<\/strong> mucho m\u00e1s equitativa en el pa\u00eds\u201d, consider\u00f3.<\/p>\n<h2><strong>Oportunidad para el ordenamiento del territorio<\/strong><\/h2>\n<p>Por otro lado, <strong>Carlos Mart\u00ednez<\/strong> asegur\u00f3 que el esquema <strong>Crediterreno Infonavit<\/strong> representa una oportunidad para contribuir al <strong>ordenamiento del territorio<\/strong>.<\/p>\n<p>Lo anterior, debido a que donde va a haber una mayor y m\u00e1s r\u00e1pida liberaci\u00f3n de terrenos disponibles para la venta, ser\u00e1 en los municipios y localidades que tengan actualizados sus <strong>planes urbanos<\/strong>, pues ya estar\u00e1n distribuidos los usos de suelo.<\/p>\n<p>\u201cSabemos que hoy el 85% de los municipios no cuentan con un <strong>plan urbano actualizado<\/strong>. Y en el 15% donde s\u00ed existen planos urbanos actualizados, ya tienen distribuidos correctamente los usos de suelo; ah\u00ed es donde creo que habr\u00e1 m\u00e1s dinamismo al principio\u201d, dijo.<\/p>\n<p>No obstante, con <strong>Crediterreno Infonavit<\/strong> se generar\u00e1 un mercado completamente nuevo, que permitir\u00e1 que m\u00e1s municipios actualicen sus <strong>planes de desarrollo urbano<\/strong>, declaren los usos de suelo y se puedan transaccionar los terrenos.<\/p>\n<p>\u201cSer\u00eda una l\u00e1stima que un trabajador haga su tr\u00e1mite y no le demos el cr\u00e9dito porque el municipio no ha liberado el uso de suelo. Estoy seguro de que ning\u00fan alcalde quiere quedarse en esa posici\u00f3n; y yo creo que muchos van a decidir actualizar sus planes urbanos\u201d, concluy\u00f3.<\/p>\n","protected":false},"excerpt":{"rendered":"<p>El director general del Infonavit se\u00f1al\u00f3 que los trabajadores del sureste perciben salarios m\u00e1s bajos, y no hay una oferta de vivienda que se adec\u00fae a sus posibilidades<\/p>\n","protected":false},"author":73,"featured_media":128925,"comment_status":"open","ping_status":"closed","sticky":false,"template":"","format":"standard","meta":{"om_disable_all_campaigns":false,"inline_featured_image":false,"_monsterinsights_skip_tracking":false,"_monsterinsights_sitenote_active":false,"_monsterinsights_sitenote_note":"","_monsterinsights_sitenote_category":0,"footnotes":""},"categories":[80,12],"tags":[21623,482,100,552,8078,1370],"class_list":["post-128924","post","type-post","status-publish","format-standard","has-post-thumbnail","hentry","category-actualidad","category-vivienda","tag-crediterreno","tag-financiamiento","tag-infonavit","tag-ordenamiento-territorial","tag-sureste","tag-terreno"],"yoast_head":"<!-- This site is optimized with the Yoast SEO plugin v27.4 - https:\/\/yoast.com\/product\/yoast-seo-wordpress\/ -->\n<title>Infonavit prev\u00e9 mayor demanda de terreno en el sureste del pa\u00eds<\/title>\n<meta name=\"description\" content=\"El director del Infonavit se\u00f1al\u00f3 que los trabajadores del sureste perciben salarios m\u00e1s bajos, y no hay una oferta de vivienda adecuada\" \/>\n<meta name=\"robots\" content=\"index, follow, max-snippet:-1, max-image-preview:large, max-video-preview:-1\" \/>\n<link rel=\"canonical\" href=\"https:\/\/centrourbano.com\/revista\/vivienda\/infonavit-terreno-sureste\/\" \/>\n<meta property=\"og:locale\" content=\"es_ES\" \/>\n<meta property=\"og:type\" content=\"article\" \/>\n<meta property=\"og:title\" content=\"Infonavit prev\u00e9 mayor demanda de terreno en el sureste del pa\u00eds\" \/>\n<meta property=\"og:description\" content=\"El director del Infonavit se\u00f1al\u00f3 que los trabajadores del sureste perciben salarios m\u00e1s bajos, y no hay una oferta de vivienda adecuada\" \/>\n<meta property=\"og:url\" content=\"https:\/\/centrourbano.com\/revista\/vivienda\/infonavit-terreno-sureste\/\" \/>\n<meta property=\"og:site_name\" content=\"Centro Urbano\" \/>\n<meta property=\"article:publisher\" content=\"https:\/\/www.facebook.com\/portalcentrourbano\" \/>\n<meta property=\"article:published_time\" content=\"2022-04-07T14:10:08+00:00\" \/>\n<meta property=\"og:image\" content=\"https:\/\/centrourbano.com\/revista\/wp-content\/uploads\/Preve-Infonavit-mayor-demanda-de-terreno-en-el-sureste-del-pais.jpg\" \/>\n\t<meta property=\"og:image:width\" content=\"500\" \/>\n\t<meta property=\"og:image:height\" content=\"400\" \/>\n\t<meta property=\"og:image:type\" content=\"image\/jpeg\" \/>\n<meta name=\"author\" content=\"Fernanda Hern\u00e1ndez\" \/>\n<meta name=\"twitter:card\" content=\"summary_large_image\" \/>\n<meta name=\"twitter:creator\" content=\"@https:\/\/twitter.com\/Nannz_Hernandez\" \/>\n<meta name=\"twitter:site\" content=\"@CentroUrbano\" \/>\n<meta name=\"twitter:label1\" content=\"Escrito por\" \/>\n\t<meta name=\"twitter:data1\" content=\"Fernanda Hern\u00e1ndez\" \/>\n\t<meta name=\"twitter:label2\" content=\"Tiempo de lectura\" \/>\n\t<meta name=\"twitter:data2\" content=\"3 minutos\" \/>\n<script type=\"application\/ld+json\" class=\"yoast-schema-graph\">{\"@context\":\"https:\\\/\\\/schema.org\",\"@graph\":[{\"@type\":\"Article\",\"@id\":\"https:\\\/\\\/centrourbano.com\\\/revista\\\/vivienda\\\/infonavit-terreno-sureste\\\/#article\",\"isPartOf\":{\"@id\":\"https:\\\/\\\/centrourbano.com\\\/revista\\\/vivienda\\\/infonavit-terreno-sureste\\\/\"},\"author\":{\"name\":\"Fernanda Hern\u00e1ndez\",\"@id\":\"https:\\\/\\\/centrourbano.com\\\/revista\\\/#\\\/schema\\\/person\\\/b190b20bbbceb41ec72278c546fa8df3\"},\"headline\":\"Prev\u00e9 Infonavit mayor demanda de terreno en el sureste del pa\u00eds\",\"datePublished\":\"2022-04-07T14:10:08+00:00\",\"mainEntityOfPage\":{\"@id\":\"https:\\\/\\\/centrourbano.com\\\/revista\\\/vivienda\\\/infonavit-terreno-sureste\\\/\"},\"wordCount\":599,\"commentCount\":0,\"publisher\":{\"@id\":\"https:\\\/\\\/centrourbano.com\\\/revista\\\/#organization\"},\"image\":{\"@id\":\"https:\\\/\\\/centrourbano.com\\\/revista\\\/vivienda\\\/infonavit-terreno-sureste\\\/#primaryimage\"},\"thumbnailUrl\":\"https:\\\/\\\/centrourbano.com\\\/revista\\\/wp-content\\\/uploads\\\/Preve-Infonavit-mayor-demanda-de-terreno-en-el-sureste-del-pais.jpg\",\"keywords\":[\"Crediterreno\",\"financiamiento\",\"Infonavit\",\"ordenamiento territorial\",\"sureste\",\"terreno\"],\"articleSection\":[\"Actualidad\",\"Vivienda\"],\"inLanguage\":\"es\",\"potentialAction\":[{\"@type\":\"CommentAction\",\"name\":\"Comment\",\"target\":[\"https:\\\/\\\/centrourbano.com\\\/revista\\\/vivienda\\\/infonavit-terreno-sureste\\\/#respond\"]}]},{\"@type\":\"WebPage\",\"@id\":\"https:\\\/\\\/centrourbano.com\\\/revista\\\/vivienda\\\/infonavit-terreno-sureste\\\/\",\"url\":\"https:\\\/\\\/centrourbano.com\\\/revista\\\/vivienda\\\/infonavit-terreno-sureste\\\/\",\"name\":\"Infonavit prev\u00e9 mayor demanda de terreno en el sureste del pa\u00eds\",\"isPartOf\":{\"@id\":\"https:\\\/\\\/centrourbano.com\\\/revista\\\/#website\"},\"primaryImageOfPage\":{\"@id\":\"https:\\\/\\\/centrourbano.com\\\/revista\\\/vivienda\\\/infonavit-terreno-sureste\\\/#primaryimage\"},\"image\":{\"@id\":\"https:\\\/\\\/centrourbano.com\\\/revista\\\/vivienda\\\/infonavit-terreno-sureste\\\/#primaryimage\"},\"thumbnailUrl\":\"https:\\\/\\\/centrourbano.com\\\/revista\\\/wp-content\\\/uploads\\\/Preve-Infonavit-mayor-demanda-de-terreno-en-el-sureste-del-pais.jpg\",\"datePublished\":\"2022-04-07T14:10:08+00:00\",\"description\":\"El director del Infonavit se\u00f1al\u00f3 que los trabajadores del sureste perciben salarios m\u00e1s bajos, y no hay una oferta de vivienda adecuada\",\"breadcrumb\":{\"@id\":\"https:\\\/\\\/centrourbano.com\\\/revista\\\/vivienda\\\/infonavit-terreno-sureste\\\/#breadcrumb\"},\"inLanguage\":\"es\",\"potentialAction\":[{\"@type\":\"ReadAction\",\"target\":[\"https:\\\/\\\/centrourbano.com\\\/revista\\\/vivienda\\\/infonavit-terreno-sureste\\\/\"]}]},{\"@type\":\"ImageObject\",\"inLanguage\":\"es\",\"@id\":\"https:\\\/\\\/centrourbano.com\\\/revista\\\/vivienda\\\/infonavit-terreno-sureste\\\/#primaryimage\",\"url\":\"https:\\\/\\\/centrourbano.com\\\/revista\\\/wp-content\\\/uploads\\\/Preve-Infonavit-mayor-demanda-de-terreno-en-el-sureste-del-pais.jpg\",\"contentUrl\":\"https:\\\/\\\/centrourbano.com\\\/revista\\\/wp-content\\\/uploads\\\/Preve-Infonavit-mayor-demanda-de-terreno-en-el-sureste-del-pais.jpg\",\"width\":500,\"height\":400,\"caption\":\"El director del Infonavit se\u00f1al\u00f3 que los trabajadores del sureste perciben salarios m\u00e1s bajos, y no hay una oferta de vivienda adecuada\"},{\"@type\":\"BreadcrumbList\",\"@id\":\"https:\\\/\\\/centrourbano.com\\\/revista\\\/vivienda\\\/infonavit-terreno-sureste\\\/#breadcrumb\",\"itemListElement\":[{\"@type\":\"ListItem\",\"position\":1,\"name\":\"Portada\",\"item\":\"https:\\\/\\\/centrourbano.com\\\/revista\\\/\"},{\"@type\":\"ListItem\",\"position\":2,\"name\":\"Prev\u00e9 Infonavit mayor demanda de terreno en el sureste del pa\u00eds\"}]},{\"@type\":\"WebSite\",\"@id\":\"https:\\\/\\\/centrourbano.com\\\/revista\\\/#website\",\"url\":\"https:\\\/\\\/centrourbano.com\\\/revista\\\/\",\"name\":\"Centro Urbano\",\"description\":\"Medio especializado en los sectores vivienda, inmobiliario, construcci\u00f3n, arquitectura y urbanismo.\",\"publisher\":{\"@id\":\"https:\\\/\\\/centrourbano.com\\\/revista\\\/#organization\"},\"potentialAction\":[{\"@type\":\"SearchAction\",\"target\":{\"@type\":\"EntryPoint\",\"urlTemplate\":\"https:\\\/\\\/centrourbano.com\\\/revista\\\/?s={search_term_string}\"},\"query-input\":{\"@type\":\"PropertyValueSpecification\",\"valueRequired\":true,\"valueName\":\"search_term_string\"}}],\"inLanguage\":\"es\"},{\"@type\":\"Organization\",\"@id\":\"https:\\\/\\\/centrourbano.com\\\/revista\\\/#organization\",\"name\":\"Centro Urbano\",\"url\":\"https:\\\/\\\/centrourbano.com\\\/revista\\\/\",\"logo\":{\"@type\":\"ImageObject\",\"inLanguage\":\"es\",\"@id\":\"https:\\\/\\\/centrourbano.com\\\/revista\\\/#\\\/schema\\\/logo\\\/image\\\/\",\"url\":\"https:\\\/\\\/centrourbano.com\\\/revista\\\/wp-content\\\/uploads\\\/web_CU_logo-1.png\",\"contentUrl\":\"https:\\\/\\\/centrourbano.com\\\/revista\\\/wp-content\\\/uploads\\\/web_CU_logo-1.png\",\"width\":350,\"height\":91,\"caption\":\"Centro Urbano\"},\"image\":{\"@id\":\"https:\\\/\\\/centrourbano.com\\\/revista\\\/#\\\/schema\\\/logo\\\/image\\\/\"},\"sameAs\":[\"https:\\\/\\\/www.facebook.com\\\/portalcentrourbano\",\"https:\\\/\\\/x.com\\\/CentroUrbano\",\"https:\\\/\\\/www.instagram.com\\\/centro_urbano\\\/\",\"https:\\\/\\\/www.linkedin.com\\\/company\\\/centro-urbano\\\/\",\"http:\\\/\\\/www.youtube.com\\\/user\\\/portalcentrourbano\"]},{\"@type\":\"Person\",\"@id\":\"https:\\\/\\\/centrourbano.com\\\/revista\\\/#\\\/schema\\\/person\\\/b190b20bbbceb41ec72278c546fa8df3\",\"name\":\"Fernanda Hern\u00e1ndez\",\"image\":{\"@type\":\"ImageObject\",\"inLanguage\":\"es\",\"@id\":\"https:\\\/\\\/secure.gravatar.com\\\/avatar\\\/9471831fb0a24eae9d32d826a7cb8ef07c34a41520aca1a0ab1f5c0903ba49b9?s=96&d=mm&r=g\",\"url\":\"https:\\\/\\\/secure.gravatar.com\\\/avatar\\\/9471831fb0a24eae9d32d826a7cb8ef07c34a41520aca1a0ab1f5c0903ba49b9?s=96&d=mm&r=g\",\"contentUrl\":\"https:\\\/\\\/secure.gravatar.com\\\/avatar\\\/9471831fb0a24eae9d32d826a7cb8ef07c34a41520aca1a0ab1f5c0903ba49b9?s=96&d=mm&r=g\",\"caption\":\"Fernanda Hern\u00e1ndez\"},\"description\":\"Reportera y redactora en Centro Urbano. Soy egresada de la licenciatura en Ciencias de la Comunicaci\u00f3n de la Facultad de Ciencias Pol\u00edticas y Sociales (UNAM). Me interesa la cultura, el urbanismo y la arquitectura. Amante del mundo digital, el cine, la m\u00fasica, la lectura y la escritura.\",\"sameAs\":[\"https:\\\/\\\/x.com\\\/https:\\\/\\\/twitter.com\\\/Nannz_Hernandez\"],\"url\":\"https:\\\/\\\/centrourbano.com\\\/revista\\\/author\\\/fernanda-hernandez\\\/\"}]}<\/script>\n<!-- \/ Yoast SEO plugin. -->","yoast_head_json":{"title":"Infonavit prev\u00e9 mayor demanda de terreno en el sureste del pa\u00eds","description":"El director del Infonavit se\u00f1al\u00f3 que los trabajadores del sureste perciben salarios m\u00e1s bajos, y no hay una oferta de vivienda adecuada","robots":{"index":"index","follow":"follow","max-snippet":"max-snippet:-1","max-image-preview":"max-image-preview:large","max-video-preview":"max-video-preview:-1"},"canonical":"https:\/\/centrourbano.com\/revista\/vivienda\/infonavit-terreno-sureste\/","og_locale":"es_ES","og_type":"article","og_title":"Infonavit prev\u00e9 mayor demanda de terreno en el sureste del pa\u00eds","og_description":"El director del Infonavit se\u00f1al\u00f3 que los trabajadores del sureste perciben salarios m\u00e1s bajos, y no hay una oferta de vivienda adecuada","og_url":"https:\/\/centrourbano.com\/revista\/vivienda\/infonavit-terreno-sureste\/","og_site_name":"Centro Urbano","article_publisher":"https:\/\/www.facebook.com\/portalcentrourbano","article_published_time":"2022-04-07T14:10:08+00:00","og_image":[{"width":500,"height":400,"url":"https:\/\/centrourbano.com\/revista\/wp-content\/uploads\/Preve-Infonavit-mayor-demanda-de-terreno-en-el-sureste-del-pais.jpg","type":"image\/jpeg"}],"author":"Fernanda Hern\u00e1ndez","twitter_card":"summary_large_image","twitter_creator":"@https:\/\/twitter.com\/Nannz_Hernandez","twitter_site":"@CentroUrbano","twitter_misc":{"Escrito por":"Fernanda Hern\u00e1ndez","Tiempo de lectura":"3 minutos"},"schema":{"@context":"https:\/\/schema.org","@graph":[{"@type":"Article","@id":"https:\/\/centrourbano.com\/revista\/vivienda\/infonavit-terreno-sureste\/#article","isPartOf":{"@id":"https:\/\/centrourbano.com\/revista\/vivienda\/infonavit-terreno-sureste\/"},"author":{"name":"Fernanda Hern\u00e1ndez","@id":"https:\/\/centrourbano.com\/revista\/#\/schema\/person\/b190b20bbbceb41ec72278c546fa8df3"},"headline":"Prev\u00e9 Infonavit mayor demanda de terreno en el sureste del pa\u00eds","datePublished":"2022-04-07T14:10:08+00:00","mainEntityOfPage":{"@id":"https:\/\/centrourbano.com\/revista\/vivienda\/infonavit-terreno-sureste\/"},"wordCount":599,"commentCount":0,"publisher":{"@id":"https:\/\/centrourbano.com\/revista\/#organization"},"image":{"@id":"https:\/\/centrourbano.com\/revista\/vivienda\/infonavit-terreno-sureste\/#primaryimage"},"thumbnailUrl":"https:\/\/centrourbano.com\/revista\/wp-content\/uploads\/Preve-Infonavit-mayor-demanda-de-terreno-en-el-sureste-del-pais.jpg","keywords":["Crediterreno","financiamiento","Infonavit","ordenamiento territorial","sureste","terreno"],"articleSection":["Actualidad","Vivienda"],"inLanguage":"es","potentialAction":[{"@type":"CommentAction","name":"Comment","target":["https:\/\/centrourbano.com\/revista\/vivienda\/infonavit-terreno-sureste\/#respond"]}]},{"@type":"WebPage","@id":"https:\/\/centrourbano.com\/revista\/vivienda\/infonavit-terreno-sureste\/","url":"https:\/\/centrourbano.com\/revista\/vivienda\/infonavit-terreno-sureste\/","name":"Infonavit prev\u00e9 mayor demanda de terreno en el sureste del pa\u00eds","isPartOf":{"@id":"https:\/\/centrourbano.com\/revista\/#website"},"primaryImageOfPage":{"@id":"https:\/\/centrourbano.com\/revista\/vivienda\/infonavit-terreno-sureste\/#primaryimage"},"image":{"@id":"https:\/\/centrourbano.com\/revista\/vivienda\/infonavit-terreno-sureste\/#primaryimage"},"thumbnailUrl":"https:\/\/centrourbano.com\/revista\/wp-content\/uploads\/Preve-Infonavit-mayor-demanda-de-terreno-en-el-sureste-del-pais.jpg","datePublished":"2022-04-07T14:10:08+00:00","description":"El director del Infonavit se\u00f1al\u00f3 que los trabajadores del sureste perciben salarios m\u00e1s bajos, y no hay una oferta de vivienda adecuada","breadcrumb":{"@id":"https:\/\/centrourbano.com\/revista\/vivienda\/infonavit-terreno-sureste\/#breadcrumb"},"inLanguage":"es","potentialAction":[{"@type":"ReadAction","target":["https:\/\/centrourbano.com\/revista\/vivienda\/infonavit-terreno-sureste\/"]}]},{"@type":"ImageObject","inLanguage":"es","@id":"https:\/\/centrourbano.com\/revista\/vivienda\/infonavit-terreno-sureste\/#primaryimage","url":"https:\/\/centrourbano.com\/revista\/wp-content\/uploads\/Preve-Infonavit-mayor-demanda-de-terreno-en-el-sureste-del-pais.jpg","contentUrl":"https:\/\/centrourbano.com\/revista\/wp-content\/uploads\/Preve-Infonavit-mayor-demanda-de-terreno-en-el-sureste-del-pais.jpg","width":500,"height":400,"caption":"El director del Infonavit se\u00f1al\u00f3 que los trabajadores del sureste perciben salarios m\u00e1s bajos, y no hay una oferta de vivienda adecuada"},{"@type":"BreadcrumbList","@id":"https:\/\/centrourbano.com\/revista\/vivienda\/infonavit-terreno-sureste\/#breadcrumb","itemListElement":[{"@type":"ListItem","position":1,"name":"Portada","item":"https:\/\/centrourbano.com\/revista\/"},{"@type":"ListItem","position":2,"name":"Prev\u00e9 Infonavit mayor demanda de terreno en el sureste del pa\u00eds"}]},{"@type":"WebSite","@id":"https:\/\/centrourbano.com\/revista\/#website","url":"https:\/\/centrourbano.com\/revista\/","name":"Centro Urbano","description":"Medio especializado en los sectores vivienda, inmobiliario, construcci\u00f3n, arquitectura y urbanismo.","publisher":{"@id":"https:\/\/centrourbano.com\/revista\/#organization"},"potentialAction":[{"@type":"SearchAction","target":{"@type":"EntryPoint","urlTemplate":"https:\/\/centrourbano.com\/revista\/?s={search_term_string}"},"query-input":{"@type":"PropertyValueSpecification","valueRequired":true,"valueName":"search_term_string"}}],"inLanguage":"es"},{"@type":"Organization","@id":"https:\/\/centrourbano.com\/revista\/#organization","name":"Centro Urbano","url":"https:\/\/centrourbano.com\/revista\/","logo":{"@type":"ImageObject","inLanguage":"es","@id":"https:\/\/centrourbano.com\/revista\/#\/schema\/logo\/image\/","url":"https:\/\/centrourbano.com\/revista\/wp-content\/uploads\/web_CU_logo-1.png","contentUrl":"https:\/\/centrourbano.com\/revista\/wp-content\/uploads\/web_CU_logo-1.png","width":350,"height":91,"caption":"Centro Urbano"},"image":{"@id":"https:\/\/centrourbano.com\/revista\/#\/schema\/logo\/image\/"},"sameAs":["https:\/\/www.facebook.com\/portalcentrourbano","https:\/\/x.com\/CentroUrbano","https:\/\/www.instagram.com\/centro_urbano\/","https:\/\/www.linkedin.com\/company\/centro-urbano\/","http:\/\/www.youtube.com\/user\/portalcentrourbano"]},{"@type":"Person","@id":"https:\/\/centrourbano.com\/revista\/#\/schema\/person\/b190b20bbbceb41ec72278c546fa8df3","name":"Fernanda Hern\u00e1ndez","image":{"@type":"ImageObject","inLanguage":"es","@id":"https:\/\/secure.gravatar.com\/avatar\/9471831fb0a24eae9d32d826a7cb8ef07c34a41520aca1a0ab1f5c0903ba49b9?s=96&d=mm&r=g","url":"https:\/\/secure.gravatar.com\/avatar\/9471831fb0a24eae9d32d826a7cb8ef07c34a41520aca1a0ab1f5c0903ba49b9?s=96&d=mm&r=g","contentUrl":"https:\/\/secure.gravatar.com\/avatar\/9471831fb0a24eae9d32d826a7cb8ef07c34a41520aca1a0ab1f5c0903ba49b9?s=96&d=mm&r=g","caption":"Fernanda Hern\u00e1ndez"},"description":"Reportera y redactora en Centro Urbano. Soy egresada de la licenciatura en Ciencias de la Comunicaci\u00f3n de la Facultad de Ciencias Pol\u00edticas y Sociales (UNAM). Me interesa la cultura, el urbanismo y la arquitectura. Amante del mundo digital, el cine, la m\u00fasica, la lectura y la escritura.","sameAs":["https:\/\/x.com\/https:\/\/twitter.com\/Nannz_Hernandez"],"url":"https:\/\/centrourbano.com\/revista\/author\/fernanda-hernandez\/"}]}},"_links":{"self":[{"href":"https:\/\/centrourbano.com\/revista\/wp-json\/wp\/v2\/posts\/128924","targetHints":{"allow":["GET"]}}],"collection":[{"href":"https:\/\/centrourbano.com\/revista\/wp-json\/wp\/v2\/posts"}],"about":[{"href":"https:\/\/centrourbano.com\/revista\/wp-json\/wp\/v2\/types\/post"}],"author":[{"embeddable":true,"href":"https:\/\/centrourbano.com\/revista\/wp-json\/wp\/v2\/users\/73"}],"replies":[{"embeddable":true,"href":"https:\/\/centrourbano.com\/revista\/wp-json\/wp\/v2\/comments?post=128924"}],"version-history":[{"count":1,"href":"https:\/\/centrourbano.com\/revista\/wp-json\/wp\/v2\/posts\/128924\/revisions"}],"predecessor-version":[{"id":128926,"href":"https:\/\/centrourbano.com\/revista\/wp-json\/wp\/v2\/posts\/128924\/revisions\/128926"}],"wp:featuredmedia":[{"embeddable":true,"href":"https:\/\/centrourbano.com\/revista\/wp-json\/wp\/v2\/media\/128925"}],"wp:attachment":[{"href":"https:\/\/centrourbano.com\/revista\/wp-json\/wp\/v2\/media?parent=128924"}],"wp:term":[{"taxonomy":"category","embeddable":true,"href":"https:\/\/centrourbano.com\/revista\/wp-json\/wp\/v2\/categories?post=128924"},{"taxonomy":"post_tag","embeddable":true,"href":"https:\/\/centrourbano.com\/revista\/wp-json\/wp\/v2\/tags?post=128924"}],"curies":[{"name":"wp","href":"https:\/\/api.w.org\/{rel}","templated":true}]}}