{"id":128861,"date":"2022-04-06T09:00:21","date_gmt":"2022-04-06T14:00:21","guid":{"rendered":"https:\/\/centrourbano.com\/?p=128861"},"modified":"2022-04-05T15:19:19","modified_gmt":"2022-04-05T20:19:19","slug":"onu-habitat-energia-espacial","status":"publish","type":"post","link":"https:\/\/centrourbano.com\/revista\/urbanismo\/onu-habitat-energia-espacial\/","title":{"rendered":"Impulsa ONU-Habitat iniciativa de energ\u00eda espacial para las ciudades"},"content":{"rendered":"<p><em>\u201cLa Iniciativa de Energ\u00eda Espacial nos permite consumir y generar energ\u00eda, y distribuirla con equidad\u201d, destac\u00f3 Maimunah Mohd Sharif<\/em><!--more--><\/p>\n<p><strong>ONU-Habitat<\/strong>, el programa de las Naciones Unidas para los asentamientos humanos, manifest\u00f3 su apoyo a las iniciativas tecnol\u00f3gicas que utilizan <strong>energ\u00eda solar espacial<\/strong> para producir energ\u00eda limpia, renovable y asequible para las ciudades.<\/p>\n<p>\u201cLos avances en ciencia y tecnolog\u00eda han hecho posible que demos este gran paso para aprovechar y transmitir el poder del sol para proporcionar energ\u00eda limpia a nuestro planeta. M\u00e1s importante a\u00fan, podemos hacer esto de manera adecuada, asequible y equitativa\u201d, dijo <strong>Maimunah Mohd Sharif<\/strong>, <strong>directora ejecutiva de ONU-Habitat<\/strong>.<\/p>\n<p>Tal es el caso de la <strong>Iniciativa de Energ\u00eda Espacial<\/strong>, que fue lanzada en Londres, Inglaterra, y busca contrarrestar los efectos de los combustibles f\u00f3siles que son caros y muy contaminantes.<\/p>\n<p>Lo anterior debido a que la <strong>energ\u00eda solar<\/strong> tiene una huella ambiental muy baja y requiere de una infraestructura modesta en el planeta; adem\u00e1s de que genera electricidad a gran escala a un costo muy bajo.<\/p>\n<p>La <strong>Iniciativa de Energ\u00eda Espacial<\/strong> re\u00fane a 50 organizaciones de sectores industriales, gubernamentales y acad\u00e9micos; as\u00ed como agencias que, con trabajo conjunto, pueden reunir mayores conocimientos, tecnolog\u00edas y habilidades.<\/p>\n<p>\u201cTodos reconocemos la necesidad urgente de pensar en grande y actuar ahora para reducir nuestra dependencia de los combustibles de carbono; y as\u00ed proteger mejor el medio ambiente y nuestro clima. Estoy encantado, como presidente de la Junta Asesora, de ser testigo del compromiso de todos los miembros de la <strong>Iniciativa de Energ\u00eda Espacial<\/strong>\u201d, se\u00f1al\u00f3 <strong>Mark Garnier<\/strong>, <strong>miembro del parlamento brit\u00e1nico<\/strong>, quien anunci\u00f3 el lanzamiento del proyecto.<\/p>\n<p>La <strong>directora ejecutiva de ONU-Habitat<\/strong> agreg\u00f3 que ciudades deben reducir los materiales de construcci\u00f3n de alto consumo de energ\u00eda; as\u00ed como la energ\u00eda que las personas utilizan para el consumo diario.<\/p>\n<p>Adem\u00e1s, mencion\u00f3 que la <strong>energ\u00eda consumida<\/strong> no se distribuye uniformemente, y son los m\u00e1s vulnerables los que m\u00e1s sufren.<\/p>\n<p>\u201cNecesitamos asegurarnos de que nadie ni ning\u00fan lugar se quede atr\u00e1s. La <strong>Iniciativa de Energ\u00eda Espacial<\/strong> nos permite consumir y generar energ\u00eda y distribuirla con equidad; adem\u00e1s de asegurar que las oportunidades que surgen con su uso contribuyan a la dignidad humana\u201d, concluy\u00f3.<\/p>\n","protected":false},"excerpt":{"rendered":"<p>\u201cLa Iniciativa de Energ\u00eda Espacial nos permite consumir y generar energ\u00eda, y distribuirla con equidad\u201d, destac\u00f3 Maimunah Mohd Sharif<\/p>\n","protected":false},"author":73,"featured_media":128862,"comment_status":"open","ping_status":"closed","sticky":false,"template":"","format":"standard","meta":{"om_disable_all_campaigns":false,"inline_featured_image":false,"_monsterinsights_skip_tracking":false,"_monsterinsights_sitenote_active":false,"_monsterinsights_sitenote_note":"","_monsterinsights_sitenote_category":0,"footnotes":""},"categories":[82],"tags":[211,21617,7096,5814,2653],"class_list":["post-128861","post","type-post","status-publish","format-standard","has-post-thumbnail","hentry","category-urbanismo","tag-ciudades","tag-energia-espacial","tag-energia-renovable","tag-energia-solar","tag-onu-habitat"],"yoast_head":"<!-- This site is optimized with the Yoast SEO plugin v27.4 - https:\/\/yoast.com\/product\/yoast-seo-wordpress\/ -->\n<title>Impulsa ONU-Habitat iniciativa de energ\u00eda espacial para las ciudades<\/title>\n<meta name=\"description\" content=\"\u201cLa Iniciativa de Energ\u00eda Espacial nos permite consumir y generar energ\u00eda, y distribuirla con equidad\u201d, destac\u00f3 Maimunah Mohd Sharif\" \/>\n<meta name=\"robots\" content=\"index, follow, max-snippet:-1, max-image-preview:large, max-video-preview:-1\" \/>\n<link rel=\"canonical\" href=\"https:\/\/centrourbano.com\/revista\/urbanismo\/onu-habitat-energia-espacial\/\" \/>\n<meta property=\"og:locale\" content=\"es_ES\" \/>\n<meta property=\"og:type\" content=\"article\" \/>\n<meta property=\"og:title\" content=\"Impulsa ONU-Habitat iniciativa de energ\u00eda espacial para las ciudades\" \/>\n<meta property=\"og:description\" content=\"\u201cLa Iniciativa de Energ\u00eda Espacial nos permite consumir y generar energ\u00eda, y distribuirla con equidad\u201d, destac\u00f3 Maimunah Mohd Sharif\" \/>\n<meta property=\"og:url\" content=\"https:\/\/centrourbano.com\/revista\/urbanismo\/onu-habitat-energia-espacial\/\" \/>\n<meta property=\"og:site_name\" content=\"Centro Urbano\" \/>\n<meta property=\"article:publisher\" content=\"https:\/\/www.facebook.com\/portalcentrourbano\" \/>\n<meta property=\"article:published_time\" content=\"2022-04-06T14:00:21+00:00\" \/>\n<meta property=\"og:image\" content=\"https:\/\/centrourbano.com\/revista\/wp-content\/uploads\/Impulsa-ONU-Habitat-iniciativa-de-energia-espacial-para-las-ciudades.jpg\" \/>\n\t<meta property=\"og:image:width\" content=\"470\" \/>\n\t<meta property=\"og:image:height\" content=\"450\" \/>\n\t<meta property=\"og:image:type\" content=\"image\/jpeg\" \/>\n<meta name=\"author\" content=\"Fernanda Hern\u00e1ndez\" \/>\n<meta name=\"twitter:card\" content=\"summary_large_image\" \/>\n<meta name=\"twitter:creator\" content=\"@https:\/\/twitter.com\/Nannz_Hernandez\" \/>\n<meta name=\"twitter:site\" content=\"@CentroUrbano\" \/>\n<meta name=\"twitter:label1\" content=\"Escrito por\" \/>\n\t<meta name=\"twitter:data1\" content=\"Fernanda Hern\u00e1ndez\" \/>\n\t<meta name=\"twitter:label2\" content=\"Tiempo de lectura\" \/>\n\t<meta name=\"twitter:data2\" content=\"2 minutos\" \/>\n<script type=\"application\/ld+json\" class=\"yoast-schema-graph\">{\"@context\":\"https:\\\/\\\/schema.org\",\"@graph\":[{\"@type\":\"Article\",\"@id\":\"https:\\\/\\\/centrourbano.com\\\/revista\\\/urbanismo\\\/onu-habitat-energia-espacial\\\/#article\",\"isPartOf\":{\"@id\":\"https:\\\/\\\/centrourbano.com\\\/revista\\\/urbanismo\\\/onu-habitat-energia-espacial\\\/\"},\"author\":{\"name\":\"Fernanda Hern\u00e1ndez\",\"@id\":\"https:\\\/\\\/centrourbano.com\\\/revista\\\/#\\\/schema\\\/person\\\/b190b20bbbceb41ec72278c546fa8df3\"},\"headline\":\"Impulsa ONU-Habitat iniciativa de energ\u00eda espacial para las ciudades\",\"datePublished\":\"2022-04-06T14:00:21+00:00\",\"mainEntityOfPage\":{\"@id\":\"https:\\\/\\\/centrourbano.com\\\/revista\\\/urbanismo\\\/onu-habitat-energia-espacial\\\/\"},\"wordCount\":398,\"commentCount\":0,\"publisher\":{\"@id\":\"https:\\\/\\\/centrourbano.com\\\/revista\\\/#organization\"},\"image\":{\"@id\":\"https:\\\/\\\/centrourbano.com\\\/revista\\\/urbanismo\\\/onu-habitat-energia-espacial\\\/#primaryimage\"},\"thumbnailUrl\":\"https:\\\/\\\/centrourbano.com\\\/revista\\\/wp-content\\\/uploads\\\/Impulsa-ONU-Habitat-iniciativa-de-energia-espacial-para-las-ciudades.jpg\",\"keywords\":[\"ciudades\",\"Energ\u00eda Espacial\",\"energ\u00eda renovable\",\"energ\u00eda solar\",\"ONU-Habitat\"],\"articleSection\":[\"Urbanismo\"],\"inLanguage\":\"es\",\"potentialAction\":[{\"@type\":\"CommentAction\",\"name\":\"Comment\",\"target\":[\"https:\\\/\\\/centrourbano.com\\\/revista\\\/urbanismo\\\/onu-habitat-energia-espacial\\\/#respond\"]}]},{\"@type\":\"WebPage\",\"@id\":\"https:\\\/\\\/centrourbano.com\\\/revista\\\/urbanismo\\\/onu-habitat-energia-espacial\\\/\",\"url\":\"https:\\\/\\\/centrourbano.com\\\/revista\\\/urbanismo\\\/onu-habitat-energia-espacial\\\/\",\"name\":\"Impulsa ONU-Habitat iniciativa de energ\u00eda espacial para las ciudades\",\"isPartOf\":{\"@id\":\"https:\\\/\\\/centrourbano.com\\\/revista\\\/#website\"},\"primaryImageOfPage\":{\"@id\":\"https:\\\/\\\/centrourbano.com\\\/revista\\\/urbanismo\\\/onu-habitat-energia-espacial\\\/#primaryimage\"},\"image\":{\"@id\":\"https:\\\/\\\/centrourbano.com\\\/revista\\\/urbanismo\\\/onu-habitat-energia-espacial\\\/#primaryimage\"},\"thumbnailUrl\":\"https:\\\/\\\/centrourbano.com\\\/revista\\\/wp-content\\\/uploads\\\/Impulsa-ONU-Habitat-iniciativa-de-energia-espacial-para-las-ciudades.jpg\",\"datePublished\":\"2022-04-06T14:00:21+00:00\",\"description\":\"\u201cLa Iniciativa de Energ\u00eda Espacial nos permite consumir y generar energ\u00eda, y distribuirla con equidad\u201d, destac\u00f3 Maimunah Mohd Sharif\",\"breadcrumb\":{\"@id\":\"https:\\\/\\\/centrourbano.com\\\/revista\\\/urbanismo\\\/onu-habitat-energia-espacial\\\/#breadcrumb\"},\"inLanguage\":\"es\",\"potentialAction\":[{\"@type\":\"ReadAction\",\"target\":[\"https:\\\/\\\/centrourbano.com\\\/revista\\\/urbanismo\\\/onu-habitat-energia-espacial\\\/\"]}]},{\"@type\":\"ImageObject\",\"inLanguage\":\"es\",\"@id\":\"https:\\\/\\\/centrourbano.com\\\/revista\\\/urbanismo\\\/onu-habitat-energia-espacial\\\/#primaryimage\",\"url\":\"https:\\\/\\\/centrourbano.com\\\/revista\\\/wp-content\\\/uploads\\\/Impulsa-ONU-Habitat-iniciativa-de-energia-espacial-para-las-ciudades.jpg\",\"contentUrl\":\"https:\\\/\\\/centrourbano.com\\\/revista\\\/wp-content\\\/uploads\\\/Impulsa-ONU-Habitat-iniciativa-de-energia-espacial-para-las-ciudades.jpg\",\"width\":470,\"height\":450,\"caption\":\"\u201cLa Iniciativa de Energ\u00eda Espacial nos permite consumir y generar energ\u00eda, y distribuirla con equidad\u201d, destac\u00f3 Maimunah Mohd Sharif\"},{\"@type\":\"BreadcrumbList\",\"@id\":\"https:\\\/\\\/centrourbano.com\\\/revista\\\/urbanismo\\\/onu-habitat-energia-espacial\\\/#breadcrumb\",\"itemListElement\":[{\"@type\":\"ListItem\",\"position\":1,\"name\":\"Portada\",\"item\":\"https:\\\/\\\/centrourbano.com\\\/revista\\\/\"},{\"@type\":\"ListItem\",\"position\":2,\"name\":\"Impulsa ONU-Habitat iniciativa de energ\u00eda espacial para las ciudades\"}]},{\"@type\":\"WebSite\",\"@id\":\"https:\\\/\\\/centrourbano.com\\\/revista\\\/#website\",\"url\":\"https:\\\/\\\/centrourbano.com\\\/revista\\\/\",\"name\":\"Centro Urbano\",\"description\":\"Medio especializado en los sectores vivienda, inmobiliario, construcci\u00f3n, arquitectura y urbanismo.\",\"publisher\":{\"@id\":\"https:\\\/\\\/centrourbano.com\\\/revista\\\/#organization\"},\"potentialAction\":[{\"@type\":\"SearchAction\",\"target\":{\"@type\":\"EntryPoint\",\"urlTemplate\":\"https:\\\/\\\/centrourbano.com\\\/revista\\\/?s={search_term_string}\"},\"query-input\":{\"@type\":\"PropertyValueSpecification\",\"valueRequired\":true,\"valueName\":\"search_term_string\"}}],\"inLanguage\":\"es\"},{\"@type\":\"Organization\",\"@id\":\"https:\\\/\\\/centrourbano.com\\\/revista\\\/#organization\",\"name\":\"Centro Urbano\",\"url\":\"https:\\\/\\\/centrourbano.com\\\/revista\\\/\",\"logo\":{\"@type\":\"ImageObject\",\"inLanguage\":\"es\",\"@id\":\"https:\\\/\\\/centrourbano.com\\\/revista\\\/#\\\/schema\\\/logo\\\/image\\\/\",\"url\":\"https:\\\/\\\/centrourbano.com\\\/revista\\\/wp-content\\\/uploads\\\/web_CU_logo-1.png\",\"contentUrl\":\"https:\\\/\\\/centrourbano.com\\\/revista\\\/wp-content\\\/uploads\\\/web_CU_logo-1.png\",\"width\":350,\"height\":91,\"caption\":\"Centro Urbano\"},\"image\":{\"@id\":\"https:\\\/\\\/centrourbano.com\\\/revista\\\/#\\\/schema\\\/logo\\\/image\\\/\"},\"sameAs\":[\"https:\\\/\\\/www.facebook.com\\\/portalcentrourbano\",\"https:\\\/\\\/x.com\\\/CentroUrbano\",\"https:\\\/\\\/www.instagram.com\\\/centro_urbano\\\/\",\"https:\\\/\\\/www.linkedin.com\\\/company\\\/centro-urbano\\\/\",\"http:\\\/\\\/www.youtube.com\\\/user\\\/portalcentrourbano\"]},{\"@type\":\"Person\",\"@id\":\"https:\\\/\\\/centrourbano.com\\\/revista\\\/#\\\/schema\\\/person\\\/b190b20bbbceb41ec72278c546fa8df3\",\"name\":\"Fernanda Hern\u00e1ndez\",\"image\":{\"@type\":\"ImageObject\",\"inLanguage\":\"es\",\"@id\":\"https:\\\/\\\/secure.gravatar.com\\\/avatar\\\/9471831fb0a24eae9d32d826a7cb8ef07c34a41520aca1a0ab1f5c0903ba49b9?s=96&d=mm&r=g\",\"url\":\"https:\\\/\\\/secure.gravatar.com\\\/avatar\\\/9471831fb0a24eae9d32d826a7cb8ef07c34a41520aca1a0ab1f5c0903ba49b9?s=96&d=mm&r=g\",\"contentUrl\":\"https:\\\/\\\/secure.gravatar.com\\\/avatar\\\/9471831fb0a24eae9d32d826a7cb8ef07c34a41520aca1a0ab1f5c0903ba49b9?s=96&d=mm&r=g\",\"caption\":\"Fernanda Hern\u00e1ndez\"},\"description\":\"Reportera y redactora en Centro Urbano. Soy egresada de la licenciatura en Ciencias de la Comunicaci\u00f3n de la Facultad de Ciencias Pol\u00edticas y Sociales (UNAM). Me interesa la cultura, el urbanismo y la arquitectura. Amante del mundo digital, el cine, la m\u00fasica, la lectura y la escritura.\",\"sameAs\":[\"https:\\\/\\\/x.com\\\/https:\\\/\\\/twitter.com\\\/Nannz_Hernandez\"],\"url\":\"https:\\\/\\\/centrourbano.com\\\/revista\\\/author\\\/fernanda-hernandez\\\/\"}]}<\/script>\n<!-- \/ Yoast SEO plugin. -->","yoast_head_json":{"title":"Impulsa ONU-Habitat iniciativa de energ\u00eda espacial para las ciudades","description":"\u201cLa Iniciativa de Energ\u00eda Espacial nos permite consumir y generar energ\u00eda, y distribuirla con equidad\u201d, destac\u00f3 Maimunah Mohd Sharif","robots":{"index":"index","follow":"follow","max-snippet":"max-snippet:-1","max-image-preview":"max-image-preview:large","max-video-preview":"max-video-preview:-1"},"canonical":"https:\/\/centrourbano.com\/revista\/urbanismo\/onu-habitat-energia-espacial\/","og_locale":"es_ES","og_type":"article","og_title":"Impulsa ONU-Habitat iniciativa de energ\u00eda espacial para las ciudades","og_description":"\u201cLa Iniciativa de Energ\u00eda Espacial nos permite consumir y generar energ\u00eda, y distribuirla con equidad\u201d, destac\u00f3 Maimunah Mohd Sharif","og_url":"https:\/\/centrourbano.com\/revista\/urbanismo\/onu-habitat-energia-espacial\/","og_site_name":"Centro Urbano","article_publisher":"https:\/\/www.facebook.com\/portalcentrourbano","article_published_time":"2022-04-06T14:00:21+00:00","og_image":[{"width":470,"height":450,"url":"https:\/\/centrourbano.com\/revista\/wp-content\/uploads\/Impulsa-ONU-Habitat-iniciativa-de-energia-espacial-para-las-ciudades.jpg","type":"image\/jpeg"}],"author":"Fernanda Hern\u00e1ndez","twitter_card":"summary_large_image","twitter_creator":"@https:\/\/twitter.com\/Nannz_Hernandez","twitter_site":"@CentroUrbano","twitter_misc":{"Escrito por":"Fernanda Hern\u00e1ndez","Tiempo de lectura":"2 minutos"},"schema":{"@context":"https:\/\/schema.org","@graph":[{"@type":"Article","@id":"https:\/\/centrourbano.com\/revista\/urbanismo\/onu-habitat-energia-espacial\/#article","isPartOf":{"@id":"https:\/\/centrourbano.com\/revista\/urbanismo\/onu-habitat-energia-espacial\/"},"author":{"name":"Fernanda Hern\u00e1ndez","@id":"https:\/\/centrourbano.com\/revista\/#\/schema\/person\/b190b20bbbceb41ec72278c546fa8df3"},"headline":"Impulsa ONU-Habitat iniciativa de energ\u00eda espacial para las ciudades","datePublished":"2022-04-06T14:00:21+00:00","mainEntityOfPage":{"@id":"https:\/\/centrourbano.com\/revista\/urbanismo\/onu-habitat-energia-espacial\/"},"wordCount":398,"commentCount":0,"publisher":{"@id":"https:\/\/centrourbano.com\/revista\/#organization"},"image":{"@id":"https:\/\/centrourbano.com\/revista\/urbanismo\/onu-habitat-energia-espacial\/#primaryimage"},"thumbnailUrl":"https:\/\/centrourbano.com\/revista\/wp-content\/uploads\/Impulsa-ONU-Habitat-iniciativa-de-energia-espacial-para-las-ciudades.jpg","keywords":["ciudades","Energ\u00eda Espacial","energ\u00eda renovable","energ\u00eda solar","ONU-Habitat"],"articleSection":["Urbanismo"],"inLanguage":"es","potentialAction":[{"@type":"CommentAction","name":"Comment","target":["https:\/\/centrourbano.com\/revista\/urbanismo\/onu-habitat-energia-espacial\/#respond"]}]},{"@type":"WebPage","@id":"https:\/\/centrourbano.com\/revista\/urbanismo\/onu-habitat-energia-espacial\/","url":"https:\/\/centrourbano.com\/revista\/urbanismo\/onu-habitat-energia-espacial\/","name":"Impulsa ONU-Habitat iniciativa de energ\u00eda espacial para las ciudades","isPartOf":{"@id":"https:\/\/centrourbano.com\/revista\/#website"},"primaryImageOfPage":{"@id":"https:\/\/centrourbano.com\/revista\/urbanismo\/onu-habitat-energia-espacial\/#primaryimage"},"image":{"@id":"https:\/\/centrourbano.com\/revista\/urbanismo\/onu-habitat-energia-espacial\/#primaryimage"},"thumbnailUrl":"https:\/\/centrourbano.com\/revista\/wp-content\/uploads\/Impulsa-ONU-Habitat-iniciativa-de-energia-espacial-para-las-ciudades.jpg","datePublished":"2022-04-06T14:00:21+00:00","description":"\u201cLa Iniciativa de Energ\u00eda Espacial nos permite consumir y generar energ\u00eda, y distribuirla con equidad\u201d, destac\u00f3 Maimunah Mohd Sharif","breadcrumb":{"@id":"https:\/\/centrourbano.com\/revista\/urbanismo\/onu-habitat-energia-espacial\/#breadcrumb"},"inLanguage":"es","potentialAction":[{"@type":"ReadAction","target":["https:\/\/centrourbano.com\/revista\/urbanismo\/onu-habitat-energia-espacial\/"]}]},{"@type":"ImageObject","inLanguage":"es","@id":"https:\/\/centrourbano.com\/revista\/urbanismo\/onu-habitat-energia-espacial\/#primaryimage","url":"https:\/\/centrourbano.com\/revista\/wp-content\/uploads\/Impulsa-ONU-Habitat-iniciativa-de-energia-espacial-para-las-ciudades.jpg","contentUrl":"https:\/\/centrourbano.com\/revista\/wp-content\/uploads\/Impulsa-ONU-Habitat-iniciativa-de-energia-espacial-para-las-ciudades.jpg","width":470,"height":450,"caption":"\u201cLa Iniciativa de Energ\u00eda Espacial nos permite consumir y generar energ\u00eda, y distribuirla con equidad\u201d, destac\u00f3 Maimunah Mohd Sharif"},{"@type":"BreadcrumbList","@id":"https:\/\/centrourbano.com\/revista\/urbanismo\/onu-habitat-energia-espacial\/#breadcrumb","itemListElement":[{"@type":"ListItem","position":1,"name":"Portada","item":"https:\/\/centrourbano.com\/revista\/"},{"@type":"ListItem","position":2,"name":"Impulsa ONU-Habitat iniciativa de energ\u00eda espacial para las ciudades"}]},{"@type":"WebSite","@id":"https:\/\/centrourbano.com\/revista\/#website","url":"https:\/\/centrourbano.com\/revista\/","name":"Centro Urbano","description":"Medio especializado en los sectores vivienda, inmobiliario, construcci\u00f3n, arquitectura y urbanismo.","publisher":{"@id":"https:\/\/centrourbano.com\/revista\/#organization"},"potentialAction":[{"@type":"SearchAction","target":{"@type":"EntryPoint","urlTemplate":"https:\/\/centrourbano.com\/revista\/?s={search_term_string}"},"query-input":{"@type":"PropertyValueSpecification","valueRequired":true,"valueName":"search_term_string"}}],"inLanguage":"es"},{"@type":"Organization","@id":"https:\/\/centrourbano.com\/revista\/#organization","name":"Centro Urbano","url":"https:\/\/centrourbano.com\/revista\/","logo":{"@type":"ImageObject","inLanguage":"es","@id":"https:\/\/centrourbano.com\/revista\/#\/schema\/logo\/image\/","url":"https:\/\/centrourbano.com\/revista\/wp-content\/uploads\/web_CU_logo-1.png","contentUrl":"https:\/\/centrourbano.com\/revista\/wp-content\/uploads\/web_CU_logo-1.png","width":350,"height":91,"caption":"Centro Urbano"},"image":{"@id":"https:\/\/centrourbano.com\/revista\/#\/schema\/logo\/image\/"},"sameAs":["https:\/\/www.facebook.com\/portalcentrourbano","https:\/\/x.com\/CentroUrbano","https:\/\/www.instagram.com\/centro_urbano\/","https:\/\/www.linkedin.com\/company\/centro-urbano\/","http:\/\/www.youtube.com\/user\/portalcentrourbano"]},{"@type":"Person","@id":"https:\/\/centrourbano.com\/revista\/#\/schema\/person\/b190b20bbbceb41ec72278c546fa8df3","name":"Fernanda Hern\u00e1ndez","image":{"@type":"ImageObject","inLanguage":"es","@id":"https:\/\/secure.gravatar.com\/avatar\/9471831fb0a24eae9d32d826a7cb8ef07c34a41520aca1a0ab1f5c0903ba49b9?s=96&d=mm&r=g","url":"https:\/\/secure.gravatar.com\/avatar\/9471831fb0a24eae9d32d826a7cb8ef07c34a41520aca1a0ab1f5c0903ba49b9?s=96&d=mm&r=g","contentUrl":"https:\/\/secure.gravatar.com\/avatar\/9471831fb0a24eae9d32d826a7cb8ef07c34a41520aca1a0ab1f5c0903ba49b9?s=96&d=mm&r=g","caption":"Fernanda Hern\u00e1ndez"},"description":"Reportera y redactora en Centro Urbano. Soy egresada de la licenciatura en Ciencias de la Comunicaci\u00f3n de la Facultad de Ciencias Pol\u00edticas y Sociales (UNAM). Me interesa la cultura, el urbanismo y la arquitectura. Amante del mundo digital, el cine, la m\u00fasica, la lectura y la escritura.","sameAs":["https:\/\/x.com\/https:\/\/twitter.com\/Nannz_Hernandez"],"url":"https:\/\/centrourbano.com\/revista\/author\/fernanda-hernandez\/"}]}},"_links":{"self":[{"href":"https:\/\/centrourbano.com\/revista\/wp-json\/wp\/v2\/posts\/128861","targetHints":{"allow":["GET"]}}],"collection":[{"href":"https:\/\/centrourbano.com\/revista\/wp-json\/wp\/v2\/posts"}],"about":[{"href":"https:\/\/centrourbano.com\/revista\/wp-json\/wp\/v2\/types\/post"}],"author":[{"embeddable":true,"href":"https:\/\/centrourbano.com\/revista\/wp-json\/wp\/v2\/users\/73"}],"replies":[{"embeddable":true,"href":"https:\/\/centrourbano.com\/revista\/wp-json\/wp\/v2\/comments?post=128861"}],"version-history":[{"count":1,"href":"https:\/\/centrourbano.com\/revista\/wp-json\/wp\/v2\/posts\/128861\/revisions"}],"predecessor-version":[{"id":128865,"href":"https:\/\/centrourbano.com\/revista\/wp-json\/wp\/v2\/posts\/128861\/revisions\/128865"}],"wp:featuredmedia":[{"embeddable":true,"href":"https:\/\/centrourbano.com\/revista\/wp-json\/wp\/v2\/media\/128862"}],"wp:attachment":[{"href":"https:\/\/centrourbano.com\/revista\/wp-json\/wp\/v2\/media?parent=128861"}],"wp:term":[{"taxonomy":"category","embeddable":true,"href":"https:\/\/centrourbano.com\/revista\/wp-json\/wp\/v2\/categories?post=128861"},{"taxonomy":"post_tag","embeddable":true,"href":"https:\/\/centrourbano.com\/revista\/wp-json\/wp\/v2\/tags?post=128861"}],"curies":[{"name":"wp","href":"https:\/\/api.w.org\/{rel}","templated":true}]}}