{"id":128695,"date":"2022-04-01T13:30:08","date_gmt":"2022-04-01T19:30:08","guid":{"rendered":"https:\/\/centrourbano.com\/?p=128695"},"modified":"2022-04-01T14:06:27","modified_gmt":"2022-04-01T20:06:27","slug":"mexico-reto-no-afiliados-vivienda-social","status":"publish","type":"post","link":"https:\/\/centrourbano.com\/revista\/vivienda\/mexico-reto-no-afiliados-vivienda-social\/","title":{"rendered":"M\u00e9xico, ante el reto de atender a no afiliados y generar vivienda social"},"content":{"rendered":"<p><i>Para avanzar en el desaf\u00edo del rezago habitacional, los empresarios del sector vivienda llaman al gobierno a generar modelos de colaboraci\u00f3n<\/i><!--more--><\/p>\n<p><span style=\"font-weight: 400;\">En aras de cumplir con el <strong>derecho a la vivienda<\/strong>, M\u00e9xico tiene dos retos inmediatos por atender: por un lado, generar los mecanismos para que la poblaci\u00f3n <strong>no afiliada<\/strong> tenga acceso a financiamiento; y por otro, crear las condiciones para detonar la <strong>producci\u00f3n de vivienda por debajo de los 600,000 pesos<\/strong>.<\/span><\/p>\n<p><span style=\"font-weight: 400;\">Esa es la visi\u00f3n que comparten los empresarios del sector entrevistados por <strong>Revista Vivienda<\/strong>. A decir de los desarrolladores, hay una deuda pendiente por cumplir con el segmento de trabajadores que no cotizan a Infonavit y Fovissste, y que representan c<strong>erca del 60% de la poblaci\u00f3n econ\u00f3micamente activa<\/strong>; adem\u00e1s, que es necesario detonar una producci\u00f3n de vivienda que cada vez m\u00e1s se aleja de los segmentos bajos.\u00a0<\/span><\/p>\n<h2><b>Trabajo conjunto\u00a0<\/b><\/h2>\n<p><span style=\"font-weight: 400;\">Al respecto, <strong>Gonzalo M\u00e9ndez<\/strong>, presidente saliente de la <strong>C\u00e1mara Nacional de la Industria de Desarrollo y Promoci\u00f3n de Vivienda<\/strong> (Canadevi), enfatiz\u00f3 que desde el sector empresarial, existe el compromiso de trabajar en pro de satisfacer el derecho a la vivienda; principalmente, en los segmentos de bajos ingresos. No obstante, se\u00f1al\u00f3, el desaf\u00edo contempla diversas aristas, y exige la participaci\u00f3n de distintos actores. En esto, dijo, se incluye a autoridades de los tres niveles y empresarios.<\/span><\/p>\n<blockquote><p><span style=\"font-weight: 400;\">\u201cAlgo en lo que debemos reflexionar y trabajar en conjunto es en c\u00f3mo darle vivienda a los trabajadores que tengan seguridad social y a los que no; especialmente, a los que menor ingreso perciben. Lo cierto es que esto no lo vamos a poder solucionar solo la industria, tenemos que tener la conjunci\u00f3n de esfuerzos entre empresarios, industriales, gobierno federal, gobiernos estatales y sobre todo gobiernos municipales.\u00a0<\/span><\/p><\/blockquote>\n<h4>Visi\u00f3n<\/h4>\n<p><span style=\"font-weight: 400;\"><strong>Entrevistado en los \u00faltimos d\u00edas de su administraci\u00f3n<\/strong>, Gonzalo M\u00e9ndez subray\u00f3 que el tema de no afiliados es uno de los que se deben atender con urgencia. Sin embargo, se\u00f1al\u00f3, ya hay trabajo realizado y lo que sigue ser\u00e1 impulsar los esfuerzos y aterrizarlo.<\/span><\/p>\n<p><span style=\"font-weight: 400;\">Concretamente, M\u00e9ndez indic\u00f3 que en el panorama ya se han analizado esquemas que pudieran ayudar a acercar el cr\u00e9dito a los no afiliados. Entre otros, mencion\u00f3, <strong>la renta con opci\u00f3n a compra<\/strong>, o mecanismos de <strong>ahorro previo<\/strong>, podr\u00edan ser parte de la soluci\u00f3n para atender a esta poblaci\u00f3n.\u00a0<\/span><\/p>\n<p><span style=\"font-weight: 400;\">\u201cPensamos en esquemas novedosos como la renta con opci\u00f3n a compra; <strong>esquemas de ahorro previo, en el que la gente ahorre durante alg\u00fan tiempo para que sirva de enganche y demuestre su capacidad de pago<\/strong>; donde el gobierno federal pudiera tambi\u00e9n entrar con garant\u00edas de <\/span><i><span style=\"font-weight: 400;\">pari passu<\/span><\/i><span style=\"font-weight: 400;\">; donde haya garant\u00edas al frente para primeras p\u00e9rdidas; incluso pensar en un gran fideicomiso nacional donde se puede ir ahorrando y contar con esquemas para la atenci\u00f3n de todos aquellos trabajadores que hoy no pueden comprobar un ingreso, pero que s\u00ed tienen capacidad de pago y hoy no tienen la condici\u00f3n crediticia\u201d.<\/span><\/p>\n<h4>Foco en la producci\u00f3n<\/h4>\n<p><span style=\"font-weight: 400;\">Gonzalo M\u00e9ndez a\u00f1adi\u00f3 que la otra cara del gran reto que enfrenta M\u00e9xico en el tema de vivienda tiene que ver con detonar la <strong>producci\u00f3n de vivienda de inter\u00e9s social<\/strong>. Y es que dijo, si bien hay trabajadores que tienen acceso al cr\u00e9dito, n<strong>o hay oferta que pueda atender su demanda<\/strong>.<\/span><\/p>\n<p><span style=\"font-weight: 400;\">Para atender este desaf\u00edo, M\u00e9ndez D\u00e1valos coment\u00f3 que se debe pensar desde el nivel municipal. <\/span><span style=\"font-weight: 400;\"><br \/>\n<\/span><span style=\"font-weight: 400;\"><br \/>\n<\/span><span style=\"font-weight: 400;\">\u201cPensar, por ejemplo, que en terrenos o sitios donde hoy pudi\u00e9semos desarrollar 100 viviendas, que pudi\u00e9ramos desarrollar 250 viviendas y entonces <strong>densificar de manera urbana<\/strong>, donde tengamos proyectos combinados, e<strong>n el que el 60% de las viviendas sean del segmento social y el restante 40% para vivienda media<\/strong>, donde la vivienda media de alguna suerte permita la mezcla y sea rentable.<\/span><\/p>\n<p><span style=\"font-weight: 400;\">\u201cIgualmente pensar en que el municipio pudiera <strong>aportar parte del costo de las licencias<\/strong>, de los derechos de agua potable; o que los mismos gobiernos de los estados pudieran poner recursos al frente como ya lo hacen en Puebla, Veracruz, Guanajuato, Zacatecas; inclusive hay esquemas muy particulares para los trabajadores de la seguridad p\u00fablica en algunos estados\u201d, expuso.<\/span><\/p>\n<p><span style=\"font-weight: 400;\">En esta t\u00f3nica de encontrar soluciones, M\u00e9ndez D\u00e1valos se\u00f1al\u00f3 que se podr\u00eda ir m\u00e1s all\u00e1, y p<strong>ensar en modelos en los que los gobiernos aporten el suelo<\/strong>.\u00a0<\/span><\/p>\n<h2><b>Producci\u00f3n de vivienda social, el desaf\u00edo urgente<\/b><\/h2>\n<p><span style=\"font-weight: 400;\">Por otro lado, <strong>Jes\u00fas Sandoval<\/strong>, <strong>Director General de Ruba<\/strong>, coincidi\u00f3 en que uno de los mayores retos de la industria en el corto plazo est\u00e1 relacionado con la <strong>producci\u00f3n de vivienda social<\/strong>. Y es que, enfatiz\u00f3, a pesar que muchos trabajadores tienen acceso al cr\u00e9dito, no hay oferta que pueda satisfacer esa necesidad.<\/span><\/p>\n<blockquote><p><span style=\"font-weight: 400;\">\u00a0\u201cCada vez es m\u00e1s dif\u00edcil hacer vivienda para gente de bajos ingresos. La industria, todos nos hemos ido a los segmentos un poquito m\u00e1s altos y estamos dejando de atender, a\u00fan en los afiliados, a quienes tienen bajos ingresos.<\/span> <span style=\"font-weight: 400;\">Pr\u00e1cticamente la vivienda econ\u00f3mica ha desaparecido\u201d, indic\u00f3.<\/span><\/p><\/blockquote>\n<p><span style=\"font-weight: 400;\">Jes\u00fas Sandoval manifest\u00f3 que resulta trascendental pasar de la palabra a la acci\u00f3n. Espec\u00edficamente, dijo, lograr con autoridades un<strong> modelo de cooperaci\u00f3n<\/strong> que permita detonar la producci\u00f3n de vivienda social.<\/span><\/p>\n<p><span style=\"font-weight: 400;\">\u201cEste tema lo hemos comentado con las autoridades, con Infonavit, con el gobierno, diciendo \u2018<strong>vamos generando un modelo en el cual todos pongamos una partecita y puede ser toda la cadena\u2019<\/strong>.<\/span><\/p>\n<p><span style=\"font-weight: 400;\">\u201cSi sigue esta tendencia en el que todos, por una cuesti\u00f3n de encarecimiento de la mano de obra, de los materiales, de la misma inflaci\u00f3n, nos estamos yendo a los segmentos de otro nivel de ingreso, pues estamos generando un <strong>hueco donde m\u00e1s se requiere<\/strong>. Tendr\u00edamos que pensar en c\u00f3mo desde el sector privado podr\u00edamos entrar a <strong>generar econom\u00edas de escala para ofertar en esos segmentos<\/strong>\u201d.<\/span><\/p>\n<h4>Reto impostergable<\/h4>\n<p><span style=\"font-weight: 400;\">Sandoval detall\u00f3 que de no encontrar soluciones al tema, podr\u00edan presentarse efectos negativos. Entre otras cosas, puntualiz\u00f3, que proliferen <strong>los asentamientos irregulares<\/strong>, con todo lo que implica, tanto en calidad de vida como en costo para las ciudades.<\/span><\/p>\n<p><span style=\"font-weight: 400;\">\u201cEste es el reto principal. <strong>No podemos dejar a un lado a quienes representan el mercado m\u00e1s grande ahorita y es el formal<\/strong>, pero que ahora pr\u00e1cticamente est\u00e1 <strong>desapareciendo la oferta para ellos<\/strong>. Eso se me hace grave.\u00a0<\/span><\/p>\n<p><span style=\"font-weight: 400;\">\u201cQuiero mencionar que Ruba, siendo consistente con esta propuesta, <strong>no hemos dejado de hacer vivienda de inter\u00e9s social<\/strong>. Los m\u00e1rgenes se han ido apretando much\u00edsimo, pero hemos mantenido un buen volumen de vivienda de inter\u00e9s social\u201d.<\/span><\/p>\n<h2><b>Certeza, factor fundamental<\/b><\/h2>\n<p><span style=\"font-weight: 400;\">Para atender el reto, a decir de <strong>Marco Salazar<\/strong>, <strong>Director de Administraci\u00f3n y Finanzas de Vidusa<\/strong>, un elemento crucial que no se debe perder de vista es la certeza en materia de pol\u00edtica p\u00fablica. Y es que, se\u00f1al\u00f3, el no tener garant\u00edas en ese sentido, afecta la posibilidad de desarrollar vivienda social.<\/span><\/p>\n<p><span style=\"font-weight: 400;\">Sobre el tema, mencion\u00f3 el caso de Nuevo Le\u00f3n. Expuso que la actual administraci\u00f3n contempla un <strong>nuevo impuesto para aquellas empresas que generan residuos de materiales p\u00e9treos<\/strong>. Esta obligaci\u00f3n de pago, dijo, impactar\u00e1 en la industria de la vivienda, y encarecer\u00e1 la producci\u00f3n.<\/span><\/p>\n<p><span style=\"font-weight: 400;\">\u201cEl gobierno del estado implement\u00f3 un impuesto, en teor\u00eda ecol\u00f3gico, que impacta de una manera muy importante a las empresas que extraen material p\u00e9treo. <strong>El impuesto es cercano al 150% de lo que valen los agregados<\/strong>. Esto al final del d\u00eda va a traer un incremento en el costo de producci\u00f3n. Por el puro impuesto, <strong>tendremos un aumento de 21% en una casa de 50 metros<\/strong> (&#8230;)<\/span><\/p>\n<p><span style=\"font-weight: 400;\">\u201cCreemos en la industria que hay un c\u00e1lculo equivocado hasta por cinco veces en el impuesto; y no han aclarado para qu\u00e9 se utilizar\u00e1 el recurso que capten. Entendemos que hay una buena intenci\u00f3n. Desafortunadamente son elementos que se suman a toda esta oleada de inflaci\u00f3n y factores que implican un reto para la construcci\u00f3n\u201d.<\/span><\/p>\n<p>&nbsp;<\/p>\n<p style=\"text-align: center;\"><span style=\"font-weight: 400;\">Este texto se incluye en la\u00a0<a href=\"https:\/\/twitter.com\/ViviendaRevista\" target=\"_blank\" rel=\"noopener noreferrer\">edici\u00f3n<\/a>\u00a0136 de\u00a0<a href=\"https:\/\/centrourbano.com\/impresos\/revista-vivienda-2\/\" target=\"_blank\" rel=\"noopener noreferrer\">Revista Vivienda<\/a>\u00a0<\/span><\/p>\n<p>&nbsp;<\/p>\n<img loading=\"lazy\" decoding=\"async\" class=\"https:\/\/centrourbano.com\/impresos\/revista-vivienda-2\/ aligncenter wp-image-128697 size-full\" src=\"https:\/\/centrourbano.com\/revista\/wp-content\/uploads\/Captura-de-Pantalla-2022-04-01-a-las-13.30.33.png\" alt=\"Vivienda 136 - Portada\" width=\"518\" height=\"671\" srcset=\"https:\/\/centrourbano.com\/revista\/wp-content\/uploads\/Captura-de-Pantalla-2022-04-01-a-las-13.30.33.png 518w, https:\/\/centrourbano.com\/revista\/wp-content\/uploads\/Captura-de-Pantalla-2022-04-01-a-las-13.30.33-232x300.png 232w\" sizes=\"auto, (max-width: 518px) 100vw, 518px\" \/>\n","protected":false},"excerpt":{"rendered":"<p>Para avanzar en el desaf\u00edo del rezago habitacional, los empresarios del sector vivienda llaman al gobierno a generar modelos de colaboraci\u00f3n<\/p>\n","protected":false},"author":77,"featured_media":128698,"comment_status":"open","ping_status":"closed","sticky":false,"template":"","format":"standard","meta":{"inline_featured_image":false,"footnotes":""},"categories":[4,7860,12],"tags":[2310,15279,4493,60],"class_list":["post-128695","post","type-post","status-publish","format-standard","has-post-thumbnail","hentry","category-publicaciones","category-revista-vivienda","category-vivienda","tag-revista-vivienda","tag-revista-vivienda-financiamiento","tag-sector-vivienda","tag-vivienda-2"],"yoast_head":"<!-- This site is optimized with the Yoast SEO plugin v28.4 - https:\/\/yoast.com\/product\/yoast-seo-wordpress\/ -->\n<title>M\u00e9xico, ante el reto de atender a no afiliados y generar vivienda social<\/title>\n<meta name=\"description\" content=\"Para avanzar en el desaf\u00edo del rezago habitacional, los empresarios del sector vivienda llaman al gobierno a generar modelos de colaboraci\u00f3...\" \/>\n<meta name=\"robots\" content=\"index, follow, max-snippet:-1, max-image-preview:large, max-video-preview:-1\" \/>\n<link rel=\"canonical\" href=\"https:\/\/centrourbano.com\/revista\/vivienda\/mexico-reto-no-afiliados-vivienda-social\/\" \/>\n<meta property=\"og:locale\" content=\"es_ES\" \/>\n<meta property=\"og:type\" content=\"article\" \/>\n<meta property=\"og:title\" content=\"M\u00e9xico, ante el reto de atender a no afiliados y generar vivienda social\" \/>\n<meta property=\"og:description\" content=\"Para avanzar en el desaf\u00edo del rezago habitacional, los empresarios del sector vivienda llaman al gobierno a generar modelos de colaboraci\u00f3...\" \/>\n<meta property=\"og:url\" content=\"https:\/\/centrourbano.com\/revista\/vivienda\/mexico-reto-no-afiliados-vivienda-social\/\" \/>\n<meta property=\"og:site_name\" content=\"Centro Urbano\" \/>\n<meta property=\"article:publisher\" content=\"https:\/\/www.facebook.com\/portalcentrourbano\" \/>\n<meta property=\"article:published_time\" content=\"2022-04-01T19:30:08+00:00\" \/>\n<meta property=\"article:modified_time\" content=\"2022-04-01T20:06:27+00:00\" \/>\n<meta property=\"og:image\" content=\"https:\/\/centrourbano.com\/revista\/wp-content\/uploads\/Mexico-ante-el-reto-de-atender-a-no-afiliados-y-generar-vivienda-social-Revista-Vivienda.jpeg\" \/>\n\t<meta property=\"og:image:width\" content=\"800\" \/>\n\t<meta property=\"og:image:height\" content=\"800\" \/>\n\t<meta property=\"og:image:type\" content=\"image\/jpeg\" \/>\n<meta name=\"author\" content=\"G4A\" \/>\n<meta name=\"twitter:card\" content=\"summary_large_image\" \/>\n<meta name=\"twitter:creator\" content=\"@CentroUrbano\" \/>\n<meta name=\"twitter:site\" content=\"@CentroUrbano\" \/>\n<meta name=\"twitter:label1\" content=\"Escrito por\" \/>\n\t<meta name=\"twitter:data1\" content=\"G4A\" \/>\n\t<meta name=\"twitter:label2\" content=\"Tiempo de lectura\" \/>\n\t<meta name=\"twitter:data2\" content=\"7 minutos\" \/>\n<script type=\"application\/ld+json\" class=\"yoast-schema-graph\">{\"@context\":\"https:\\\/\\\/schema.org\",\"@graph\":[{\"@type\":\"Article\",\"@id\":\"https:\\\/\\\/centrourbano.com\\\/revista\\\/vivienda\\\/mexico-reto-no-afiliados-vivienda-social\\\/#article\",\"isPartOf\":{\"@id\":\"https:\\\/\\\/centrourbano.com\\\/revista\\\/vivienda\\\/mexico-reto-no-afiliados-vivienda-social\\\/\"},\"author\":{\"name\":\"G4A\",\"@id\":\"https:\\\/\\\/centrourbano.com\\\/revista\\\/#\\\/schema\\\/person\\\/370fa0ba2d8dd5bde3fdb8b62ad360aa\"},\"headline\":\"M\u00e9xico, ante el reto de atender a no afiliados y generar vivienda social\",\"datePublished\":\"2022-04-01T19:30:08+00:00\",\"dateModified\":\"2022-04-01T20:06:27+00:00\",\"mainEntityOfPage\":{\"@id\":\"https:\\\/\\\/centrourbano.com\\\/revista\\\/vivienda\\\/mexico-reto-no-afiliados-vivienda-social\\\/\"},\"wordCount\":1381,\"commentCount\":0,\"publisher\":{\"@id\":\"https:\\\/\\\/centrourbano.com\\\/revista\\\/#organization\"},\"image\":{\"@id\":\"https:\\\/\\\/centrourbano.com\\\/revista\\\/vivienda\\\/mexico-reto-no-afiliados-vivienda-social\\\/#primaryimage\"},\"thumbnailUrl\":\"https:\\\/\\\/centrourbano.com\\\/revista\\\/wp-content\\\/uploads\\\/Mexico-ante-el-reto-de-atender-a-no-afiliados-y-generar-vivienda-social-Revista-Vivienda.jpeg\",\"keywords\":[\"Revista Vivienda\",\"Revista Vivienda. Financiamiento\",\"sector vivienda\",\"vivienda\"],\"articleSection\":[\"Publicaciones\",\"Revista Vivienda\",\"Vivienda\"],\"inLanguage\":\"es\"},{\"@type\":\"WebPage\",\"@id\":\"https:\\\/\\\/centrourbano.com\\\/revista\\\/vivienda\\\/mexico-reto-no-afiliados-vivienda-social\\\/\",\"url\":\"https:\\\/\\\/centrourbano.com\\\/revista\\\/vivienda\\\/mexico-reto-no-afiliados-vivienda-social\\\/\",\"name\":\"M\u00e9xico, ante el reto de atender a no afiliados y generar vivienda social\",\"isPartOf\":{\"@id\":\"https:\\\/\\\/centrourbano.com\\\/revista\\\/#website\"},\"primaryImageOfPage\":{\"@id\":\"https:\\\/\\\/centrourbano.com\\\/revista\\\/vivienda\\\/mexico-reto-no-afiliados-vivienda-social\\\/#primaryimage\"},\"image\":{\"@id\":\"https:\\\/\\\/centrourbano.com\\\/revista\\\/vivienda\\\/mexico-reto-no-afiliados-vivienda-social\\\/#primaryimage\"},\"thumbnailUrl\":\"https:\\\/\\\/centrourbano.com\\\/revista\\\/wp-content\\\/uploads\\\/Mexico-ante-el-reto-de-atender-a-no-afiliados-y-generar-vivienda-social-Revista-Vivienda.jpeg\",\"datePublished\":\"2022-04-01T19:30:08+00:00\",\"dateModified\":\"2022-04-01T20:06:27+00:00\",\"description\":\"Para avanzar en el desaf\u00edo del rezago habitacional, los empresarios del sector vivienda llaman al gobierno a generar modelos de colaboraci\u00f3...\",\"breadcrumb\":{\"@id\":\"https:\\\/\\\/centrourbano.com\\\/revista\\\/vivienda\\\/mexico-reto-no-afiliados-vivienda-social\\\/#breadcrumb\"},\"inLanguage\":\"es\",\"potentialAction\":[{\"@type\":\"ReadAction\",\"target\":[\"https:\\\/\\\/centrourbano.com\\\/revista\\\/vivienda\\\/mexico-reto-no-afiliados-vivienda-social\\\/\"]}]},{\"@type\":\"ImageObject\",\"inLanguage\":\"es\",\"@id\":\"https:\\\/\\\/centrourbano.com\\\/revista\\\/vivienda\\\/mexico-reto-no-afiliados-vivienda-social\\\/#primaryimage\",\"url\":\"https:\\\/\\\/centrourbano.com\\\/revista\\\/wp-content\\\/uploads\\\/Mexico-ante-el-reto-de-atender-a-no-afiliados-y-generar-vivienda-social-Revista-Vivienda.jpeg\",\"contentUrl\":\"https:\\\/\\\/centrourbano.com\\\/revista\\\/wp-content\\\/uploads\\\/Mexico-ante-el-reto-de-atender-a-no-afiliados-y-generar-vivienda-social-Revista-Vivienda.jpeg\",\"width\":800,\"height\":800,\"caption\":\"M\u00e9xico - ante el reto de atender a no afiliados y generar vivienda social - Revista Vivienda\"},{\"@type\":\"BreadcrumbList\",\"@id\":\"https:\\\/\\\/centrourbano.com\\\/revista\\\/vivienda\\\/mexico-reto-no-afiliados-vivienda-social\\\/#breadcrumb\",\"itemListElement\":[{\"@type\":\"ListItem\",\"position\":1,\"name\":\"Portada\",\"item\":\"https:\\\/\\\/centrourbano.com\\\/revista\\\/\"},{\"@type\":\"ListItem\",\"position\":2,\"name\":\"M\u00e9xico, ante el reto de atender a no afiliados y generar vivienda social\"}]},{\"@type\":\"WebSite\",\"@id\":\"https:\\\/\\\/centrourbano.com\\\/revista\\\/#website\",\"url\":\"https:\\\/\\\/centrourbano.com\\\/revista\\\/\",\"name\":\"Centro Urbano\",\"description\":\"Medio especializado en los sectores vivienda, inmobiliario, construcci\u00f3n, arquitectura y urbanismo.\",\"publisher\":{\"@id\":\"https:\\\/\\\/centrourbano.com\\\/revista\\\/#organization\"},\"potentialAction\":[{\"@type\":\"SearchAction\",\"target\":{\"@type\":\"EntryPoint\",\"urlTemplate\":\"https:\\\/\\\/centrourbano.com\\\/revista\\\/?s={search_term_string}\"},\"query-input\":{\"@type\":\"PropertyValueSpecification\",\"valueRequired\":true,\"valueName\":\"search_term_string\"}}],\"inLanguage\":\"es\"},{\"@type\":\"Organization\",\"@id\":\"https:\\\/\\\/centrourbano.com\\\/revista\\\/#organization\",\"name\":\"Centro Urbano\",\"url\":\"https:\\\/\\\/centrourbano.com\\\/revista\\\/\",\"logo\":{\"@type\":\"ImageObject\",\"inLanguage\":\"es\",\"@id\":\"https:\\\/\\\/centrourbano.com\\\/revista\\\/#\\\/schema\\\/logo\\\/image\\\/\",\"url\":\"https:\\\/\\\/centrourbano.com\\\/revista\\\/wp-content\\\/uploads\\\/web_CU_logo-1.png\",\"contentUrl\":\"https:\\\/\\\/centrourbano.com\\\/revista\\\/wp-content\\\/uploads\\\/web_CU_logo-1.png\",\"width\":350,\"height\":91,\"caption\":\"Centro Urbano\"},\"image\":{\"@id\":\"https:\\\/\\\/centrourbano.com\\\/revista\\\/#\\\/schema\\\/logo\\\/image\\\/\"},\"sameAs\":[\"https:\\\/\\\/www.facebook.com\\\/portalcentrourbano\",\"https:\\\/\\\/x.com\\\/CentroUrbano\",\"https:\\\/\\\/www.instagram.com\\\/centro_urbano\\\/\",\"https:\\\/\\\/www.linkedin.com\\\/company\\\/centro-urbano\\\/\",\"http:\\\/\\\/www.youtube.com\\\/user\\\/portalcentrourbano\"]},{\"@type\":\"Person\",\"@id\":\"https:\\\/\\\/centrourbano.com\\\/revista\\\/#\\\/schema\\\/person\\\/370fa0ba2d8dd5bde3fdb8b62ad360aa\",\"name\":\"G4A\",\"image\":{\"@type\":\"ImageObject\",\"inLanguage\":\"es\",\"@id\":\"https:\\\/\\\/secure.gravatar.com\\\/avatar\\\/932a97121b13d5de5bbd8193c6c83d3b92c9eda0f39623607d4280e7a5778d97?s=96&d=mm&r=g\",\"url\":\"https:\\\/\\\/secure.gravatar.com\\\/avatar\\\/932a97121b13d5de5bbd8193c6c83d3b92c9eda0f39623607d4280e7a5778d97?s=96&d=mm&r=g\",\"contentUrl\":\"https:\\\/\\\/secure.gravatar.com\\\/avatar\\\/932a97121b13d5de5bbd8193c6c83d3b92c9eda0f39623607d4280e7a5778d97?s=96&d=mm&r=g\",\"caption\":\"G4A\"},\"url\":\"https:\\\/\\\/centrourbano.com\\\/revista\\\/author\\\/admin-g4a\\\/\"}]}<\/script>\n<!-- \/ Yoast SEO plugin. -->","yoast_head_json":{"title":"M\u00e9xico, ante el reto de atender a no afiliados y generar vivienda social","description":"Para avanzar en el desaf\u00edo del rezago habitacional, los empresarios del sector vivienda llaman al gobierno a generar modelos de colaboraci\u00f3...","robots":{"index":"index","follow":"follow","max-snippet":"max-snippet:-1","max-image-preview":"max-image-preview:large","max-video-preview":"max-video-preview:-1"},"canonical":"https:\/\/centrourbano.com\/revista\/vivienda\/mexico-reto-no-afiliados-vivienda-social\/","og_locale":"es_ES","og_type":"article","og_title":"M\u00e9xico, ante el reto de atender a no afiliados y generar vivienda social","og_description":"Para avanzar en el desaf\u00edo del rezago habitacional, los empresarios del sector vivienda llaman al gobierno a generar modelos de colaboraci\u00f3...","og_url":"https:\/\/centrourbano.com\/revista\/vivienda\/mexico-reto-no-afiliados-vivienda-social\/","og_site_name":"Centro Urbano","article_publisher":"https:\/\/www.facebook.com\/portalcentrourbano","article_published_time":"2022-04-01T19:30:08+00:00","article_modified_time":"2022-04-01T20:06:27+00:00","og_image":[{"width":800,"height":800,"url":"https:\/\/centrourbano.com\/revista\/wp-content\/uploads\/Mexico-ante-el-reto-de-atender-a-no-afiliados-y-generar-vivienda-social-Revista-Vivienda.jpeg","type":"image\/jpeg"}],"author":"G4A","twitter_card":"summary_large_image","twitter_creator":"@CentroUrbano","twitter_site":"@CentroUrbano","twitter_misc":{"Escrito por":"G4A","Tiempo de lectura":"7 minutos"},"schema":{"@context":"https:\/\/schema.org","@graph":[{"@type":"Article","@id":"https:\/\/centrourbano.com\/revista\/vivienda\/mexico-reto-no-afiliados-vivienda-social\/#article","isPartOf":{"@id":"https:\/\/centrourbano.com\/revista\/vivienda\/mexico-reto-no-afiliados-vivienda-social\/"},"author":{"name":"G4A","@id":"https:\/\/centrourbano.com\/revista\/#\/schema\/person\/370fa0ba2d8dd5bde3fdb8b62ad360aa"},"headline":"M\u00e9xico, ante el reto de atender a no afiliados y generar vivienda social","datePublished":"2022-04-01T19:30:08+00:00","dateModified":"2022-04-01T20:06:27+00:00","mainEntityOfPage":{"@id":"https:\/\/centrourbano.com\/revista\/vivienda\/mexico-reto-no-afiliados-vivienda-social\/"},"wordCount":1381,"commentCount":0,"publisher":{"@id":"https:\/\/centrourbano.com\/revista\/#organization"},"image":{"@id":"https:\/\/centrourbano.com\/revista\/vivienda\/mexico-reto-no-afiliados-vivienda-social\/#primaryimage"},"thumbnailUrl":"https:\/\/centrourbano.com\/revista\/wp-content\/uploads\/Mexico-ante-el-reto-de-atender-a-no-afiliados-y-generar-vivienda-social-Revista-Vivienda.jpeg","keywords":["Revista Vivienda","Revista Vivienda. Financiamiento","sector vivienda","vivienda"],"articleSection":["Publicaciones","Revista Vivienda","Vivienda"],"inLanguage":"es"},{"@type":"WebPage","@id":"https:\/\/centrourbano.com\/revista\/vivienda\/mexico-reto-no-afiliados-vivienda-social\/","url":"https:\/\/centrourbano.com\/revista\/vivienda\/mexico-reto-no-afiliados-vivienda-social\/","name":"M\u00e9xico, ante el reto de atender a no afiliados y generar vivienda social","isPartOf":{"@id":"https:\/\/centrourbano.com\/revista\/#website"},"primaryImageOfPage":{"@id":"https:\/\/centrourbano.com\/revista\/vivienda\/mexico-reto-no-afiliados-vivienda-social\/#primaryimage"},"image":{"@id":"https:\/\/centrourbano.com\/revista\/vivienda\/mexico-reto-no-afiliados-vivienda-social\/#primaryimage"},"thumbnailUrl":"https:\/\/centrourbano.com\/revista\/wp-content\/uploads\/Mexico-ante-el-reto-de-atender-a-no-afiliados-y-generar-vivienda-social-Revista-Vivienda.jpeg","datePublished":"2022-04-01T19:30:08+00:00","dateModified":"2022-04-01T20:06:27+00:00","description":"Para avanzar en el desaf\u00edo del rezago habitacional, los empresarios del sector vivienda llaman al gobierno a generar modelos de colaboraci\u00f3...","breadcrumb":{"@id":"https:\/\/centrourbano.com\/revista\/vivienda\/mexico-reto-no-afiliados-vivienda-social\/#breadcrumb"},"inLanguage":"es","potentialAction":[{"@type":"ReadAction","target":["https:\/\/centrourbano.com\/revista\/vivienda\/mexico-reto-no-afiliados-vivienda-social\/"]}]},{"@type":"ImageObject","inLanguage":"es","@id":"https:\/\/centrourbano.com\/revista\/vivienda\/mexico-reto-no-afiliados-vivienda-social\/#primaryimage","url":"https:\/\/centrourbano.com\/revista\/wp-content\/uploads\/Mexico-ante-el-reto-de-atender-a-no-afiliados-y-generar-vivienda-social-Revista-Vivienda.jpeg","contentUrl":"https:\/\/centrourbano.com\/revista\/wp-content\/uploads\/Mexico-ante-el-reto-de-atender-a-no-afiliados-y-generar-vivienda-social-Revista-Vivienda.jpeg","width":800,"height":800,"caption":"M\u00e9xico - ante el reto de atender a no afiliados y generar vivienda social - Revista Vivienda"},{"@type":"BreadcrumbList","@id":"https:\/\/centrourbano.com\/revista\/vivienda\/mexico-reto-no-afiliados-vivienda-social\/#breadcrumb","itemListElement":[{"@type":"ListItem","position":1,"name":"Portada","item":"https:\/\/centrourbano.com\/revista\/"},{"@type":"ListItem","position":2,"name":"M\u00e9xico, ante el reto de atender a no afiliados y generar vivienda social"}]},{"@type":"WebSite","@id":"https:\/\/centrourbano.com\/revista\/#website","url":"https:\/\/centrourbano.com\/revista\/","name":"Centro Urbano","description":"Medio especializado en los sectores vivienda, inmobiliario, construcci\u00f3n, arquitectura y urbanismo.","publisher":{"@id":"https:\/\/centrourbano.com\/revista\/#organization"},"potentialAction":[{"@type":"SearchAction","target":{"@type":"EntryPoint","urlTemplate":"https:\/\/centrourbano.com\/revista\/?s={search_term_string}"},"query-input":{"@type":"PropertyValueSpecification","valueRequired":true,"valueName":"search_term_string"}}],"inLanguage":"es"},{"@type":"Organization","@id":"https:\/\/centrourbano.com\/revista\/#organization","name":"Centro Urbano","url":"https:\/\/centrourbano.com\/revista\/","logo":{"@type":"ImageObject","inLanguage":"es","@id":"https:\/\/centrourbano.com\/revista\/#\/schema\/logo\/image\/","url":"https:\/\/centrourbano.com\/revista\/wp-content\/uploads\/web_CU_logo-1.png","contentUrl":"https:\/\/centrourbano.com\/revista\/wp-content\/uploads\/web_CU_logo-1.png","width":350,"height":91,"caption":"Centro Urbano"},"image":{"@id":"https:\/\/centrourbano.com\/revista\/#\/schema\/logo\/image\/"},"sameAs":["https:\/\/www.facebook.com\/portalcentrourbano","https:\/\/x.com\/CentroUrbano","https:\/\/www.instagram.com\/centro_urbano\/","https:\/\/www.linkedin.com\/company\/centro-urbano\/","http:\/\/www.youtube.com\/user\/portalcentrourbano"]},{"@type":"Person","@id":"https:\/\/centrourbano.com\/revista\/#\/schema\/person\/370fa0ba2d8dd5bde3fdb8b62ad360aa","name":"G4A","image":{"@type":"ImageObject","inLanguage":"es","@id":"https:\/\/secure.gravatar.com\/avatar\/932a97121b13d5de5bbd8193c6c83d3b92c9eda0f39623607d4280e7a5778d97?s=96&d=mm&r=g","url":"https:\/\/secure.gravatar.com\/avatar\/932a97121b13d5de5bbd8193c6c83d3b92c9eda0f39623607d4280e7a5778d97?s=96&d=mm&r=g","contentUrl":"https:\/\/secure.gravatar.com\/avatar\/932a97121b13d5de5bbd8193c6c83d3b92c9eda0f39623607d4280e7a5778d97?s=96&d=mm&r=g","caption":"G4A"},"url":"https:\/\/centrourbano.com\/revista\/author\/admin-g4a\/"}]}},"_links":{"self":[{"href":"https:\/\/centrourbano.com\/revista\/wp-json\/wp\/v2\/posts\/128695","targetHints":{"allow":["GET"]}}],"collection":[{"href":"https:\/\/centrourbano.com\/revista\/wp-json\/wp\/v2\/posts"}],"about":[{"href":"https:\/\/centrourbano.com\/revista\/wp-json\/wp\/v2\/types\/post"}],"author":[{"embeddable":true,"href":"https:\/\/centrourbano.com\/revista\/wp-json\/wp\/v2\/users\/77"}],"replies":[{"embeddable":true,"href":"https:\/\/centrourbano.com\/revista\/wp-json\/wp\/v2\/comments?post=128695"}],"version-history":[{"count":4,"href":"https:\/\/centrourbano.com\/revista\/wp-json\/wp\/v2\/posts\/128695\/revisions"}],"predecessor-version":[{"id":128703,"href":"https:\/\/centrourbano.com\/revista\/wp-json\/wp\/v2\/posts\/128695\/revisions\/128703"}],"wp:featuredmedia":[{"embeddable":true,"href":"https:\/\/centrourbano.com\/revista\/wp-json\/wp\/v2\/media\/128698"}],"wp:attachment":[{"href":"https:\/\/centrourbano.com\/revista\/wp-json\/wp\/v2\/media?parent=128695"}],"wp:term":[{"taxonomy":"category","embeddable":true,"href":"https:\/\/centrourbano.com\/revista\/wp-json\/wp\/v2\/categories?post=128695"},{"taxonomy":"post_tag","embeddable":true,"href":"https:\/\/centrourbano.com\/revista\/wp-json\/wp\/v2\/tags?post=128695"}],"curies":[{"name":"wp","href":"https:\/\/api.w.org\/{rel}","templated":true}]}}