{"id":128010,"date":"2022-03-18T17:33:10","date_gmt":"2022-03-18T23:33:10","guid":{"rendered":"https:\/\/centrourbano.com\/?p=128010"},"modified":"2022-03-31T12:20:20","modified_gmt":"2022-03-31T18:20:20","slug":"ampi-refuerza-su-compromiso-con-el-sector-inmobiliario-e-invita-a-sus-diversos-eventos","status":"publish","type":"post","link":"https:\/\/centrourbano.com\/revista\/inmobiliario\/ampi-refuerza-su-compromiso-con-el-sector-inmobiliario-e-invita-a-sus-diversos-eventos\/","title":{"rendered":"AMPI refuerza su compromiso con el sector inmobiliario e invita a sus diversos eventos"},"content":{"rendered":"<p>La <a href=\"https:\/\/ampi.org\/\">AMPI<\/a> pone a disposici\u00f3n de sus agremiados y p\u00fablico en general diversas actividades, eventos y conferencias que buscan la profesionalizaci\u00f3n y actualizaci\u00f3n del sector inmobiliario. Entre estas se encuentra la d\u00e9cima edici\u00f3n del <strong><em>Simposium de Centros Hist\u00f3ricos<\/em> <\/strong>que tendr\u00e1 lugar en los pr\u00f3ximos d\u00edas.<\/p>\n<p>En una pl\u00e1tica en <a href=\"https:\/\/centrourbano.com\/centro-urbano-home\/\">Centro Urbano Home<\/a>, Christian Montul P\u00e9rez Cancio, director del Simposium de Centros Hist\u00f3ricos, explic\u00f3 que es muy importante impulsar la inversi\u00f3n en los Centros Hist\u00f3ricos, pero que tambi\u00e9n es fundamental que existan profesionales que conozcan c\u00f3mo hacer las operaciones inmobiliarias en ellos; desde la gesti\u00f3n hasta tr\u00e1mites. Por esto, recalc\u00f3 la importancia que tiene este Simposium, el cual busca capacitar a los interesados en mejorar y atender a la problem\u00e1tica de abandono de inmuebles en los Centros Hist\u00f3ricos.<\/p>\n<p>Por su parte, Maricela Rodr\u00edguez Pereyra, vicepresidente de Comunicaci\u00f3n de la AMPI, expres\u00f3 que con este Simposium la Asociaci\u00f3n tiene entre sus objetivos conjugar la arquitectura, la cultura y la innovaci\u00f3n para brindar informaci\u00f3n a los inversionistas que desean destinar capital a lugares tan emblem\u00e1ticos como Guanajuato o algunos otros Centros Hist\u00f3ricos.<\/p>\n<p>En este sentido, Alejandra Cort\u00e9s \u00c1vila, presidente de Secci\u00f3n AMPI Guanajuato Capital, enfatiz\u00f3 que de la mano de las autoridades y organismos como la AMPI, en estrategias y oportunidades para redensificar estos espacios, sin descuidar el patrimonio.<\/p>\n<p>Respecto al X Simposium, Christian Montul P\u00e9rez coment\u00f3 que este est\u00e1 dirigido a un mercado muy amplio: socios de AMPI, agentes inmobiliarios, arquitectos, peritos, instituciones de gobierno y sociedad civil. Adem\u00e1s, destac\u00f3 que contar\u00e1 con una cartera muy amplia de participantes y de actividades: nueve conferencias, un recorrido hist\u00f3rico por la ciudad, una cena de gala, rompehielos y recorridos por algunos inmuebles emblem\u00e1ticos de la ciudad y del pa\u00eds. Para poder asistir a este evento la inscripci\u00f3n se debe realizar en la p\u00e1gina wechamber.mx donde podr\u00e1n adquirir los boletos.<\/p>\n<p>Finalmente, la vicepresidente de Comunicaci\u00f3n de la AMPI destac\u00f3 el compromiso de la nueva presidenta de la Asociaci\u00f3n, Florencia Azalea Estrada, y agreg\u00f3 que la AMPI contar\u00e1 con otros eventos durante este a\u00f1o como el Summit tur\u00edstico en Guaymas, Sonora el 1, 2 y 3 de junio; el Congreso Nacional en Tijuana el 12, 13 y 14 de octubre y el curso de capacitaci\u00f3n que se celebrar\u00e1 del 2 al 10 de julio en Barcelona.<\/p>\n<p>&nbsp;<\/p>\n","protected":false},"excerpt":{"rendered":"<p>La AMPI pone a disposici\u00f3n de sus agremiados y p\u00fablico en general diversas actividades, eventos y conferencias que buscan la profesionalizaci\u00f3n y actualizaci\u00f3n del sector inmobiliario. Entre estas se encuentra la d\u00e9cima edici\u00f3n del Simposium de Centros Hist\u00f3ricos que tendr\u00e1 lugar en los pr\u00f3ximos d\u00edas. En una pl\u00e1tica en Centro Urbano Home, Christian Montul P\u00e9rez [&hellip;]<\/p>\n","protected":false},"author":86,"featured_media":128012,"comment_status":"open","ping_status":"closed","sticky":false,"template":"","format":"standard","meta":{"om_disable_all_campaigns":false,"inline_featured_image":false,"_monsterinsights_skip_tracking":false,"_monsterinsights_sitenote_active":false,"_monsterinsights_sitenote_note":"","_monsterinsights_sitenote_category":0,"footnotes":""},"categories":[15],"tags":[97,15672],"class_list":["post-128010","post","type-post","status-publish","format-standard","has-post-thumbnail","hentry","category-inmobiliario","tag-ampi","tag-simposium-de-centros-historicos"],"yoast_head":"<!-- This site is optimized with the Yoast SEO plugin v27.4 - https:\/\/yoast.com\/product\/yoast-seo-wordpress\/ -->\n<title>AMPI refuerza su compromiso con el sector inmobiliario e invita a sus diversos eventos -<\/title>\n<meta name=\"description\" content=\"La AMPI pone a disposici\u00f3n de sus agremiados y p\u00fablico en general diversas actividades, eventos y conferencias que buscan la profesionalizaci\u00f3n y La AMPI pone a disposici\u00f3n de sus agremiados y p\u00fablico en general diversas actividades, eventos y conferencias que buscan la profesionalizaci\u00f3n y actualizaci\u00f3n del sector inmobiliario.\" \/>\n<meta name=\"robots\" content=\"index, follow, max-snippet:-1, max-image-preview:large, max-video-preview:-1\" \/>\n<link rel=\"canonical\" href=\"https:\/\/centrourbano.com\/revista\/inmobiliario\/ampi-refuerza-su-compromiso-con-el-sector-inmobiliario-e-invita-a-sus-diversos-eventos\/\" \/>\n<meta property=\"og:locale\" content=\"es_ES\" \/>\n<meta property=\"og:type\" content=\"article\" \/>\n<meta property=\"og:title\" content=\"AMPI refuerza su compromiso con el sector inmobiliario e invita a sus diversos eventos -\" \/>\n<meta property=\"og:description\" content=\"La AMPI pone a disposici\u00f3n de sus agremiados y p\u00fablico en general diversas actividades, eventos y conferencias que buscan la profesionalizaci\u00f3n y La AMPI pone a disposici\u00f3n de sus agremiados y p\u00fablico en general diversas actividades, eventos y conferencias que buscan la profesionalizaci\u00f3n y actualizaci\u00f3n del sector inmobiliario.\" \/>\n<meta property=\"og:url\" content=\"https:\/\/centrourbano.com\/revista\/inmobiliario\/ampi-refuerza-su-compromiso-con-el-sector-inmobiliario-e-invita-a-sus-diversos-eventos\/\" \/>\n<meta property=\"og:site_name\" content=\"Centro Urbano\" \/>\n<meta property=\"article:publisher\" content=\"https:\/\/www.facebook.com\/portalcentrourbano\" \/>\n<meta property=\"article:published_time\" content=\"2022-03-18T23:33:10+00:00\" \/>\n<meta property=\"article:modified_time\" content=\"2022-03-31T18:20:20+00:00\" \/>\n<meta property=\"og:image\" content=\"https:\/\/centrourbano.com\/revista\/wp-content\/uploads\/AMPI-refuerza-su-compromiso-con-el-sector-inmobiliario-e-invita-a-los-interesados-a-conocer-sus-eventos.jpg\" \/>\n\t<meta property=\"og:image:width\" content=\"800\" \/>\n\t<meta property=\"og:image:height\" content=\"800\" \/>\n\t<meta property=\"og:image:type\" content=\"image\/jpeg\" \/>\n<meta name=\"author\" content=\"Frida Ju\u00e1rez\" \/>\n<meta name=\"twitter:card\" content=\"summary_large_image\" \/>\n<meta name=\"twitter:creator\" content=\"@CentroUrbano\" \/>\n<meta name=\"twitter:site\" content=\"@CentroUrbano\" \/>\n<meta name=\"twitter:label1\" content=\"Escrito por\" \/>\n\t<meta name=\"twitter:data1\" content=\"Frida Ju\u00e1rez\" \/>\n\t<meta name=\"twitter:label2\" content=\"Tiempo de lectura\" \/>\n\t<meta name=\"twitter:data2\" content=\"2 minutos\" \/>\n<script type=\"application\/ld+json\" class=\"yoast-schema-graph\">{\"@context\":\"https:\\\/\\\/schema.org\",\"@graph\":[{\"@type\":\"Article\",\"@id\":\"https:\\\/\\\/centrourbano.com\\\/revista\\\/inmobiliario\\\/ampi-refuerza-su-compromiso-con-el-sector-inmobiliario-e-invita-a-sus-diversos-eventos\\\/#article\",\"isPartOf\":{\"@id\":\"https:\\\/\\\/centrourbano.com\\\/revista\\\/inmobiliario\\\/ampi-refuerza-su-compromiso-con-el-sector-inmobiliario-e-invita-a-sus-diversos-eventos\\\/\"},\"author\":{\"name\":\"Frida Ju\u00e1rez\",\"@id\":\"https:\\\/\\\/centrourbano.com\\\/revista\\\/#\\\/schema\\\/person\\\/3cfdf30b8ab2b76f0ad321d24f790b36\"},\"headline\":\"AMPI refuerza su compromiso con el sector inmobiliario e invita a sus diversos eventos\",\"datePublished\":\"2022-03-18T23:33:10+00:00\",\"dateModified\":\"2022-03-31T18:20:20+00:00\",\"mainEntityOfPage\":{\"@id\":\"https:\\\/\\\/centrourbano.com\\\/revista\\\/inmobiliario\\\/ampi-refuerza-su-compromiso-con-el-sector-inmobiliario-e-invita-a-sus-diversos-eventos\\\/\"},\"wordCount\":430,\"commentCount\":0,\"publisher\":{\"@id\":\"https:\\\/\\\/centrourbano.com\\\/revista\\\/#organization\"},\"image\":{\"@id\":\"https:\\\/\\\/centrourbano.com\\\/revista\\\/inmobiliario\\\/ampi-refuerza-su-compromiso-con-el-sector-inmobiliario-e-invita-a-sus-diversos-eventos\\\/#primaryimage\"},\"thumbnailUrl\":\"https:\\\/\\\/centrourbano.com\\\/revista\\\/wp-content\\\/uploads\\\/AMPI-refuerza-su-compromiso-con-el-sector-inmobiliario-e-invita-a-los-interesados-a-conocer-sus-eventos.jpg\",\"keywords\":[\"AMPI\",\"Simposium de Centros Hist\u00f3ricos\"],\"articleSection\":[\"Inmobiliario\"],\"inLanguage\":\"es\",\"potentialAction\":[{\"@type\":\"CommentAction\",\"name\":\"Comment\",\"target\":[\"https:\\\/\\\/centrourbano.com\\\/revista\\\/inmobiliario\\\/ampi-refuerza-su-compromiso-con-el-sector-inmobiliario-e-invita-a-sus-diversos-eventos\\\/#respond\"]}]},{\"@type\":\"WebPage\",\"@id\":\"https:\\\/\\\/centrourbano.com\\\/revista\\\/inmobiliario\\\/ampi-refuerza-su-compromiso-con-el-sector-inmobiliario-e-invita-a-sus-diversos-eventos\\\/\",\"url\":\"https:\\\/\\\/centrourbano.com\\\/revista\\\/inmobiliario\\\/ampi-refuerza-su-compromiso-con-el-sector-inmobiliario-e-invita-a-sus-diversos-eventos\\\/\",\"name\":\"AMPI refuerza su compromiso con el sector inmobiliario e invita a sus diversos eventos -\",\"isPartOf\":{\"@id\":\"https:\\\/\\\/centrourbano.com\\\/revista\\\/#website\"},\"primaryImageOfPage\":{\"@id\":\"https:\\\/\\\/centrourbano.com\\\/revista\\\/inmobiliario\\\/ampi-refuerza-su-compromiso-con-el-sector-inmobiliario-e-invita-a-sus-diversos-eventos\\\/#primaryimage\"},\"image\":{\"@id\":\"https:\\\/\\\/centrourbano.com\\\/revista\\\/inmobiliario\\\/ampi-refuerza-su-compromiso-con-el-sector-inmobiliario-e-invita-a-sus-diversos-eventos\\\/#primaryimage\"},\"thumbnailUrl\":\"https:\\\/\\\/centrourbano.com\\\/revista\\\/wp-content\\\/uploads\\\/AMPI-refuerza-su-compromiso-con-el-sector-inmobiliario-e-invita-a-los-interesados-a-conocer-sus-eventos.jpg\",\"datePublished\":\"2022-03-18T23:33:10+00:00\",\"dateModified\":\"2022-03-31T18:20:20+00:00\",\"description\":\"La AMPI pone a disposici\u00f3n de sus agremiados y p\u00fablico en general diversas actividades, eventos y conferencias que buscan la profesionalizaci\u00f3n y La AMPI pone a disposici\u00f3n de sus agremiados y p\u00fablico en general diversas actividades, eventos y conferencias que buscan la profesionalizaci\u00f3n y actualizaci\u00f3n del sector inmobiliario.\",\"breadcrumb\":{\"@id\":\"https:\\\/\\\/centrourbano.com\\\/revista\\\/inmobiliario\\\/ampi-refuerza-su-compromiso-con-el-sector-inmobiliario-e-invita-a-sus-diversos-eventos\\\/#breadcrumb\"},\"inLanguage\":\"es\",\"potentialAction\":[{\"@type\":\"ReadAction\",\"target\":[\"https:\\\/\\\/centrourbano.com\\\/revista\\\/inmobiliario\\\/ampi-refuerza-su-compromiso-con-el-sector-inmobiliario-e-invita-a-sus-diversos-eventos\\\/\"]}]},{\"@type\":\"ImageObject\",\"inLanguage\":\"es\",\"@id\":\"https:\\\/\\\/centrourbano.com\\\/revista\\\/inmobiliario\\\/ampi-refuerza-su-compromiso-con-el-sector-inmobiliario-e-invita-a-sus-diversos-eventos\\\/#primaryimage\",\"url\":\"https:\\\/\\\/centrourbano.com\\\/revista\\\/wp-content\\\/uploads\\\/AMPI-refuerza-su-compromiso-con-el-sector-inmobiliario-e-invita-a-los-interesados-a-conocer-sus-eventos.jpg\",\"contentUrl\":\"https:\\\/\\\/centrourbano.com\\\/revista\\\/wp-content\\\/uploads\\\/AMPI-refuerza-su-compromiso-con-el-sector-inmobiliario-e-invita-a-los-interesados-a-conocer-sus-eventos.jpg\",\"width\":800,\"height\":800,\"caption\":\"La AMPI pone a disposici\u00f3n de sus agremiados y p\u00fablico en general diversas actividades, eventos y conferencias que buscan la profesionalizaci\u00f3n y actualizaci\u00f3n del sector inmobiliario. Entre estas se encuentra la d\u00e9cima edici\u00f3n del Simposium de Centros Hist\u00f3ricos que tendr\u00e1 lugar en los pr\u00f3ximos d\u00edas.\"},{\"@type\":\"BreadcrumbList\",\"@id\":\"https:\\\/\\\/centrourbano.com\\\/revista\\\/inmobiliario\\\/ampi-refuerza-su-compromiso-con-el-sector-inmobiliario-e-invita-a-sus-diversos-eventos\\\/#breadcrumb\",\"itemListElement\":[{\"@type\":\"ListItem\",\"position\":1,\"name\":\"Portada\",\"item\":\"https:\\\/\\\/centrourbano.com\\\/revista\\\/\"},{\"@type\":\"ListItem\",\"position\":2,\"name\":\"AMPI refuerza su compromiso con el sector inmobiliario e invita a sus diversos eventos\"}]},{\"@type\":\"WebSite\",\"@id\":\"https:\\\/\\\/centrourbano.com\\\/revista\\\/#website\",\"url\":\"https:\\\/\\\/centrourbano.com\\\/revista\\\/\",\"name\":\"Centro Urbano\",\"description\":\"Medio especializado en los sectores vivienda, inmobiliario, construcci\u00f3n, arquitectura y urbanismo.\",\"publisher\":{\"@id\":\"https:\\\/\\\/centrourbano.com\\\/revista\\\/#organization\"},\"potentialAction\":[{\"@type\":\"SearchAction\",\"target\":{\"@type\":\"EntryPoint\",\"urlTemplate\":\"https:\\\/\\\/centrourbano.com\\\/revista\\\/?s={search_term_string}\"},\"query-input\":{\"@type\":\"PropertyValueSpecification\",\"valueRequired\":true,\"valueName\":\"search_term_string\"}}],\"inLanguage\":\"es\"},{\"@type\":\"Organization\",\"@id\":\"https:\\\/\\\/centrourbano.com\\\/revista\\\/#organization\",\"name\":\"Centro Urbano\",\"url\":\"https:\\\/\\\/centrourbano.com\\\/revista\\\/\",\"logo\":{\"@type\":\"ImageObject\",\"inLanguage\":\"es\",\"@id\":\"https:\\\/\\\/centrourbano.com\\\/revista\\\/#\\\/schema\\\/logo\\\/image\\\/\",\"url\":\"https:\\\/\\\/centrourbano.com\\\/revista\\\/wp-content\\\/uploads\\\/web_CU_logo-1.png\",\"contentUrl\":\"https:\\\/\\\/centrourbano.com\\\/revista\\\/wp-content\\\/uploads\\\/web_CU_logo-1.png\",\"width\":350,\"height\":91,\"caption\":\"Centro Urbano\"},\"image\":{\"@id\":\"https:\\\/\\\/centrourbano.com\\\/revista\\\/#\\\/schema\\\/logo\\\/image\\\/\"},\"sameAs\":[\"https:\\\/\\\/www.facebook.com\\\/portalcentrourbano\",\"https:\\\/\\\/x.com\\\/CentroUrbano\",\"https:\\\/\\\/www.instagram.com\\\/centro_urbano\\\/\",\"https:\\\/\\\/www.linkedin.com\\\/company\\\/centro-urbano\\\/\",\"http:\\\/\\\/www.youtube.com\\\/user\\\/portalcentrourbano\"]},{\"@type\":\"Person\",\"@id\":\"https:\\\/\\\/centrourbano.com\\\/revista\\\/#\\\/schema\\\/person\\\/3cfdf30b8ab2b76f0ad321d24f790b36\",\"name\":\"Frida Ju\u00e1rez\",\"image\":{\"@type\":\"ImageObject\",\"inLanguage\":\"es\",\"@id\":\"https:\\\/\\\/secure.gravatar.com\\\/avatar\\\/b4b4ad63be5138737fbcb5256392f3882e2f6181f4e79c430a6cea1752cba6e4?s=96&d=mm&r=g\",\"url\":\"https:\\\/\\\/secure.gravatar.com\\\/avatar\\\/b4b4ad63be5138737fbcb5256392f3882e2f6181f4e79c430a6cea1752cba6e4?s=96&d=mm&r=g\",\"contentUrl\":\"https:\\\/\\\/secure.gravatar.com\\\/avatar\\\/b4b4ad63be5138737fbcb5256392f3882e2f6181f4e79c430a6cea1752cba6e4?s=96&d=mm&r=g\",\"caption\":\"Frida Ju\u00e1rez\"},\"url\":\"https:\\\/\\\/centrourbano.com\\\/revista\\\/author\\\/frida-juarez\\\/\"}]}<\/script>\n<!-- \/ Yoast SEO plugin. -->","yoast_head_json":{"title":"AMPI refuerza su compromiso con el sector inmobiliario e invita a sus diversos eventos -","description":"La AMPI pone a disposici\u00f3n de sus agremiados y p\u00fablico en general diversas actividades, eventos y conferencias que buscan la profesionalizaci\u00f3n y La AMPI pone a disposici\u00f3n de sus agremiados y p\u00fablico en general diversas actividades, eventos y conferencias que buscan la profesionalizaci\u00f3n y actualizaci\u00f3n del sector inmobiliario.","robots":{"index":"index","follow":"follow","max-snippet":"max-snippet:-1","max-image-preview":"max-image-preview:large","max-video-preview":"max-video-preview:-1"},"canonical":"https:\/\/centrourbano.com\/revista\/inmobiliario\/ampi-refuerza-su-compromiso-con-el-sector-inmobiliario-e-invita-a-sus-diversos-eventos\/","og_locale":"es_ES","og_type":"article","og_title":"AMPI refuerza su compromiso con el sector inmobiliario e invita a sus diversos eventos -","og_description":"La AMPI pone a disposici\u00f3n de sus agremiados y p\u00fablico en general diversas actividades, eventos y conferencias que buscan la profesionalizaci\u00f3n y La AMPI pone a disposici\u00f3n de sus agremiados y p\u00fablico en general diversas actividades, eventos y conferencias que buscan la profesionalizaci\u00f3n y actualizaci\u00f3n del sector inmobiliario.","og_url":"https:\/\/centrourbano.com\/revista\/inmobiliario\/ampi-refuerza-su-compromiso-con-el-sector-inmobiliario-e-invita-a-sus-diversos-eventos\/","og_site_name":"Centro Urbano","article_publisher":"https:\/\/www.facebook.com\/portalcentrourbano","article_published_time":"2022-03-18T23:33:10+00:00","article_modified_time":"2022-03-31T18:20:20+00:00","og_image":[{"width":800,"height":800,"url":"https:\/\/centrourbano.com\/revista\/wp-content\/uploads\/AMPI-refuerza-su-compromiso-con-el-sector-inmobiliario-e-invita-a-los-interesados-a-conocer-sus-eventos.jpg","type":"image\/jpeg"}],"author":"Frida Ju\u00e1rez","twitter_card":"summary_large_image","twitter_creator":"@CentroUrbano","twitter_site":"@CentroUrbano","twitter_misc":{"Escrito por":"Frida Ju\u00e1rez","Tiempo de lectura":"2 minutos"},"schema":{"@context":"https:\/\/schema.org","@graph":[{"@type":"Article","@id":"https:\/\/centrourbano.com\/revista\/inmobiliario\/ampi-refuerza-su-compromiso-con-el-sector-inmobiliario-e-invita-a-sus-diversos-eventos\/#article","isPartOf":{"@id":"https:\/\/centrourbano.com\/revista\/inmobiliario\/ampi-refuerza-su-compromiso-con-el-sector-inmobiliario-e-invita-a-sus-diversos-eventos\/"},"author":{"name":"Frida Ju\u00e1rez","@id":"https:\/\/centrourbano.com\/revista\/#\/schema\/person\/3cfdf30b8ab2b76f0ad321d24f790b36"},"headline":"AMPI refuerza su compromiso con el sector inmobiliario e invita a sus diversos eventos","datePublished":"2022-03-18T23:33:10+00:00","dateModified":"2022-03-31T18:20:20+00:00","mainEntityOfPage":{"@id":"https:\/\/centrourbano.com\/revista\/inmobiliario\/ampi-refuerza-su-compromiso-con-el-sector-inmobiliario-e-invita-a-sus-diversos-eventos\/"},"wordCount":430,"commentCount":0,"publisher":{"@id":"https:\/\/centrourbano.com\/revista\/#organization"},"image":{"@id":"https:\/\/centrourbano.com\/revista\/inmobiliario\/ampi-refuerza-su-compromiso-con-el-sector-inmobiliario-e-invita-a-sus-diversos-eventos\/#primaryimage"},"thumbnailUrl":"https:\/\/centrourbano.com\/revista\/wp-content\/uploads\/AMPI-refuerza-su-compromiso-con-el-sector-inmobiliario-e-invita-a-los-interesados-a-conocer-sus-eventos.jpg","keywords":["AMPI","Simposium de Centros Hist\u00f3ricos"],"articleSection":["Inmobiliario"],"inLanguage":"es","potentialAction":[{"@type":"CommentAction","name":"Comment","target":["https:\/\/centrourbano.com\/revista\/inmobiliario\/ampi-refuerza-su-compromiso-con-el-sector-inmobiliario-e-invita-a-sus-diversos-eventos\/#respond"]}]},{"@type":"WebPage","@id":"https:\/\/centrourbano.com\/revista\/inmobiliario\/ampi-refuerza-su-compromiso-con-el-sector-inmobiliario-e-invita-a-sus-diversos-eventos\/","url":"https:\/\/centrourbano.com\/revista\/inmobiliario\/ampi-refuerza-su-compromiso-con-el-sector-inmobiliario-e-invita-a-sus-diversos-eventos\/","name":"AMPI refuerza su compromiso con el sector inmobiliario e invita a sus diversos eventos -","isPartOf":{"@id":"https:\/\/centrourbano.com\/revista\/#website"},"primaryImageOfPage":{"@id":"https:\/\/centrourbano.com\/revista\/inmobiliario\/ampi-refuerza-su-compromiso-con-el-sector-inmobiliario-e-invita-a-sus-diversos-eventos\/#primaryimage"},"image":{"@id":"https:\/\/centrourbano.com\/revista\/inmobiliario\/ampi-refuerza-su-compromiso-con-el-sector-inmobiliario-e-invita-a-sus-diversos-eventos\/#primaryimage"},"thumbnailUrl":"https:\/\/centrourbano.com\/revista\/wp-content\/uploads\/AMPI-refuerza-su-compromiso-con-el-sector-inmobiliario-e-invita-a-los-interesados-a-conocer-sus-eventos.jpg","datePublished":"2022-03-18T23:33:10+00:00","dateModified":"2022-03-31T18:20:20+00:00","description":"La AMPI pone a disposici\u00f3n de sus agremiados y p\u00fablico en general diversas actividades, eventos y conferencias que buscan la profesionalizaci\u00f3n y La AMPI pone a disposici\u00f3n de sus agremiados y p\u00fablico en general diversas actividades, eventos y conferencias que buscan la profesionalizaci\u00f3n y actualizaci\u00f3n del sector inmobiliario.","breadcrumb":{"@id":"https:\/\/centrourbano.com\/revista\/inmobiliario\/ampi-refuerza-su-compromiso-con-el-sector-inmobiliario-e-invita-a-sus-diversos-eventos\/#breadcrumb"},"inLanguage":"es","potentialAction":[{"@type":"ReadAction","target":["https:\/\/centrourbano.com\/revista\/inmobiliario\/ampi-refuerza-su-compromiso-con-el-sector-inmobiliario-e-invita-a-sus-diversos-eventos\/"]}]},{"@type":"ImageObject","inLanguage":"es","@id":"https:\/\/centrourbano.com\/revista\/inmobiliario\/ampi-refuerza-su-compromiso-con-el-sector-inmobiliario-e-invita-a-sus-diversos-eventos\/#primaryimage","url":"https:\/\/centrourbano.com\/revista\/wp-content\/uploads\/AMPI-refuerza-su-compromiso-con-el-sector-inmobiliario-e-invita-a-los-interesados-a-conocer-sus-eventos.jpg","contentUrl":"https:\/\/centrourbano.com\/revista\/wp-content\/uploads\/AMPI-refuerza-su-compromiso-con-el-sector-inmobiliario-e-invita-a-los-interesados-a-conocer-sus-eventos.jpg","width":800,"height":800,"caption":"La AMPI pone a disposici\u00f3n de sus agremiados y p\u00fablico en general diversas actividades, eventos y conferencias que buscan la profesionalizaci\u00f3n y actualizaci\u00f3n del sector inmobiliario. Entre estas se encuentra la d\u00e9cima edici\u00f3n del Simposium de Centros Hist\u00f3ricos que tendr\u00e1 lugar en los pr\u00f3ximos d\u00edas."},{"@type":"BreadcrumbList","@id":"https:\/\/centrourbano.com\/revista\/inmobiliario\/ampi-refuerza-su-compromiso-con-el-sector-inmobiliario-e-invita-a-sus-diversos-eventos\/#breadcrumb","itemListElement":[{"@type":"ListItem","position":1,"name":"Portada","item":"https:\/\/centrourbano.com\/revista\/"},{"@type":"ListItem","position":2,"name":"AMPI refuerza su compromiso con el sector inmobiliario e invita a sus diversos eventos"}]},{"@type":"WebSite","@id":"https:\/\/centrourbano.com\/revista\/#website","url":"https:\/\/centrourbano.com\/revista\/","name":"Centro Urbano","description":"Medio especializado en los sectores vivienda, inmobiliario, construcci\u00f3n, arquitectura y urbanismo.","publisher":{"@id":"https:\/\/centrourbano.com\/revista\/#organization"},"potentialAction":[{"@type":"SearchAction","target":{"@type":"EntryPoint","urlTemplate":"https:\/\/centrourbano.com\/revista\/?s={search_term_string}"},"query-input":{"@type":"PropertyValueSpecification","valueRequired":true,"valueName":"search_term_string"}}],"inLanguage":"es"},{"@type":"Organization","@id":"https:\/\/centrourbano.com\/revista\/#organization","name":"Centro Urbano","url":"https:\/\/centrourbano.com\/revista\/","logo":{"@type":"ImageObject","inLanguage":"es","@id":"https:\/\/centrourbano.com\/revista\/#\/schema\/logo\/image\/","url":"https:\/\/centrourbano.com\/revista\/wp-content\/uploads\/web_CU_logo-1.png","contentUrl":"https:\/\/centrourbano.com\/revista\/wp-content\/uploads\/web_CU_logo-1.png","width":350,"height":91,"caption":"Centro Urbano"},"image":{"@id":"https:\/\/centrourbano.com\/revista\/#\/schema\/logo\/image\/"},"sameAs":["https:\/\/www.facebook.com\/portalcentrourbano","https:\/\/x.com\/CentroUrbano","https:\/\/www.instagram.com\/centro_urbano\/","https:\/\/www.linkedin.com\/company\/centro-urbano\/","http:\/\/www.youtube.com\/user\/portalcentrourbano"]},{"@type":"Person","@id":"https:\/\/centrourbano.com\/revista\/#\/schema\/person\/3cfdf30b8ab2b76f0ad321d24f790b36","name":"Frida Ju\u00e1rez","image":{"@type":"ImageObject","inLanguage":"es","@id":"https:\/\/secure.gravatar.com\/avatar\/b4b4ad63be5138737fbcb5256392f3882e2f6181f4e79c430a6cea1752cba6e4?s=96&d=mm&r=g","url":"https:\/\/secure.gravatar.com\/avatar\/b4b4ad63be5138737fbcb5256392f3882e2f6181f4e79c430a6cea1752cba6e4?s=96&d=mm&r=g","contentUrl":"https:\/\/secure.gravatar.com\/avatar\/b4b4ad63be5138737fbcb5256392f3882e2f6181f4e79c430a6cea1752cba6e4?s=96&d=mm&r=g","caption":"Frida Ju\u00e1rez"},"url":"https:\/\/centrourbano.com\/revista\/author\/frida-juarez\/"}]}},"_links":{"self":[{"href":"https:\/\/centrourbano.com\/revista\/wp-json\/wp\/v2\/posts\/128010","targetHints":{"allow":["GET"]}}],"collection":[{"href":"https:\/\/centrourbano.com\/revista\/wp-json\/wp\/v2\/posts"}],"about":[{"href":"https:\/\/centrourbano.com\/revista\/wp-json\/wp\/v2\/types\/post"}],"author":[{"embeddable":true,"href":"https:\/\/centrourbano.com\/revista\/wp-json\/wp\/v2\/users\/86"}],"replies":[{"embeddable":true,"href":"https:\/\/centrourbano.com\/revista\/wp-json\/wp\/v2\/comments?post=128010"}],"version-history":[{"count":1,"href":"https:\/\/centrourbano.com\/revista\/wp-json\/wp\/v2\/posts\/128010\/revisions"}],"predecessor-version":[{"id":128013,"href":"https:\/\/centrourbano.com\/revista\/wp-json\/wp\/v2\/posts\/128010\/revisions\/128013"}],"wp:featuredmedia":[{"embeddable":true,"href":"https:\/\/centrourbano.com\/revista\/wp-json\/wp\/v2\/media\/128012"}],"wp:attachment":[{"href":"https:\/\/centrourbano.com\/revista\/wp-json\/wp\/v2\/media?parent=128010"}],"wp:term":[{"taxonomy":"category","embeddable":true,"href":"https:\/\/centrourbano.com\/revista\/wp-json\/wp\/v2\/categories?post=128010"},{"taxonomy":"post_tag","embeddable":true,"href":"https:\/\/centrourbano.com\/revista\/wp-json\/wp\/v2\/tags?post=128010"}],"curies":[{"name":"wp","href":"https:\/\/api.w.org\/{rel}","templated":true}]}}