{"id":127836,"date":"2022-03-17T18:50:31","date_gmt":"2022-03-18T00:50:31","guid":{"rendered":"https:\/\/centrourbano.com\/?p=127836"},"modified":"2022-03-18T18:51:16","modified_gmt":"2022-03-19T00:51:16","slug":"impulsan-proyecto-de-rehabilitacion-para-museo-de-las-culturas-del-norte","status":"publish","type":"post","link":"https:\/\/centrourbano.com\/revista\/actualidad\/impulsan-proyecto-de-rehabilitacion-para-museo-de-las-culturas-del-norte\/","title":{"rendered":"Impulsan proyecto de rehabilitaci\u00f3n para Museo de las Culturas del Norte"},"content":{"rendered":"<p class=\"h2\"><em>\u00a0Museo de las Culturas del Norte se materializa gracias a esta alianza interinstitucional, con el trabajo que realiza el INAH<\/em><\/p>\n<p><!--more--><\/p>\n<p>El Instituto Nacional de Antropolog\u00eda e Historia (INAH) anunci\u00f3 un proyecto de rehabilitaci\u00f3n\u00a0para el\u00a0Museo de las Culturas del Norte en Paquim\u00e9, en Casas Grandes, Chihuahua. En este sentido, se busca atender problemas de filtraci\u00f3n del recinto.<\/p>\n<p>Ante ello, la secretaria de Cultura federal, Alejandra Frausto Guerrero, manifest\u00f3 el compromiso de la federaci\u00f3n para la recuperaci\u00f3n y cuidado de este patrimonio arqueol\u00f3gico.<\/p>\n<p>Asimismo, autoridades federales, estatales y municipales, tambi\u00e9n realizaron un recorrido por la zona arqueol\u00f3gica Paquim\u00e9 para supervisar los avances de restauraci\u00f3n.<\/p>\n<p>Cabe destacar que esta Zona es un referente documental e hist\u00f3rico por sus valores arquitect\u00f3nicos y art\u00edsticos.<\/p>\n<p>Por su parte, la titular de Cultura en Chihuahua, Alejandra Enr\u00edquez Guti\u00e9rrez, aplaudi\u00f3 la iniciativa para establecer una mesa de trabajo en beneficio de la zona arqueol\u00f3gica y del Museo de las Culturas del Norte<\/p>\n<h3>Museo de las Culturas del Norte<\/h3>\n<p>Este recinto abri\u00f3 sus puertas el 26 de febrero de 1996 y alberga varias piezas arqueol\u00f3gicas. Adem\u00e1s, alberga una de las m\u00e1s bellas colecciones arqueol\u00f3gicas del M\u00e9xico Antiguo recuperada durante las excavaciones de Paquim\u00e9.<\/p>\n<p>De igual forma, ofrece un panorama de la Gran Chichimeca, el territorio de las culturas norte\u00f1as y el mosaico mesoamericano.<\/p>\n<p>El museo destacan\u00a0 los siguientes temas:<\/p>\n<ul>\n<li>Llegada del hombre al continente Americano y la forma de vida de las poblaciones n\u00f3madas<\/li>\n<li>Antecedentes y desarrollo de los pueblos de tierra, en la que se recrea la complejidad de Paquim\u00e9 detallando los edificios y la impresionante ingenier\u00eda hidr\u00e1ulica de la ciudad<\/li>\n<li>Maestr\u00eda de los artesanos sobre el manejo de la piedra, la concha, el hueso, el cobre y la arcilla, as\u00ed como la delicadeza de los dise\u00f1os en vasijas, collares, brazaletes, ornamentos, fetiches y materiales de construcci\u00f3n<\/li>\n<li>Decadencia de la ciudad y la llegada de conquistadores y misioneros<\/li>\n<\/ul>\n<p>&nbsp;<\/p>\n<p>&nbsp;<\/p>\n","protected":false},"excerpt":{"rendered":"<p>\u00a0Museo de las Culturas del Norte se materializa gracias a esta alianza interinstitucional, con el trabajo que realiza el INAH<\/p>\n","protected":false},"author":82,"featured_media":127842,"comment_status":"open","ping_status":"closed","sticky":false,"template":"","format":"standard","meta":{"om_disable_all_campaigns":false,"inline_featured_image":false,"_monsterinsights_skip_tracking":false,"_monsterinsights_sitenote_active":false,"_monsterinsights_sitenote_note":"","_monsterinsights_sitenote_category":0,"footnotes":""},"categories":[80,81],"tags":[21523,5115,158],"class_list":["post-127836","post","type-post","status-publish","format-standard","has-post-thumbnail","hentry","category-actualidad","category-arquitectura-2","tag-mueseo-de-las-culturas-del-norte","tag-patrimonio-cultural","tag-rehabilitacion"],"yoast_head":"<!-- This site is optimized with the Yoast SEO plugin v27.5 - https:\/\/yoast.com\/product\/yoast-seo-wordpress\/ -->\n<title>Impulsan proyecto de rehabilitaci\u00f3n para Museo de las Culturas del Norte<\/title>\n<meta name=\"description\" content=\"\u00a0Museo de las Culturas del Norte se materializa gracias a esta alianza interinstitucional, con el trabajo que realiza el INAH\" \/>\n<meta name=\"robots\" content=\"index, follow, max-snippet:-1, max-image-preview:large, max-video-preview:-1\" \/>\n<link rel=\"canonical\" href=\"https:\/\/centrourbano.com\/revista\/actualidad\/impulsan-proyecto-de-rehabilitacion-para-museo-de-las-culturas-del-norte\/\" \/>\n<meta property=\"og:locale\" content=\"es_ES\" \/>\n<meta property=\"og:type\" content=\"article\" \/>\n<meta property=\"og:title\" content=\"Impulsan proyecto de rehabilitaci\u00f3n para Museo de las Culturas del Norte\" \/>\n<meta property=\"og:description\" content=\"\u00a0Museo de las Culturas del Norte se materializa gracias a esta alianza interinstitucional, con el trabajo que realiza el INAH\" \/>\n<meta property=\"og:url\" content=\"https:\/\/centrourbano.com\/revista\/actualidad\/impulsan-proyecto-de-rehabilitacion-para-museo-de-las-culturas-del-norte\/\" \/>\n<meta property=\"og:site_name\" content=\"Centro Urbano\" \/>\n<meta property=\"article:publisher\" content=\"https:\/\/www.facebook.com\/portalcentrourbano\" \/>\n<meta property=\"article:published_time\" content=\"2022-03-18T00:50:31+00:00\" \/>\n<meta property=\"article:modified_time\" content=\"2022-03-19T00:51:16+00:00\" \/>\n<meta property=\"og:image\" content=\"https:\/\/centrourbano.com\/revista\/wp-content\/uploads\/foto_home-8-1.jpg\" \/>\n\t<meta property=\"og:image:width\" content=\"800\" \/>\n\t<meta property=\"og:image:height\" content=\"800\" \/>\n\t<meta property=\"og:image:type\" content=\"image\/jpeg\" \/>\n<meta name=\"author\" content=\"Paola Dur\u00e1n\" \/>\n<meta name=\"twitter:card\" content=\"summary_large_image\" \/>\n<meta name=\"twitter:creator\" content=\"@CentroUrbano\" \/>\n<meta name=\"twitter:site\" content=\"@CentroUrbano\" \/>\n<meta name=\"twitter:label1\" content=\"Escrito por\" \/>\n\t<meta name=\"twitter:data1\" content=\"Paola Dur\u00e1n\" \/>\n\t<meta name=\"twitter:label2\" content=\"Tiempo de lectura\" \/>\n\t<meta name=\"twitter:data2\" content=\"2 minutos\" \/>\n<script type=\"application\/ld+json\" class=\"yoast-schema-graph\">{\"@context\":\"https:\\\/\\\/schema.org\",\"@graph\":[{\"@type\":\"Article\",\"@id\":\"https:\\\/\\\/centrourbano.com\\\/revista\\\/actualidad\\\/impulsan-proyecto-de-rehabilitacion-para-museo-de-las-culturas-del-norte\\\/#article\",\"isPartOf\":{\"@id\":\"https:\\\/\\\/centrourbano.com\\\/revista\\\/actualidad\\\/impulsan-proyecto-de-rehabilitacion-para-museo-de-las-culturas-del-norte\\\/\"},\"author\":{\"name\":\"Paola Dur\u00e1n\",\"@id\":\"https:\\\/\\\/centrourbano.com\\\/revista\\\/#\\\/schema\\\/person\\\/1660144fe096119752c1c467ee1cb597\"},\"headline\":\"Impulsan proyecto de rehabilitaci\u00f3n para Museo de las Culturas del Norte\",\"datePublished\":\"2022-03-18T00:50:31+00:00\",\"dateModified\":\"2022-03-19T00:51:16+00:00\",\"mainEntityOfPage\":{\"@id\":\"https:\\\/\\\/centrourbano.com\\\/revista\\\/actualidad\\\/impulsan-proyecto-de-rehabilitacion-para-museo-de-las-culturas-del-norte\\\/\"},\"wordCount\":351,\"commentCount\":0,\"publisher\":{\"@id\":\"https:\\\/\\\/centrourbano.com\\\/revista\\\/#organization\"},\"image\":{\"@id\":\"https:\\\/\\\/centrourbano.com\\\/revista\\\/actualidad\\\/impulsan-proyecto-de-rehabilitacion-para-museo-de-las-culturas-del-norte\\\/#primaryimage\"},\"thumbnailUrl\":\"https:\\\/\\\/centrourbano.com\\\/revista\\\/wp-content\\\/uploads\\\/foto_home-8-1.jpg\",\"keywords\":[\"Mueseo de las Culturas del Norte\",\"patrimonio cultural\",\"Rehabilitaci\u00f3n\"],\"articleSection\":[\"Actualidad\",\"Arquitectura\"],\"inLanguage\":\"es\",\"potentialAction\":[{\"@type\":\"CommentAction\",\"name\":\"Comment\",\"target\":[\"https:\\\/\\\/centrourbano.com\\\/revista\\\/actualidad\\\/impulsan-proyecto-de-rehabilitacion-para-museo-de-las-culturas-del-norte\\\/#respond\"]}]},{\"@type\":\"WebPage\",\"@id\":\"https:\\\/\\\/centrourbano.com\\\/revista\\\/actualidad\\\/impulsan-proyecto-de-rehabilitacion-para-museo-de-las-culturas-del-norte\\\/\",\"url\":\"https:\\\/\\\/centrourbano.com\\\/revista\\\/actualidad\\\/impulsan-proyecto-de-rehabilitacion-para-museo-de-las-culturas-del-norte\\\/\",\"name\":\"Impulsan proyecto de rehabilitaci\u00f3n para Museo de las Culturas del Norte\",\"isPartOf\":{\"@id\":\"https:\\\/\\\/centrourbano.com\\\/revista\\\/#website\"},\"primaryImageOfPage\":{\"@id\":\"https:\\\/\\\/centrourbano.com\\\/revista\\\/actualidad\\\/impulsan-proyecto-de-rehabilitacion-para-museo-de-las-culturas-del-norte\\\/#primaryimage\"},\"image\":{\"@id\":\"https:\\\/\\\/centrourbano.com\\\/revista\\\/actualidad\\\/impulsan-proyecto-de-rehabilitacion-para-museo-de-las-culturas-del-norte\\\/#primaryimage\"},\"thumbnailUrl\":\"https:\\\/\\\/centrourbano.com\\\/revista\\\/wp-content\\\/uploads\\\/foto_home-8-1.jpg\",\"datePublished\":\"2022-03-18T00:50:31+00:00\",\"dateModified\":\"2022-03-19T00:51:16+00:00\",\"description\":\"\u00a0Museo de las Culturas del Norte se materializa gracias a esta alianza interinstitucional, con el trabajo que realiza el INAH\",\"breadcrumb\":{\"@id\":\"https:\\\/\\\/centrourbano.com\\\/revista\\\/actualidad\\\/impulsan-proyecto-de-rehabilitacion-para-museo-de-las-culturas-del-norte\\\/#breadcrumb\"},\"inLanguage\":\"es\",\"potentialAction\":[{\"@type\":\"ReadAction\",\"target\":[\"https:\\\/\\\/centrourbano.com\\\/revista\\\/actualidad\\\/impulsan-proyecto-de-rehabilitacion-para-museo-de-las-culturas-del-norte\\\/\"]}]},{\"@type\":\"ImageObject\",\"inLanguage\":\"es\",\"@id\":\"https:\\\/\\\/centrourbano.com\\\/revista\\\/actualidad\\\/impulsan-proyecto-de-rehabilitacion-para-museo-de-las-culturas-del-norte\\\/#primaryimage\",\"url\":\"https:\\\/\\\/centrourbano.com\\\/revista\\\/wp-content\\\/uploads\\\/foto_home-8-1.jpg\",\"contentUrl\":\"https:\\\/\\\/centrourbano.com\\\/revista\\\/wp-content\\\/uploads\\\/foto_home-8-1.jpg\",\"width\":800,\"height\":800,\"caption\":\"Impulsan proyecto de rehabilitaci\u00f3n para Museo de las Culturas del Norte\"},{\"@type\":\"BreadcrumbList\",\"@id\":\"https:\\\/\\\/centrourbano.com\\\/revista\\\/actualidad\\\/impulsan-proyecto-de-rehabilitacion-para-museo-de-las-culturas-del-norte\\\/#breadcrumb\",\"itemListElement\":[{\"@type\":\"ListItem\",\"position\":1,\"name\":\"Portada\",\"item\":\"https:\\\/\\\/centrourbano.com\\\/revista\\\/\"},{\"@type\":\"ListItem\",\"position\":2,\"name\":\"Impulsan proyecto de rehabilitaci\u00f3n para Museo de las Culturas del Norte\"}]},{\"@type\":\"WebSite\",\"@id\":\"https:\\\/\\\/centrourbano.com\\\/revista\\\/#website\",\"url\":\"https:\\\/\\\/centrourbano.com\\\/revista\\\/\",\"name\":\"Centro Urbano\",\"description\":\"Medio especializado en los sectores vivienda, inmobiliario, construcci\u00f3n, arquitectura y urbanismo.\",\"publisher\":{\"@id\":\"https:\\\/\\\/centrourbano.com\\\/revista\\\/#organization\"},\"potentialAction\":[{\"@type\":\"SearchAction\",\"target\":{\"@type\":\"EntryPoint\",\"urlTemplate\":\"https:\\\/\\\/centrourbano.com\\\/revista\\\/?s={search_term_string}\"},\"query-input\":{\"@type\":\"PropertyValueSpecification\",\"valueRequired\":true,\"valueName\":\"search_term_string\"}}],\"inLanguage\":\"es\"},{\"@type\":\"Organization\",\"@id\":\"https:\\\/\\\/centrourbano.com\\\/revista\\\/#organization\",\"name\":\"Centro Urbano\",\"url\":\"https:\\\/\\\/centrourbano.com\\\/revista\\\/\",\"logo\":{\"@type\":\"ImageObject\",\"inLanguage\":\"es\",\"@id\":\"https:\\\/\\\/centrourbano.com\\\/revista\\\/#\\\/schema\\\/logo\\\/image\\\/\",\"url\":\"https:\\\/\\\/centrourbano.com\\\/revista\\\/wp-content\\\/uploads\\\/web_CU_logo-1.png\",\"contentUrl\":\"https:\\\/\\\/centrourbano.com\\\/revista\\\/wp-content\\\/uploads\\\/web_CU_logo-1.png\",\"width\":350,\"height\":91,\"caption\":\"Centro Urbano\"},\"image\":{\"@id\":\"https:\\\/\\\/centrourbano.com\\\/revista\\\/#\\\/schema\\\/logo\\\/image\\\/\"},\"sameAs\":[\"https:\\\/\\\/www.facebook.com\\\/portalcentrourbano\",\"https:\\\/\\\/x.com\\\/CentroUrbano\",\"https:\\\/\\\/www.instagram.com\\\/centro_urbano\\\/\",\"https:\\\/\\\/www.linkedin.com\\\/company\\\/centro-urbano\\\/\",\"http:\\\/\\\/www.youtube.com\\\/user\\\/portalcentrourbano\"]},{\"@type\":\"Person\",\"@id\":\"https:\\\/\\\/centrourbano.com\\\/revista\\\/#\\\/schema\\\/person\\\/1660144fe096119752c1c467ee1cb597\",\"name\":\"Paola Dur\u00e1n\",\"image\":{\"@type\":\"ImageObject\",\"inLanguage\":\"es\",\"@id\":\"https:\\\/\\\/secure.gravatar.com\\\/avatar\\\/f64c898584681d3dd909c0f1bf135d38610eeb2df48416094c5791b1e7e251fc?s=96&d=mm&r=g\",\"url\":\"https:\\\/\\\/secure.gravatar.com\\\/avatar\\\/f64c898584681d3dd909c0f1bf135d38610eeb2df48416094c5791b1e7e251fc?s=96&d=mm&r=g\",\"contentUrl\":\"https:\\\/\\\/secure.gravatar.com\\\/avatar\\\/f64c898584681d3dd909c0f1bf135d38610eeb2df48416094c5791b1e7e251fc?s=96&d=mm&r=g\",\"caption\":\"Paola Dur\u00e1n\"},\"url\":\"https:\\\/\\\/centrourbano.com\\\/revista\\\/author\\\/paola-duran\\\/\"}]}<\/script>\n<!-- \/ Yoast SEO plugin. -->","yoast_head_json":{"title":"Impulsan proyecto de rehabilitaci\u00f3n para Museo de las Culturas del Norte","description":"\u00a0Museo de las Culturas del Norte se materializa gracias a esta alianza interinstitucional, con el trabajo que realiza el INAH","robots":{"index":"index","follow":"follow","max-snippet":"max-snippet:-1","max-image-preview":"max-image-preview:large","max-video-preview":"max-video-preview:-1"},"canonical":"https:\/\/centrourbano.com\/revista\/actualidad\/impulsan-proyecto-de-rehabilitacion-para-museo-de-las-culturas-del-norte\/","og_locale":"es_ES","og_type":"article","og_title":"Impulsan proyecto de rehabilitaci\u00f3n para Museo de las Culturas del Norte","og_description":"\u00a0Museo de las Culturas del Norte se materializa gracias a esta alianza interinstitucional, con el trabajo que realiza el INAH","og_url":"https:\/\/centrourbano.com\/revista\/actualidad\/impulsan-proyecto-de-rehabilitacion-para-museo-de-las-culturas-del-norte\/","og_site_name":"Centro Urbano","article_publisher":"https:\/\/www.facebook.com\/portalcentrourbano","article_published_time":"2022-03-18T00:50:31+00:00","article_modified_time":"2022-03-19T00:51:16+00:00","og_image":[{"width":800,"height":800,"url":"https:\/\/centrourbano.com\/revista\/wp-content\/uploads\/foto_home-8-1.jpg","type":"image\/jpeg"}],"author":"Paola Dur\u00e1n","twitter_card":"summary_large_image","twitter_creator":"@CentroUrbano","twitter_site":"@CentroUrbano","twitter_misc":{"Escrito por":"Paola Dur\u00e1n","Tiempo de lectura":"2 minutos"},"schema":{"@context":"https:\/\/schema.org","@graph":[{"@type":"Article","@id":"https:\/\/centrourbano.com\/revista\/actualidad\/impulsan-proyecto-de-rehabilitacion-para-museo-de-las-culturas-del-norte\/#article","isPartOf":{"@id":"https:\/\/centrourbano.com\/revista\/actualidad\/impulsan-proyecto-de-rehabilitacion-para-museo-de-las-culturas-del-norte\/"},"author":{"name":"Paola Dur\u00e1n","@id":"https:\/\/centrourbano.com\/revista\/#\/schema\/person\/1660144fe096119752c1c467ee1cb597"},"headline":"Impulsan proyecto de rehabilitaci\u00f3n para Museo de las Culturas del Norte","datePublished":"2022-03-18T00:50:31+00:00","dateModified":"2022-03-19T00:51:16+00:00","mainEntityOfPage":{"@id":"https:\/\/centrourbano.com\/revista\/actualidad\/impulsan-proyecto-de-rehabilitacion-para-museo-de-las-culturas-del-norte\/"},"wordCount":351,"commentCount":0,"publisher":{"@id":"https:\/\/centrourbano.com\/revista\/#organization"},"image":{"@id":"https:\/\/centrourbano.com\/revista\/actualidad\/impulsan-proyecto-de-rehabilitacion-para-museo-de-las-culturas-del-norte\/#primaryimage"},"thumbnailUrl":"https:\/\/centrourbano.com\/revista\/wp-content\/uploads\/foto_home-8-1.jpg","keywords":["Mueseo de las Culturas del Norte","patrimonio cultural","Rehabilitaci\u00f3n"],"articleSection":["Actualidad","Arquitectura"],"inLanguage":"es","potentialAction":[{"@type":"CommentAction","name":"Comment","target":["https:\/\/centrourbano.com\/revista\/actualidad\/impulsan-proyecto-de-rehabilitacion-para-museo-de-las-culturas-del-norte\/#respond"]}]},{"@type":"WebPage","@id":"https:\/\/centrourbano.com\/revista\/actualidad\/impulsan-proyecto-de-rehabilitacion-para-museo-de-las-culturas-del-norte\/","url":"https:\/\/centrourbano.com\/revista\/actualidad\/impulsan-proyecto-de-rehabilitacion-para-museo-de-las-culturas-del-norte\/","name":"Impulsan proyecto de rehabilitaci\u00f3n para Museo de las Culturas del Norte","isPartOf":{"@id":"https:\/\/centrourbano.com\/revista\/#website"},"primaryImageOfPage":{"@id":"https:\/\/centrourbano.com\/revista\/actualidad\/impulsan-proyecto-de-rehabilitacion-para-museo-de-las-culturas-del-norte\/#primaryimage"},"image":{"@id":"https:\/\/centrourbano.com\/revista\/actualidad\/impulsan-proyecto-de-rehabilitacion-para-museo-de-las-culturas-del-norte\/#primaryimage"},"thumbnailUrl":"https:\/\/centrourbano.com\/revista\/wp-content\/uploads\/foto_home-8-1.jpg","datePublished":"2022-03-18T00:50:31+00:00","dateModified":"2022-03-19T00:51:16+00:00","description":"\u00a0Museo de las Culturas del Norte se materializa gracias a esta alianza interinstitucional, con el trabajo que realiza el INAH","breadcrumb":{"@id":"https:\/\/centrourbano.com\/revista\/actualidad\/impulsan-proyecto-de-rehabilitacion-para-museo-de-las-culturas-del-norte\/#breadcrumb"},"inLanguage":"es","potentialAction":[{"@type":"ReadAction","target":["https:\/\/centrourbano.com\/revista\/actualidad\/impulsan-proyecto-de-rehabilitacion-para-museo-de-las-culturas-del-norte\/"]}]},{"@type":"ImageObject","inLanguage":"es","@id":"https:\/\/centrourbano.com\/revista\/actualidad\/impulsan-proyecto-de-rehabilitacion-para-museo-de-las-culturas-del-norte\/#primaryimage","url":"https:\/\/centrourbano.com\/revista\/wp-content\/uploads\/foto_home-8-1.jpg","contentUrl":"https:\/\/centrourbano.com\/revista\/wp-content\/uploads\/foto_home-8-1.jpg","width":800,"height":800,"caption":"Impulsan proyecto de rehabilitaci\u00f3n para Museo de las Culturas del Norte"},{"@type":"BreadcrumbList","@id":"https:\/\/centrourbano.com\/revista\/actualidad\/impulsan-proyecto-de-rehabilitacion-para-museo-de-las-culturas-del-norte\/#breadcrumb","itemListElement":[{"@type":"ListItem","position":1,"name":"Portada","item":"https:\/\/centrourbano.com\/revista\/"},{"@type":"ListItem","position":2,"name":"Impulsan proyecto de rehabilitaci\u00f3n para Museo de las Culturas del Norte"}]},{"@type":"WebSite","@id":"https:\/\/centrourbano.com\/revista\/#website","url":"https:\/\/centrourbano.com\/revista\/","name":"Centro Urbano","description":"Medio especializado en los sectores vivienda, inmobiliario, construcci\u00f3n, arquitectura y urbanismo.","publisher":{"@id":"https:\/\/centrourbano.com\/revista\/#organization"},"potentialAction":[{"@type":"SearchAction","target":{"@type":"EntryPoint","urlTemplate":"https:\/\/centrourbano.com\/revista\/?s={search_term_string}"},"query-input":{"@type":"PropertyValueSpecification","valueRequired":true,"valueName":"search_term_string"}}],"inLanguage":"es"},{"@type":"Organization","@id":"https:\/\/centrourbano.com\/revista\/#organization","name":"Centro Urbano","url":"https:\/\/centrourbano.com\/revista\/","logo":{"@type":"ImageObject","inLanguage":"es","@id":"https:\/\/centrourbano.com\/revista\/#\/schema\/logo\/image\/","url":"https:\/\/centrourbano.com\/revista\/wp-content\/uploads\/web_CU_logo-1.png","contentUrl":"https:\/\/centrourbano.com\/revista\/wp-content\/uploads\/web_CU_logo-1.png","width":350,"height":91,"caption":"Centro Urbano"},"image":{"@id":"https:\/\/centrourbano.com\/revista\/#\/schema\/logo\/image\/"},"sameAs":["https:\/\/www.facebook.com\/portalcentrourbano","https:\/\/x.com\/CentroUrbano","https:\/\/www.instagram.com\/centro_urbano\/","https:\/\/www.linkedin.com\/company\/centro-urbano\/","http:\/\/www.youtube.com\/user\/portalcentrourbano"]},{"@type":"Person","@id":"https:\/\/centrourbano.com\/revista\/#\/schema\/person\/1660144fe096119752c1c467ee1cb597","name":"Paola Dur\u00e1n","image":{"@type":"ImageObject","inLanguage":"es","@id":"https:\/\/secure.gravatar.com\/avatar\/f64c898584681d3dd909c0f1bf135d38610eeb2df48416094c5791b1e7e251fc?s=96&d=mm&r=g","url":"https:\/\/secure.gravatar.com\/avatar\/f64c898584681d3dd909c0f1bf135d38610eeb2df48416094c5791b1e7e251fc?s=96&d=mm&r=g","contentUrl":"https:\/\/secure.gravatar.com\/avatar\/f64c898584681d3dd909c0f1bf135d38610eeb2df48416094c5791b1e7e251fc?s=96&d=mm&r=g","caption":"Paola Dur\u00e1n"},"url":"https:\/\/centrourbano.com\/revista\/author\/paola-duran\/"}]}},"_links":{"self":[{"href":"https:\/\/centrourbano.com\/revista\/wp-json\/wp\/v2\/posts\/127836","targetHints":{"allow":["GET"]}}],"collection":[{"href":"https:\/\/centrourbano.com\/revista\/wp-json\/wp\/v2\/posts"}],"about":[{"href":"https:\/\/centrourbano.com\/revista\/wp-json\/wp\/v2\/types\/post"}],"author":[{"embeddable":true,"href":"https:\/\/centrourbano.com\/revista\/wp-json\/wp\/v2\/users\/82"}],"replies":[{"embeddable":true,"href":"https:\/\/centrourbano.com\/revista\/wp-json\/wp\/v2\/comments?post=127836"}],"version-history":[{"count":3,"href":"https:\/\/centrourbano.com\/revista\/wp-json\/wp\/v2\/posts\/127836\/revisions"}],"predecessor-version":[{"id":128021,"href":"https:\/\/centrourbano.com\/revista\/wp-json\/wp\/v2\/posts\/127836\/revisions\/128021"}],"wp:featuredmedia":[{"embeddable":true,"href":"https:\/\/centrourbano.com\/revista\/wp-json\/wp\/v2\/media\/127842"}],"wp:attachment":[{"href":"https:\/\/centrourbano.com\/revista\/wp-json\/wp\/v2\/media?parent=127836"}],"wp:term":[{"taxonomy":"category","embeddable":true,"href":"https:\/\/centrourbano.com\/revista\/wp-json\/wp\/v2\/categories?post=127836"},{"taxonomy":"post_tag","embeddable":true,"href":"https:\/\/centrourbano.com\/revista\/wp-json\/wp\/v2\/tags?post=127836"}],"curies":[{"name":"wp","href":"https:\/\/api.w.org\/{rel}","templated":true}]}}