{"id":12766,"date":"2014-11-19T12:05:52","date_gmt":"2014-11-19T18:05:52","guid":{"rendered":"http:\/\/centrourbano.com\/?p=12766"},"modified":"2014-11-19T12:05:52","modified_gmt":"2014-11-19T18:05:52","slug":"reactivara-sare-proyectos-estancados","status":"publish","type":"post","link":"https:\/\/centrourbano.com\/revista\/vivienda\/reactivara-sare-proyectos-estancados\/","title":{"rendered":"Reactivar\u00e1 Sare proyectos estancados"},"content":{"rendered":"<p>&nbsp;<\/p>\n<p><em>Gracias al financiamiento de bancos y la reestructuraci\u00f3n de la empresa, se invertir\u00e1n 230 millones de pesos en vivienda<\/em><!--more--><\/p>\n<p>Luego de tres a\u00f1os fuera del mercado a causa de una crisis financiera, la desarrolladora Sare se reintegra con 14 nuevos proyectos habitacionales localizados en cuatro regiones del pa\u00eds y que estar\u00e1n listos a mediados de 2015, anunci\u00f3 Arturo S\u00e1nchez, presidente del consejo de Sare.<\/p>\n<p>Con una inversi\u00f3n de 230 millones de pesos, seg\u00fan explic\u00f3 S\u00e1nchez Carbajal en conferencia de prensa, Sare busca concluir y reactivar proyectos estancados de vivienda en Quintana Roo, el Baj\u00edo, la zona Metropolitana del Estado de M\u00e9xico y Puebla.<\/p>\n<p>\u201cHoy en lo que debemos enfocarnos los que queremos volver a invertir, es en proyectos que otras empresas no han podido sacar adelante, que ya cuentan con permisos y licencias. En este momento de la industria es mucho m\u00e1s rentable adquirir proyectos que te permitan arrancar r\u00e1pido, a realizar un proceso de gesti\u00f3n que podr\u00eda llevarte de 12 a 24 meses\u201d, afirm\u00f3.<\/p>\n<p>Las viviendas tendr\u00e1n un costo aproximado de 650 mil pesos, pues la compa\u00f1\u00eda apuesta a un p\u00fablico interesado en adquirir vivienda de costo medio a trav\u00e9s de financiamiento del Infonavit y Fovissste; adem\u00e1s, asegur\u00f3 que aspiran \u201ca ser una empresa muy activa en el tema de subsidios para la vivienda\u201d.<\/p>\n<p>El Presidente del consejo explic\u00f3 tambi\u00e9n que recibir\u00e1n financiamiento hasta por 350 millones de pesos por parte de los bancos Banamex y HSBC para concluir los proyectos de reactivaci\u00f3n de vivienda. As\u00ed como la reciente oferta p\u00fablica de acciones que la compa\u00f1\u00eda realiz\u00f3 en la Bolsa Mexicana de Valores para recaudar capital, por lo que ahora cuentan con mil 277 millones de pesos en caja y 148 millones de pesos de deuda neta.<\/p>\n<p>Como consecuencia de esta oferta p\u00fablica, la composici\u00f3n de la compa\u00f1\u00eda qued\u00f3 de la siguiente manera: 40% la toma en fondo de inversi\u00f3n Tavistock; 18% la familia S\u00e1nchez Carbajal y el resto est\u00e1 flotando en el mercado.<\/p>\n<p>Sare fue una de las primeras compa\u00f1\u00edas en declararse en quiebra, adem\u00e1s de verse afectada por el cambio de pol\u00edticas de vivienda. Sin embargo, gracias a la reestructuraci\u00f3n, al pasar de una empresa familiar a una institucional, ha logrado volver a capitalizarse y pretenden que, en abril de 2015, los proyectos estancados se echen a andar.<\/p>\n","protected":false},"excerpt":{"rendered":"<p>&nbsp; Gracias al financiamiento de bancos y la reestructuraci\u00f3n de la empresa, se invertir\u00e1n 230 millones de pesos en vivienda<\/p>\n","protected":false},"author":19,"featured_media":0,"comment_status":"open","ping_status":"closed","sticky":false,"template":"","format":"standard","meta":{"om_disable_all_campaigns":false,"inline_featured_image":false,"_monsterinsights_skip_tracking":false,"_monsterinsights_sitenote_active":false,"_monsterinsights_sitenote_note":"","_monsterinsights_sitenote_category":0,"footnotes":""},"categories":[12],"tags":[3689,155,3690,3691,2183],"class_list":["post-12766","post","type-post","status-publish","format-standard","hentry","category-vivienda","tag-baname","tag-fovissste","tag-hsbc","tag-infomavit","tag-sare"],"yoast_head":"<!-- This site is optimized with the Yoast SEO plugin v27.4 - https:\/\/yoast.com\/product\/yoast-seo-wordpress\/ -->\n<title>Reactivar\u00e1 Sare proyectos estancados  -<\/title>\n<meta name=\"description\" content=\"&nbsp; Gracias al financiamiento de bancos y la reestructuraci\u00f3n de la empresa, se invertir\u00e1n 230 millones de pesos en vivienda Luego de tres a\u00f1os fuera\" \/>\n<meta name=\"robots\" content=\"index, follow, max-snippet:-1, max-image-preview:large, max-video-preview:-1\" \/>\n<link rel=\"canonical\" href=\"https:\/\/centrourbano.com\/revista\/vivienda\/reactivara-sare-proyectos-estancados\/\" \/>\n<meta property=\"og:locale\" content=\"es_ES\" \/>\n<meta property=\"og:type\" content=\"article\" \/>\n<meta property=\"og:title\" content=\"Reactivar\u00e1 Sare proyectos estancados  -\" \/>\n<meta property=\"og:description\" content=\"&nbsp; Gracias al financiamiento de bancos y la reestructuraci\u00f3n de la empresa, se invertir\u00e1n 230 millones de pesos en vivienda Luego de tres a\u00f1os fuera\" \/>\n<meta property=\"og:url\" content=\"https:\/\/centrourbano.com\/revista\/vivienda\/reactivara-sare-proyectos-estancados\/\" \/>\n<meta property=\"og:site_name\" content=\"Centro Urbano\" \/>\n<meta property=\"article:publisher\" content=\"https:\/\/www.facebook.com\/portalcentrourbano\" \/>\n<meta property=\"article:published_time\" content=\"2014-11-19T18:05:52+00:00\" \/>\n<meta property=\"og:image\" content=\"https:\/\/centrourbano.com\/revista\/wp-content\/uploads\/CU-logo.png\" \/>\n\t<meta property=\"og:image:width\" content=\"350\" \/>\n\t<meta property=\"og:image:height\" content=\"91\" \/>\n\t<meta property=\"og:image:type\" content=\"image\/png\" \/>\n<meta name=\"author\" content=\"Sofia Osorio\" \/>\n<meta name=\"twitter:card\" content=\"summary_large_image\" \/>\n<meta name=\"twitter:creator\" content=\"@CentroUrbano\" \/>\n<meta name=\"twitter:site\" content=\"@CentroUrbano\" \/>\n<meta name=\"twitter:label1\" content=\"Escrito por\" \/>\n\t<meta name=\"twitter:data1\" content=\"Sofia Osorio\" \/>\n\t<meta name=\"twitter:label2\" content=\"Tiempo de lectura\" \/>\n\t<meta name=\"twitter:data2\" content=\"2 minutos\" \/>\n<script type=\"application\/ld+json\" class=\"yoast-schema-graph\">{\"@context\":\"https:\\\/\\\/schema.org\",\"@graph\":[{\"@type\":\"Article\",\"@id\":\"https:\\\/\\\/centrourbano.com\\\/revista\\\/vivienda\\\/reactivara-sare-proyectos-estancados\\\/#article\",\"isPartOf\":{\"@id\":\"https:\\\/\\\/centrourbano.com\\\/revista\\\/vivienda\\\/reactivara-sare-proyectos-estancados\\\/\"},\"author\":{\"name\":\"Sofia Osorio\",\"@id\":\"https:\\\/\\\/centrourbano.com\\\/revista\\\/#\\\/schema\\\/person\\\/04f16f4cd5d20c119240fb9164874cec\"},\"headline\":\"Reactivar\u00e1 Sare proyectos estancados\",\"datePublished\":\"2014-11-19T18:05:52+00:00\",\"mainEntityOfPage\":{\"@id\":\"https:\\\/\\\/centrourbano.com\\\/revista\\\/vivienda\\\/reactivara-sare-proyectos-estancados\\\/\"},\"wordCount\":407,\"commentCount\":0,\"publisher\":{\"@id\":\"https:\\\/\\\/centrourbano.com\\\/revista\\\/#organization\"},\"keywords\":[\"Baname\",\"Fovissste\",\"HSBC\",\"Infomavit\",\"Sare\"],\"articleSection\":[\"Vivienda\"],\"inLanguage\":\"es\",\"potentialAction\":[{\"@type\":\"CommentAction\",\"name\":\"Comment\",\"target\":[\"https:\\\/\\\/centrourbano.com\\\/revista\\\/vivienda\\\/reactivara-sare-proyectos-estancados\\\/#respond\"]}]},{\"@type\":\"WebPage\",\"@id\":\"https:\\\/\\\/centrourbano.com\\\/revista\\\/vivienda\\\/reactivara-sare-proyectos-estancados\\\/\",\"url\":\"https:\\\/\\\/centrourbano.com\\\/revista\\\/vivienda\\\/reactivara-sare-proyectos-estancados\\\/\",\"name\":\"Reactivar\u00e1 Sare proyectos estancados -\",\"isPartOf\":{\"@id\":\"https:\\\/\\\/centrourbano.com\\\/revista\\\/#website\"},\"datePublished\":\"2014-11-19T18:05:52+00:00\",\"description\":\"&nbsp; Gracias al financiamiento de bancos y la reestructuraci\u00f3n de la empresa, se invertir\u00e1n 230 millones de pesos en vivienda Luego de tres a\u00f1os fuera\",\"breadcrumb\":{\"@id\":\"https:\\\/\\\/centrourbano.com\\\/revista\\\/vivienda\\\/reactivara-sare-proyectos-estancados\\\/#breadcrumb\"},\"inLanguage\":\"es\",\"potentialAction\":[{\"@type\":\"ReadAction\",\"target\":[\"https:\\\/\\\/centrourbano.com\\\/revista\\\/vivienda\\\/reactivara-sare-proyectos-estancados\\\/\"]}]},{\"@type\":\"BreadcrumbList\",\"@id\":\"https:\\\/\\\/centrourbano.com\\\/revista\\\/vivienda\\\/reactivara-sare-proyectos-estancados\\\/#breadcrumb\",\"itemListElement\":[{\"@type\":\"ListItem\",\"position\":1,\"name\":\"Portada\",\"item\":\"https:\\\/\\\/centrourbano.com\\\/revista\\\/\"},{\"@type\":\"ListItem\",\"position\":2,\"name\":\"Reactivar\u00e1 Sare proyectos estancados\"}]},{\"@type\":\"WebSite\",\"@id\":\"https:\\\/\\\/centrourbano.com\\\/revista\\\/#website\",\"url\":\"https:\\\/\\\/centrourbano.com\\\/revista\\\/\",\"name\":\"Centro Urbano\",\"description\":\"Medio especializado en los sectores vivienda, inmobiliario, construcci\u00f3n, arquitectura y urbanismo.\",\"publisher\":{\"@id\":\"https:\\\/\\\/centrourbano.com\\\/revista\\\/#organization\"},\"potentialAction\":[{\"@type\":\"SearchAction\",\"target\":{\"@type\":\"EntryPoint\",\"urlTemplate\":\"https:\\\/\\\/centrourbano.com\\\/revista\\\/?s={search_term_string}\"},\"query-input\":{\"@type\":\"PropertyValueSpecification\",\"valueRequired\":true,\"valueName\":\"search_term_string\"}}],\"inLanguage\":\"es\"},{\"@type\":\"Organization\",\"@id\":\"https:\\\/\\\/centrourbano.com\\\/revista\\\/#organization\",\"name\":\"Centro Urbano\",\"url\":\"https:\\\/\\\/centrourbano.com\\\/revista\\\/\",\"logo\":{\"@type\":\"ImageObject\",\"inLanguage\":\"es\",\"@id\":\"https:\\\/\\\/centrourbano.com\\\/revista\\\/#\\\/schema\\\/logo\\\/image\\\/\",\"url\":\"https:\\\/\\\/centrourbano.com\\\/revista\\\/wp-content\\\/uploads\\\/web_CU_logo-1.png\",\"contentUrl\":\"https:\\\/\\\/centrourbano.com\\\/revista\\\/wp-content\\\/uploads\\\/web_CU_logo-1.png\",\"width\":350,\"height\":91,\"caption\":\"Centro Urbano\"},\"image\":{\"@id\":\"https:\\\/\\\/centrourbano.com\\\/revista\\\/#\\\/schema\\\/logo\\\/image\\\/\"},\"sameAs\":[\"https:\\\/\\\/www.facebook.com\\\/portalcentrourbano\",\"https:\\\/\\\/x.com\\\/CentroUrbano\",\"https:\\\/\\\/www.instagram.com\\\/centro_urbano\\\/\",\"https:\\\/\\\/www.linkedin.com\\\/company\\\/centro-urbano\\\/\",\"http:\\\/\\\/www.youtube.com\\\/user\\\/portalcentrourbano\"]},{\"@type\":\"Person\",\"@id\":\"https:\\\/\\\/centrourbano.com\\\/revista\\\/#\\\/schema\\\/person\\\/04f16f4cd5d20c119240fb9164874cec\",\"name\":\"Sofia Osorio\",\"image\":{\"@type\":\"ImageObject\",\"inLanguage\":\"es\",\"@id\":\"https:\\\/\\\/secure.gravatar.com\\\/avatar\\\/540346885009217f50383aeae8f93738fea6ce04c37c93d6be2d0515d1be354c?s=96&d=mm&r=g\",\"url\":\"https:\\\/\\\/secure.gravatar.com\\\/avatar\\\/540346885009217f50383aeae8f93738fea6ce04c37c93d6be2d0515d1be354c?s=96&d=mm&r=g\",\"contentUrl\":\"https:\\\/\\\/secure.gravatar.com\\\/avatar\\\/540346885009217f50383aeae8f93738fea6ce04c37c93d6be2d0515d1be354c?s=96&d=mm&r=g\",\"caption\":\"Sofia Osorio\"},\"description\":\"Egresada de la Facultad de Estudios Superiores Arag\u00f3n. Comunicaci\u00f3n y Periodismo. Loca y feliz. Suele re\u00edrse de todo, dormir en el transporte p\u00fablico y terminar corriendo para llegar a cualquier lugar. Cantante de regadera, bailarina frustrada y chiva de coraz\u00f3n, apasionada por lo que hay que hacer. Enojona, gritona y medio amable con la gente. Su primera oportunidad laboral la tuvo como becaria en la revista Klika y fungi\u00f3 como community manager en Grupo Radio Centro. Actualmente explora nuevos campos del periodismo en Centro Urbano.\",\"url\":\"https:\\\/\\\/centrourbano.com\\\/revista\\\/author\\\/sofia-osorio\\\/\"}]}<\/script>\n<!-- \/ Yoast SEO plugin. -->","yoast_head_json":{"title":"Reactivar\u00e1 Sare proyectos estancados  -","description":"&nbsp; Gracias al financiamiento de bancos y la reestructuraci\u00f3n de la empresa, se invertir\u00e1n 230 millones de pesos en vivienda Luego de tres a\u00f1os fuera","robots":{"index":"index","follow":"follow","max-snippet":"max-snippet:-1","max-image-preview":"max-image-preview:large","max-video-preview":"max-video-preview:-1"},"canonical":"https:\/\/centrourbano.com\/revista\/vivienda\/reactivara-sare-proyectos-estancados\/","og_locale":"es_ES","og_type":"article","og_title":"Reactivar\u00e1 Sare proyectos estancados  -","og_description":"&nbsp; Gracias al financiamiento de bancos y la reestructuraci\u00f3n de la empresa, se invertir\u00e1n 230 millones de pesos en vivienda Luego de tres a\u00f1os fuera","og_url":"https:\/\/centrourbano.com\/revista\/vivienda\/reactivara-sare-proyectos-estancados\/","og_site_name":"Centro Urbano","article_publisher":"https:\/\/www.facebook.com\/portalcentrourbano","article_published_time":"2014-11-19T18:05:52+00:00","og_image":[{"width":350,"height":91,"url":"https:\/\/centrourbano.com\/revista\/wp-content\/uploads\/CU-logo.png","type":"image\/png"}],"author":"Sofia Osorio","twitter_card":"summary_large_image","twitter_creator":"@CentroUrbano","twitter_site":"@CentroUrbano","twitter_misc":{"Escrito por":"Sofia Osorio","Tiempo de lectura":"2 minutos"},"schema":{"@context":"https:\/\/schema.org","@graph":[{"@type":"Article","@id":"https:\/\/centrourbano.com\/revista\/vivienda\/reactivara-sare-proyectos-estancados\/#article","isPartOf":{"@id":"https:\/\/centrourbano.com\/revista\/vivienda\/reactivara-sare-proyectos-estancados\/"},"author":{"name":"Sofia Osorio","@id":"https:\/\/centrourbano.com\/revista\/#\/schema\/person\/04f16f4cd5d20c119240fb9164874cec"},"headline":"Reactivar\u00e1 Sare proyectos estancados","datePublished":"2014-11-19T18:05:52+00:00","mainEntityOfPage":{"@id":"https:\/\/centrourbano.com\/revista\/vivienda\/reactivara-sare-proyectos-estancados\/"},"wordCount":407,"commentCount":0,"publisher":{"@id":"https:\/\/centrourbano.com\/revista\/#organization"},"keywords":["Baname","Fovissste","HSBC","Infomavit","Sare"],"articleSection":["Vivienda"],"inLanguage":"es","potentialAction":[{"@type":"CommentAction","name":"Comment","target":["https:\/\/centrourbano.com\/revista\/vivienda\/reactivara-sare-proyectos-estancados\/#respond"]}]},{"@type":"WebPage","@id":"https:\/\/centrourbano.com\/revista\/vivienda\/reactivara-sare-proyectos-estancados\/","url":"https:\/\/centrourbano.com\/revista\/vivienda\/reactivara-sare-proyectos-estancados\/","name":"Reactivar\u00e1 Sare proyectos estancados -","isPartOf":{"@id":"https:\/\/centrourbano.com\/revista\/#website"},"datePublished":"2014-11-19T18:05:52+00:00","description":"&nbsp; Gracias al financiamiento de bancos y la reestructuraci\u00f3n de la empresa, se invertir\u00e1n 230 millones de pesos en vivienda Luego de tres a\u00f1os fuera","breadcrumb":{"@id":"https:\/\/centrourbano.com\/revista\/vivienda\/reactivara-sare-proyectos-estancados\/#breadcrumb"},"inLanguage":"es","potentialAction":[{"@type":"ReadAction","target":["https:\/\/centrourbano.com\/revista\/vivienda\/reactivara-sare-proyectos-estancados\/"]}]},{"@type":"BreadcrumbList","@id":"https:\/\/centrourbano.com\/revista\/vivienda\/reactivara-sare-proyectos-estancados\/#breadcrumb","itemListElement":[{"@type":"ListItem","position":1,"name":"Portada","item":"https:\/\/centrourbano.com\/revista\/"},{"@type":"ListItem","position":2,"name":"Reactivar\u00e1 Sare proyectos estancados"}]},{"@type":"WebSite","@id":"https:\/\/centrourbano.com\/revista\/#website","url":"https:\/\/centrourbano.com\/revista\/","name":"Centro Urbano","description":"Medio especializado en los sectores vivienda, inmobiliario, construcci\u00f3n, arquitectura y urbanismo.","publisher":{"@id":"https:\/\/centrourbano.com\/revista\/#organization"},"potentialAction":[{"@type":"SearchAction","target":{"@type":"EntryPoint","urlTemplate":"https:\/\/centrourbano.com\/revista\/?s={search_term_string}"},"query-input":{"@type":"PropertyValueSpecification","valueRequired":true,"valueName":"search_term_string"}}],"inLanguage":"es"},{"@type":"Organization","@id":"https:\/\/centrourbano.com\/revista\/#organization","name":"Centro Urbano","url":"https:\/\/centrourbano.com\/revista\/","logo":{"@type":"ImageObject","inLanguage":"es","@id":"https:\/\/centrourbano.com\/revista\/#\/schema\/logo\/image\/","url":"https:\/\/centrourbano.com\/revista\/wp-content\/uploads\/web_CU_logo-1.png","contentUrl":"https:\/\/centrourbano.com\/revista\/wp-content\/uploads\/web_CU_logo-1.png","width":350,"height":91,"caption":"Centro Urbano"},"image":{"@id":"https:\/\/centrourbano.com\/revista\/#\/schema\/logo\/image\/"},"sameAs":["https:\/\/www.facebook.com\/portalcentrourbano","https:\/\/x.com\/CentroUrbano","https:\/\/www.instagram.com\/centro_urbano\/","https:\/\/www.linkedin.com\/company\/centro-urbano\/","http:\/\/www.youtube.com\/user\/portalcentrourbano"]},{"@type":"Person","@id":"https:\/\/centrourbano.com\/revista\/#\/schema\/person\/04f16f4cd5d20c119240fb9164874cec","name":"Sofia Osorio","image":{"@type":"ImageObject","inLanguage":"es","@id":"https:\/\/secure.gravatar.com\/avatar\/540346885009217f50383aeae8f93738fea6ce04c37c93d6be2d0515d1be354c?s=96&d=mm&r=g","url":"https:\/\/secure.gravatar.com\/avatar\/540346885009217f50383aeae8f93738fea6ce04c37c93d6be2d0515d1be354c?s=96&d=mm&r=g","contentUrl":"https:\/\/secure.gravatar.com\/avatar\/540346885009217f50383aeae8f93738fea6ce04c37c93d6be2d0515d1be354c?s=96&d=mm&r=g","caption":"Sofia Osorio"},"description":"Egresada de la Facultad de Estudios Superiores Arag\u00f3n. Comunicaci\u00f3n y Periodismo. Loca y feliz. Suele re\u00edrse de todo, dormir en el transporte p\u00fablico y terminar corriendo para llegar a cualquier lugar. Cantante de regadera, bailarina frustrada y chiva de coraz\u00f3n, apasionada por lo que hay que hacer. Enojona, gritona y medio amable con la gente. Su primera oportunidad laboral la tuvo como becaria en la revista Klika y fungi\u00f3 como community manager en Grupo Radio Centro. Actualmente explora nuevos campos del periodismo en Centro Urbano.","url":"https:\/\/centrourbano.com\/revista\/author\/sofia-osorio\/"}]}},"_links":{"self":[{"href":"https:\/\/centrourbano.com\/revista\/wp-json\/wp\/v2\/posts\/12766","targetHints":{"allow":["GET"]}}],"collection":[{"href":"https:\/\/centrourbano.com\/revista\/wp-json\/wp\/v2\/posts"}],"about":[{"href":"https:\/\/centrourbano.com\/revista\/wp-json\/wp\/v2\/types\/post"}],"author":[{"embeddable":true,"href":"https:\/\/centrourbano.com\/revista\/wp-json\/wp\/v2\/users\/19"}],"replies":[{"embeddable":true,"href":"https:\/\/centrourbano.com\/revista\/wp-json\/wp\/v2\/comments?post=12766"}],"version-history":[{"count":0,"href":"https:\/\/centrourbano.com\/revista\/wp-json\/wp\/v2\/posts\/12766\/revisions"}],"wp:attachment":[{"href":"https:\/\/centrourbano.com\/revista\/wp-json\/wp\/v2\/media?parent=12766"}],"wp:term":[{"taxonomy":"category","embeddable":true,"href":"https:\/\/centrourbano.com\/revista\/wp-json\/wp\/v2\/categories?post=12766"},{"taxonomy":"post_tag","embeddable":true,"href":"https:\/\/centrourbano.com\/revista\/wp-json\/wp\/v2\/tags?post=12766"}],"curies":[{"name":"wp","href":"https:\/\/api.w.org\/{rel}","templated":true}]}}