{"id":1276,"date":"2013-11-28T09:00:59","date_gmt":"2013-11-28T15:00:59","guid":{"rendered":"http:\/\/centrourbano.com\/?p=1276"},"modified":"2014-03-21T12:47:14","modified_gmt":"2014-03-21T18:47:14","slug":"buscan-coordinar-la-planeacion-urbana","status":"publish","type":"post","link":"https:\/\/centrourbano.com\/revista\/urbanismo\/buscan-coordinar-la-planeacion-urbana\/","title":{"rendered":"Buscan coordinar la planeaci\u00f3n urbana"},"content":{"rendered":"<p><em>El desarrollo urbano sustentable en el DF y su zona metropolitana requiere de regulaci\u00f3n, afirman especialistas<\/em><\/p>\n<p>&nbsp;<\/p>\n<p><!--more--><\/p>\n<p>Coordinaci\u00f3n, planeaci\u00f3n, infraestructura y movilidad son puntos prioritarios para un desarrollo urbano sustentable en la Zona Metropolitana del Valle de M\u00e9xico (ZMVM), afirmaron especialistas.<\/p>\n<p>&nbsp;<\/p>\n<p>La Coordinadora General de Desarrollo y Administraci\u00f3n Urbana, Gabriela Quiroga Garc\u00eda, anunci\u00f3 que en los pr\u00f3ximos meses se dar\u00e1 a conocer el Programa de Desarrollo Urbano del Distrito Federal, que se deriva del Programa General de Desarrollo 2013-2018.<\/p>\n<p>&nbsp;<\/p>\n<p>Lo anterior, fue expuesto en el marco del 27 Congreso Nacional de Ingenier\u00eda Civil \u00abCompromiso con M\u00e9xico\u00bb organizado por el Colegio de Ingenieros Civiles de M\u00e9xico (CICM).<\/p>\n<p>&nbsp;<\/p>\n<p>Durante su participaci\u00f3n en la mesa de debate \u201cDesarrollo Urbano Sustentable\u201d la funcionaria dijo que se est\u00e1 estudiando la integraci\u00f3n a la ciudad de corredores como zonas de oportunidad, as\u00ed como sus debilidades y fortalezas, es decir, un enfoque integral de desarrollo.<\/p>\n<p>&nbsp;<\/p>\n<p>\u00abBuscamos una participaci\u00f3n activa de la ciudadan\u00eda, ejercer derechos con igualdad de condiciones, calidad en una ciudad con conocimiento digital e inteligente para hacer que los tr\u00e1mites sean digitales\u00bb, indic\u00f3.<\/p>\n<p>&nbsp;<\/p>\n<p>Por su parte, Jos\u00e9 Alem\u00e1n Gonz\u00e1lez, CEO y fundador de la firma Esparta, dijo que uno de los temas principales de sustentabilidad es el agua, el cual ha tenido varios retos. \u00abActualmente, 36 por ciento de las casas de la ciudad de M\u00e9xico no tienen acceso adecuado al agua, un problema que se prev\u00e9 aumentar\u00e1 dr\u00e1sticamente\u00bb, advirti\u00f3.<\/p>\n<p>&nbsp;<\/p>\n<p>Por lo anterior, el Fundador de Esparta propone la creaci\u00f3n de las denominadas Islas sustentables en el DF, donde se capte agua de las azoteas de las viviendas contando con plantas de tratamiento y un pozo de infiltraci\u00f3n para este l\u00edquido.<\/p>\n<p>&nbsp;<\/p>\n<p>Por otro lado, Gabriela Alarc\u00f3n, directora de investigaci\u00f3n en competitividad urbana del Instituto Mexicano para la Competitividad (Imco), dijo que una ciudad dispersa provoca el incremento en los costos de infraestructura, inseguridad y necesidades del transporte.\u00bbUna ciudad avanzada no es donde los pobres tengan carro sino que los\u00a0ricos puedan utilizar transporte p\u00fablico\u00bb, expres\u00f3.<\/p>\n<p>&nbsp;<\/p>\n<p>Este congreso se celebrar\u00e1 hasta el 29 de noviembre que prev\u00e9 reunir a m\u00e1s de 2,000 personas en la ciudad de M\u00e9xico entre acad\u00e9micos, estudiantes y servidores p\u00fablicos.<\/p>\n","protected":false},"excerpt":{"rendered":"<p>El desarrollo urbano sustentable en el DF y su zona metropolitana requiere de regulaci\u00f3n, afirman especialistas &nbsp;<\/p>\n","protected":false},"author":8,"featured_media":16638,"comment_status":"open","ping_status":"closed","sticky":false,"template":"","format":"standard","meta":{"om_disable_all_campaigns":false,"inline_featured_image":false,"_monsterinsights_skip_tracking":false,"_monsterinsights_sitenote_active":false,"_monsterinsights_sitenote_note":"","_monsterinsights_sitenote_category":0,"footnotes":""},"categories":[82],"tags":[132,421,420,6156],"class_list":["post-1276","post","type-post","status-publish","format-standard","has-post-thumbnail","hentry","category-urbanismo","tag-ciudad","tag-moviliadad","tag-planeacion-urbana","tag-urbanismo"],"yoast_head":"<!-- This site is optimized with the Yoast SEO plugin v27.4 - https:\/\/yoast.com\/product\/yoast-seo-wordpress\/ -->\n<title>Buscan coordinar la planeaci\u00f3n urbana -<\/title>\n<meta name=\"description\" content=\"El desarrollo urbano sustentable en el DF y su zona metropolitana requiere de regulaci\u00f3n, afirman especialistas &nbsp; Coordinaci\u00f3n, planeaci\u00f3n,\" \/>\n<meta name=\"robots\" content=\"index, follow, max-snippet:-1, max-image-preview:large, max-video-preview:-1\" \/>\n<link rel=\"canonical\" href=\"https:\/\/centrourbano.com\/revista\/urbanismo\/buscan-coordinar-la-planeacion-urbana\/\" \/>\n<meta property=\"og:locale\" content=\"es_ES\" \/>\n<meta property=\"og:type\" content=\"article\" \/>\n<meta property=\"og:title\" content=\"Buscan coordinar la planeaci\u00f3n urbana -\" \/>\n<meta property=\"og:description\" content=\"El desarrollo urbano sustentable en el DF y su zona metropolitana requiere de regulaci\u00f3n, afirman especialistas &nbsp; Coordinaci\u00f3n, planeaci\u00f3n,\" \/>\n<meta property=\"og:url\" content=\"https:\/\/centrourbano.com\/revista\/urbanismo\/buscan-coordinar-la-planeacion-urbana\/\" \/>\n<meta property=\"og:site_name\" content=\"Centro Urbano\" \/>\n<meta property=\"article:publisher\" content=\"https:\/\/www.facebook.com\/portalcentrourbano\" \/>\n<meta property=\"article:published_time\" content=\"2013-11-28T15:00:59+00:00\" \/>\n<meta property=\"article:modified_time\" content=\"2014-03-21T18:47:14+00:00\" \/>\n<meta property=\"og:image\" content=\"https:\/\/centrourbano.com\/revista\/wp-content\/uploads\/CICM_Gabriela-Quiroga-11.jpg\" \/>\n\t<meta property=\"og:image:width\" content=\"550\" \/>\n\t<meta property=\"og:image:height\" content=\"427\" \/>\n\t<meta property=\"og:image:type\" content=\"image\/jpeg\" \/>\n<meta name=\"author\" content=\"Miriam Ram\u00edrez\" \/>\n<meta name=\"twitter:card\" content=\"summary_large_image\" \/>\n<meta name=\"twitter:creator\" content=\"@CentroUrbano\" \/>\n<meta name=\"twitter:site\" content=\"@CentroUrbano\" \/>\n<meta name=\"twitter:label1\" content=\"Escrito por\" \/>\n\t<meta name=\"twitter:data1\" content=\"Miriam Ram\u00edrez\" \/>\n\t<meta name=\"twitter:label2\" content=\"Tiempo de lectura\" \/>\n\t<meta name=\"twitter:data2\" content=\"2 minutos\" \/>\n<script type=\"application\/ld+json\" class=\"yoast-schema-graph\">{\"@context\":\"https:\\\/\\\/schema.org\",\"@graph\":[{\"@type\":\"Article\",\"@id\":\"https:\\\/\\\/centrourbano.com\\\/revista\\\/urbanismo\\\/buscan-coordinar-la-planeacion-urbana\\\/#article\",\"isPartOf\":{\"@id\":\"https:\\\/\\\/centrourbano.com\\\/revista\\\/urbanismo\\\/buscan-coordinar-la-planeacion-urbana\\\/\"},\"author\":{\"name\":\"Miriam Ram\u00edrez\",\"@id\":\"https:\\\/\\\/centrourbano.com\\\/revista\\\/#\\\/schema\\\/person\\\/8e96e5650a1f301864840f24693d98b6\"},\"headline\":\"Buscan coordinar la planeaci\u00f3n urbana\",\"datePublished\":\"2013-11-28T15:00:59+00:00\",\"dateModified\":\"2014-03-21T18:47:14+00:00\",\"mainEntityOfPage\":{\"@id\":\"https:\\\/\\\/centrourbano.com\\\/revista\\\/urbanismo\\\/buscan-coordinar-la-planeacion-urbana\\\/\"},\"wordCount\":398,\"commentCount\":0,\"publisher\":{\"@id\":\"https:\\\/\\\/centrourbano.com\\\/revista\\\/#organization\"},\"image\":{\"@id\":\"https:\\\/\\\/centrourbano.com\\\/revista\\\/urbanismo\\\/buscan-coordinar-la-planeacion-urbana\\\/#primaryimage\"},\"thumbnailUrl\":\"https:\\\/\\\/centrourbano.com\\\/revista\\\/wp-content\\\/uploads\\\/CICM_Gabriela-Quiroga-11.jpg\",\"keywords\":[\"Ciudad\",\"moviliadad\",\"planeaci\u00f3n urbana\",\"Urbanismo\"],\"articleSection\":[\"Urbanismo\"],\"inLanguage\":\"es\",\"potentialAction\":[{\"@type\":\"CommentAction\",\"name\":\"Comment\",\"target\":[\"https:\\\/\\\/centrourbano.com\\\/revista\\\/urbanismo\\\/buscan-coordinar-la-planeacion-urbana\\\/#respond\"]}]},{\"@type\":\"WebPage\",\"@id\":\"https:\\\/\\\/centrourbano.com\\\/revista\\\/urbanismo\\\/buscan-coordinar-la-planeacion-urbana\\\/\",\"url\":\"https:\\\/\\\/centrourbano.com\\\/revista\\\/urbanismo\\\/buscan-coordinar-la-planeacion-urbana\\\/\",\"name\":\"Buscan coordinar la planeaci\u00f3n urbana -\",\"isPartOf\":{\"@id\":\"https:\\\/\\\/centrourbano.com\\\/revista\\\/#website\"},\"primaryImageOfPage\":{\"@id\":\"https:\\\/\\\/centrourbano.com\\\/revista\\\/urbanismo\\\/buscan-coordinar-la-planeacion-urbana\\\/#primaryimage\"},\"image\":{\"@id\":\"https:\\\/\\\/centrourbano.com\\\/revista\\\/urbanismo\\\/buscan-coordinar-la-planeacion-urbana\\\/#primaryimage\"},\"thumbnailUrl\":\"https:\\\/\\\/centrourbano.com\\\/revista\\\/wp-content\\\/uploads\\\/CICM_Gabriela-Quiroga-11.jpg\",\"datePublished\":\"2013-11-28T15:00:59+00:00\",\"dateModified\":\"2014-03-21T18:47:14+00:00\",\"description\":\"El desarrollo urbano sustentable en el DF y su zona metropolitana requiere de regulaci\u00f3n, afirman especialistas &nbsp; Coordinaci\u00f3n, planeaci\u00f3n,\",\"breadcrumb\":{\"@id\":\"https:\\\/\\\/centrourbano.com\\\/revista\\\/urbanismo\\\/buscan-coordinar-la-planeacion-urbana\\\/#breadcrumb\"},\"inLanguage\":\"es\",\"potentialAction\":[{\"@type\":\"ReadAction\",\"target\":[\"https:\\\/\\\/centrourbano.com\\\/revista\\\/urbanismo\\\/buscan-coordinar-la-planeacion-urbana\\\/\"]}]},{\"@type\":\"ImageObject\",\"inLanguage\":\"es\",\"@id\":\"https:\\\/\\\/centrourbano.com\\\/revista\\\/urbanismo\\\/buscan-coordinar-la-planeacion-urbana\\\/#primaryimage\",\"url\":\"https:\\\/\\\/centrourbano.com\\\/revista\\\/wp-content\\\/uploads\\\/CICM_Gabriela-Quiroga-11.jpg\",\"contentUrl\":\"https:\\\/\\\/centrourbano.com\\\/revista\\\/wp-content\\\/uploads\\\/CICM_Gabriela-Quiroga-11.jpg\",\"width\":550,\"height\":427},{\"@type\":\"BreadcrumbList\",\"@id\":\"https:\\\/\\\/centrourbano.com\\\/revista\\\/urbanismo\\\/buscan-coordinar-la-planeacion-urbana\\\/#breadcrumb\",\"itemListElement\":[{\"@type\":\"ListItem\",\"position\":1,\"name\":\"Portada\",\"item\":\"https:\\\/\\\/centrourbano.com\\\/revista\\\/\"},{\"@type\":\"ListItem\",\"position\":2,\"name\":\"Buscan coordinar la planeaci\u00f3n urbana\"}]},{\"@type\":\"WebSite\",\"@id\":\"https:\\\/\\\/centrourbano.com\\\/revista\\\/#website\",\"url\":\"https:\\\/\\\/centrourbano.com\\\/revista\\\/\",\"name\":\"Centro Urbano\",\"description\":\"Medio especializado en los sectores vivienda, inmobiliario, construcci\u00f3n, arquitectura y urbanismo.\",\"publisher\":{\"@id\":\"https:\\\/\\\/centrourbano.com\\\/revista\\\/#organization\"},\"potentialAction\":[{\"@type\":\"SearchAction\",\"target\":{\"@type\":\"EntryPoint\",\"urlTemplate\":\"https:\\\/\\\/centrourbano.com\\\/revista\\\/?s={search_term_string}\"},\"query-input\":{\"@type\":\"PropertyValueSpecification\",\"valueRequired\":true,\"valueName\":\"search_term_string\"}}],\"inLanguage\":\"es\"},{\"@type\":\"Organization\",\"@id\":\"https:\\\/\\\/centrourbano.com\\\/revista\\\/#organization\",\"name\":\"Centro Urbano\",\"url\":\"https:\\\/\\\/centrourbano.com\\\/revista\\\/\",\"logo\":{\"@type\":\"ImageObject\",\"inLanguage\":\"es\",\"@id\":\"https:\\\/\\\/centrourbano.com\\\/revista\\\/#\\\/schema\\\/logo\\\/image\\\/\",\"url\":\"https:\\\/\\\/centrourbano.com\\\/revista\\\/wp-content\\\/uploads\\\/web_CU_logo-1.png\",\"contentUrl\":\"https:\\\/\\\/centrourbano.com\\\/revista\\\/wp-content\\\/uploads\\\/web_CU_logo-1.png\",\"width\":350,\"height\":91,\"caption\":\"Centro Urbano\"},\"image\":{\"@id\":\"https:\\\/\\\/centrourbano.com\\\/revista\\\/#\\\/schema\\\/logo\\\/image\\\/\"},\"sameAs\":[\"https:\\\/\\\/www.facebook.com\\\/portalcentrourbano\",\"https:\\\/\\\/x.com\\\/CentroUrbano\",\"https:\\\/\\\/www.instagram.com\\\/centro_urbano\\\/\",\"https:\\\/\\\/www.linkedin.com\\\/company\\\/centro-urbano\\\/\",\"http:\\\/\\\/www.youtube.com\\\/user\\\/portalcentrourbano\"]},{\"@type\":\"Person\",\"@id\":\"https:\\\/\\\/centrourbano.com\\\/revista\\\/#\\\/schema\\\/person\\\/8e96e5650a1f301864840f24693d98b6\",\"name\":\"Miriam Ram\u00edrez\",\"image\":{\"@type\":\"ImageObject\",\"inLanguage\":\"es\",\"@id\":\"https:\\\/\\\/secure.gravatar.com\\\/avatar\\\/52e1e49302f0128090863d692f98b177207156043d7f590fa6a3f55395c77a19?s=96&d=mm&r=g\",\"url\":\"https:\\\/\\\/secure.gravatar.com\\\/avatar\\\/52e1e49302f0128090863d692f98b177207156043d7f590fa6a3f55395c77a19?s=96&d=mm&r=g\",\"contentUrl\":\"https:\\\/\\\/secure.gravatar.com\\\/avatar\\\/52e1e49302f0128090863d692f98b177207156043d7f590fa6a3f55395c77a19?s=96&d=mm&r=g\",\"caption\":\"Miriam Ram\u00edrez\"},\"description\":\"Egresada de la FES Arag\u00f3n, UNAM; con experiencia en el ramo agropecuario en el suplemento AgroXXI de Milenio, hoy desde Centro Urbano reporta las noticias con temas que ata\u00f1en a las grandes ramas de la industria habitacional como el sector inmobiliario, hipotecario y vivienda; le apasiona todo aquello que vale la pena: la escritura, la m\u00fasica y la lectura.\",\"sameAs\":[\"http:\\\/\\\/@MiriamR_CU\"],\"url\":\"https:\\\/\\\/centrourbano.com\\\/revista\\\/author\\\/miriam-ramirez\\\/\"}]}<\/script>\n<!-- \/ Yoast SEO plugin. -->","yoast_head_json":{"title":"Buscan coordinar la planeaci\u00f3n urbana -","description":"El desarrollo urbano sustentable en el DF y su zona metropolitana requiere de regulaci\u00f3n, afirman especialistas &nbsp; Coordinaci\u00f3n, planeaci\u00f3n,","robots":{"index":"index","follow":"follow","max-snippet":"max-snippet:-1","max-image-preview":"max-image-preview:large","max-video-preview":"max-video-preview:-1"},"canonical":"https:\/\/centrourbano.com\/revista\/urbanismo\/buscan-coordinar-la-planeacion-urbana\/","og_locale":"es_ES","og_type":"article","og_title":"Buscan coordinar la planeaci\u00f3n urbana -","og_description":"El desarrollo urbano sustentable en el DF y su zona metropolitana requiere de regulaci\u00f3n, afirman especialistas &nbsp; Coordinaci\u00f3n, planeaci\u00f3n,","og_url":"https:\/\/centrourbano.com\/revista\/urbanismo\/buscan-coordinar-la-planeacion-urbana\/","og_site_name":"Centro Urbano","article_publisher":"https:\/\/www.facebook.com\/portalcentrourbano","article_published_time":"2013-11-28T15:00:59+00:00","article_modified_time":"2014-03-21T18:47:14+00:00","og_image":[{"width":550,"height":427,"url":"https:\/\/centrourbano.com\/revista\/wp-content\/uploads\/CICM_Gabriela-Quiroga-11.jpg","type":"image\/jpeg"}],"author":"Miriam Ram\u00edrez","twitter_card":"summary_large_image","twitter_creator":"@CentroUrbano","twitter_site":"@CentroUrbano","twitter_misc":{"Escrito por":"Miriam Ram\u00edrez","Tiempo de lectura":"2 minutos"},"schema":{"@context":"https:\/\/schema.org","@graph":[{"@type":"Article","@id":"https:\/\/centrourbano.com\/revista\/urbanismo\/buscan-coordinar-la-planeacion-urbana\/#article","isPartOf":{"@id":"https:\/\/centrourbano.com\/revista\/urbanismo\/buscan-coordinar-la-planeacion-urbana\/"},"author":{"name":"Miriam Ram\u00edrez","@id":"https:\/\/centrourbano.com\/revista\/#\/schema\/person\/8e96e5650a1f301864840f24693d98b6"},"headline":"Buscan coordinar la planeaci\u00f3n urbana","datePublished":"2013-11-28T15:00:59+00:00","dateModified":"2014-03-21T18:47:14+00:00","mainEntityOfPage":{"@id":"https:\/\/centrourbano.com\/revista\/urbanismo\/buscan-coordinar-la-planeacion-urbana\/"},"wordCount":398,"commentCount":0,"publisher":{"@id":"https:\/\/centrourbano.com\/revista\/#organization"},"image":{"@id":"https:\/\/centrourbano.com\/revista\/urbanismo\/buscan-coordinar-la-planeacion-urbana\/#primaryimage"},"thumbnailUrl":"https:\/\/centrourbano.com\/revista\/wp-content\/uploads\/CICM_Gabriela-Quiroga-11.jpg","keywords":["Ciudad","moviliadad","planeaci\u00f3n urbana","Urbanismo"],"articleSection":["Urbanismo"],"inLanguage":"es","potentialAction":[{"@type":"CommentAction","name":"Comment","target":["https:\/\/centrourbano.com\/revista\/urbanismo\/buscan-coordinar-la-planeacion-urbana\/#respond"]}]},{"@type":"WebPage","@id":"https:\/\/centrourbano.com\/revista\/urbanismo\/buscan-coordinar-la-planeacion-urbana\/","url":"https:\/\/centrourbano.com\/revista\/urbanismo\/buscan-coordinar-la-planeacion-urbana\/","name":"Buscan coordinar la planeaci\u00f3n urbana -","isPartOf":{"@id":"https:\/\/centrourbano.com\/revista\/#website"},"primaryImageOfPage":{"@id":"https:\/\/centrourbano.com\/revista\/urbanismo\/buscan-coordinar-la-planeacion-urbana\/#primaryimage"},"image":{"@id":"https:\/\/centrourbano.com\/revista\/urbanismo\/buscan-coordinar-la-planeacion-urbana\/#primaryimage"},"thumbnailUrl":"https:\/\/centrourbano.com\/revista\/wp-content\/uploads\/CICM_Gabriela-Quiroga-11.jpg","datePublished":"2013-11-28T15:00:59+00:00","dateModified":"2014-03-21T18:47:14+00:00","description":"El desarrollo urbano sustentable en el DF y su zona metropolitana requiere de regulaci\u00f3n, afirman especialistas &nbsp; Coordinaci\u00f3n, planeaci\u00f3n,","breadcrumb":{"@id":"https:\/\/centrourbano.com\/revista\/urbanismo\/buscan-coordinar-la-planeacion-urbana\/#breadcrumb"},"inLanguage":"es","potentialAction":[{"@type":"ReadAction","target":["https:\/\/centrourbano.com\/revista\/urbanismo\/buscan-coordinar-la-planeacion-urbana\/"]}]},{"@type":"ImageObject","inLanguage":"es","@id":"https:\/\/centrourbano.com\/revista\/urbanismo\/buscan-coordinar-la-planeacion-urbana\/#primaryimage","url":"https:\/\/centrourbano.com\/revista\/wp-content\/uploads\/CICM_Gabriela-Quiroga-11.jpg","contentUrl":"https:\/\/centrourbano.com\/revista\/wp-content\/uploads\/CICM_Gabriela-Quiroga-11.jpg","width":550,"height":427},{"@type":"BreadcrumbList","@id":"https:\/\/centrourbano.com\/revista\/urbanismo\/buscan-coordinar-la-planeacion-urbana\/#breadcrumb","itemListElement":[{"@type":"ListItem","position":1,"name":"Portada","item":"https:\/\/centrourbano.com\/revista\/"},{"@type":"ListItem","position":2,"name":"Buscan coordinar la planeaci\u00f3n urbana"}]},{"@type":"WebSite","@id":"https:\/\/centrourbano.com\/revista\/#website","url":"https:\/\/centrourbano.com\/revista\/","name":"Centro Urbano","description":"Medio especializado en los sectores vivienda, inmobiliario, construcci\u00f3n, arquitectura y urbanismo.","publisher":{"@id":"https:\/\/centrourbano.com\/revista\/#organization"},"potentialAction":[{"@type":"SearchAction","target":{"@type":"EntryPoint","urlTemplate":"https:\/\/centrourbano.com\/revista\/?s={search_term_string}"},"query-input":{"@type":"PropertyValueSpecification","valueRequired":true,"valueName":"search_term_string"}}],"inLanguage":"es"},{"@type":"Organization","@id":"https:\/\/centrourbano.com\/revista\/#organization","name":"Centro Urbano","url":"https:\/\/centrourbano.com\/revista\/","logo":{"@type":"ImageObject","inLanguage":"es","@id":"https:\/\/centrourbano.com\/revista\/#\/schema\/logo\/image\/","url":"https:\/\/centrourbano.com\/revista\/wp-content\/uploads\/web_CU_logo-1.png","contentUrl":"https:\/\/centrourbano.com\/revista\/wp-content\/uploads\/web_CU_logo-1.png","width":350,"height":91,"caption":"Centro Urbano"},"image":{"@id":"https:\/\/centrourbano.com\/revista\/#\/schema\/logo\/image\/"},"sameAs":["https:\/\/www.facebook.com\/portalcentrourbano","https:\/\/x.com\/CentroUrbano","https:\/\/www.instagram.com\/centro_urbano\/","https:\/\/www.linkedin.com\/company\/centro-urbano\/","http:\/\/www.youtube.com\/user\/portalcentrourbano"]},{"@type":"Person","@id":"https:\/\/centrourbano.com\/revista\/#\/schema\/person\/8e96e5650a1f301864840f24693d98b6","name":"Miriam Ram\u00edrez","image":{"@type":"ImageObject","inLanguage":"es","@id":"https:\/\/secure.gravatar.com\/avatar\/52e1e49302f0128090863d692f98b177207156043d7f590fa6a3f55395c77a19?s=96&d=mm&r=g","url":"https:\/\/secure.gravatar.com\/avatar\/52e1e49302f0128090863d692f98b177207156043d7f590fa6a3f55395c77a19?s=96&d=mm&r=g","contentUrl":"https:\/\/secure.gravatar.com\/avatar\/52e1e49302f0128090863d692f98b177207156043d7f590fa6a3f55395c77a19?s=96&d=mm&r=g","caption":"Miriam Ram\u00edrez"},"description":"Egresada de la FES Arag\u00f3n, UNAM; con experiencia en el ramo agropecuario en el suplemento AgroXXI de Milenio, hoy desde Centro Urbano reporta las noticias con temas que ata\u00f1en a las grandes ramas de la industria habitacional como el sector inmobiliario, hipotecario y vivienda; le apasiona todo aquello que vale la pena: la escritura, la m\u00fasica y la lectura.","sameAs":["http:\/\/@MiriamR_CU"],"url":"https:\/\/centrourbano.com\/revista\/author\/miriam-ramirez\/"}]}},"_links":{"self":[{"href":"https:\/\/centrourbano.com\/revista\/wp-json\/wp\/v2\/posts\/1276","targetHints":{"allow":["GET"]}}],"collection":[{"href":"https:\/\/centrourbano.com\/revista\/wp-json\/wp\/v2\/posts"}],"about":[{"href":"https:\/\/centrourbano.com\/revista\/wp-json\/wp\/v2\/types\/post"}],"author":[{"embeddable":true,"href":"https:\/\/centrourbano.com\/revista\/wp-json\/wp\/v2\/users\/8"}],"replies":[{"embeddable":true,"href":"https:\/\/centrourbano.com\/revista\/wp-json\/wp\/v2\/comments?post=1276"}],"version-history":[{"count":0,"href":"https:\/\/centrourbano.com\/revista\/wp-json\/wp\/v2\/posts\/1276\/revisions"}],"wp:featuredmedia":[{"embeddable":true,"href":"https:\/\/centrourbano.com\/revista\/wp-json\/wp\/v2\/media\/16638"}],"wp:attachment":[{"href":"https:\/\/centrourbano.com\/revista\/wp-json\/wp\/v2\/media?parent=1276"}],"wp:term":[{"taxonomy":"category","embeddable":true,"href":"https:\/\/centrourbano.com\/revista\/wp-json\/wp\/v2\/categories?post=1276"},{"taxonomy":"post_tag","embeddable":true,"href":"https:\/\/centrourbano.com\/revista\/wp-json\/wp\/v2\/tags?post=1276"}],"curies":[{"name":"wp","href":"https:\/\/api.w.org\/{rel}","templated":true}]}}