{"id":127591,"date":"2022-03-15T10:58:16","date_gmt":"2022-03-15T16:58:16","guid":{"rendered":"https:\/\/centrourbano.com\/?p=127591"},"modified":"2022-03-15T10:58:16","modified_gmt":"2022-03-15T16:58:16","slug":"exponen-en-paseo-de-la-reforma-el-proceso-para-asegurar-el-acceso-al-agua","status":"publish","type":"post","link":"https:\/\/centrourbano.com\/revista\/agenda-2\/exposiciones\/exponen-en-paseo-de-la-reforma-el-proceso-para-asegurar-el-acceso-al-agua\/","title":{"rendered":"Exponen en Paseo de la Reforma el proceso para asegurar el acceso al agua"},"content":{"rendered":"<p><i><span data-contrast=\"auto\">En la expo ubicada en Paseo de la Reforma se encontrar\u00e1n 62 im\u00e1genes que muestran el proceso tan complejo que asegura el acceso al agua en cantidad y calidad para la ciudadan\u00eda<\/span><\/i><span data-ccp-props=\"{&quot;201341983&quot;:0,&quot;335559739&quot;:160,&quot;335559740&quot;:259}\"><!--more--><\/span><\/p>\n<p><span data-contrast=\"auto\">&#8216;El agua en tu ciudad&#8230; de donde viene, a donde va&#8217; es una exposici\u00f3n <strong>fotogr\u00e1fica<\/strong> organizada por la Secretar\u00eda de Cultura de la Ciudad de M\u00e9xico y el <a href=\"https:\/\/www.sacmex.cdmx.gob.mx\/\">Sistema de Aguas Capitalino<\/a> (Sacmex), en el <a href=\"https:\/\/centrourbano.com\/urbanismo\/nueva-calzada-flotante-unira-secciones-del-bosque-de-chapultepec\/\">Bosque de Chapultepec<\/a>, la cual estar\u00e1 abierta al <strong>p\u00fablico<\/strong> en general del <strong>7 de marzo al 10 de abril del a\u00f1o en curso.<br \/>\n<\/strong><\/span><\/p>\n<p>La muestra se encuentra <span data-contrast=\"auto\">en la<strong> Galer\u00eda Abierta Grutas de las Rejas del Bosque de Chapultepec<\/strong>, sobre Paseo de la Reforma. En \u00e9sta se exhiben<\/span><span data-contrast=\"auto\">\u00a0los<strong> procesos del Sistema de Aguas<\/strong> de la ciudad, c<\/span><span data-contrast=\"auto\">on el objetivo de que la poblaci\u00f3n tome <strong>conciencia<\/strong> y <strong>conocimiento<\/strong> de la complejidad de la coordinaci\u00f3n del agua en la capital. <\/span><span data-ccp-props=\"{&quot;201341983&quot;:0,&quot;335559739&quot;:160,&quot;335559740&quot;:259}\">\u00a0<\/span><\/p>\n<h2><span data-contrast=\"auto\">\u00bfQu\u00e9 puedes encontrar en la muestra &#8216;El agua en tu ciudad&#8230; de donde viene, a donde va&#8217;?<\/span><\/h2>\n<p>En la exposici\u00f3n, el espectador podr\u00e1 encontrar<strong> 62 im\u00e1genes<\/strong> de gran formato en donde se muestra el proceso que asegura el acceso <span data-contrast=\"auto\">al liquido vital en cantidad y calidad suficiente para toda la ciudadan\u00eda. Esto, debido al uso de <strong>tecnolog\u00eda de vanguardia. <\/strong><br \/>\n<\/span><\/p>\n<p><span data-contrast=\"auto\">Adem\u00e1s, las fotograf\u00edas ense\u00f1an <\/span><span data-contrast=\"auto\">c\u00f3mo se obtiene el agua de <strong>r\u00edos<\/strong> y <strong>manantiales<\/strong>, c\u00f3mo se potabiliza y la reparaci\u00f3n de fugas en distintas zonas de la capital.<br \/>\n<\/span><\/p>\n<p>Sin dejar de lado, el visitante conocer\u00e1 la metodolog\u00eda que el Sacmex utiliza para mantener funcionando la extensa red de drenaje de la metr\u00f3poli, as\u00ed como los recursos para reducir el <strong>impacto ecol\u00f3gico<\/strong> y<span data-contrast=\"auto\"><strong> regresar el agua al medio ambiente.<\/strong> <\/span><\/p>\n","protected":false},"excerpt":{"rendered":"<p>En la expo ubicada en Paseo de la Reforma se encontrar\u00e1n 62 im\u00e1genes que muestran el proceso tan complejo que asegura el acceso al agua en cantidad y calidad para la ciudadan\u00eda<\/p>\n","protected":false},"author":83,"featured_media":127600,"comment_status":"open","ping_status":"closed","sticky":false,"template":"","format":"standard","meta":{"om_disable_all_campaigns":false,"inline_featured_image":false,"_monsterinsights_skip_tracking":false,"_monsterinsights_sitenote_active":false,"_monsterinsights_sitenote_note":"","_monsterinsights_sitenote_category":0,"footnotes":""},"categories":[20337,10585,10613],"tags":[13297,8287,606,1536],"class_list":["post-127591","post","type-post","status-publish","format-standard","has-post-thumbnail","hentry","category-agenda-2","category-eventos","category-exposiciones","tag-arte-y-cultura","tag-bosque-de-cahpultepec","tag-cdmx","tag-sacmex"],"yoast_head":"<!-- This site is optimized with the Yoast SEO plugin v27.5 - https:\/\/yoast.com\/product\/yoast-seo-wordpress\/ -->\n<title>Exponen en Paseo de la Reforma proceso para asegurar acceso al agua<\/title>\n<meta name=\"description\" content=\"&#039;El agua en tu ciudad... de donde viene, a donde va&#039; es una expo que estar\u00e1 disponible en Paso de la Reforma hasta el 10 de abril\" \/>\n<meta name=\"robots\" content=\"index, follow, max-snippet:-1, max-image-preview:large, max-video-preview:-1\" \/>\n<link rel=\"canonical\" href=\"https:\/\/centrourbano.com\/revista\/agenda-2\/exposiciones\/exponen-en-paseo-de-la-reforma-el-proceso-para-asegurar-el-acceso-al-agua\/\" \/>\n<meta property=\"og:locale\" content=\"es_ES\" \/>\n<meta property=\"og:type\" content=\"article\" \/>\n<meta property=\"og:title\" content=\"Exponen en Paseo de la Reforma proceso para asegurar acceso al agua\" \/>\n<meta property=\"og:description\" content=\"&#039;El agua en tu ciudad... de donde viene, a donde va&#039; es una expo que estar\u00e1 disponible en Paso de la Reforma hasta el 10 de abril\" \/>\n<meta property=\"og:url\" content=\"https:\/\/centrourbano.com\/revista\/agenda-2\/exposiciones\/exponen-en-paseo-de-la-reforma-el-proceso-para-asegurar-el-acceso-al-agua\/\" \/>\n<meta property=\"og:site_name\" content=\"Centro Urbano\" \/>\n<meta property=\"article:publisher\" content=\"https:\/\/www.facebook.com\/portalcentrourbano\" \/>\n<meta property=\"article:published_time\" content=\"2022-03-15T16:58:16+00:00\" \/>\n<meta property=\"og:image\" content=\"https:\/\/centrourbano.com\/revista\/wp-content\/uploads\/AGUA-3.jpg\" \/>\n\t<meta property=\"og:image:width\" content=\"848\" \/>\n\t<meta property=\"og:image:height\" content=\"476\" \/>\n\t<meta property=\"og:image:type\" content=\"image\/jpeg\" \/>\n<meta name=\"author\" content=\"Jeremy Uribe\" \/>\n<meta name=\"twitter:card\" content=\"summary_large_image\" \/>\n<meta name=\"twitter:creator\" content=\"@CentroUrbano\" \/>\n<meta name=\"twitter:site\" content=\"@CentroUrbano\" \/>\n<meta name=\"twitter:label1\" content=\"Escrito por\" \/>\n\t<meta name=\"twitter:data1\" content=\"Jeremy Uribe\" \/>\n\t<meta name=\"twitter:label2\" content=\"Tiempo de lectura\" \/>\n\t<meta name=\"twitter:data2\" content=\"2 minutos\" \/>\n<script type=\"application\/ld+json\" class=\"yoast-schema-graph\">{\"@context\":\"https:\\\/\\\/schema.org\",\"@graph\":[{\"@type\":\"Article\",\"@id\":\"https:\\\/\\\/centrourbano.com\\\/revista\\\/agenda-2\\\/exposiciones\\\/exponen-en-paseo-de-la-reforma-el-proceso-para-asegurar-el-acceso-al-agua\\\/#article\",\"isPartOf\":{\"@id\":\"https:\\\/\\\/centrourbano.com\\\/revista\\\/agenda-2\\\/exposiciones\\\/exponen-en-paseo-de-la-reforma-el-proceso-para-asegurar-el-acceso-al-agua\\\/\"},\"author\":{\"name\":\"Jeremy Uribe\",\"@id\":\"https:\\\/\\\/centrourbano.com\\\/revista\\\/#\\\/schema\\\/person\\\/90fdfc49f3da3f45654759132fcf23e4\"},\"headline\":\"Exponen en Paseo de la Reforma el proceso para asegurar el acceso al agua\",\"datePublished\":\"2022-03-15T16:58:16+00:00\",\"mainEntityOfPage\":{\"@id\":\"https:\\\/\\\/centrourbano.com\\\/revista\\\/agenda-2\\\/exposiciones\\\/exponen-en-paseo-de-la-reforma-el-proceso-para-asegurar-el-acceso-al-agua\\\/\"},\"wordCount\":309,\"commentCount\":0,\"publisher\":{\"@id\":\"https:\\\/\\\/centrourbano.com\\\/revista\\\/#organization\"},\"image\":{\"@id\":\"https:\\\/\\\/centrourbano.com\\\/revista\\\/agenda-2\\\/exposiciones\\\/exponen-en-paseo-de-la-reforma-el-proceso-para-asegurar-el-acceso-al-agua\\\/#primaryimage\"},\"thumbnailUrl\":\"https:\\\/\\\/centrourbano.com\\\/revista\\\/wp-content\\\/uploads\\\/AGUA-3.jpg\",\"keywords\":[\"arte y cultura\",\"bosque de cahpultepec\",\"CDMX\",\"SACMEX\"],\"articleSection\":[\"Agenda\",\"Eventos\",\"Exposiciones\"],\"inLanguage\":\"es\",\"potentialAction\":[{\"@type\":\"CommentAction\",\"name\":\"Comment\",\"target\":[\"https:\\\/\\\/centrourbano.com\\\/revista\\\/agenda-2\\\/exposiciones\\\/exponen-en-paseo-de-la-reforma-el-proceso-para-asegurar-el-acceso-al-agua\\\/#respond\"]}]},{\"@type\":\"WebPage\",\"@id\":\"https:\\\/\\\/centrourbano.com\\\/revista\\\/agenda-2\\\/exposiciones\\\/exponen-en-paseo-de-la-reforma-el-proceso-para-asegurar-el-acceso-al-agua\\\/\",\"url\":\"https:\\\/\\\/centrourbano.com\\\/revista\\\/agenda-2\\\/exposiciones\\\/exponen-en-paseo-de-la-reforma-el-proceso-para-asegurar-el-acceso-al-agua\\\/\",\"name\":\"Exponen en Paseo de la Reforma proceso para asegurar acceso al agua\",\"isPartOf\":{\"@id\":\"https:\\\/\\\/centrourbano.com\\\/revista\\\/#website\"},\"primaryImageOfPage\":{\"@id\":\"https:\\\/\\\/centrourbano.com\\\/revista\\\/agenda-2\\\/exposiciones\\\/exponen-en-paseo-de-la-reforma-el-proceso-para-asegurar-el-acceso-al-agua\\\/#primaryimage\"},\"image\":{\"@id\":\"https:\\\/\\\/centrourbano.com\\\/revista\\\/agenda-2\\\/exposiciones\\\/exponen-en-paseo-de-la-reforma-el-proceso-para-asegurar-el-acceso-al-agua\\\/#primaryimage\"},\"thumbnailUrl\":\"https:\\\/\\\/centrourbano.com\\\/revista\\\/wp-content\\\/uploads\\\/AGUA-3.jpg\",\"datePublished\":\"2022-03-15T16:58:16+00:00\",\"description\":\"'El agua en tu ciudad... de donde viene, a donde va' es una expo que estar\u00e1 disponible en Paso de la Reforma hasta el 10 de abril\",\"breadcrumb\":{\"@id\":\"https:\\\/\\\/centrourbano.com\\\/revista\\\/agenda-2\\\/exposiciones\\\/exponen-en-paseo-de-la-reforma-el-proceso-para-asegurar-el-acceso-al-agua\\\/#breadcrumb\"},\"inLanguage\":\"es\",\"potentialAction\":[{\"@type\":\"ReadAction\",\"target\":[\"https:\\\/\\\/centrourbano.com\\\/revista\\\/agenda-2\\\/exposiciones\\\/exponen-en-paseo-de-la-reforma-el-proceso-para-asegurar-el-acceso-al-agua\\\/\"]}]},{\"@type\":\"ImageObject\",\"inLanguage\":\"es\",\"@id\":\"https:\\\/\\\/centrourbano.com\\\/revista\\\/agenda-2\\\/exposiciones\\\/exponen-en-paseo-de-la-reforma-el-proceso-para-asegurar-el-acceso-al-agua\\\/#primaryimage\",\"url\":\"https:\\\/\\\/centrourbano.com\\\/revista\\\/wp-content\\\/uploads\\\/AGUA-3.jpg\",\"contentUrl\":\"https:\\\/\\\/centrourbano.com\\\/revista\\\/wp-content\\\/uploads\\\/AGUA-3.jpg\",\"width\":848,\"height\":476,\"caption\":\"'El agua en tu ciudad... de donde viene, a donde va' es una expo que estar\u00e1 disponible en Paso de la Reforma hasta el 10 de abril\"},{\"@type\":\"BreadcrumbList\",\"@id\":\"https:\\\/\\\/centrourbano.com\\\/revista\\\/agenda-2\\\/exposiciones\\\/exponen-en-paseo-de-la-reforma-el-proceso-para-asegurar-el-acceso-al-agua\\\/#breadcrumb\",\"itemListElement\":[{\"@type\":\"ListItem\",\"position\":1,\"name\":\"Portada\",\"item\":\"https:\\\/\\\/centrourbano.com\\\/revista\\\/\"},{\"@type\":\"ListItem\",\"position\":2,\"name\":\"Exponen en Paseo de la Reforma el proceso para asegurar el acceso al agua\"}]},{\"@type\":\"WebSite\",\"@id\":\"https:\\\/\\\/centrourbano.com\\\/revista\\\/#website\",\"url\":\"https:\\\/\\\/centrourbano.com\\\/revista\\\/\",\"name\":\"Centro Urbano\",\"description\":\"Medio especializado en los sectores vivienda, inmobiliario, construcci\u00f3n, arquitectura y urbanismo.\",\"publisher\":{\"@id\":\"https:\\\/\\\/centrourbano.com\\\/revista\\\/#organization\"},\"potentialAction\":[{\"@type\":\"SearchAction\",\"target\":{\"@type\":\"EntryPoint\",\"urlTemplate\":\"https:\\\/\\\/centrourbano.com\\\/revista\\\/?s={search_term_string}\"},\"query-input\":{\"@type\":\"PropertyValueSpecification\",\"valueRequired\":true,\"valueName\":\"search_term_string\"}}],\"inLanguage\":\"es\"},{\"@type\":\"Organization\",\"@id\":\"https:\\\/\\\/centrourbano.com\\\/revista\\\/#organization\",\"name\":\"Centro Urbano\",\"url\":\"https:\\\/\\\/centrourbano.com\\\/revista\\\/\",\"logo\":{\"@type\":\"ImageObject\",\"inLanguage\":\"es\",\"@id\":\"https:\\\/\\\/centrourbano.com\\\/revista\\\/#\\\/schema\\\/logo\\\/image\\\/\",\"url\":\"https:\\\/\\\/centrourbano.com\\\/revista\\\/wp-content\\\/uploads\\\/web_CU_logo-1.png\",\"contentUrl\":\"https:\\\/\\\/centrourbano.com\\\/revista\\\/wp-content\\\/uploads\\\/web_CU_logo-1.png\",\"width\":350,\"height\":91,\"caption\":\"Centro Urbano\"},\"image\":{\"@id\":\"https:\\\/\\\/centrourbano.com\\\/revista\\\/#\\\/schema\\\/logo\\\/image\\\/\"},\"sameAs\":[\"https:\\\/\\\/www.facebook.com\\\/portalcentrourbano\",\"https:\\\/\\\/x.com\\\/CentroUrbano\",\"https:\\\/\\\/www.instagram.com\\\/centro_urbano\\\/\",\"https:\\\/\\\/www.linkedin.com\\\/company\\\/centro-urbano\\\/\",\"http:\\\/\\\/www.youtube.com\\\/user\\\/portalcentrourbano\"]},{\"@type\":\"Person\",\"@id\":\"https:\\\/\\\/centrourbano.com\\\/revista\\\/#\\\/schema\\\/person\\\/90fdfc49f3da3f45654759132fcf23e4\",\"name\":\"Jeremy Uribe\",\"image\":{\"@type\":\"ImageObject\",\"inLanguage\":\"es\",\"@id\":\"https:\\\/\\\/secure.gravatar.com\\\/avatar\\\/e62715f1181ef9d743fca574017fddd4834c9ac74619503177ade58444791fb5?s=96&d=mm&r=g\",\"url\":\"https:\\\/\\\/secure.gravatar.com\\\/avatar\\\/e62715f1181ef9d743fca574017fddd4834c9ac74619503177ade58444791fb5?s=96&d=mm&r=g\",\"contentUrl\":\"https:\\\/\\\/secure.gravatar.com\\\/avatar\\\/e62715f1181ef9d743fca574017fddd4834c9ac74619503177ade58444791fb5?s=96&d=mm&r=g\",\"caption\":\"Jeremy Uribe\"},\"url\":\"https:\\\/\\\/centrourbano.com\\\/revista\\\/author\\\/jeremy-uribe\\\/\"}]}<\/script>\n<!-- \/ Yoast SEO plugin. -->","yoast_head_json":{"title":"Exponen en Paseo de la Reforma proceso para asegurar acceso al agua","description":"'El agua en tu ciudad... de donde viene, a donde va' es una expo que estar\u00e1 disponible en Paso de la Reforma hasta el 10 de abril","robots":{"index":"index","follow":"follow","max-snippet":"max-snippet:-1","max-image-preview":"max-image-preview:large","max-video-preview":"max-video-preview:-1"},"canonical":"https:\/\/centrourbano.com\/revista\/agenda-2\/exposiciones\/exponen-en-paseo-de-la-reforma-el-proceso-para-asegurar-el-acceso-al-agua\/","og_locale":"es_ES","og_type":"article","og_title":"Exponen en Paseo de la Reforma proceso para asegurar acceso al agua","og_description":"'El agua en tu ciudad... de donde viene, a donde va' es una expo que estar\u00e1 disponible en Paso de la Reforma hasta el 10 de abril","og_url":"https:\/\/centrourbano.com\/revista\/agenda-2\/exposiciones\/exponen-en-paseo-de-la-reforma-el-proceso-para-asegurar-el-acceso-al-agua\/","og_site_name":"Centro Urbano","article_publisher":"https:\/\/www.facebook.com\/portalcentrourbano","article_published_time":"2022-03-15T16:58:16+00:00","og_image":[{"width":848,"height":476,"url":"https:\/\/centrourbano.com\/revista\/wp-content\/uploads\/AGUA-3.jpg","type":"image\/jpeg"}],"author":"Jeremy Uribe","twitter_card":"summary_large_image","twitter_creator":"@CentroUrbano","twitter_site":"@CentroUrbano","twitter_misc":{"Escrito por":"Jeremy Uribe","Tiempo de lectura":"2 minutos"},"schema":{"@context":"https:\/\/schema.org","@graph":[{"@type":"Article","@id":"https:\/\/centrourbano.com\/revista\/agenda-2\/exposiciones\/exponen-en-paseo-de-la-reforma-el-proceso-para-asegurar-el-acceso-al-agua\/#article","isPartOf":{"@id":"https:\/\/centrourbano.com\/revista\/agenda-2\/exposiciones\/exponen-en-paseo-de-la-reforma-el-proceso-para-asegurar-el-acceso-al-agua\/"},"author":{"name":"Jeremy Uribe","@id":"https:\/\/centrourbano.com\/revista\/#\/schema\/person\/90fdfc49f3da3f45654759132fcf23e4"},"headline":"Exponen en Paseo de la Reforma el proceso para asegurar el acceso al agua","datePublished":"2022-03-15T16:58:16+00:00","mainEntityOfPage":{"@id":"https:\/\/centrourbano.com\/revista\/agenda-2\/exposiciones\/exponen-en-paseo-de-la-reforma-el-proceso-para-asegurar-el-acceso-al-agua\/"},"wordCount":309,"commentCount":0,"publisher":{"@id":"https:\/\/centrourbano.com\/revista\/#organization"},"image":{"@id":"https:\/\/centrourbano.com\/revista\/agenda-2\/exposiciones\/exponen-en-paseo-de-la-reforma-el-proceso-para-asegurar-el-acceso-al-agua\/#primaryimage"},"thumbnailUrl":"https:\/\/centrourbano.com\/revista\/wp-content\/uploads\/AGUA-3.jpg","keywords":["arte y cultura","bosque de cahpultepec","CDMX","SACMEX"],"articleSection":["Agenda","Eventos","Exposiciones"],"inLanguage":"es","potentialAction":[{"@type":"CommentAction","name":"Comment","target":["https:\/\/centrourbano.com\/revista\/agenda-2\/exposiciones\/exponen-en-paseo-de-la-reforma-el-proceso-para-asegurar-el-acceso-al-agua\/#respond"]}]},{"@type":"WebPage","@id":"https:\/\/centrourbano.com\/revista\/agenda-2\/exposiciones\/exponen-en-paseo-de-la-reforma-el-proceso-para-asegurar-el-acceso-al-agua\/","url":"https:\/\/centrourbano.com\/revista\/agenda-2\/exposiciones\/exponen-en-paseo-de-la-reforma-el-proceso-para-asegurar-el-acceso-al-agua\/","name":"Exponen en Paseo de la Reforma proceso para asegurar acceso al agua","isPartOf":{"@id":"https:\/\/centrourbano.com\/revista\/#website"},"primaryImageOfPage":{"@id":"https:\/\/centrourbano.com\/revista\/agenda-2\/exposiciones\/exponen-en-paseo-de-la-reforma-el-proceso-para-asegurar-el-acceso-al-agua\/#primaryimage"},"image":{"@id":"https:\/\/centrourbano.com\/revista\/agenda-2\/exposiciones\/exponen-en-paseo-de-la-reforma-el-proceso-para-asegurar-el-acceso-al-agua\/#primaryimage"},"thumbnailUrl":"https:\/\/centrourbano.com\/revista\/wp-content\/uploads\/AGUA-3.jpg","datePublished":"2022-03-15T16:58:16+00:00","description":"'El agua en tu ciudad... de donde viene, a donde va' es una expo que estar\u00e1 disponible en Paso de la Reforma hasta el 10 de abril","breadcrumb":{"@id":"https:\/\/centrourbano.com\/revista\/agenda-2\/exposiciones\/exponen-en-paseo-de-la-reforma-el-proceso-para-asegurar-el-acceso-al-agua\/#breadcrumb"},"inLanguage":"es","potentialAction":[{"@type":"ReadAction","target":["https:\/\/centrourbano.com\/revista\/agenda-2\/exposiciones\/exponen-en-paseo-de-la-reforma-el-proceso-para-asegurar-el-acceso-al-agua\/"]}]},{"@type":"ImageObject","inLanguage":"es","@id":"https:\/\/centrourbano.com\/revista\/agenda-2\/exposiciones\/exponen-en-paseo-de-la-reforma-el-proceso-para-asegurar-el-acceso-al-agua\/#primaryimage","url":"https:\/\/centrourbano.com\/revista\/wp-content\/uploads\/AGUA-3.jpg","contentUrl":"https:\/\/centrourbano.com\/revista\/wp-content\/uploads\/AGUA-3.jpg","width":848,"height":476,"caption":"'El agua en tu ciudad... de donde viene, a donde va' es una expo que estar\u00e1 disponible en Paso de la Reforma hasta el 10 de abril"},{"@type":"BreadcrumbList","@id":"https:\/\/centrourbano.com\/revista\/agenda-2\/exposiciones\/exponen-en-paseo-de-la-reforma-el-proceso-para-asegurar-el-acceso-al-agua\/#breadcrumb","itemListElement":[{"@type":"ListItem","position":1,"name":"Portada","item":"https:\/\/centrourbano.com\/revista\/"},{"@type":"ListItem","position":2,"name":"Exponen en Paseo de la Reforma el proceso para asegurar el acceso al agua"}]},{"@type":"WebSite","@id":"https:\/\/centrourbano.com\/revista\/#website","url":"https:\/\/centrourbano.com\/revista\/","name":"Centro Urbano","description":"Medio especializado en los sectores vivienda, inmobiliario, construcci\u00f3n, arquitectura y urbanismo.","publisher":{"@id":"https:\/\/centrourbano.com\/revista\/#organization"},"potentialAction":[{"@type":"SearchAction","target":{"@type":"EntryPoint","urlTemplate":"https:\/\/centrourbano.com\/revista\/?s={search_term_string}"},"query-input":{"@type":"PropertyValueSpecification","valueRequired":true,"valueName":"search_term_string"}}],"inLanguage":"es"},{"@type":"Organization","@id":"https:\/\/centrourbano.com\/revista\/#organization","name":"Centro Urbano","url":"https:\/\/centrourbano.com\/revista\/","logo":{"@type":"ImageObject","inLanguage":"es","@id":"https:\/\/centrourbano.com\/revista\/#\/schema\/logo\/image\/","url":"https:\/\/centrourbano.com\/revista\/wp-content\/uploads\/web_CU_logo-1.png","contentUrl":"https:\/\/centrourbano.com\/revista\/wp-content\/uploads\/web_CU_logo-1.png","width":350,"height":91,"caption":"Centro Urbano"},"image":{"@id":"https:\/\/centrourbano.com\/revista\/#\/schema\/logo\/image\/"},"sameAs":["https:\/\/www.facebook.com\/portalcentrourbano","https:\/\/x.com\/CentroUrbano","https:\/\/www.instagram.com\/centro_urbano\/","https:\/\/www.linkedin.com\/company\/centro-urbano\/","http:\/\/www.youtube.com\/user\/portalcentrourbano"]},{"@type":"Person","@id":"https:\/\/centrourbano.com\/revista\/#\/schema\/person\/90fdfc49f3da3f45654759132fcf23e4","name":"Jeremy Uribe","image":{"@type":"ImageObject","inLanguage":"es","@id":"https:\/\/secure.gravatar.com\/avatar\/e62715f1181ef9d743fca574017fddd4834c9ac74619503177ade58444791fb5?s=96&d=mm&r=g","url":"https:\/\/secure.gravatar.com\/avatar\/e62715f1181ef9d743fca574017fddd4834c9ac74619503177ade58444791fb5?s=96&d=mm&r=g","contentUrl":"https:\/\/secure.gravatar.com\/avatar\/e62715f1181ef9d743fca574017fddd4834c9ac74619503177ade58444791fb5?s=96&d=mm&r=g","caption":"Jeremy Uribe"},"url":"https:\/\/centrourbano.com\/revista\/author\/jeremy-uribe\/"}]}},"_links":{"self":[{"href":"https:\/\/centrourbano.com\/revista\/wp-json\/wp\/v2\/posts\/127591","targetHints":{"allow":["GET"]}}],"collection":[{"href":"https:\/\/centrourbano.com\/revista\/wp-json\/wp\/v2\/posts"}],"about":[{"href":"https:\/\/centrourbano.com\/revista\/wp-json\/wp\/v2\/types\/post"}],"author":[{"embeddable":true,"href":"https:\/\/centrourbano.com\/revista\/wp-json\/wp\/v2\/users\/83"}],"replies":[{"embeddable":true,"href":"https:\/\/centrourbano.com\/revista\/wp-json\/wp\/v2\/comments?post=127591"}],"version-history":[{"count":5,"href":"https:\/\/centrourbano.com\/revista\/wp-json\/wp\/v2\/posts\/127591\/revisions"}],"predecessor-version":[{"id":127812,"href":"https:\/\/centrourbano.com\/revista\/wp-json\/wp\/v2\/posts\/127591\/revisions\/127812"}],"wp:featuredmedia":[{"embeddable":true,"href":"https:\/\/centrourbano.com\/revista\/wp-json\/wp\/v2\/media\/127600"}],"wp:attachment":[{"href":"https:\/\/centrourbano.com\/revista\/wp-json\/wp\/v2\/media?parent=127591"}],"wp:term":[{"taxonomy":"category","embeddable":true,"href":"https:\/\/centrourbano.com\/revista\/wp-json\/wp\/v2\/categories?post=127591"},{"taxonomy":"post_tag","embeddable":true,"href":"https:\/\/centrourbano.com\/revista\/wp-json\/wp\/v2\/tags?post=127591"}],"curies":[{"name":"wp","href":"https:\/\/api.w.org\/{rel}","templated":true}]}}