{"id":127438,"date":"2022-03-08T10:00:10","date_gmt":"2022-03-08T16:00:10","guid":{"rendered":"https:\/\/centrourbano.com\/?p=127438"},"modified":"2022-03-08T10:23:42","modified_gmt":"2022-03-08T16:23:42","slug":"mujeres-mexico-1-6-millones-mipymes","status":"publish","type":"post","link":"https:\/\/centrourbano.com\/revista\/actualidad\/mujeres-mexico-1-6-millones-mipymes\/","title":{"rendered":"Mujeres, due\u00f1as de 1.6 millones de MiPymes en M\u00e9xico"},"content":{"rendered":"<p><i>Cinco de cada 10\u00a0negocios del sector\u00a0comercial lo encabezan mujeres\u00a0<!--more--><\/i><\/p>\n<p>En conmemoraci\u00f3n del <strong>D\u00eda Internacional de la Mujer<\/strong>, el <a href=\"https:\/\/www.inegi.org.mx\/\" target=\"_blank\" rel=\"noopener\">Instituto Nacional de Estad\u00edstica y Geograf\u00eda <\/a>present\u00f3 los datos m\u00e1s relevantes sobre la situaci\u00f3n de la mujer en la econom\u00eda. En la <strong>Encuesta Nacional de Ocupaci\u00f3n y Empleo-Nueva Edici\u00f3n<\/strong> (ENOE\u1db0,) se registr\u00f3 una poblaci\u00f3n 66.2 millones de mujeres.<\/p>\n<p>Para el tercer trimestre del a\u00f1o pasado se registraron 51.7 millones de mujeres mayores de 15 a\u00f1os. De este total, 22.8 millones formaron parte de la <strong>Poblaci\u00f3n Econ\u00f3micamente Activa<\/strong> (PEA). De acuerdo con la ENOE\u1db0, 55 de cada 100 se desempe\u00f1an en actividades de comercio, industria, manufactura y servicios sociales.<\/p>\n<p>Adem\u00e1s de los 4.5 millones de establecimientos <strong>MIPYMES<\/strong>, 1.6 millones pertenecen a mujeres. Las cuales se encargaron de emplear un total de 2.9 millones de personas, incluy\u00e9ndose ellas mismas.<\/p>\n<p><strong><em>Te puede interesar: <a href=\"https:\/\/centrourbano.com\/inmobiliario\/mujeres-crowdfunding-inmobiliario\/\" target=\"_blank\" rel=\"noopener\">Crece n\u00famero de mujeres en el crowdfunding inmobiliario: Briq<\/a><\/em><\/strong><\/p>\n<p>&nbsp;<\/p>\n<h2>Las mujeres en distintos sectores<\/h2>\n<p>En el <strong>sector comercial,\u00a0<\/strong>cinco de cada 10 establecimientos son dirigidos por mujeres; caso similar al de los <strong>servicios privados no\u00a0financieros, en el que<\/strong>\u00a0cuatro de cada 10 cuentan con una propietaria. En ese rubro, las <strong>manufacturas destacan<\/strong>\u00a0como el sector m\u00e1s bajo de participaci\u00f3n, ya que s\u00f3lo un establecimiento de cada 10 tienen una mujer a su cargo.<\/p>\n<p>Mientras tanto 13 de cada 100 MIPYMES obtuvieron un cr\u00e9dito o un <strong>financiamiento<\/strong>. La fuentes principales fueron los bancos con un 33.4% y las cajas de ahorro con un 25.8 por ciento. Los recursos fueron destinados para el equipamiento, ampliaci\u00f3n del negocio y adquisici\u00f3n de insumos.<\/p>\n<p>Por \u00faltimo, informaron que en el 2020 por cada tres hombres, hab\u00eda una mujer dirigiendo las administraciones p\u00fablicas municipales. <strong>Baja California<\/strong> se destac\u00f3 como el estado con mayor representaci\u00f3n de mujeres en presidencias municipales. En cambio Tlaxcala y Aguascalientes, por mayor\u00eda de s\u00edndicas.<\/p>\n","protected":false},"excerpt":{"rendered":"<p>Cinco de cada 10\u00a0negocios del sector\u00a0comercial lo encabezan mujeres\u00a0<\/p>\n","protected":false},"author":84,"featured_media":127445,"comment_status":"open","ping_status":"closed","sticky":false,"template":"","format":"standard","meta":{"om_disable_all_campaigns":false,"inline_featured_image":false,"_monsterinsights_skip_tracking":false,"_monsterinsights_sitenote_active":false,"_monsterinsights_sitenote_note":"","_monsterinsights_sitenote_category":0,"footnotes":""},"categories":[80],"tags":[20296,430,13785,2016],"class_list":["post-127438","post","type-post","status-publish","format-standard","has-post-thumbnail","hentry","category-actualidad","tag-8m","tag-inegi","tag-mipymes","tag-mujeres"],"yoast_head":"<!-- This site is optimized with the Yoast SEO plugin v27.5 - https:\/\/yoast.com\/product\/yoast-seo-wordpress\/ -->\n<title>Mujeres en M\u00e9xico cuentan 1.6 millones de MIPYMES<\/title>\n<meta name=\"description\" content=\"Para este D\u00eda Internacional de la Mujer el INEGI dio a conocer las cifras de mujeres trabajadoras y su desarrollo en el sector laboral.\" \/>\n<meta name=\"robots\" content=\"index, follow, max-snippet:-1, max-image-preview:large, max-video-preview:-1\" \/>\n<link rel=\"canonical\" href=\"https:\/\/centrourbano.com\/revista\/actualidad\/mujeres-mexico-1-6-millones-mipymes\/\" \/>\n<meta property=\"og:locale\" content=\"es_ES\" \/>\n<meta property=\"og:type\" content=\"article\" \/>\n<meta property=\"og:title\" content=\"Mujeres en M\u00e9xico cuentan 1.6 millones de MIPYMES\" \/>\n<meta property=\"og:description\" content=\"Para este D\u00eda Internacional de la Mujer el INEGI dio a conocer las cifras de mujeres trabajadoras y su desarrollo en el sector laboral.\" \/>\n<meta property=\"og:url\" content=\"https:\/\/centrourbano.com\/revista\/actualidad\/mujeres-mexico-1-6-millones-mipymes\/\" \/>\n<meta property=\"og:site_name\" content=\"Centro Urbano\" \/>\n<meta property=\"article:publisher\" content=\"https:\/\/www.facebook.com\/portalcentrourbano\" \/>\n<meta property=\"article:published_time\" content=\"2022-03-08T16:00:10+00:00\" \/>\n<meta property=\"article:modified_time\" content=\"2022-03-08T16:23:42+00:00\" \/>\n<meta property=\"og:image\" content=\"https:\/\/centrourbano.com\/revista\/wp-content\/uploads\/woman-g7e93aefea_1280.jpg\" \/>\n\t<meta property=\"og:image:width\" content=\"1280\" \/>\n\t<meta property=\"og:image:height\" content=\"861\" \/>\n\t<meta property=\"og:image:type\" content=\"image\/jpeg\" \/>\n<meta name=\"author\" content=\"Yannina Leyte Altamirano\" \/>\n<meta name=\"twitter:card\" content=\"summary_large_image\" \/>\n<meta name=\"twitter:creator\" content=\"@CentroUrbano\" \/>\n<meta name=\"twitter:site\" content=\"@CentroUrbano\" \/>\n<meta name=\"twitter:label1\" content=\"Escrito por\" \/>\n\t<meta name=\"twitter:data1\" content=\"Yannina Leyte Altamirano\" \/>\n\t<meta name=\"twitter:label2\" content=\"Tiempo de lectura\" \/>\n\t<meta name=\"twitter:data2\" content=\"2 minutos\" \/>\n<script type=\"application\/ld+json\" class=\"yoast-schema-graph\">{\"@context\":\"https:\\\/\\\/schema.org\",\"@graph\":[{\"@type\":\"Article\",\"@id\":\"https:\\\/\\\/centrourbano.com\\\/revista\\\/actualidad\\\/mujeres-mexico-1-6-millones-mipymes\\\/#article\",\"isPartOf\":{\"@id\":\"https:\\\/\\\/centrourbano.com\\\/revista\\\/actualidad\\\/mujeres-mexico-1-6-millones-mipymes\\\/\"},\"author\":{\"name\":\"Yannina Leyte Altamirano\",\"@id\":\"https:\\\/\\\/centrourbano.com\\\/revista\\\/#\\\/schema\\\/person\\\/11a47a8bf159cccc4ec753b3178fc3c1\"},\"headline\":\"Mujeres, due\u00f1as de 1.6 millones de MiPymes en M\u00e9xico\",\"datePublished\":\"2022-03-08T16:00:10+00:00\",\"dateModified\":\"2022-03-08T16:23:42+00:00\",\"mainEntityOfPage\":{\"@id\":\"https:\\\/\\\/centrourbano.com\\\/revista\\\/actualidad\\\/mujeres-mexico-1-6-millones-mipymes\\\/\"},\"wordCount\":325,\"commentCount\":0,\"publisher\":{\"@id\":\"https:\\\/\\\/centrourbano.com\\\/revista\\\/#organization\"},\"image\":{\"@id\":\"https:\\\/\\\/centrourbano.com\\\/revista\\\/actualidad\\\/mujeres-mexico-1-6-millones-mipymes\\\/#primaryimage\"},\"thumbnailUrl\":\"https:\\\/\\\/centrourbano.com\\\/revista\\\/wp-content\\\/uploads\\\/woman-g7e93aefea_1280.jpg\",\"keywords\":[\"#8M\",\"Inegi\",\"MIPYMES\",\"Mujeres\"],\"articleSection\":[\"Actualidad\"],\"inLanguage\":\"es\",\"potentialAction\":[{\"@type\":\"CommentAction\",\"name\":\"Comment\",\"target\":[\"https:\\\/\\\/centrourbano.com\\\/revista\\\/actualidad\\\/mujeres-mexico-1-6-millones-mipymes\\\/#respond\"]}]},{\"@type\":\"WebPage\",\"@id\":\"https:\\\/\\\/centrourbano.com\\\/revista\\\/actualidad\\\/mujeres-mexico-1-6-millones-mipymes\\\/\",\"url\":\"https:\\\/\\\/centrourbano.com\\\/revista\\\/actualidad\\\/mujeres-mexico-1-6-millones-mipymes\\\/\",\"name\":\"Mujeres en M\u00e9xico cuentan 1.6 millones de MIPYMES\",\"isPartOf\":{\"@id\":\"https:\\\/\\\/centrourbano.com\\\/revista\\\/#website\"},\"primaryImageOfPage\":{\"@id\":\"https:\\\/\\\/centrourbano.com\\\/revista\\\/actualidad\\\/mujeres-mexico-1-6-millones-mipymes\\\/#primaryimage\"},\"image\":{\"@id\":\"https:\\\/\\\/centrourbano.com\\\/revista\\\/actualidad\\\/mujeres-mexico-1-6-millones-mipymes\\\/#primaryimage\"},\"thumbnailUrl\":\"https:\\\/\\\/centrourbano.com\\\/revista\\\/wp-content\\\/uploads\\\/woman-g7e93aefea_1280.jpg\",\"datePublished\":\"2022-03-08T16:00:10+00:00\",\"dateModified\":\"2022-03-08T16:23:42+00:00\",\"description\":\"Para este D\u00eda Internacional de la Mujer el INEGI dio a conocer las cifras de mujeres trabajadoras y su desarrollo en el sector laboral.\",\"breadcrumb\":{\"@id\":\"https:\\\/\\\/centrourbano.com\\\/revista\\\/actualidad\\\/mujeres-mexico-1-6-millones-mipymes\\\/#breadcrumb\"},\"inLanguage\":\"es\",\"potentialAction\":[{\"@type\":\"ReadAction\",\"target\":[\"https:\\\/\\\/centrourbano.com\\\/revista\\\/actualidad\\\/mujeres-mexico-1-6-millones-mipymes\\\/\"]}]},{\"@type\":\"ImageObject\",\"inLanguage\":\"es\",\"@id\":\"https:\\\/\\\/centrourbano.com\\\/revista\\\/actualidad\\\/mujeres-mexico-1-6-millones-mipymes\\\/#primaryimage\",\"url\":\"https:\\\/\\\/centrourbano.com\\\/revista\\\/wp-content\\\/uploads\\\/woman-g7e93aefea_1280.jpg\",\"contentUrl\":\"https:\\\/\\\/centrourbano.com\\\/revista\\\/wp-content\\\/uploads\\\/woman-g7e93aefea_1280.jpg\",\"width\":1280,\"height\":861},{\"@type\":\"BreadcrumbList\",\"@id\":\"https:\\\/\\\/centrourbano.com\\\/revista\\\/actualidad\\\/mujeres-mexico-1-6-millones-mipymes\\\/#breadcrumb\",\"itemListElement\":[{\"@type\":\"ListItem\",\"position\":1,\"name\":\"Portada\",\"item\":\"https:\\\/\\\/centrourbano.com\\\/revista\\\/\"},{\"@type\":\"ListItem\",\"position\":2,\"name\":\"Mujeres, due\u00f1as de 1.6 millones de MiPymes en M\u00e9xico\"}]},{\"@type\":\"WebSite\",\"@id\":\"https:\\\/\\\/centrourbano.com\\\/revista\\\/#website\",\"url\":\"https:\\\/\\\/centrourbano.com\\\/revista\\\/\",\"name\":\"Centro Urbano\",\"description\":\"Medio especializado en los sectores vivienda, inmobiliario, construcci\u00f3n, arquitectura y urbanismo.\",\"publisher\":{\"@id\":\"https:\\\/\\\/centrourbano.com\\\/revista\\\/#organization\"},\"potentialAction\":[{\"@type\":\"SearchAction\",\"target\":{\"@type\":\"EntryPoint\",\"urlTemplate\":\"https:\\\/\\\/centrourbano.com\\\/revista\\\/?s={search_term_string}\"},\"query-input\":{\"@type\":\"PropertyValueSpecification\",\"valueRequired\":true,\"valueName\":\"search_term_string\"}}],\"inLanguage\":\"es\"},{\"@type\":\"Organization\",\"@id\":\"https:\\\/\\\/centrourbano.com\\\/revista\\\/#organization\",\"name\":\"Centro Urbano\",\"url\":\"https:\\\/\\\/centrourbano.com\\\/revista\\\/\",\"logo\":{\"@type\":\"ImageObject\",\"inLanguage\":\"es\",\"@id\":\"https:\\\/\\\/centrourbano.com\\\/revista\\\/#\\\/schema\\\/logo\\\/image\\\/\",\"url\":\"https:\\\/\\\/centrourbano.com\\\/revista\\\/wp-content\\\/uploads\\\/web_CU_logo-1.png\",\"contentUrl\":\"https:\\\/\\\/centrourbano.com\\\/revista\\\/wp-content\\\/uploads\\\/web_CU_logo-1.png\",\"width\":350,\"height\":91,\"caption\":\"Centro Urbano\"},\"image\":{\"@id\":\"https:\\\/\\\/centrourbano.com\\\/revista\\\/#\\\/schema\\\/logo\\\/image\\\/\"},\"sameAs\":[\"https:\\\/\\\/www.facebook.com\\\/portalcentrourbano\",\"https:\\\/\\\/x.com\\\/CentroUrbano\",\"https:\\\/\\\/www.instagram.com\\\/centro_urbano\\\/\",\"https:\\\/\\\/www.linkedin.com\\\/company\\\/centro-urbano\\\/\",\"http:\\\/\\\/www.youtube.com\\\/user\\\/portalcentrourbano\"]},{\"@type\":\"Person\",\"@id\":\"https:\\\/\\\/centrourbano.com\\\/revista\\\/#\\\/schema\\\/person\\\/11a47a8bf159cccc4ec753b3178fc3c1\",\"name\":\"Yannina Leyte Altamirano\",\"image\":{\"@type\":\"ImageObject\",\"inLanguage\":\"es\",\"@id\":\"https:\\\/\\\/secure.gravatar.com\\\/avatar\\\/7f2c0653e73e091d9d871401d46369257533876badb5e2ef365551fc11db5fb5?s=96&d=mm&r=g\",\"url\":\"https:\\\/\\\/secure.gravatar.com\\\/avatar\\\/7f2c0653e73e091d9d871401d46369257533876badb5e2ef365551fc11db5fb5?s=96&d=mm&r=g\",\"contentUrl\":\"https:\\\/\\\/secure.gravatar.com\\\/avatar\\\/7f2c0653e73e091d9d871401d46369257533876badb5e2ef365551fc11db5fb5?s=96&d=mm&r=g\",\"caption\":\"Yannina Leyte Altamirano\"},\"url\":\"https:\\\/\\\/centrourbano.com\\\/revista\\\/author\\\/yannina-leyte\\\/\"}]}<\/script>\n<!-- \/ Yoast SEO plugin. -->","yoast_head_json":{"title":"Mujeres en M\u00e9xico cuentan 1.6 millones de MIPYMES","description":"Para este D\u00eda Internacional de la Mujer el INEGI dio a conocer las cifras de mujeres trabajadoras y su desarrollo en el sector laboral.","robots":{"index":"index","follow":"follow","max-snippet":"max-snippet:-1","max-image-preview":"max-image-preview:large","max-video-preview":"max-video-preview:-1"},"canonical":"https:\/\/centrourbano.com\/revista\/actualidad\/mujeres-mexico-1-6-millones-mipymes\/","og_locale":"es_ES","og_type":"article","og_title":"Mujeres en M\u00e9xico cuentan 1.6 millones de MIPYMES","og_description":"Para este D\u00eda Internacional de la Mujer el INEGI dio a conocer las cifras de mujeres trabajadoras y su desarrollo en el sector laboral.","og_url":"https:\/\/centrourbano.com\/revista\/actualidad\/mujeres-mexico-1-6-millones-mipymes\/","og_site_name":"Centro Urbano","article_publisher":"https:\/\/www.facebook.com\/portalcentrourbano","article_published_time":"2022-03-08T16:00:10+00:00","article_modified_time":"2022-03-08T16:23:42+00:00","og_image":[{"width":1280,"height":861,"url":"https:\/\/centrourbano.com\/revista\/wp-content\/uploads\/woman-g7e93aefea_1280.jpg","type":"image\/jpeg"}],"author":"Yannina Leyte Altamirano","twitter_card":"summary_large_image","twitter_creator":"@CentroUrbano","twitter_site":"@CentroUrbano","twitter_misc":{"Escrito por":"Yannina Leyte Altamirano","Tiempo de lectura":"2 minutos"},"schema":{"@context":"https:\/\/schema.org","@graph":[{"@type":"Article","@id":"https:\/\/centrourbano.com\/revista\/actualidad\/mujeres-mexico-1-6-millones-mipymes\/#article","isPartOf":{"@id":"https:\/\/centrourbano.com\/revista\/actualidad\/mujeres-mexico-1-6-millones-mipymes\/"},"author":{"name":"Yannina Leyte Altamirano","@id":"https:\/\/centrourbano.com\/revista\/#\/schema\/person\/11a47a8bf159cccc4ec753b3178fc3c1"},"headline":"Mujeres, due\u00f1as de 1.6 millones de MiPymes en M\u00e9xico","datePublished":"2022-03-08T16:00:10+00:00","dateModified":"2022-03-08T16:23:42+00:00","mainEntityOfPage":{"@id":"https:\/\/centrourbano.com\/revista\/actualidad\/mujeres-mexico-1-6-millones-mipymes\/"},"wordCount":325,"commentCount":0,"publisher":{"@id":"https:\/\/centrourbano.com\/revista\/#organization"},"image":{"@id":"https:\/\/centrourbano.com\/revista\/actualidad\/mujeres-mexico-1-6-millones-mipymes\/#primaryimage"},"thumbnailUrl":"https:\/\/centrourbano.com\/revista\/wp-content\/uploads\/woman-g7e93aefea_1280.jpg","keywords":["#8M","Inegi","MIPYMES","Mujeres"],"articleSection":["Actualidad"],"inLanguage":"es","potentialAction":[{"@type":"CommentAction","name":"Comment","target":["https:\/\/centrourbano.com\/revista\/actualidad\/mujeres-mexico-1-6-millones-mipymes\/#respond"]}]},{"@type":"WebPage","@id":"https:\/\/centrourbano.com\/revista\/actualidad\/mujeres-mexico-1-6-millones-mipymes\/","url":"https:\/\/centrourbano.com\/revista\/actualidad\/mujeres-mexico-1-6-millones-mipymes\/","name":"Mujeres en M\u00e9xico cuentan 1.6 millones de MIPYMES","isPartOf":{"@id":"https:\/\/centrourbano.com\/revista\/#website"},"primaryImageOfPage":{"@id":"https:\/\/centrourbano.com\/revista\/actualidad\/mujeres-mexico-1-6-millones-mipymes\/#primaryimage"},"image":{"@id":"https:\/\/centrourbano.com\/revista\/actualidad\/mujeres-mexico-1-6-millones-mipymes\/#primaryimage"},"thumbnailUrl":"https:\/\/centrourbano.com\/revista\/wp-content\/uploads\/woman-g7e93aefea_1280.jpg","datePublished":"2022-03-08T16:00:10+00:00","dateModified":"2022-03-08T16:23:42+00:00","description":"Para este D\u00eda Internacional de la Mujer el INEGI dio a conocer las cifras de mujeres trabajadoras y su desarrollo en el sector laboral.","breadcrumb":{"@id":"https:\/\/centrourbano.com\/revista\/actualidad\/mujeres-mexico-1-6-millones-mipymes\/#breadcrumb"},"inLanguage":"es","potentialAction":[{"@type":"ReadAction","target":["https:\/\/centrourbano.com\/revista\/actualidad\/mujeres-mexico-1-6-millones-mipymes\/"]}]},{"@type":"ImageObject","inLanguage":"es","@id":"https:\/\/centrourbano.com\/revista\/actualidad\/mujeres-mexico-1-6-millones-mipymes\/#primaryimage","url":"https:\/\/centrourbano.com\/revista\/wp-content\/uploads\/woman-g7e93aefea_1280.jpg","contentUrl":"https:\/\/centrourbano.com\/revista\/wp-content\/uploads\/woman-g7e93aefea_1280.jpg","width":1280,"height":861},{"@type":"BreadcrumbList","@id":"https:\/\/centrourbano.com\/revista\/actualidad\/mujeres-mexico-1-6-millones-mipymes\/#breadcrumb","itemListElement":[{"@type":"ListItem","position":1,"name":"Portada","item":"https:\/\/centrourbano.com\/revista\/"},{"@type":"ListItem","position":2,"name":"Mujeres, due\u00f1as de 1.6 millones de MiPymes en M\u00e9xico"}]},{"@type":"WebSite","@id":"https:\/\/centrourbano.com\/revista\/#website","url":"https:\/\/centrourbano.com\/revista\/","name":"Centro Urbano","description":"Medio especializado en los sectores vivienda, inmobiliario, construcci\u00f3n, arquitectura y urbanismo.","publisher":{"@id":"https:\/\/centrourbano.com\/revista\/#organization"},"potentialAction":[{"@type":"SearchAction","target":{"@type":"EntryPoint","urlTemplate":"https:\/\/centrourbano.com\/revista\/?s={search_term_string}"},"query-input":{"@type":"PropertyValueSpecification","valueRequired":true,"valueName":"search_term_string"}}],"inLanguage":"es"},{"@type":"Organization","@id":"https:\/\/centrourbano.com\/revista\/#organization","name":"Centro Urbano","url":"https:\/\/centrourbano.com\/revista\/","logo":{"@type":"ImageObject","inLanguage":"es","@id":"https:\/\/centrourbano.com\/revista\/#\/schema\/logo\/image\/","url":"https:\/\/centrourbano.com\/revista\/wp-content\/uploads\/web_CU_logo-1.png","contentUrl":"https:\/\/centrourbano.com\/revista\/wp-content\/uploads\/web_CU_logo-1.png","width":350,"height":91,"caption":"Centro Urbano"},"image":{"@id":"https:\/\/centrourbano.com\/revista\/#\/schema\/logo\/image\/"},"sameAs":["https:\/\/www.facebook.com\/portalcentrourbano","https:\/\/x.com\/CentroUrbano","https:\/\/www.instagram.com\/centro_urbano\/","https:\/\/www.linkedin.com\/company\/centro-urbano\/","http:\/\/www.youtube.com\/user\/portalcentrourbano"]},{"@type":"Person","@id":"https:\/\/centrourbano.com\/revista\/#\/schema\/person\/11a47a8bf159cccc4ec753b3178fc3c1","name":"Yannina Leyte Altamirano","image":{"@type":"ImageObject","inLanguage":"es","@id":"https:\/\/secure.gravatar.com\/avatar\/7f2c0653e73e091d9d871401d46369257533876badb5e2ef365551fc11db5fb5?s=96&d=mm&r=g","url":"https:\/\/secure.gravatar.com\/avatar\/7f2c0653e73e091d9d871401d46369257533876badb5e2ef365551fc11db5fb5?s=96&d=mm&r=g","contentUrl":"https:\/\/secure.gravatar.com\/avatar\/7f2c0653e73e091d9d871401d46369257533876badb5e2ef365551fc11db5fb5?s=96&d=mm&r=g","caption":"Yannina Leyte Altamirano"},"url":"https:\/\/centrourbano.com\/revista\/author\/yannina-leyte\/"}]}},"_links":{"self":[{"href":"https:\/\/centrourbano.com\/revista\/wp-json\/wp\/v2\/posts\/127438","targetHints":{"allow":["GET"]}}],"collection":[{"href":"https:\/\/centrourbano.com\/revista\/wp-json\/wp\/v2\/posts"}],"about":[{"href":"https:\/\/centrourbano.com\/revista\/wp-json\/wp\/v2\/types\/post"}],"author":[{"embeddable":true,"href":"https:\/\/centrourbano.com\/revista\/wp-json\/wp\/v2\/users\/84"}],"replies":[{"embeddable":true,"href":"https:\/\/centrourbano.com\/revista\/wp-json\/wp\/v2\/comments?post=127438"}],"version-history":[{"count":6,"href":"https:\/\/centrourbano.com\/revista\/wp-json\/wp\/v2\/posts\/127438\/revisions"}],"predecessor-version":[{"id":127459,"href":"https:\/\/centrourbano.com\/revista\/wp-json\/wp\/v2\/posts\/127438\/revisions\/127459"}],"wp:featuredmedia":[{"embeddable":true,"href":"https:\/\/centrourbano.com\/revista\/wp-json\/wp\/v2\/media\/127445"}],"wp:attachment":[{"href":"https:\/\/centrourbano.com\/revista\/wp-json\/wp\/v2\/media?parent=127438"}],"wp:term":[{"taxonomy":"category","embeddable":true,"href":"https:\/\/centrourbano.com\/revista\/wp-json\/wp\/v2\/categories?post=127438"},{"taxonomy":"post_tag","embeddable":true,"href":"https:\/\/centrourbano.com\/revista\/wp-json\/wp\/v2\/tags?post=127438"}],"curies":[{"name":"wp","href":"https:\/\/api.w.org\/{rel}","templated":true}]}}