{"id":127271,"date":"2022-03-03T15:07:20","date_gmt":"2022-03-03T21:07:20","guid":{"rendered":"https:\/\/centrourbano.com\/?p=127271"},"modified":"2022-03-03T15:07:20","modified_gmt":"2022-03-03T21:07:20","slug":"espacios-flexibles-modalidad-en-crecimiento","status":"publish","type":"post","link":"https:\/\/centrourbano.com\/revista\/inmobiliario\/espacios-flexibles-modalidad-en-crecimiento\/","title":{"rendered":"Espacios flexibles, una modalidad en crecimiento"},"content":{"rendered":"<p><em>Los inversionistas y propietarios cada vez integran m\u00e1s a su portafolio los espacios flexibles para cumplir con la demanda<!--more--><\/em><\/p>\n<p>La mayor\u00eda de las personas confunden los <strong>espacios flexibles<\/strong> con los coworking. Sin embargo, los espacios flexibles ofrecen una mayor variedad de uso. Si bien estos espacios eran una modalidad que ya exist\u00eda antes de la pandemia, en los \u00faltimos a\u00f1os han demostrado ser una gran <strong>oportunidad de inversi\u00f3n<\/strong>.<\/p>\n<p>Los espacios flexibles son oficinas listas para ser ocupadas, que se adaptan a las necesidades de la empresa. Se encuentran equipados con mobiliario, internet, salas de juntas y todo lo necesario para trabajar. No obstante tambi\u00e9n pueden ser espacios para eventos o centros de negocios.<\/p>\n<p>La demanda de los inquilinos corporativos ha llevado a los propietarios a invertir y aumentar estos espacios en su portafolio. Esto, debido a que ofrecen<strong> contratos de arrendamiento<\/strong> m\u00e1s cortos para empresas grandes y peque\u00f1as.<\/p>\n<p>&nbsp;<\/p>\n<p><em>Te puede interesar: <a href=\"https:\/\/centrourbano.com\/inmobiliario\/jll-crecimiento-sectores\/\" target=\"_blank\" rel=\"noopener\">Destaca JLL crecimiento de estos sectores de la industria inmobiliaria<\/a><\/em><\/p>\n<p>&nbsp;<\/p>\n<h2>Impacto de los espacios flexibles<\/h2>\n<p>De acuerdo con <a href=\"https:\/\/www.jll.com.mx\/es\" target=\"_blank\" rel=\"noopener\">JLL<\/a>, antes de la crisis sanitaria generada por el virus SARS-CoV-2, s\u00f3lo representaban el 5% del portafolio de oficinas. Pero para finales de esta d\u00e9cada se estima que alcancen un 15% o hasta un <strong>20 por ciento<\/strong>.<\/p>\n<blockquote><p>\u00abEl espacio flexible ya no es una soluci\u00f3n a corto plazo y de \u00faltimo recurso. Incluso los propietarios m\u00e1s reacios al riesgo est\u00e1n intensificando sus inversiones, y ahora es una verdadera oportunidad para a\u00f1adir valor\u00bb, declar\u00f3 Alex Colpaert, jefe de investigaci\u00f3n de oficinas de EMEA en JLL.<\/p><\/blockquote>\n<p>Por lo tanto inversionistas y propietarios est\u00e1n analizando su portafolio para ver qu\u00e9 tanto puede ser utilizado como espacio flexible. De esta manera, podr\u00edan generan <strong>ingresos<\/strong> a partir de un flujo de demanda mucho m\u00e1s amplio al crecer su cartera de clientes.<\/p>\n","protected":false},"excerpt":{"rendered":"<p>Los inversionistas y propietarios cada vez integran m\u00e1s a su portafolio los espacios flexibles para cumplir con la demanda<\/p>\n","protected":false},"author":84,"featured_media":127274,"comment_status":"open","ping_status":"closed","sticky":false,"template":"","format":"standard","meta":{"om_disable_all_campaigns":false,"inline_featured_image":false,"_monsterinsights_skip_tracking":false,"_monsterinsights_sitenote_active":false,"_monsterinsights_sitenote_note":"","_monsterinsights_sitenote_category":0,"footnotes":""},"categories":[15],"tags":[],"class_list":["post-127271","post","type-post","status-publish","format-standard","has-post-thumbnail","hentry","category-inmobiliario"],"yoast_head":"<!-- This site is optimized with the Yoast SEO plugin v27.5 - https:\/\/yoast.com\/product\/yoast-seo-wordpress\/ -->\n<title>Espacios flexibles, una modalidad en crecimiento<\/title>\n<meta name=\"description\" content=\"Los inversionistas y propietarios cada vez integran m\u00e1s a su portafolio los espacios flexibles para cumplir con la demanda.\" \/>\n<meta name=\"robots\" content=\"index, follow, max-snippet:-1, max-image-preview:large, max-video-preview:-1\" \/>\n<link rel=\"canonical\" href=\"https:\/\/centrourbano.com\/revista\/inmobiliario\/espacios-flexibles-modalidad-en-crecimiento\/\" \/>\n<meta property=\"og:locale\" content=\"es_ES\" \/>\n<meta property=\"og:type\" content=\"article\" \/>\n<meta property=\"og:title\" content=\"Espacios flexibles, una modalidad en crecimiento\" \/>\n<meta property=\"og:description\" content=\"Los inversionistas y propietarios cada vez integran m\u00e1s a su portafolio los espacios flexibles para cumplir con la demanda.\" \/>\n<meta property=\"og:url\" content=\"https:\/\/centrourbano.com\/revista\/inmobiliario\/espacios-flexibles-modalidad-en-crecimiento\/\" \/>\n<meta property=\"og:site_name\" content=\"Centro Urbano\" \/>\n<meta property=\"article:publisher\" content=\"https:\/\/www.facebook.com\/portalcentrourbano\" \/>\n<meta property=\"article:published_time\" content=\"2022-03-03T21:07:20+00:00\" \/>\n<meta property=\"og:image\" content=\"https:\/\/centrourbano.com\/revista\/wp-content\/uploads\/chairs-gc1389068d_1280.jpg\" \/>\n\t<meta property=\"og:image:width\" content=\"1280\" \/>\n\t<meta property=\"og:image:height\" content=\"853\" \/>\n\t<meta property=\"og:image:type\" content=\"image\/jpeg\" \/>\n<meta name=\"author\" content=\"Yannina Leyte Altamirano\" \/>\n<meta name=\"twitter:card\" content=\"summary_large_image\" \/>\n<meta name=\"twitter:creator\" content=\"@CentroUrbano\" \/>\n<meta name=\"twitter:site\" content=\"@CentroUrbano\" \/>\n<meta name=\"twitter:label1\" content=\"Escrito por\" \/>\n\t<meta name=\"twitter:data1\" content=\"Yannina Leyte Altamirano\" \/>\n\t<meta name=\"twitter:label2\" content=\"Tiempo de lectura\" \/>\n\t<meta name=\"twitter:data2\" content=\"2 minutos\" \/>\n<script type=\"application\/ld+json\" class=\"yoast-schema-graph\">{\"@context\":\"https:\\\/\\\/schema.org\",\"@graph\":[{\"@type\":\"Article\",\"@id\":\"https:\\\/\\\/centrourbano.com\\\/revista\\\/inmobiliario\\\/espacios-flexibles-modalidad-en-crecimiento\\\/#article\",\"isPartOf\":{\"@id\":\"https:\\\/\\\/centrourbano.com\\\/revista\\\/inmobiliario\\\/espacios-flexibles-modalidad-en-crecimiento\\\/\"},\"author\":{\"name\":\"Yannina Leyte Altamirano\",\"@id\":\"https:\\\/\\\/centrourbano.com\\\/revista\\\/#\\\/schema\\\/person\\\/b6167014357ed5b7c50aa0638038d4f6\"},\"headline\":\"Espacios flexibles, una modalidad en crecimiento\",\"datePublished\":\"2022-03-03T21:07:20+00:00\",\"mainEntityOfPage\":{\"@id\":\"https:\\\/\\\/centrourbano.com\\\/revista\\\/inmobiliario\\\/espacios-flexibles-modalidad-en-crecimiento\\\/\"},\"wordCount\":318,\"commentCount\":0,\"publisher\":{\"@id\":\"https:\\\/\\\/centrourbano.com\\\/revista\\\/#organization\"},\"image\":{\"@id\":\"https:\\\/\\\/centrourbano.com\\\/revista\\\/inmobiliario\\\/espacios-flexibles-modalidad-en-crecimiento\\\/#primaryimage\"},\"thumbnailUrl\":\"https:\\\/\\\/centrourbano.com\\\/revista\\\/wp-content\\\/uploads\\\/chairs-gc1389068d_1280.jpg\",\"articleSection\":[\"Inmobiliario\"],\"inLanguage\":\"es\",\"potentialAction\":[{\"@type\":\"CommentAction\",\"name\":\"Comment\",\"target\":[\"https:\\\/\\\/centrourbano.com\\\/revista\\\/inmobiliario\\\/espacios-flexibles-modalidad-en-crecimiento\\\/#respond\"]}]},{\"@type\":\"WebPage\",\"@id\":\"https:\\\/\\\/centrourbano.com\\\/revista\\\/inmobiliario\\\/espacios-flexibles-modalidad-en-crecimiento\\\/\",\"url\":\"https:\\\/\\\/centrourbano.com\\\/revista\\\/inmobiliario\\\/espacios-flexibles-modalidad-en-crecimiento\\\/\",\"name\":\"Espacios flexibles, una modalidad en crecimiento\",\"isPartOf\":{\"@id\":\"https:\\\/\\\/centrourbano.com\\\/revista\\\/#website\"},\"primaryImageOfPage\":{\"@id\":\"https:\\\/\\\/centrourbano.com\\\/revista\\\/inmobiliario\\\/espacios-flexibles-modalidad-en-crecimiento\\\/#primaryimage\"},\"image\":{\"@id\":\"https:\\\/\\\/centrourbano.com\\\/revista\\\/inmobiliario\\\/espacios-flexibles-modalidad-en-crecimiento\\\/#primaryimage\"},\"thumbnailUrl\":\"https:\\\/\\\/centrourbano.com\\\/revista\\\/wp-content\\\/uploads\\\/chairs-gc1389068d_1280.jpg\",\"datePublished\":\"2022-03-03T21:07:20+00:00\",\"description\":\"Los inversionistas y propietarios cada vez integran m\u00e1s a su portafolio los espacios flexibles para cumplir con la demanda.\",\"breadcrumb\":{\"@id\":\"https:\\\/\\\/centrourbano.com\\\/revista\\\/inmobiliario\\\/espacios-flexibles-modalidad-en-crecimiento\\\/#breadcrumb\"},\"inLanguage\":\"es\",\"potentialAction\":[{\"@type\":\"ReadAction\",\"target\":[\"https:\\\/\\\/centrourbano.com\\\/revista\\\/inmobiliario\\\/espacios-flexibles-modalidad-en-crecimiento\\\/\"]}]},{\"@type\":\"ImageObject\",\"inLanguage\":\"es\",\"@id\":\"https:\\\/\\\/centrourbano.com\\\/revista\\\/inmobiliario\\\/espacios-flexibles-modalidad-en-crecimiento\\\/#primaryimage\",\"url\":\"https:\\\/\\\/centrourbano.com\\\/revista\\\/wp-content\\\/uploads\\\/chairs-gc1389068d_1280.jpg\",\"contentUrl\":\"https:\\\/\\\/centrourbano.com\\\/revista\\\/wp-content\\\/uploads\\\/chairs-gc1389068d_1280.jpg\",\"width\":1280,\"height\":853},{\"@type\":\"BreadcrumbList\",\"@id\":\"https:\\\/\\\/centrourbano.com\\\/revista\\\/inmobiliario\\\/espacios-flexibles-modalidad-en-crecimiento\\\/#breadcrumb\",\"itemListElement\":[{\"@type\":\"ListItem\",\"position\":1,\"name\":\"Portada\",\"item\":\"https:\\\/\\\/centrourbano.com\\\/revista\\\/\"},{\"@type\":\"ListItem\",\"position\":2,\"name\":\"Espacios flexibles, una modalidad en crecimiento\"}]},{\"@type\":\"WebSite\",\"@id\":\"https:\\\/\\\/centrourbano.com\\\/revista\\\/#website\",\"url\":\"https:\\\/\\\/centrourbano.com\\\/revista\\\/\",\"name\":\"Centro Urbano\",\"description\":\"Medio especializado en los sectores vivienda, inmobiliario, construcci\u00f3n, arquitectura y urbanismo.\",\"publisher\":{\"@id\":\"https:\\\/\\\/centrourbano.com\\\/revista\\\/#organization\"},\"potentialAction\":[{\"@type\":\"SearchAction\",\"target\":{\"@type\":\"EntryPoint\",\"urlTemplate\":\"https:\\\/\\\/centrourbano.com\\\/revista\\\/?s={search_term_string}\"},\"query-input\":{\"@type\":\"PropertyValueSpecification\",\"valueRequired\":true,\"valueName\":\"search_term_string\"}}],\"inLanguage\":\"es\"},{\"@type\":\"Organization\",\"@id\":\"https:\\\/\\\/centrourbano.com\\\/revista\\\/#organization\",\"name\":\"Centro Urbano\",\"url\":\"https:\\\/\\\/centrourbano.com\\\/revista\\\/\",\"logo\":{\"@type\":\"ImageObject\",\"inLanguage\":\"es\",\"@id\":\"https:\\\/\\\/centrourbano.com\\\/revista\\\/#\\\/schema\\\/logo\\\/image\\\/\",\"url\":\"https:\\\/\\\/centrourbano.com\\\/revista\\\/wp-content\\\/uploads\\\/web_CU_logo-1.png\",\"contentUrl\":\"https:\\\/\\\/centrourbano.com\\\/revista\\\/wp-content\\\/uploads\\\/web_CU_logo-1.png\",\"width\":350,\"height\":91,\"caption\":\"Centro Urbano\"},\"image\":{\"@id\":\"https:\\\/\\\/centrourbano.com\\\/revista\\\/#\\\/schema\\\/logo\\\/image\\\/\"},\"sameAs\":[\"https:\\\/\\\/www.facebook.com\\\/portalcentrourbano\",\"https:\\\/\\\/x.com\\\/CentroUrbano\",\"https:\\\/\\\/www.instagram.com\\\/centro_urbano\\\/\",\"https:\\\/\\\/www.linkedin.com\\\/company\\\/centro-urbano\\\/\",\"http:\\\/\\\/www.youtube.com\\\/user\\\/portalcentrourbano\"]},{\"@type\":\"Person\",\"@id\":\"https:\\\/\\\/centrourbano.com\\\/revista\\\/#\\\/schema\\\/person\\\/b6167014357ed5b7c50aa0638038d4f6\",\"name\":\"Yannina Leyte Altamirano\",\"image\":{\"@type\":\"ImageObject\",\"inLanguage\":\"es\",\"@id\":\"https:\\\/\\\/secure.gravatar.com\\\/avatar\\\/7f2c0653e73e091d9d871401d46369257533876badb5e2ef365551fc11db5fb5?s=96&d=mm&r=g\",\"url\":\"https:\\\/\\\/secure.gravatar.com\\\/avatar\\\/7f2c0653e73e091d9d871401d46369257533876badb5e2ef365551fc11db5fb5?s=96&d=mm&r=g\",\"contentUrl\":\"https:\\\/\\\/secure.gravatar.com\\\/avatar\\\/7f2c0653e73e091d9d871401d46369257533876badb5e2ef365551fc11db5fb5?s=96&d=mm&r=g\",\"caption\":\"Yannina Leyte Altamirano\"},\"url\":\"https:\\\/\\\/centrourbano.com\\\/revista\\\/author\\\/yannina-leyte\\\/\"}]}<\/script>\n<!-- \/ Yoast SEO plugin. -->","yoast_head_json":{"title":"Espacios flexibles, una modalidad en crecimiento","description":"Los inversionistas y propietarios cada vez integran m\u00e1s a su portafolio los espacios flexibles para cumplir con la demanda.","robots":{"index":"index","follow":"follow","max-snippet":"max-snippet:-1","max-image-preview":"max-image-preview:large","max-video-preview":"max-video-preview:-1"},"canonical":"https:\/\/centrourbano.com\/revista\/inmobiliario\/espacios-flexibles-modalidad-en-crecimiento\/","og_locale":"es_ES","og_type":"article","og_title":"Espacios flexibles, una modalidad en crecimiento","og_description":"Los inversionistas y propietarios cada vez integran m\u00e1s a su portafolio los espacios flexibles para cumplir con la demanda.","og_url":"https:\/\/centrourbano.com\/revista\/inmobiliario\/espacios-flexibles-modalidad-en-crecimiento\/","og_site_name":"Centro Urbano","article_publisher":"https:\/\/www.facebook.com\/portalcentrourbano","article_published_time":"2022-03-03T21:07:20+00:00","og_image":[{"width":1280,"height":853,"url":"https:\/\/centrourbano.com\/revista\/wp-content\/uploads\/chairs-gc1389068d_1280.jpg","type":"image\/jpeg"}],"author":"Yannina Leyte Altamirano","twitter_card":"summary_large_image","twitter_creator":"@CentroUrbano","twitter_site":"@CentroUrbano","twitter_misc":{"Escrito por":"Yannina Leyte Altamirano","Tiempo de lectura":"2 minutos"},"schema":{"@context":"https:\/\/schema.org","@graph":[{"@type":"Article","@id":"https:\/\/centrourbano.com\/revista\/inmobiliario\/espacios-flexibles-modalidad-en-crecimiento\/#article","isPartOf":{"@id":"https:\/\/centrourbano.com\/revista\/inmobiliario\/espacios-flexibles-modalidad-en-crecimiento\/"},"author":{"name":"Yannina Leyte Altamirano","@id":"https:\/\/centrourbano.com\/revista\/#\/schema\/person\/b6167014357ed5b7c50aa0638038d4f6"},"headline":"Espacios flexibles, una modalidad en crecimiento","datePublished":"2022-03-03T21:07:20+00:00","mainEntityOfPage":{"@id":"https:\/\/centrourbano.com\/revista\/inmobiliario\/espacios-flexibles-modalidad-en-crecimiento\/"},"wordCount":318,"commentCount":0,"publisher":{"@id":"https:\/\/centrourbano.com\/revista\/#organization"},"image":{"@id":"https:\/\/centrourbano.com\/revista\/inmobiliario\/espacios-flexibles-modalidad-en-crecimiento\/#primaryimage"},"thumbnailUrl":"https:\/\/centrourbano.com\/revista\/wp-content\/uploads\/chairs-gc1389068d_1280.jpg","articleSection":["Inmobiliario"],"inLanguage":"es","potentialAction":[{"@type":"CommentAction","name":"Comment","target":["https:\/\/centrourbano.com\/revista\/inmobiliario\/espacios-flexibles-modalidad-en-crecimiento\/#respond"]}]},{"@type":"WebPage","@id":"https:\/\/centrourbano.com\/revista\/inmobiliario\/espacios-flexibles-modalidad-en-crecimiento\/","url":"https:\/\/centrourbano.com\/revista\/inmobiliario\/espacios-flexibles-modalidad-en-crecimiento\/","name":"Espacios flexibles, una modalidad en crecimiento","isPartOf":{"@id":"https:\/\/centrourbano.com\/revista\/#website"},"primaryImageOfPage":{"@id":"https:\/\/centrourbano.com\/revista\/inmobiliario\/espacios-flexibles-modalidad-en-crecimiento\/#primaryimage"},"image":{"@id":"https:\/\/centrourbano.com\/revista\/inmobiliario\/espacios-flexibles-modalidad-en-crecimiento\/#primaryimage"},"thumbnailUrl":"https:\/\/centrourbano.com\/revista\/wp-content\/uploads\/chairs-gc1389068d_1280.jpg","datePublished":"2022-03-03T21:07:20+00:00","description":"Los inversionistas y propietarios cada vez integran m\u00e1s a su portafolio los espacios flexibles para cumplir con la demanda.","breadcrumb":{"@id":"https:\/\/centrourbano.com\/revista\/inmobiliario\/espacios-flexibles-modalidad-en-crecimiento\/#breadcrumb"},"inLanguage":"es","potentialAction":[{"@type":"ReadAction","target":["https:\/\/centrourbano.com\/revista\/inmobiliario\/espacios-flexibles-modalidad-en-crecimiento\/"]}]},{"@type":"ImageObject","inLanguage":"es","@id":"https:\/\/centrourbano.com\/revista\/inmobiliario\/espacios-flexibles-modalidad-en-crecimiento\/#primaryimage","url":"https:\/\/centrourbano.com\/revista\/wp-content\/uploads\/chairs-gc1389068d_1280.jpg","contentUrl":"https:\/\/centrourbano.com\/revista\/wp-content\/uploads\/chairs-gc1389068d_1280.jpg","width":1280,"height":853},{"@type":"BreadcrumbList","@id":"https:\/\/centrourbano.com\/revista\/inmobiliario\/espacios-flexibles-modalidad-en-crecimiento\/#breadcrumb","itemListElement":[{"@type":"ListItem","position":1,"name":"Portada","item":"https:\/\/centrourbano.com\/revista\/"},{"@type":"ListItem","position":2,"name":"Espacios flexibles, una modalidad en crecimiento"}]},{"@type":"WebSite","@id":"https:\/\/centrourbano.com\/revista\/#website","url":"https:\/\/centrourbano.com\/revista\/","name":"Centro Urbano","description":"Medio especializado en los sectores vivienda, inmobiliario, construcci\u00f3n, arquitectura y urbanismo.","publisher":{"@id":"https:\/\/centrourbano.com\/revista\/#organization"},"potentialAction":[{"@type":"SearchAction","target":{"@type":"EntryPoint","urlTemplate":"https:\/\/centrourbano.com\/revista\/?s={search_term_string}"},"query-input":{"@type":"PropertyValueSpecification","valueRequired":true,"valueName":"search_term_string"}}],"inLanguage":"es"},{"@type":"Organization","@id":"https:\/\/centrourbano.com\/revista\/#organization","name":"Centro Urbano","url":"https:\/\/centrourbano.com\/revista\/","logo":{"@type":"ImageObject","inLanguage":"es","@id":"https:\/\/centrourbano.com\/revista\/#\/schema\/logo\/image\/","url":"https:\/\/centrourbano.com\/revista\/wp-content\/uploads\/web_CU_logo-1.png","contentUrl":"https:\/\/centrourbano.com\/revista\/wp-content\/uploads\/web_CU_logo-1.png","width":350,"height":91,"caption":"Centro Urbano"},"image":{"@id":"https:\/\/centrourbano.com\/revista\/#\/schema\/logo\/image\/"},"sameAs":["https:\/\/www.facebook.com\/portalcentrourbano","https:\/\/x.com\/CentroUrbano","https:\/\/www.instagram.com\/centro_urbano\/","https:\/\/www.linkedin.com\/company\/centro-urbano\/","http:\/\/www.youtube.com\/user\/portalcentrourbano"]},{"@type":"Person","@id":"https:\/\/centrourbano.com\/revista\/#\/schema\/person\/b6167014357ed5b7c50aa0638038d4f6","name":"Yannina Leyte Altamirano","image":{"@type":"ImageObject","inLanguage":"es","@id":"https:\/\/secure.gravatar.com\/avatar\/7f2c0653e73e091d9d871401d46369257533876badb5e2ef365551fc11db5fb5?s=96&d=mm&r=g","url":"https:\/\/secure.gravatar.com\/avatar\/7f2c0653e73e091d9d871401d46369257533876badb5e2ef365551fc11db5fb5?s=96&d=mm&r=g","contentUrl":"https:\/\/secure.gravatar.com\/avatar\/7f2c0653e73e091d9d871401d46369257533876badb5e2ef365551fc11db5fb5?s=96&d=mm&r=g","caption":"Yannina Leyte Altamirano"},"url":"https:\/\/centrourbano.com\/revista\/author\/yannina-leyte\/"}]}},"_links":{"self":[{"href":"https:\/\/centrourbano.com\/revista\/wp-json\/wp\/v2\/posts\/127271","targetHints":{"allow":["GET"]}}],"collection":[{"href":"https:\/\/centrourbano.com\/revista\/wp-json\/wp\/v2\/posts"}],"about":[{"href":"https:\/\/centrourbano.com\/revista\/wp-json\/wp\/v2\/types\/post"}],"author":[{"embeddable":true,"href":"https:\/\/centrourbano.com\/revista\/wp-json\/wp\/v2\/users\/84"}],"replies":[{"embeddable":true,"href":"https:\/\/centrourbano.com\/revista\/wp-json\/wp\/v2\/comments?post=127271"}],"version-history":[{"count":4,"href":"https:\/\/centrourbano.com\/revista\/wp-json\/wp\/v2\/posts\/127271\/revisions"}],"predecessor-version":[{"id":127312,"href":"https:\/\/centrourbano.com\/revista\/wp-json\/wp\/v2\/posts\/127271\/revisions\/127312"}],"wp:featuredmedia":[{"embeddable":true,"href":"https:\/\/centrourbano.com\/revista\/wp-json\/wp\/v2\/media\/127274"}],"wp:attachment":[{"href":"https:\/\/centrourbano.com\/revista\/wp-json\/wp\/v2\/media?parent=127271"}],"wp:term":[{"taxonomy":"category","embeddable":true,"href":"https:\/\/centrourbano.com\/revista\/wp-json\/wp\/v2\/categories?post=127271"},{"taxonomy":"post_tag","embeddable":true,"href":"https:\/\/centrourbano.com\/revista\/wp-json\/wp\/v2\/tags?post=127271"}],"curies":[{"name":"wp","href":"https:\/\/api.w.org\/{rel}","templated":true}]}}