{"id":127021,"date":"2022-02-24T15:00:06","date_gmt":"2022-02-24T21:00:06","guid":{"rendered":"https:\/\/centrourbano.com\/?p=127021"},"modified":"2022-02-25T11:50:28","modified_gmt":"2022-02-25T17:50:28","slug":"programa-mi-pasaje-jalisco-abre-pre-registro-para-uso-gratuito-del-transporte","status":"publish","type":"post","link":"https:\/\/centrourbano.com\/revista\/actualidad\/programa-mi-pasaje-jalisco-abre-pre-registro-para-uso-gratuito-del-transporte\/","title":{"rendered":"Programa Mi Pasaje Jalisco abre pre registro para uso gratuito del transporte"},"content":{"rendered":"<p><em>El programa Mi Pasaje es un apoyo para cuatro modalidades de la poblaci\u00f3n de Jalisco mediante una recarga a tarjeta electr\u00f3nica<\/em><\/p>\n<p><!--more--><\/p>\n<p>La Secretaria del Sistema de Asistencia Social (SSAS) del estado de Jalisco anunci\u00f3 que el programa Mi Pasaje abrir\u00e1 el pre registro en la plataforma. A partir del s\u00e1bado 26 de febrero, y hasta al 19 de abril, los interesados podr\u00e1n ingresar para inscribirse. La finalidad es tener 30,000 nuevos beneficiarios que pueden <a href=\"https:\/\/centrourbano.com\/construccion\/mi-macro-periferico-arranca-este-fin-de-semana-en-jalisco\/\" target=\"_blank\" rel=\"noopener\">movilizarse<\/a> en Jalisco.<\/p>\n<p>Este a\u00f1o se planea distribuir la apertura del programa de la siguiente manera: 16,500 estudiantes, 9,000 personas adultas mayores. As\u00ed como 700 personas con discapacidad y 3,800 mujeres m\u00e1s. El total de los beneficiarios de Mi Pasaje ser\u00edan 122,229 personas.<\/p>\n<p>Asimismo, se planea notificar a las mujeres jefas de familia que ya est\u00e1n inscritas en el programa. Con la finalidad de que ingresen a la plataforma para agendar su cita y recargar su tarjeta del 24 de febrero al 08 de abril.<\/p>\n<p>La plataforma <a href=\"https:\/\/mipasaje-ssas.jalisco.gob.mx\/mipasaje2021a\/login.php\" target=\"_blank\" rel=\"noopener\">mipasaje-ssas.jalisco.gob.mx<\/a> estar\u00e1 habilitada para que los nuevos aspirantes realicen su proceso junto con las personas ya inscritas, lo \u00fanico que necesitar\u00e1n ser\u00e1 la CURP.<\/p>\n<h2>Inscripci\u00f3n al programa<\/h2>\n<p>Despu\u00e9s del periodo de pre registro, las fechas para acudir de manera presencial ser\u00e1 del 25 de abril al 28 de mayo.\u00a0 Para la validaci\u00f3n de documentos, respetando las medidas sanitarias, lo que se necesitar\u00e1 es:<\/p>\n<ol>\n<li>Cita impresa o digital<\/li>\n<li>Original y 2 copias de:<\/li>\n<\/ol>\n<ul style=\"list-style-type: circle;\">\n<li>CURP formato actualizado<\/li>\n<li>Comprobante de domicilio: luz, agua, tel\u00e9fono, pago predial (no mayor a 2 meses y pagado).<\/li>\n<li>Identificaci\u00f3n oficial INE, IFE, INAPAM o Pasaporte (cualquiera es v\u00e1lida).<\/li>\n<\/ul>\n<ul style=\"list-style-type: disc;\">\n<li>Personas con discapacidad: Certificado de discapacidad permanente (emitido por una instituci\u00f3n p\u00fablica o privada con el n\u00famero de c\u00e9dula del m\u00e9dico).<\/li>\n<li>Estudiantes: Constancia vigente de estudios firmada y sellada por la instituci\u00f3n educativa. O credencial, Kardex, orden de pago y recibo de pago a nombre del estudiante (cualquiera es v\u00e1lido).<\/li>\n<li>Mujeres jefas de familia: Carta bajo protesta de decir la verdad firmada en m\u00f3dulo.<\/li>\n<\/ul>\n<p>&nbsp;<\/p>\n","protected":false},"excerpt":{"rendered":"<p>El programa Mi Pasaje es un apoyo para cuatro modalidades de la poblaci\u00f3n de Jalisco mediante una recarga a tarjeta electr\u00f3nica<\/p>\n","protected":false},"author":85,"featured_media":127025,"comment_status":"open","ping_status":"closed","sticky":false,"template":"","format":"standard","meta":{"om_disable_all_campaigns":false,"inline_featured_image":false,"_monsterinsights_skip_tracking":false,"_monsterinsights_sitenote_active":false,"_monsterinsights_sitenote_note":"","_monsterinsights_sitenote_category":0,"footnotes":""},"categories":[80],"tags":[48,12815,39],"class_list":["post-127021","post","type-post","status-publish","format-standard","has-post-thumbnail","hentry","category-actualidad","tag-jalisco","tag-programa","tag-transporte"],"yoast_head":"<!-- This site is optimized with the Yoast SEO plugin v27.4 - https:\/\/yoast.com\/product\/yoast-seo-wordpress\/ -->\n<title>Programa Mi Pasaje abre pre registro para uso gratuito del transporte<\/title>\n<meta name=\"description\" content=\"El programa Mi Pasaje es un apoyo para cuatro modalidades de la poblaci\u00f3n de Jalisco mediante una recarga a tarjeta electr\u00f3nica\" \/>\n<meta name=\"robots\" content=\"index, follow, max-snippet:-1, max-image-preview:large, max-video-preview:-1\" \/>\n<link rel=\"canonical\" href=\"https:\/\/centrourbano.com\/revista\/actualidad\/programa-mi-pasaje-jalisco-abre-pre-registro-para-uso-gratuito-del-transporte\/\" \/>\n<meta property=\"og:locale\" content=\"es_ES\" \/>\n<meta property=\"og:type\" content=\"article\" \/>\n<meta property=\"og:title\" content=\"Programa Mi Pasaje abre pre registro para uso gratuito del transporte\" \/>\n<meta property=\"og:description\" content=\"El programa Mi Pasaje es un apoyo para cuatro modalidades de la poblaci\u00f3n de Jalisco mediante una recarga a tarjeta electr\u00f3nica\" \/>\n<meta property=\"og:url\" content=\"https:\/\/centrourbano.com\/revista\/actualidad\/programa-mi-pasaje-jalisco-abre-pre-registro-para-uso-gratuito-del-transporte\/\" \/>\n<meta property=\"og:site_name\" content=\"Centro Urbano\" \/>\n<meta property=\"article:publisher\" content=\"https:\/\/www.facebook.com\/portalcentrourbano\" \/>\n<meta property=\"article:published_time\" content=\"2022-02-24T21:00:06+00:00\" \/>\n<meta property=\"article:modified_time\" content=\"2022-02-25T17:50:28+00:00\" \/>\n<meta property=\"og:image\" content=\"https:\/\/centrourbano.com\/revista\/wp-content\/uploads\/MiPasaje800.jpg\" \/>\n\t<meta property=\"og:image:width\" content=\"800\" \/>\n\t<meta property=\"og:image:height\" content=\"800\" \/>\n\t<meta property=\"og:image:type\" content=\"image\/jpeg\" \/>\n<meta name=\"author\" content=\"Anayeli Mart\u00ednez\" \/>\n<meta name=\"twitter:card\" content=\"summary_large_image\" \/>\n<meta name=\"twitter:creator\" content=\"@CentroUrbano\" \/>\n<meta name=\"twitter:site\" content=\"@CentroUrbano\" \/>\n<meta name=\"twitter:label1\" content=\"Escrito por\" \/>\n\t<meta name=\"twitter:data1\" content=\"Anayeli Mart\u00ednez\" \/>\n\t<meta name=\"twitter:label2\" content=\"Tiempo de lectura\" \/>\n\t<meta name=\"twitter:data2\" content=\"2 minutos\" \/>\n<script type=\"application\/ld+json\" class=\"yoast-schema-graph\">{\"@context\":\"https:\\\/\\\/schema.org\",\"@graph\":[{\"@type\":\"Article\",\"@id\":\"https:\\\/\\\/centrourbano.com\\\/revista\\\/actualidad\\\/programa-mi-pasaje-jalisco-abre-pre-registro-para-uso-gratuito-del-transporte\\\/#article\",\"isPartOf\":{\"@id\":\"https:\\\/\\\/centrourbano.com\\\/revista\\\/actualidad\\\/programa-mi-pasaje-jalisco-abre-pre-registro-para-uso-gratuito-del-transporte\\\/\"},\"author\":{\"name\":\"Anayeli Mart\u00ednez\",\"@id\":\"https:\\\/\\\/centrourbano.com\\\/revista\\\/#\\\/schema\\\/person\\\/5ddb013734c68a8491249d786c63b75a\"},\"headline\":\"Programa Mi Pasaje Jalisco abre pre registro para uso gratuito del transporte\",\"datePublished\":\"2022-02-24T21:00:06+00:00\",\"dateModified\":\"2022-02-25T17:50:28+00:00\",\"mainEntityOfPage\":{\"@id\":\"https:\\\/\\\/centrourbano.com\\\/revista\\\/actualidad\\\/programa-mi-pasaje-jalisco-abre-pre-registro-para-uso-gratuito-del-transporte\\\/\"},\"wordCount\":350,\"commentCount\":0,\"publisher\":{\"@id\":\"https:\\\/\\\/centrourbano.com\\\/revista\\\/#organization\"},\"image\":{\"@id\":\"https:\\\/\\\/centrourbano.com\\\/revista\\\/actualidad\\\/programa-mi-pasaje-jalisco-abre-pre-registro-para-uso-gratuito-del-transporte\\\/#primaryimage\"},\"thumbnailUrl\":\"https:\\\/\\\/centrourbano.com\\\/revista\\\/wp-content\\\/uploads\\\/MiPasaje800.jpg\",\"keywords\":[\"Jalisco\",\"programa\",\"transporte\"],\"articleSection\":[\"Actualidad\"],\"inLanguage\":\"es\",\"potentialAction\":[{\"@type\":\"CommentAction\",\"name\":\"Comment\",\"target\":[\"https:\\\/\\\/centrourbano.com\\\/revista\\\/actualidad\\\/programa-mi-pasaje-jalisco-abre-pre-registro-para-uso-gratuito-del-transporte\\\/#respond\"]}]},{\"@type\":\"WebPage\",\"@id\":\"https:\\\/\\\/centrourbano.com\\\/revista\\\/actualidad\\\/programa-mi-pasaje-jalisco-abre-pre-registro-para-uso-gratuito-del-transporte\\\/\",\"url\":\"https:\\\/\\\/centrourbano.com\\\/revista\\\/actualidad\\\/programa-mi-pasaje-jalisco-abre-pre-registro-para-uso-gratuito-del-transporte\\\/\",\"name\":\"Programa Mi Pasaje abre pre registro para uso gratuito del transporte\",\"isPartOf\":{\"@id\":\"https:\\\/\\\/centrourbano.com\\\/revista\\\/#website\"},\"primaryImageOfPage\":{\"@id\":\"https:\\\/\\\/centrourbano.com\\\/revista\\\/actualidad\\\/programa-mi-pasaje-jalisco-abre-pre-registro-para-uso-gratuito-del-transporte\\\/#primaryimage\"},\"image\":{\"@id\":\"https:\\\/\\\/centrourbano.com\\\/revista\\\/actualidad\\\/programa-mi-pasaje-jalisco-abre-pre-registro-para-uso-gratuito-del-transporte\\\/#primaryimage\"},\"thumbnailUrl\":\"https:\\\/\\\/centrourbano.com\\\/revista\\\/wp-content\\\/uploads\\\/MiPasaje800.jpg\",\"datePublished\":\"2022-02-24T21:00:06+00:00\",\"dateModified\":\"2022-02-25T17:50:28+00:00\",\"description\":\"El programa Mi Pasaje es un apoyo para cuatro modalidades de la poblaci\u00f3n de Jalisco mediante una recarga a tarjeta electr\u00f3nica\",\"breadcrumb\":{\"@id\":\"https:\\\/\\\/centrourbano.com\\\/revista\\\/actualidad\\\/programa-mi-pasaje-jalisco-abre-pre-registro-para-uso-gratuito-del-transporte\\\/#breadcrumb\"},\"inLanguage\":\"es\",\"potentialAction\":[{\"@type\":\"ReadAction\",\"target\":[\"https:\\\/\\\/centrourbano.com\\\/revista\\\/actualidad\\\/programa-mi-pasaje-jalisco-abre-pre-registro-para-uso-gratuito-del-transporte\\\/\"]}]},{\"@type\":\"ImageObject\",\"inLanguage\":\"es\",\"@id\":\"https:\\\/\\\/centrourbano.com\\\/revista\\\/actualidad\\\/programa-mi-pasaje-jalisco-abre-pre-registro-para-uso-gratuito-del-transporte\\\/#primaryimage\",\"url\":\"https:\\\/\\\/centrourbano.com\\\/revista\\\/wp-content\\\/uploads\\\/MiPasaje800.jpg\",\"contentUrl\":\"https:\\\/\\\/centrourbano.com\\\/revista\\\/wp-content\\\/uploads\\\/MiPasaje800.jpg\",\"width\":800,\"height\":800,\"caption\":\"El programa Mi Pasaje es un apoyo para cuatro modalidades de la poblaci\u00f3n de Jalisco mediante una recarga a tarjeta electr\u00f3nica\"},{\"@type\":\"BreadcrumbList\",\"@id\":\"https:\\\/\\\/centrourbano.com\\\/revista\\\/actualidad\\\/programa-mi-pasaje-jalisco-abre-pre-registro-para-uso-gratuito-del-transporte\\\/#breadcrumb\",\"itemListElement\":[{\"@type\":\"ListItem\",\"position\":1,\"name\":\"Portada\",\"item\":\"https:\\\/\\\/centrourbano.com\\\/revista\\\/\"},{\"@type\":\"ListItem\",\"position\":2,\"name\":\"Programa Mi Pasaje Jalisco abre pre registro para uso gratuito del transporte\"}]},{\"@type\":\"WebSite\",\"@id\":\"https:\\\/\\\/centrourbano.com\\\/revista\\\/#website\",\"url\":\"https:\\\/\\\/centrourbano.com\\\/revista\\\/\",\"name\":\"Centro Urbano\",\"description\":\"Medio especializado en los sectores vivienda, inmobiliario, construcci\u00f3n, arquitectura y urbanismo.\",\"publisher\":{\"@id\":\"https:\\\/\\\/centrourbano.com\\\/revista\\\/#organization\"},\"potentialAction\":[{\"@type\":\"SearchAction\",\"target\":{\"@type\":\"EntryPoint\",\"urlTemplate\":\"https:\\\/\\\/centrourbano.com\\\/revista\\\/?s={search_term_string}\"},\"query-input\":{\"@type\":\"PropertyValueSpecification\",\"valueRequired\":true,\"valueName\":\"search_term_string\"}}],\"inLanguage\":\"es\"},{\"@type\":\"Organization\",\"@id\":\"https:\\\/\\\/centrourbano.com\\\/revista\\\/#organization\",\"name\":\"Centro Urbano\",\"url\":\"https:\\\/\\\/centrourbano.com\\\/revista\\\/\",\"logo\":{\"@type\":\"ImageObject\",\"inLanguage\":\"es\",\"@id\":\"https:\\\/\\\/centrourbano.com\\\/revista\\\/#\\\/schema\\\/logo\\\/image\\\/\",\"url\":\"https:\\\/\\\/centrourbano.com\\\/revista\\\/wp-content\\\/uploads\\\/web_CU_logo-1.png\",\"contentUrl\":\"https:\\\/\\\/centrourbano.com\\\/revista\\\/wp-content\\\/uploads\\\/web_CU_logo-1.png\",\"width\":350,\"height\":91,\"caption\":\"Centro Urbano\"},\"image\":{\"@id\":\"https:\\\/\\\/centrourbano.com\\\/revista\\\/#\\\/schema\\\/logo\\\/image\\\/\"},\"sameAs\":[\"https:\\\/\\\/www.facebook.com\\\/portalcentrourbano\",\"https:\\\/\\\/x.com\\\/CentroUrbano\",\"https:\\\/\\\/www.instagram.com\\\/centro_urbano\\\/\",\"https:\\\/\\\/www.linkedin.com\\\/company\\\/centro-urbano\\\/\",\"http:\\\/\\\/www.youtube.com\\\/user\\\/portalcentrourbano\"]},{\"@type\":\"Person\",\"@id\":\"https:\\\/\\\/centrourbano.com\\\/revista\\\/#\\\/schema\\\/person\\\/5ddb013734c68a8491249d786c63b75a\",\"name\":\"Anayeli Mart\u00ednez\",\"image\":{\"@type\":\"ImageObject\",\"inLanguage\":\"es\",\"@id\":\"https:\\\/\\\/secure.gravatar.com\\\/avatar\\\/8d692ff76d76e96dc45b09a68075ea9147c9e6835016464ec9379788e7e85fc3?s=96&d=mm&r=g\",\"url\":\"https:\\\/\\\/secure.gravatar.com\\\/avatar\\\/8d692ff76d76e96dc45b09a68075ea9147c9e6835016464ec9379788e7e85fc3?s=96&d=mm&r=g\",\"contentUrl\":\"https:\\\/\\\/secure.gravatar.com\\\/avatar\\\/8d692ff76d76e96dc45b09a68075ea9147c9e6835016464ec9379788e7e85fc3?s=96&d=mm&r=g\",\"caption\":\"Anayeli Mart\u00ednez\"},\"url\":\"https:\\\/\\\/centrourbano.com\\\/revista\\\/author\\\/anayeli-martinez\\\/\"}]}<\/script>\n<!-- \/ Yoast SEO plugin. -->","yoast_head_json":{"title":"Programa Mi Pasaje abre pre registro para uso gratuito del transporte","description":"El programa Mi Pasaje es un apoyo para cuatro modalidades de la poblaci\u00f3n de Jalisco mediante una recarga a tarjeta electr\u00f3nica","robots":{"index":"index","follow":"follow","max-snippet":"max-snippet:-1","max-image-preview":"max-image-preview:large","max-video-preview":"max-video-preview:-1"},"canonical":"https:\/\/centrourbano.com\/revista\/actualidad\/programa-mi-pasaje-jalisco-abre-pre-registro-para-uso-gratuito-del-transporte\/","og_locale":"es_ES","og_type":"article","og_title":"Programa Mi Pasaje abre pre registro para uso gratuito del transporte","og_description":"El programa Mi Pasaje es un apoyo para cuatro modalidades de la poblaci\u00f3n de Jalisco mediante una recarga a tarjeta electr\u00f3nica","og_url":"https:\/\/centrourbano.com\/revista\/actualidad\/programa-mi-pasaje-jalisco-abre-pre-registro-para-uso-gratuito-del-transporte\/","og_site_name":"Centro Urbano","article_publisher":"https:\/\/www.facebook.com\/portalcentrourbano","article_published_time":"2022-02-24T21:00:06+00:00","article_modified_time":"2022-02-25T17:50:28+00:00","og_image":[{"width":800,"height":800,"url":"https:\/\/centrourbano.com\/revista\/wp-content\/uploads\/MiPasaje800.jpg","type":"image\/jpeg"}],"author":"Anayeli Mart\u00ednez","twitter_card":"summary_large_image","twitter_creator":"@CentroUrbano","twitter_site":"@CentroUrbano","twitter_misc":{"Escrito por":"Anayeli Mart\u00ednez","Tiempo de lectura":"2 minutos"},"schema":{"@context":"https:\/\/schema.org","@graph":[{"@type":"Article","@id":"https:\/\/centrourbano.com\/revista\/actualidad\/programa-mi-pasaje-jalisco-abre-pre-registro-para-uso-gratuito-del-transporte\/#article","isPartOf":{"@id":"https:\/\/centrourbano.com\/revista\/actualidad\/programa-mi-pasaje-jalisco-abre-pre-registro-para-uso-gratuito-del-transporte\/"},"author":{"name":"Anayeli Mart\u00ednez","@id":"https:\/\/centrourbano.com\/revista\/#\/schema\/person\/5ddb013734c68a8491249d786c63b75a"},"headline":"Programa Mi Pasaje Jalisco abre pre registro para uso gratuito del transporte","datePublished":"2022-02-24T21:00:06+00:00","dateModified":"2022-02-25T17:50:28+00:00","mainEntityOfPage":{"@id":"https:\/\/centrourbano.com\/revista\/actualidad\/programa-mi-pasaje-jalisco-abre-pre-registro-para-uso-gratuito-del-transporte\/"},"wordCount":350,"commentCount":0,"publisher":{"@id":"https:\/\/centrourbano.com\/revista\/#organization"},"image":{"@id":"https:\/\/centrourbano.com\/revista\/actualidad\/programa-mi-pasaje-jalisco-abre-pre-registro-para-uso-gratuito-del-transporte\/#primaryimage"},"thumbnailUrl":"https:\/\/centrourbano.com\/revista\/wp-content\/uploads\/MiPasaje800.jpg","keywords":["Jalisco","programa","transporte"],"articleSection":["Actualidad"],"inLanguage":"es","potentialAction":[{"@type":"CommentAction","name":"Comment","target":["https:\/\/centrourbano.com\/revista\/actualidad\/programa-mi-pasaje-jalisco-abre-pre-registro-para-uso-gratuito-del-transporte\/#respond"]}]},{"@type":"WebPage","@id":"https:\/\/centrourbano.com\/revista\/actualidad\/programa-mi-pasaje-jalisco-abre-pre-registro-para-uso-gratuito-del-transporte\/","url":"https:\/\/centrourbano.com\/revista\/actualidad\/programa-mi-pasaje-jalisco-abre-pre-registro-para-uso-gratuito-del-transporte\/","name":"Programa Mi Pasaje abre pre registro para uso gratuito del transporte","isPartOf":{"@id":"https:\/\/centrourbano.com\/revista\/#website"},"primaryImageOfPage":{"@id":"https:\/\/centrourbano.com\/revista\/actualidad\/programa-mi-pasaje-jalisco-abre-pre-registro-para-uso-gratuito-del-transporte\/#primaryimage"},"image":{"@id":"https:\/\/centrourbano.com\/revista\/actualidad\/programa-mi-pasaje-jalisco-abre-pre-registro-para-uso-gratuito-del-transporte\/#primaryimage"},"thumbnailUrl":"https:\/\/centrourbano.com\/revista\/wp-content\/uploads\/MiPasaje800.jpg","datePublished":"2022-02-24T21:00:06+00:00","dateModified":"2022-02-25T17:50:28+00:00","description":"El programa Mi Pasaje es un apoyo para cuatro modalidades de la poblaci\u00f3n de Jalisco mediante una recarga a tarjeta electr\u00f3nica","breadcrumb":{"@id":"https:\/\/centrourbano.com\/revista\/actualidad\/programa-mi-pasaje-jalisco-abre-pre-registro-para-uso-gratuito-del-transporte\/#breadcrumb"},"inLanguage":"es","potentialAction":[{"@type":"ReadAction","target":["https:\/\/centrourbano.com\/revista\/actualidad\/programa-mi-pasaje-jalisco-abre-pre-registro-para-uso-gratuito-del-transporte\/"]}]},{"@type":"ImageObject","inLanguage":"es","@id":"https:\/\/centrourbano.com\/revista\/actualidad\/programa-mi-pasaje-jalisco-abre-pre-registro-para-uso-gratuito-del-transporte\/#primaryimage","url":"https:\/\/centrourbano.com\/revista\/wp-content\/uploads\/MiPasaje800.jpg","contentUrl":"https:\/\/centrourbano.com\/revista\/wp-content\/uploads\/MiPasaje800.jpg","width":800,"height":800,"caption":"El programa Mi Pasaje es un apoyo para cuatro modalidades de la poblaci\u00f3n de Jalisco mediante una recarga a tarjeta electr\u00f3nica"},{"@type":"BreadcrumbList","@id":"https:\/\/centrourbano.com\/revista\/actualidad\/programa-mi-pasaje-jalisco-abre-pre-registro-para-uso-gratuito-del-transporte\/#breadcrumb","itemListElement":[{"@type":"ListItem","position":1,"name":"Portada","item":"https:\/\/centrourbano.com\/revista\/"},{"@type":"ListItem","position":2,"name":"Programa Mi Pasaje Jalisco abre pre registro para uso gratuito del transporte"}]},{"@type":"WebSite","@id":"https:\/\/centrourbano.com\/revista\/#website","url":"https:\/\/centrourbano.com\/revista\/","name":"Centro Urbano","description":"Medio especializado en los sectores vivienda, inmobiliario, construcci\u00f3n, arquitectura y urbanismo.","publisher":{"@id":"https:\/\/centrourbano.com\/revista\/#organization"},"potentialAction":[{"@type":"SearchAction","target":{"@type":"EntryPoint","urlTemplate":"https:\/\/centrourbano.com\/revista\/?s={search_term_string}"},"query-input":{"@type":"PropertyValueSpecification","valueRequired":true,"valueName":"search_term_string"}}],"inLanguage":"es"},{"@type":"Organization","@id":"https:\/\/centrourbano.com\/revista\/#organization","name":"Centro Urbano","url":"https:\/\/centrourbano.com\/revista\/","logo":{"@type":"ImageObject","inLanguage":"es","@id":"https:\/\/centrourbano.com\/revista\/#\/schema\/logo\/image\/","url":"https:\/\/centrourbano.com\/revista\/wp-content\/uploads\/web_CU_logo-1.png","contentUrl":"https:\/\/centrourbano.com\/revista\/wp-content\/uploads\/web_CU_logo-1.png","width":350,"height":91,"caption":"Centro Urbano"},"image":{"@id":"https:\/\/centrourbano.com\/revista\/#\/schema\/logo\/image\/"},"sameAs":["https:\/\/www.facebook.com\/portalcentrourbano","https:\/\/x.com\/CentroUrbano","https:\/\/www.instagram.com\/centro_urbano\/","https:\/\/www.linkedin.com\/company\/centro-urbano\/","http:\/\/www.youtube.com\/user\/portalcentrourbano"]},{"@type":"Person","@id":"https:\/\/centrourbano.com\/revista\/#\/schema\/person\/5ddb013734c68a8491249d786c63b75a","name":"Anayeli Mart\u00ednez","image":{"@type":"ImageObject","inLanguage":"es","@id":"https:\/\/secure.gravatar.com\/avatar\/8d692ff76d76e96dc45b09a68075ea9147c9e6835016464ec9379788e7e85fc3?s=96&d=mm&r=g","url":"https:\/\/secure.gravatar.com\/avatar\/8d692ff76d76e96dc45b09a68075ea9147c9e6835016464ec9379788e7e85fc3?s=96&d=mm&r=g","contentUrl":"https:\/\/secure.gravatar.com\/avatar\/8d692ff76d76e96dc45b09a68075ea9147c9e6835016464ec9379788e7e85fc3?s=96&d=mm&r=g","caption":"Anayeli Mart\u00ednez"},"url":"https:\/\/centrourbano.com\/revista\/author\/anayeli-martinez\/"}]}},"_links":{"self":[{"href":"https:\/\/centrourbano.com\/revista\/wp-json\/wp\/v2\/posts\/127021","targetHints":{"allow":["GET"]}}],"collection":[{"href":"https:\/\/centrourbano.com\/revista\/wp-json\/wp\/v2\/posts"}],"about":[{"href":"https:\/\/centrourbano.com\/revista\/wp-json\/wp\/v2\/types\/post"}],"author":[{"embeddable":true,"href":"https:\/\/centrourbano.com\/revista\/wp-json\/wp\/v2\/users\/85"}],"replies":[{"embeddable":true,"href":"https:\/\/centrourbano.com\/revista\/wp-json\/wp\/v2\/comments?post=127021"}],"version-history":[{"count":3,"href":"https:\/\/centrourbano.com\/revista\/wp-json\/wp\/v2\/posts\/127021\/revisions"}],"predecessor-version":[{"id":127083,"href":"https:\/\/centrourbano.com\/revista\/wp-json\/wp\/v2\/posts\/127021\/revisions\/127083"}],"wp:featuredmedia":[{"embeddable":true,"href":"https:\/\/centrourbano.com\/revista\/wp-json\/wp\/v2\/media\/127025"}],"wp:attachment":[{"href":"https:\/\/centrourbano.com\/revista\/wp-json\/wp\/v2\/media?parent=127021"}],"wp:term":[{"taxonomy":"category","embeddable":true,"href":"https:\/\/centrourbano.com\/revista\/wp-json\/wp\/v2\/categories?post=127021"},{"taxonomy":"post_tag","embeddable":true,"href":"https:\/\/centrourbano.com\/revista\/wp-json\/wp\/v2\/tags?post=127021"}],"curies":[{"name":"wp","href":"https:\/\/api.w.org\/{rel}","templated":true}]}}