{"id":12626,"date":"2014-11-14T12:17:40","date_gmt":"2014-11-14T18:17:40","guid":{"rendered":"http:\/\/centrourbano.com\/?p=12626"},"modified":"2014-11-14T14:01:58","modified_gmt":"2014-11-14T20:01:58","slug":"este-viernes-inicia-el-buen-fin","status":"publish","type":"post","link":"https:\/\/centrourbano.com\/revista\/actualidad\/este-viernes-inicia-el-buen-fin\/","title":{"rendered":"\u00a1S\u00e1cale provecho al Buen Fin!"},"content":{"rendered":"<p>&nbsp;<\/p>\n<p><em>Nos unimos a la campa\u00f1a y te ofrecemos 50% de descuento en la preventa del libro HyMdelaCasa 2014<\/em><br \/>\n<!--more--><\/p>\n<p>&nbsp;<\/p>\n<p>Este viernes 14 de noviembre da inicio el fin de semana m\u00e1s barato de todo el a\u00f1o, el \u201cBuen Fin 2014 CDMX\u201d, con el que se espera que las ventas crezcan entre 10% y 14% para alcanzar los 200 mil millones de pesos.<\/p>\n<p>A trav\u00e9s de descuentos y promociones, las empresas buscan aumentar sus ventas de manera importante y tienen la oportunidad de generar riqueza y bienestar para quienes laboran en ellas. Adem\u00e1s el consumidor tiene beneficios importantes, ya que si se planean las compras de los bienes que se necesitan, se pueden encontrar importantes ahorros.<\/p>\n<p>Nuestra empresa se une a la exitosa campa\u00f1a del Buen Fin, ofreci\u00e9ndote del 14 al 17 de noviembre, 50% de descuento en la preventa del libro Hombres y Mujeres de la Casa 2014, el cual publicamos a\u00f1o con a\u00f1o.<\/p>\n<p>Este ejemplar, editado por Centro Urbano y Capital de M\u00e9xico, cuenta con una compilaci\u00f3n de las entrevistas m\u00e1s importantes realizadas a directivos, funcionarios y empresarios involucrados en el sector vivienda.<\/p>\n<p>Tambi\u00e9n incluye colaboraciones de los expertos en la industria de vivienda, inmobiliaria, urbanismo, arquitectura, hipotecario, sustentabilidad y financiero, quienes nos ofrecen un panorama m\u00e1s amplio del sector.<\/p>\n<p>Adem\u00e1s, te ofrecemos 2\u00d71 en la edici\u00f3n 2013 y en anteriores (sujeto a disponibilidad de inventario), paga un libro y el otro va por nuestra cuenta, para que puedas completar tu colecci\u00f3n. Puedes pagar con tarjeta de cr\u00e9dito, mediante un dep\u00f3sito en efectivo o pagarlo en contra entrega. Si tu compra es en el DF, te lo env\u00edamos sin costo alguno. El precio original de cada ejemplar es de 300 pesos.<\/p>\n<p>Si requieres m\u00e1s informaci\u00f3n al respecto puedes enviar un mail a\u00a0<a href=\"mailto:editorial@centrourbano.com\">editorial@centrourbano.com<\/a>, tambi\u00e9n te invitamos a que visites la p\u00e1gina\u00a0<a href=\"http:\/\/hombresymujeresdelacasa.com\/\">hombresymujeresdelacasa.com<\/a>, donde conocer\u00e1s a detalle las entrevistas que public\u00e1remos en la edici\u00f3n 2013.<\/p>\n<p>&nbsp;<\/p>\n<p style=\"text-align: center\">\u00a1<strong>No pierdas la oportunidad de adquirir este testimonio anual de la comunidad m\u00e1s importante del sector vivienda!<\/strong><\/p>\n","protected":false},"excerpt":{"rendered":"<p>&nbsp; Nos unimos a la campa\u00f1a y te ofrecemos 50% de descuento en la preventa del libro HyMdelaCasa 2014<\/p>\n","protected":false},"author":77,"featured_media":0,"comment_status":"open","ping_status":"closed","sticky":false,"template":"","format":"standard","meta":{"inline_featured_image":false,"footnotes":""},"categories":[80],"tags":[],"class_list":["post-12626","post","type-post","status-publish","format-standard","hentry","category-actualidad"],"yoast_head":"<!-- This site is optimized with the Yoast SEO plugin v28.4 - https:\/\/yoast.com\/product\/yoast-seo-wordpress\/ -->\n<title>\u00a1S\u00e1cale provecho al Buen Fin! -<\/title>\n<meta name=\"description\" content=\"&nbsp; Nos unimos a la campa\u00f1a y te ofrecemos 50% de descuento en la preventa del libro HyMdelaCasa 2014 &nbsp; Este viernes 14 de noviembre da inicio el\" \/>\n<meta name=\"robots\" content=\"index, follow, max-snippet:-1, max-image-preview:large, max-video-preview:-1\" \/>\n<link rel=\"canonical\" href=\"https:\/\/centrourbano.com\/revista\/actualidad\/este-viernes-inicia-el-buen-fin\/\" \/>\n<meta property=\"og:locale\" content=\"es_ES\" \/>\n<meta property=\"og:type\" content=\"article\" \/>\n<meta property=\"og:title\" content=\"\u00a1S\u00e1cale provecho al Buen Fin! -\" \/>\n<meta property=\"og:description\" content=\"&nbsp; Nos unimos a la campa\u00f1a y te ofrecemos 50% de descuento en la preventa del libro HyMdelaCasa 2014 &nbsp; Este viernes 14 de noviembre da inicio el\" \/>\n<meta property=\"og:url\" content=\"https:\/\/centrourbano.com\/revista\/actualidad\/este-viernes-inicia-el-buen-fin\/\" \/>\n<meta property=\"og:site_name\" content=\"Centro Urbano\" \/>\n<meta property=\"article:publisher\" content=\"https:\/\/www.facebook.com\/portalcentrourbano\" \/>\n<meta property=\"article:published_time\" content=\"2014-11-14T18:17:40+00:00\" \/>\n<meta property=\"article:modified_time\" content=\"2014-11-14T20:01:58+00:00\" \/>\n<meta property=\"og:image\" content=\"https:\/\/centrourbano.com\/revista\/wp-content\/uploads\/CU-logo.png\" \/>\n\t<meta property=\"og:image:width\" content=\"350\" \/>\n\t<meta property=\"og:image:height\" content=\"91\" \/>\n\t<meta property=\"og:image:type\" content=\"image\/png\" \/>\n<meta name=\"author\" content=\"G4A\" \/>\n<meta name=\"twitter:card\" content=\"summary_large_image\" \/>\n<meta name=\"twitter:creator\" content=\"@CentroUrbano\" \/>\n<meta name=\"twitter:site\" content=\"@CentroUrbano\" \/>\n<meta name=\"twitter:label1\" content=\"Escrito por\" \/>\n\t<meta name=\"twitter:data1\" content=\"G4A\" \/>\n\t<meta name=\"twitter:label2\" content=\"Tiempo de lectura\" \/>\n\t<meta name=\"twitter:data2\" content=\"2 minutos\" \/>\n<script type=\"application\/ld+json\" class=\"yoast-schema-graph\">{\"@context\":\"https:\\\/\\\/schema.org\",\"@graph\":[{\"@type\":\"Article\",\"@id\":\"https:\\\/\\\/centrourbano.com\\\/revista\\\/actualidad\\\/este-viernes-inicia-el-buen-fin\\\/#article\",\"isPartOf\":{\"@id\":\"https:\\\/\\\/centrourbano.com\\\/revista\\\/actualidad\\\/este-viernes-inicia-el-buen-fin\\\/\"},\"author\":{\"name\":\"G4A\",\"@id\":\"https:\\\/\\\/centrourbano.com\\\/revista\\\/#\\\/schema\\\/person\\\/370fa0ba2d8dd5bde3fdb8b62ad360aa\"},\"headline\":\"\u00a1S\u00e1cale provecho al Buen Fin!\",\"datePublished\":\"2014-11-14T18:17:40+00:00\",\"dateModified\":\"2014-11-14T20:01:58+00:00\",\"mainEntityOfPage\":{\"@id\":\"https:\\\/\\\/centrourbano.com\\\/revista\\\/actualidad\\\/este-viernes-inicia-el-buen-fin\\\/\"},\"wordCount\":356,\"commentCount\":0,\"publisher\":{\"@id\":\"https:\\\/\\\/centrourbano.com\\\/revista\\\/#organization\"},\"articleSection\":[\"Actualidad\"],\"inLanguage\":\"es\"},{\"@type\":\"WebPage\",\"@id\":\"https:\\\/\\\/centrourbano.com\\\/revista\\\/actualidad\\\/este-viernes-inicia-el-buen-fin\\\/\",\"url\":\"https:\\\/\\\/centrourbano.com\\\/revista\\\/actualidad\\\/este-viernes-inicia-el-buen-fin\\\/\",\"name\":\"\u00a1S\u00e1cale provecho al Buen Fin! -\",\"isPartOf\":{\"@id\":\"https:\\\/\\\/centrourbano.com\\\/revista\\\/#website\"},\"datePublished\":\"2014-11-14T18:17:40+00:00\",\"dateModified\":\"2014-11-14T20:01:58+00:00\",\"description\":\"&nbsp; Nos unimos a la campa\u00f1a y te ofrecemos 50% de descuento en la preventa del libro HyMdelaCasa 2014 &nbsp; Este viernes 14 de noviembre da inicio el\",\"breadcrumb\":{\"@id\":\"https:\\\/\\\/centrourbano.com\\\/revista\\\/actualidad\\\/este-viernes-inicia-el-buen-fin\\\/#breadcrumb\"},\"inLanguage\":\"es\",\"potentialAction\":[{\"@type\":\"ReadAction\",\"target\":[\"https:\\\/\\\/centrourbano.com\\\/revista\\\/actualidad\\\/este-viernes-inicia-el-buen-fin\\\/\"]}]},{\"@type\":\"BreadcrumbList\",\"@id\":\"https:\\\/\\\/centrourbano.com\\\/revista\\\/actualidad\\\/este-viernes-inicia-el-buen-fin\\\/#breadcrumb\",\"itemListElement\":[{\"@type\":\"ListItem\",\"position\":1,\"name\":\"Portada\",\"item\":\"https:\\\/\\\/centrourbano.com\\\/revista\\\/\"},{\"@type\":\"ListItem\",\"position\":2,\"name\":\"\u00a1S\u00e1cale provecho al Buen Fin!\"}]},{\"@type\":\"WebSite\",\"@id\":\"https:\\\/\\\/centrourbano.com\\\/revista\\\/#website\",\"url\":\"https:\\\/\\\/centrourbano.com\\\/revista\\\/\",\"name\":\"Centro Urbano\",\"description\":\"Medio especializado en los sectores vivienda, inmobiliario, construcci\u00f3n, arquitectura y urbanismo.\",\"publisher\":{\"@id\":\"https:\\\/\\\/centrourbano.com\\\/revista\\\/#organization\"},\"potentialAction\":[{\"@type\":\"SearchAction\",\"target\":{\"@type\":\"EntryPoint\",\"urlTemplate\":\"https:\\\/\\\/centrourbano.com\\\/revista\\\/?s={search_term_string}\"},\"query-input\":{\"@type\":\"PropertyValueSpecification\",\"valueRequired\":true,\"valueName\":\"search_term_string\"}}],\"inLanguage\":\"es\"},{\"@type\":\"Organization\",\"@id\":\"https:\\\/\\\/centrourbano.com\\\/revista\\\/#organization\",\"name\":\"Centro Urbano\",\"url\":\"https:\\\/\\\/centrourbano.com\\\/revista\\\/\",\"logo\":{\"@type\":\"ImageObject\",\"inLanguage\":\"es\",\"@id\":\"https:\\\/\\\/centrourbano.com\\\/revista\\\/#\\\/schema\\\/logo\\\/image\\\/\",\"url\":\"https:\\\/\\\/centrourbano.com\\\/revista\\\/wp-content\\\/uploads\\\/web_CU_logo-1.png\",\"contentUrl\":\"https:\\\/\\\/centrourbano.com\\\/revista\\\/wp-content\\\/uploads\\\/web_CU_logo-1.png\",\"width\":350,\"height\":91,\"caption\":\"Centro Urbano\"},\"image\":{\"@id\":\"https:\\\/\\\/centrourbano.com\\\/revista\\\/#\\\/schema\\\/logo\\\/image\\\/\"},\"sameAs\":[\"https:\\\/\\\/www.facebook.com\\\/portalcentrourbano\",\"https:\\\/\\\/x.com\\\/CentroUrbano\",\"https:\\\/\\\/www.instagram.com\\\/centro_urbano\\\/\",\"https:\\\/\\\/www.linkedin.com\\\/company\\\/centro-urbano\\\/\",\"http:\\\/\\\/www.youtube.com\\\/user\\\/portalcentrourbano\"]},{\"@type\":\"Person\",\"@id\":\"https:\\\/\\\/centrourbano.com\\\/revista\\\/#\\\/schema\\\/person\\\/370fa0ba2d8dd5bde3fdb8b62ad360aa\",\"name\":\"G4A\",\"image\":{\"@type\":\"ImageObject\",\"inLanguage\":\"es\",\"@id\":\"https:\\\/\\\/secure.gravatar.com\\\/avatar\\\/932a97121b13d5de5bbd8193c6c83d3b92c9eda0f39623607d4280e7a5778d97?s=96&d=mm&r=g\",\"url\":\"https:\\\/\\\/secure.gravatar.com\\\/avatar\\\/932a97121b13d5de5bbd8193c6c83d3b92c9eda0f39623607d4280e7a5778d97?s=96&d=mm&r=g\",\"contentUrl\":\"https:\\\/\\\/secure.gravatar.com\\\/avatar\\\/932a97121b13d5de5bbd8193c6c83d3b92c9eda0f39623607d4280e7a5778d97?s=96&d=mm&r=g\",\"caption\":\"G4A\"},\"url\":\"https:\\\/\\\/centrourbano.com\\\/revista\\\/author\\\/admin-g4a\\\/\"}]}<\/script>\n<!-- \/ Yoast SEO plugin. -->","yoast_head_json":{"title":"\u00a1S\u00e1cale provecho al Buen Fin! -","description":"&nbsp; Nos unimos a la campa\u00f1a y te ofrecemos 50% de descuento en la preventa del libro HyMdelaCasa 2014 &nbsp; Este viernes 14 de noviembre da inicio el","robots":{"index":"index","follow":"follow","max-snippet":"max-snippet:-1","max-image-preview":"max-image-preview:large","max-video-preview":"max-video-preview:-1"},"canonical":"https:\/\/centrourbano.com\/revista\/actualidad\/este-viernes-inicia-el-buen-fin\/","og_locale":"es_ES","og_type":"article","og_title":"\u00a1S\u00e1cale provecho al Buen Fin! -","og_description":"&nbsp; Nos unimos a la campa\u00f1a y te ofrecemos 50% de descuento en la preventa del libro HyMdelaCasa 2014 &nbsp; Este viernes 14 de noviembre da inicio el","og_url":"https:\/\/centrourbano.com\/revista\/actualidad\/este-viernes-inicia-el-buen-fin\/","og_site_name":"Centro Urbano","article_publisher":"https:\/\/www.facebook.com\/portalcentrourbano","article_published_time":"2014-11-14T18:17:40+00:00","article_modified_time":"2014-11-14T20:01:58+00:00","og_image":[{"width":350,"height":91,"url":"https:\/\/centrourbano.com\/revista\/wp-content\/uploads\/CU-logo.png","type":"image\/png"}],"author":"G4A","twitter_card":"summary_large_image","twitter_creator":"@CentroUrbano","twitter_site":"@CentroUrbano","twitter_misc":{"Escrito por":"G4A","Tiempo de lectura":"2 minutos"},"schema":{"@context":"https:\/\/schema.org","@graph":[{"@type":"Article","@id":"https:\/\/centrourbano.com\/revista\/actualidad\/este-viernes-inicia-el-buen-fin\/#article","isPartOf":{"@id":"https:\/\/centrourbano.com\/revista\/actualidad\/este-viernes-inicia-el-buen-fin\/"},"author":{"name":"G4A","@id":"https:\/\/centrourbano.com\/revista\/#\/schema\/person\/370fa0ba2d8dd5bde3fdb8b62ad360aa"},"headline":"\u00a1S\u00e1cale provecho al Buen Fin!","datePublished":"2014-11-14T18:17:40+00:00","dateModified":"2014-11-14T20:01:58+00:00","mainEntityOfPage":{"@id":"https:\/\/centrourbano.com\/revista\/actualidad\/este-viernes-inicia-el-buen-fin\/"},"wordCount":356,"commentCount":0,"publisher":{"@id":"https:\/\/centrourbano.com\/revista\/#organization"},"articleSection":["Actualidad"],"inLanguage":"es"},{"@type":"WebPage","@id":"https:\/\/centrourbano.com\/revista\/actualidad\/este-viernes-inicia-el-buen-fin\/","url":"https:\/\/centrourbano.com\/revista\/actualidad\/este-viernes-inicia-el-buen-fin\/","name":"\u00a1S\u00e1cale provecho al Buen Fin! -","isPartOf":{"@id":"https:\/\/centrourbano.com\/revista\/#website"},"datePublished":"2014-11-14T18:17:40+00:00","dateModified":"2014-11-14T20:01:58+00:00","description":"&nbsp; Nos unimos a la campa\u00f1a y te ofrecemos 50% de descuento en la preventa del libro HyMdelaCasa 2014 &nbsp; Este viernes 14 de noviembre da inicio el","breadcrumb":{"@id":"https:\/\/centrourbano.com\/revista\/actualidad\/este-viernes-inicia-el-buen-fin\/#breadcrumb"},"inLanguage":"es","potentialAction":[{"@type":"ReadAction","target":["https:\/\/centrourbano.com\/revista\/actualidad\/este-viernes-inicia-el-buen-fin\/"]}]},{"@type":"BreadcrumbList","@id":"https:\/\/centrourbano.com\/revista\/actualidad\/este-viernes-inicia-el-buen-fin\/#breadcrumb","itemListElement":[{"@type":"ListItem","position":1,"name":"Portada","item":"https:\/\/centrourbano.com\/revista\/"},{"@type":"ListItem","position":2,"name":"\u00a1S\u00e1cale provecho al Buen Fin!"}]},{"@type":"WebSite","@id":"https:\/\/centrourbano.com\/revista\/#website","url":"https:\/\/centrourbano.com\/revista\/","name":"Centro Urbano","description":"Medio especializado en los sectores vivienda, inmobiliario, construcci\u00f3n, arquitectura y urbanismo.","publisher":{"@id":"https:\/\/centrourbano.com\/revista\/#organization"},"potentialAction":[{"@type":"SearchAction","target":{"@type":"EntryPoint","urlTemplate":"https:\/\/centrourbano.com\/revista\/?s={search_term_string}"},"query-input":{"@type":"PropertyValueSpecification","valueRequired":true,"valueName":"search_term_string"}}],"inLanguage":"es"},{"@type":"Organization","@id":"https:\/\/centrourbano.com\/revista\/#organization","name":"Centro Urbano","url":"https:\/\/centrourbano.com\/revista\/","logo":{"@type":"ImageObject","inLanguage":"es","@id":"https:\/\/centrourbano.com\/revista\/#\/schema\/logo\/image\/","url":"https:\/\/centrourbano.com\/revista\/wp-content\/uploads\/web_CU_logo-1.png","contentUrl":"https:\/\/centrourbano.com\/revista\/wp-content\/uploads\/web_CU_logo-1.png","width":350,"height":91,"caption":"Centro Urbano"},"image":{"@id":"https:\/\/centrourbano.com\/revista\/#\/schema\/logo\/image\/"},"sameAs":["https:\/\/www.facebook.com\/portalcentrourbano","https:\/\/x.com\/CentroUrbano","https:\/\/www.instagram.com\/centro_urbano\/","https:\/\/www.linkedin.com\/company\/centro-urbano\/","http:\/\/www.youtube.com\/user\/portalcentrourbano"]},{"@type":"Person","@id":"https:\/\/centrourbano.com\/revista\/#\/schema\/person\/370fa0ba2d8dd5bde3fdb8b62ad360aa","name":"G4A","image":{"@type":"ImageObject","inLanguage":"es","@id":"https:\/\/secure.gravatar.com\/avatar\/932a97121b13d5de5bbd8193c6c83d3b92c9eda0f39623607d4280e7a5778d97?s=96&d=mm&r=g","url":"https:\/\/secure.gravatar.com\/avatar\/932a97121b13d5de5bbd8193c6c83d3b92c9eda0f39623607d4280e7a5778d97?s=96&d=mm&r=g","contentUrl":"https:\/\/secure.gravatar.com\/avatar\/932a97121b13d5de5bbd8193c6c83d3b92c9eda0f39623607d4280e7a5778d97?s=96&d=mm&r=g","caption":"G4A"},"url":"https:\/\/centrourbano.com\/revista\/author\/admin-g4a\/"}]}},"_links":{"self":[{"href":"https:\/\/centrourbano.com\/revista\/wp-json\/wp\/v2\/posts\/12626","targetHints":{"allow":["GET"]}}],"collection":[{"href":"https:\/\/centrourbano.com\/revista\/wp-json\/wp\/v2\/posts"}],"about":[{"href":"https:\/\/centrourbano.com\/revista\/wp-json\/wp\/v2\/types\/post"}],"author":[{"embeddable":true,"href":"https:\/\/centrourbano.com\/revista\/wp-json\/wp\/v2\/users\/77"}],"replies":[{"embeddable":true,"href":"https:\/\/centrourbano.com\/revista\/wp-json\/wp\/v2\/comments?post=12626"}],"version-history":[{"count":0,"href":"https:\/\/centrourbano.com\/revista\/wp-json\/wp\/v2\/posts\/12626\/revisions"}],"wp:attachment":[{"href":"https:\/\/centrourbano.com\/revista\/wp-json\/wp\/v2\/media?parent=12626"}],"wp:term":[{"taxonomy":"category","embeddable":true,"href":"https:\/\/centrourbano.com\/revista\/wp-json\/wp\/v2\/categories?post=12626"},{"taxonomy":"post_tag","embeddable":true,"href":"https:\/\/centrourbano.com\/revista\/wp-json\/wp\/v2\/tags?post=12626"}],"curies":[{"name":"wp","href":"https:\/\/api.w.org\/{rel}","templated":true}]}}