{"id":125928,"date":"2022-01-28T11:00:52","date_gmt":"2022-01-28T17:00:52","guid":{"rendered":"https:\/\/centrourbano.com\/?p=125928"},"modified":"2022-01-28T13:42:41","modified_gmt":"2022-01-28T19:42:41","slug":"mario-marques-asume-la-presidencia-de-asa-mexico","status":"publish","type":"post","link":"https:\/\/centrourbano.com\/revista\/vivienda\/mario-marques-asume-la-presidencia-de-asa-mexico\/","title":{"rendered":"Mario Marqu\u00e9s asume la presidencia de ASA M\u00e9xico"},"content":{"rendered":"<p><i>El nuevo Consejo Directivo de\u00a0ASA M\u00e9xico buscar\u00e1 cerrar filas con diversos actores para impulsar el reconocimiento de la figura del valuador profesional <\/i><!--more--><\/p>\n<p>La <strong>American Society Appraisers<\/strong> (ASA) Cap\u00edtulo M\u00e9xico tendr\u00e1 nuevo presidente para el periodo 2022-2024. Se trata de <strong>Mario Rafael Marqu\u00e9s Tapia<\/strong>, Director General de <strong>Valuaci\u00f3n Organizada<\/strong> (Valor) y Presidente del Consejo Consultivo de la <a href=\"https:\/\/centrourbano.com\/vivienda\/anuvac-cumple-15-anos-gestionando-el-sistema-de-valuacion-en-mexico\/\" target=\"_blank\" rel=\"noopener\">Asociaci\u00f3n Nacional de Unidades de Valuaci\u00f3n<\/a> (<strong>Anuvac<\/strong>).<\/p>\n<p>La toma protesta se llev\u00f3 a cabo este jueves de manera virtual. Junto a Mario Marqu\u00e9s, el Consejo Directivo que lo acompa\u00f1ar\u00e1 en este periodo tambi\u00e9n rindi\u00f3 protesta.<\/p>\n<p>En su mensaje luego de tomar el cargo, Marqu\u00e9s Tapia se dijo honrado de llegar a la Presidencia de esta importante organizaci\u00f3n. Enfatiz\u00f3 que ASA en su cap\u00edtulo M\u00e9xico se ha consolidado como una de las asociaciones m\u00e1s s\u00f3lidas y que m\u00e1s impulsa el avance del sector de la valuaci\u00f3n.<\/p>\n<h2>Planes para ASA M\u00e9xico<\/h2>\n<p>Mario Marqu\u00e9s plante\u00f3 las <strong>l\u00edneas de acci\u00f3n a seguir durante este bienio<\/strong>. El otrora Presidente de Anuvac destac\u00f3 que una de las prioridades por atender ser\u00e1 <strong>promover una mayor participaci\u00f3n de la Asociaci\u00f3n entre las autoridades y jugadores que regulan la actividad de los valaudores<\/strong>. En ese sentido, se\u00f1al\u00f3, se buscar\u00e1 estrechar lazos con colegios y asociaciones de diferentes especialidades en materia de valuaci\u00f3n, as\u00ed como involucradas en otras \u00e1reas de conocimiento.<\/p>\n<p>Otras de las l\u00edneas de acci\u00f3n, explic\u00f3 Marqu\u00e9s Tap\u00eda, ser\u00e1 la de <strong>potenciar los programas de capacitaci\u00f3n, actualizaci\u00f3n y certificaci\u00f3n<\/strong>. La meta, indic\u00f3, ser\u00e1 hacer eco de la calidad t\u00e9cnica y profesionalismo de quienes integran ASA.<\/p>\n<p>Aunado a lo anterior, Mario Marqu\u00e9s destac\u00f3 que se buscar\u00e1 un <strong>posicionamiento institucional<\/strong> a trav\u00e9s de participar de manera activa en foros y eventos. En este punto, dijo, uno de los elementos m\u00e1s importantes tiene que ver con involucrarse en los <strong>tr\u00e1mites<\/strong> y <strong>gestiones<\/strong> para detonar la <strong>profesionalizaci\u00f3n de los valuadores en M\u00e9xico<\/strong> y la regi\u00f3n de Am\u00e9rica Latina.<\/p>\n<blockquote><p>\u201cBuscaremos espec\u00edficamente el reconocimiento del valuador profesional, que en M\u00e9xico en algunas \u00e1reas como es el Indaabin, se le reconoce plenamente. Y tendr\u00edamos que ver que en otros \u00e1mbitos como el judicial, Y otros aspectos se le d\u00e9 peso al profesional t\u00e9cnico, con la capacidad, conocimiento. Vamos a tratar de reforzar eso y tambi\u00e9n todos los \u00e1mbitos: fiscal, mercantil, hipotecario, comercial; vamos a tratar de aportar nuestro peque\u00f1o grano de arena para que se pueda conseguir ese posicionamiento que cada d\u00eda requerimos m\u00e1s\u201d.<\/p><\/blockquote>\n<h4>Trabajo en conjunto<\/h4>\n<p>Marqu\u00e9s Tapia detall\u00f3 que el objetivo buscado ser\u00e1 <strong>reposicionar a ASA Cap\u00edtulo M\u00e9xic<\/strong>o como actor de primera nivel y a la vanguardia.<\/p>\n<p>Cabe destacar que la toma de protesta estuvo encabezada por <strong>Mauricio M\u00e1rquez Corona<\/strong>, presidente del <a href=\"https:\/\/twitter.com\/INDAABIN\" target=\"_blank\" rel=\"noopener\">Instituto de Administraci\u00f3n y Aval\u00faos de Bienes Nacionales<\/a> (Indaabin). En su mensaje, reiter\u00f3 la disposici\u00f3n para trabajar en equipo en pro del sector de la valuaci\u00f3n.<\/p>\n","protected":false},"excerpt":{"rendered":"<p>El nuevo Consejo Directivo de\u00a0ASA M\u00e9xico buscar\u00e1 cerrar filas con diversos actores para impulsar el reconocimiento de la figura del valuador profesional<\/p>\n","protected":false},"author":77,"featured_media":125929,"comment_status":"open","ping_status":"closed","sticky":false,"template":"","format":"standard","meta":{"inline_featured_image":false,"footnotes":""},"categories":[80,15,12],"tags":[21388,21387,6982],"class_list":["post-125928","post","type-post","status-publish","format-standard","has-post-thumbnail","hentry","category-actualidad","category-inmobiliario","category-vivienda","tag-american-society-appraisers","tag-asa-mexico","tag-mario-marques-tapia"],"yoast_head":"<!-- This site is optimized with the Yoast SEO plugin v28.4 - https:\/\/yoast.com\/product\/yoast-seo-wordpress\/ -->\n<title>Mario Marqu\u00e9s asume la presidencia de ASA M\u00e9xico<\/title>\n<meta name=\"description\" content=\"El nuevo Consejo Directivo de ASA M\u00e9xico buscar\u00e1 cerrar filas con diversos actores para impulsar el reconocimiento de la figura del valuador\" \/>\n<meta name=\"robots\" content=\"index, follow, max-snippet:-1, max-image-preview:large, max-video-preview:-1\" \/>\n<link rel=\"canonical\" href=\"https:\/\/centrourbano.com\/revista\/vivienda\/mario-marques-asume-la-presidencia-de-asa-mexico\/\" \/>\n<meta property=\"og:locale\" content=\"es_ES\" \/>\n<meta property=\"og:type\" content=\"article\" \/>\n<meta property=\"og:title\" content=\"Mario Marqu\u00e9s asume la presidencia de ASA M\u00e9xico\" \/>\n<meta property=\"og:description\" content=\"El nuevo Consejo Directivo de ASA M\u00e9xico buscar\u00e1 cerrar filas con diversos actores para impulsar el reconocimiento de la figura del valuador\" \/>\n<meta property=\"og:url\" content=\"https:\/\/centrourbano.com\/revista\/vivienda\/mario-marques-asume-la-presidencia-de-asa-mexico\/\" \/>\n<meta property=\"og:site_name\" content=\"Centro Urbano\" \/>\n<meta property=\"article:publisher\" content=\"https:\/\/www.facebook.com\/portalcentrourbano\" \/>\n<meta property=\"article:published_time\" content=\"2022-01-28T17:00:52+00:00\" \/>\n<meta property=\"article:modified_time\" content=\"2022-01-28T19:42:41+00:00\" \/>\n<meta property=\"og:image\" content=\"https:\/\/centrourbano.com\/revista\/wp-content\/uploads\/Mario-Marques-ASA-Toma-de-protesta-Centro-Urbano.jpg\" \/>\n\t<meta property=\"og:image:width\" content=\"800\" \/>\n\t<meta property=\"og:image:height\" content=\"800\" \/>\n\t<meta property=\"og:image:type\" content=\"image\/jpeg\" \/>\n<meta name=\"author\" content=\"G4A\" \/>\n<meta name=\"twitter:card\" content=\"summary_large_image\" \/>\n<meta name=\"twitter:creator\" content=\"@CentroUrbano\" \/>\n<meta name=\"twitter:site\" content=\"@CentroUrbano\" \/>\n<meta name=\"twitter:label1\" content=\"Escrito por\" \/>\n\t<meta name=\"twitter:data1\" content=\"G4A\" \/>\n\t<meta name=\"twitter:label2\" content=\"Tiempo de lectura\" \/>\n\t<meta name=\"twitter:data2\" content=\"3 minutos\" \/>\n<script type=\"application\/ld+json\" class=\"yoast-schema-graph\">{\"@context\":\"https:\\\/\\\/schema.org\",\"@graph\":[{\"@type\":\"Article\",\"@id\":\"https:\\\/\\\/centrourbano.com\\\/revista\\\/vivienda\\\/mario-marques-asume-la-presidencia-de-asa-mexico\\\/#article\",\"isPartOf\":{\"@id\":\"https:\\\/\\\/centrourbano.com\\\/revista\\\/vivienda\\\/mario-marques-asume-la-presidencia-de-asa-mexico\\\/\"},\"author\":{\"name\":\"G4A\",\"@id\":\"https:\\\/\\\/centrourbano.com\\\/revista\\\/#\\\/schema\\\/person\\\/370fa0ba2d8dd5bde3fdb8b62ad360aa\"},\"headline\":\"Mario Marqu\u00e9s asume la presidencia de ASA M\u00e9xico\",\"datePublished\":\"2022-01-28T17:00:52+00:00\",\"dateModified\":\"2022-01-28T19:42:41+00:00\",\"mainEntityOfPage\":{\"@id\":\"https:\\\/\\\/centrourbano.com\\\/revista\\\/vivienda\\\/mario-marques-asume-la-presidencia-de-asa-mexico\\\/\"},\"wordCount\":530,\"commentCount\":0,\"publisher\":{\"@id\":\"https:\\\/\\\/centrourbano.com\\\/revista\\\/#organization\"},\"image\":{\"@id\":\"https:\\\/\\\/centrourbano.com\\\/revista\\\/vivienda\\\/mario-marques-asume-la-presidencia-de-asa-mexico\\\/#primaryimage\"},\"thumbnailUrl\":\"https:\\\/\\\/centrourbano.com\\\/revista\\\/wp-content\\\/uploads\\\/Mario-Marques-ASA-Toma-de-protesta-Centro-Urbano.jpg\",\"keywords\":[\"American Society Appraisers\",\"ASA M\u00e9xico\",\"Mario Marqu\u00e9s Tapia\"],\"articleSection\":[\"Actualidad\",\"Inmobiliario\",\"Vivienda\"],\"inLanguage\":\"es\"},{\"@type\":\"WebPage\",\"@id\":\"https:\\\/\\\/centrourbano.com\\\/revista\\\/vivienda\\\/mario-marques-asume-la-presidencia-de-asa-mexico\\\/\",\"url\":\"https:\\\/\\\/centrourbano.com\\\/revista\\\/vivienda\\\/mario-marques-asume-la-presidencia-de-asa-mexico\\\/\",\"name\":\"Mario Marqu\u00e9s asume la presidencia de ASA M\u00e9xico\",\"isPartOf\":{\"@id\":\"https:\\\/\\\/centrourbano.com\\\/revista\\\/#website\"},\"primaryImageOfPage\":{\"@id\":\"https:\\\/\\\/centrourbano.com\\\/revista\\\/vivienda\\\/mario-marques-asume-la-presidencia-de-asa-mexico\\\/#primaryimage\"},\"image\":{\"@id\":\"https:\\\/\\\/centrourbano.com\\\/revista\\\/vivienda\\\/mario-marques-asume-la-presidencia-de-asa-mexico\\\/#primaryimage\"},\"thumbnailUrl\":\"https:\\\/\\\/centrourbano.com\\\/revista\\\/wp-content\\\/uploads\\\/Mario-Marques-ASA-Toma-de-protesta-Centro-Urbano.jpg\",\"datePublished\":\"2022-01-28T17:00:52+00:00\",\"dateModified\":\"2022-01-28T19:42:41+00:00\",\"description\":\"El nuevo Consejo Directivo de ASA M\u00e9xico buscar\u00e1 cerrar filas con diversos actores para impulsar el reconocimiento de la figura del valuador\",\"breadcrumb\":{\"@id\":\"https:\\\/\\\/centrourbano.com\\\/revista\\\/vivienda\\\/mario-marques-asume-la-presidencia-de-asa-mexico\\\/#breadcrumb\"},\"inLanguage\":\"es\",\"potentialAction\":[{\"@type\":\"ReadAction\",\"target\":[\"https:\\\/\\\/centrourbano.com\\\/revista\\\/vivienda\\\/mario-marques-asume-la-presidencia-de-asa-mexico\\\/\"]}]},{\"@type\":\"ImageObject\",\"inLanguage\":\"es\",\"@id\":\"https:\\\/\\\/centrourbano.com\\\/revista\\\/vivienda\\\/mario-marques-asume-la-presidencia-de-asa-mexico\\\/#primaryimage\",\"url\":\"https:\\\/\\\/centrourbano.com\\\/revista\\\/wp-content\\\/uploads\\\/Mario-Marques-ASA-Toma-de-protesta-Centro-Urbano.jpg\",\"contentUrl\":\"https:\\\/\\\/centrourbano.com\\\/revista\\\/wp-content\\\/uploads\\\/Mario-Marques-ASA-Toma-de-protesta-Centro-Urbano.jpg\",\"width\":800,\"height\":800,\"caption\":\"Mario Marqu\u00e9s - ASA - Toma de protesta - Centro Urbano\"},{\"@type\":\"BreadcrumbList\",\"@id\":\"https:\\\/\\\/centrourbano.com\\\/revista\\\/vivienda\\\/mario-marques-asume-la-presidencia-de-asa-mexico\\\/#breadcrumb\",\"itemListElement\":[{\"@type\":\"ListItem\",\"position\":1,\"name\":\"Portada\",\"item\":\"https:\\\/\\\/centrourbano.com\\\/revista\\\/\"},{\"@type\":\"ListItem\",\"position\":2,\"name\":\"Mario Marqu\u00e9s asume la presidencia de ASA M\u00e9xico\"}]},{\"@type\":\"WebSite\",\"@id\":\"https:\\\/\\\/centrourbano.com\\\/revista\\\/#website\",\"url\":\"https:\\\/\\\/centrourbano.com\\\/revista\\\/\",\"name\":\"Centro Urbano\",\"description\":\"Medio especializado en los sectores vivienda, inmobiliario, construcci\u00f3n, arquitectura y urbanismo.\",\"publisher\":{\"@id\":\"https:\\\/\\\/centrourbano.com\\\/revista\\\/#organization\"},\"potentialAction\":[{\"@type\":\"SearchAction\",\"target\":{\"@type\":\"EntryPoint\",\"urlTemplate\":\"https:\\\/\\\/centrourbano.com\\\/revista\\\/?s={search_term_string}\"},\"query-input\":{\"@type\":\"PropertyValueSpecification\",\"valueRequired\":true,\"valueName\":\"search_term_string\"}}],\"inLanguage\":\"es\"},{\"@type\":\"Organization\",\"@id\":\"https:\\\/\\\/centrourbano.com\\\/revista\\\/#organization\",\"name\":\"Centro Urbano\",\"url\":\"https:\\\/\\\/centrourbano.com\\\/revista\\\/\",\"logo\":{\"@type\":\"ImageObject\",\"inLanguage\":\"es\",\"@id\":\"https:\\\/\\\/centrourbano.com\\\/revista\\\/#\\\/schema\\\/logo\\\/image\\\/\",\"url\":\"https:\\\/\\\/centrourbano.com\\\/revista\\\/wp-content\\\/uploads\\\/web_CU_logo-1.png\",\"contentUrl\":\"https:\\\/\\\/centrourbano.com\\\/revista\\\/wp-content\\\/uploads\\\/web_CU_logo-1.png\",\"width\":350,\"height\":91,\"caption\":\"Centro Urbano\"},\"image\":{\"@id\":\"https:\\\/\\\/centrourbano.com\\\/revista\\\/#\\\/schema\\\/logo\\\/image\\\/\"},\"sameAs\":[\"https:\\\/\\\/www.facebook.com\\\/portalcentrourbano\",\"https:\\\/\\\/x.com\\\/CentroUrbano\",\"https:\\\/\\\/www.instagram.com\\\/centro_urbano\\\/\",\"https:\\\/\\\/www.linkedin.com\\\/company\\\/centro-urbano\\\/\",\"http:\\\/\\\/www.youtube.com\\\/user\\\/portalcentrourbano\"]},{\"@type\":\"Person\",\"@id\":\"https:\\\/\\\/centrourbano.com\\\/revista\\\/#\\\/schema\\\/person\\\/370fa0ba2d8dd5bde3fdb8b62ad360aa\",\"name\":\"G4A\",\"image\":{\"@type\":\"ImageObject\",\"inLanguage\":\"es\",\"@id\":\"https:\\\/\\\/secure.gravatar.com\\\/avatar\\\/932a97121b13d5de5bbd8193c6c83d3b92c9eda0f39623607d4280e7a5778d97?s=96&d=mm&r=g\",\"url\":\"https:\\\/\\\/secure.gravatar.com\\\/avatar\\\/932a97121b13d5de5bbd8193c6c83d3b92c9eda0f39623607d4280e7a5778d97?s=96&d=mm&r=g\",\"contentUrl\":\"https:\\\/\\\/secure.gravatar.com\\\/avatar\\\/932a97121b13d5de5bbd8193c6c83d3b92c9eda0f39623607d4280e7a5778d97?s=96&d=mm&r=g\",\"caption\":\"G4A\"},\"url\":\"https:\\\/\\\/centrourbano.com\\\/revista\\\/author\\\/admin-g4a\\\/\"}]}<\/script>\n<!-- \/ Yoast SEO plugin. -->","yoast_head_json":{"title":"Mario Marqu\u00e9s asume la presidencia de ASA M\u00e9xico","description":"El nuevo Consejo Directivo de ASA M\u00e9xico buscar\u00e1 cerrar filas con diversos actores para impulsar el reconocimiento de la figura del valuador","robots":{"index":"index","follow":"follow","max-snippet":"max-snippet:-1","max-image-preview":"max-image-preview:large","max-video-preview":"max-video-preview:-1"},"canonical":"https:\/\/centrourbano.com\/revista\/vivienda\/mario-marques-asume-la-presidencia-de-asa-mexico\/","og_locale":"es_ES","og_type":"article","og_title":"Mario Marqu\u00e9s asume la presidencia de ASA M\u00e9xico","og_description":"El nuevo Consejo Directivo de ASA M\u00e9xico buscar\u00e1 cerrar filas con diversos actores para impulsar el reconocimiento de la figura del valuador","og_url":"https:\/\/centrourbano.com\/revista\/vivienda\/mario-marques-asume-la-presidencia-de-asa-mexico\/","og_site_name":"Centro Urbano","article_publisher":"https:\/\/www.facebook.com\/portalcentrourbano","article_published_time":"2022-01-28T17:00:52+00:00","article_modified_time":"2022-01-28T19:42:41+00:00","og_image":[{"width":800,"height":800,"url":"https:\/\/centrourbano.com\/revista\/wp-content\/uploads\/Mario-Marques-ASA-Toma-de-protesta-Centro-Urbano.jpg","type":"image\/jpeg"}],"author":"G4A","twitter_card":"summary_large_image","twitter_creator":"@CentroUrbano","twitter_site":"@CentroUrbano","twitter_misc":{"Escrito por":"G4A","Tiempo de lectura":"3 minutos"},"schema":{"@context":"https:\/\/schema.org","@graph":[{"@type":"Article","@id":"https:\/\/centrourbano.com\/revista\/vivienda\/mario-marques-asume-la-presidencia-de-asa-mexico\/#article","isPartOf":{"@id":"https:\/\/centrourbano.com\/revista\/vivienda\/mario-marques-asume-la-presidencia-de-asa-mexico\/"},"author":{"name":"G4A","@id":"https:\/\/centrourbano.com\/revista\/#\/schema\/person\/370fa0ba2d8dd5bde3fdb8b62ad360aa"},"headline":"Mario Marqu\u00e9s asume la presidencia de ASA M\u00e9xico","datePublished":"2022-01-28T17:00:52+00:00","dateModified":"2022-01-28T19:42:41+00:00","mainEntityOfPage":{"@id":"https:\/\/centrourbano.com\/revista\/vivienda\/mario-marques-asume-la-presidencia-de-asa-mexico\/"},"wordCount":530,"commentCount":0,"publisher":{"@id":"https:\/\/centrourbano.com\/revista\/#organization"},"image":{"@id":"https:\/\/centrourbano.com\/revista\/vivienda\/mario-marques-asume-la-presidencia-de-asa-mexico\/#primaryimage"},"thumbnailUrl":"https:\/\/centrourbano.com\/revista\/wp-content\/uploads\/Mario-Marques-ASA-Toma-de-protesta-Centro-Urbano.jpg","keywords":["American Society Appraisers","ASA M\u00e9xico","Mario Marqu\u00e9s Tapia"],"articleSection":["Actualidad","Inmobiliario","Vivienda"],"inLanguage":"es"},{"@type":"WebPage","@id":"https:\/\/centrourbano.com\/revista\/vivienda\/mario-marques-asume-la-presidencia-de-asa-mexico\/","url":"https:\/\/centrourbano.com\/revista\/vivienda\/mario-marques-asume-la-presidencia-de-asa-mexico\/","name":"Mario Marqu\u00e9s asume la presidencia de ASA M\u00e9xico","isPartOf":{"@id":"https:\/\/centrourbano.com\/revista\/#website"},"primaryImageOfPage":{"@id":"https:\/\/centrourbano.com\/revista\/vivienda\/mario-marques-asume-la-presidencia-de-asa-mexico\/#primaryimage"},"image":{"@id":"https:\/\/centrourbano.com\/revista\/vivienda\/mario-marques-asume-la-presidencia-de-asa-mexico\/#primaryimage"},"thumbnailUrl":"https:\/\/centrourbano.com\/revista\/wp-content\/uploads\/Mario-Marques-ASA-Toma-de-protesta-Centro-Urbano.jpg","datePublished":"2022-01-28T17:00:52+00:00","dateModified":"2022-01-28T19:42:41+00:00","description":"El nuevo Consejo Directivo de ASA M\u00e9xico buscar\u00e1 cerrar filas con diversos actores para impulsar el reconocimiento de la figura del valuador","breadcrumb":{"@id":"https:\/\/centrourbano.com\/revista\/vivienda\/mario-marques-asume-la-presidencia-de-asa-mexico\/#breadcrumb"},"inLanguage":"es","potentialAction":[{"@type":"ReadAction","target":["https:\/\/centrourbano.com\/revista\/vivienda\/mario-marques-asume-la-presidencia-de-asa-mexico\/"]}]},{"@type":"ImageObject","inLanguage":"es","@id":"https:\/\/centrourbano.com\/revista\/vivienda\/mario-marques-asume-la-presidencia-de-asa-mexico\/#primaryimage","url":"https:\/\/centrourbano.com\/revista\/wp-content\/uploads\/Mario-Marques-ASA-Toma-de-protesta-Centro-Urbano.jpg","contentUrl":"https:\/\/centrourbano.com\/revista\/wp-content\/uploads\/Mario-Marques-ASA-Toma-de-protesta-Centro-Urbano.jpg","width":800,"height":800,"caption":"Mario Marqu\u00e9s - ASA - Toma de protesta - Centro Urbano"},{"@type":"BreadcrumbList","@id":"https:\/\/centrourbano.com\/revista\/vivienda\/mario-marques-asume-la-presidencia-de-asa-mexico\/#breadcrumb","itemListElement":[{"@type":"ListItem","position":1,"name":"Portada","item":"https:\/\/centrourbano.com\/revista\/"},{"@type":"ListItem","position":2,"name":"Mario Marqu\u00e9s asume la presidencia de ASA M\u00e9xico"}]},{"@type":"WebSite","@id":"https:\/\/centrourbano.com\/revista\/#website","url":"https:\/\/centrourbano.com\/revista\/","name":"Centro Urbano","description":"Medio especializado en los sectores vivienda, inmobiliario, construcci\u00f3n, arquitectura y urbanismo.","publisher":{"@id":"https:\/\/centrourbano.com\/revista\/#organization"},"potentialAction":[{"@type":"SearchAction","target":{"@type":"EntryPoint","urlTemplate":"https:\/\/centrourbano.com\/revista\/?s={search_term_string}"},"query-input":{"@type":"PropertyValueSpecification","valueRequired":true,"valueName":"search_term_string"}}],"inLanguage":"es"},{"@type":"Organization","@id":"https:\/\/centrourbano.com\/revista\/#organization","name":"Centro Urbano","url":"https:\/\/centrourbano.com\/revista\/","logo":{"@type":"ImageObject","inLanguage":"es","@id":"https:\/\/centrourbano.com\/revista\/#\/schema\/logo\/image\/","url":"https:\/\/centrourbano.com\/revista\/wp-content\/uploads\/web_CU_logo-1.png","contentUrl":"https:\/\/centrourbano.com\/revista\/wp-content\/uploads\/web_CU_logo-1.png","width":350,"height":91,"caption":"Centro Urbano"},"image":{"@id":"https:\/\/centrourbano.com\/revista\/#\/schema\/logo\/image\/"},"sameAs":["https:\/\/www.facebook.com\/portalcentrourbano","https:\/\/x.com\/CentroUrbano","https:\/\/www.instagram.com\/centro_urbano\/","https:\/\/www.linkedin.com\/company\/centro-urbano\/","http:\/\/www.youtube.com\/user\/portalcentrourbano"]},{"@type":"Person","@id":"https:\/\/centrourbano.com\/revista\/#\/schema\/person\/370fa0ba2d8dd5bde3fdb8b62ad360aa","name":"G4A","image":{"@type":"ImageObject","inLanguage":"es","@id":"https:\/\/secure.gravatar.com\/avatar\/932a97121b13d5de5bbd8193c6c83d3b92c9eda0f39623607d4280e7a5778d97?s=96&d=mm&r=g","url":"https:\/\/secure.gravatar.com\/avatar\/932a97121b13d5de5bbd8193c6c83d3b92c9eda0f39623607d4280e7a5778d97?s=96&d=mm&r=g","contentUrl":"https:\/\/secure.gravatar.com\/avatar\/932a97121b13d5de5bbd8193c6c83d3b92c9eda0f39623607d4280e7a5778d97?s=96&d=mm&r=g","caption":"G4A"},"url":"https:\/\/centrourbano.com\/revista\/author\/admin-g4a\/"}]}},"_links":{"self":[{"href":"https:\/\/centrourbano.com\/revista\/wp-json\/wp\/v2\/posts\/125928","targetHints":{"allow":["GET"]}}],"collection":[{"href":"https:\/\/centrourbano.com\/revista\/wp-json\/wp\/v2\/posts"}],"about":[{"href":"https:\/\/centrourbano.com\/revista\/wp-json\/wp\/v2\/types\/post"}],"author":[{"embeddable":true,"href":"https:\/\/centrourbano.com\/revista\/wp-json\/wp\/v2\/users\/77"}],"replies":[{"embeddable":true,"href":"https:\/\/centrourbano.com\/revista\/wp-json\/wp\/v2\/comments?post=125928"}],"version-history":[{"count":3,"href":"https:\/\/centrourbano.com\/revista\/wp-json\/wp\/v2\/posts\/125928\/revisions"}],"predecessor-version":[{"id":125935,"href":"https:\/\/centrourbano.com\/revista\/wp-json\/wp\/v2\/posts\/125928\/revisions\/125935"}],"wp:featuredmedia":[{"embeddable":true,"href":"https:\/\/centrourbano.com\/revista\/wp-json\/wp\/v2\/media\/125929"}],"wp:attachment":[{"href":"https:\/\/centrourbano.com\/revista\/wp-json\/wp\/v2\/media?parent=125928"}],"wp:term":[{"taxonomy":"category","embeddable":true,"href":"https:\/\/centrourbano.com\/revista\/wp-json\/wp\/v2\/categories?post=125928"},{"taxonomy":"post_tag","embeddable":true,"href":"https:\/\/centrourbano.com\/revista\/wp-json\/wp\/v2\/tags?post=125928"}],"curies":[{"name":"wp","href":"https:\/\/api.w.org\/{rel}","templated":true}]}}